{"id":167873,"date":"2026-06-17T08:00:00","date_gmt":"2026-06-17T05:00:00","guid":{"rendered":"https:\/\/epochtimestr.com\/?p=167873"},"modified":"2026-06-19T18:37:26","modified_gmt":"2026-06-19T15:37:26","slug":"karanlik-mor","status":"publish","type":"post","link":"https:\/\/epochtimestr.com\/index.php\/karanlik-mor","title":{"rendered":"Karanl\u0131k Mor"},"content":{"rendered":"\n<p>Gidiyorum, bilmedi\u011fim yerlerden ge\u00e7iyorum. Ayaklar\u0131m \u00e7apraz, kollar\u0131m orans\u0131z ilerliyorum. Ben her \u015feye de\u011fil her \u015fey bana geliyor. \u00c7ok derin dipleri, \u00e7ok y\u00fcksek zirveleri olan \u0131\u015f\u0131k seli, \u00f6l\u00e7\u00fclemeyecek yo\u011funluk ve kal\u0131nl\u0131kta buhar bulutlar\u0131, k\u0131r\u0131lamayacak sertlikte buz da\u011flar\u0131 i\u00e7inden ge\u00e7iyorum, y\u00f6ns\u00fcz. Ayd\u0131nl\u0131k \u00e7ok fazla, renkler bildi\u011fim tonlardan \u00e7ok farkl\u0131, g\u00f6z\u00fcm\u00fc kedi gibi t\u0131rmal\u0131yor. Beynimdeki kanallardan, en h\u0131zl\u0131dan daha h\u0131zl\u0131 gidiyor \u0131\u015f\u0131k, kendi h\u0131z\u0131ndan kat kat fazla kay\u0131yor. Duygular\u0131m, d\u00fc\u015f\u00fcncelerim k\u00f6r topal, bir arpa boyundayken bile ka\u00e7 tur yemi\u015f ve bir yerlere sinmi\u015f durumda.<\/p>\n\n\n\n<p>Anne ve k\u0131z\u0131 iki di\u015fi k\u00f6pe\u011fim birbirlerine \u00fcst\u00fcnl\u00fck sa\u011flama derdinde. H\u0131\u015f h\u0131\u015f\u2026 O onun \u00fcst\u00fcne atl\u0131yor sonra di\u011feri. Tecav\u00fcz taklidi yap\u0131yorlar ve mutlular.<\/p>\n\n\n\n<p>I\u015f\u0131klar son h\u0131zla ve en deli tonlar\u0131nda g\u00f6zlerime dolu\u015fuyorlar. V\u0131z\u0131r v\u0131z\u0131r. Sonra karanl\u0131k. Zifiri de de\u011fil alaca da de\u011fil. Hi\u00e7 bir \u015fey g\u00f6rmesem, karanl\u0131\u011fa g\u00f6m\u00fclsem, yollar bo\u015falacak, dinlenece\u011fim. Ses yok, \u0131\u015f\u0131k yok san\u0131rken ama nas\u0131l bir karanl\u0131k, t\u00fcm kurulu sistemi \u00e7\u00f6kerten bir morluk. Her \u015fey mosmor. Mor cisimler cirit at\u0131yor. Duygular, d\u00fc\u015f\u00fcnceler, mor mor i\u011fneleniyor. \u0130\u00e7 y\u00fczey delik de\u015fik, mor delikler \u00e7o\u011fal\u0131yor. Her \u015fey geliyor an&#8217;\u0131 bende ya\u015famaya. Ayaklar\u0131m bende de\u011fil, kollar\u0131m bir a\u011fa\u00e7 dal\u0131nda sallan\u0131yor, kans\u0131z ve sararm\u0131\u015f. Kumanda merkezi esir, u\u011fultu derinle\u015fiyor en k\u00fc\u00e7\u00fck h\u00fccreye do\u011fru. Ve milyonlarca h\u00fccre morar\u0131yor.<\/p>\n\n\n\n<p>\u0130lkbaharda ekti\u011fim \u00e7i\u00e7ek tohumlar\u0131 \u00e7imlenip b\u00fcy\u00fcd\u00fc, reng\u00e2renk a\u00e7t\u0131, her g\u00fcn suluyorum. Yanlar\u0131na oturup nazl\u0131 nazl\u0131 sal\u0131n\u0131mlar\u0131n\u0131 ya\u015f\u0131yorum, renklerini duyuyorum. Yapmay\u0131n, etmeyin, \u00e7i\u00e7eklerimin rengiyle oynamay\u0131n, seslerini de\u011fi\u015ftirmeyin.<\/p>\n\n\n\n<p>K\u00f6peklerin h\u0131\u015f h\u0131\u015f dilleri sarkm\u0131\u015f. Hala yorulmad\u0131lar, tecav\u00fcz oyununa devam. \u0130lk defa argo bir s\u00f6zc\u00fck kullan\u0131yorum.<\/p>\n\n\n\n<p>\u0130nsanlar ak\u0131llan\u0131yor ben z\u0131vanadan \u00e7\u0131k\u0131yorum. \u0130nsanlar kurallara uyuyor, ben uymuyorum. \u0130nsanlar ay\u0131k, ben leyla. \u0130nsanlar okuyor, ben kitaplar\u0131m\u0131 y\u0131rt\u0131p h\u0131nc\u0131m\u0131 al\u0131yorum. &#8220;Beni niye fazla ayd\u0131nlatt\u0131n\u0131z?&#8221; Zormu\u015f. Hem de akla hayale gelmeyecek kadar zormu\u015f. \u00c7o\u011funlu\u011fun do\u011fru sand\u0131\u011f\u0131 yanl\u0131\u015flara, b\u00f6yle gelmi\u015f b\u00f6yle giderlere direnmek, ak\u0131nt\u0131ya kar\u015f\u0131 k\u00fcrek \u00e7ekmek.<\/p>\n\n\n\n<p>&#8220;G\u00f6\u00e7 yolda d\u00fczelir.&#8221; Yast\u0131\u011f\u0131na yaslan\u0131p, ba\u015f\u0131 sonu belli olmayan r\u00fcyalar g\u00f6rmek ve yaz\u0131lar yazmak.<\/p>\n\n\n\n<p>Ye\u015fili \u00e7\u00fcr\u00fctmek. G\u00f6ky\u00fcz\u00fcne, denizlere ve okyanuslara mavi bakmak. Zaman\u0131 sarartmak. Olmayan \u0131\u015f\u0131klar\u0131n kar\u015f\u0131s\u0131na ge\u00e7ip arkas\u0131nda g\u00f6lge aramak. \u00c7ok uzun diye yola \u00e7\u0131k\u0131p, g\u00f6z a\u00e7\u0131p kapay\u0131ncaya kadarl\u0131k zamana s\u0131\u011fd\u0131rd\u0131\u011f\u0131m\u0131z e\u011fri b\u00fc\u011fr\u00fc ya\u015fam\u0131, &#8220;Ya\u015fad\u0131m, oldu.&#8221; sanmak.<\/p>\n","protected":false},"excerpt":{"rendered":"<p>Gidiyorum, bilmedi\u011fim yerlerden ge\u00e7iyorum. Ayaklar\u0131m \u00e7apraz, kollar\u0131m orans\u0131z ilerliyorum. Ben her \u015feye de\u011fil her \u015fey bana geliyor. \u00c7ok derin dipleri, \u00e7ok y\u00fcksek zirveleri olan \u0131\u015f\u0131k seli, \u00f6l\u00e7\u00fclemeyecek yo\u011funluk ve kal\u0131nl\u0131kta buhar bulutlar\u0131, k\u0131r\u0131lamayacak sertlikte buz da\u011flar\u0131 i\u00e7inden ge\u00e7iyorum, y\u00f6ns\u00fcz. Ayd\u0131nl\u0131k \u00e7ok fazla, renkler bildi\u011fim tonlardan \u00e7ok farkl\u0131, g\u00f6z\u00fcm\u00fc kedi gibi t\u0131rmal\u0131yor. Beynimdeki kanallardan, en h\u0131zl\u0131dan [&hellip;]<\/p>\n","protected":false},"author":14014,"featured_media":167543,"comment_status":"open","ping_status":"open","sticky":false,"template":"","format":"standard","meta":{"_yoast_wpseo_focuskw":"mor","_yoast_wpseo_title":"","_yoast_wpseo_metadesc":"Gidiyorum, bilmedi\u011fim yerlerden ge\u00e7iyorum. Ayaklar\u0131m \u00e7apraz, kollar\u0131m orans\u0131z ilerliyorum. Ben her \u015feye de\u011fil her \u015fey bana geliyor.","_bbp_topic_count":0,"_bbp_reply_count":0,"_bbp_total_topic_count":0,"_bbp_total_reply_count":0,"_bbp_voice_count":0,"_bbp_anonymous_reply_count":0,"_bbp_topic_count_hidden":0,"_bbp_reply_count_hidden":0,"_bbp_forum_subforum_count":0,"footnotes":"","_yoast_wpseo_focuskw_text_input":""},"categories":[11464],"tags":[],"yoast_head":"<!-- This site is optimized with the Yoast SEO plugin v23.0 - https:\/\/yoast.com\/wordpress\/plugins\/seo\/ -->\n<title>Karanl\u0131k Mor - The Epoch Times TR<\/title>\n<meta name=\"description\" content=\"Gidiyorum, bilmedi\u011fim yerlerden ge\u00e7iyorum. Ayaklar\u0131m \u00e7apraz, kollar\u0131m orans\u0131z ilerliyorum. Ben her \u015feye de\u011fil her \u015fey bana geliyor.\" \/>\n<meta name=\"robots\" content=\"index, follow, max-snippet:-1, max-image-preview:large, max-video-preview:-1\" \/>\n<link rel=\"canonical\" href=\"https:\/\/epochtimestr.com\/index.php\/karanlik-mor\" \/>\n<meta property=\"og:locale\" content=\"tr_TR\" \/>\n<meta property=\"og:type\" content=\"article\" \/>\n<meta property=\"og:title\" content=\"Karanl\u0131k Mor - The Epoch Times TR\" \/>\n<meta property=\"og:description\" content=\"Gidiyorum, bilmedi\u011fim yerlerden ge\u00e7iyorum. Ayaklar\u0131m \u00e7apraz, kollar\u0131m orans\u0131z ilerliyorum. Ben her \u015feye de\u011fil her \u015fey bana geliyor.\" \/>\n<meta property=\"og:url\" content=\"https:\/\/epochtimestr.com\/index.php\/karanlik-mor\" \/>\n<meta property=\"og:site_name\" content=\"The Epoch Times TR\" \/>\n<meta property=\"article:publisher\" content=\"https:\/\/www.facebook.com\/theepochtimestr\" \/>\n<meta property=\"article:published_time\" content=\"2026-06-17T05:00:00+00:00\" \/>\n<meta property=\"article:modified_time\" content=\"2026-06-19T15:37:26+00:00\" \/>\n<meta property=\"og:image\" content=\"https:\/\/epochtimestr.com\/wp-content\/uploads\/2011y\/Kemal-KIRMIZI-SM.jpg\" \/>\n\t<meta property=\"og:image:width\" content=\"1200\" \/>\n\t<meta property=\"og:image:height\" content=\"630\" \/>\n\t<meta property=\"og:image:type\" content=\"image\/jpeg\" \/>\n<meta name=\"author\" content=\"Kemal K\u0131rm\u0131z\u0131\" \/>\n<meta name=\"twitter:card\" content=\"summary_large_image\" \/>\n<meta name=\"twitter:creator\" content=\"@TheEpochTimesTR\" \/>\n<meta name=\"twitter:site\" content=\"@TheEpochTimesTR\" \/>\n<meta name=\"twitter:label1\" content=\"Yazan:\" \/>\n\t<meta name=\"twitter:data1\" content=\"Kemal K\u0131rm\u0131z\u0131\" \/>\n\t<meta name=\"twitter:label2\" content=\"Tahmini okuma s\u00fcresi\" \/>\n\t<meta name=\"twitter:data2\" content=\"3 dakika\" \/>\n<script type=\"application\/ld+json\" class=\"yoast-schema-graph\">{\"@context\":\"https:\/\/schema.org\",\"@graph\":[{\"@type\":\"Article\",\"@id\":\"https:\/\/epochtimestr.com\/index.php\/karanlik-mor#article\",\"isPartOf\":{\"@id\":\"https:\/\/epochtimestr.com\/index.php\/karanlik-mor\"},\"author\":{\"name\":\"Kemal K\u0131rm\u0131z\u0131\",\"@id\":\"https:\/\/epochtimestr.com\/#\/schema\/person\/de93b34838de3b9cf1568fef49b786d3\"},\"headline\":\"Karanl\u0131k Mor\",\"datePublished\":\"2026-06-17T05:00:00+00:00\",\"dateModified\":\"2026-06-19T15:37:26+00:00\",\"mainEntityOfPage\":{\"@id\":\"https:\/\/epochtimestr.com\/index.php\/karanlik-mor\"},\"wordCount\":501,\"commentCount\":7,\"publisher\":{\"@id\":\"https:\/\/epochtimestr.com\/#organization\"},\"image\":{\"@id\":\"https:\/\/epochtimestr.com\/index.php\/karanlik-mor#primaryimage\"},\"thumbnailUrl\":\"https:\/\/epochtimestr.com\/wp-content\/uploads\/2011y\/Kemal-Kirmizi-Profil.png\",\"articleSection\":[\"K\u00f6\u015fe Yaz\u0131lar\u0131 Kemal K\u0131rm\u0131z\u0131\"],\"inLanguage\":\"tr\",\"potentialAction\":[{\"@type\":\"CommentAction\",\"name\":\"Comment\",\"target\":[\"https:\/\/epochtimestr.com\/index.php\/karanlik-mor#respond\"]}]},{\"@type\":\"WebPage\",\"@id\":\"https:\/\/epochtimestr.com\/index.php\/karanlik-mor\",\"url\":\"https:\/\/epochtimestr.com\/index.php\/karanlik-mor\",\"name\":\"Karanl\u0131k Mor - The Epoch Times TR\",\"isPartOf\":{\"@id\":\"https:\/\/epochtimestr.com\/#website\"},\"primaryImageOfPage\":{\"@id\":\"https:\/\/epochtimestr.com\/index.php\/karanlik-mor#primaryimage\"},\"image\":{\"@id\":\"https:\/\/epochtimestr.com\/index.php\/karanlik-mor#primaryimage\"},\"thumbnailUrl\":\"https:\/\/epochtimestr.com\/wp-content\/uploads\/2011y\/Kemal-Kirmizi-Profil.png\",\"datePublished\":\"2026-06-17T05:00:00+00:00\",\"dateModified\":\"2026-06-19T15:37:26+00:00\",\"description\":\"Gidiyorum, bilmedi\u011fim yerlerden ge\u00e7iyorum. Ayaklar\u0131m \u00e7apraz, kollar\u0131m orans\u0131z ilerliyorum. Ben her \u015feye de\u011fil her \u015fey bana geliyor.\",\"inLanguage\":\"tr\",\"potentialAction\":[{\"@type\":\"ReadAction\",\"target\":[\"https:\/\/epochtimestr.com\/index.php\/karanlik-mor\"]}]},{\"@type\":\"ImageObject\",\"inLanguage\":\"tr\",\"@id\":\"https:\/\/epochtimestr.com\/index.php\/karanlik-mor#primaryimage\",\"url\":\"https:\/\/epochtimestr.com\/wp-content\/uploads\/2011y\/Kemal-Kirmizi-Profil.png\",\"contentUrl\":\"https:\/\/epochtimestr.com\/wp-content\/uploads\/2011y\/Kemal-Kirmizi-Profil.png\",\"width\":600,\"height\":600},{\"@type\":\"WebSite\",\"@id\":\"https:\/\/epochtimestr.com\/#website\",\"url\":\"https:\/\/epochtimestr.com\/\",\"name\":\"The Epoch Times TR\",\"description\":\"De\u011fi\u015fen D\u00fcnyam\u0131za Taze Bir Bak\u0131\u015f\",\"publisher\":{\"@id\":\"https:\/\/epochtimestr.com\/#organization\"},\"potentialAction\":[{\"@type\":\"SearchAction\",\"target\":{\"@type\":\"EntryPoint\",\"urlTemplate\":\"https:\/\/epochtimestr.com\/?s={search_term_string}\"},\"query-input\":\"required name=search_term_string\"}],\"inLanguage\":\"tr\"},{\"@type\":\"Organization\",\"@id\":\"https:\/\/epochtimestr.com\/#organization\",\"name\":\"The EpochTimes T\u00fcrkiye\",\"url\":\"https:\/\/epochtimestr.com\/\",\"logo\":{\"@type\":\"ImageObject\",\"inLanguage\":\"tr\",\"@id\":\"https:\/\/epochtimestr.com\/#\/schema\/logo\/image\/\",\"url\":\"https:\/\/epochtimestr.com\/wp-content\/uploads\/2011y\/ET-Logo-YG.jpg\",\"contentUrl\":\"https:\/\/epochtimestr.com\/wp-content\/uploads\/2011y\/ET-Logo-YG.jpg\",\"width\":346,\"height\":29,\"caption\":\"The EpochTimes T\u00fcrkiye\"},\"image\":{\"@id\":\"https:\/\/epochtimestr.com\/#\/schema\/logo\/image\/\"},\"sameAs\":[\"https:\/\/www.facebook.com\/theepochtimestr\",\"https:\/\/x.com\/TheEpochTimesTR\",\"https:\/\/www.instagram.com\/epochtimestr\"]},{\"@type\":\"Person\",\"@id\":\"https:\/\/epochtimestr.com\/#\/schema\/person\/de93b34838de3b9cf1568fef49b786d3\",\"name\":\"Kemal K\u0131rm\u0131z\u0131\",\"image\":{\"@type\":\"ImageObject\",\"inLanguage\":\"tr\",\"@id\":\"https:\/\/epochtimestr.com\/#\/schema\/person\/image\/\",\"url\":\"https:\/\/secure.gravatar.com\/avatar\/e99bdb2e05638e0a06bbe2847468ec66?s=96&d=mm&r=g\",\"contentUrl\":\"https:\/\/secure.gravatar.com\/avatar\/e99bdb2e05638e0a06bbe2847468ec66?s=96&d=mm&r=g\",\"caption\":\"Kemal K\u0131rm\u0131z\u0131\"},\"url\":\"https:\/\/epochtimestr.com\/index.php\/author\/kemal\"}]}<\/script>\n<!-- \/ Yoast SEO plugin. -->","yoast_head_json":{"title":"Karanl\u0131k Mor - The Epoch Times TR","description":"Gidiyorum, bilmedi\u011fim yerlerden ge\u00e7iyorum. Ayaklar\u0131m \u00e7apraz, kollar\u0131m orans\u0131z ilerliyorum. Ben her \u015feye de\u011fil her \u015fey bana geliyor.","robots":{"index":"index","follow":"follow","max-snippet":"max-snippet:-1","max-image-preview":"max-image-preview:large","max-video-preview":"max-video-preview:-1"},"canonical":"https:\/\/epochtimestr.com\/index.php\/karanlik-mor","og_locale":"tr_TR","og_type":"article","og_title":"Karanl\u0131k Mor - The Epoch Times TR","og_description":"Gidiyorum, bilmedi\u011fim yerlerden ge\u00e7iyorum. Ayaklar\u0131m \u00e7apraz, kollar\u0131m orans\u0131z ilerliyorum. Ben her \u015feye de\u011fil her \u015fey bana geliyor.","og_url":"https:\/\/epochtimestr.com\/index.php\/karanlik-mor","og_site_name":"The Epoch Times TR","article_publisher":"https:\/\/www.facebook.com\/theepochtimestr","article_published_time":"2026-06-17T05:00:00+00:00","article_modified_time":"2026-06-19T15:37:26+00:00","og_image":[{"width":1200,"height":630,"url":"https:\/\/epochtimestr.com\/wp-content\/uploads\/2011y\/Kemal-KIRMIZI-SM.jpg","type":"image\/jpeg"}],"author":"Kemal K\u0131rm\u0131z\u0131","twitter_card":"summary_large_image","twitter_creator":"@TheEpochTimesTR","twitter_site":"@TheEpochTimesTR","twitter_misc":{"Yazan:":"Kemal K\u0131rm\u0131z\u0131","Tahmini okuma s\u00fcresi":"3 dakika"},"schema":{"@context":"https:\/\/schema.org","@graph":[{"@type":"Article","@id":"https:\/\/epochtimestr.com\/index.php\/karanlik-mor#article","isPartOf":{"@id":"https:\/\/epochtimestr.com\/index.php\/karanlik-mor"},"author":{"name":"Kemal K\u0131rm\u0131z\u0131","@id":"https:\/\/epochtimestr.com\/#\/schema\/person\/de93b34838de3b9cf1568fef49b786d3"},"headline":"Karanl\u0131k Mor","datePublished":"2026-06-17T05:00:00+00:00","dateModified":"2026-06-19T15:37:26+00:00","mainEntityOfPage":{"@id":"https:\/\/epochtimestr.com\/index.php\/karanlik-mor"},"wordCount":501,"commentCount":7,"publisher":{"@id":"https:\/\/epochtimestr.com\/#organization"},"image":{"@id":"https:\/\/epochtimestr.com\/index.php\/karanlik-mor#primaryimage"},"thumbnailUrl":"https:\/\/epochtimestr.com\/wp-content\/uploads\/2011y\/Kemal-Kirmizi-Profil.png","articleSection":["K\u00f6\u015fe Yaz\u0131lar\u0131 Kemal K\u0131rm\u0131z\u0131"],"inLanguage":"tr","potentialAction":[{"@type":"CommentAction","name":"Comment","target":["https:\/\/epochtimestr.com\/index.php\/karanlik-mor#respond"]}]},{"@type":"WebPage","@id":"https:\/\/epochtimestr.com\/index.php\/karanlik-mor","url":"https:\/\/epochtimestr.com\/index.php\/karanlik-mor","name":"Karanl\u0131k Mor - The Epoch Times TR","isPartOf":{"@id":"https:\/\/epochtimestr.com\/#website"},"primaryImageOfPage":{"@id":"https:\/\/epochtimestr.com\/index.php\/karanlik-mor#primaryimage"},"image":{"@id":"https:\/\/epochtimestr.com\/index.php\/karanlik-mor#primaryimage"},"thumbnailUrl":"https:\/\/epochtimestr.com\/wp-content\/uploads\/2011y\/Kemal-Kirmizi-Profil.png","datePublished":"2026-06-17T05:00:00+00:00","dateModified":"2026-06-19T15:37:26+00:00","description":"Gidiyorum, bilmedi\u011fim yerlerden ge\u00e7iyorum. Ayaklar\u0131m \u00e7apraz, kollar\u0131m orans\u0131z ilerliyorum. Ben her \u015feye de\u011fil her \u015fey bana geliyor.","inLanguage":"tr","potentialAction":[{"@type":"ReadAction","target":["https:\/\/epochtimestr.com\/index.php\/karanlik-mor"]}]},{"@type":"ImageObject","inLanguage":"tr","@id":"https:\/\/epochtimestr.com\/index.php\/karanlik-mor#primaryimage","url":"https:\/\/epochtimestr.com\/wp-content\/uploads\/2011y\/Kemal-Kirmizi-Profil.png","contentUrl":"https:\/\/epochtimestr.com\/wp-content\/uploads\/2011y\/Kemal-Kirmizi-Profil.png","width":600,"height":600},{"@type":"WebSite","@id":"https:\/\/epochtimestr.com\/#website","url":"https:\/\/epochtimestr.com\/","name":"The Epoch Times TR","description":"De\u011fi\u015fen D\u00fcnyam\u0131za Taze Bir Bak\u0131\u015f","publisher":{"@id":"https:\/\/epochtimestr.com\/#organization"},"potentialAction":[{"@type":"SearchAction","target":{"@type":"EntryPoint","urlTemplate":"https:\/\/epochtimestr.com\/?s={search_term_string}"},"query-input":"required name=search_term_string"}],"inLanguage":"tr"},{"@type":"Organization","@id":"https:\/\/epochtimestr.com\/#organization","name":"The EpochTimes T\u00fcrkiye","url":"https:\/\/epochtimestr.com\/","logo":{"@type":"ImageObject","inLanguage":"tr","@id":"https:\/\/epochtimestr.com\/#\/schema\/logo\/image\/","url":"https:\/\/epochtimestr.com\/wp-content\/uploads\/2011y\/ET-Logo-YG.jpg","contentUrl":"https:\/\/epochtimestr.com\/wp-content\/uploads\/2011y\/ET-Logo-YG.jpg","width":346,"height":29,"caption":"The EpochTimes T\u00fcrkiye"},"image":{"@id":"https:\/\/epochtimestr.com\/#\/schema\/logo\/image\/"},"sameAs":["https:\/\/www.facebook.com\/theepochtimestr","https:\/\/x.com\/TheEpochTimesTR","https:\/\/www.instagram.com\/epochtimestr"]},{"@type":"Person","@id":"https:\/\/epochtimestr.com\/#\/schema\/person\/de93b34838de3b9cf1568fef49b786d3","name":"Kemal K\u0131rm\u0131z\u0131","image":{"@type":"ImageObject","inLanguage":"tr","@id":"https:\/\/epochtimestr.com\/#\/schema\/person\/image\/","url":"https:\/\/secure.gravatar.com\/avatar\/e99bdb2e05638e0a06bbe2847468ec66?s=96&d=mm&r=g","contentUrl":"https:\/\/secure.gravatar.com\/avatar\/e99bdb2e05638e0a06bbe2847468ec66?s=96&d=mm&r=g","caption":"Kemal K\u0131rm\u0131z\u0131"},"url":"https:\/\/epochtimestr.com\/index.php\/author\/kemal"}]}},"_links":{"self":[{"href":"https:\/\/epochtimestr.com\/index.php\/wp-json\/wp\/v2\/posts\/167873"}],"collection":[{"href":"https:\/\/epochtimestr.com\/index.php\/wp-json\/wp\/v2\/posts"}],"about":[{"href":"https:\/\/epochtimestr.com\/index.php\/wp-json\/wp\/v2\/types\/post"}],"author":[{"embeddable":true,"href":"https:\/\/epochtimestr.com\/index.php\/wp-json\/wp\/v2\/users\/14014"}],"replies":[{"embeddable":true,"href":"https:\/\/epochtimestr.com\/index.php\/wp-json\/wp\/v2\/comments?post=167873"}],"version-history":[{"count":2,"href":"https:\/\/epochtimestr.com\/index.php\/wp-json\/wp\/v2\/posts\/167873\/revisions"}],"predecessor-version":[{"id":167919,"href":"https:\/\/epochtimestr.com\/index.php\/wp-json\/wp\/v2\/posts\/167873\/revisions\/167919"}],"wp:featuredmedia":[{"embeddable":true,"href":"https:\/\/epochtimestr.com\/index.php\/wp-json\/wp\/v2\/media\/167543"}],"wp:attachment":[{"href":"https:\/\/epochtimestr.com\/index.php\/wp-json\/wp\/v2\/media?parent=167873"}],"wp:term":[{"taxonomy":"category","embeddable":true,"href":"https:\/\/epochtimestr.com\/index.php\/wp-json\/wp\/v2\/categories?post=167873"},{"taxonomy":"post_tag","embeddable":true,"href":"https:\/\/epochtimestr.com\/index.php\/wp-json\/wp\/v2\/tags?post=167873"}],"curies":[{"name":"wp","href":"https:\/\/api.w.org\/{rel}","templated":true}]}}