{"id":167875,"date":"2026-06-16T18:11:42","date_gmt":"2026-06-16T15:11:42","guid":{"rendered":"https:\/\/epochtimestr.com\/?p=167875"},"modified":"2026-06-16T18:14:38","modified_gmt":"2026-06-16T15:14:38","slug":"turkiye-avrupanin-coplugu-degildir","status":"publish","type":"post","link":"https:\/\/epochtimestr.com\/index.php\/turkiye-avrupanin-coplugu-degildir","title":{"rendered":"T\u00fcrkiye Avrupa&#8217;n\u0131n \u00c7\u00f6pl\u00fc\u011f\u00fc De\u011fildir"},"content":{"rendered":"\n<p>Biz Mersin\u2019de eskisi gibi denize girmek istiyoruz. Maalesef denize girmek m\u00fcmk\u00fcn de\u011fil. Mersin kumsallar\u0131, denizin y\u00fcz\u00fc, naylon po\u015fet k\u0131r\u0131nt\u0131lar\u0131yla kapl\u0131. Akdeniz, plastik at\u0131k denizi olmu\u015f durumda.<\/p>\n\n\n\n<p>Deniz kirlili\u011fini art\u0131k rakamlardan de\u011fil, ya\u015fayarak g\u00f6r\u00fcyoruz. Bir zamanlar masmavi g\u00f6r\u00fcnt\u00fcs\u00fcyle insan\u0131 b\u00fcy\u00fcleyen sahillerimizde deniz y\u00fczeyinde biriken at\u0131klar\u0131 g\u00f6rmek, insan\u0131n i\u00e7ini ac\u0131t\u0131yor. Dalgalar sanki do\u011fan\u0131n yard\u0131m \u00e7\u0131\u011fl\u0131\u011f\u0131 gibi, bu kirlili\u011fi k\u0131y\u0131ya atarak denizi temizlemeye \u00e7al\u0131\u015f\u0131yor. Ancak do\u011fan\u0131n tek ba\u015f\u0131na verdi\u011fi bu m\u00fccadele yeterli olmuyor.<\/p>\n\n\n\n<div class=\"wp-block-columns is-layout-flex wp-container-core-columns-is-layout-1 wp-block-columns-is-layout-flex\">\n<div class=\"wp-block-column is-layout-flow wp-block-column-is-layout-flow\"><div class=\"wp-block-image\">\n<figure class=\"aligncenter size-large is-resized\"><img loading=\"lazy\" decoding=\"async\" width=\"1021\" height=\"1200\" src=\"https:\/\/epochtimestr.com\/wp-content\/uploads\/2011y\/signal-2026-06-16-080040-2-1021x1200.jpeg\" alt=\"\" class=\"wp-image-167879\" style=\"width:393px;height:auto\" srcset=\"https:\/\/epochtimestr.com\/wp-content\/uploads\/2011y\/signal-2026-06-16-080040-2-1021x1200.jpeg 1021w, https:\/\/epochtimestr.com\/wp-content\/uploads\/2011y\/signal-2026-06-16-080040-2-255x300.jpeg 255w, https:\/\/epochtimestr.com\/wp-content\/uploads\/2011y\/signal-2026-06-16-080040-2-128x150.jpeg 128w, https:\/\/epochtimestr.com\/wp-content\/uploads\/2011y\/signal-2026-06-16-080040-2-768x902.jpeg 768w, https:\/\/epochtimestr.com\/wp-content\/uploads\/2011y\/signal-2026-06-16-080040-2.jpeg 1046w\" sizes=\"(max-width: 1021px) 100vw, 1021px\" \/><figcaption class=\"wp-element-caption\">Foto\u011fraflar: \u015eerife Eser<\/figcaption><\/figure><\/div><\/div>\n\n\n\n<div class=\"wp-block-column is-layout-flow wp-block-column-is-layout-flow\"><div class=\"wp-block-image\">\n<figure class=\"aligncenter size-full is-resized\"><img loading=\"lazy\" decoding=\"async\" width=\"1080\" height=\"1196\" src=\"https:\/\/epochtimestr.com\/wp-content\/uploads\/2011y\/signal-2026-06-16-080029.jpeg\" alt=\"\" class=\"wp-image-167877\" style=\"width:416px;height:auto\" srcset=\"https:\/\/epochtimestr.com\/wp-content\/uploads\/2011y\/signal-2026-06-16-080029.jpeg 1080w, https:\/\/epochtimestr.com\/wp-content\/uploads\/2011y\/signal-2026-06-16-080029-271x300.jpeg 271w, https:\/\/epochtimestr.com\/wp-content\/uploads\/2011y\/signal-2026-06-16-080029-135x150.jpeg 135w, https:\/\/epochtimestr.com\/wp-content\/uploads\/2011y\/signal-2026-06-16-080029-768x850.jpeg 768w\" sizes=\"(max-width: 1080px) 100vw, 1080px\" \/><\/figure><\/div><\/div>\n<\/div>\n\n\n\n<p>Son y\u0131llarda \u00e7evre konusunda ya\u015fanan geli\u015fmeler, gelece\u011fimiz ad\u0131na endi\u015fe verici boyutlara ula\u015fm\u0131\u015ft\u0131r.<\/p>\n\n\n\n<h3 class=\"wp-block-heading\">Greenpeace T\u00fcrkiye A\u00e7\u0131klamas\u0131<\/h3>\n\n\n\n<p>A\u00e7\u0131klanan verilere g\u00f6re, Avrupa Birli\u011fi \u00fclkelerinden T\u00fcrkiye&#8217;ye g\u00f6nderilen plastik at\u0131k miktar\u0131 2025 y\u0131l\u0131nda bir \u00f6nceki y\u0131la g\u00f6re y\u00fczde 19 artarak 503 bin tona y\u00fckselmi\u015ftir.<\/p>\n\n\n\n<p>Bu rakam yaln\u0131zca bir istatistik de\u011fildir; topra\u011f\u0131m\u0131z\u0131n, denizimizin, ormanlar\u0131m\u0131z\u0131n ve ya\u015fam alanlar\u0131m\u0131z\u0131n kar\u015f\u0131 kar\u015f\u0131ya kald\u0131\u011f\u0131 b\u00fcy\u00fck tehlikenin a\u00e7\u0131k bir g\u00f6stergesidir.<\/p>\n\n\n\n<p>Sorun yaln\u0131zca denizlerimizle de s\u0131n\u0131rl\u0131 de\u011fildir. Her yaz mevsiminde \u00fclkemizin farkl\u0131 b\u00f6lgelerinde \u00e7\u0131kan orman yang\u0131nlar\u0131, binlerce hektarl\u0131k ye\u015fil alan\u0131 yok ediyor. Ormanlarla birlikte say\u0131s\u0131z canl\u0131 t\u00fcr\u00fc de ya\u015fam alanlar\u0131n\u0131 kaybediyor. Y\u00fczlerce y\u0131ll\u0131k a\u011fa\u00e7lar, birka\u00e7 saat i\u00e7inde k\u00fcle d\u00f6n\u00fc\u015f\u00fcyor. Yanan sadece a\u011fa\u00e7lar de\u011fil; gelece\u011fimiz, nefesimiz ve do\u011fal zenginliklerimizdir.<\/p>\n\n\n\n<p>Bir ba\u015fka \u00e7evre sorunu ise kontrols\u00fcz madencilik faaliyetleridir. Da\u011flar delik de\u015fik edilmekte, su kaynaklar\u0131 zarar g\u00f6rmekte ve ekolojik denge bozulmaktad\u0131r. Bir kez yok edilen do\u011fal kaynaklar\u0131n geri kazan\u0131lmas\u0131 \u00e7o\u011fu zaman m\u00fcmk\u00fcn olmamaktad\u0131r. K\u0131sa vadeli ekonomik kazan\u00e7lar u\u011fruna gelecek nesillerin ya\u015fam hakk\u0131n\u0131 tehlikeye atmak, hi\u00e7bir toplumun kabul edebilece\u011fi bir anlay\u0131\u015f de\u011fildir.<\/p>\n\n\n\n<p>\u00d6te yandan \u015fehirlerimizin durumu da i\u00e7 a\u00e7\u0131c\u0131 de\u011fildir. Sokaklara, parklara, sahillere ve ye\u015fil alanlara b\u0131rak\u0131lan \u00e7\u00f6pler, \u00e7evre bilincinin yeterince geli\u015fmedi\u011fini g\u00f6stermektedir. Ne yaz\u0131k ki \u00e7evreyi korumak yaln\u0131zca devlet kurumlar\u0131n\u0131n g\u00f6revi de\u011fildir. Bu sorumluluk hepimize aittir. \u00c7\u00fcnk\u00fc do\u011fa hepimizin ortak evidir.<\/p>\n\n\n\n<p>Bug\u00fcn kar\u015f\u0131 kar\u015f\u0131ya oldu\u011fumuz \u00e7evre sorunlar\u0131, art\u0131k ertelenebilecek meseleler de\u011fildir. Denizlerimizi, ormanlar\u0131m\u0131z\u0131, da\u011flar\u0131m\u0131z\u0131 ve su kaynaklar\u0131m\u0131z\u0131 korumak zorunday\u0131z. Plastik at\u0131k ithalat\u0131 yeniden g\u00f6zden ge\u00e7irilmeli, geri d\u00f6n\u00fc\u015f\u00fcm politikalar\u0131 g\u00fc\u00e7lendirilmeli ve \u00e7evreyi kirleten uygulamalara kar\u015f\u0131 daha kararl\u0131 ad\u0131mlar at\u0131lmal\u0131d\u0131r.<\/p>\n\n\n\n<p>Unutmamal\u0131y\u0131z ki bize miras kalan bu g\u00fczel \u00fclke, yaln\u0131zca bug\u00fcn\u00fcn de\u011fil yar\u0131n\u0131n da emanetidir. Temiz bir \u00e7evre, sa\u011fl\u0131kl\u0131 bir toplumun temel \u015fart\u0131d\u0131r. E\u011fer bug\u00fcn gerekli \u00f6nlemleri almazsak, yar\u0131n \u00e7ocuklar\u0131m\u0131za b\u0131rakaca\u011f\u0131m\u0131z en b\u00fcy\u00fck miras, betonla\u015fm\u0131\u015f \u015fehirler, kirlenmi\u015f denizler ve t\u00fckenmi\u015f do\u011fal kaynaklar olacakt\u0131r.<\/p>\n\n\n\n<p>T\u00fcrkiye Avrupa&#8217;n\u0131n \u00e7\u00f6pl\u00fc\u011f\u00fc de\u011fildir. T\u00fcrkiye masmavi denizleri, bereketli topraklar\u0131, yemye\u015fil ormanlar\u0131 ve e\u015fsiz do\u011fal g\u00fczellikleriyle korunmay\u0131 hak eden, b\u00fcy\u00fck bir \u00fclkedir. Do\u011faya sahip \u00e7\u0131kmak, asl\u0131nda gelece\u011fimize sahip \u00e7\u0131kmakt\u0131r.<\/p>\n","protected":false},"excerpt":{"rendered":"<p>Biz Mersin\u2019de eskisi gibi denize girmek istiyoruz. Maalesef denize girmek m\u00fcmk\u00fcn de\u011fil. Mersin kumsallar\u0131, denizin y\u00fcz\u00fc, naylon po\u015fet k\u0131r\u0131nt\u0131lar\u0131yla kapl\u0131. Akdeniz, plastik at\u0131k denizi olmu\u015f durumda. Deniz kirlili\u011fini art\u0131k rakamlardan de\u011fil, ya\u015fayarak g\u00f6r\u00fcyoruz. Bir zamanlar masmavi g\u00f6r\u00fcnt\u00fcs\u00fcyle insan\u0131 b\u00fcy\u00fcleyen sahillerimizde deniz y\u00fczeyinde biriken at\u0131klar\u0131 g\u00f6rmek, insan\u0131n i\u00e7ini ac\u0131t\u0131yor. Dalgalar sanki do\u011fan\u0131n yard\u0131m \u00e7\u0131\u011fl\u0131\u011f\u0131 gibi, bu [&hellip;]<\/p>\n","protected":false},"author":13998,"featured_media":160116,"comment_status":"open","ping_status":"open","sticky":false,"template":"","format":"standard","meta":{"_yoast_wpseo_focuskw":"Avrupa'n\u0131n \u00e7\u00f6pl\u00fc\u011f\u00fc","_yoast_wpseo_title":"","_yoast_wpseo_metadesc":"Mersin kumsallar\u0131, denizin y\u00fcz\u00fc, naylon po\u015fet k\u0131r\u0131nt\u0131lar\u0131yla kapl\u0131. Akdeniz, plastik at\u0131k denizi olmu\u015f durumda.","_bbp_topic_count":0,"_bbp_reply_count":0,"_bbp_total_topic_count":0,"_bbp_total_reply_count":0,"_bbp_voice_count":0,"_bbp_anonymous_reply_count":0,"_bbp_topic_count_hidden":0,"_bbp_reply_count_hidden":0,"_bbp_forum_subforum_count":0,"footnotes":"","_yoast_wpseo_focuskw_text_input":""},"categories":[8889],"tags":[],"yoast_head":"<!-- This site is optimized with the Yoast SEO plugin v23.0 - https:\/\/yoast.com\/wordpress\/plugins\/seo\/ -->\n<title>T\u00fcrkiye Avrupa&#039;n\u0131n \u00c7\u00f6pl\u00fc\u011f\u00fc De\u011fildir - The Epoch Times TR<\/title>\n<meta name=\"description\" content=\"Mersin kumsallar\u0131, denizin y\u00fcz\u00fc, naylon po\u015fet k\u0131r\u0131nt\u0131lar\u0131yla kapl\u0131. Akdeniz, plastik at\u0131k denizi olmu\u015f durumda.\" \/>\n<meta name=\"robots\" content=\"index, follow, max-snippet:-1, max-image-preview:large, max-video-preview:-1\" \/>\n<link rel=\"canonical\" href=\"https:\/\/epochtimestr.com\/index.php\/turkiye-avrupanin-coplugu-degildir\" \/>\n<meta property=\"og:locale\" content=\"tr_TR\" \/>\n<meta property=\"og:type\" content=\"article\" \/>\n<meta property=\"og:title\" content=\"T\u00fcrkiye Avrupa&#039;n\u0131n \u00c7\u00f6pl\u00fc\u011f\u00fc De\u011fildir - The Epoch Times TR\" \/>\n<meta property=\"og:description\" content=\"Mersin kumsallar\u0131, denizin y\u00fcz\u00fc, naylon po\u015fet k\u0131r\u0131nt\u0131lar\u0131yla kapl\u0131. Akdeniz, plastik at\u0131k denizi olmu\u015f durumda.\" \/>\n<meta property=\"og:url\" content=\"https:\/\/epochtimestr.com\/index.php\/turkiye-avrupanin-coplugu-degildir\" \/>\n<meta property=\"og:site_name\" content=\"The Epoch Times TR\" \/>\n<meta property=\"article:publisher\" content=\"https:\/\/www.facebook.com\/theepochtimestr\" \/>\n<meta property=\"article:published_time\" content=\"2026-06-16T15:11:42+00:00\" \/>\n<meta property=\"article:modified_time\" content=\"2026-06-16T15:14:38+00:00\" \/>\n<meta property=\"og:image\" content=\"https:\/\/epochtimestr.com\/wp-content\/uploads\/2011y\/SERIFE-ESER-SM.png\" \/>\n\t<meta property=\"og:image:width\" content=\"1200\" \/>\n\t<meta property=\"og:image:height\" content=\"630\" \/>\n\t<meta property=\"og:image:type\" content=\"image\/png\" \/>\n<meta name=\"author\" content=\"\u015eerife Eser\" \/>\n<meta name=\"twitter:card\" content=\"summary_large_image\" \/>\n<meta name=\"twitter:creator\" content=\"@TheEpochTimesTR\" \/>\n<meta name=\"twitter:site\" content=\"@TheEpochTimesTR\" \/>\n<meta name=\"twitter:label1\" content=\"Yazan:\" \/>\n\t<meta name=\"twitter:data1\" content=\"\u015eerife Eser\" \/>\n\t<meta name=\"twitter:label2\" content=\"Tahmini okuma s\u00fcresi\" \/>\n\t<meta name=\"twitter:data2\" content=\"3 dakika\" \/>\n<script type=\"application\/ld+json\" class=\"yoast-schema-graph\">{\"@context\":\"https:\/\/schema.org\",\"@graph\":[{\"@type\":\"Article\",\"@id\":\"https:\/\/epochtimestr.com\/index.php\/turkiye-avrupanin-coplugu-degildir#article\",\"isPartOf\":{\"@id\":\"https:\/\/epochtimestr.com\/index.php\/turkiye-avrupanin-coplugu-degildir\"},\"author\":{\"name\":\"\u015eerife Eser\",\"@id\":\"https:\/\/epochtimestr.com\/#\/schema\/person\/82b65a1390e2b0717a679b57ed38d466\"},\"headline\":\"T\u00fcrkiye Avrupa&#8217;n\u0131n \u00c7\u00f6pl\u00fc\u011f\u00fc De\u011fildir\",\"datePublished\":\"2026-06-16T15:11:42+00:00\",\"dateModified\":\"2026-06-16T15:14:38+00:00\",\"mainEntityOfPage\":{\"@id\":\"https:\/\/epochtimestr.com\/index.php\/turkiye-avrupanin-coplugu-degildir\"},\"wordCount\":591,\"commentCount\":0,\"publisher\":{\"@id\":\"https:\/\/epochtimestr.com\/#organization\"},\"image\":{\"@id\":\"https:\/\/epochtimestr.com\/index.php\/turkiye-avrupanin-coplugu-degildir#primaryimage\"},\"thumbnailUrl\":\"https:\/\/epochtimestr.com\/wp-content\/uploads\/2011y\/Serife-Eser-Profil-1.png\",\"articleSection\":[\"K\u00f6\u015fe Yaz\u0131lar\u0131 \u015eerife Eser\"],\"inLanguage\":\"tr\",\"potentialAction\":[{\"@type\":\"CommentAction\",\"name\":\"Comment\",\"target\":[\"https:\/\/epochtimestr.com\/index.php\/turkiye-avrupanin-coplugu-degildir#respond\"]}]},{\"@type\":\"WebPage\",\"@id\":\"https:\/\/epochtimestr.com\/index.php\/turkiye-avrupanin-coplugu-degildir\",\"url\":\"https:\/\/epochtimestr.com\/index.php\/turkiye-avrupanin-coplugu-degildir\",\"name\":\"T\u00fcrkiye Avrupa'n\u0131n \u00c7\u00f6pl\u00fc\u011f\u00fc De\u011fildir - The Epoch Times TR\",\"isPartOf\":{\"@id\":\"https:\/\/epochtimestr.com\/#website\"},\"primaryImageOfPage\":{\"@id\":\"https:\/\/epochtimestr.com\/index.php\/turkiye-avrupanin-coplugu-degildir#primaryimage\"},\"image\":{\"@id\":\"https:\/\/epochtimestr.com\/index.php\/turkiye-avrupanin-coplugu-degildir#primaryimage\"},\"thumbnailUrl\":\"https:\/\/epochtimestr.com\/wp-content\/uploads\/2011y\/Serife-Eser-Profil-1.png\",\"datePublished\":\"2026-06-16T15:11:42+00:00\",\"dateModified\":\"2026-06-16T15:14:38+00:00\",\"description\":\"Mersin kumsallar\u0131, denizin y\u00fcz\u00fc, naylon po\u015fet k\u0131r\u0131nt\u0131lar\u0131yla kapl\u0131. Akdeniz, plastik at\u0131k denizi olmu\u015f durumda.\",\"inLanguage\":\"tr\",\"potentialAction\":[{\"@type\":\"ReadAction\",\"target\":[\"https:\/\/epochtimestr.com\/index.php\/turkiye-avrupanin-coplugu-degildir\"]}]},{\"@type\":\"ImageObject\",\"inLanguage\":\"tr\",\"@id\":\"https:\/\/epochtimestr.com\/index.php\/turkiye-avrupanin-coplugu-degildir#primaryimage\",\"url\":\"https:\/\/epochtimestr.com\/wp-content\/uploads\/2011y\/Serife-Eser-Profil-1.png\",\"contentUrl\":\"https:\/\/epochtimestr.com\/wp-content\/uploads\/2011y\/Serife-Eser-Profil-1.png\",\"width\":600,\"height\":600},{\"@type\":\"WebSite\",\"@id\":\"https:\/\/epochtimestr.com\/#website\",\"url\":\"https:\/\/epochtimestr.com\/\",\"name\":\"The Epoch Times TR\",\"description\":\"De\u011fi\u015fen D\u00fcnyam\u0131za Taze Bir Bak\u0131\u015f\",\"publisher\":{\"@id\":\"https:\/\/epochtimestr.com\/#organization\"},\"potentialAction\":[{\"@type\":\"SearchAction\",\"target\":{\"@type\":\"EntryPoint\",\"urlTemplate\":\"https:\/\/epochtimestr.com\/?s={search_term_string}\"},\"query-input\":\"required name=search_term_string\"}],\"inLanguage\":\"tr\"},{\"@type\":\"Organization\",\"@id\":\"https:\/\/epochtimestr.com\/#organization\",\"name\":\"The EpochTimes T\u00fcrkiye\",\"url\":\"https:\/\/epochtimestr.com\/\",\"logo\":{\"@type\":\"ImageObject\",\"inLanguage\":\"tr\",\"@id\":\"https:\/\/epochtimestr.com\/#\/schema\/logo\/image\/\",\"url\":\"https:\/\/epochtimestr.com\/wp-content\/uploads\/2011y\/ET-Logo-YG.jpg\",\"contentUrl\":\"https:\/\/epochtimestr.com\/wp-content\/uploads\/2011y\/ET-Logo-YG.jpg\",\"width\":346,\"height\":29,\"caption\":\"The EpochTimes T\u00fcrkiye\"},\"image\":{\"@id\":\"https:\/\/epochtimestr.com\/#\/schema\/logo\/image\/\"},\"sameAs\":[\"https:\/\/www.facebook.com\/theepochtimestr\",\"https:\/\/x.com\/TheEpochTimesTR\",\"https:\/\/www.instagram.com\/epochtimestr\"]},{\"@type\":\"Person\",\"@id\":\"https:\/\/epochtimestr.com\/#\/schema\/person\/82b65a1390e2b0717a679b57ed38d466\",\"name\":\"\u015eerife Eser\",\"image\":{\"@type\":\"ImageObject\",\"inLanguage\":\"tr\",\"@id\":\"https:\/\/epochtimestr.com\/#\/schema\/person\/image\/\",\"url\":\"https:\/\/secure.gravatar.com\/avatar\/240b2d469e089f3ae0f677fcc7925228?s=96&d=mm&r=g\",\"contentUrl\":\"https:\/\/secure.gravatar.com\/avatar\/240b2d469e089f3ae0f677fcc7925228?s=96&d=mm&r=g\",\"caption\":\"\u015eerife Eser\"},\"url\":\"https:\/\/epochtimestr.com\/index.php\/author\/serife\"}]}<\/script>\n<!-- \/ Yoast SEO plugin. -->","yoast_head_json":{"title":"T\u00fcrkiye Avrupa'n\u0131n \u00c7\u00f6pl\u00fc\u011f\u00fc De\u011fildir - The Epoch Times TR","description":"Mersin kumsallar\u0131, denizin y\u00fcz\u00fc, naylon po\u015fet k\u0131r\u0131nt\u0131lar\u0131yla kapl\u0131. Akdeniz, plastik at\u0131k denizi olmu\u015f durumda.","robots":{"index":"index","follow":"follow","max-snippet":"max-snippet:-1","max-image-preview":"max-image-preview:large","max-video-preview":"max-video-preview:-1"},"canonical":"https:\/\/epochtimestr.com\/index.php\/turkiye-avrupanin-coplugu-degildir","og_locale":"tr_TR","og_type":"article","og_title":"T\u00fcrkiye Avrupa'n\u0131n \u00c7\u00f6pl\u00fc\u011f\u00fc De\u011fildir - The Epoch Times TR","og_description":"Mersin kumsallar\u0131, denizin y\u00fcz\u00fc, naylon po\u015fet k\u0131r\u0131nt\u0131lar\u0131yla kapl\u0131. Akdeniz, plastik at\u0131k denizi olmu\u015f durumda.","og_url":"https:\/\/epochtimestr.com\/index.php\/turkiye-avrupanin-coplugu-degildir","og_site_name":"The Epoch Times TR","article_publisher":"https:\/\/www.facebook.com\/theepochtimestr","article_published_time":"2026-06-16T15:11:42+00:00","article_modified_time":"2026-06-16T15:14:38+00:00","og_image":[{"width":1200,"height":630,"url":"https:\/\/epochtimestr.com\/wp-content\/uploads\/2011y\/SERIFE-ESER-SM.png","type":"image\/png"}],"author":"\u015eerife Eser","twitter_card":"summary_large_image","twitter_creator":"@TheEpochTimesTR","twitter_site":"@TheEpochTimesTR","twitter_misc":{"Yazan:":"\u015eerife Eser","Tahmini okuma s\u00fcresi":"3 dakika"},"schema":{"@context":"https:\/\/schema.org","@graph":[{"@type":"Article","@id":"https:\/\/epochtimestr.com\/index.php\/turkiye-avrupanin-coplugu-degildir#article","isPartOf":{"@id":"https:\/\/epochtimestr.com\/index.php\/turkiye-avrupanin-coplugu-degildir"},"author":{"name":"\u015eerife Eser","@id":"https:\/\/epochtimestr.com\/#\/schema\/person\/82b65a1390e2b0717a679b57ed38d466"},"headline":"T\u00fcrkiye Avrupa&#8217;n\u0131n \u00c7\u00f6pl\u00fc\u011f\u00fc De\u011fildir","datePublished":"2026-06-16T15:11:42+00:00","dateModified":"2026-06-16T15:14:38+00:00","mainEntityOfPage":{"@id":"https:\/\/epochtimestr.com\/index.php\/turkiye-avrupanin-coplugu-degildir"},"wordCount":591,"commentCount":0,"publisher":{"@id":"https:\/\/epochtimestr.com\/#organization"},"image":{"@id":"https:\/\/epochtimestr.com\/index.php\/turkiye-avrupanin-coplugu-degildir#primaryimage"},"thumbnailUrl":"https:\/\/epochtimestr.com\/wp-content\/uploads\/2011y\/Serife-Eser-Profil-1.png","articleSection":["K\u00f6\u015fe Yaz\u0131lar\u0131 \u015eerife Eser"],"inLanguage":"tr","potentialAction":[{"@type":"CommentAction","name":"Comment","target":["https:\/\/epochtimestr.com\/index.php\/turkiye-avrupanin-coplugu-degildir#respond"]}]},{"@type":"WebPage","@id":"https:\/\/epochtimestr.com\/index.php\/turkiye-avrupanin-coplugu-degildir","url":"https:\/\/epochtimestr.com\/index.php\/turkiye-avrupanin-coplugu-degildir","name":"T\u00fcrkiye Avrupa'n\u0131n \u00c7\u00f6pl\u00fc\u011f\u00fc De\u011fildir - The Epoch Times TR","isPartOf":{"@id":"https:\/\/epochtimestr.com\/#website"},"primaryImageOfPage":{"@id":"https:\/\/epochtimestr.com\/index.php\/turkiye-avrupanin-coplugu-degildir#primaryimage"},"image":{"@id":"https:\/\/epochtimestr.com\/index.php\/turkiye-avrupanin-coplugu-degildir#primaryimage"},"thumbnailUrl":"https:\/\/epochtimestr.com\/wp-content\/uploads\/2011y\/Serife-Eser-Profil-1.png","datePublished":"2026-06-16T15:11:42+00:00","dateModified":"2026-06-16T15:14:38+00:00","description":"Mersin kumsallar\u0131, denizin y\u00fcz\u00fc, naylon po\u015fet k\u0131r\u0131nt\u0131lar\u0131yla kapl\u0131. Akdeniz, plastik at\u0131k denizi olmu\u015f durumda.","inLanguage":"tr","potentialAction":[{"@type":"ReadAction","target":["https:\/\/epochtimestr.com\/index.php\/turkiye-avrupanin-coplugu-degildir"]}]},{"@type":"ImageObject","inLanguage":"tr","@id":"https:\/\/epochtimestr.com\/index.php\/turkiye-avrupanin-coplugu-degildir#primaryimage","url":"https:\/\/epochtimestr.com\/wp-content\/uploads\/2011y\/Serife-Eser-Profil-1.png","contentUrl":"https:\/\/epochtimestr.com\/wp-content\/uploads\/2011y\/Serife-Eser-Profil-1.png","width":600,"height":600},{"@type":"WebSite","@id":"https:\/\/epochtimestr.com\/#website","url":"https:\/\/epochtimestr.com\/","name":"The Epoch Times TR","description":"De\u011fi\u015fen D\u00fcnyam\u0131za Taze Bir Bak\u0131\u015f","publisher":{"@id":"https:\/\/epochtimestr.com\/#organization"},"potentialAction":[{"@type":"SearchAction","target":{"@type":"EntryPoint","urlTemplate":"https:\/\/epochtimestr.com\/?s={search_term_string}"},"query-input":"required name=search_term_string"}],"inLanguage":"tr"},{"@type":"Organization","@id":"https:\/\/epochtimestr.com\/#organization","name":"The EpochTimes T\u00fcrkiye","url":"https:\/\/epochtimestr.com\/","logo":{"@type":"ImageObject","inLanguage":"tr","@id":"https:\/\/epochtimestr.com\/#\/schema\/logo\/image\/","url":"https:\/\/epochtimestr.com\/wp-content\/uploads\/2011y\/ET-Logo-YG.jpg","contentUrl":"https:\/\/epochtimestr.com\/wp-content\/uploads\/2011y\/ET-Logo-YG.jpg","width":346,"height":29,"caption":"The EpochTimes T\u00fcrkiye"},"image":{"@id":"https:\/\/epochtimestr.com\/#\/schema\/logo\/image\/"},"sameAs":["https:\/\/www.facebook.com\/theepochtimestr","https:\/\/x.com\/TheEpochTimesTR","https:\/\/www.instagram.com\/epochtimestr"]},{"@type":"Person","@id":"https:\/\/epochtimestr.com\/#\/schema\/person\/82b65a1390e2b0717a679b57ed38d466","name":"\u015eerife Eser","image":{"@type":"ImageObject","inLanguage":"tr","@id":"https:\/\/epochtimestr.com\/#\/schema\/person\/image\/","url":"https:\/\/secure.gravatar.com\/avatar\/240b2d469e089f3ae0f677fcc7925228?s=96&d=mm&r=g","contentUrl":"https:\/\/secure.gravatar.com\/avatar\/240b2d469e089f3ae0f677fcc7925228?s=96&d=mm&r=g","caption":"\u015eerife Eser"},"url":"https:\/\/epochtimestr.com\/index.php\/author\/serife"}]}},"_links":{"self":[{"href":"https:\/\/epochtimestr.com\/index.php\/wp-json\/wp\/v2\/posts\/167875"}],"collection":[{"href":"https:\/\/epochtimestr.com\/index.php\/wp-json\/wp\/v2\/posts"}],"about":[{"href":"https:\/\/epochtimestr.com\/index.php\/wp-json\/wp\/v2\/types\/post"}],"author":[{"embeddable":true,"href":"https:\/\/epochtimestr.com\/index.php\/wp-json\/wp\/v2\/users\/13998"}],"replies":[{"embeddable":true,"href":"https:\/\/epochtimestr.com\/index.php\/wp-json\/wp\/v2\/comments?post=167875"}],"version-history":[{"count":5,"href":"https:\/\/epochtimestr.com\/index.php\/wp-json\/wp\/v2\/posts\/167875\/revisions"}],"predecessor-version":[{"id":167884,"href":"https:\/\/epochtimestr.com\/index.php\/wp-json\/wp\/v2\/posts\/167875\/revisions\/167884"}],"wp:featuredmedia":[{"embeddable":true,"href":"https:\/\/epochtimestr.com\/index.php\/wp-json\/wp\/v2\/media\/160116"}],"wp:attachment":[{"href":"https:\/\/epochtimestr.com\/index.php\/wp-json\/wp\/v2\/media?parent=167875"}],"wp:term":[{"taxonomy":"category","embeddable":true,"href":"https:\/\/epochtimestr.com\/index.php\/wp-json\/wp\/v2\/categories?post=167875"},{"taxonomy":"post_tag","embeddable":true,"href":"https:\/\/epochtimestr.com\/index.php\/wp-json\/wp\/v2\/tags?post=167875"}],"curies":[{"name":"wp","href":"https:\/\/api.w.org\/{rel}","templated":true}]}}