{"id":167909,"date":"2026-06-19T07:00:00","date_gmt":"2026-06-19T04:00:00","guid":{"rendered":"https:\/\/epochtimestr.com\/?p=167909"},"modified":"2026-06-19T00:12:07","modified_gmt":"2026-06-18T21:12:07","slug":"mersinin-gelecegi-icin-omuz-omuza","status":"publish","type":"post","link":"https:\/\/epochtimestr.com\/index.php\/mersinin-gelecegi-icin-omuz-omuza","title":{"rendered":"Mersin&#8217;in Gelece\u011fi \u0130\u00e7in Omuz Omuza"},"content":{"rendered":"\n<p>Mersin, sadece verimli topraklar\u0131, mavinin her tonunu bar\u0131nd\u0131ran sahili veya devasa liman\u0131yla de\u011fil esasen gen\u00e7 n\u00fcfusunun dinamizmiyle b\u00fcy\u00fcyen, T\u00fcrkiye\u2019nin parlayan y\u0131ld\u0131zlar\u0131ndan biridir. Ancak bug\u00fcn, bu g\u00fczel \u015fehrin damarlar\u0131nda dola\u015fan gen\u00e7lerin kan\u0131na kar\u0131\u015fan sinsi bir tehdit var: Madde ba\u011f\u0131ml\u0131l\u0131\u011f\u0131.<\/p>\n\n\n\n<p>\u0130\u015fte tam da bu noktada, sessiz kalmay\u0131 reddeden bir ses y\u00fckseliyor: &#8220;Biz Mersiniz Platformu.&#8221;<\/p>\n\n\n<div class=\"wp-block-image\">\n<figure class=\"aligncenter size-full\"><img loading=\"lazy\" decoding=\"async\" width=\"640\" height=\"640\" src=\"https:\/\/epochtimestr.com\/wp-content\/uploads\/2011y\/image-404.png\" alt=\"Biz Mersiniz Platformu\" class=\"wp-image-167911\" srcset=\"https:\/\/epochtimestr.com\/wp-content\/uploads\/2011y\/image-404.png 640w, https:\/\/epochtimestr.com\/wp-content\/uploads\/2011y\/image-404-300x300.png 300w, https:\/\/epochtimestr.com\/wp-content\/uploads\/2011y\/image-404-150x150.png 150w\" sizes=\"(max-width: 640px) 100vw, 640px\" \/><\/figure><\/div>\n\n\n<p>Ge\u00e7ti\u011fimiz g\u00fcnlerde platformun ba\u015flatt\u0131\u011f\u0131 seferberlik \u00e7a\u011fr\u0131s\u0131n\u0131 okudu\u011fumda, bunun sadece bir &#8220;yard\u0131m talebi&#8221; de\u011fil, bir &#8220;sosyal uyan\u0131\u015f&#8221; hamlesi oldu\u011funu hissettim. Silifke\u2019den Mut\u2019a, Erdemli\u2019den Ayd\u0131nc\u0131k\u2019a kadar uzanan bu irade, &#8220;Mersin Bizim, Gelecek Bizim&#8221; derken asl\u0131nda \u00e7ok temel bir ger\u00e7e\u011fi hat\u0131rlat\u0131yor: \u015eehre sahip \u00e7\u0131kmak, sokaktaki gence sahip \u00e7\u0131kmakt\u0131r.<\/p>\n\n\n\n<p><strong>Bir Kitap\u00e7\u0131k, Bir Umut<\/strong><\/p>\n\n\n\n<p>Platformun \u00e7a\u011fr\u0131s\u0131ndaki o detaya dikkat ettiniz mi? &#8220;100 adet kitap\u00e7\u0131k i\u00e7in 5.000 TL.&#8221; Rakamlar k\u00fc\u00e7\u00fck, ancak hedeflenen etki devasa. Bilgi, karanl\u0131\u011f\u0131n en b\u00fcy\u00fck d\u00fc\u015fman\u0131d\u0131r. Bir gencin madde ba\u011f\u0131ml\u0131l\u0131\u011f\u0131n\u0131n pen\u00e7esine d\u00fc\u015fmeden \u00f6nce, do\u011fru bilgiyle ayd\u0131nlanmas\u0131; bir ailenin &#8220;fark etme&#8221; rehberi edinmesi, telafisi m\u00fcmk\u00fcn olmayan ac\u0131lar\u0131n \u00f6n\u00fcne ge\u00e7ebilir.<\/p>\n\n\n\n<p>Bu k\u00fc\u00e7\u00fck b\u00fct\u00e7eli kampanya, asl\u0131nda b\u00fcy\u00fck bir toplumsal dayan\u0131\u015fma s\u0131nav\u0131d\u0131r. Bir i\u015f insan\u0131n\u0131n, bir esnaf\u0131n veya bir yerel y\u00f6netimin &#8220;benim de bir katk\u0131m olsun&#8221; diyerek att\u0131\u011f\u0131 imza, bir gencin hayat\u0131n\u0131 kurtarabilir.<\/p>\n\n\n\n<h3 class=\"wp-block-heading\">&#8220;Hodri Meydan&#8221; Diyen \u0130rade<\/h3>\n\n\n\n<p>Platformun &#8220;Hodri meydan&#8221; \u00e7\u0131k\u0131\u015f\u0131, sadece ba\u011f\u0131ml\u0131l\u0131k yapan maddelere de\u011fil ayn\u0131 zamanda vurdumduymazl\u0131\u011fa, ihmale ve &#8220;bana dokunmayan y\u0131lan bin ya\u015fas\u0131n&#8221; anlay\u0131\u015f\u0131na kar\u015f\u0131 bir duru\u015ftur.<\/p>\n\n\n\n<p>Peki, biz ne yapabiliriz?<\/p>\n\n\n\n<p><strong>Belediyelerimiz ve kurumlar\u0131m\u0131z:<\/strong> Lojistik destek noktas\u0131nda, bu g\u00f6n\u00fcll\u00fc ordusunun il\u00e7eler aras\u0131ndaki k\u00f6pr\u00fcs\u00fc olmal\u0131d\u0131r. Bir minib\u00fcs deste\u011fi veya bir etkinlik salonunun kap\u0131lar\u0131n\u0131 a\u00e7mak, bir gencin hayata tutunmas\u0131n\u0131 sa\u011flamak kadar de\u011ferlidir.<\/p>\n\n\n\n<p><strong>Hay\u0131rseverlerimiz:<\/strong> Bug\u00fcn yap\u0131lacak k\u00fc\u00e7\u00fck bir maddi katk\u0131, yar\u0131n bir gencin e\u011fitim hayat\u0131na geri d\u00f6nmesi veya bir ailenin huzur bulmas\u0131 olarak \u015fehrimize geri d\u00f6necektir.<\/p>\n\n\n\n<p>Mersin, tarih boyunca her zorlu\u011fu dayan\u0131\u015fmayla a\u015fm\u0131\u015f bir \u015fehirdir. \u015eimdi, madde ba\u011f\u0131ml\u0131l\u0131\u011f\u0131 gibi sinsi bir d\u00fc\u015fmana kar\u015f\u0131 ayn\u0131 &#8220;Mersin ruhunu&#8221; g\u00f6sterme vaktidir. &#8220;Biz Mersiniz&#8221; diyerek yola \u00e7\u0131kan bu y\u00fcrekli insanlar, asl\u0131nda hepimizin ad\u0131na konu\u015fuyor.<\/p>\n\n\n\n<p>Gen\u00e7lerimizi sokaklar\u0131n karanl\u0131\u011f\u0131na, ba\u011f\u0131ml\u0131l\u0131\u011f\u0131n prangalar\u0131na teslim etmeyece\u011fiz. \u00c7\u00fcnk\u00fc Mersin, ancak gen\u00e7lerinin \u00f6zg\u00fcr ve sa\u011fl\u0131kl\u0131 oldu\u011fu bir gelecekte parlayabilir.<\/p>\n\n\n\n<p>\u015eimdi omuz verme vakti. \u00c7\u00fcnk\u00fc Mersin bizim, gelecek bizim!<\/p>\n\n\n\n<p>Bu m\u00fccadeleye destek vermek veya daha fazla bilgi almak isteyenler, &#8220;Biz Mersiniz Platformu&#8221; ile ileti\u015fime ge\u00e7erek bu k\u0131ymetli seferberli\u011fin bir par\u00e7as\u0131 olabilirler.<\/p>\n","protected":false},"excerpt":{"rendered":"<p>Mersin, sadece verimli topraklar\u0131, mavinin her tonunu bar\u0131nd\u0131ran sahili veya devasa liman\u0131yla de\u011fil esasen gen\u00e7 n\u00fcfusunun dinamizmiyle b\u00fcy\u00fcyen, T\u00fcrkiye\u2019nin parlayan y\u0131ld\u0131zlar\u0131ndan biridir. Ancak bug\u00fcn, bu g\u00fczel \u015fehrin damarlar\u0131nda dola\u015fan gen\u00e7lerin kan\u0131na kar\u0131\u015fan sinsi bir tehdit var: Madde ba\u011f\u0131ml\u0131l\u0131\u011f\u0131. \u0130\u015fte tam da bu noktada, sessiz kalmay\u0131 reddeden bir ses y\u00fckseliyor: &#8220;Biz Mersiniz Platformu.&#8221; Ge\u00e7ti\u011fimiz g\u00fcnlerde platformun [&hellip;]<\/p>\n","protected":false},"author":14013,"featured_media":167144,"comment_status":"open","ping_status":"open","sticky":false,"template":"","format":"standard","meta":{"_yoast_wpseo_focuskw":"Biz Mersiniz Platformu","_yoast_wpseo_title":"","_yoast_wpseo_metadesc":"Bug\u00fcn, g\u00fczel Mersin'in damarlar\u0131nda dola\u015fan gen\u00e7lerin kan\u0131na kar\u0131\u015fan sinsi bir tehdit var: Madde ba\u011f\u0131ml\u0131l\u0131\u011f\u0131.","_bbp_topic_count":0,"_bbp_reply_count":0,"_bbp_total_topic_count":0,"_bbp_total_reply_count":0,"_bbp_voice_count":0,"_bbp_anonymous_reply_count":0,"_bbp_topic_count_hidden":0,"_bbp_reply_count_hidden":0,"_bbp_forum_subforum_count":0,"footnotes":"","_yoast_wpseo_focuskw_text_input":""},"categories":[11361],"tags":[],"yoast_head":"<!-- This site is optimized with the Yoast SEO plugin v23.0 - https:\/\/yoast.com\/wordpress\/plugins\/seo\/ -->\n<title>Mersin&#039;in Gelece\u011fi \u0130\u00e7in Omuz Omuza - The Epoch Times TR<\/title>\n<meta name=\"description\" content=\"Bug\u00fcn, g\u00fczel Mersin&#039;in damarlar\u0131nda dola\u015fan gen\u00e7lerin kan\u0131na kar\u0131\u015fan sinsi bir tehdit var: Madde ba\u011f\u0131ml\u0131l\u0131\u011f\u0131.\" \/>\n<meta name=\"robots\" content=\"index, follow, max-snippet:-1, max-image-preview:large, max-video-preview:-1\" \/>\n<link rel=\"canonical\" href=\"https:\/\/epochtimestr.com\/index.php\/mersinin-gelecegi-icin-omuz-omuza\" \/>\n<meta property=\"og:locale\" content=\"tr_TR\" \/>\n<meta property=\"og:type\" content=\"article\" \/>\n<meta property=\"og:title\" content=\"Mersin&#039;in Gelece\u011fi \u0130\u00e7in Omuz Omuza - The Epoch Times TR\" \/>\n<meta property=\"og:description\" content=\"Bug\u00fcn, g\u00fczel Mersin&#039;in damarlar\u0131nda dola\u015fan gen\u00e7lerin kan\u0131na kar\u0131\u015fan sinsi bir tehdit var: Madde ba\u011f\u0131ml\u0131l\u0131\u011f\u0131.\" \/>\n<meta property=\"og:url\" content=\"https:\/\/epochtimestr.com\/index.php\/mersinin-gelecegi-icin-omuz-omuza\" \/>\n<meta property=\"og:site_name\" content=\"The Epoch Times TR\" \/>\n<meta property=\"article:publisher\" content=\"https:\/\/www.facebook.com\/theepochtimestr\" \/>\n<meta property=\"article:published_time\" content=\"2026-06-19T04:00:00+00:00\" \/>\n<meta property=\"article:modified_time\" content=\"2026-06-18T21:12:07+00:00\" \/>\n<meta property=\"og:image\" content=\"https:\/\/epochtimestr.com\/wp-content\/uploads\/2011y\/ali-kekliktepe-SM.jpeg\" \/>\n\t<meta property=\"og:image:width\" content=\"1200\" \/>\n\t<meta property=\"og:image:height\" content=\"630\" \/>\n\t<meta property=\"og:image:type\" content=\"image\/jpeg\" \/>\n<meta name=\"author\" content=\"Ali Kekliktepe\" \/>\n<meta name=\"twitter:card\" content=\"summary_large_image\" \/>\n<meta name=\"twitter:creator\" content=\"@TheEpochTimesTR\" \/>\n<meta name=\"twitter:site\" content=\"@TheEpochTimesTR\" \/>\n<meta name=\"twitter:label1\" content=\"Yazan:\" \/>\n\t<meta name=\"twitter:data1\" content=\"Ali Kekliktepe\" \/>\n\t<meta name=\"twitter:label2\" content=\"Tahmini okuma s\u00fcresi\" \/>\n\t<meta name=\"twitter:data2\" content=\"3 dakika\" \/>\n<script type=\"application\/ld+json\" class=\"yoast-schema-graph\">{\"@context\":\"https:\/\/schema.org\",\"@graph\":[{\"@type\":\"Article\",\"@id\":\"https:\/\/epochtimestr.com\/index.php\/mersinin-gelecegi-icin-omuz-omuza#article\",\"isPartOf\":{\"@id\":\"https:\/\/epochtimestr.com\/index.php\/mersinin-gelecegi-icin-omuz-omuza\"},\"author\":{\"name\":\"Ali Kekliktepe\",\"@id\":\"https:\/\/epochtimestr.com\/#\/schema\/person\/da94a416fed1aed029d0a47e85673b95\"},\"headline\":\"Mersin&#8217;in Gelece\u011fi \u0130\u00e7in Omuz Omuza\",\"datePublished\":\"2026-06-19T04:00:00+00:00\",\"dateModified\":\"2026-06-18T21:12:07+00:00\",\"mainEntityOfPage\":{\"@id\":\"https:\/\/epochtimestr.com\/index.php\/mersinin-gelecegi-icin-omuz-omuza\"},\"wordCount\":504,\"commentCount\":0,\"publisher\":{\"@id\":\"https:\/\/epochtimestr.com\/#organization\"},\"image\":{\"@id\":\"https:\/\/epochtimestr.com\/index.php\/mersinin-gelecegi-icin-omuz-omuza#primaryimage\"},\"thumbnailUrl\":\"https:\/\/epochtimestr.com\/wp-content\/uploads\/2011y\/Ali-Kekliktepe.jpg\",\"articleSection\":[\"K\u00f6\u015fe Yaz\u0131lar\u0131 Ali Kekliktepe\"],\"inLanguage\":\"tr\",\"potentialAction\":[{\"@type\":\"CommentAction\",\"name\":\"Comment\",\"target\":[\"https:\/\/epochtimestr.com\/index.php\/mersinin-gelecegi-icin-omuz-omuza#respond\"]}]},{\"@type\":\"WebPage\",\"@id\":\"https:\/\/epochtimestr.com\/index.php\/mersinin-gelecegi-icin-omuz-omuza\",\"url\":\"https:\/\/epochtimestr.com\/index.php\/mersinin-gelecegi-icin-omuz-omuza\",\"name\":\"Mersin'in Gelece\u011fi \u0130\u00e7in Omuz Omuza - The Epoch Times TR\",\"isPartOf\":{\"@id\":\"https:\/\/epochtimestr.com\/#website\"},\"primaryImageOfPage\":{\"@id\":\"https:\/\/epochtimestr.com\/index.php\/mersinin-gelecegi-icin-omuz-omuza#primaryimage\"},\"image\":{\"@id\":\"https:\/\/epochtimestr.com\/index.php\/mersinin-gelecegi-icin-omuz-omuza#primaryimage\"},\"thumbnailUrl\":\"https:\/\/epochtimestr.com\/wp-content\/uploads\/2011y\/Ali-Kekliktepe.jpg\",\"datePublished\":\"2026-06-19T04:00:00+00:00\",\"dateModified\":\"2026-06-18T21:12:07+00:00\",\"description\":\"Bug\u00fcn, g\u00fczel Mersin'in damarlar\u0131nda dola\u015fan gen\u00e7lerin kan\u0131na kar\u0131\u015fan sinsi bir tehdit var: Madde ba\u011f\u0131ml\u0131l\u0131\u011f\u0131.\",\"inLanguage\":\"tr\",\"potentialAction\":[{\"@type\":\"ReadAction\",\"target\":[\"https:\/\/epochtimestr.com\/index.php\/mersinin-gelecegi-icin-omuz-omuza\"]}]},{\"@type\":\"ImageObject\",\"inLanguage\":\"tr\",\"@id\":\"https:\/\/epochtimestr.com\/index.php\/mersinin-gelecegi-icin-omuz-omuza#primaryimage\",\"url\":\"https:\/\/epochtimestr.com\/wp-content\/uploads\/2011y\/Ali-Kekliktepe.jpg\",\"contentUrl\":\"https:\/\/epochtimestr.com\/wp-content\/uploads\/2011y\/Ali-Kekliktepe.jpg\",\"width\":600,\"height\":600},{\"@type\":\"WebSite\",\"@id\":\"https:\/\/epochtimestr.com\/#website\",\"url\":\"https:\/\/epochtimestr.com\/\",\"name\":\"The Epoch Times TR\",\"description\":\"De\u011fi\u015fen D\u00fcnyam\u0131za Taze Bir Bak\u0131\u015f\",\"publisher\":{\"@id\":\"https:\/\/epochtimestr.com\/#organization\"},\"potentialAction\":[{\"@type\":\"SearchAction\",\"target\":{\"@type\":\"EntryPoint\",\"urlTemplate\":\"https:\/\/epochtimestr.com\/?s={search_term_string}\"},\"query-input\":\"required name=search_term_string\"}],\"inLanguage\":\"tr\"},{\"@type\":\"Organization\",\"@id\":\"https:\/\/epochtimestr.com\/#organization\",\"name\":\"The EpochTimes T\u00fcrkiye\",\"url\":\"https:\/\/epochtimestr.com\/\",\"logo\":{\"@type\":\"ImageObject\",\"inLanguage\":\"tr\",\"@id\":\"https:\/\/epochtimestr.com\/#\/schema\/logo\/image\/\",\"url\":\"https:\/\/epochtimestr.com\/wp-content\/uploads\/2011y\/ET-Logo-YG.jpg\",\"contentUrl\":\"https:\/\/epochtimestr.com\/wp-content\/uploads\/2011y\/ET-Logo-YG.jpg\",\"width\":346,\"height\":29,\"caption\":\"The EpochTimes T\u00fcrkiye\"},\"image\":{\"@id\":\"https:\/\/epochtimestr.com\/#\/schema\/logo\/image\/\"},\"sameAs\":[\"https:\/\/www.facebook.com\/theepochtimestr\",\"https:\/\/x.com\/TheEpochTimesTR\",\"https:\/\/www.instagram.com\/epochtimestr\"]},{\"@type\":\"Person\",\"@id\":\"https:\/\/epochtimestr.com\/#\/schema\/person\/da94a416fed1aed029d0a47e85673b95\",\"name\":\"Ali Kekliktepe\",\"image\":{\"@type\":\"ImageObject\",\"inLanguage\":\"tr\",\"@id\":\"https:\/\/epochtimestr.com\/#\/schema\/person\/image\/\",\"url\":\"https:\/\/secure.gravatar.com\/avatar\/6c965c3fc374c8f4af759baef4f38bcd?s=96&d=mm&r=g\",\"contentUrl\":\"https:\/\/secure.gravatar.com\/avatar\/6c965c3fc374c8f4af759baef4f38bcd?s=96&d=mm&r=g\",\"caption\":\"Ali Kekliktepe\"},\"description\":\"Ben Ali Kekliktepe; hayat\u0131n\u0131 \u00f6\u011frenmeye, \u00f6\u011fretmeye ve toplumsal fayda yaratmaya adam\u0131\u015f bir yazar ve profesyonelim. Kalemi sadece ka\u011f\u0131da dokunan bir ara\u00e7 de\u011fil, toplumun aksayan y\u00f6nlerine \u015fifa olan bir enstr\u00fcman olarak g\u00f6r\u00fcyorum.\",\"sameAs\":[\"https:\/\/alikekliktepemersin33.blogspot.com\/\"],\"url\":\"https:\/\/epochtimestr.com\/index.php\/author\/ali\"}]}<\/script>\n<!-- \/ Yoast SEO plugin. -->","yoast_head_json":{"title":"Mersin'in Gelece\u011fi \u0130\u00e7in Omuz Omuza - The Epoch Times TR","description":"Bug\u00fcn, g\u00fczel Mersin'in damarlar\u0131nda dola\u015fan gen\u00e7lerin kan\u0131na kar\u0131\u015fan sinsi bir tehdit var: Madde ba\u011f\u0131ml\u0131l\u0131\u011f\u0131.","robots":{"index":"index","follow":"follow","max-snippet":"max-snippet:-1","max-image-preview":"max-image-preview:large","max-video-preview":"max-video-preview:-1"},"canonical":"https:\/\/epochtimestr.com\/index.php\/mersinin-gelecegi-icin-omuz-omuza","og_locale":"tr_TR","og_type":"article","og_title":"Mersin'in Gelece\u011fi \u0130\u00e7in Omuz Omuza - The Epoch Times TR","og_description":"Bug\u00fcn, g\u00fczel Mersin'in damarlar\u0131nda dola\u015fan gen\u00e7lerin kan\u0131na kar\u0131\u015fan sinsi bir tehdit var: Madde ba\u011f\u0131ml\u0131l\u0131\u011f\u0131.","og_url":"https:\/\/epochtimestr.com\/index.php\/mersinin-gelecegi-icin-omuz-omuza","og_site_name":"The Epoch Times TR","article_publisher":"https:\/\/www.facebook.com\/theepochtimestr","article_published_time":"2026-06-19T04:00:00+00:00","article_modified_time":"2026-06-18T21:12:07+00:00","og_image":[{"width":1200,"height":630,"url":"https:\/\/epochtimestr.com\/wp-content\/uploads\/2011y\/ali-kekliktepe-SM.jpeg","type":"image\/jpeg"}],"author":"Ali Kekliktepe","twitter_card":"summary_large_image","twitter_creator":"@TheEpochTimesTR","twitter_site":"@TheEpochTimesTR","twitter_misc":{"Yazan:":"Ali Kekliktepe","Tahmini okuma s\u00fcresi":"3 dakika"},"schema":{"@context":"https:\/\/schema.org","@graph":[{"@type":"Article","@id":"https:\/\/epochtimestr.com\/index.php\/mersinin-gelecegi-icin-omuz-omuza#article","isPartOf":{"@id":"https:\/\/epochtimestr.com\/index.php\/mersinin-gelecegi-icin-omuz-omuza"},"author":{"name":"Ali Kekliktepe","@id":"https:\/\/epochtimestr.com\/#\/schema\/person\/da94a416fed1aed029d0a47e85673b95"},"headline":"Mersin&#8217;in Gelece\u011fi \u0130\u00e7in Omuz Omuza","datePublished":"2026-06-19T04:00:00+00:00","dateModified":"2026-06-18T21:12:07+00:00","mainEntityOfPage":{"@id":"https:\/\/epochtimestr.com\/index.php\/mersinin-gelecegi-icin-omuz-omuza"},"wordCount":504,"commentCount":0,"publisher":{"@id":"https:\/\/epochtimestr.com\/#organization"},"image":{"@id":"https:\/\/epochtimestr.com\/index.php\/mersinin-gelecegi-icin-omuz-omuza#primaryimage"},"thumbnailUrl":"https:\/\/epochtimestr.com\/wp-content\/uploads\/2011y\/Ali-Kekliktepe.jpg","articleSection":["K\u00f6\u015fe Yaz\u0131lar\u0131 Ali Kekliktepe"],"inLanguage":"tr","potentialAction":[{"@type":"CommentAction","name":"Comment","target":["https:\/\/epochtimestr.com\/index.php\/mersinin-gelecegi-icin-omuz-omuza#respond"]}]},{"@type":"WebPage","@id":"https:\/\/epochtimestr.com\/index.php\/mersinin-gelecegi-icin-omuz-omuza","url":"https:\/\/epochtimestr.com\/index.php\/mersinin-gelecegi-icin-omuz-omuza","name":"Mersin'in Gelece\u011fi \u0130\u00e7in Omuz Omuza - The Epoch Times TR","isPartOf":{"@id":"https:\/\/epochtimestr.com\/#website"},"primaryImageOfPage":{"@id":"https:\/\/epochtimestr.com\/index.php\/mersinin-gelecegi-icin-omuz-omuza#primaryimage"},"image":{"@id":"https:\/\/epochtimestr.com\/index.php\/mersinin-gelecegi-icin-omuz-omuza#primaryimage"},"thumbnailUrl":"https:\/\/epochtimestr.com\/wp-content\/uploads\/2011y\/Ali-Kekliktepe.jpg","datePublished":"2026-06-19T04:00:00+00:00","dateModified":"2026-06-18T21:12:07+00:00","description":"Bug\u00fcn, g\u00fczel Mersin'in damarlar\u0131nda dola\u015fan gen\u00e7lerin kan\u0131na kar\u0131\u015fan sinsi bir tehdit var: Madde ba\u011f\u0131ml\u0131l\u0131\u011f\u0131.","inLanguage":"tr","potentialAction":[{"@type":"ReadAction","target":["https:\/\/epochtimestr.com\/index.php\/mersinin-gelecegi-icin-omuz-omuza"]}]},{"@type":"ImageObject","inLanguage":"tr","@id":"https:\/\/epochtimestr.com\/index.php\/mersinin-gelecegi-icin-omuz-omuza#primaryimage","url":"https:\/\/epochtimestr.com\/wp-content\/uploads\/2011y\/Ali-Kekliktepe.jpg","contentUrl":"https:\/\/epochtimestr.com\/wp-content\/uploads\/2011y\/Ali-Kekliktepe.jpg","width":600,"height":600},{"@type":"WebSite","@id":"https:\/\/epochtimestr.com\/#website","url":"https:\/\/epochtimestr.com\/","name":"The Epoch Times TR","description":"De\u011fi\u015fen D\u00fcnyam\u0131za Taze Bir Bak\u0131\u015f","publisher":{"@id":"https:\/\/epochtimestr.com\/#organization"},"potentialAction":[{"@type":"SearchAction","target":{"@type":"EntryPoint","urlTemplate":"https:\/\/epochtimestr.com\/?s={search_term_string}"},"query-input":"required name=search_term_string"}],"inLanguage":"tr"},{"@type":"Organization","@id":"https:\/\/epochtimestr.com\/#organization","name":"The EpochTimes T\u00fcrkiye","url":"https:\/\/epochtimestr.com\/","logo":{"@type":"ImageObject","inLanguage":"tr","@id":"https:\/\/epochtimestr.com\/#\/schema\/logo\/image\/","url":"https:\/\/epochtimestr.com\/wp-content\/uploads\/2011y\/ET-Logo-YG.jpg","contentUrl":"https:\/\/epochtimestr.com\/wp-content\/uploads\/2011y\/ET-Logo-YG.jpg","width":346,"height":29,"caption":"The EpochTimes T\u00fcrkiye"},"image":{"@id":"https:\/\/epochtimestr.com\/#\/schema\/logo\/image\/"},"sameAs":["https:\/\/www.facebook.com\/theepochtimestr","https:\/\/x.com\/TheEpochTimesTR","https:\/\/www.instagram.com\/epochtimestr"]},{"@type":"Person","@id":"https:\/\/epochtimestr.com\/#\/schema\/person\/da94a416fed1aed029d0a47e85673b95","name":"Ali Kekliktepe","image":{"@type":"ImageObject","inLanguage":"tr","@id":"https:\/\/epochtimestr.com\/#\/schema\/person\/image\/","url":"https:\/\/secure.gravatar.com\/avatar\/6c965c3fc374c8f4af759baef4f38bcd?s=96&d=mm&r=g","contentUrl":"https:\/\/secure.gravatar.com\/avatar\/6c965c3fc374c8f4af759baef4f38bcd?s=96&d=mm&r=g","caption":"Ali Kekliktepe"},"description":"Ben Ali Kekliktepe; hayat\u0131n\u0131 \u00f6\u011frenmeye, \u00f6\u011fretmeye ve toplumsal fayda yaratmaya adam\u0131\u015f bir yazar ve profesyonelim. Kalemi sadece ka\u011f\u0131da dokunan bir ara\u00e7 de\u011fil, toplumun aksayan y\u00f6nlerine \u015fifa olan bir enstr\u00fcman olarak g\u00f6r\u00fcyorum.","sameAs":["https:\/\/alikekliktepemersin33.blogspot.com\/"],"url":"https:\/\/epochtimestr.com\/index.php\/author\/ali"}]}},"_links":{"self":[{"href":"https:\/\/epochtimestr.com\/index.php\/wp-json\/wp\/v2\/posts\/167909"}],"collection":[{"href":"https:\/\/epochtimestr.com\/index.php\/wp-json\/wp\/v2\/posts"}],"about":[{"href":"https:\/\/epochtimestr.com\/index.php\/wp-json\/wp\/v2\/types\/post"}],"author":[{"embeddable":true,"href":"https:\/\/epochtimestr.com\/index.php\/wp-json\/wp\/v2\/users\/14013"}],"replies":[{"embeddable":true,"href":"https:\/\/epochtimestr.com\/index.php\/wp-json\/wp\/v2\/comments?post=167909"}],"version-history":[{"count":1,"href":"https:\/\/epochtimestr.com\/index.php\/wp-json\/wp\/v2\/posts\/167909\/revisions"}],"predecessor-version":[{"id":167912,"href":"https:\/\/epochtimestr.com\/index.php\/wp-json\/wp\/v2\/posts\/167909\/revisions\/167912"}],"wp:featuredmedia":[{"embeddable":true,"href":"https:\/\/epochtimestr.com\/index.php\/wp-json\/wp\/v2\/media\/167144"}],"wp:attachment":[{"href":"https:\/\/epochtimestr.com\/index.php\/wp-json\/wp\/v2\/media?parent=167909"}],"wp:term":[{"taxonomy":"category","embeddable":true,"href":"https:\/\/epochtimestr.com\/index.php\/wp-json\/wp\/v2\/categories?post=167909"},{"taxonomy":"post_tag","embeddable":true,"href":"https:\/\/epochtimestr.com\/index.php\/wp-json\/wp\/v2\/tags?post=167909"}],"curies":[{"name":"wp","href":"https:\/\/api.w.org\/{rel}","templated":true}]}}