{"id":167920,"date":"2026-06-20T07:00:00","date_gmt":"2026-06-20T04:00:00","guid":{"rendered":"https:\/\/epochtimestr.com\/?p=167920"},"modified":"2026-06-19T19:38:01","modified_gmt":"2026-06-19T16:38:01","slug":"yeni-dunyanin-yeni-kurallari-adapte-olamayanin-vedasi","status":"publish","type":"post","link":"https:\/\/epochtimestr.com\/index.php\/yeni-dunyanin-yeni-kurallari-adapte-olamayanin-vedasi","title":{"rendered":"Yeni D\u00fcnyan\u0131n Yeni Kurallar\u0131: Adapte Olamayan\u0131n Vedas\u0131"},"content":{"rendered":"\n<p>Bundan on y\u0131l \u00f6nce birisi \u00e7\u0131k\u0131p, &#8220;Gelecekte d\u00fcnyan\u0131n en b\u00fcy\u00fck \u015firketlerini y\u00f6netmek i\u00e7in devasa plazalara, binlerce \u00e7al\u0131\u015fan\u0131n ayn\u0131 \u00e7at\u0131 alt\u0131nda sabah dokuz ak\u015fam be\u015f mesai yapmas\u0131na gerek kalmayacak,&#8221; deseydi, muhtemelen ona \u015f\u00fcpheyle bakard\u0131k. Ancak bug\u00fcn, o &#8220;gelecek&#8221; tam olarak ayaklar\u0131m\u0131z\u0131n bast\u0131\u011f\u0131 zemin haline geldi.<\/p>\n\n\n\n<p>Dijitalle\u015fme, hayat\u0131m\u0131za sessiz sedas\u0131z giren bir trend olmaktan \u00e7\u0131kt\u0131; art\u0131k i\u015f d\u00fcnyas\u0131n\u0131n, sosyal ya\u015fam\u0131n ve hatta bireysel varolu\u015fumuzun tam merkezinde yer alan bir hayatta kalma m\u00fccadelesine d\u00f6n\u00fc\u015ft\u00fc.<\/p>\n\n\n\n<p>Peki, biz bu h\u0131z\u0131n neresindeyiz?<\/p>\n\n\n\n<h3 class=\"wp-block-heading\">H\u0131z \u00c7a\u011f\u0131nda G\u00fcvenlik ve Uyum<\/h3>\n\n\n\n<p>Teknolojik d\u00f6n\u00fc\u015f\u00fcm sadece bilgisayar ekranlar\u0131ndaki yaz\u0131l\u0131mlardan ibaret de\u011fil. Bu d\u00f6n\u00fc\u015f\u00fcm, i\u015f yap\u0131\u015f \u015fekillerimizi k\u00f6kten de\u011fi\u015ftirirken beraberinde yeni sorumluluklar ve yasal zorunluluklar da getiriyor. Art\u0131k bir i\u015fletmenin ba\u015far\u0131s\u0131, sadece \u00fcretti\u011fi ciroyla de\u011fil dijital altyap\u0131s\u0131n\u0131 ne kadar g\u00fcvenli tuttu\u011fu, de\u011fi\u015fen yeni nesil mevzuatlara ne kadar h\u0131zl\u0131 uyum sa\u011flad\u0131\u011f\u0131 ve insan kayna\u011f\u0131n\u0131 bu yeni d\u00fczene nas\u0131l haz\u0131rlad\u0131\u011f\u0131yla \u00f6l\u00e7\u00fcl\u00fcyor.<\/p>\n\n\n\n<p>Geleneksel y\u00f6ntemlere s\u0131k\u0131 s\u0131k\u0131ya ba\u011fl\u0131 kalan, &#8220;Biz y\u0131llard\u0131r bu i\u015fi b\u00f6yle yap\u0131yoruz&#8221; diyen i\u015fletmelerin, dijitalle\u015fen ve \u015feffafla\u015fan k\u00fcresel pazarda rekabet etme \u015fans\u0131 her ge\u00e7en g\u00fcn azal\u0131yor. \u00c7\u00fcnk\u00fc yeni d\u00fcnya d\u00fczeni, hantall\u0131\u011f\u0131 de\u011fil, esnekli\u011fi ve h\u0131z\u0131 \u00f6d\u00fcllendiriyor.<\/p>\n\n\n\n<h3 class=\"wp-block-heading\">Yerelden K\u00fcresele Uzanan A\u011f<\/h3>\n\n\n\n<p>Bu d\u00f6n\u00fc\u015f\u00fcm\u00fcn en g\u00fczel taraf\u0131 ise f\u0131rsat e\u015fitli\u011fi yaratmas\u0131. Bug\u00fcn Mersin\u2019in bir mahallesindeki yerel bir \u00fcretici veya k\u00fc\u00e7\u00fck bir esnaf, do\u011fru bir dijital stratejiyle, do\u011fru web ara\u00e7lar\u0131n\u0131 ve sosyal mecralar\u0131 kullanarak sesini t\u00fcm d\u00fcnyaya duyurabiliyor. Mesafe kavram\u0131 anlam\u0131n\u0131 yitirirken, yerel olan\u0131n k\u00fcreselle\u015fmesi hi\u00e7 bu kadar kolay olmam\u0131\u015ft\u0131.<\/p>\n\n\n\n<p>Ancak madalyonun bir de di\u011fer y\u00fcz\u00fc var: Dijital d\u00fcnyada var olmak, sadece bir web sitesine veya sosyal medya hesab\u0131na sahip olmak demek de\u011fildir. O d\u00fcnyay\u0131 do\u011fru okumak, hedef kitleyle do\u011fru ve etkili bir ileti\u015fim dili kurabilmek ve en \u00f6nemlisi de g\u00fcncel kalabilmektir.<\/p>\n\n\n\n<h3 class=\"wp-block-heading\">Sonu\u00e7: Yar\u0131n \u00c7ok Ge\u00e7 Olabilir<\/h3>\n\n\n\n<p>De\u011fi\u015fim r\u00fczg\u00e2r\u0131 sert esti\u011finde, baz\u0131lar\u0131 korunakl\u0131 duvarlar \u00f6rmeye \u00e7al\u0131\u015f\u0131r, baz\u0131lar\u0131 ise yel de\u011firmenleri in\u015fa eder. \u0130\u015f d\u00fcnyas\u0131nda, kamu y\u00f6netiminde ya da bireysel kariyerlerimizde y\u00f6n\u00fcm\u00fcz\u00fc r\u00fczg\u00e2ra kar\u015f\u0131 d\u00f6nmek yerine, o r\u00fczg\u00e2r\u0131 arkam\u0131za almay\u0131 \u00f6\u011frenmek zorunday\u0131z.<\/p>\n\n\n\n<p>Unutmayal\u0131m ki tarihin her d\u00f6neminde g\u00fc\u00e7l\u00fc olanlar de\u011fil, de\u011fi\u015fime en fazla uyum sa\u011flayabilenler ayakta kalm\u0131\u015ft\u0131r. Dijitalle\u015fme trenini ka\u00e7\u0131rmak, sadece bug\u00fcn\u00fc de\u011fil gelece\u011fi de kaybetmek demektir. Ve o tren, istasyonda bekleyenler i\u00e7in vagonlar\u0131n\u0131 \u00e7oktan hareket ettirdi.<\/p>\n\n\n\n<p>Soru \u015fu: Biz o vagonun i\u00e7inde miyiz, yoksa arkas\u0131ndan el sallayanlar aras\u0131nda m\u0131?<\/p>\n","protected":false},"excerpt":{"rendered":"<p>Bundan on y\u0131l \u00f6nce birisi \u00e7\u0131k\u0131p, &#8220;Gelecekte d\u00fcnyan\u0131n en b\u00fcy\u00fck \u015firketlerini y\u00f6netmek i\u00e7in devasa plazalara, binlerce \u00e7al\u0131\u015fan\u0131n ayn\u0131 \u00e7at\u0131 alt\u0131nda sabah dokuz ak\u015fam be\u015f mesai yapmas\u0131na gerek kalmayacak,&#8221; deseydi, muhtemelen ona \u015f\u00fcpheyle bakard\u0131k. Ancak bug\u00fcn, o &#8220;gelecek&#8221; tam olarak ayaklar\u0131m\u0131z\u0131n bast\u0131\u011f\u0131 zemin haline geldi. Dijitalle\u015fme, hayat\u0131m\u0131za sessiz sedas\u0131z giren bir trend olmaktan \u00e7\u0131kt\u0131; art\u0131k i\u015f [&hellip;]<\/p>\n","protected":false},"author":14013,"featured_media":167144,"comment_status":"open","ping_status":"open","sticky":false,"template":"","format":"standard","meta":{"_yoast_wpseo_focuskw":"Dijitalle\u015fme","_yoast_wpseo_title":"","_yoast_wpseo_metadesc":"Dijitalle\u015fme, hayat\u0131m\u0131za sessiz sedas\u0131z giren bir trend olmaktan \u00e7\u0131kt\u0131, i\u015f d\u00fcnyas\u0131n\u0131n merkezinde bir hayatta kalma m\u00fccadelesine d\u00f6n\u00fc\u015ft\u00fc.","_bbp_topic_count":0,"_bbp_reply_count":0,"_bbp_total_topic_count":0,"_bbp_total_reply_count":0,"_bbp_voice_count":0,"_bbp_anonymous_reply_count":0,"_bbp_topic_count_hidden":0,"_bbp_reply_count_hidden":0,"_bbp_forum_subforum_count":0,"footnotes":"","_yoast_wpseo_focuskw_text_input":""},"categories":[11361],"tags":[],"yoast_head":"<!-- This site is optimized with the Yoast SEO plugin v23.0 - https:\/\/yoast.com\/wordpress\/plugins\/seo\/ -->\n<title>Yeni D\u00fcnyan\u0131n Yeni Kurallar\u0131: Adapte Olamayan\u0131n Vedas\u0131 - The Epoch Times TR<\/title>\n<meta name=\"description\" content=\"Dijitalle\u015fme, hayat\u0131m\u0131za sessiz sedas\u0131z giren bir trend olmaktan \u00e7\u0131kt\u0131, i\u015f d\u00fcnyas\u0131n\u0131n merkezinde bir hayatta kalma m\u00fccadelesine d\u00f6n\u00fc\u015ft\u00fc.\" \/>\n<meta name=\"robots\" content=\"index, follow, max-snippet:-1, max-image-preview:large, max-video-preview:-1\" \/>\n<link rel=\"canonical\" href=\"https:\/\/epochtimestr.com\/index.php\/yeni-dunyanin-yeni-kurallari-adapte-olamayanin-vedasi\" \/>\n<meta property=\"og:locale\" content=\"tr_TR\" \/>\n<meta property=\"og:type\" content=\"article\" \/>\n<meta property=\"og:title\" content=\"Yeni D\u00fcnyan\u0131n Yeni Kurallar\u0131: Adapte Olamayan\u0131n Vedas\u0131 - The Epoch Times TR\" \/>\n<meta property=\"og:description\" content=\"Dijitalle\u015fme, hayat\u0131m\u0131za sessiz sedas\u0131z giren bir trend olmaktan \u00e7\u0131kt\u0131, i\u015f d\u00fcnyas\u0131n\u0131n merkezinde bir hayatta kalma m\u00fccadelesine d\u00f6n\u00fc\u015ft\u00fc.\" \/>\n<meta property=\"og:url\" content=\"https:\/\/epochtimestr.com\/index.php\/yeni-dunyanin-yeni-kurallari-adapte-olamayanin-vedasi\" \/>\n<meta property=\"og:site_name\" content=\"The Epoch Times TR\" \/>\n<meta property=\"article:publisher\" content=\"https:\/\/www.facebook.com\/theepochtimestr\" \/>\n<meta property=\"article:published_time\" content=\"2026-06-20T04:00:00+00:00\" \/>\n<meta property=\"article:modified_time\" content=\"2026-06-19T16:38:01+00:00\" \/>\n<meta property=\"og:image\" content=\"https:\/\/epochtimestr.com\/wp-content\/uploads\/2011y\/ali-kekliktepe-SM.jpeg\" \/>\n\t<meta property=\"og:image:width\" content=\"1200\" \/>\n\t<meta property=\"og:image:height\" content=\"630\" \/>\n\t<meta property=\"og:image:type\" content=\"image\/jpeg\" \/>\n<meta name=\"author\" content=\"Ali Kekliktepe\" \/>\n<meta name=\"twitter:card\" content=\"summary_large_image\" \/>\n<meta name=\"twitter:creator\" content=\"@TheEpochTimesTR\" \/>\n<meta name=\"twitter:site\" content=\"@TheEpochTimesTR\" \/>\n<meta name=\"twitter:label1\" content=\"Yazan:\" \/>\n\t<meta name=\"twitter:data1\" content=\"Ali Kekliktepe\" \/>\n\t<meta name=\"twitter:label2\" content=\"Tahmini okuma s\u00fcresi\" \/>\n\t<meta name=\"twitter:data2\" content=\"3 dakika\" \/>\n<script type=\"application\/ld+json\" class=\"yoast-schema-graph\">{\"@context\":\"https:\/\/schema.org\",\"@graph\":[{\"@type\":\"Article\",\"@id\":\"https:\/\/epochtimestr.com\/index.php\/yeni-dunyanin-yeni-kurallari-adapte-olamayanin-vedasi#article\",\"isPartOf\":{\"@id\":\"https:\/\/epochtimestr.com\/index.php\/yeni-dunyanin-yeni-kurallari-adapte-olamayanin-vedasi\"},\"author\":{\"name\":\"Ali Kekliktepe\",\"@id\":\"https:\/\/epochtimestr.com\/#\/schema\/person\/da94a416fed1aed029d0a47e85673b95\"},\"headline\":\"Yeni D\u00fcnyan\u0131n Yeni Kurallar\u0131: Adapte Olamayan\u0131n Vedas\u0131\",\"datePublished\":\"2026-06-20T04:00:00+00:00\",\"dateModified\":\"2026-06-19T16:38:01+00:00\",\"mainEntityOfPage\":{\"@id\":\"https:\/\/epochtimestr.com\/index.php\/yeni-dunyanin-yeni-kurallari-adapte-olamayanin-vedasi\"},\"wordCount\":528,\"commentCount\":0,\"publisher\":{\"@id\":\"https:\/\/epochtimestr.com\/#organization\"},\"image\":{\"@id\":\"https:\/\/epochtimestr.com\/index.php\/yeni-dunyanin-yeni-kurallari-adapte-olamayanin-vedasi#primaryimage\"},\"thumbnailUrl\":\"https:\/\/epochtimestr.com\/wp-content\/uploads\/2011y\/Ali-Kekliktepe.jpg\",\"articleSection\":[\"K\u00f6\u015fe Yaz\u0131lar\u0131 Ali Kekliktepe\"],\"inLanguage\":\"tr\",\"potentialAction\":[{\"@type\":\"CommentAction\",\"name\":\"Comment\",\"target\":[\"https:\/\/epochtimestr.com\/index.php\/yeni-dunyanin-yeni-kurallari-adapte-olamayanin-vedasi#respond\"]}]},{\"@type\":\"WebPage\",\"@id\":\"https:\/\/epochtimestr.com\/index.php\/yeni-dunyanin-yeni-kurallari-adapte-olamayanin-vedasi\",\"url\":\"https:\/\/epochtimestr.com\/index.php\/yeni-dunyanin-yeni-kurallari-adapte-olamayanin-vedasi\",\"name\":\"Yeni D\u00fcnyan\u0131n Yeni Kurallar\u0131: Adapte Olamayan\u0131n Vedas\u0131 - The Epoch Times TR\",\"isPartOf\":{\"@id\":\"https:\/\/epochtimestr.com\/#website\"},\"primaryImageOfPage\":{\"@id\":\"https:\/\/epochtimestr.com\/index.php\/yeni-dunyanin-yeni-kurallari-adapte-olamayanin-vedasi#primaryimage\"},\"image\":{\"@id\":\"https:\/\/epochtimestr.com\/index.php\/yeni-dunyanin-yeni-kurallari-adapte-olamayanin-vedasi#primaryimage\"},\"thumbnailUrl\":\"https:\/\/epochtimestr.com\/wp-content\/uploads\/2011y\/Ali-Kekliktepe.jpg\",\"datePublished\":\"2026-06-20T04:00:00+00:00\",\"dateModified\":\"2026-06-19T16:38:01+00:00\",\"description\":\"Dijitalle\u015fme, hayat\u0131m\u0131za sessiz sedas\u0131z giren bir trend olmaktan \u00e7\u0131kt\u0131, i\u015f d\u00fcnyas\u0131n\u0131n merkezinde bir hayatta kalma m\u00fccadelesine d\u00f6n\u00fc\u015ft\u00fc.\",\"inLanguage\":\"tr\",\"potentialAction\":[{\"@type\":\"ReadAction\",\"target\":[\"https:\/\/epochtimestr.com\/index.php\/yeni-dunyanin-yeni-kurallari-adapte-olamayanin-vedasi\"]}]},{\"@type\":\"ImageObject\",\"inLanguage\":\"tr\",\"@id\":\"https:\/\/epochtimestr.com\/index.php\/yeni-dunyanin-yeni-kurallari-adapte-olamayanin-vedasi#primaryimage\",\"url\":\"https:\/\/epochtimestr.com\/wp-content\/uploads\/2011y\/Ali-Kekliktepe.jpg\",\"contentUrl\":\"https:\/\/epochtimestr.com\/wp-content\/uploads\/2011y\/Ali-Kekliktepe.jpg\",\"width\":600,\"height\":600},{\"@type\":\"WebSite\",\"@id\":\"https:\/\/epochtimestr.com\/#website\",\"url\":\"https:\/\/epochtimestr.com\/\",\"name\":\"The Epoch Times TR\",\"description\":\"De\u011fi\u015fen D\u00fcnyam\u0131za Taze Bir Bak\u0131\u015f\",\"publisher\":{\"@id\":\"https:\/\/epochtimestr.com\/#organization\"},\"potentialAction\":[{\"@type\":\"SearchAction\",\"target\":{\"@type\":\"EntryPoint\",\"urlTemplate\":\"https:\/\/epochtimestr.com\/?s={search_term_string}\"},\"query-input\":\"required name=search_term_string\"}],\"inLanguage\":\"tr\"},{\"@type\":\"Organization\",\"@id\":\"https:\/\/epochtimestr.com\/#organization\",\"name\":\"The EpochTimes T\u00fcrkiye\",\"url\":\"https:\/\/epochtimestr.com\/\",\"logo\":{\"@type\":\"ImageObject\",\"inLanguage\":\"tr\",\"@id\":\"https:\/\/epochtimestr.com\/#\/schema\/logo\/image\/\",\"url\":\"https:\/\/epochtimestr.com\/wp-content\/uploads\/2011y\/ET-Logo-YG.jpg\",\"contentUrl\":\"https:\/\/epochtimestr.com\/wp-content\/uploads\/2011y\/ET-Logo-YG.jpg\",\"width\":346,\"height\":29,\"caption\":\"The EpochTimes T\u00fcrkiye\"},\"image\":{\"@id\":\"https:\/\/epochtimestr.com\/#\/schema\/logo\/image\/\"},\"sameAs\":[\"https:\/\/www.facebook.com\/theepochtimestr\",\"https:\/\/x.com\/TheEpochTimesTR\",\"https:\/\/www.instagram.com\/epochtimestr\"]},{\"@type\":\"Person\",\"@id\":\"https:\/\/epochtimestr.com\/#\/schema\/person\/da94a416fed1aed029d0a47e85673b95\",\"name\":\"Ali Kekliktepe\",\"image\":{\"@type\":\"ImageObject\",\"inLanguage\":\"tr\",\"@id\":\"https:\/\/epochtimestr.com\/#\/schema\/person\/image\/\",\"url\":\"https:\/\/secure.gravatar.com\/avatar\/6c965c3fc374c8f4af759baef4f38bcd?s=96&d=mm&r=g\",\"contentUrl\":\"https:\/\/secure.gravatar.com\/avatar\/6c965c3fc374c8f4af759baef4f38bcd?s=96&d=mm&r=g\",\"caption\":\"Ali Kekliktepe\"},\"description\":\"Ben Ali Kekliktepe; hayat\u0131n\u0131 \u00f6\u011frenmeye, \u00f6\u011fretmeye ve toplumsal fayda yaratmaya adam\u0131\u015f bir yazar ve profesyonelim. Kalemi sadece ka\u011f\u0131da dokunan bir ara\u00e7 de\u011fil, toplumun aksayan y\u00f6nlerine \u015fifa olan bir enstr\u00fcman olarak g\u00f6r\u00fcyorum.\",\"sameAs\":[\"https:\/\/alikekliktepemersin33.blogspot.com\/\"],\"url\":\"https:\/\/epochtimestr.com\/index.php\/author\/ali\"}]}<\/script>\n<!-- \/ Yoast SEO plugin. -->","yoast_head_json":{"title":"Yeni D\u00fcnyan\u0131n Yeni Kurallar\u0131: Adapte Olamayan\u0131n Vedas\u0131 - The Epoch Times TR","description":"Dijitalle\u015fme, hayat\u0131m\u0131za sessiz sedas\u0131z giren bir trend olmaktan \u00e7\u0131kt\u0131, i\u015f d\u00fcnyas\u0131n\u0131n merkezinde bir hayatta kalma m\u00fccadelesine d\u00f6n\u00fc\u015ft\u00fc.","robots":{"index":"index","follow":"follow","max-snippet":"max-snippet:-1","max-image-preview":"max-image-preview:large","max-video-preview":"max-video-preview:-1"},"canonical":"https:\/\/epochtimestr.com\/index.php\/yeni-dunyanin-yeni-kurallari-adapte-olamayanin-vedasi","og_locale":"tr_TR","og_type":"article","og_title":"Yeni D\u00fcnyan\u0131n Yeni Kurallar\u0131: Adapte Olamayan\u0131n Vedas\u0131 - The Epoch Times TR","og_description":"Dijitalle\u015fme, hayat\u0131m\u0131za sessiz sedas\u0131z giren bir trend olmaktan \u00e7\u0131kt\u0131, i\u015f d\u00fcnyas\u0131n\u0131n merkezinde bir hayatta kalma m\u00fccadelesine d\u00f6n\u00fc\u015ft\u00fc.","og_url":"https:\/\/epochtimestr.com\/index.php\/yeni-dunyanin-yeni-kurallari-adapte-olamayanin-vedasi","og_site_name":"The Epoch Times TR","article_publisher":"https:\/\/www.facebook.com\/theepochtimestr","article_published_time":"2026-06-20T04:00:00+00:00","article_modified_time":"2026-06-19T16:38:01+00:00","og_image":[{"width":1200,"height":630,"url":"https:\/\/epochtimestr.com\/wp-content\/uploads\/2011y\/ali-kekliktepe-SM.jpeg","type":"image\/jpeg"}],"author":"Ali Kekliktepe","twitter_card":"summary_large_image","twitter_creator":"@TheEpochTimesTR","twitter_site":"@TheEpochTimesTR","twitter_misc":{"Yazan:":"Ali Kekliktepe","Tahmini okuma s\u00fcresi":"3 dakika"},"schema":{"@context":"https:\/\/schema.org","@graph":[{"@type":"Article","@id":"https:\/\/epochtimestr.com\/index.php\/yeni-dunyanin-yeni-kurallari-adapte-olamayanin-vedasi#article","isPartOf":{"@id":"https:\/\/epochtimestr.com\/index.php\/yeni-dunyanin-yeni-kurallari-adapte-olamayanin-vedasi"},"author":{"name":"Ali Kekliktepe","@id":"https:\/\/epochtimestr.com\/#\/schema\/person\/da94a416fed1aed029d0a47e85673b95"},"headline":"Yeni D\u00fcnyan\u0131n Yeni Kurallar\u0131: Adapte Olamayan\u0131n Vedas\u0131","datePublished":"2026-06-20T04:00:00+00:00","dateModified":"2026-06-19T16:38:01+00:00","mainEntityOfPage":{"@id":"https:\/\/epochtimestr.com\/index.php\/yeni-dunyanin-yeni-kurallari-adapte-olamayanin-vedasi"},"wordCount":528,"commentCount":0,"publisher":{"@id":"https:\/\/epochtimestr.com\/#organization"},"image":{"@id":"https:\/\/epochtimestr.com\/index.php\/yeni-dunyanin-yeni-kurallari-adapte-olamayanin-vedasi#primaryimage"},"thumbnailUrl":"https:\/\/epochtimestr.com\/wp-content\/uploads\/2011y\/Ali-Kekliktepe.jpg","articleSection":["K\u00f6\u015fe Yaz\u0131lar\u0131 Ali Kekliktepe"],"inLanguage":"tr","potentialAction":[{"@type":"CommentAction","name":"Comment","target":["https:\/\/epochtimestr.com\/index.php\/yeni-dunyanin-yeni-kurallari-adapte-olamayanin-vedasi#respond"]}]},{"@type":"WebPage","@id":"https:\/\/epochtimestr.com\/index.php\/yeni-dunyanin-yeni-kurallari-adapte-olamayanin-vedasi","url":"https:\/\/epochtimestr.com\/index.php\/yeni-dunyanin-yeni-kurallari-adapte-olamayanin-vedasi","name":"Yeni D\u00fcnyan\u0131n Yeni Kurallar\u0131: Adapte Olamayan\u0131n Vedas\u0131 - The Epoch Times TR","isPartOf":{"@id":"https:\/\/epochtimestr.com\/#website"},"primaryImageOfPage":{"@id":"https:\/\/epochtimestr.com\/index.php\/yeni-dunyanin-yeni-kurallari-adapte-olamayanin-vedasi#primaryimage"},"image":{"@id":"https:\/\/epochtimestr.com\/index.php\/yeni-dunyanin-yeni-kurallari-adapte-olamayanin-vedasi#primaryimage"},"thumbnailUrl":"https:\/\/epochtimestr.com\/wp-content\/uploads\/2011y\/Ali-Kekliktepe.jpg","datePublished":"2026-06-20T04:00:00+00:00","dateModified":"2026-06-19T16:38:01+00:00","description":"Dijitalle\u015fme, hayat\u0131m\u0131za sessiz sedas\u0131z giren bir trend olmaktan \u00e7\u0131kt\u0131, i\u015f d\u00fcnyas\u0131n\u0131n merkezinde bir hayatta kalma m\u00fccadelesine d\u00f6n\u00fc\u015ft\u00fc.","inLanguage":"tr","potentialAction":[{"@type":"ReadAction","target":["https:\/\/epochtimestr.com\/index.php\/yeni-dunyanin-yeni-kurallari-adapte-olamayanin-vedasi"]}]},{"@type":"ImageObject","inLanguage":"tr","@id":"https:\/\/epochtimestr.com\/index.php\/yeni-dunyanin-yeni-kurallari-adapte-olamayanin-vedasi#primaryimage","url":"https:\/\/epochtimestr.com\/wp-content\/uploads\/2011y\/Ali-Kekliktepe.jpg","contentUrl":"https:\/\/epochtimestr.com\/wp-content\/uploads\/2011y\/Ali-Kekliktepe.jpg","width":600,"height":600},{"@type":"WebSite","@id":"https:\/\/epochtimestr.com\/#website","url":"https:\/\/epochtimestr.com\/","name":"The Epoch Times TR","description":"De\u011fi\u015fen D\u00fcnyam\u0131za Taze Bir Bak\u0131\u015f","publisher":{"@id":"https:\/\/epochtimestr.com\/#organization"},"potentialAction":[{"@type":"SearchAction","target":{"@type":"EntryPoint","urlTemplate":"https:\/\/epochtimestr.com\/?s={search_term_string}"},"query-input":"required name=search_term_string"}],"inLanguage":"tr"},{"@type":"Organization","@id":"https:\/\/epochtimestr.com\/#organization","name":"The EpochTimes T\u00fcrkiye","url":"https:\/\/epochtimestr.com\/","logo":{"@type":"ImageObject","inLanguage":"tr","@id":"https:\/\/epochtimestr.com\/#\/schema\/logo\/image\/","url":"https:\/\/epochtimestr.com\/wp-content\/uploads\/2011y\/ET-Logo-YG.jpg","contentUrl":"https:\/\/epochtimestr.com\/wp-content\/uploads\/2011y\/ET-Logo-YG.jpg","width":346,"height":29,"caption":"The EpochTimes T\u00fcrkiye"},"image":{"@id":"https:\/\/epochtimestr.com\/#\/schema\/logo\/image\/"},"sameAs":["https:\/\/www.facebook.com\/theepochtimestr","https:\/\/x.com\/TheEpochTimesTR","https:\/\/www.instagram.com\/epochtimestr"]},{"@type":"Person","@id":"https:\/\/epochtimestr.com\/#\/schema\/person\/da94a416fed1aed029d0a47e85673b95","name":"Ali Kekliktepe","image":{"@type":"ImageObject","inLanguage":"tr","@id":"https:\/\/epochtimestr.com\/#\/schema\/person\/image\/","url":"https:\/\/secure.gravatar.com\/avatar\/6c965c3fc374c8f4af759baef4f38bcd?s=96&d=mm&r=g","contentUrl":"https:\/\/secure.gravatar.com\/avatar\/6c965c3fc374c8f4af759baef4f38bcd?s=96&d=mm&r=g","caption":"Ali Kekliktepe"},"description":"Ben Ali Kekliktepe; hayat\u0131n\u0131 \u00f6\u011frenmeye, \u00f6\u011fretmeye ve toplumsal fayda yaratmaya adam\u0131\u015f bir yazar ve profesyonelim. Kalemi sadece ka\u011f\u0131da dokunan bir ara\u00e7 de\u011fil, toplumun aksayan y\u00f6nlerine \u015fifa olan bir enstr\u00fcman olarak g\u00f6r\u00fcyorum.","sameAs":["https:\/\/alikekliktepemersin33.blogspot.com\/"],"url":"https:\/\/epochtimestr.com\/index.php\/author\/ali"}]}},"_links":{"self":[{"href":"https:\/\/epochtimestr.com\/index.php\/wp-json\/wp\/v2\/posts\/167920"}],"collection":[{"href":"https:\/\/epochtimestr.com\/index.php\/wp-json\/wp\/v2\/posts"}],"about":[{"href":"https:\/\/epochtimestr.com\/index.php\/wp-json\/wp\/v2\/types\/post"}],"author":[{"embeddable":true,"href":"https:\/\/epochtimestr.com\/index.php\/wp-json\/wp\/v2\/users\/14013"}],"replies":[{"embeddable":true,"href":"https:\/\/epochtimestr.com\/index.php\/wp-json\/wp\/v2\/comments?post=167920"}],"version-history":[{"count":1,"href":"https:\/\/epochtimestr.com\/index.php\/wp-json\/wp\/v2\/posts\/167920\/revisions"}],"predecessor-version":[{"id":167921,"href":"https:\/\/epochtimestr.com\/index.php\/wp-json\/wp\/v2\/posts\/167920\/revisions\/167921"}],"wp:featuredmedia":[{"embeddable":true,"href":"https:\/\/epochtimestr.com\/index.php\/wp-json\/wp\/v2\/media\/167144"}],"wp:attachment":[{"href":"https:\/\/epochtimestr.com\/index.php\/wp-json\/wp\/v2\/media?parent=167920"}],"wp:term":[{"taxonomy":"category","embeddable":true,"href":"https:\/\/epochtimestr.com\/index.php\/wp-json\/wp\/v2\/categories?post=167920"},{"taxonomy":"post_tag","embeddable":true,"href":"https:\/\/epochtimestr.com\/index.php\/wp-json\/wp\/v2\/tags?post=167920"}],"curies":[{"name":"wp","href":"https:\/\/api.w.org\/{rel}","templated":true}]}}