{"id":167922,"date":"2026-06-20T08:00:00","date_gmt":"2026-06-20T05:00:00","guid":{"rendered":"https:\/\/epochtimestr.com\/?p=167922"},"modified":"2026-06-19T20:12:36","modified_gmt":"2026-06-19T17:12:36","slug":"bir-yenisehir-gonullusu","status":"publish","type":"post","link":"https:\/\/epochtimestr.com\/index.php\/bir-yenisehir-gonullusu","title":{"rendered":"Bir Yeni\u015fehir G\u00f6n\u00fcll\u00fcs\u00fc"},"content":{"rendered":"\n<p><em>Bu yaz\u0131 ilk olarak 18 Ekim 2017\u2019de inovatifhaber.com\u2019da yay\u0131mlanm\u0131\u015ft\u0131r.<\/em><\/p>\n\n\n\n<p class=\"has-text-align-right\">&nbsp;\u201cHepimiz bir yerlerdeydik, bir yerlerden geldik\u201d<\/p>\n\n\n\n<p>\u0130nsan toplumsal varl\u0131kt\u0131r. Fakat toplum i\u00e7inde ya\u015famak, var olmak, her insan i\u00e7in ayn\u0131 veya benzer d\u00fczeylerde ger\u00e7ekle\u015fmez. Kimileri duyarl\u0131l\u0131k g\u00f6sterir, daha fedak\u00e2rd\u0131r. Kimileri kendi halinde ya\u015far ya da ki\u015fisel \u00e7\u0131karlar\u0131 \u00f6n plana \u00e7\u0131kart\u0131r. Bug\u00fcnk\u00fc konu\u011fumuz Mustafa Kayman, duyarl\u0131 ve fedak\u00e2r insanlardand\u0131r. Kayman, otuz y\u0131ll\u0131k usta bir elektrik\u00e7i. Yeni\u015fehir il\u00e7esinde elektrik\u00e7i d\u00fckk\u00e2n\u0131 var. O ayn\u0131 zamanda, MHP Yeni\u015fehir il\u00e7e te\u015fkilat\u0131 y\u00f6netiminde ve Mersin\u2019de ya\u015fayan elli bin Ni\u011fde k\u00f6kenliden biri.<\/p>\n\n\n\n<p>Mustafa Bey Yeni\u015fehir\u2019i iyi tan\u0131yor, evi gibi g\u00f6r\u00fcyor. Burada g\u00f6rev yapmaktan olduk\u00e7a memnun. Yeni\u015fehir Mersin\u2019in 13 il\u00e7esi aras\u0131nda, b\u00fcy\u00fckl\u00fckte 4. il\u00e7e. 160 binin \u00fczerinde se\u00e7meni, 300 bine yak\u0131nda kay\u0131tl\u0131 n\u00fcfusu bulunmakta. Mersin\u2019in yeni ve modern y\u00fcz\u00fcn\u00fc temsil ediyor. Kozmopolit bir yap\u0131ya sahip. Bu haliyle de \u015fehrin gelece\u011finde her daim s\u00f6z sahibi olmaya aday. B\u00fcy\u00fck al\u0131\u015fveri\u015f merkezleri, \u00f6zel okullar\u0131, et\u00fct merkezleri ve t\u0131p merkezleri ile b\u00fcy\u00fcmeye ve geli\u015fmeye a\u00e7\u0131k. Ancak kentsel d\u00f6n\u00fc\u015f\u00fcm\u00fcn\u00fc tamamlamas\u0131, ye\u015fil alanlar\u0131n\u0131 \u00e7o\u011faltmas\u0131, trafik s\u0131k\u0131\u015f\u0131kl\u0131\u011f\u0131n\u0131 \u00e7\u00f6zmesi ve yeni i\u015f alanlar\u0131n\u0131 devreye sokmas\u0131 gerekir.<\/p>\n\n\n\n<p>Her \u015fehir ba\u015fkad\u0131r, dinamiktir, ya\u015far&#8230; H\u00e2lden h\u00e2le ge\u00e7er ve yerinde duramaz. Tarih boyu \u00e7evre, merkeze akm\u0131\u015ft\u0131r hep! Tarih dendi\u011finde genelde sava\u015flar hat\u0131rlansa da g\u00f6\u00e7ler de bir o kadar y\u00f6n vermi\u015ftir. \u0130\u015fte Mersin \u015fehri de Yeni\u015fehir de g\u00f6\u00e7 olgusunun damgas\u0131n\u0131 vurdu\u011fu ve her an kendini g\u00f6sterdi\u011fi, hissettirdi\u011fi yerle\u015fim birimleridir. Bir- iki ku\u015fak \u00f6ncesi buralara gelenler, \u015fimdilerde yeni hem\u015fehrileri Suriyelilerin \u015fehre uyum s\u00fcre\u00e7lerini dert edinmekteler.<\/p>\n\n\n\n<p>Mustafa Kayman her ne kadar kabullenmese de asl\u0131nda zorlu bir m\u00fccadelenin i\u00e7inde. Partisinin oyunu artt\u0131rmaya \u00e7abalamak, partiye yeni y\u00fczler \u00e7ekmek, hi\u00e7 te san\u0131ld\u0131\u011f\u0131 kadar kolay bir u\u011fra\u015f olmasa gerek. Halkla i\u00e7 i\u00e7e bulunmak, projeleri anlatmak ve onlar\u0131n sorunlar\u0131n\u0131 dinlemek, \u015fu aralar onun yo\u011fun bi\u00e7imde yapt\u0131klar\u0131 aras\u0131nda. O, partisine ve g\u00f6n\u00fcl verdi\u011fi il\u00e7esine zaman ay\u0131r\u0131yor, kafa yoruyor.<\/p>\n\n\n\n<p>Yeni\u015fehir \u00f6zellikle Forum- Ku\u015fimato civar\u0131 gen\u00e7lerin yo\u011fun k\u00fcmele\u015ftikleri yerler. Gen\u00e7lerin a\u011f\u0131rl\u0131kl\u0131 b\u00f6l\u00fcm\u00fcn\u00fc de \u00fcniversiteli gen\u00e7ler olu\u015fturmakta. Onlar\u0131 kafe-kahvehane ortam\u0131ndan almak, k\u00fclt\u00fcrel faaliyetler i\u00e7ine \u00e7ekmek gerekiyor. K\u00f6t\u00fc al\u0131\u015fkanl\u0131klardan uzak tutan etkinliklere b\u00fcy\u00fck ihtiya\u00e7 duyuluyor.<\/p>\n\n\n\n<p>Sosyal medyan\u0131n g\u00fcc\u00fc yads\u0131namaz. Siyasi arenada hem ki\u015fisel hem kurumsal bi\u00e7imde ba\u015far\u0131l\u0131 olmak isteyenler, bu mecray\u0131 iyi bilmek ve kullanmak zorunda. Sosyal medya ayn\u0131 zamanda kullanmas\u0131n\u0131 becerenlere b\u00fcy\u00fck kolayl\u0131k getiriyor, tan\u0131t\u0131m sa\u011fl\u0131yor. Para ve \u00fcn sahibi olmayanlara da f\u0131rsatlar sunuyor. Mustafa Kayman bu alan\u0131 etkin kullanan isimlerden! Esnaflara, emeklilere y\u00f6nelik \u00e7al\u0131\u015fmalar\u0131n\u0131 oradan takip etme imk\u00e2n\u0131 buluyorum.<\/p>\n\n\n\n<p>\u00d6n\u00fcm\u00fczde, yerelde ve genelde iki \u00f6nemli se\u00e7im var. Kayman, se\u00e7imlere kadar kalan s\u00fcreyi verimli de\u011ferlendirmek istiyor. B\u00fcy\u00fck\u015fehir belediyesinin \u00e7al\u0131\u015fmalar\u0131n\u0131 yak\u0131ndan takip ediyor. Ba\u015fkan Kocamaz\u2019\u0131n \u00e7al\u0131\u015fkanl\u0131\u011f\u0131n\u0131n ve disiplinli olu\u015funun meyvelerini ald\u0131klar\u0131n\u0131 d\u00fc\u015f\u00fcn\u00fcyor. Ancak o, baz\u0131 konular\u0131n da merkezi h\u00fck\u00fcmetin deste\u011fi sa\u011flanmadan \u00e7\u00f6z\u00fclemeyece\u011fini biliyor.<\/p>\n\n\n\n<p>Yaz\u0131m\u0131z\u0131n ba\u015f\u0131nda Mustafa beyin fedak\u00e2rl\u0131k yapt\u0131\u011f\u0131na vurgu yapt\u0131m. Bunu g\u00f6zlemlemek i\u00e7in onun d\u00fckk\u00e2n\u0131na bir u\u011framak yeterli. K\u0131s\u0131tl\u0131 zaman\u0131n\u0131 i\u015fine, ailesine ve partisine hakkaniyetle kullanmas\u0131 laz\u0131m. Bir\u00e7ok sivil toplum g\u00f6n\u00fcll\u00fcs\u00fcn\u00fcn ya\u015fad\u0131\u011f\u0131 zorluklardand\u0131r, zaman darl\u0131\u011f\u0131. \u0130\u015fte bunun fark\u0131na vararak onu fazla tutmak istemiyorum. Mesleki ve siyasi alandaki ba\u015far\u0131lar\u0131n\u0131 \u00e7o\u011faltmas\u0131 ve g\u00fc\u00e7lendirmesi temennisiyle ayr\u0131l\u0131yorum d\u00fckk\u00e2n\u0131ndan.<\/p>\n","protected":false},"excerpt":{"rendered":"<p>Bu yaz\u0131 ilk olarak 18 Ekim 2017\u2019de inovatifhaber.com\u2019da yay\u0131mlanm\u0131\u015ft\u0131r. &nbsp;\u201cHepimiz bir yerlerdeydik, bir yerlerden geldik\u201d \u0130nsan toplumsal varl\u0131kt\u0131r. Fakat toplum i\u00e7inde ya\u015famak, var olmak, her insan i\u00e7in ayn\u0131 veya benzer d\u00fczeylerde ger\u00e7ekle\u015fmez. Kimileri duyarl\u0131l\u0131k g\u00f6sterir, daha fedak\u00e2rd\u0131r. Kimileri kendi halinde ya\u015far ya da ki\u015fisel \u00e7\u0131karlar\u0131 \u00f6n plana \u00e7\u0131kart\u0131r. Bug\u00fcnk\u00fc konu\u011fumuz Mustafa Kayman, duyarl\u0131 ve fedak\u00e2r [&hellip;]<\/p>\n","protected":false},"author":14001,"featured_media":161038,"comment_status":"open","ping_status":"open","sticky":false,"template":"","format":"standard","meta":{"_yoast_wpseo_focuskw":"Mustafa Kayman","_yoast_wpseo_title":"","_yoast_wpseo_metadesc":"\u0130nsan toplumsal varl\u0131kt\u0131r. Fakat toplum i\u00e7inde ya\u015famak, var olmak, her insan i\u00e7in ayn\u0131 veya benzer d\u00fczeylerde ger\u00e7ekle\u015fmez.","_bbp_topic_count":0,"_bbp_reply_count":0,"_bbp_total_topic_count":0,"_bbp_total_reply_count":0,"_bbp_voice_count":0,"_bbp_anonymous_reply_count":0,"_bbp_topic_count_hidden":0,"_bbp_reply_count_hidden":0,"_bbp_forum_subforum_count":0,"footnotes":"","_yoast_wpseo_focuskw_text_input":""},"categories":[9170],"tags":[],"yoast_head":"<!-- This site is optimized with the Yoast SEO plugin v23.0 - https:\/\/yoast.com\/wordpress\/plugins\/seo\/ -->\n<title>Bir Yeni\u015fehir G\u00f6n\u00fcll\u00fcs\u00fc - The Epoch Times TR<\/title>\n<meta name=\"description\" content=\"\u0130nsan toplumsal varl\u0131kt\u0131r. Fakat toplum i\u00e7inde ya\u015famak, var olmak, her insan i\u00e7in ayn\u0131 veya benzer d\u00fczeylerde ger\u00e7ekle\u015fmez.\" \/>\n<meta name=\"robots\" content=\"index, follow, max-snippet:-1, max-image-preview:large, max-video-preview:-1\" \/>\n<link rel=\"canonical\" href=\"https:\/\/epochtimestr.com\/index.php\/bir-yenisehir-gonullusu\" \/>\n<meta property=\"og:locale\" content=\"tr_TR\" \/>\n<meta property=\"og:type\" content=\"article\" \/>\n<meta property=\"og:title\" content=\"Bir Yeni\u015fehir G\u00f6n\u00fcll\u00fcs\u00fc - The Epoch Times TR\" \/>\n<meta property=\"og:description\" content=\"\u0130nsan toplumsal varl\u0131kt\u0131r. Fakat toplum i\u00e7inde ya\u015famak, var olmak, her insan i\u00e7in ayn\u0131 veya benzer d\u00fczeylerde ger\u00e7ekle\u015fmez.\" \/>\n<meta property=\"og:url\" content=\"https:\/\/epochtimestr.com\/index.php\/bir-yenisehir-gonullusu\" \/>\n<meta property=\"og:site_name\" content=\"The Epoch Times TR\" \/>\n<meta property=\"article:publisher\" content=\"https:\/\/www.facebook.com\/theepochtimestr\" \/>\n<meta property=\"article:published_time\" content=\"2026-06-20T05:00:00+00:00\" \/>\n<meta property=\"article:modified_time\" content=\"2026-06-19T17:12:36+00:00\" \/>\n<meta property=\"og:image\" content=\"https:\/\/epochtimestr.com\/wp-content\/uploads\/2011y\/bzct-mk.jpg\" \/>\n\t<meta property=\"og:image:width\" content=\"1200\" \/>\n\t<meta property=\"og:image:height\" content=\"630\" \/>\n\t<meta property=\"og:image:type\" content=\"image\/jpeg\" \/>\n<meta name=\"author\" content=\"Bekir Zorba\" \/>\n<meta name=\"twitter:card\" content=\"summary_large_image\" \/>\n<meta name=\"twitter:creator\" content=\"@TheEpochTimesTR\" \/>\n<meta name=\"twitter:site\" content=\"@TheEpochTimesTR\" \/>\n<meta name=\"twitter:label1\" content=\"Yazan:\" \/>\n\t<meta name=\"twitter:data1\" content=\"Bekir Zorba\" \/>\n\t<meta name=\"twitter:label2\" content=\"Tahmini okuma s\u00fcresi\" \/>\n\t<meta name=\"twitter:data2\" content=\"4 dakika\" \/>\n<script type=\"application\/ld+json\" class=\"yoast-schema-graph\">{\"@context\":\"https:\/\/schema.org\",\"@graph\":[{\"@type\":\"Article\",\"@id\":\"https:\/\/epochtimestr.com\/index.php\/bir-yenisehir-gonullusu#article\",\"isPartOf\":{\"@id\":\"https:\/\/epochtimestr.com\/index.php\/bir-yenisehir-gonullusu\"},\"author\":{\"name\":\"Bekir Zorba\",\"@id\":\"https:\/\/epochtimestr.com\/#\/schema\/person\/da1ad104599611965442ed3e7e9acb2b\"},\"headline\":\"Bir Yeni\u015fehir G\u00f6n\u00fcll\u00fcs\u00fc\",\"datePublished\":\"2026-06-20T05:00:00+00:00\",\"dateModified\":\"2026-06-19T17:12:36+00:00\",\"mainEntityOfPage\":{\"@id\":\"https:\/\/epochtimestr.com\/index.php\/bir-yenisehir-gonullusu\"},\"wordCount\":713,\"commentCount\":0,\"publisher\":{\"@id\":\"https:\/\/epochtimestr.com\/#organization\"},\"image\":{\"@id\":\"https:\/\/epochtimestr.com\/index.php\/bir-yenisehir-gonullusu#primaryimage\"},\"thumbnailUrl\":\"https:\/\/epochtimestr.com\/wp-content\/uploads\/2011y\/Bekir-Zorba.png\",\"articleSection\":[\"K\u00f6\u015fe Yaz\u0131lar\u0131 Bekir Zorba\"],\"inLanguage\":\"tr\",\"potentialAction\":[{\"@type\":\"CommentAction\",\"name\":\"Comment\",\"target\":[\"https:\/\/epochtimestr.com\/index.php\/bir-yenisehir-gonullusu#respond\"]}]},{\"@type\":\"WebPage\",\"@id\":\"https:\/\/epochtimestr.com\/index.php\/bir-yenisehir-gonullusu\",\"url\":\"https:\/\/epochtimestr.com\/index.php\/bir-yenisehir-gonullusu\",\"name\":\"Bir Yeni\u015fehir G\u00f6n\u00fcll\u00fcs\u00fc - The Epoch Times TR\",\"isPartOf\":{\"@id\":\"https:\/\/epochtimestr.com\/#website\"},\"primaryImageOfPage\":{\"@id\":\"https:\/\/epochtimestr.com\/index.php\/bir-yenisehir-gonullusu#primaryimage\"},\"image\":{\"@id\":\"https:\/\/epochtimestr.com\/index.php\/bir-yenisehir-gonullusu#primaryimage\"},\"thumbnailUrl\":\"https:\/\/epochtimestr.com\/wp-content\/uploads\/2011y\/Bekir-Zorba.png\",\"datePublished\":\"2026-06-20T05:00:00+00:00\",\"dateModified\":\"2026-06-19T17:12:36+00:00\",\"description\":\"\u0130nsan toplumsal varl\u0131kt\u0131r. Fakat toplum i\u00e7inde ya\u015famak, var olmak, her insan i\u00e7in ayn\u0131 veya benzer d\u00fczeylerde ger\u00e7ekle\u015fmez.\",\"inLanguage\":\"tr\",\"potentialAction\":[{\"@type\":\"ReadAction\",\"target\":[\"https:\/\/epochtimestr.com\/index.php\/bir-yenisehir-gonullusu\"]}]},{\"@type\":\"ImageObject\",\"inLanguage\":\"tr\",\"@id\":\"https:\/\/epochtimestr.com\/index.php\/bir-yenisehir-gonullusu#primaryimage\",\"url\":\"https:\/\/epochtimestr.com\/wp-content\/uploads\/2011y\/Bekir-Zorba.png\",\"contentUrl\":\"https:\/\/epochtimestr.com\/wp-content\/uploads\/2011y\/Bekir-Zorba.png\",\"width\":600,\"height\":600},{\"@type\":\"WebSite\",\"@id\":\"https:\/\/epochtimestr.com\/#website\",\"url\":\"https:\/\/epochtimestr.com\/\",\"name\":\"The Epoch Times TR\",\"description\":\"De\u011fi\u015fen D\u00fcnyam\u0131za Taze Bir Bak\u0131\u015f\",\"publisher\":{\"@id\":\"https:\/\/epochtimestr.com\/#organization\"},\"potentialAction\":[{\"@type\":\"SearchAction\",\"target\":{\"@type\":\"EntryPoint\",\"urlTemplate\":\"https:\/\/epochtimestr.com\/?s={search_term_string}\"},\"query-input\":\"required name=search_term_string\"}],\"inLanguage\":\"tr\"},{\"@type\":\"Organization\",\"@id\":\"https:\/\/epochtimestr.com\/#organization\",\"name\":\"The EpochTimes T\u00fcrkiye\",\"url\":\"https:\/\/epochtimestr.com\/\",\"logo\":{\"@type\":\"ImageObject\",\"inLanguage\":\"tr\",\"@id\":\"https:\/\/epochtimestr.com\/#\/schema\/logo\/image\/\",\"url\":\"https:\/\/epochtimestr.com\/wp-content\/uploads\/2011y\/ET-Logo-YG.jpg\",\"contentUrl\":\"https:\/\/epochtimestr.com\/wp-content\/uploads\/2011y\/ET-Logo-YG.jpg\",\"width\":346,\"height\":29,\"caption\":\"The EpochTimes T\u00fcrkiye\"},\"image\":{\"@id\":\"https:\/\/epochtimestr.com\/#\/schema\/logo\/image\/\"},\"sameAs\":[\"https:\/\/www.facebook.com\/theepochtimestr\",\"https:\/\/x.com\/TheEpochTimesTR\",\"https:\/\/www.instagram.com\/epochtimestr\"]},{\"@type\":\"Person\",\"@id\":\"https:\/\/epochtimestr.com\/#\/schema\/person\/da1ad104599611965442ed3e7e9acb2b\",\"name\":\"Bekir Zorba\",\"image\":{\"@type\":\"ImageObject\",\"inLanguage\":\"tr\",\"@id\":\"https:\/\/epochtimestr.com\/#\/schema\/person\/image\/\",\"url\":\"https:\/\/secure.gravatar.com\/avatar\/eafd40d9b77b1fbf7c565a3d4916b79c?s=96&d=mm&r=g\",\"contentUrl\":\"https:\/\/secure.gravatar.com\/avatar\/eafd40d9b77b1fbf7c565a3d4916b79c?s=96&d=mm&r=g\",\"caption\":\"Bekir Zorba\"},\"url\":\"https:\/\/epochtimestr.com\/index.php\/author\/bekir\"}]}<\/script>\n<!-- \/ Yoast SEO plugin. -->","yoast_head_json":{"title":"Bir Yeni\u015fehir G\u00f6n\u00fcll\u00fcs\u00fc - The Epoch Times TR","description":"\u0130nsan toplumsal varl\u0131kt\u0131r. Fakat toplum i\u00e7inde ya\u015famak, var olmak, her insan i\u00e7in ayn\u0131 veya benzer d\u00fczeylerde ger\u00e7ekle\u015fmez.","robots":{"index":"index","follow":"follow","max-snippet":"max-snippet:-1","max-image-preview":"max-image-preview:large","max-video-preview":"max-video-preview:-1"},"canonical":"https:\/\/epochtimestr.com\/index.php\/bir-yenisehir-gonullusu","og_locale":"tr_TR","og_type":"article","og_title":"Bir Yeni\u015fehir G\u00f6n\u00fcll\u00fcs\u00fc - The Epoch Times TR","og_description":"\u0130nsan toplumsal varl\u0131kt\u0131r. Fakat toplum i\u00e7inde ya\u015famak, var olmak, her insan i\u00e7in ayn\u0131 veya benzer d\u00fczeylerde ger\u00e7ekle\u015fmez.","og_url":"https:\/\/epochtimestr.com\/index.php\/bir-yenisehir-gonullusu","og_site_name":"The Epoch Times TR","article_publisher":"https:\/\/www.facebook.com\/theepochtimestr","article_published_time":"2026-06-20T05:00:00+00:00","article_modified_time":"2026-06-19T17:12:36+00:00","og_image":[{"width":1200,"height":630,"url":"https:\/\/epochtimestr.com\/wp-content\/uploads\/2011y\/bzct-mk.jpg","type":"image\/jpeg"}],"author":"Bekir Zorba","twitter_card":"summary_large_image","twitter_creator":"@TheEpochTimesTR","twitter_site":"@TheEpochTimesTR","twitter_misc":{"Yazan:":"Bekir Zorba","Tahmini okuma s\u00fcresi":"4 dakika"},"schema":{"@context":"https:\/\/schema.org","@graph":[{"@type":"Article","@id":"https:\/\/epochtimestr.com\/index.php\/bir-yenisehir-gonullusu#article","isPartOf":{"@id":"https:\/\/epochtimestr.com\/index.php\/bir-yenisehir-gonullusu"},"author":{"name":"Bekir Zorba","@id":"https:\/\/epochtimestr.com\/#\/schema\/person\/da1ad104599611965442ed3e7e9acb2b"},"headline":"Bir Yeni\u015fehir G\u00f6n\u00fcll\u00fcs\u00fc","datePublished":"2026-06-20T05:00:00+00:00","dateModified":"2026-06-19T17:12:36+00:00","mainEntityOfPage":{"@id":"https:\/\/epochtimestr.com\/index.php\/bir-yenisehir-gonullusu"},"wordCount":713,"commentCount":0,"publisher":{"@id":"https:\/\/epochtimestr.com\/#organization"},"image":{"@id":"https:\/\/epochtimestr.com\/index.php\/bir-yenisehir-gonullusu#primaryimage"},"thumbnailUrl":"https:\/\/epochtimestr.com\/wp-content\/uploads\/2011y\/Bekir-Zorba.png","articleSection":["K\u00f6\u015fe Yaz\u0131lar\u0131 Bekir Zorba"],"inLanguage":"tr","potentialAction":[{"@type":"CommentAction","name":"Comment","target":["https:\/\/epochtimestr.com\/index.php\/bir-yenisehir-gonullusu#respond"]}]},{"@type":"WebPage","@id":"https:\/\/epochtimestr.com\/index.php\/bir-yenisehir-gonullusu","url":"https:\/\/epochtimestr.com\/index.php\/bir-yenisehir-gonullusu","name":"Bir Yeni\u015fehir G\u00f6n\u00fcll\u00fcs\u00fc - The Epoch Times TR","isPartOf":{"@id":"https:\/\/epochtimestr.com\/#website"},"primaryImageOfPage":{"@id":"https:\/\/epochtimestr.com\/index.php\/bir-yenisehir-gonullusu#primaryimage"},"image":{"@id":"https:\/\/epochtimestr.com\/index.php\/bir-yenisehir-gonullusu#primaryimage"},"thumbnailUrl":"https:\/\/epochtimestr.com\/wp-content\/uploads\/2011y\/Bekir-Zorba.png","datePublished":"2026-06-20T05:00:00+00:00","dateModified":"2026-06-19T17:12:36+00:00","description":"\u0130nsan toplumsal varl\u0131kt\u0131r. Fakat toplum i\u00e7inde ya\u015famak, var olmak, her insan i\u00e7in ayn\u0131 veya benzer d\u00fczeylerde ger\u00e7ekle\u015fmez.","inLanguage":"tr","potentialAction":[{"@type":"ReadAction","target":["https:\/\/epochtimestr.com\/index.php\/bir-yenisehir-gonullusu"]}]},{"@type":"ImageObject","inLanguage":"tr","@id":"https:\/\/epochtimestr.com\/index.php\/bir-yenisehir-gonullusu#primaryimage","url":"https:\/\/epochtimestr.com\/wp-content\/uploads\/2011y\/Bekir-Zorba.png","contentUrl":"https:\/\/epochtimestr.com\/wp-content\/uploads\/2011y\/Bekir-Zorba.png","width":600,"height":600},{"@type":"WebSite","@id":"https:\/\/epochtimestr.com\/#website","url":"https:\/\/epochtimestr.com\/","name":"The Epoch Times TR","description":"De\u011fi\u015fen D\u00fcnyam\u0131za Taze Bir Bak\u0131\u015f","publisher":{"@id":"https:\/\/epochtimestr.com\/#organization"},"potentialAction":[{"@type":"SearchAction","target":{"@type":"EntryPoint","urlTemplate":"https:\/\/epochtimestr.com\/?s={search_term_string}"},"query-input":"required name=search_term_string"}],"inLanguage":"tr"},{"@type":"Organization","@id":"https:\/\/epochtimestr.com\/#organization","name":"The EpochTimes T\u00fcrkiye","url":"https:\/\/epochtimestr.com\/","logo":{"@type":"ImageObject","inLanguage":"tr","@id":"https:\/\/epochtimestr.com\/#\/schema\/logo\/image\/","url":"https:\/\/epochtimestr.com\/wp-content\/uploads\/2011y\/ET-Logo-YG.jpg","contentUrl":"https:\/\/epochtimestr.com\/wp-content\/uploads\/2011y\/ET-Logo-YG.jpg","width":346,"height":29,"caption":"The EpochTimes T\u00fcrkiye"},"image":{"@id":"https:\/\/epochtimestr.com\/#\/schema\/logo\/image\/"},"sameAs":["https:\/\/www.facebook.com\/theepochtimestr","https:\/\/x.com\/TheEpochTimesTR","https:\/\/www.instagram.com\/epochtimestr"]},{"@type":"Person","@id":"https:\/\/epochtimestr.com\/#\/schema\/person\/da1ad104599611965442ed3e7e9acb2b","name":"Bekir Zorba","image":{"@type":"ImageObject","inLanguage":"tr","@id":"https:\/\/epochtimestr.com\/#\/schema\/person\/image\/","url":"https:\/\/secure.gravatar.com\/avatar\/eafd40d9b77b1fbf7c565a3d4916b79c?s=96&d=mm&r=g","contentUrl":"https:\/\/secure.gravatar.com\/avatar\/eafd40d9b77b1fbf7c565a3d4916b79c?s=96&d=mm&r=g","caption":"Bekir Zorba"},"url":"https:\/\/epochtimestr.com\/index.php\/author\/bekir"}]}},"_links":{"self":[{"href":"https:\/\/epochtimestr.com\/index.php\/wp-json\/wp\/v2\/posts\/167922"}],"collection":[{"href":"https:\/\/epochtimestr.com\/index.php\/wp-json\/wp\/v2\/posts"}],"about":[{"href":"https:\/\/epochtimestr.com\/index.php\/wp-json\/wp\/v2\/types\/post"}],"author":[{"embeddable":true,"href":"https:\/\/epochtimestr.com\/index.php\/wp-json\/wp\/v2\/users\/14001"}],"replies":[{"embeddable":true,"href":"https:\/\/epochtimestr.com\/index.php\/wp-json\/wp\/v2\/comments?post=167922"}],"version-history":[{"count":1,"href":"https:\/\/epochtimestr.com\/index.php\/wp-json\/wp\/v2\/posts\/167922\/revisions"}],"predecessor-version":[{"id":167924,"href":"https:\/\/epochtimestr.com\/index.php\/wp-json\/wp\/v2\/posts\/167922\/revisions\/167924"}],"wp:featuredmedia":[{"embeddable":true,"href":"https:\/\/epochtimestr.com\/index.php\/wp-json\/wp\/v2\/media\/161038"}],"wp:attachment":[{"href":"https:\/\/epochtimestr.com\/index.php\/wp-json\/wp\/v2\/media?parent=167922"}],"wp:term":[{"taxonomy":"category","embeddable":true,"href":"https:\/\/epochtimestr.com\/index.php\/wp-json\/wp\/v2\/categories?post=167922"},{"taxonomy":"post_tag","embeddable":true,"href":"https:\/\/epochtimestr.com\/index.php\/wp-json\/wp\/v2\/tags?post=167922"}],"curies":[{"name":"wp","href":"https:\/\/api.w.org\/{rel}","templated":true}]}}