{"id":167925,"date":"2026-06-20T13:11:39","date_gmt":"2026-06-20T10:11:39","guid":{"rendered":"https:\/\/epochtimestr.com\/?p=167925"},"modified":"2026-06-20T13:11:42","modified_gmt":"2026-06-20T10:11:42","slug":"kongoda-ebola-salgininda-olu-sayisi-artiyor","status":"publish","type":"post","link":"https:\/\/epochtimestr.com\/index.php\/kongoda-ebola-salgininda-olu-sayisi-artiyor","title":{"rendered":"Kongo\u2019da Ebola Salg\u0131n\u0131nda \u00d6l\u00fc Say\u0131s\u0131 Art\u0131yor"},"content":{"rendered":"<div class=\"wp-block-image\">\n<figure class=\"aligncenter size-full\"><img loading=\"lazy\" decoding=\"async\" width=\"1200\" height=\"798\" src=\"https:\/\/epochtimestr.com\/wp-content\/uploads\/2011y\/1000040633.jpg\" alt=\"Kongo\u2019da Ebola salg\u0131n\u0131nda \u00f6l\u00fc say\u0131s\u0131 232\u2019ye y\u00fckseldi. Yetkililer temasl\u0131 takibi, vaka tespiti ve uluslararas\u0131 destek \u00e7al\u0131\u015fmalar\u0131n\u0131n s\u00fcrd\u00fc\u011f\u00fcn\u00fc a\u00e7\u0131klad\u0131. Kongo\u2019nun Bunia kentinde, 13 Haziran 2026\u2019da Ebola nedeniyle hayat\u0131n\u0131 kaybeden bir erke\u011fin tabutunu K\u0131z\u0131lha\u00e7 g\u00f6n\u00fcll\u00fcleri ta\u015f\u0131yor. (Foto\u011fraf: Jospin Mwisha\/AFP via Getty Images)\" class=\"wp-image-167926\" srcset=\"https:\/\/epochtimestr.com\/wp-content\/uploads\/2011y\/1000040633.jpg 1200w, https:\/\/epochtimestr.com\/wp-content\/uploads\/2011y\/1000040633-300x200.jpg 300w, https:\/\/epochtimestr.com\/wp-content\/uploads\/2011y\/1000040633-150x100.jpg 150w, https:\/\/epochtimestr.com\/wp-content\/uploads\/2011y\/1000040633-768x511.jpg 768w\" sizes=\"(max-width: 1200px) 100vw, 1200px\" \/><figcaption class=\"wp-element-caption\">Kongo\u2019da Ebola salg\u0131n\u0131nda \u00f6l\u00fc say\u0131s\u0131 232\u2019ye y\u00fckseldi. Yetkililer temasl\u0131 takibi, vaka tespiti ve uluslararas\u0131 destek \u00e7al\u0131\u015fmalar\u0131n\u0131n s\u00fcrd\u00fc\u011f\u00fcn\u00fc a\u00e7\u0131klad\u0131. Kongo\u2019nun Bunia kentinde, 13 Haziran 2026\u2019da K\u0131z\u0131lha\u00e7 g\u00f6n\u00fcll\u00fcleri Ebola nedeniyle hayat\u0131n\u0131 kaybeden bir erke\u011fin tabutunu ta\u015f\u0131yor. (Foto\u011fraf: Jospin Mwisha, AFP &#8211; Getty Images, The Epoch Times arac\u0131l\u0131\u011f\u0131yla)<\/figcaption><\/figure><\/div>\n\n\n<p>18 Haziran&#8217;da a\u00e7\u0131klanan verilere g\u00f6re Kongo&#8217;nun merkezinde Ebola salg\u0131n\u0131nda \u00f6l\u00fc say\u0131s\u0131 232&#8217;ye y\u00fckseldi. Ayr\u0131ca Uganda&#8217;da salg\u0131n nedeniyle iki \u00f6l\u00fcm ger\u00e7ekle\u015fti. Kongo Sa\u011fl\u0131k Bakan\u0131 Dr. Samuel Kamba bas\u0131n toplant\u0131s\u0131nda 78 ki\u015finin iyile\u015fti\u011fini bildirdi. <\/p>\n\n\n\n<p>Yakla\u015f\u0131k 116 milyon n\u00fcfuslu \u00fclkede ilk salg\u0131n tespiti May\u0131s ortas\u0131nda ger\u00e7ekle\u015fti. Ancak uzmanlar resmi rakamlar\u0131n salg\u0131n\u0131 eksik yans\u0131tt\u0131\u011f\u0131 g\u00f6r\u00fc\u015f\u00fcnde. Buna ek olarak sa\u011fl\u0131k yetkilileri Bundibugyo vir\u00fcs\u00fcn\u00fcn yay\u0131ld\u0131\u011f\u0131n\u0131 do\u011frulad\u0131. Bu vir\u00fcs daha \u00f6nce 2007 Uganda ve 2012 Kongo salg\u0131nlar\u0131na neden olmu\u015ftu.<\/p>\n\n\n\n<p>Kongo Sa\u011fl\u0131k Bakanl\u0131\u011f\u0131 ayr\u0131ca yakla\u015f\u0131k <a href=\"https:\/\/www.theepochtimes.com\/world\/ebola-outbreak-death-toll-tops-200-post-6050302\" target=\"_blank\" rel=\"noreferrer noopener\">6000 temasl\u0131 ki\u015fi<\/a> oldu\u011funu, bunun y\u00fczde 71&#8217;inin takip edildi\u011fini a\u00e7\u0131klad\u0131. Ancak bu oran y\u00fczde 95 hedefinin alt\u0131nda kald\u0131. Buna ek olarak baz\u0131 b\u00f6lgelerde \u00e7at\u0131\u015fmalar sa\u011fl\u0131k ekiplerinin i\u015fini zorla\u015ft\u0131r\u0131yor. Ayr\u0131ca temasl\u0131 takibinde eri\u015fim sorunlar\u0131 veri toplamay\u0131 geciktiriyor, vaka tespiti zorla\u015f\u0131yor. Sa\u011fl\u0131k sistemleri \u00fczerindeki bu bask\u0131 nedeniyle uluslararas\u0131 koordinasyon \u00f6nem ta\u015f\u0131yor. <\/p>\n\n\n\n<p>Afrika CDC mevcut b\u00fct\u00e7enin <a href=\"https:\/\/epochtimestr.com\/index.php\/kongoda-ebola-testleri-malzeme-eksikligi-nedeniyle-gecikiyor\" target=\"_blank\" rel=\"noreferrer noopener\">test ve takip<\/a> i\u00e7in kullan\u0131laca\u011f\u0131n\u0131 bildirdi. Amerika CDC salg\u0131n\u0131n kontrol\u00fcne odakland\u0131klar\u0131n\u0131 a\u00e7\u0131klad\u0131. WHO sa\u011fl\u0131k \u00e7al\u0131\u015fanlar\u0131n\u0131n en riskli grup oldu\u011funu vurgulad\u0131. Son verilere g\u00f6re 75 sa\u011fl\u0131k \u00e7al\u0131\u015fan\u0131 enfekte oldu ve 17 sa\u011fl\u0131k \u00e7al\u0131\u015fan\u0131 hayat\u0131n\u0131 kaybetti.  Erken testlerin vir\u00fcs\u00fc tespit etmede yetersiz kald\u0131\u011f\u0131 bildirildi. Bu durum vaka say\u0131lar\u0131n\u0131n eksik raporlanmas\u0131na yol a\u00e7\u0131yor. Ayr\u0131ca veriler d\u00fczenli olarak g\u00fcncelleniyor.<\/p>\n\n\n\n<p>B\u00f6lgedeki sa\u011fl\u0131k ekipleri a\u015f\u0131 ve tedavi \u00e7al\u0131\u015fmalar\u0131n\u0131 s\u00fcrd\u00fcr\u00fcyor. Buna kar\u015f\u0131n eri\u015fim ve g\u00fcvenlik sorunlar\u0131 \u00e7al\u0131\u015fmalar\u0131 etkiliyor. Yetkililer salg\u0131n\u0131n kontrol alt\u0131na al\u0131nmas\u0131 i\u00e7in \u00e7abalar\u0131 art\u0131r\u0131yor.<\/p>\n","protected":false},"excerpt":{"rendered":"<p>18 Haziran&#8217;da a\u00e7\u0131klanan verilere g\u00f6re Kongo&#8217;nun merkezinde Ebola salg\u0131n\u0131nda \u00f6l\u00fc say\u0131s\u0131 232&#8217;ye y\u00fckseldi. Ayr\u0131ca Uganda&#8217;da salg\u0131n nedeniyle iki \u00f6l\u00fcm ger\u00e7ekle\u015fti. Kongo Sa\u011fl\u0131k Bakan\u0131 Dr. Samuel Kamba bas\u0131n toplant\u0131s\u0131nda 78 ki\u015finin iyile\u015fti\u011fini bildirdi. Yakla\u015f\u0131k 116 milyon n\u00fcfuslu \u00fclkede ilk salg\u0131n tespiti May\u0131s ortas\u0131nda ger\u00e7ekle\u015fti. Ancak uzmanlar resmi rakamlar\u0131n salg\u0131n\u0131 eksik yans\u0131tt\u0131\u011f\u0131 g\u00f6r\u00fc\u015f\u00fcnde. Buna ek olarak sa\u011fl\u0131k [&hellip;]<\/p>\n","protected":false},"author":13996,"featured_media":167926,"comment_status":"open","ping_status":"open","sticky":false,"template":"","format":"standard","meta":{"_yoast_wpseo_focuskw":"Ebola - \u00f6l\u00fc","_yoast_wpseo_title":"","_yoast_wpseo_metadesc":"Kongo\u2019da Ebola salg\u0131n\u0131nda \u00f6l\u00fc say\u0131s\u0131 232\u2019ye y\u00fckseldi. Temasl\u0131 takibi, vaka tespiti ve uluslararas\u0131 destek \u00e7al\u0131\u015fmalar\u0131 s\u00fcr\u00fcyor.","_bbp_topic_count":0,"_bbp_reply_count":0,"_bbp_total_topic_count":0,"_bbp_total_reply_count":0,"_bbp_voice_count":0,"_bbp_anonymous_reply_count":0,"_bbp_topic_count_hidden":0,"_bbp_reply_count_hidden":0,"_bbp_forum_subforum_count":0,"footnotes":"","_yoast_wpseo_focuskw_text_input":""},"categories":[5,1,8138],"tags":[228,9131,4760,11458,6078],"yoast_head":"<!-- This site is optimized with the Yoast SEO plugin v23.0 - https:\/\/yoast.com\/wordpress\/plugins\/seo\/ -->\n<title>Kongo\u2019da Ebola Salg\u0131n\u0131nda \u00d6l\u00fc Say\u0131s\u0131 Art\u0131yor - The Epoch Times TR<\/title>\n<meta name=\"description\" content=\"Kongo\u2019da Ebola salg\u0131n\u0131nda \u00f6l\u00fc say\u0131s\u0131 232\u2019ye y\u00fckseldi. Temasl\u0131 takibi, vaka tespiti ve uluslararas\u0131 destek \u00e7al\u0131\u015fmalar\u0131 s\u00fcr\u00fcyor.\" \/>\n<meta name=\"robots\" content=\"index, follow, max-snippet:-1, max-image-preview:large, max-video-preview:-1\" \/>\n<link rel=\"canonical\" href=\"https:\/\/epochtimestr.com\/index.php\/kongoda-ebola-salgininda-olu-sayisi-artiyor\" \/>\n<meta property=\"og:locale\" content=\"tr_TR\" \/>\n<meta property=\"og:type\" content=\"article\" \/>\n<meta property=\"og:title\" content=\"Kongo\u2019da Ebola Salg\u0131n\u0131nda \u00d6l\u00fc Say\u0131s\u0131 Art\u0131yor - The Epoch Times TR\" \/>\n<meta property=\"og:description\" content=\"Kongo\u2019da Ebola salg\u0131n\u0131nda \u00f6l\u00fc say\u0131s\u0131 232\u2019ye y\u00fckseldi. Temasl\u0131 takibi, vaka tespiti ve uluslararas\u0131 destek \u00e7al\u0131\u015fmalar\u0131 s\u00fcr\u00fcyor.\" \/>\n<meta property=\"og:url\" content=\"https:\/\/epochtimestr.com\/index.php\/kongoda-ebola-salgininda-olu-sayisi-artiyor\" \/>\n<meta property=\"og:site_name\" content=\"The Epoch Times TR\" \/>\n<meta property=\"article:publisher\" content=\"https:\/\/www.facebook.com\/theepochtimestr\" \/>\n<meta property=\"article:published_time\" content=\"2026-06-20T10:11:39+00:00\" \/>\n<meta property=\"article:modified_time\" content=\"2026-06-20T10:11:42+00:00\" \/>\n<meta property=\"og:image\" content=\"https:\/\/epochtimestr.com\/wp-content\/uploads\/2011y\/1000040633.jpg\" \/>\n\t<meta property=\"og:image:width\" content=\"1200\" \/>\n\t<meta property=\"og:image:height\" content=\"798\" \/>\n\t<meta property=\"og:image:type\" content=\"image\/jpeg\" \/>\n<meta name=\"author\" content=\"Leo Bajelan\" \/>\n<meta name=\"twitter:card\" content=\"summary_large_image\" \/>\n<meta name=\"twitter:creator\" content=\"@TheEpochTimesTR\" \/>\n<meta name=\"twitter:site\" content=\"@TheEpochTimesTR\" \/>\n<meta name=\"twitter:label1\" content=\"Yazan:\" \/>\n\t<meta name=\"twitter:data1\" content=\"Leo Bajelan\" \/>\n\t<meta name=\"twitter:label2\" content=\"Tahmini okuma s\u00fcresi\" \/>\n\t<meta name=\"twitter:data2\" content=\"2 dakika\" \/>\n<script type=\"application\/ld+json\" class=\"yoast-schema-graph\">{\"@context\":\"https:\/\/schema.org\",\"@graph\":[{\"@type\":\"Article\",\"@id\":\"https:\/\/epochtimestr.com\/index.php\/kongoda-ebola-salgininda-olu-sayisi-artiyor#article\",\"isPartOf\":{\"@id\":\"https:\/\/epochtimestr.com\/index.php\/kongoda-ebola-salgininda-olu-sayisi-artiyor\"},\"author\":{\"name\":\"Leo Bajelan\",\"@id\":\"https:\/\/epochtimestr.com\/#\/schema\/person\/5fef218711d76d8f232b0e1f1d7e4c0d\"},\"headline\":\"Kongo\u2019da Ebola Salg\u0131n\u0131nda \u00d6l\u00fc Say\u0131s\u0131 Art\u0131yor\",\"datePublished\":\"2026-06-20T10:11:39+00:00\",\"dateModified\":\"2026-06-20T10:11:42+00:00\",\"mainEntityOfPage\":{\"@id\":\"https:\/\/epochtimestr.com\/index.php\/kongoda-ebola-salgininda-olu-sayisi-artiyor\"},\"wordCount\":399,\"commentCount\":0,\"publisher\":{\"@id\":\"https:\/\/epochtimestr.com\/#organization\"},\"image\":{\"@id\":\"https:\/\/epochtimestr.com\/index.php\/kongoda-ebola-salgininda-olu-sayisi-artiyor#primaryimage\"},\"thumbnailUrl\":\"https:\/\/epochtimestr.com\/wp-content\/uploads\/2011y\/1000040633.jpg\",\"keywords\":[\"Afrika\",\"Demokratik Kongo Cumhuriyeti\",\"d\u00fcnya sa\u011fl\u0131k \u00f6rg\u00fct\u00fc\",\"Ebola salg\u0131n\u0131\",\"\u00f6l\u00fc say\u0131s\u0131\"],\"articleSection\":[\"D\u00dcNYA\",\"G\u00dcNDEM\",\"MAN\u015eET\"],\"inLanguage\":\"tr\",\"potentialAction\":[{\"@type\":\"CommentAction\",\"name\":\"Comment\",\"target\":[\"https:\/\/epochtimestr.com\/index.php\/kongoda-ebola-salgininda-olu-sayisi-artiyor#respond\"]}]},{\"@type\":\"WebPage\",\"@id\":\"https:\/\/epochtimestr.com\/index.php\/kongoda-ebola-salgininda-olu-sayisi-artiyor\",\"url\":\"https:\/\/epochtimestr.com\/index.php\/kongoda-ebola-salgininda-olu-sayisi-artiyor\",\"name\":\"Kongo\u2019da Ebola Salg\u0131n\u0131nda \u00d6l\u00fc Say\u0131s\u0131 Art\u0131yor - The Epoch Times TR\",\"isPartOf\":{\"@id\":\"https:\/\/epochtimestr.com\/#website\"},\"primaryImageOfPage\":{\"@id\":\"https:\/\/epochtimestr.com\/index.php\/kongoda-ebola-salgininda-olu-sayisi-artiyor#primaryimage\"},\"image\":{\"@id\":\"https:\/\/epochtimestr.com\/index.php\/kongoda-ebola-salgininda-olu-sayisi-artiyor#primaryimage\"},\"thumbnailUrl\":\"https:\/\/epochtimestr.com\/wp-content\/uploads\/2011y\/1000040633.jpg\",\"datePublished\":\"2026-06-20T10:11:39+00:00\",\"dateModified\":\"2026-06-20T10:11:42+00:00\",\"description\":\"Kongo\u2019da Ebola salg\u0131n\u0131nda \u00f6l\u00fc say\u0131s\u0131 232\u2019ye y\u00fckseldi. Temasl\u0131 takibi, vaka tespiti ve uluslararas\u0131 destek \u00e7al\u0131\u015fmalar\u0131 s\u00fcr\u00fcyor.\",\"inLanguage\":\"tr\",\"potentialAction\":[{\"@type\":\"ReadAction\",\"target\":[\"https:\/\/epochtimestr.com\/index.php\/kongoda-ebola-salgininda-olu-sayisi-artiyor\"]}]},{\"@type\":\"ImageObject\",\"inLanguage\":\"tr\",\"@id\":\"https:\/\/epochtimestr.com\/index.php\/kongoda-ebola-salgininda-olu-sayisi-artiyor#primaryimage\",\"url\":\"https:\/\/epochtimestr.com\/wp-content\/uploads\/2011y\/1000040633.jpg\",\"contentUrl\":\"https:\/\/epochtimestr.com\/wp-content\/uploads\/2011y\/1000040633.jpg\",\"width\":1200,\"height\":798},{\"@type\":\"WebSite\",\"@id\":\"https:\/\/epochtimestr.com\/#website\",\"url\":\"https:\/\/epochtimestr.com\/\",\"name\":\"The Epoch Times TR\",\"description\":\"De\u011fi\u015fen D\u00fcnyam\u0131za Taze Bir Bak\u0131\u015f\",\"publisher\":{\"@id\":\"https:\/\/epochtimestr.com\/#organization\"},\"potentialAction\":[{\"@type\":\"SearchAction\",\"target\":{\"@type\":\"EntryPoint\",\"urlTemplate\":\"https:\/\/epochtimestr.com\/?s={search_term_string}\"},\"query-input\":\"required name=search_term_string\"}],\"inLanguage\":\"tr\"},{\"@type\":\"Organization\",\"@id\":\"https:\/\/epochtimestr.com\/#organization\",\"name\":\"The EpochTimes T\u00fcrkiye\",\"url\":\"https:\/\/epochtimestr.com\/\",\"logo\":{\"@type\":\"ImageObject\",\"inLanguage\":\"tr\",\"@id\":\"https:\/\/epochtimestr.com\/#\/schema\/logo\/image\/\",\"url\":\"https:\/\/epochtimestr.com\/wp-content\/uploads\/2011y\/ET-Logo-YG.jpg\",\"contentUrl\":\"https:\/\/epochtimestr.com\/wp-content\/uploads\/2011y\/ET-Logo-YG.jpg\",\"width\":346,\"height\":29,\"caption\":\"The EpochTimes T\u00fcrkiye\"},\"image\":{\"@id\":\"https:\/\/epochtimestr.com\/#\/schema\/logo\/image\/\"},\"sameAs\":[\"https:\/\/www.facebook.com\/theepochtimestr\",\"https:\/\/x.com\/TheEpochTimesTR\",\"https:\/\/www.instagram.com\/epochtimestr\"]},{\"@type\":\"Person\",\"@id\":\"https:\/\/epochtimestr.com\/#\/schema\/person\/5fef218711d76d8f232b0e1f1d7e4c0d\",\"name\":\"Leo Bajelan\",\"image\":{\"@type\":\"ImageObject\",\"inLanguage\":\"tr\",\"@id\":\"https:\/\/epochtimestr.com\/#\/schema\/person\/image\/\",\"url\":\"https:\/\/secure.gravatar.com\/avatar\/917669146f489549e548a2e9af272df5?s=96&d=mm&r=g\",\"contentUrl\":\"https:\/\/secure.gravatar.com\/avatar\/917669146f489549e548a2e9af272df5?s=96&d=mm&r=g\",\"caption\":\"Leo Bajelan\"},\"url\":\"https:\/\/epochtimestr.com\/index.php\/author\/leo\"}]}<\/script>\n<!-- \/ Yoast SEO plugin. -->","yoast_head_json":{"title":"Kongo\u2019da Ebola Salg\u0131n\u0131nda \u00d6l\u00fc Say\u0131s\u0131 Art\u0131yor - The Epoch Times TR","description":"Kongo\u2019da Ebola salg\u0131n\u0131nda \u00f6l\u00fc say\u0131s\u0131 232\u2019ye y\u00fckseldi. Temasl\u0131 takibi, vaka tespiti ve uluslararas\u0131 destek \u00e7al\u0131\u015fmalar\u0131 s\u00fcr\u00fcyor.","robots":{"index":"index","follow":"follow","max-snippet":"max-snippet:-1","max-image-preview":"max-image-preview:large","max-video-preview":"max-video-preview:-1"},"canonical":"https:\/\/epochtimestr.com\/index.php\/kongoda-ebola-salgininda-olu-sayisi-artiyor","og_locale":"tr_TR","og_type":"article","og_title":"Kongo\u2019da Ebola Salg\u0131n\u0131nda \u00d6l\u00fc Say\u0131s\u0131 Art\u0131yor - The Epoch Times TR","og_description":"Kongo\u2019da Ebola salg\u0131n\u0131nda \u00f6l\u00fc say\u0131s\u0131 232\u2019ye y\u00fckseldi. Temasl\u0131 takibi, vaka tespiti ve uluslararas\u0131 destek \u00e7al\u0131\u015fmalar\u0131 s\u00fcr\u00fcyor.","og_url":"https:\/\/epochtimestr.com\/index.php\/kongoda-ebola-salgininda-olu-sayisi-artiyor","og_site_name":"The Epoch Times TR","article_publisher":"https:\/\/www.facebook.com\/theepochtimestr","article_published_time":"2026-06-20T10:11:39+00:00","article_modified_time":"2026-06-20T10:11:42+00:00","og_image":[{"width":1200,"height":798,"url":"https:\/\/epochtimestr.com\/wp-content\/uploads\/2011y\/1000040633.jpg","type":"image\/jpeg"}],"author":"Leo Bajelan","twitter_card":"summary_large_image","twitter_creator":"@TheEpochTimesTR","twitter_site":"@TheEpochTimesTR","twitter_misc":{"Yazan:":"Leo Bajelan","Tahmini okuma s\u00fcresi":"2 dakika"},"schema":{"@context":"https:\/\/schema.org","@graph":[{"@type":"Article","@id":"https:\/\/epochtimestr.com\/index.php\/kongoda-ebola-salgininda-olu-sayisi-artiyor#article","isPartOf":{"@id":"https:\/\/epochtimestr.com\/index.php\/kongoda-ebola-salgininda-olu-sayisi-artiyor"},"author":{"name":"Leo Bajelan","@id":"https:\/\/epochtimestr.com\/#\/schema\/person\/5fef218711d76d8f232b0e1f1d7e4c0d"},"headline":"Kongo\u2019da Ebola Salg\u0131n\u0131nda \u00d6l\u00fc Say\u0131s\u0131 Art\u0131yor","datePublished":"2026-06-20T10:11:39+00:00","dateModified":"2026-06-20T10:11:42+00:00","mainEntityOfPage":{"@id":"https:\/\/epochtimestr.com\/index.php\/kongoda-ebola-salgininda-olu-sayisi-artiyor"},"wordCount":399,"commentCount":0,"publisher":{"@id":"https:\/\/epochtimestr.com\/#organization"},"image":{"@id":"https:\/\/epochtimestr.com\/index.php\/kongoda-ebola-salgininda-olu-sayisi-artiyor#primaryimage"},"thumbnailUrl":"https:\/\/epochtimestr.com\/wp-content\/uploads\/2011y\/1000040633.jpg","keywords":["Afrika","Demokratik Kongo Cumhuriyeti","d\u00fcnya sa\u011fl\u0131k \u00f6rg\u00fct\u00fc","Ebola salg\u0131n\u0131","\u00f6l\u00fc say\u0131s\u0131"],"articleSection":["D\u00dcNYA","G\u00dcNDEM","MAN\u015eET"],"inLanguage":"tr","potentialAction":[{"@type":"CommentAction","name":"Comment","target":["https:\/\/epochtimestr.com\/index.php\/kongoda-ebola-salgininda-olu-sayisi-artiyor#respond"]}]},{"@type":"WebPage","@id":"https:\/\/epochtimestr.com\/index.php\/kongoda-ebola-salgininda-olu-sayisi-artiyor","url":"https:\/\/epochtimestr.com\/index.php\/kongoda-ebola-salgininda-olu-sayisi-artiyor","name":"Kongo\u2019da Ebola Salg\u0131n\u0131nda \u00d6l\u00fc Say\u0131s\u0131 Art\u0131yor - The Epoch Times TR","isPartOf":{"@id":"https:\/\/epochtimestr.com\/#website"},"primaryImageOfPage":{"@id":"https:\/\/epochtimestr.com\/index.php\/kongoda-ebola-salgininda-olu-sayisi-artiyor#primaryimage"},"image":{"@id":"https:\/\/epochtimestr.com\/index.php\/kongoda-ebola-salgininda-olu-sayisi-artiyor#primaryimage"},"thumbnailUrl":"https:\/\/epochtimestr.com\/wp-content\/uploads\/2011y\/1000040633.jpg","datePublished":"2026-06-20T10:11:39+00:00","dateModified":"2026-06-20T10:11:42+00:00","description":"Kongo\u2019da Ebola salg\u0131n\u0131nda \u00f6l\u00fc say\u0131s\u0131 232\u2019ye y\u00fckseldi. Temasl\u0131 takibi, vaka tespiti ve uluslararas\u0131 destek \u00e7al\u0131\u015fmalar\u0131 s\u00fcr\u00fcyor.","inLanguage":"tr","potentialAction":[{"@type":"ReadAction","target":["https:\/\/epochtimestr.com\/index.php\/kongoda-ebola-salgininda-olu-sayisi-artiyor"]}]},{"@type":"ImageObject","inLanguage":"tr","@id":"https:\/\/epochtimestr.com\/index.php\/kongoda-ebola-salgininda-olu-sayisi-artiyor#primaryimage","url":"https:\/\/epochtimestr.com\/wp-content\/uploads\/2011y\/1000040633.jpg","contentUrl":"https:\/\/epochtimestr.com\/wp-content\/uploads\/2011y\/1000040633.jpg","width":1200,"height":798},{"@type":"WebSite","@id":"https:\/\/epochtimestr.com\/#website","url":"https:\/\/epochtimestr.com\/","name":"The Epoch Times TR","description":"De\u011fi\u015fen D\u00fcnyam\u0131za Taze Bir Bak\u0131\u015f","publisher":{"@id":"https:\/\/epochtimestr.com\/#organization"},"potentialAction":[{"@type":"SearchAction","target":{"@type":"EntryPoint","urlTemplate":"https:\/\/epochtimestr.com\/?s={search_term_string}"},"query-input":"required name=search_term_string"}],"inLanguage":"tr"},{"@type":"Organization","@id":"https:\/\/epochtimestr.com\/#organization","name":"The EpochTimes T\u00fcrkiye","url":"https:\/\/epochtimestr.com\/","logo":{"@type":"ImageObject","inLanguage":"tr","@id":"https:\/\/epochtimestr.com\/#\/schema\/logo\/image\/","url":"https:\/\/epochtimestr.com\/wp-content\/uploads\/2011y\/ET-Logo-YG.jpg","contentUrl":"https:\/\/epochtimestr.com\/wp-content\/uploads\/2011y\/ET-Logo-YG.jpg","width":346,"height":29,"caption":"The EpochTimes T\u00fcrkiye"},"image":{"@id":"https:\/\/epochtimestr.com\/#\/schema\/logo\/image\/"},"sameAs":["https:\/\/www.facebook.com\/theepochtimestr","https:\/\/x.com\/TheEpochTimesTR","https:\/\/www.instagram.com\/epochtimestr"]},{"@type":"Person","@id":"https:\/\/epochtimestr.com\/#\/schema\/person\/5fef218711d76d8f232b0e1f1d7e4c0d","name":"Leo Bajelan","image":{"@type":"ImageObject","inLanguage":"tr","@id":"https:\/\/epochtimestr.com\/#\/schema\/person\/image\/","url":"https:\/\/secure.gravatar.com\/avatar\/917669146f489549e548a2e9af272df5?s=96&d=mm&r=g","contentUrl":"https:\/\/secure.gravatar.com\/avatar\/917669146f489549e548a2e9af272df5?s=96&d=mm&r=g","caption":"Leo Bajelan"},"url":"https:\/\/epochtimestr.com\/index.php\/author\/leo"}]}},"_links":{"self":[{"href":"https:\/\/epochtimestr.com\/index.php\/wp-json\/wp\/v2\/posts\/167925"}],"collection":[{"href":"https:\/\/epochtimestr.com\/index.php\/wp-json\/wp\/v2\/posts"}],"about":[{"href":"https:\/\/epochtimestr.com\/index.php\/wp-json\/wp\/v2\/types\/post"}],"author":[{"embeddable":true,"href":"https:\/\/epochtimestr.com\/index.php\/wp-json\/wp\/v2\/users\/13996"}],"replies":[{"embeddable":true,"href":"https:\/\/epochtimestr.com\/index.php\/wp-json\/wp\/v2\/comments?post=167925"}],"version-history":[{"count":2,"href":"https:\/\/epochtimestr.com\/index.php\/wp-json\/wp\/v2\/posts\/167925\/revisions"}],"predecessor-version":[{"id":167929,"href":"https:\/\/epochtimestr.com\/index.php\/wp-json\/wp\/v2\/posts\/167925\/revisions\/167929"}],"wp:featuredmedia":[{"embeddable":true,"href":"https:\/\/epochtimestr.com\/index.php\/wp-json\/wp\/v2\/media\/167926"}],"wp:attachment":[{"href":"https:\/\/epochtimestr.com\/index.php\/wp-json\/wp\/v2\/media?parent=167925"}],"wp:term":[{"taxonomy":"category","embeddable":true,"href":"https:\/\/epochtimestr.com\/index.php\/wp-json\/wp\/v2\/categories?post=167925"},{"taxonomy":"post_tag","embeddable":true,"href":"https:\/\/epochtimestr.com\/index.php\/wp-json\/wp\/v2\/tags?post=167925"}],"curies":[{"name":"wp","href":"https:\/\/api.w.org\/{rel}","templated":true}]}}