{"id":167931,"date":"2026-06-21T08:00:00","date_gmt":"2026-06-21T05:00:00","guid":{"rendered":"https:\/\/epochtimestr.com\/?p=167931"},"modified":"2026-06-20T20:55:25","modified_gmt":"2026-06-20T17:55:25","slug":"denize-balik-verin","status":"publish","type":"post","link":"https:\/\/epochtimestr.com\/index.php\/denize-balik-verin","title":{"rendered":"Denize Bal\u0131k Verin"},"content":{"rendered":"\n<p class=\"has-text-align-right\">\u201cCan verir, c\u00e2n\u00e2n al\u0131r\u0131z.\u201d<\/p>\n\n\n\n<p>Son y\u00fczy\u0131l T\u00fcrk edebiyat\u0131n\u0131n \u00f6nemli isimlerinden Mustafa Kutlu, \u201cYoksulluk \u0130\u00e7imizde\u201d adl\u0131 hik\u00e2yesinde b\u00fcy\u00fck m\u00fctefekkir ve bilim adam\u0131 At\u00e2ullah \u0130skender\u00ee\u2019nin Hikem-i At\u00e2iyye adl\u0131 eserinden ald\u0131\u011f\u0131 ilhamla \u015fu c\u00fcmleleri aktar\u0131r okuyucuya: &#8220;Ne ki senden al\u0131nm\u0131\u015ft\u0131r, o senin hayr\u0131nad\u0131r. \u0130\u00e7indeki yoksullu\u011fu hissediyor musun? \u0130\u015fte senin i\u00e7in en hay\u0131rl\u0131 vakit\u2026\u201d<\/p>\n\n\n\n<p>Ve \u015funlar\u0131 da ekler: \u201cNe ki nefsine a\u011f\u0131r geliyor, onu yap. Kald\u0131rd\u0131\u011f\u0131n a\u011f\u0131rl\u0131k miktar\u0131nca sana ferah erecektir\u2026\u201d<\/p>\n\n\n\n<p>\u2026<\/p>\n\n\n\n<p>Modern toplum d\u00fczeninin bi\u00e7imlendirdi\u011fi insan, yaln\u0131zl\u0131k, mutsuzluk, tatminsizlik gibi \u00e7ok b\u00fcy\u00fck hastal\u0131klar i\u00e7inde \u00e7\u0131rp\u0131n\u0131yor. Hasta, \u00e7\u00fcnk\u00fc insan\u0131n, insan olman\u0131n \u00f6z\u00fcne ayk\u0131r\u0131 bir hayat ya\u015f\u0131yor. Eski insanlardan daha uzun ya\u015fam s\u00fcresine ve onlardan daha fazla <em>bilgi<\/em>ye sahip. \u00d6nceki toplumlardan \u00e7ok daha fazla \u00fcretim ve harcama \/ t\u00fcketim yapabilme imk\u00e2n\u0131 var. Ve gelmi\u015f ge\u00e7mi\u015f toplumlar\u0131n en mutsuzu\u2026<\/p>\n\n\n\n<p>Her \u015feyin h\u0131zla akt\u0131\u011f\u0131 bu d\u00fcnyada, insan da o ak\u0131nt\u0131ya kap\u0131l\u0131p, bir yere varmayan uzun menzillere savruluyor. Tarihin hi\u00e7bir d\u00f6neminde d\u00fcnya n\u00fcfusu bu kadar kalabal\u0131k olmam\u0131\u015f ve insan hi\u00e7bir d\u00f6nemde kendini bu kadar yaln\u0131z ve kimsesiz hissetmemi\u015fti.<\/p>\n\n\n\n<p>\u2026<\/p>\n\n\n\n<p>Herkes sevilmek istiyor ve sevmekten korkuyor. Korkuyor, kalp k\u0131r\u0131kl\u0131klar\u0131ndan, d\u00fc\u015f k\u0131r\u0131kl\u0131klar\u0131ndan\u2026 Herkes g\u00fcvenmek istiyor ve g\u00fcvenmekten korkuyor. Korkuyor umut etmekten, umutlar\u0131n\u0131n h\u00fcsrana d\u00f6n\u00fc\u015fmesinden.<\/p>\n\n\n\n<p>\u00d6yle ki bir \u015fey istemek bile istemiyor hi\u00e7 kimse.<\/p>\n\n\n\n<p>O\u011fuz Atay \u00fcnl\u00fc roman\u0131 \u201cTutunamayanlar\u201dda modern insan\u0131n paradoksunu \u015fu c\u00fcmlelerle dile getiriyor: &#8220;<em>Nas\u0131l ya\u015fad\u0131m on y\u0131l bu evde? Bir g\u00fcn bir duvara bir resim asmak gelmedi mi i\u00e7imden? Kimse de uyarmad\u0131 beni. \u0130\u015fte sonunda anlams\u0131z biri oldum. \u0130\u015fte sonum geldi. K\u00f6t\u00fc bir resim asar\u0131m korkusuyla hi\u00e7 resim asmad\u0131m; k\u00f6t\u00fc ya\u015far\u0131m korkusuyla hi\u00e7 ya\u015famad\u0131m.<\/em>\u201d<\/p>\n\n\n\n<p>\u0130nsan i\u00e7 d\u00fcnyas\u0131n\u0131 <em>reel d\u00fcnyayla <\/em>akort edemeyince, umutsuzca ba\u015fka \u00e7\u0131rp\u0131n\u0131\u015flarda mutluluk aramaya yelteniyor. Bunun i\u00e7in sosyal medyada en olmad\u0131k g\u00f6r\u00fcnt\u00fcler sergileyerek <em>be\u011feni <\/em>koval\u0131yor, AVM\u2019lerde yaln\u0131zl\u0131\u011f\u0131n\u0131 unutmaya, sanal veya ger\u00e7ek t\u00fcketim mecralar\u0131ndan bir \u015feyler sat\u0131n alarak mutlu olmaya \u00e7abal\u0131yor.<\/p>\n\n\n\n<p>Ama olmuyor, ne yapsan\u0131z olmuyor. <em>Manevi <\/em>problemlerimizin \u00e7\u00f6z\u00fcm\u00fcn\u00fc <em>madde<\/em>de &#8211; sat\u0131n almalarda, ila\u00e7 \u015fi\u015felerinde, g\u00f6steri\u015fli tatil mek\u00e2nlar\u0131nda\u2026- bulamayaca\u011f\u0131z.<\/p>\n\n\n\n<p>\u2026<\/p>\n\n\n\n<p>Oysa \u00e7\u00f6z\u00fcm \u00e7ok basit. Bizi almaya \u015fartland\u0131ran modern d\u00fcnyan\u0131n \/ kapitalizmin \u00e7arklar\u0131n\u0131 tersine \u00e7evirmeliyiz. Bizi hasta eden \u015fey; almak, y\u0131\u011fmak, biriktirmek\u2026 Ald\u0131k\u00e7a, toplad\u0131k\u00e7a, yedik\u00e7e a\u011f\u0131rla\u015f\u0131yoruz. Alman\u0131n, sat\u0131n alman\u0131n bizi g\u00fc\u00e7l\u00fc ve \u00f6zg\u00fcr k\u0131ld\u0131\u011f\u0131 yan\u0131lg\u0131s\u0131ndan, o kafadan \u00e7\u0131kmal\u0131y\u0131z. Verdik\u00e7e \u00f6zg\u00fcrle\u015fir, payla\u015ft\u0131k\u00e7a hafifleriz. Bu eylem insan\u0131n do\u011fas\u0131na uygun, nefsin yap\u0131s\u0131na ayk\u0131r\u0131d\u0131r. Ve yukar\u0131da belirtildi\u011fi gibi, nefsimize a\u011f\u0131r gelen \u015feyi yapmak bizi feraha erdirir.<\/p>\n\n\n\n<p>Vermek dedimse, \u00f6yle hay\u0131r kurumlar\u0131na ba\u011f\u0131\u015f yapmak, giysi toplama kutular\u0131na -\u00e7\u00f6p atar gibi- eskilerimizi y\u0131\u011fmak de\u011fil. Bizzat muhatab\u0131m\u0131z\u0131n g\u00f6zlerine bakarak, onun sevincinden mutluluk dev\u015firerek vermeliyiz. Verdi\u011fimiz ki\u015finin ihtiyac\u0131n\u0131n olup olmamas\u0131 hi\u00e7 \u00f6nemli de\u011fil, bizim vermeye ihtiyac\u0131m\u0131z var. Ne verdi\u011fimizin hi\u00e7bir \u00f6nemi yok, vermenin, di\u011ferk\u00e2m olmam\u0131z\u0131n anlam\u0131 var.<\/p>\n\n\n\n<p>\u2026<\/p>\n\n\n\n<p>Mesela, \u015fu an, \u015fimdi ba\u015flayabilirsiniz.<\/p>\n\n\n\n<p>Hi\u00e7 tan\u0131mad\u0131\u011f\u0131n\u0131z birisine selam verin, en yak\u0131n\u0131n\u0131zdaki ki\u015fiye cebinizdeki \u015fekerden verin mesela. Bir \u00e7ocu\u011fa oyuncak verin, bir kediye su verin, bir hastaya umut verin. Bir mutsuza g\u00fczel bir haber verin mesela.<\/p>\n\n\n\n<p>Birisine hi\u00e7 nedeni yokken bir tebess\u00fcm verin, trafikte birine yol verin, ayakta duran birine oturacak bir yer verin. Size kimlik soran polise \u00e7ikolata verin, bir \u00f6\u011frenciye har\u00e7l\u0131k verin, \u00e7eyiz dizme tela\u015f\u0131ndaki k\u0131za bir \u00e7ay barda\u011f\u0131 tak\u0131m\u0131, a\u00e7 g\u00f6r\u00fcnen birine bir bisk\u00fcvi, bir yorguna huzur, mendil satan \u00e7ocu\u011fa bir simit, kar\u015f\u0131dan kar\u015f\u0131ya ge\u00e7en yayaya destek verin mesela.<\/p>\n\n\n\n<p>\u0130sterse sa\u00e7ma olsun, denize bal\u0131k verin\u2026<\/p>\n\n\n\n<p>\u2026<\/p>\n\n\n\n<p>\u0130nsanlar\u0131n kendine saklad\u0131\u011f\u0131, istifledi\u011fi, stoklad\u0131\u011f\u0131 \u015feylerin, ya\u015farken ba\u015f\u0131na ne belalar a\u00e7t\u0131\u011f\u0131n\u0131, \u00f6l\u00fcmlerinden sonra bile hoyrat miras\u00e7\u0131lar taraf\u0131ndan ya\u011fmalanarak ba\u015fka bir\u00e7ok eleme sebep oldu\u011funu hepimiz biliyoruz. \u0130nsan\u0131n ba\u015fkalar\u0131na verdiklerinin onun kazanc\u0131 oldu\u011funa, verdik\u00e7e \u00e7o\u011fald\u0131\u011f\u0131na da bir\u00e7ok defa \u015fahit oldum.<\/p>\n\n\n\n<p>Deneyin, siz de anlayacaks\u0131n\u0131z.<\/p>\n\n\n\n<p>Verdik\u00e7e hayat\u0131n\u0131z\u0131n, kalbinizin ne kadar bereketlendi\u011fini g\u00f6receksiniz. Verdik\u00e7e hafifleyecek, huzur bulacaks\u0131n\u0131z. Ve huzur, mutluluktan daha az de\u011ferli de\u011fil, g\u00f6receksiniz.<\/p>\n\n\n\n<p>\u2026<\/p>\n\n\n\n<p>Almaya \u015fartlanm\u0131\u015f akl\u0131n\u0131za bo\u015f verin.<\/p>\n\n\n\n<p>\u0130lla alacaksan\u0131z, g\u00f6n\u00fcl al\u0131n.<\/p>\n","protected":false},"excerpt":{"rendered":"<p>\u201cCan verir, c\u00e2n\u00e2n al\u0131r\u0131z.\u201d Son y\u00fczy\u0131l T\u00fcrk edebiyat\u0131n\u0131n \u00f6nemli isimlerinden Mustafa Kutlu, \u201cYoksulluk \u0130\u00e7imizde\u201d adl\u0131 hik\u00e2yesinde b\u00fcy\u00fck m\u00fctefekkir ve bilim adam\u0131 At\u00e2ullah \u0130skender\u00ee\u2019nin Hikem-i At\u00e2iyye adl\u0131 eserinden ald\u0131\u011f\u0131 ilhamla \u015fu c\u00fcmleleri aktar\u0131r okuyucuya: &#8220;Ne ki senden al\u0131nm\u0131\u015ft\u0131r, o senin hayr\u0131nad\u0131r. \u0130\u00e7indeki yoksullu\u011fu hissediyor musun? \u0130\u015fte senin i\u00e7in en hay\u0131rl\u0131 vakit\u2026\u201d Ve \u015funlar\u0131 da ekler: \u201cNe [&hellip;]<\/p>\n","protected":false},"author":14002,"featured_media":161248,"comment_status":"open","ping_status":"open","sticky":false,"template":"","format":"standard","meta":{"_yoast_wpseo_focuskw":"Verdik\u00e7e","_yoast_wpseo_title":"","_yoast_wpseo_metadesc":"\"Ne ki senden al\u0131nm\u0131\u015ft\u0131r, o senin hayr\u0131nad\u0131r. \u0130\u00e7indeki yoksullu\u011fu hissediyor musun? \u0130\u015fte senin i\u00e7in en hay\u0131rl\u0131 vakit\u2026\u201d","_bbp_topic_count":0,"_bbp_reply_count":0,"_bbp_total_topic_count":0,"_bbp_total_reply_count":0,"_bbp_voice_count":0,"_bbp_anonymous_reply_count":0,"_bbp_topic_count_hidden":0,"_bbp_reply_count_hidden":0,"_bbp_forum_subforum_count":0,"footnotes":"","_yoast_wpseo_focuskw_text_input":""},"categories":[9240],"tags":[],"yoast_head":"<!-- This site is optimized with the Yoast SEO plugin v23.0 - https:\/\/yoast.com\/wordpress\/plugins\/seo\/ -->\n<title>Denize Bal\u0131k Verin - The Epoch Times TR<\/title>\n<meta name=\"description\" content=\"&quot;Ne ki senden al\u0131nm\u0131\u015ft\u0131r, o senin hayr\u0131nad\u0131r. \u0130\u00e7indeki yoksullu\u011fu hissediyor musun? \u0130\u015fte senin i\u00e7in en hay\u0131rl\u0131 vakit\u2026\u201d\" \/>\n<meta name=\"robots\" content=\"index, follow, max-snippet:-1, max-image-preview:large, max-video-preview:-1\" \/>\n<link rel=\"canonical\" href=\"https:\/\/epochtimestr.com\/index.php\/denize-balik-verin\" \/>\n<meta property=\"og:locale\" content=\"tr_TR\" \/>\n<meta property=\"og:type\" content=\"article\" \/>\n<meta property=\"og:title\" content=\"Denize Bal\u0131k Verin - The Epoch Times TR\" \/>\n<meta property=\"og:description\" content=\"&quot;Ne ki senden al\u0131nm\u0131\u015ft\u0131r, o senin hayr\u0131nad\u0131r. \u0130\u00e7indeki yoksullu\u011fu hissediyor musun? \u0130\u015fte senin i\u00e7in en hay\u0131rl\u0131 vakit\u2026\u201d\" \/>\n<meta property=\"og:url\" content=\"https:\/\/epochtimestr.com\/index.php\/denize-balik-verin\" \/>\n<meta property=\"og:site_name\" content=\"The Epoch Times TR\" \/>\n<meta property=\"article:publisher\" content=\"https:\/\/www.facebook.com\/theepochtimestr\" \/>\n<meta property=\"article:published_time\" content=\"2026-06-21T05:00:00+00:00\" \/>\n<meta property=\"article:modified_time\" content=\"2026-06-20T17:55:25+00:00\" \/>\n<meta property=\"og:image\" content=\"https:\/\/epochtimestr.com\/wp-content\/uploads\/2011y\/Omer-Karayilan-SM-2.jpg\" \/>\n\t<meta property=\"og:image:width\" content=\"1200\" \/>\n\t<meta property=\"og:image:height\" content=\"630\" \/>\n\t<meta property=\"og:image:type\" content=\"image\/jpeg\" \/>\n<meta name=\"author\" content=\"\u00d6mer Karay\u0131lan\" \/>\n<meta name=\"twitter:card\" content=\"summary_large_image\" \/>\n<meta name=\"twitter:creator\" content=\"@TheEpochTimesTR\" \/>\n<meta name=\"twitter:site\" content=\"@TheEpochTimesTR\" \/>\n<meta name=\"twitter:label1\" content=\"Yazan:\" \/>\n\t<meta name=\"twitter:data1\" content=\"\u00d6mer Karay\u0131lan\" \/>\n\t<meta name=\"twitter:label2\" content=\"Tahmini okuma s\u00fcresi\" \/>\n\t<meta name=\"twitter:data2\" content=\"4 dakika\" \/>\n<script type=\"application\/ld+json\" class=\"yoast-schema-graph\">{\"@context\":\"https:\/\/schema.org\",\"@graph\":[{\"@type\":\"Article\",\"@id\":\"https:\/\/epochtimestr.com\/index.php\/denize-balik-verin#article\",\"isPartOf\":{\"@id\":\"https:\/\/epochtimestr.com\/index.php\/denize-balik-verin\"},\"author\":{\"name\":\"\u00d6mer Karay\u0131lan\",\"@id\":\"https:\/\/epochtimestr.com\/#\/schema\/person\/ee101079be4d8fb9fb88cca6784e219b\"},\"headline\":\"Denize Bal\u0131k Verin\",\"datePublished\":\"2026-06-21T05:00:00+00:00\",\"dateModified\":\"2026-06-20T17:55:25+00:00\",\"mainEntityOfPage\":{\"@id\":\"https:\/\/epochtimestr.com\/index.php\/denize-balik-verin\"},\"wordCount\":844,\"commentCount\":1,\"publisher\":{\"@id\":\"https:\/\/epochtimestr.com\/#organization\"},\"image\":{\"@id\":\"https:\/\/epochtimestr.com\/index.php\/denize-balik-verin#primaryimage\"},\"thumbnailUrl\":\"https:\/\/epochtimestr.com\/wp-content\/uploads\/2011y\/Karayilan-Profil.png\",\"articleSection\":[\"K\u00f6\u015fe Yaz\u0131lar\u0131 \u00d6mer Karay\u0131lan\"],\"inLanguage\":\"tr\",\"potentialAction\":[{\"@type\":\"CommentAction\",\"name\":\"Comment\",\"target\":[\"https:\/\/epochtimestr.com\/index.php\/denize-balik-verin#respond\"]}]},{\"@type\":\"WebPage\",\"@id\":\"https:\/\/epochtimestr.com\/index.php\/denize-balik-verin\",\"url\":\"https:\/\/epochtimestr.com\/index.php\/denize-balik-verin\",\"name\":\"Denize Bal\u0131k Verin - The Epoch Times TR\",\"isPartOf\":{\"@id\":\"https:\/\/epochtimestr.com\/#website\"},\"primaryImageOfPage\":{\"@id\":\"https:\/\/epochtimestr.com\/index.php\/denize-balik-verin#primaryimage\"},\"image\":{\"@id\":\"https:\/\/epochtimestr.com\/index.php\/denize-balik-verin#primaryimage\"},\"thumbnailUrl\":\"https:\/\/epochtimestr.com\/wp-content\/uploads\/2011y\/Karayilan-Profil.png\",\"datePublished\":\"2026-06-21T05:00:00+00:00\",\"dateModified\":\"2026-06-20T17:55:25+00:00\",\"description\":\"\\\"Ne ki senden al\u0131nm\u0131\u015ft\u0131r, o senin hayr\u0131nad\u0131r. \u0130\u00e7indeki yoksullu\u011fu hissediyor musun? \u0130\u015fte senin i\u00e7in en hay\u0131rl\u0131 vakit\u2026\u201d\",\"inLanguage\":\"tr\",\"potentialAction\":[{\"@type\":\"ReadAction\",\"target\":[\"https:\/\/epochtimestr.com\/index.php\/denize-balik-verin\"]}]},{\"@type\":\"ImageObject\",\"inLanguage\":\"tr\",\"@id\":\"https:\/\/epochtimestr.com\/index.php\/denize-balik-verin#primaryimage\",\"url\":\"https:\/\/epochtimestr.com\/wp-content\/uploads\/2011y\/Karayilan-Profil.png\",\"contentUrl\":\"https:\/\/epochtimestr.com\/wp-content\/uploads\/2011y\/Karayilan-Profil.png\",\"width\":600,\"height\":600},{\"@type\":\"WebSite\",\"@id\":\"https:\/\/epochtimestr.com\/#website\",\"url\":\"https:\/\/epochtimestr.com\/\",\"name\":\"The Epoch Times TR\",\"description\":\"De\u011fi\u015fen D\u00fcnyam\u0131za Taze Bir Bak\u0131\u015f\",\"publisher\":{\"@id\":\"https:\/\/epochtimestr.com\/#organization\"},\"potentialAction\":[{\"@type\":\"SearchAction\",\"target\":{\"@type\":\"EntryPoint\",\"urlTemplate\":\"https:\/\/epochtimestr.com\/?s={search_term_string}\"},\"query-input\":\"required name=search_term_string\"}],\"inLanguage\":\"tr\"},{\"@type\":\"Organization\",\"@id\":\"https:\/\/epochtimestr.com\/#organization\",\"name\":\"The EpochTimes T\u00fcrkiye\",\"url\":\"https:\/\/epochtimestr.com\/\",\"logo\":{\"@type\":\"ImageObject\",\"inLanguage\":\"tr\",\"@id\":\"https:\/\/epochtimestr.com\/#\/schema\/logo\/image\/\",\"url\":\"https:\/\/epochtimestr.com\/wp-content\/uploads\/2011y\/ET-Logo-YG.jpg\",\"contentUrl\":\"https:\/\/epochtimestr.com\/wp-content\/uploads\/2011y\/ET-Logo-YG.jpg\",\"width\":346,\"height\":29,\"caption\":\"The EpochTimes T\u00fcrkiye\"},\"image\":{\"@id\":\"https:\/\/epochtimestr.com\/#\/schema\/logo\/image\/\"},\"sameAs\":[\"https:\/\/www.facebook.com\/theepochtimestr\",\"https:\/\/x.com\/TheEpochTimesTR\",\"https:\/\/www.instagram.com\/epochtimestr\"]},{\"@type\":\"Person\",\"@id\":\"https:\/\/epochtimestr.com\/#\/schema\/person\/ee101079be4d8fb9fb88cca6784e219b\",\"name\":\"\u00d6mer Karay\u0131lan\",\"image\":{\"@type\":\"ImageObject\",\"inLanguage\":\"tr\",\"@id\":\"https:\/\/epochtimestr.com\/#\/schema\/person\/image\/\",\"url\":\"https:\/\/secure.gravatar.com\/avatar\/23a8932f0189c3fe4c0e2731cb5eb5dd?s=96&d=mm&r=g\",\"contentUrl\":\"https:\/\/secure.gravatar.com\/avatar\/23a8932f0189c3fe4c0e2731cb5eb5dd?s=96&d=mm&r=g\",\"caption\":\"\u00d6mer Karay\u0131lan\"},\"url\":\"https:\/\/epochtimestr.com\/index.php\/author\/omer\"}]}<\/script>\n<!-- \/ Yoast SEO plugin. -->","yoast_head_json":{"title":"Denize Bal\u0131k Verin - The Epoch Times TR","description":"\"Ne ki senden al\u0131nm\u0131\u015ft\u0131r, o senin hayr\u0131nad\u0131r. \u0130\u00e7indeki yoksullu\u011fu hissediyor musun? \u0130\u015fte senin i\u00e7in en hay\u0131rl\u0131 vakit\u2026\u201d","robots":{"index":"index","follow":"follow","max-snippet":"max-snippet:-1","max-image-preview":"max-image-preview:large","max-video-preview":"max-video-preview:-1"},"canonical":"https:\/\/epochtimestr.com\/index.php\/denize-balik-verin","og_locale":"tr_TR","og_type":"article","og_title":"Denize Bal\u0131k Verin - The Epoch Times TR","og_description":"\"Ne ki senden al\u0131nm\u0131\u015ft\u0131r, o senin hayr\u0131nad\u0131r. \u0130\u00e7indeki yoksullu\u011fu hissediyor musun? \u0130\u015fte senin i\u00e7in en hay\u0131rl\u0131 vakit\u2026\u201d","og_url":"https:\/\/epochtimestr.com\/index.php\/denize-balik-verin","og_site_name":"The Epoch Times TR","article_publisher":"https:\/\/www.facebook.com\/theepochtimestr","article_published_time":"2026-06-21T05:00:00+00:00","article_modified_time":"2026-06-20T17:55:25+00:00","og_image":[{"width":1200,"height":630,"url":"https:\/\/epochtimestr.com\/wp-content\/uploads\/2011y\/Omer-Karayilan-SM-2.jpg","type":"image\/jpeg"}],"author":"\u00d6mer Karay\u0131lan","twitter_card":"summary_large_image","twitter_creator":"@TheEpochTimesTR","twitter_site":"@TheEpochTimesTR","twitter_misc":{"Yazan:":"\u00d6mer Karay\u0131lan","Tahmini okuma s\u00fcresi":"4 dakika"},"schema":{"@context":"https:\/\/schema.org","@graph":[{"@type":"Article","@id":"https:\/\/epochtimestr.com\/index.php\/denize-balik-verin#article","isPartOf":{"@id":"https:\/\/epochtimestr.com\/index.php\/denize-balik-verin"},"author":{"name":"\u00d6mer Karay\u0131lan","@id":"https:\/\/epochtimestr.com\/#\/schema\/person\/ee101079be4d8fb9fb88cca6784e219b"},"headline":"Denize Bal\u0131k Verin","datePublished":"2026-06-21T05:00:00+00:00","dateModified":"2026-06-20T17:55:25+00:00","mainEntityOfPage":{"@id":"https:\/\/epochtimestr.com\/index.php\/denize-balik-verin"},"wordCount":844,"commentCount":1,"publisher":{"@id":"https:\/\/epochtimestr.com\/#organization"},"image":{"@id":"https:\/\/epochtimestr.com\/index.php\/denize-balik-verin#primaryimage"},"thumbnailUrl":"https:\/\/epochtimestr.com\/wp-content\/uploads\/2011y\/Karayilan-Profil.png","articleSection":["K\u00f6\u015fe Yaz\u0131lar\u0131 \u00d6mer Karay\u0131lan"],"inLanguage":"tr","potentialAction":[{"@type":"CommentAction","name":"Comment","target":["https:\/\/epochtimestr.com\/index.php\/denize-balik-verin#respond"]}]},{"@type":"WebPage","@id":"https:\/\/epochtimestr.com\/index.php\/denize-balik-verin","url":"https:\/\/epochtimestr.com\/index.php\/denize-balik-verin","name":"Denize Bal\u0131k Verin - The Epoch Times TR","isPartOf":{"@id":"https:\/\/epochtimestr.com\/#website"},"primaryImageOfPage":{"@id":"https:\/\/epochtimestr.com\/index.php\/denize-balik-verin#primaryimage"},"image":{"@id":"https:\/\/epochtimestr.com\/index.php\/denize-balik-verin#primaryimage"},"thumbnailUrl":"https:\/\/epochtimestr.com\/wp-content\/uploads\/2011y\/Karayilan-Profil.png","datePublished":"2026-06-21T05:00:00+00:00","dateModified":"2026-06-20T17:55:25+00:00","description":"\"Ne ki senden al\u0131nm\u0131\u015ft\u0131r, o senin hayr\u0131nad\u0131r. \u0130\u00e7indeki yoksullu\u011fu hissediyor musun? \u0130\u015fte senin i\u00e7in en hay\u0131rl\u0131 vakit\u2026\u201d","inLanguage":"tr","potentialAction":[{"@type":"ReadAction","target":["https:\/\/epochtimestr.com\/index.php\/denize-balik-verin"]}]},{"@type":"ImageObject","inLanguage":"tr","@id":"https:\/\/epochtimestr.com\/index.php\/denize-balik-verin#primaryimage","url":"https:\/\/epochtimestr.com\/wp-content\/uploads\/2011y\/Karayilan-Profil.png","contentUrl":"https:\/\/epochtimestr.com\/wp-content\/uploads\/2011y\/Karayilan-Profil.png","width":600,"height":600},{"@type":"WebSite","@id":"https:\/\/epochtimestr.com\/#website","url":"https:\/\/epochtimestr.com\/","name":"The Epoch Times TR","description":"De\u011fi\u015fen D\u00fcnyam\u0131za Taze Bir Bak\u0131\u015f","publisher":{"@id":"https:\/\/epochtimestr.com\/#organization"},"potentialAction":[{"@type":"SearchAction","target":{"@type":"EntryPoint","urlTemplate":"https:\/\/epochtimestr.com\/?s={search_term_string}"},"query-input":"required name=search_term_string"}],"inLanguage":"tr"},{"@type":"Organization","@id":"https:\/\/epochtimestr.com\/#organization","name":"The EpochTimes T\u00fcrkiye","url":"https:\/\/epochtimestr.com\/","logo":{"@type":"ImageObject","inLanguage":"tr","@id":"https:\/\/epochtimestr.com\/#\/schema\/logo\/image\/","url":"https:\/\/epochtimestr.com\/wp-content\/uploads\/2011y\/ET-Logo-YG.jpg","contentUrl":"https:\/\/epochtimestr.com\/wp-content\/uploads\/2011y\/ET-Logo-YG.jpg","width":346,"height":29,"caption":"The EpochTimes T\u00fcrkiye"},"image":{"@id":"https:\/\/epochtimestr.com\/#\/schema\/logo\/image\/"},"sameAs":["https:\/\/www.facebook.com\/theepochtimestr","https:\/\/x.com\/TheEpochTimesTR","https:\/\/www.instagram.com\/epochtimestr"]},{"@type":"Person","@id":"https:\/\/epochtimestr.com\/#\/schema\/person\/ee101079be4d8fb9fb88cca6784e219b","name":"\u00d6mer Karay\u0131lan","image":{"@type":"ImageObject","inLanguage":"tr","@id":"https:\/\/epochtimestr.com\/#\/schema\/person\/image\/","url":"https:\/\/secure.gravatar.com\/avatar\/23a8932f0189c3fe4c0e2731cb5eb5dd?s=96&d=mm&r=g","contentUrl":"https:\/\/secure.gravatar.com\/avatar\/23a8932f0189c3fe4c0e2731cb5eb5dd?s=96&d=mm&r=g","caption":"\u00d6mer Karay\u0131lan"},"url":"https:\/\/epochtimestr.com\/index.php\/author\/omer"}]}},"_links":{"self":[{"href":"https:\/\/epochtimestr.com\/index.php\/wp-json\/wp\/v2\/posts\/167931"}],"collection":[{"href":"https:\/\/epochtimestr.com\/index.php\/wp-json\/wp\/v2\/posts"}],"about":[{"href":"https:\/\/epochtimestr.com\/index.php\/wp-json\/wp\/v2\/types\/post"}],"author":[{"embeddable":true,"href":"https:\/\/epochtimestr.com\/index.php\/wp-json\/wp\/v2\/users\/14002"}],"replies":[{"embeddable":true,"href":"https:\/\/epochtimestr.com\/index.php\/wp-json\/wp\/v2\/comments?post=167931"}],"version-history":[{"count":1,"href":"https:\/\/epochtimestr.com\/index.php\/wp-json\/wp\/v2\/posts\/167931\/revisions"}],"predecessor-version":[{"id":167932,"href":"https:\/\/epochtimestr.com\/index.php\/wp-json\/wp\/v2\/posts\/167931\/revisions\/167932"}],"wp:featuredmedia":[{"embeddable":true,"href":"https:\/\/epochtimestr.com\/index.php\/wp-json\/wp\/v2\/media\/161248"}],"wp:attachment":[{"href":"https:\/\/epochtimestr.com\/index.php\/wp-json\/wp\/v2\/media?parent=167931"}],"wp:term":[{"taxonomy":"category","embeddable":true,"href":"https:\/\/epochtimestr.com\/index.php\/wp-json\/wp\/v2\/categories?post=167931"},{"taxonomy":"post_tag","embeddable":true,"href":"https:\/\/epochtimestr.com\/index.php\/wp-json\/wp\/v2\/tags?post=167931"}],"curies":[{"name":"wp","href":"https:\/\/api.w.org\/{rel}","templated":true}]}}