{"id":167933,"date":"2026-06-21T07:00:00","date_gmt":"2026-06-21T04:00:00","guid":{"rendered":"https:\/\/epochtimestr.com\/?p=167933"},"modified":"2026-06-20T22:52:22","modified_gmt":"2026-06-20T19:52:22","slug":"yaz-geldi-hos-geldi-de-yaninda-gelen-vizilti-ne-olacak","status":"publish","type":"post","link":"https:\/\/epochtimestr.com\/index.php\/yaz-geldi-hos-geldi-de-yaninda-gelen-vizilti-ne-olacak","title":{"rendered":"Yaz Geldi Ho\u015f Geldi de Yan\u0131nda Gelen &#8220;V\u0131z\u0131lt\u0131&#8221; Ne Olacak"},"content":{"rendered":"\n<p>Havalar \u0131s\u0131nd\u0131, g\u00fcnler uzad\u0131, balkon sefalar\u0131 ve deniz planlar\u0131 nihayet ba\u015flad\u0131. Tam &#8220;Hayat ne g\u00fczel, yaz ne harika bir mevsim!&#8221; diye arkam\u0131za yaslan\u0131p derin bir nefes alaca\u011f\u0131z ki&#8230; O malum, sinir bozucu, y\u00fcksek frekansl\u0131 ses kulaklar\u0131m\u0131zda \u00e7\u0131nlamaya ba\u015flar: V\u0131nnnn&#8230;<\/p>\n\n\n\n<p>Evet, yaz mevsiminin resmi olmayan, davetsiz ve kesinlikle en sevilmeyen misafirleri geri d\u00f6nd\u00fc: Sivrisinekler.<\/p>\n\n\n\n<p>K\u00fc\u00e7\u00fcc\u00fck c\u00fcsseleriyle gecemizi zehretme, uykumuzu b\u00f6lme ve bizi kendi evimizde birer &#8220;hedef tahtas\u0131na&#8221; \u00e7evirme konusunda \u00fcstlerine yok. Peki, her yaz ya\u015fad\u0131\u011f\u0131m\u0131z bu ka\u015f\u0131nt\u0131l\u0131 sava\u015f\u0131 pe\u015finen kaybetmek zorunda m\u0131y\u0131z? Elbette hay\u0131r. Bu yaz, savunma hatt\u0131n\u0131 ak\u0131ll\u0131ca kurma zaman\u0131.<\/p>\n\n\n\n<h3 class=\"wp-block-heading\">D\u00fc\u015fman\u0131 Tan\u0131mak: Neden Biz?<\/h3>\n\n\n\n<p>\u00d6ncelikle \u015fu efsaneyi bir kenara b\u0131rakal\u0131m: Sivrisinekler &#8220;tatl\u0131 kanl\u0131&#8221; oldu\u011funuz i\u00e7in sizi se\u00e7miyor. Onlar\u0131 cezbeden \u015fey yayd\u0131\u011f\u0131n\u0131z karbondioksit, v\u00fccut \u0131s\u0131n\u0131z ve terinizdeki laktik asittir. Yani siz balkonda p\u00fcf\u00fcr p\u00fcf\u00fcr oturdu\u011funuzu san\u0131rken, asl\u0131nda onlar i\u00e7in havaya &#8220;A\u00e7\u0131k B\u00fcfe&#8221; sinyalleri g\u00f6nderiyorsunuz.<\/p>\n\n\n\n<p>\u00dcstelik sadece can s\u0131k\u0131c\u0131 bir ka\u015f\u0131nt\u0131dan da bahsetmiyoruz, k\u00fcresel iklim de\u011fi\u015fikli\u011fiyle birlikte sivrisineklerin ta\u015f\u0131d\u0131\u011f\u0131 riskler ve alerjik reaksiyonlar da her ge\u00e7en y\u0131l art\u0131yor.<\/p>\n\n\n\n<h3 class=\"wp-block-heading\">Bu Yaz\u0131n Savunma Stratejisi<\/h3>\n\n\n\n<p>Kimyasal dumanlar alt\u0131nda bo\u011fulmadan, evimizi ve tenimizi koruman\u0131n asl\u0131nda olduk\u00e7a etkili ve pratik yollar\u0131 var. \u0130\u015fte bu yaz v\u0131z\u0131lt\u0131s\u0131z geceler ge\u00e7irmek i\u00e7in uygulayabilece\u011finiz alt\u0131n kurallar:<\/p>\n\n\n\n<p><strong>Su Kaynaklar\u0131n\u0131 Kurutun:<\/strong> Sivrisineklerin \u00fcreme \u00fcss\u00fc durgun sulard\u0131r. Balkondaki saks\u0131 altlar\u0131nda biriken sular\u0131, bah\u00e7edeki i\u00e7i su dolu kovalar\u0131 mutlaka bo\u015falt\u0131n. Unutmay\u0131n, bir \u00e7orba ka\u015f\u0131\u011f\u0131 dolusu su bile y\u00fczlerce sivrisinek larvas\u0131 i\u00e7in yeterlidir.<\/p>\n\n\n\n<p><strong>Do\u011fal Kalkanlar Edinin:<\/strong> Kimyasal koruyuculara mesafeliyseniz, do\u011fan\u0131n eczanesine ba\u015fvurun. Limon okalipt\u00fcs\u00fc ya\u011f\u0131, sivrisinekleri uzak tutmada kimyasallar kadar etkilidir. Ayr\u0131ca lavanta, nane ve karanfil ya\u011flar\u0131 da harika birer kalkand\u0131r.<\/p>\n\n\n\n<p><strong>Balkonlar\u0131 Botanik Bah\u00e7esine \u00c7evirin:<\/strong> Bah\u00e7enize veya balkonunuza fesle\u011fen, reyhan, biberiye ve lavanta ekin. Hem sofran\u0131za lezzet katarlar hem de yayd\u0131klar\u0131 kokularla sivrisinekleri sizden uzak tutarlar.<\/p>\n\n\n\n<p><strong>R\u00fczg\u00e2r\u0131n G\u00fcc\u00fcn\u00fc Kullan\u0131n:<\/strong> Sivrisinekler \u00e7ok hafif canl\u0131lard\u0131r ve r\u00fczg\u00e2ra kar\u015f\u0131 u\u00e7amazlar. Gece yatarken veya balkonda otururken vantilat\u00f6r kullanmak, onlar\u0131n size ula\u015fmas\u0131n\u0131 mekanik olarak engeller.<\/p>\n\n\n\n<p><strong>Giyim Ku\u015fam Detay\u0131:<\/strong> Ak\u015fam y\u00fcr\u00fcy\u00fc\u015flerinde veya a\u00e7\u0131k hava etkinliklerinde koyu renkler yerine a\u00e7\u0131k renkli ve gev\u015fek dokulu giysiler tercih edin. Koyu renkler sivrisineklerin radar\u0131na daha kolay girmenizi sa\u011flar.<\/p>\n\n\n\n<p>\u00d6zetle,<\/p>\n\n\n\n<p>Yaz mevsimi evlere kapan\u0131p sinek kovalamak i\u00e7in \u00e7ok k\u0131sa ve \u00e7ok de\u011ferli. Belediyelerin ila\u00e7lama \u00e7al\u0131\u015fmalar\u0131n\u0131 yak\u0131ndan takip etmek vatanda\u015fl\u0131k hakk\u0131m\u0131z, ancak bireysel olarak alaca\u011f\u0131m\u0131z k\u00fc\u00e7\u00fck \u00f6nlemlerle bu yaz\u0131 \u00e7ok daha konforlu ge\u00e7irmek de bizim elimizde.<\/p>\n\n\n\n<p>Sinekliklerinizi kontrol edin, balkonunuza bir saks\u0131 fesle\u011fen yerle\u015ftirin ve o v\u0131z\u0131lt\u0131n\u0131n yaz ne\u015fenizi ka\u00e7\u0131rmas\u0131na izin vermeyin.<\/p>\n\n\n\n<p>\u0130yi yazlar, keyifli ve deliksiz uykular!<\/p>\n","protected":false},"excerpt":{"rendered":"<p>Havalar \u0131s\u0131nd\u0131, g\u00fcnler uzad\u0131, balkon sefalar\u0131 ve deniz planlar\u0131 nihayet ba\u015flad\u0131. Tam &#8220;Hayat ne g\u00fczel, yaz ne harika bir mevsim!&#8221; diye arkam\u0131za yaslan\u0131p derin bir nefes alaca\u011f\u0131z ki&#8230; O malum, sinir bozucu, y\u00fcksek frekansl\u0131 ses kulaklar\u0131m\u0131zda \u00e7\u0131nlamaya ba\u015flar: V\u0131nnnn&#8230; Evet, yaz mevsiminin resmi olmayan, davetsiz ve kesinlikle en sevilmeyen misafirleri geri d\u00f6nd\u00fc: Sivrisinekler. K\u00fc\u00e7\u00fcc\u00fck c\u00fcsseleriyle [&hellip;]<\/p>\n","protected":false},"author":14013,"featured_media":167144,"comment_status":"open","ping_status":"open","sticky":false,"template":"","format":"standard","meta":{"_yoast_wpseo_focuskw":"V\u0131z\u0131lt\u0131","_yoast_wpseo_title":"","_yoast_wpseo_metadesc":"Evet, yaz mevsiminin resmi olmayan, davetsiz ve kesinlikle en sevilmeyen misafirleri geri d\u00f6nd\u00fc: Sivrisinekler.","_bbp_topic_count":0,"_bbp_reply_count":0,"_bbp_total_topic_count":0,"_bbp_total_reply_count":0,"_bbp_voice_count":0,"_bbp_anonymous_reply_count":0,"_bbp_topic_count_hidden":0,"_bbp_reply_count_hidden":0,"_bbp_forum_subforum_count":0,"footnotes":"","_yoast_wpseo_focuskw_text_input":""},"categories":[11361],"tags":[],"yoast_head":"<!-- This site is optimized with the Yoast SEO plugin v23.0 - https:\/\/yoast.com\/wordpress\/plugins\/seo\/ -->\n<title>Yaz Geldi Ho\u015f Geldi de Yan\u0131nda Gelen &quot;V\u0131z\u0131lt\u0131&quot; Ne Olacak - The Epoch Times TR<\/title>\n<meta name=\"description\" content=\"Evet, yaz mevsiminin resmi olmayan, davetsiz ve kesinlikle en sevilmeyen misafirleri geri d\u00f6nd\u00fc: Sivrisinekler.\" \/>\n<meta name=\"robots\" content=\"index, follow, max-snippet:-1, max-image-preview:large, max-video-preview:-1\" \/>\n<link rel=\"canonical\" href=\"https:\/\/epochtimestr.com\/index.php\/yaz-geldi-hos-geldi-de-yaninda-gelen-vizilti-ne-olacak\" \/>\n<meta property=\"og:locale\" content=\"tr_TR\" \/>\n<meta property=\"og:type\" content=\"article\" \/>\n<meta property=\"og:title\" content=\"Yaz Geldi Ho\u015f Geldi de Yan\u0131nda Gelen &quot;V\u0131z\u0131lt\u0131&quot; Ne Olacak - The Epoch Times TR\" \/>\n<meta property=\"og:description\" content=\"Evet, yaz mevsiminin resmi olmayan, davetsiz ve kesinlikle en sevilmeyen misafirleri geri d\u00f6nd\u00fc: Sivrisinekler.\" \/>\n<meta property=\"og:url\" content=\"https:\/\/epochtimestr.com\/index.php\/yaz-geldi-hos-geldi-de-yaninda-gelen-vizilti-ne-olacak\" \/>\n<meta property=\"og:site_name\" content=\"The Epoch Times TR\" \/>\n<meta property=\"article:publisher\" content=\"https:\/\/www.facebook.com\/theepochtimestr\" \/>\n<meta property=\"article:published_time\" content=\"2026-06-21T04:00:00+00:00\" \/>\n<meta property=\"article:modified_time\" content=\"2026-06-20T19:52:22+00:00\" \/>\n<meta property=\"og:image\" content=\"https:\/\/epochtimestr.com\/wp-content\/uploads\/2011y\/ali-kekliktepe-SM.jpeg\" \/>\n\t<meta property=\"og:image:width\" content=\"1200\" \/>\n\t<meta property=\"og:image:height\" content=\"630\" \/>\n\t<meta property=\"og:image:type\" content=\"image\/jpeg\" \/>\n<meta name=\"author\" content=\"Ali Kekliktepe\" \/>\n<meta name=\"twitter:card\" content=\"summary_large_image\" \/>\n<meta name=\"twitter:creator\" content=\"@TheEpochTimesTR\" \/>\n<meta name=\"twitter:site\" content=\"@TheEpochTimesTR\" \/>\n<meta name=\"twitter:label1\" content=\"Yazan:\" \/>\n\t<meta name=\"twitter:data1\" content=\"Ali Kekliktepe\" \/>\n\t<meta name=\"twitter:label2\" content=\"Tahmini okuma s\u00fcresi\" \/>\n\t<meta name=\"twitter:data2\" content=\"3 dakika\" \/>\n<script type=\"application\/ld+json\" class=\"yoast-schema-graph\">{\"@context\":\"https:\/\/schema.org\",\"@graph\":[{\"@type\":\"Article\",\"@id\":\"https:\/\/epochtimestr.com\/index.php\/yaz-geldi-hos-geldi-de-yaninda-gelen-vizilti-ne-olacak#article\",\"isPartOf\":{\"@id\":\"https:\/\/epochtimestr.com\/index.php\/yaz-geldi-hos-geldi-de-yaninda-gelen-vizilti-ne-olacak\"},\"author\":{\"name\":\"Ali Kekliktepe\",\"@id\":\"https:\/\/epochtimestr.com\/#\/schema\/person\/da94a416fed1aed029d0a47e85673b95\"},\"headline\":\"Yaz Geldi Ho\u015f Geldi de Yan\u0131nda Gelen &#8220;V\u0131z\u0131lt\u0131&#8221; Ne Olacak\",\"datePublished\":\"2026-06-21T04:00:00+00:00\",\"dateModified\":\"2026-06-20T19:52:22+00:00\",\"mainEntityOfPage\":{\"@id\":\"https:\/\/epochtimestr.com\/index.php\/yaz-geldi-hos-geldi-de-yaninda-gelen-vizilti-ne-olacak\"},\"wordCount\":545,\"commentCount\":0,\"publisher\":{\"@id\":\"https:\/\/epochtimestr.com\/#organization\"},\"image\":{\"@id\":\"https:\/\/epochtimestr.com\/index.php\/yaz-geldi-hos-geldi-de-yaninda-gelen-vizilti-ne-olacak#primaryimage\"},\"thumbnailUrl\":\"https:\/\/epochtimestr.com\/wp-content\/uploads\/2011y\/Ali-Kekliktepe.jpg\",\"articleSection\":[\"K\u00f6\u015fe Yaz\u0131lar\u0131 Ali Kekliktepe\"],\"inLanguage\":\"tr\",\"potentialAction\":[{\"@type\":\"CommentAction\",\"name\":\"Comment\",\"target\":[\"https:\/\/epochtimestr.com\/index.php\/yaz-geldi-hos-geldi-de-yaninda-gelen-vizilti-ne-olacak#respond\"]}]},{\"@type\":\"WebPage\",\"@id\":\"https:\/\/epochtimestr.com\/index.php\/yaz-geldi-hos-geldi-de-yaninda-gelen-vizilti-ne-olacak\",\"url\":\"https:\/\/epochtimestr.com\/index.php\/yaz-geldi-hos-geldi-de-yaninda-gelen-vizilti-ne-olacak\",\"name\":\"Yaz Geldi Ho\u015f Geldi de Yan\u0131nda Gelen \\\"V\u0131z\u0131lt\u0131\\\" Ne Olacak - The Epoch Times TR\",\"isPartOf\":{\"@id\":\"https:\/\/epochtimestr.com\/#website\"},\"primaryImageOfPage\":{\"@id\":\"https:\/\/epochtimestr.com\/index.php\/yaz-geldi-hos-geldi-de-yaninda-gelen-vizilti-ne-olacak#primaryimage\"},\"image\":{\"@id\":\"https:\/\/epochtimestr.com\/index.php\/yaz-geldi-hos-geldi-de-yaninda-gelen-vizilti-ne-olacak#primaryimage\"},\"thumbnailUrl\":\"https:\/\/epochtimestr.com\/wp-content\/uploads\/2011y\/Ali-Kekliktepe.jpg\",\"datePublished\":\"2026-06-21T04:00:00+00:00\",\"dateModified\":\"2026-06-20T19:52:22+00:00\",\"description\":\"Evet, yaz mevsiminin resmi olmayan, davetsiz ve kesinlikle en sevilmeyen misafirleri geri d\u00f6nd\u00fc: Sivrisinekler.\",\"inLanguage\":\"tr\",\"potentialAction\":[{\"@type\":\"ReadAction\",\"target\":[\"https:\/\/epochtimestr.com\/index.php\/yaz-geldi-hos-geldi-de-yaninda-gelen-vizilti-ne-olacak\"]}]},{\"@type\":\"ImageObject\",\"inLanguage\":\"tr\",\"@id\":\"https:\/\/epochtimestr.com\/index.php\/yaz-geldi-hos-geldi-de-yaninda-gelen-vizilti-ne-olacak#primaryimage\",\"url\":\"https:\/\/epochtimestr.com\/wp-content\/uploads\/2011y\/Ali-Kekliktepe.jpg\",\"contentUrl\":\"https:\/\/epochtimestr.com\/wp-content\/uploads\/2011y\/Ali-Kekliktepe.jpg\",\"width\":600,\"height\":600},{\"@type\":\"WebSite\",\"@id\":\"https:\/\/epochtimestr.com\/#website\",\"url\":\"https:\/\/epochtimestr.com\/\",\"name\":\"The Epoch Times TR\",\"description\":\"De\u011fi\u015fen D\u00fcnyam\u0131za Taze Bir Bak\u0131\u015f\",\"publisher\":{\"@id\":\"https:\/\/epochtimestr.com\/#organization\"},\"potentialAction\":[{\"@type\":\"SearchAction\",\"target\":{\"@type\":\"EntryPoint\",\"urlTemplate\":\"https:\/\/epochtimestr.com\/?s={search_term_string}\"},\"query-input\":\"required name=search_term_string\"}],\"inLanguage\":\"tr\"},{\"@type\":\"Organization\",\"@id\":\"https:\/\/epochtimestr.com\/#organization\",\"name\":\"The EpochTimes T\u00fcrkiye\",\"url\":\"https:\/\/epochtimestr.com\/\",\"logo\":{\"@type\":\"ImageObject\",\"inLanguage\":\"tr\",\"@id\":\"https:\/\/epochtimestr.com\/#\/schema\/logo\/image\/\",\"url\":\"https:\/\/epochtimestr.com\/wp-content\/uploads\/2011y\/ET-Logo-YG.jpg\",\"contentUrl\":\"https:\/\/epochtimestr.com\/wp-content\/uploads\/2011y\/ET-Logo-YG.jpg\",\"width\":346,\"height\":29,\"caption\":\"The EpochTimes T\u00fcrkiye\"},\"image\":{\"@id\":\"https:\/\/epochtimestr.com\/#\/schema\/logo\/image\/\"},\"sameAs\":[\"https:\/\/www.facebook.com\/theepochtimestr\",\"https:\/\/x.com\/TheEpochTimesTR\",\"https:\/\/www.instagram.com\/epochtimestr\"]},{\"@type\":\"Person\",\"@id\":\"https:\/\/epochtimestr.com\/#\/schema\/person\/da94a416fed1aed029d0a47e85673b95\",\"name\":\"Ali Kekliktepe\",\"image\":{\"@type\":\"ImageObject\",\"inLanguage\":\"tr\",\"@id\":\"https:\/\/epochtimestr.com\/#\/schema\/person\/image\/\",\"url\":\"https:\/\/secure.gravatar.com\/avatar\/6c965c3fc374c8f4af759baef4f38bcd?s=96&d=mm&r=g\",\"contentUrl\":\"https:\/\/secure.gravatar.com\/avatar\/6c965c3fc374c8f4af759baef4f38bcd?s=96&d=mm&r=g\",\"caption\":\"Ali Kekliktepe\"},\"description\":\"Ben Ali Kekliktepe; hayat\u0131n\u0131 \u00f6\u011frenmeye, \u00f6\u011fretmeye ve toplumsal fayda yaratmaya adam\u0131\u015f bir yazar ve profesyonelim. Kalemi sadece ka\u011f\u0131da dokunan bir ara\u00e7 de\u011fil, toplumun aksayan y\u00f6nlerine \u015fifa olan bir enstr\u00fcman olarak g\u00f6r\u00fcyorum.\",\"sameAs\":[\"https:\/\/alikekliktepemersin33.blogspot.com\/\"],\"url\":\"https:\/\/epochtimestr.com\/index.php\/author\/ali\"}]}<\/script>\n<!-- \/ Yoast SEO plugin. -->","yoast_head_json":{"title":"Yaz Geldi Ho\u015f Geldi de Yan\u0131nda Gelen \"V\u0131z\u0131lt\u0131\" Ne Olacak - The Epoch Times TR","description":"Evet, yaz mevsiminin resmi olmayan, davetsiz ve kesinlikle en sevilmeyen misafirleri geri d\u00f6nd\u00fc: Sivrisinekler.","robots":{"index":"index","follow":"follow","max-snippet":"max-snippet:-1","max-image-preview":"max-image-preview:large","max-video-preview":"max-video-preview:-1"},"canonical":"https:\/\/epochtimestr.com\/index.php\/yaz-geldi-hos-geldi-de-yaninda-gelen-vizilti-ne-olacak","og_locale":"tr_TR","og_type":"article","og_title":"Yaz Geldi Ho\u015f Geldi de Yan\u0131nda Gelen \"V\u0131z\u0131lt\u0131\" Ne Olacak - The Epoch Times TR","og_description":"Evet, yaz mevsiminin resmi olmayan, davetsiz ve kesinlikle en sevilmeyen misafirleri geri d\u00f6nd\u00fc: Sivrisinekler.","og_url":"https:\/\/epochtimestr.com\/index.php\/yaz-geldi-hos-geldi-de-yaninda-gelen-vizilti-ne-olacak","og_site_name":"The Epoch Times TR","article_publisher":"https:\/\/www.facebook.com\/theepochtimestr","article_published_time":"2026-06-21T04:00:00+00:00","article_modified_time":"2026-06-20T19:52:22+00:00","og_image":[{"width":1200,"height":630,"url":"https:\/\/epochtimestr.com\/wp-content\/uploads\/2011y\/ali-kekliktepe-SM.jpeg","type":"image\/jpeg"}],"author":"Ali Kekliktepe","twitter_card":"summary_large_image","twitter_creator":"@TheEpochTimesTR","twitter_site":"@TheEpochTimesTR","twitter_misc":{"Yazan:":"Ali Kekliktepe","Tahmini okuma s\u00fcresi":"3 dakika"},"schema":{"@context":"https:\/\/schema.org","@graph":[{"@type":"Article","@id":"https:\/\/epochtimestr.com\/index.php\/yaz-geldi-hos-geldi-de-yaninda-gelen-vizilti-ne-olacak#article","isPartOf":{"@id":"https:\/\/epochtimestr.com\/index.php\/yaz-geldi-hos-geldi-de-yaninda-gelen-vizilti-ne-olacak"},"author":{"name":"Ali Kekliktepe","@id":"https:\/\/epochtimestr.com\/#\/schema\/person\/da94a416fed1aed029d0a47e85673b95"},"headline":"Yaz Geldi Ho\u015f Geldi de Yan\u0131nda Gelen &#8220;V\u0131z\u0131lt\u0131&#8221; Ne Olacak","datePublished":"2026-06-21T04:00:00+00:00","dateModified":"2026-06-20T19:52:22+00:00","mainEntityOfPage":{"@id":"https:\/\/epochtimestr.com\/index.php\/yaz-geldi-hos-geldi-de-yaninda-gelen-vizilti-ne-olacak"},"wordCount":545,"commentCount":0,"publisher":{"@id":"https:\/\/epochtimestr.com\/#organization"},"image":{"@id":"https:\/\/epochtimestr.com\/index.php\/yaz-geldi-hos-geldi-de-yaninda-gelen-vizilti-ne-olacak#primaryimage"},"thumbnailUrl":"https:\/\/epochtimestr.com\/wp-content\/uploads\/2011y\/Ali-Kekliktepe.jpg","articleSection":["K\u00f6\u015fe Yaz\u0131lar\u0131 Ali Kekliktepe"],"inLanguage":"tr","potentialAction":[{"@type":"CommentAction","name":"Comment","target":["https:\/\/epochtimestr.com\/index.php\/yaz-geldi-hos-geldi-de-yaninda-gelen-vizilti-ne-olacak#respond"]}]},{"@type":"WebPage","@id":"https:\/\/epochtimestr.com\/index.php\/yaz-geldi-hos-geldi-de-yaninda-gelen-vizilti-ne-olacak","url":"https:\/\/epochtimestr.com\/index.php\/yaz-geldi-hos-geldi-de-yaninda-gelen-vizilti-ne-olacak","name":"Yaz Geldi Ho\u015f Geldi de Yan\u0131nda Gelen \"V\u0131z\u0131lt\u0131\" Ne Olacak - The Epoch Times TR","isPartOf":{"@id":"https:\/\/epochtimestr.com\/#website"},"primaryImageOfPage":{"@id":"https:\/\/epochtimestr.com\/index.php\/yaz-geldi-hos-geldi-de-yaninda-gelen-vizilti-ne-olacak#primaryimage"},"image":{"@id":"https:\/\/epochtimestr.com\/index.php\/yaz-geldi-hos-geldi-de-yaninda-gelen-vizilti-ne-olacak#primaryimage"},"thumbnailUrl":"https:\/\/epochtimestr.com\/wp-content\/uploads\/2011y\/Ali-Kekliktepe.jpg","datePublished":"2026-06-21T04:00:00+00:00","dateModified":"2026-06-20T19:52:22+00:00","description":"Evet, yaz mevsiminin resmi olmayan, davetsiz ve kesinlikle en sevilmeyen misafirleri geri d\u00f6nd\u00fc: Sivrisinekler.","inLanguage":"tr","potentialAction":[{"@type":"ReadAction","target":["https:\/\/epochtimestr.com\/index.php\/yaz-geldi-hos-geldi-de-yaninda-gelen-vizilti-ne-olacak"]}]},{"@type":"ImageObject","inLanguage":"tr","@id":"https:\/\/epochtimestr.com\/index.php\/yaz-geldi-hos-geldi-de-yaninda-gelen-vizilti-ne-olacak#primaryimage","url":"https:\/\/epochtimestr.com\/wp-content\/uploads\/2011y\/Ali-Kekliktepe.jpg","contentUrl":"https:\/\/epochtimestr.com\/wp-content\/uploads\/2011y\/Ali-Kekliktepe.jpg","width":600,"height":600},{"@type":"WebSite","@id":"https:\/\/epochtimestr.com\/#website","url":"https:\/\/epochtimestr.com\/","name":"The Epoch Times TR","description":"De\u011fi\u015fen D\u00fcnyam\u0131za Taze Bir Bak\u0131\u015f","publisher":{"@id":"https:\/\/epochtimestr.com\/#organization"},"potentialAction":[{"@type":"SearchAction","target":{"@type":"EntryPoint","urlTemplate":"https:\/\/epochtimestr.com\/?s={search_term_string}"},"query-input":"required name=search_term_string"}],"inLanguage":"tr"},{"@type":"Organization","@id":"https:\/\/epochtimestr.com\/#organization","name":"The EpochTimes T\u00fcrkiye","url":"https:\/\/epochtimestr.com\/","logo":{"@type":"ImageObject","inLanguage":"tr","@id":"https:\/\/epochtimestr.com\/#\/schema\/logo\/image\/","url":"https:\/\/epochtimestr.com\/wp-content\/uploads\/2011y\/ET-Logo-YG.jpg","contentUrl":"https:\/\/epochtimestr.com\/wp-content\/uploads\/2011y\/ET-Logo-YG.jpg","width":346,"height":29,"caption":"The EpochTimes T\u00fcrkiye"},"image":{"@id":"https:\/\/epochtimestr.com\/#\/schema\/logo\/image\/"},"sameAs":["https:\/\/www.facebook.com\/theepochtimestr","https:\/\/x.com\/TheEpochTimesTR","https:\/\/www.instagram.com\/epochtimestr"]},{"@type":"Person","@id":"https:\/\/epochtimestr.com\/#\/schema\/person\/da94a416fed1aed029d0a47e85673b95","name":"Ali Kekliktepe","image":{"@type":"ImageObject","inLanguage":"tr","@id":"https:\/\/epochtimestr.com\/#\/schema\/person\/image\/","url":"https:\/\/secure.gravatar.com\/avatar\/6c965c3fc374c8f4af759baef4f38bcd?s=96&d=mm&r=g","contentUrl":"https:\/\/secure.gravatar.com\/avatar\/6c965c3fc374c8f4af759baef4f38bcd?s=96&d=mm&r=g","caption":"Ali Kekliktepe"},"description":"Ben Ali Kekliktepe; hayat\u0131n\u0131 \u00f6\u011frenmeye, \u00f6\u011fretmeye ve toplumsal fayda yaratmaya adam\u0131\u015f bir yazar ve profesyonelim. Kalemi sadece ka\u011f\u0131da dokunan bir ara\u00e7 de\u011fil, toplumun aksayan y\u00f6nlerine \u015fifa olan bir enstr\u00fcman olarak g\u00f6r\u00fcyorum.","sameAs":["https:\/\/alikekliktepemersin33.blogspot.com\/"],"url":"https:\/\/epochtimestr.com\/index.php\/author\/ali"}]}},"_links":{"self":[{"href":"https:\/\/epochtimestr.com\/index.php\/wp-json\/wp\/v2\/posts\/167933"}],"collection":[{"href":"https:\/\/epochtimestr.com\/index.php\/wp-json\/wp\/v2\/posts"}],"about":[{"href":"https:\/\/epochtimestr.com\/index.php\/wp-json\/wp\/v2\/types\/post"}],"author":[{"embeddable":true,"href":"https:\/\/epochtimestr.com\/index.php\/wp-json\/wp\/v2\/users\/14013"}],"replies":[{"embeddable":true,"href":"https:\/\/epochtimestr.com\/index.php\/wp-json\/wp\/v2\/comments?post=167933"}],"version-history":[{"count":1,"href":"https:\/\/epochtimestr.com\/index.php\/wp-json\/wp\/v2\/posts\/167933\/revisions"}],"predecessor-version":[{"id":167934,"href":"https:\/\/epochtimestr.com\/index.php\/wp-json\/wp\/v2\/posts\/167933\/revisions\/167934"}],"wp:featuredmedia":[{"embeddable":true,"href":"https:\/\/epochtimestr.com\/index.php\/wp-json\/wp\/v2\/media\/167144"}],"wp:attachment":[{"href":"https:\/\/epochtimestr.com\/index.php\/wp-json\/wp\/v2\/media?parent=167933"}],"wp:term":[{"taxonomy":"category","embeddable":true,"href":"https:\/\/epochtimestr.com\/index.php\/wp-json\/wp\/v2\/categories?post=167933"},{"taxonomy":"post_tag","embeddable":true,"href":"https:\/\/epochtimestr.com\/index.php\/wp-json\/wp\/v2\/tags?post=167933"}],"curies":[{"name":"wp","href":"https:\/\/api.w.org\/{rel}","templated":true}]}}