{"id":167939,"date":"2026-06-21T14:30:58","date_gmt":"2026-06-21T11:30:58","guid":{"rendered":"https:\/\/epochtimestr.com\/?p=167939"},"modified":"2026-06-21T14:31:00","modified_gmt":"2026-06-21T11:31:00","slug":"trump-bu-yil-gerceklestirecegi-turkiye-ziyareti-hakkinda-konustu","status":"publish","type":"post","link":"https:\/\/epochtimestr.com\/index.php\/trump-bu-yil-gerceklestirecegi-turkiye-ziyareti-hakkinda-konustu","title":{"rendered":"Trump Bu Y\u0131l Ger\u00e7ekle\u015ftirece\u011fi T\u00fcrkiye Ziyareti Hakk\u0131nda Konu\u015ftu"},"content":{"rendered":"<div class=\"wp-block-image\">\n<figure class=\"aligncenter size-full\"><img loading=\"lazy\" decoding=\"async\" width=\"1080\" height=\"720\" src=\"https:\/\/epochtimestr.com\/wp-content\/uploads\/2011y\/1000040704.webp\" alt=\"ABD Ba\u015fkan\u0131 Donald Trump, 2026 y\u0131l\u0131nda T\u00fcrkiye ve \u00c7in\u2019e ziyaret planlad\u0131\u011f\u0131n\u0131 a\u00e7\u0131klad\u0131. Trump, 16 \u015eubat 2026\u2019da Florida\u2019ya gitmek \u00fczere yola \u00e7\u0131karken. (Foto\u011fraf: Madalina Kilroy, The Epoch\u00a0Times)\" class=\"wp-image-167940\" srcset=\"https:\/\/epochtimestr.com\/wp-content\/uploads\/2011y\/1000040704.webp 1080w, https:\/\/epochtimestr.com\/wp-content\/uploads\/2011y\/1000040704-300x200.webp 300w, https:\/\/epochtimestr.com\/wp-content\/uploads\/2011y\/1000040704-150x100.webp 150w, https:\/\/epochtimestr.com\/wp-content\/uploads\/2011y\/1000040704-768x512.webp 768w\" sizes=\"(max-width: 1080px) 100vw, 1080px\" \/><figcaption class=\"wp-element-caption\"><em>ABD Ba\u015fkan\u0131 Donald Trump, 2026 y\u0131l\u0131nda T\u00fcrkiye ve \u00c7in\u2019e ziyaret planlad\u0131\u011f\u0131n\u0131 a\u00e7\u0131klad\u0131. Trump, 16 \u015eubat 2026\u2019da Florida\u2019ya gitmek \u00fczere yola \u00e7\u0131karken. (Foto\u011fraf: Madalina Kilroy, The Epoch&nbsp;Times)<\/em><\/figcaption><\/figure><\/div>\n\n\n<p>ABD Ba\u015fkan\u0131 Donald Trump, bu y\u0131l T\u00fcrkiye ve \u00c7in&#8217;e ziyaret ger\u00e7ekle\u015ftirece\u011fini a\u00e7\u0131klad\u0131. Trump, a\u00e7\u0131klamay\u0131 Katar taraf\u0131ndan hediye edilen Boeing 747 u\u00e7a\u011f\u0131n\u0131n tan\u0131t\u0131m\u0131 s\u0131ras\u0131nda yapt\u0131.<\/p>\n\n\n\n<p>Maryland&#8217;deki Joint Base Andrews \u00dcss\u00fc&#8217;nde konu\u015fan Trump, uluslararas\u0131 temaslar\u0131n\u0131 s\u00fcrd\u00fcrece\u011fini belirtti. ABD Ba\u015fkan\u0131, &#8220;T\u00fcrkiye&#8217;ye gidece\u011fiz. Y\u0131l i\u00e7inde yeniden \u00c7in&#8217;e de gidece\u011fiz&#8221; ifadelerini kulland\u0131, ancak ziyaretlerin tarihine ili\u015fkin bilgi vermedi.<\/p>\n\n\n\n<p>Trump ayr\u0131ca <a href=\"https:\/\/epochtimestr.com\/index.php\/avrupa-parlamentosu-cin-ile-ticarette-daha-sert-olacak\" target=\"_blank\" rel=\"noreferrer noopener\">\u00c7in<\/a> Devlet Ba\u015fkan\u0131 \u015ei Cinping&#8217;in eyl\u00fcl ay\u0131nda ABD&#8217;yi ziyaret edece\u011fini ve kendisinin de \u00c7in&#8217;de d\u00fczenlenecek b\u00fcy\u00fck bir konferansa kat\u0131laca\u011f\u0131n\u0131 s\u00f6yledi. ABD Ba\u015fkan\u0131, ge\u00e7en ay Pekin&#8217;e giderek \u015ei ile bir araya gelmi\u015fti. G\u00f6r\u00fc\u015fmelerde ticaret, \u0130ran, b\u00f6lgesel g\u00fcvenlik ve iki \u00fclke ili\u015fkileri g\u00fcndeme gelmi\u015fti.<\/p>\n\n\n\n<p>Trump ile \u015ei aras\u0131ndaki temaslar son d\u00f6nemde de devam etti. Kas\u0131m 2025&#8217;te ger\u00e7ekle\u015ftirilen telefon g\u00f6r\u00fc\u015fmesinde iki lider tar\u0131m ticareti ve ekonomik ili\u015fkiler hakk\u0131nda konu\u015ftu. \u00d6te yandan liderler, fentanil ile m\u00fccadele ve ekonomik i\u015f birli\u011fi konular\u0131nda ileti\u015fimi s\u00fcrd\u00fcrme konusunda mutab\u0131k kald\u0131. Trump, g\u00f6r\u00fc\u015fmenin ard\u0131ndan ABD ile \u00c7in aras\u0131ndaki ili\u015fkilerin g\u00fc\u00e7l\u00fc oldu\u011funu belirtmi\u015fti. <\/p>\n\n\n\n<h3 class=\"wp-block-heading\">T\u00fcrkiye Temaslar\u0131 S\u00fcrecek<\/h3>\n\n\n\n<p>Trump&#8217;\u0131n T\u00fcrkiye ziyareti a\u00e7\u0131klamas\u0131, Ankara ile Washington aras\u0131nda son d\u00f6nemdeki temaslar\u0131n ard\u0131ndan geldi. <a href=\"https:\/\/www.theepochtimes.com\/us\/trump-says-he-will-visit-turkey-china-this-year-6050844\" target=\"_blank\" rel=\"noreferrer noopener\">T\u00fcrkiye ile ABD<\/a> aras\u0131nda son y\u0131llarda ticaret, savunma ve b\u00f6lgesel g\u00fcvenlik konular\u0131nda \u00e7e\u015fitli g\u00f6r\u00fc\u015fmeler ger\u00e7ekle\u015fti. Trump ile Cumhurba\u015fkan\u0131 Recep Tayyip Erdo\u011fan, son y\u0131llarda bir\u00e7ok kez bir araya geldi. \u0130ki lider, Eyl\u00fcl 2025&#8217;te Beyaz Saray&#8217;da yapt\u0131klar\u0131 g\u00f6r\u00fc\u015fmede savunma i\u015f birli\u011fi ve Boeing anla\u015fmas\u0131n\u0131 ele ald\u0131. Ayr\u0131ca Ocak ay\u0131nda ger\u00e7ekle\u015ftirilen telefon g\u00f6r\u00fc\u015fmesinde ikili ili\u015fkiler, Suriye ve ter\u00f6rle m\u00fccadele konular\u0131 de\u011ferlendirildi.<\/p>\n\n\n\n<p>Trump, T\u00fcrkiye ve \u00c7in ziyaretlerinin daha geni\u015f kapsaml\u0131 yurt d\u0131\u015f\u0131 program\u0131n\u0131n par\u00e7as\u0131 olaca\u011f\u0131n\u0131 belirtti. Ba\u015fkan ayr\u0131ca, bu temaslar\u0131n ABD&#8217;nin ticaret ve g\u00fcvenlik hedefleri a\u00e7\u0131s\u0131ndan \u00f6nem ta\u015f\u0131d\u0131\u011f\u0131n\u0131 ifade etti.<\/p>\n","protected":false},"excerpt":{"rendered":"<p>ABD Ba\u015fkan\u0131 Donald Trump, bu y\u0131l T\u00fcrkiye ve \u00c7in&#8217;e ziyaret ger\u00e7ekle\u015ftirece\u011fini a\u00e7\u0131klad\u0131. Trump, a\u00e7\u0131klamay\u0131 Katar taraf\u0131ndan hediye edilen Boeing 747 u\u00e7a\u011f\u0131n\u0131n tan\u0131t\u0131m\u0131 s\u0131ras\u0131nda yapt\u0131. Maryland&#8217;deki Joint Base Andrews \u00dcss\u00fc&#8217;nde konu\u015fan Trump, uluslararas\u0131 temaslar\u0131n\u0131 s\u00fcrd\u00fcrece\u011fini belirtti. ABD Ba\u015fkan\u0131, &#8220;T\u00fcrkiye&#8217;ye gidece\u011fiz. Y\u0131l i\u00e7inde yeniden \u00c7in&#8217;e de gidece\u011fiz&#8221; ifadelerini kulland\u0131, ancak ziyaretlerin tarihine ili\u015fkin bilgi vermedi. Trump ayr\u0131ca [&hellip;]<\/p>\n","protected":false},"author":13996,"featured_media":167940,"comment_status":"open","ping_status":"open","sticky":false,"template":"","format":"standard","meta":{"_yoast_wpseo_focuskw":"Trump - T\u00fcrkiye","_yoast_wpseo_title":"","_yoast_wpseo_metadesc":"ABD Ba\u015fkan\u0131 Donald Trump, 2026 y\u0131l\u0131nda ticaret ve g\u00fcvenlik g\u00fcndemini kapsam\u0131nda, T\u00fcrkiye ve \u00c7in\u2019e ziyaret planlad\u0131\u011f\u0131n\u0131 a\u00e7\u0131klad\u0131.","_bbp_topic_count":0,"_bbp_reply_count":0,"_bbp_total_topic_count":0,"_bbp_total_reply_count":0,"_bbp_voice_count":0,"_bbp_anonymous_reply_count":0,"_bbp_topic_count_hidden":0,"_bbp_reply_count_hidden":0,"_bbp_forum_subforum_count":0,"footnotes":"","_yoast_wpseo_focuskw_text_input":""},"categories":[5,1,8138],"tags":[9669,11561,1086,1031,9332,5764,4696],"yoast_head":"<!-- This site is optimized with the Yoast SEO plugin v23.0 - https:\/\/yoast.com\/wordpress\/plugins\/seo\/ -->\n<title>Trump Bu Y\u0131l Ger\u00e7ekle\u015ftirece\u011fi T\u00fcrkiye Ziyareti Hakk\u0131nda Konu\u015ftu - The Epoch Times TR<\/title>\n<meta name=\"description\" content=\"ABD Ba\u015fkan\u0131 Donald Trump, 2026 y\u0131l\u0131nda ticaret ve g\u00fcvenlik g\u00fcndemini kapsam\u0131nda, T\u00fcrkiye ve \u00c7in\u2019e ziyaret planlad\u0131\u011f\u0131n\u0131 a\u00e7\u0131klad\u0131.\" \/>\n<meta name=\"robots\" content=\"index, follow, max-snippet:-1, max-image-preview:large, max-video-preview:-1\" \/>\n<link rel=\"canonical\" href=\"https:\/\/epochtimestr.com\/index.php\/trump-bu-yil-gerceklestirecegi-turkiye-ziyareti-hakkinda-konustu\" \/>\n<meta property=\"og:locale\" content=\"tr_TR\" \/>\n<meta property=\"og:type\" content=\"article\" \/>\n<meta property=\"og:title\" content=\"Trump Bu Y\u0131l Ger\u00e7ekle\u015ftirece\u011fi T\u00fcrkiye Ziyareti Hakk\u0131nda Konu\u015ftu - The Epoch Times TR\" \/>\n<meta property=\"og:description\" content=\"ABD Ba\u015fkan\u0131 Donald Trump, 2026 y\u0131l\u0131nda ticaret ve g\u00fcvenlik g\u00fcndemini kapsam\u0131nda, T\u00fcrkiye ve \u00c7in\u2019e ziyaret planlad\u0131\u011f\u0131n\u0131 a\u00e7\u0131klad\u0131.\" \/>\n<meta property=\"og:url\" content=\"https:\/\/epochtimestr.com\/index.php\/trump-bu-yil-gerceklestirecegi-turkiye-ziyareti-hakkinda-konustu\" \/>\n<meta property=\"og:site_name\" content=\"The Epoch Times TR\" \/>\n<meta property=\"article:publisher\" content=\"https:\/\/www.facebook.com\/theepochtimestr\" \/>\n<meta property=\"article:published_time\" content=\"2026-06-21T11:30:58+00:00\" \/>\n<meta property=\"article:modified_time\" content=\"2026-06-21T11:31:00+00:00\" \/>\n<meta property=\"og:image\" content=\"https:\/\/epochtimestr.com\/wp-content\/uploads\/2011y\/1000040704.webp\" \/>\n\t<meta property=\"og:image:width\" content=\"1080\" \/>\n\t<meta property=\"og:image:height\" content=\"720\" \/>\n\t<meta property=\"og:image:type\" content=\"image\/webp\" \/>\n<meta name=\"author\" content=\"Leo Bajelan\" \/>\n<meta name=\"twitter:card\" content=\"summary_large_image\" \/>\n<meta name=\"twitter:creator\" content=\"@TheEpochTimesTR\" \/>\n<meta name=\"twitter:site\" content=\"@TheEpochTimesTR\" \/>\n<meta name=\"twitter:label1\" content=\"Yazan:\" \/>\n\t<meta name=\"twitter:data1\" content=\"Leo Bajelan\" \/>\n\t<meta name=\"twitter:label2\" content=\"Tahmini okuma s\u00fcresi\" \/>\n\t<meta name=\"twitter:data2\" content=\"3 dakika\" \/>\n<script type=\"application\/ld+json\" class=\"yoast-schema-graph\">{\"@context\":\"https:\/\/schema.org\",\"@graph\":[{\"@type\":\"Article\",\"@id\":\"https:\/\/epochtimestr.com\/index.php\/trump-bu-yil-gerceklestirecegi-turkiye-ziyareti-hakkinda-konustu#article\",\"isPartOf\":{\"@id\":\"https:\/\/epochtimestr.com\/index.php\/trump-bu-yil-gerceklestirecegi-turkiye-ziyareti-hakkinda-konustu\"},\"author\":{\"name\":\"Leo Bajelan\",\"@id\":\"https:\/\/epochtimestr.com\/#\/schema\/person\/5fef218711d76d8f232b0e1f1d7e4c0d\"},\"headline\":\"Trump Bu Y\u0131l Ger\u00e7ekle\u015ftirece\u011fi T\u00fcrkiye Ziyareti Hakk\u0131nda Konu\u015ftu\",\"datePublished\":\"2026-06-21T11:30:58+00:00\",\"dateModified\":\"2026-06-21T11:31:00+00:00\",\"mainEntityOfPage\":{\"@id\":\"https:\/\/epochtimestr.com\/index.php\/trump-bu-yil-gerceklestirecegi-turkiye-ziyareti-hakkinda-konustu\"},\"wordCount\":429,\"commentCount\":0,\"publisher\":{\"@id\":\"https:\/\/epochtimestr.com\/#organization\"},\"image\":{\"@id\":\"https:\/\/epochtimestr.com\/index.php\/trump-bu-yil-gerceklestirecegi-turkiye-ziyareti-hakkinda-konustu#primaryimage\"},\"thumbnailUrl\":\"https:\/\/epochtimestr.com\/wp-content\/uploads\/2011y\/1000040704.webp\",\"keywords\":[\"ABD - \u00c7in Ticareti\",\"ABD-T\u00dcRK\u0130YE\",\"\u0130ran\",\"Recep Tayyip Erdo\u011fan\",\"\u015ei Cinping\",\"Trump\",\"xi jinping\"],\"articleSection\":[\"D\u00dcNYA\",\"G\u00dcNDEM\",\"MAN\u015eET\"],\"inLanguage\":\"tr\",\"potentialAction\":[{\"@type\":\"CommentAction\",\"name\":\"Comment\",\"target\":[\"https:\/\/epochtimestr.com\/index.php\/trump-bu-yil-gerceklestirecegi-turkiye-ziyareti-hakkinda-konustu#respond\"]}]},{\"@type\":\"WebPage\",\"@id\":\"https:\/\/epochtimestr.com\/index.php\/trump-bu-yil-gerceklestirecegi-turkiye-ziyareti-hakkinda-konustu\",\"url\":\"https:\/\/epochtimestr.com\/index.php\/trump-bu-yil-gerceklestirecegi-turkiye-ziyareti-hakkinda-konustu\",\"name\":\"Trump Bu Y\u0131l Ger\u00e7ekle\u015ftirece\u011fi T\u00fcrkiye Ziyareti Hakk\u0131nda Konu\u015ftu - The Epoch Times TR\",\"isPartOf\":{\"@id\":\"https:\/\/epochtimestr.com\/#website\"},\"primaryImageOfPage\":{\"@id\":\"https:\/\/epochtimestr.com\/index.php\/trump-bu-yil-gerceklestirecegi-turkiye-ziyareti-hakkinda-konustu#primaryimage\"},\"image\":{\"@id\":\"https:\/\/epochtimestr.com\/index.php\/trump-bu-yil-gerceklestirecegi-turkiye-ziyareti-hakkinda-konustu#primaryimage\"},\"thumbnailUrl\":\"https:\/\/epochtimestr.com\/wp-content\/uploads\/2011y\/1000040704.webp\",\"datePublished\":\"2026-06-21T11:30:58+00:00\",\"dateModified\":\"2026-06-21T11:31:00+00:00\",\"description\":\"ABD Ba\u015fkan\u0131 Donald Trump, 2026 y\u0131l\u0131nda ticaret ve g\u00fcvenlik g\u00fcndemini kapsam\u0131nda, T\u00fcrkiye ve \u00c7in\u2019e ziyaret planlad\u0131\u011f\u0131n\u0131 a\u00e7\u0131klad\u0131.\",\"inLanguage\":\"tr\",\"potentialAction\":[{\"@type\":\"ReadAction\",\"target\":[\"https:\/\/epochtimestr.com\/index.php\/trump-bu-yil-gerceklestirecegi-turkiye-ziyareti-hakkinda-konustu\"]}]},{\"@type\":\"ImageObject\",\"inLanguage\":\"tr\",\"@id\":\"https:\/\/epochtimestr.com\/index.php\/trump-bu-yil-gerceklestirecegi-turkiye-ziyareti-hakkinda-konustu#primaryimage\",\"url\":\"https:\/\/epochtimestr.com\/wp-content\/uploads\/2011y\/1000040704.webp\",\"contentUrl\":\"https:\/\/epochtimestr.com\/wp-content\/uploads\/2011y\/1000040704.webp\",\"width\":1080,\"height\":720},{\"@type\":\"WebSite\",\"@id\":\"https:\/\/epochtimestr.com\/#website\",\"url\":\"https:\/\/epochtimestr.com\/\",\"name\":\"The Epoch Times TR\",\"description\":\"De\u011fi\u015fen D\u00fcnyam\u0131za Taze Bir Bak\u0131\u015f\",\"publisher\":{\"@id\":\"https:\/\/epochtimestr.com\/#organization\"},\"potentialAction\":[{\"@type\":\"SearchAction\",\"target\":{\"@type\":\"EntryPoint\",\"urlTemplate\":\"https:\/\/epochtimestr.com\/?s={search_term_string}\"},\"query-input\":\"required name=search_term_string\"}],\"inLanguage\":\"tr\"},{\"@type\":\"Organization\",\"@id\":\"https:\/\/epochtimestr.com\/#organization\",\"name\":\"The EpochTimes T\u00fcrkiye\",\"url\":\"https:\/\/epochtimestr.com\/\",\"logo\":{\"@type\":\"ImageObject\",\"inLanguage\":\"tr\",\"@id\":\"https:\/\/epochtimestr.com\/#\/schema\/logo\/image\/\",\"url\":\"https:\/\/epochtimestr.com\/wp-content\/uploads\/2011y\/ET-Logo-YG.jpg\",\"contentUrl\":\"https:\/\/epochtimestr.com\/wp-content\/uploads\/2011y\/ET-Logo-YG.jpg\",\"width\":346,\"height\":29,\"caption\":\"The EpochTimes T\u00fcrkiye\"},\"image\":{\"@id\":\"https:\/\/epochtimestr.com\/#\/schema\/logo\/image\/\"},\"sameAs\":[\"https:\/\/www.facebook.com\/theepochtimestr\",\"https:\/\/x.com\/TheEpochTimesTR\",\"https:\/\/www.instagram.com\/epochtimestr\"]},{\"@type\":\"Person\",\"@id\":\"https:\/\/epochtimestr.com\/#\/schema\/person\/5fef218711d76d8f232b0e1f1d7e4c0d\",\"name\":\"Leo Bajelan\",\"image\":{\"@type\":\"ImageObject\",\"inLanguage\":\"tr\",\"@id\":\"https:\/\/epochtimestr.com\/#\/schema\/person\/image\/\",\"url\":\"https:\/\/secure.gravatar.com\/avatar\/917669146f489549e548a2e9af272df5?s=96&d=mm&r=g\",\"contentUrl\":\"https:\/\/secure.gravatar.com\/avatar\/917669146f489549e548a2e9af272df5?s=96&d=mm&r=g\",\"caption\":\"Leo Bajelan\"},\"url\":\"https:\/\/epochtimestr.com\/index.php\/author\/leo\"}]}<\/script>\n<!-- \/ Yoast SEO plugin. -->","yoast_head_json":{"title":"Trump Bu Y\u0131l Ger\u00e7ekle\u015ftirece\u011fi T\u00fcrkiye Ziyareti Hakk\u0131nda Konu\u015ftu - The Epoch Times TR","description":"ABD Ba\u015fkan\u0131 Donald Trump, 2026 y\u0131l\u0131nda ticaret ve g\u00fcvenlik g\u00fcndemini kapsam\u0131nda, T\u00fcrkiye ve \u00c7in\u2019e ziyaret planlad\u0131\u011f\u0131n\u0131 a\u00e7\u0131klad\u0131.","robots":{"index":"index","follow":"follow","max-snippet":"max-snippet:-1","max-image-preview":"max-image-preview:large","max-video-preview":"max-video-preview:-1"},"canonical":"https:\/\/epochtimestr.com\/index.php\/trump-bu-yil-gerceklestirecegi-turkiye-ziyareti-hakkinda-konustu","og_locale":"tr_TR","og_type":"article","og_title":"Trump Bu Y\u0131l Ger\u00e7ekle\u015ftirece\u011fi T\u00fcrkiye Ziyareti Hakk\u0131nda Konu\u015ftu - The Epoch Times TR","og_description":"ABD Ba\u015fkan\u0131 Donald Trump, 2026 y\u0131l\u0131nda ticaret ve g\u00fcvenlik g\u00fcndemini kapsam\u0131nda, T\u00fcrkiye ve \u00c7in\u2019e ziyaret planlad\u0131\u011f\u0131n\u0131 a\u00e7\u0131klad\u0131.","og_url":"https:\/\/epochtimestr.com\/index.php\/trump-bu-yil-gerceklestirecegi-turkiye-ziyareti-hakkinda-konustu","og_site_name":"The Epoch Times TR","article_publisher":"https:\/\/www.facebook.com\/theepochtimestr","article_published_time":"2026-06-21T11:30:58+00:00","article_modified_time":"2026-06-21T11:31:00+00:00","og_image":[{"width":1080,"height":720,"url":"https:\/\/epochtimestr.com\/wp-content\/uploads\/2011y\/1000040704.webp","type":"image\/webp"}],"author":"Leo Bajelan","twitter_card":"summary_large_image","twitter_creator":"@TheEpochTimesTR","twitter_site":"@TheEpochTimesTR","twitter_misc":{"Yazan:":"Leo Bajelan","Tahmini okuma s\u00fcresi":"3 dakika"},"schema":{"@context":"https:\/\/schema.org","@graph":[{"@type":"Article","@id":"https:\/\/epochtimestr.com\/index.php\/trump-bu-yil-gerceklestirecegi-turkiye-ziyareti-hakkinda-konustu#article","isPartOf":{"@id":"https:\/\/epochtimestr.com\/index.php\/trump-bu-yil-gerceklestirecegi-turkiye-ziyareti-hakkinda-konustu"},"author":{"name":"Leo Bajelan","@id":"https:\/\/epochtimestr.com\/#\/schema\/person\/5fef218711d76d8f232b0e1f1d7e4c0d"},"headline":"Trump Bu Y\u0131l Ger\u00e7ekle\u015ftirece\u011fi T\u00fcrkiye Ziyareti Hakk\u0131nda Konu\u015ftu","datePublished":"2026-06-21T11:30:58+00:00","dateModified":"2026-06-21T11:31:00+00:00","mainEntityOfPage":{"@id":"https:\/\/epochtimestr.com\/index.php\/trump-bu-yil-gerceklestirecegi-turkiye-ziyareti-hakkinda-konustu"},"wordCount":429,"commentCount":0,"publisher":{"@id":"https:\/\/epochtimestr.com\/#organization"},"image":{"@id":"https:\/\/epochtimestr.com\/index.php\/trump-bu-yil-gerceklestirecegi-turkiye-ziyareti-hakkinda-konustu#primaryimage"},"thumbnailUrl":"https:\/\/epochtimestr.com\/wp-content\/uploads\/2011y\/1000040704.webp","keywords":["ABD - \u00c7in Ticareti","ABD-T\u00dcRK\u0130YE","\u0130ran","Recep Tayyip Erdo\u011fan","\u015ei Cinping","Trump","xi jinping"],"articleSection":["D\u00dcNYA","G\u00dcNDEM","MAN\u015eET"],"inLanguage":"tr","potentialAction":[{"@type":"CommentAction","name":"Comment","target":["https:\/\/epochtimestr.com\/index.php\/trump-bu-yil-gerceklestirecegi-turkiye-ziyareti-hakkinda-konustu#respond"]}]},{"@type":"WebPage","@id":"https:\/\/epochtimestr.com\/index.php\/trump-bu-yil-gerceklestirecegi-turkiye-ziyareti-hakkinda-konustu","url":"https:\/\/epochtimestr.com\/index.php\/trump-bu-yil-gerceklestirecegi-turkiye-ziyareti-hakkinda-konustu","name":"Trump Bu Y\u0131l Ger\u00e7ekle\u015ftirece\u011fi T\u00fcrkiye Ziyareti Hakk\u0131nda Konu\u015ftu - The Epoch Times TR","isPartOf":{"@id":"https:\/\/epochtimestr.com\/#website"},"primaryImageOfPage":{"@id":"https:\/\/epochtimestr.com\/index.php\/trump-bu-yil-gerceklestirecegi-turkiye-ziyareti-hakkinda-konustu#primaryimage"},"image":{"@id":"https:\/\/epochtimestr.com\/index.php\/trump-bu-yil-gerceklestirecegi-turkiye-ziyareti-hakkinda-konustu#primaryimage"},"thumbnailUrl":"https:\/\/epochtimestr.com\/wp-content\/uploads\/2011y\/1000040704.webp","datePublished":"2026-06-21T11:30:58+00:00","dateModified":"2026-06-21T11:31:00+00:00","description":"ABD Ba\u015fkan\u0131 Donald Trump, 2026 y\u0131l\u0131nda ticaret ve g\u00fcvenlik g\u00fcndemini kapsam\u0131nda, T\u00fcrkiye ve \u00c7in\u2019e ziyaret planlad\u0131\u011f\u0131n\u0131 a\u00e7\u0131klad\u0131.","inLanguage":"tr","potentialAction":[{"@type":"ReadAction","target":["https:\/\/epochtimestr.com\/index.php\/trump-bu-yil-gerceklestirecegi-turkiye-ziyareti-hakkinda-konustu"]}]},{"@type":"ImageObject","inLanguage":"tr","@id":"https:\/\/epochtimestr.com\/index.php\/trump-bu-yil-gerceklestirecegi-turkiye-ziyareti-hakkinda-konustu#primaryimage","url":"https:\/\/epochtimestr.com\/wp-content\/uploads\/2011y\/1000040704.webp","contentUrl":"https:\/\/epochtimestr.com\/wp-content\/uploads\/2011y\/1000040704.webp","width":1080,"height":720},{"@type":"WebSite","@id":"https:\/\/epochtimestr.com\/#website","url":"https:\/\/epochtimestr.com\/","name":"The Epoch Times TR","description":"De\u011fi\u015fen D\u00fcnyam\u0131za Taze Bir Bak\u0131\u015f","publisher":{"@id":"https:\/\/epochtimestr.com\/#organization"},"potentialAction":[{"@type":"SearchAction","target":{"@type":"EntryPoint","urlTemplate":"https:\/\/epochtimestr.com\/?s={search_term_string}"},"query-input":"required name=search_term_string"}],"inLanguage":"tr"},{"@type":"Organization","@id":"https:\/\/epochtimestr.com\/#organization","name":"The EpochTimes T\u00fcrkiye","url":"https:\/\/epochtimestr.com\/","logo":{"@type":"ImageObject","inLanguage":"tr","@id":"https:\/\/epochtimestr.com\/#\/schema\/logo\/image\/","url":"https:\/\/epochtimestr.com\/wp-content\/uploads\/2011y\/ET-Logo-YG.jpg","contentUrl":"https:\/\/epochtimestr.com\/wp-content\/uploads\/2011y\/ET-Logo-YG.jpg","width":346,"height":29,"caption":"The EpochTimes T\u00fcrkiye"},"image":{"@id":"https:\/\/epochtimestr.com\/#\/schema\/logo\/image\/"},"sameAs":["https:\/\/www.facebook.com\/theepochtimestr","https:\/\/x.com\/TheEpochTimesTR","https:\/\/www.instagram.com\/epochtimestr"]},{"@type":"Person","@id":"https:\/\/epochtimestr.com\/#\/schema\/person\/5fef218711d76d8f232b0e1f1d7e4c0d","name":"Leo Bajelan","image":{"@type":"ImageObject","inLanguage":"tr","@id":"https:\/\/epochtimestr.com\/#\/schema\/person\/image\/","url":"https:\/\/secure.gravatar.com\/avatar\/917669146f489549e548a2e9af272df5?s=96&d=mm&r=g","contentUrl":"https:\/\/secure.gravatar.com\/avatar\/917669146f489549e548a2e9af272df5?s=96&d=mm&r=g","caption":"Leo Bajelan"},"url":"https:\/\/epochtimestr.com\/index.php\/author\/leo"}]}},"_links":{"self":[{"href":"https:\/\/epochtimestr.com\/index.php\/wp-json\/wp\/v2\/posts\/167939"}],"collection":[{"href":"https:\/\/epochtimestr.com\/index.php\/wp-json\/wp\/v2\/posts"}],"about":[{"href":"https:\/\/epochtimestr.com\/index.php\/wp-json\/wp\/v2\/types\/post"}],"author":[{"embeddable":true,"href":"https:\/\/epochtimestr.com\/index.php\/wp-json\/wp\/v2\/users\/13996"}],"replies":[{"embeddable":true,"href":"https:\/\/epochtimestr.com\/index.php\/wp-json\/wp\/v2\/comments?post=167939"}],"version-history":[{"count":2,"href":"https:\/\/epochtimestr.com\/index.php\/wp-json\/wp\/v2\/posts\/167939\/revisions"}],"predecessor-version":[{"id":167944,"href":"https:\/\/epochtimestr.com\/index.php\/wp-json\/wp\/v2\/posts\/167939\/revisions\/167944"}],"wp:featuredmedia":[{"embeddable":true,"href":"https:\/\/epochtimestr.com\/index.php\/wp-json\/wp\/v2\/media\/167940"}],"wp:attachment":[{"href":"https:\/\/epochtimestr.com\/index.php\/wp-json\/wp\/v2\/media?parent=167939"}],"wp:term":[{"taxonomy":"category","embeddable":true,"href":"https:\/\/epochtimestr.com\/index.php\/wp-json\/wp\/v2\/categories?post=167939"},{"taxonomy":"post_tag","embeddable":true,"href":"https:\/\/epochtimestr.com\/index.php\/wp-json\/wp\/v2\/tags?post=167939"}],"curies":[{"name":"wp","href":"https:\/\/api.w.org\/{rel}","templated":true}]}}