{"id":167949,"date":"2026-06-22T08:52:36","date_gmt":"2026-06-22T05:52:36","guid":{"rendered":"https:\/\/epochtimestr.com\/?p=167949"},"modified":"2026-06-22T08:52:37","modified_gmt":"2026-06-22T05:52:37","slug":"mersin-sara-genc-icin-duzenlenen-mevlidde-tek-yurek-oldu","status":"publish","type":"post","link":"https:\/\/epochtimestr.com\/index.php\/mersin-sara-genc-icin-duzenlenen-mevlidde-tek-yurek-oldu","title":{"rendered":"Mersin Sara Gen\u00e7 \u0130\u00e7in D\u00fczenlenen Mevlidde Tek Y\u00fcrek Oldu"},"content":{"rendered":"\n<p>B\u00fcy\u00fck \u015fehirlerin kendine has bir ko\u015fturmacas\u0131, so\u011fuk bir ritmi vard\u0131r. Ancak baz\u0131 anlar gelir ki, o koca \u015fehir tek bir y\u00fcrek gibi atmaya ba\u015flar; ac\u0131da, h\u00fcz\u00fcnde ve h\u00fcrmette birle\u015fir. Ge\u00e7ti\u011fimiz g\u00fcnlerde Mersin, tam da b\u00f6yle anlaml\u0131 ve payla\u015f\u0131lan bir kederin etraf\u0131nda kenetlendi.<\/p>\n\n\n\n<p>Mersin\u2019in sokaklar\u0131nda, \u00e7ar\u015f\u0131s\u0131nda kime sorsan\u0131z tan\u0131yaca\u011f\u0131, ihtiya\u00e7 sahiplerinin kap\u0131s\u0131n\u0131 \u00e7ald\u0131\u011f\u0131, halk aras\u0131nda &#8220;H\u0131z\u0131r&#8221; lakab\u0131yla an\u0131lan ve mazlumlar\u0131n hamisi olarak bilinen hay\u0131rsever i\u015f insan\u0131 H\u0131d\u0131r Gen\u00e7, vefat eden k\u0131ymetli annesi Sara Gen\u00e7 i\u00e7in bir mevlid-i \u015ferif program\u0131 d\u00fczenledi.<\/p>\n\n\n\n<p>Bu bulu\u015fma, s\u0131radan bir anma merasiminin \u00e7ok \u00f6tesindeydi. Siyasetten i\u015f d\u00fcnyas\u0131na, b\u00fcrokrasiden sivil toplum kurulu\u015flar\u0131na kadar Mersin\u2019in her rengini, her kesimini ayn\u0131 \u00e7at\u0131 alt\u0131nda bir araya getiren bir g\u00f6n\u00fcl k\u00f6pr\u00fcs\u00fcne d\u00f6n\u00fc\u015ft\u00fc. Kentin ileri gelenleri, kanaat \u00f6nderleri ve y\u00fczlerce Mersinli, Sara Han\u0131m\u2019\u0131n ruhuna dualar g\u00f6ndermek ve Gen\u00e7 ailesinin ac\u0131s\u0131n\u0131 payla\u015fmak i\u00e7in oradayd\u0131. Okunan dualar ve edilen y\u00e2dlar, toplumsal dayan\u0131\u015fman\u0131n ve vefan\u0131n en g\u00fczel \u00f6rne\u011fini g\u00f6zler \u00f6n\u00fcne serdi.<\/p>\n\n\n\n<p>Program boyunca misafirleriyle tek tek ilgilenen, taziyeleri metanetle kabul eden H\u0131d\u0131r Gen\u00e7, bu zor g\u00fcn\u00fcnde kendisini yaln\u0131z b\u0131rakmayan dostlar\u0131na te\u015fekk\u00fcr ederken \u015fu k\u0131ymetli ifadeleri kulland\u0131: &#8220;<em>K\u0131ymetli annemiz Sara Gen\u00e7\u2019in mevlid program\u0131na kat\u0131larak ac\u0131m\u0131z\u0131 payla\u015fan, dualar\u0131n\u0131 esirgemeyen i\u015f ve siyaset d\u00fcnyas\u0131n\u0131n de\u011ferli temsilcilerine, t\u00fcm dostlar\u0131m\u0131za ve hem\u015fehrilerimize te\u015fekk\u00fcr ederim. Ayr\u0131ca bu anlaml\u0131 organizasyonun hayata ge\u00e7mesinde eme\u011fi ge\u00e7en, bizlere destek olan herkese ayr\u0131 ayr\u0131 \u015f\u00fckranlar\u0131m\u0131 sunuyorum. Allah yap\u0131lan dualar\u0131 ve hay\u0131rlar\u0131 kabul eylesin.<\/em>&#8220;<\/p>\n\n\n\n<p>Bir insan\u0131n lay\u0131k\u0131yla an\u0131lmas\u0131, geride b\u0131rakt\u0131\u011f\u0131 hay\u0131rl\u0131 evlatlar ve dost biriktiren bir \u00f6m\u00fcrle \u00f6l\u00e7\u00fcl\u00fcr. Yo\u011fun kat\u0131l\u0131mla ger\u00e7ekle\u015fen, dualar\u0131n ve ikramlar\u0131n e\u015flik etti\u011fi bu anlaml\u0131 mevlid program\u0131 g\u00f6sterdi ki Sara Gen\u00e7 yaln\u0131zca ailesinin de\u011fil, Mersin\u2019in ortak bir de\u011ferinin annesiymi\u015f.<\/p>\n\n\n\n<p>Bizler de merhume Sara Gen\u00e7 Han\u0131mefendi\u2019ye Allah\u2019tan rahmet; ba\u015fta Mersin\u2019in sevilen simas\u0131 H\u0131d\u0131r Gen\u00e7 olmak \u00fczere t\u00fcm kederli ailesine, sevenlerine ve yak\u0131nlar\u0131na sab\u0131r ve ba\u015fsa\u011fl\u0131\u011f\u0131 dileriz. Mek\u00e2n\u0131 cennet olsun.<\/p>\n","protected":false},"excerpt":{"rendered":"<p>B\u00fcy\u00fck \u015fehirlerin kendine has bir ko\u015fturmacas\u0131, so\u011fuk bir ritmi vard\u0131r. Ancak baz\u0131 anlar gelir ki, o koca \u015fehir tek bir y\u00fcrek gibi atmaya ba\u015flar; ac\u0131da, h\u00fcz\u00fcnde ve h\u00fcrmette birle\u015fir. Ge\u00e7ti\u011fimiz g\u00fcnlerde Mersin, tam da b\u00f6yle anlaml\u0131 ve payla\u015f\u0131lan bir kederin etraf\u0131nda kenetlendi. Mersin\u2019in sokaklar\u0131nda, \u00e7ar\u015f\u0131s\u0131nda kime sorsan\u0131z tan\u0131yaca\u011f\u0131, ihtiya\u00e7 sahiplerinin kap\u0131s\u0131n\u0131 \u00e7ald\u0131\u011f\u0131, halk aras\u0131nda &#8220;H\u0131z\u0131r&#8221; [&hellip;]<\/p>\n","protected":false},"author":14013,"featured_media":167144,"comment_status":"open","ping_status":"open","sticky":false,"template":"","format":"standard","meta":{"_yoast_wpseo_focuskw":"Sara Gen\u00e7","_yoast_wpseo_title":"","_yoast_wpseo_metadesc":"Hay\u0131rsever i\u015f insan\u0131 H\u0131d\u0131r Gen\u00e7, vefat eden k\u0131ymetli annesi Sara Gen\u00e7 i\u00e7in bir mevlid-i \u015ferif program\u0131 d\u00fczenledi.","_bbp_topic_count":0,"_bbp_reply_count":0,"_bbp_total_topic_count":0,"_bbp_total_reply_count":0,"_bbp_voice_count":0,"_bbp_anonymous_reply_count":0,"_bbp_topic_count_hidden":0,"_bbp_reply_count_hidden":0,"_bbp_forum_subforum_count":0,"footnotes":"","_yoast_wpseo_focuskw_text_input":""},"categories":[11361],"tags":[],"yoast_head":"<!-- This site is optimized with the Yoast SEO plugin v23.0 - https:\/\/yoast.com\/wordpress\/plugins\/seo\/ -->\n<title>Mersin Sara Gen\u00e7 \u0130\u00e7in D\u00fczenlenen Mevlidde Tek Y\u00fcrek Oldu - The Epoch Times TR<\/title>\n<meta name=\"description\" content=\"Hay\u0131rsever i\u015f insan\u0131 H\u0131d\u0131r Gen\u00e7, vefat eden k\u0131ymetli annesi Sara Gen\u00e7 i\u00e7in bir mevlid-i \u015ferif program\u0131 d\u00fczenledi.\" \/>\n<meta name=\"robots\" content=\"index, follow, max-snippet:-1, max-image-preview:large, max-video-preview:-1\" \/>\n<link rel=\"canonical\" href=\"https:\/\/epochtimestr.com\/index.php\/mersin-sara-genc-icin-duzenlenen-mevlidde-tek-yurek-oldu\" \/>\n<meta property=\"og:locale\" content=\"tr_TR\" \/>\n<meta property=\"og:type\" content=\"article\" \/>\n<meta property=\"og:title\" content=\"Mersin Sara Gen\u00e7 \u0130\u00e7in D\u00fczenlenen Mevlidde Tek Y\u00fcrek Oldu - The Epoch Times TR\" \/>\n<meta property=\"og:description\" content=\"Hay\u0131rsever i\u015f insan\u0131 H\u0131d\u0131r Gen\u00e7, vefat eden k\u0131ymetli annesi Sara Gen\u00e7 i\u00e7in bir mevlid-i \u015ferif program\u0131 d\u00fczenledi.\" \/>\n<meta property=\"og:url\" content=\"https:\/\/epochtimestr.com\/index.php\/mersin-sara-genc-icin-duzenlenen-mevlidde-tek-yurek-oldu\" \/>\n<meta property=\"og:site_name\" content=\"The Epoch Times TR\" \/>\n<meta property=\"article:publisher\" content=\"https:\/\/www.facebook.com\/theepochtimestr\" \/>\n<meta property=\"article:published_time\" content=\"2026-06-22T05:52:36+00:00\" \/>\n<meta property=\"article:modified_time\" content=\"2026-06-22T05:52:37+00:00\" \/>\n<meta property=\"og:image\" content=\"https:\/\/epochtimestr.com\/wp-content\/uploads\/2011y\/ali-kekliktepe-SM.jpeg\" \/>\n\t<meta property=\"og:image:width\" content=\"1200\" \/>\n\t<meta property=\"og:image:height\" content=\"630\" \/>\n\t<meta property=\"og:image:type\" content=\"image\/jpeg\" \/>\n<meta name=\"author\" content=\"Ali Kekliktepe\" \/>\n<meta name=\"twitter:card\" content=\"summary_large_image\" \/>\n<meta name=\"twitter:creator\" content=\"@TheEpochTimesTR\" \/>\n<meta name=\"twitter:site\" content=\"@TheEpochTimesTR\" \/>\n<meta name=\"twitter:label1\" content=\"Yazan:\" \/>\n\t<meta name=\"twitter:data1\" content=\"Ali Kekliktepe\" \/>\n\t<meta name=\"twitter:label2\" content=\"Tahmini okuma s\u00fcresi\" \/>\n\t<meta name=\"twitter:data2\" content=\"2 dakika\" \/>\n<script type=\"application\/ld+json\" class=\"yoast-schema-graph\">{\"@context\":\"https:\/\/schema.org\",\"@graph\":[{\"@type\":\"Article\",\"@id\":\"https:\/\/epochtimestr.com\/index.php\/mersin-sara-genc-icin-duzenlenen-mevlidde-tek-yurek-oldu#article\",\"isPartOf\":{\"@id\":\"https:\/\/epochtimestr.com\/index.php\/mersin-sara-genc-icin-duzenlenen-mevlidde-tek-yurek-oldu\"},\"author\":{\"name\":\"Ali Kekliktepe\",\"@id\":\"https:\/\/epochtimestr.com\/#\/schema\/person\/da94a416fed1aed029d0a47e85673b95\"},\"headline\":\"Mersin Sara Gen\u00e7 \u0130\u00e7in D\u00fczenlenen Mevlidde Tek Y\u00fcrek Oldu\",\"datePublished\":\"2026-06-22T05:52:36+00:00\",\"dateModified\":\"2026-06-22T05:52:37+00:00\",\"mainEntityOfPage\":{\"@id\":\"https:\/\/epochtimestr.com\/index.php\/mersin-sara-genc-icin-duzenlenen-mevlidde-tek-yurek-oldu\"},\"wordCount\":436,\"commentCount\":0,\"publisher\":{\"@id\":\"https:\/\/epochtimestr.com\/#organization\"},\"image\":{\"@id\":\"https:\/\/epochtimestr.com\/index.php\/mersin-sara-genc-icin-duzenlenen-mevlidde-tek-yurek-oldu#primaryimage\"},\"thumbnailUrl\":\"https:\/\/epochtimestr.com\/wp-content\/uploads\/2011y\/Ali-Kekliktepe.jpg\",\"articleSection\":[\"K\u00f6\u015fe Yaz\u0131lar\u0131 Ali Kekliktepe\"],\"inLanguage\":\"tr\",\"potentialAction\":[{\"@type\":\"CommentAction\",\"name\":\"Comment\",\"target\":[\"https:\/\/epochtimestr.com\/index.php\/mersin-sara-genc-icin-duzenlenen-mevlidde-tek-yurek-oldu#respond\"]}]},{\"@type\":\"WebPage\",\"@id\":\"https:\/\/epochtimestr.com\/index.php\/mersin-sara-genc-icin-duzenlenen-mevlidde-tek-yurek-oldu\",\"url\":\"https:\/\/epochtimestr.com\/index.php\/mersin-sara-genc-icin-duzenlenen-mevlidde-tek-yurek-oldu\",\"name\":\"Mersin Sara Gen\u00e7 \u0130\u00e7in D\u00fczenlenen Mevlidde Tek Y\u00fcrek Oldu - The Epoch Times TR\",\"isPartOf\":{\"@id\":\"https:\/\/epochtimestr.com\/#website\"},\"primaryImageOfPage\":{\"@id\":\"https:\/\/epochtimestr.com\/index.php\/mersin-sara-genc-icin-duzenlenen-mevlidde-tek-yurek-oldu#primaryimage\"},\"image\":{\"@id\":\"https:\/\/epochtimestr.com\/index.php\/mersin-sara-genc-icin-duzenlenen-mevlidde-tek-yurek-oldu#primaryimage\"},\"thumbnailUrl\":\"https:\/\/epochtimestr.com\/wp-content\/uploads\/2011y\/Ali-Kekliktepe.jpg\",\"datePublished\":\"2026-06-22T05:52:36+00:00\",\"dateModified\":\"2026-06-22T05:52:37+00:00\",\"description\":\"Hay\u0131rsever i\u015f insan\u0131 H\u0131d\u0131r Gen\u00e7, vefat eden k\u0131ymetli annesi Sara Gen\u00e7 i\u00e7in bir mevlid-i \u015ferif program\u0131 d\u00fczenledi.\",\"inLanguage\":\"tr\",\"potentialAction\":[{\"@type\":\"ReadAction\",\"target\":[\"https:\/\/epochtimestr.com\/index.php\/mersin-sara-genc-icin-duzenlenen-mevlidde-tek-yurek-oldu\"]}]},{\"@type\":\"ImageObject\",\"inLanguage\":\"tr\",\"@id\":\"https:\/\/epochtimestr.com\/index.php\/mersin-sara-genc-icin-duzenlenen-mevlidde-tek-yurek-oldu#primaryimage\",\"url\":\"https:\/\/epochtimestr.com\/wp-content\/uploads\/2011y\/Ali-Kekliktepe.jpg\",\"contentUrl\":\"https:\/\/epochtimestr.com\/wp-content\/uploads\/2011y\/Ali-Kekliktepe.jpg\",\"width\":600,\"height\":600},{\"@type\":\"WebSite\",\"@id\":\"https:\/\/epochtimestr.com\/#website\",\"url\":\"https:\/\/epochtimestr.com\/\",\"name\":\"The Epoch Times TR\",\"description\":\"De\u011fi\u015fen D\u00fcnyam\u0131za Taze Bir Bak\u0131\u015f\",\"publisher\":{\"@id\":\"https:\/\/epochtimestr.com\/#organization\"},\"potentialAction\":[{\"@type\":\"SearchAction\",\"target\":{\"@type\":\"EntryPoint\",\"urlTemplate\":\"https:\/\/epochtimestr.com\/?s={search_term_string}\"},\"query-input\":\"required name=search_term_string\"}],\"inLanguage\":\"tr\"},{\"@type\":\"Organization\",\"@id\":\"https:\/\/epochtimestr.com\/#organization\",\"name\":\"The EpochTimes T\u00fcrkiye\",\"url\":\"https:\/\/epochtimestr.com\/\",\"logo\":{\"@type\":\"ImageObject\",\"inLanguage\":\"tr\",\"@id\":\"https:\/\/epochtimestr.com\/#\/schema\/logo\/image\/\",\"url\":\"https:\/\/epochtimestr.com\/wp-content\/uploads\/2011y\/ET-Logo-YG.jpg\",\"contentUrl\":\"https:\/\/epochtimestr.com\/wp-content\/uploads\/2011y\/ET-Logo-YG.jpg\",\"width\":346,\"height\":29,\"caption\":\"The EpochTimes T\u00fcrkiye\"},\"image\":{\"@id\":\"https:\/\/epochtimestr.com\/#\/schema\/logo\/image\/\"},\"sameAs\":[\"https:\/\/www.facebook.com\/theepochtimestr\",\"https:\/\/x.com\/TheEpochTimesTR\",\"https:\/\/www.instagram.com\/epochtimestr\"]},{\"@type\":\"Person\",\"@id\":\"https:\/\/epochtimestr.com\/#\/schema\/person\/da94a416fed1aed029d0a47e85673b95\",\"name\":\"Ali Kekliktepe\",\"image\":{\"@type\":\"ImageObject\",\"inLanguage\":\"tr\",\"@id\":\"https:\/\/epochtimestr.com\/#\/schema\/person\/image\/\",\"url\":\"https:\/\/secure.gravatar.com\/avatar\/6c965c3fc374c8f4af759baef4f38bcd?s=96&d=mm&r=g\",\"contentUrl\":\"https:\/\/secure.gravatar.com\/avatar\/6c965c3fc374c8f4af759baef4f38bcd?s=96&d=mm&r=g\",\"caption\":\"Ali Kekliktepe\"},\"description\":\"Ben Ali Kekliktepe; hayat\u0131n\u0131 \u00f6\u011frenmeye, \u00f6\u011fretmeye ve toplumsal fayda yaratmaya adam\u0131\u015f bir yazar ve profesyonelim. Kalemi sadece ka\u011f\u0131da dokunan bir ara\u00e7 de\u011fil, toplumun aksayan y\u00f6nlerine \u015fifa olan bir enstr\u00fcman olarak g\u00f6r\u00fcyorum.\",\"sameAs\":[\"https:\/\/alikekliktepemersin33.blogspot.com\/\"],\"url\":\"https:\/\/epochtimestr.com\/index.php\/author\/ali\"}]}<\/script>\n<!-- \/ Yoast SEO plugin. -->","yoast_head_json":{"title":"Mersin Sara Gen\u00e7 \u0130\u00e7in D\u00fczenlenen Mevlidde Tek Y\u00fcrek Oldu - The Epoch Times TR","description":"Hay\u0131rsever i\u015f insan\u0131 H\u0131d\u0131r Gen\u00e7, vefat eden k\u0131ymetli annesi Sara Gen\u00e7 i\u00e7in bir mevlid-i \u015ferif program\u0131 d\u00fczenledi.","robots":{"index":"index","follow":"follow","max-snippet":"max-snippet:-1","max-image-preview":"max-image-preview:large","max-video-preview":"max-video-preview:-1"},"canonical":"https:\/\/epochtimestr.com\/index.php\/mersin-sara-genc-icin-duzenlenen-mevlidde-tek-yurek-oldu","og_locale":"tr_TR","og_type":"article","og_title":"Mersin Sara Gen\u00e7 \u0130\u00e7in D\u00fczenlenen Mevlidde Tek Y\u00fcrek Oldu - The Epoch Times TR","og_description":"Hay\u0131rsever i\u015f insan\u0131 H\u0131d\u0131r Gen\u00e7, vefat eden k\u0131ymetli annesi Sara Gen\u00e7 i\u00e7in bir mevlid-i \u015ferif program\u0131 d\u00fczenledi.","og_url":"https:\/\/epochtimestr.com\/index.php\/mersin-sara-genc-icin-duzenlenen-mevlidde-tek-yurek-oldu","og_site_name":"The Epoch Times TR","article_publisher":"https:\/\/www.facebook.com\/theepochtimestr","article_published_time":"2026-06-22T05:52:36+00:00","article_modified_time":"2026-06-22T05:52:37+00:00","og_image":[{"width":1200,"height":630,"url":"https:\/\/epochtimestr.com\/wp-content\/uploads\/2011y\/ali-kekliktepe-SM.jpeg","type":"image\/jpeg"}],"author":"Ali Kekliktepe","twitter_card":"summary_large_image","twitter_creator":"@TheEpochTimesTR","twitter_site":"@TheEpochTimesTR","twitter_misc":{"Yazan:":"Ali Kekliktepe","Tahmini okuma s\u00fcresi":"2 dakika"},"schema":{"@context":"https:\/\/schema.org","@graph":[{"@type":"Article","@id":"https:\/\/epochtimestr.com\/index.php\/mersin-sara-genc-icin-duzenlenen-mevlidde-tek-yurek-oldu#article","isPartOf":{"@id":"https:\/\/epochtimestr.com\/index.php\/mersin-sara-genc-icin-duzenlenen-mevlidde-tek-yurek-oldu"},"author":{"name":"Ali Kekliktepe","@id":"https:\/\/epochtimestr.com\/#\/schema\/person\/da94a416fed1aed029d0a47e85673b95"},"headline":"Mersin Sara Gen\u00e7 \u0130\u00e7in D\u00fczenlenen Mevlidde Tek Y\u00fcrek Oldu","datePublished":"2026-06-22T05:52:36+00:00","dateModified":"2026-06-22T05:52:37+00:00","mainEntityOfPage":{"@id":"https:\/\/epochtimestr.com\/index.php\/mersin-sara-genc-icin-duzenlenen-mevlidde-tek-yurek-oldu"},"wordCount":436,"commentCount":0,"publisher":{"@id":"https:\/\/epochtimestr.com\/#organization"},"image":{"@id":"https:\/\/epochtimestr.com\/index.php\/mersin-sara-genc-icin-duzenlenen-mevlidde-tek-yurek-oldu#primaryimage"},"thumbnailUrl":"https:\/\/epochtimestr.com\/wp-content\/uploads\/2011y\/Ali-Kekliktepe.jpg","articleSection":["K\u00f6\u015fe Yaz\u0131lar\u0131 Ali Kekliktepe"],"inLanguage":"tr","potentialAction":[{"@type":"CommentAction","name":"Comment","target":["https:\/\/epochtimestr.com\/index.php\/mersin-sara-genc-icin-duzenlenen-mevlidde-tek-yurek-oldu#respond"]}]},{"@type":"WebPage","@id":"https:\/\/epochtimestr.com\/index.php\/mersin-sara-genc-icin-duzenlenen-mevlidde-tek-yurek-oldu","url":"https:\/\/epochtimestr.com\/index.php\/mersin-sara-genc-icin-duzenlenen-mevlidde-tek-yurek-oldu","name":"Mersin Sara Gen\u00e7 \u0130\u00e7in D\u00fczenlenen Mevlidde Tek Y\u00fcrek Oldu - The Epoch Times TR","isPartOf":{"@id":"https:\/\/epochtimestr.com\/#website"},"primaryImageOfPage":{"@id":"https:\/\/epochtimestr.com\/index.php\/mersin-sara-genc-icin-duzenlenen-mevlidde-tek-yurek-oldu#primaryimage"},"image":{"@id":"https:\/\/epochtimestr.com\/index.php\/mersin-sara-genc-icin-duzenlenen-mevlidde-tek-yurek-oldu#primaryimage"},"thumbnailUrl":"https:\/\/epochtimestr.com\/wp-content\/uploads\/2011y\/Ali-Kekliktepe.jpg","datePublished":"2026-06-22T05:52:36+00:00","dateModified":"2026-06-22T05:52:37+00:00","description":"Hay\u0131rsever i\u015f insan\u0131 H\u0131d\u0131r Gen\u00e7, vefat eden k\u0131ymetli annesi Sara Gen\u00e7 i\u00e7in bir mevlid-i \u015ferif program\u0131 d\u00fczenledi.","inLanguage":"tr","potentialAction":[{"@type":"ReadAction","target":["https:\/\/epochtimestr.com\/index.php\/mersin-sara-genc-icin-duzenlenen-mevlidde-tek-yurek-oldu"]}]},{"@type":"ImageObject","inLanguage":"tr","@id":"https:\/\/epochtimestr.com\/index.php\/mersin-sara-genc-icin-duzenlenen-mevlidde-tek-yurek-oldu#primaryimage","url":"https:\/\/epochtimestr.com\/wp-content\/uploads\/2011y\/Ali-Kekliktepe.jpg","contentUrl":"https:\/\/epochtimestr.com\/wp-content\/uploads\/2011y\/Ali-Kekliktepe.jpg","width":600,"height":600},{"@type":"WebSite","@id":"https:\/\/epochtimestr.com\/#website","url":"https:\/\/epochtimestr.com\/","name":"The Epoch Times TR","description":"De\u011fi\u015fen D\u00fcnyam\u0131za Taze Bir Bak\u0131\u015f","publisher":{"@id":"https:\/\/epochtimestr.com\/#organization"},"potentialAction":[{"@type":"SearchAction","target":{"@type":"EntryPoint","urlTemplate":"https:\/\/epochtimestr.com\/?s={search_term_string}"},"query-input":"required name=search_term_string"}],"inLanguage":"tr"},{"@type":"Organization","@id":"https:\/\/epochtimestr.com\/#organization","name":"The EpochTimes T\u00fcrkiye","url":"https:\/\/epochtimestr.com\/","logo":{"@type":"ImageObject","inLanguage":"tr","@id":"https:\/\/epochtimestr.com\/#\/schema\/logo\/image\/","url":"https:\/\/epochtimestr.com\/wp-content\/uploads\/2011y\/ET-Logo-YG.jpg","contentUrl":"https:\/\/epochtimestr.com\/wp-content\/uploads\/2011y\/ET-Logo-YG.jpg","width":346,"height":29,"caption":"The EpochTimes T\u00fcrkiye"},"image":{"@id":"https:\/\/epochtimestr.com\/#\/schema\/logo\/image\/"},"sameAs":["https:\/\/www.facebook.com\/theepochtimestr","https:\/\/x.com\/TheEpochTimesTR","https:\/\/www.instagram.com\/epochtimestr"]},{"@type":"Person","@id":"https:\/\/epochtimestr.com\/#\/schema\/person\/da94a416fed1aed029d0a47e85673b95","name":"Ali Kekliktepe","image":{"@type":"ImageObject","inLanguage":"tr","@id":"https:\/\/epochtimestr.com\/#\/schema\/person\/image\/","url":"https:\/\/secure.gravatar.com\/avatar\/6c965c3fc374c8f4af759baef4f38bcd?s=96&d=mm&r=g","contentUrl":"https:\/\/secure.gravatar.com\/avatar\/6c965c3fc374c8f4af759baef4f38bcd?s=96&d=mm&r=g","caption":"Ali Kekliktepe"},"description":"Ben Ali Kekliktepe; hayat\u0131n\u0131 \u00f6\u011frenmeye, \u00f6\u011fretmeye ve toplumsal fayda yaratmaya adam\u0131\u015f bir yazar ve profesyonelim. Kalemi sadece ka\u011f\u0131da dokunan bir ara\u00e7 de\u011fil, toplumun aksayan y\u00f6nlerine \u015fifa olan bir enstr\u00fcman olarak g\u00f6r\u00fcyorum.","sameAs":["https:\/\/alikekliktepemersin33.blogspot.com\/"],"url":"https:\/\/epochtimestr.com\/index.php\/author\/ali"}]}},"_links":{"self":[{"href":"https:\/\/epochtimestr.com\/index.php\/wp-json\/wp\/v2\/posts\/167949"}],"collection":[{"href":"https:\/\/epochtimestr.com\/index.php\/wp-json\/wp\/v2\/posts"}],"about":[{"href":"https:\/\/epochtimestr.com\/index.php\/wp-json\/wp\/v2\/types\/post"}],"author":[{"embeddable":true,"href":"https:\/\/epochtimestr.com\/index.php\/wp-json\/wp\/v2\/users\/14013"}],"replies":[{"embeddable":true,"href":"https:\/\/epochtimestr.com\/index.php\/wp-json\/wp\/v2\/comments?post=167949"}],"version-history":[{"count":1,"href":"https:\/\/epochtimestr.com\/index.php\/wp-json\/wp\/v2\/posts\/167949\/revisions"}],"predecessor-version":[{"id":167950,"href":"https:\/\/epochtimestr.com\/index.php\/wp-json\/wp\/v2\/posts\/167949\/revisions\/167950"}],"wp:featuredmedia":[{"embeddable":true,"href":"https:\/\/epochtimestr.com\/index.php\/wp-json\/wp\/v2\/media\/167144"}],"wp:attachment":[{"href":"https:\/\/epochtimestr.com\/index.php\/wp-json\/wp\/v2\/media?parent=167949"}],"wp:term":[{"taxonomy":"category","embeddable":true,"href":"https:\/\/epochtimestr.com\/index.php\/wp-json\/wp\/v2\/categories?post=167949"},{"taxonomy":"post_tag","embeddable":true,"href":"https:\/\/epochtimestr.com\/index.php\/wp-json\/wp\/v2\/tags?post=167949"}],"curies":[{"name":"wp","href":"https:\/\/api.w.org\/{rel}","templated":true}]}}