{"id":167954,"date":"2026-06-22T14:56:07","date_gmt":"2026-06-22T11:56:07","guid":{"rendered":"https:\/\/epochtimestr.com\/?p=167954"},"modified":"2026-06-22T14:56:12","modified_gmt":"2026-06-22T11:56:12","slug":"kolombiya-secimlerini-abelardo-de-la-espriella-kazandi","status":"publish","type":"post","link":"https:\/\/epochtimestr.com\/index.php\/kolombiya-secimlerini-abelardo-de-la-espriella-kazandi","title":{"rendered":"Kolombiya Se\u00e7imlerini Abelardo de la Espriella Kazand\u0131"},"content":{"rendered":"<div class=\"wp-block-image\">\n<figure class=\"aligncenter size-full\"><img loading=\"lazy\" decoding=\"async\" width=\"1200\" height=\"843\" src=\"https:\/\/epochtimestr.com\/wp-content\/uploads\/2011y\/1000040786.webp\" alt=\"Kolombiya\u2019n\u0131n se\u00e7ilmi\u015f cumhurba\u015fkan\u0131 Abelardo de la Espriella, Defensores de la Patria hareketi ad\u0131na, 21 Haziran 2026\u2019da Kolombiya\u2019n\u0131n Barranquilla kentindeki Ventana al Mundo an\u0131t\u0131nda yap\u0131lan cumhurba\u015fkanl\u0131\u011f\u0131 ikinci tur se\u00e7imlerinin \u00f6n sonu\u00e7lar\u0131n\u0131n ard\u0131ndan kur\u015fun ge\u00e7irmez cam arkas\u0131ndan ailesi e\u015fli\u011finde destek\u00e7ilerine hitap ediyor. Juan Barreto\/AFP via Getty Images\" class=\"wp-image-167955\" srcset=\"https:\/\/epochtimestr.com\/wp-content\/uploads\/2011y\/1000040786.webp 1200w, https:\/\/epochtimestr.com\/wp-content\/uploads\/2011y\/1000040786-300x211.webp 300w, https:\/\/epochtimestr.com\/wp-content\/uploads\/2011y\/1000040786-150x105.webp 150w, https:\/\/epochtimestr.com\/wp-content\/uploads\/2011y\/1000040786-768x540.webp 768w\" sizes=\"(max-width: 1200px) 100vw, 1200px\" \/><figcaption class=\"wp-element-caption\">Abelardo de la Espriella, cumhurba\u015fkanl\u0131\u011f\u0131 ikinci tur se\u00e7imlerinin \u00f6n sonu\u00e7lar\u0131n\u0131n ard\u0131ndan kur\u015fun ge\u00e7irmez cam arkas\u0131ndan ailesi e\u015fli\u011finde destek\u00e7ilerine hitap ediyor. 21 Haziran 2026, Barranquilla, Kolombiya. (Foto\u011fraf: Juan Barreto, AFP &#8211; Getty Images, The Epoch Times arac\u0131l\u0131\u011f\u0131yla)<\/figcaption><\/figure><\/div>\n\n\n<p>Kolombiya\u2019da cumhurba\u015fkanl\u0131\u011f\u0131 ikinci tur se\u00e7imlerini avukat <a href=\"https:\/\/www.theepochtimes.com\/world\/trump-endorsed-outsider-de-la-espriella-wins-presidential-runoff-in-colombia-6051263\" target=\"_blank\" rel=\"noreferrer noopener\">Abelardo de la Espriella<\/a>, resmi olmayan sonu\u00e7lara g\u00f6re oylar\u0131n y\u00fczde 49,66\u2019s\u0131n\u0131 alarak kazand\u0131. Rakibi Iv\u00e1n Cepeda Castro ise y\u00fczde 48,70 oyda kald\u0131. Y\u00fczde 99,99 oran\u0131nda tamamlanan say\u0131m sonu\u00e7lar\u0131na g\u00f6re iki aday aras\u0131nda 250 bin 830 oy fark olu\u015ftu. De la Espriella toplam 12 milyon 959 bin 542 oy ald\u0131. Cepeda Castro ise 12 milyon 708 bin 712 oyda kald\u0131.<\/p>\n\n\n\n<p>Se\u00e7im s\u00fcreci, mevcut <a href=\"https:\/\/epochtimestr.com\/index.php\/abd-ile-kolombiya-arasindaki-gerilim-tirmaniyor\" target=\"_blank\" rel=\"noreferrer noopener\">Gustavo Petro<\/a> h\u00fck\u00fcmetine y\u00f6nelik siyasi tart\u0131\u015fmalar\u0131n g\u00f6lgesinde ger\u00e7ekle\u015fti. De la Espriella, sa\u011fc\u0131 Defensores de la Patria hareketinin aday\u0131 olarak yar\u0131\u015ft\u0131. Cepeda Castro ise sol ittifak Pacto Historico\u2019nun aday\u0131 olarak se\u00e7ime girdi. Cepeda ayn\u0131 zamanda uzun s\u00fcredir Kolombiya Senatosu\u2019nda g\u00f6rev yap\u0131yor.<\/p>\n\n\n\n<p>Se\u00e7im sonu\u00e7lar\u0131n\u0131n ard\u0131ndan ABD D\u0131\u015fi\u015fleri Bakanl\u0131\u011f\u0131 bir a\u00e7\u0131klama yaparak, Bakan Marco Rubio\u2019nun De la Espriella\u2019y\u0131 telefonla tebrik etti\u011fini bildirdi. Ayr\u0131ca ABD taraf\u0131, sonucun Kolombiya halk\u0131n\u0131n iradesini yans\u0131tt\u0131\u011f\u0131n\u0131 ve demokratik s\u00fcrece ba\u011fl\u0131l\u0131\u011f\u0131 g\u00f6sterdi\u011fini ifade etti. Bununla birlikte a\u00e7\u0131klamalarda iki \u00fclke aras\u0131ndaki g\u00fcvenlik ve ekonomik i\u015fbirli\u011finin g\u00fc\u00e7lendirilmesi hedefi \u00f6ne \u00e7\u0131k\u0131yor.<\/p>\n\n\n\n<p>Se\u00e7im s\u00fcreci, ilk turda hi\u00e7bir aday\u0131n y\u00fczde 50\u2019yi a\u015famamas\u0131 nedeniyle ikinci tura ta\u015f\u0131nm\u0131\u015ft\u0131. \u0130lk turda Cepeda, De la Espriella\u2019n\u0131n gerisinde kalm\u0131\u015ft\u0131. \u00d6te yandan se\u00e7imlerde uyu\u015fturucu \u00f6rg\u00fctleriyle m\u00fccadele ve g\u00fcvenlik politikalar\u0131 \u00f6ne \u00e7\u0131kan ba\u015fl\u0131klar oldu. Yeni ba\u015fkan\u0131n ekonomik ve g\u00fcvenlik alanlar\u0131nda yeni ad\u0131mlar atmas\u0131 bekleniyor. Ayr\u0131ca uluslararas\u0131 ili\u015fkilerde \u00f6zellikle ABD ile i\u015fbirli\u011finin g\u00fcndemde olaca\u011f\u0131 de\u011ferlendiriliyor.<\/p>\n","protected":false},"excerpt":{"rendered":"<p>Kolombiya\u2019da cumhurba\u015fkanl\u0131\u011f\u0131 ikinci tur se\u00e7imlerini avukat Abelardo de la Espriella, resmi olmayan sonu\u00e7lara g\u00f6re oylar\u0131n y\u00fczde 49,66\u2019s\u0131n\u0131 alarak kazand\u0131. Rakibi Iv\u00e1n Cepeda Castro ise y\u00fczde 48,70 oyda kald\u0131. Y\u00fczde 99,99 oran\u0131nda tamamlanan say\u0131m sonu\u00e7lar\u0131na g\u00f6re iki aday aras\u0131nda 250 bin 830 oy fark olu\u015ftu. De la Espriella toplam 12 milyon 959 bin 542 oy ald\u0131. [&hellip;]<\/p>\n","protected":false},"author":13996,"featured_media":167955,"comment_status":"open","ping_status":"open","sticky":false,"template":"","format":"standard","meta":{"_yoast_wpseo_focuskw":"Abelardo de la Espriella","_yoast_wpseo_title":"","_yoast_wpseo_metadesc":"Kolombiya\u2019da cumhurba\u015fkanl\u0131\u011f\u0131 ikinci tur se\u00e7imlerini, avukat Abelardo de la Espriella, oylar\u0131n y\u00fczde 49,66\u2019s\u0131n\u0131 alarak kazand\u0131.","_bbp_topic_count":0,"_bbp_reply_count":0,"_bbp_total_topic_count":0,"_bbp_total_reply_count":0,"_bbp_voice_count":0,"_bbp_anonymous_reply_count":0,"_bbp_topic_count_hidden":0,"_bbp_reply_count_hidden":0,"_bbp_forum_subforum_count":0,"footnotes":"","_yoast_wpseo_focuskw_text_input":""},"categories":[5,1,8138],"tags":[407,11562,11564,1284,9708,1041],"yoast_head":"<!-- This site is optimized with the Yoast SEO plugin v23.0 - https:\/\/yoast.com\/wordpress\/plugins\/seo\/ -->\n<title>Kolombiya Se\u00e7imlerini Abelardo de la Espriella Kazand\u0131 - The Epoch Times TR<\/title>\n<meta name=\"description\" content=\"Kolombiya\u2019da cumhurba\u015fkanl\u0131\u011f\u0131 ikinci tur se\u00e7imlerini, avukat Abelardo de la Espriella, oylar\u0131n y\u00fczde 49,66\u2019s\u0131n\u0131 alarak kazand\u0131.\" \/>\n<meta name=\"robots\" content=\"index, follow, max-snippet:-1, max-image-preview:large, max-video-preview:-1\" \/>\n<link rel=\"canonical\" href=\"https:\/\/epochtimestr.com\/index.php\/kolombiya-secimlerini-abelardo-de-la-espriella-kazandi\" \/>\n<meta property=\"og:locale\" content=\"tr_TR\" \/>\n<meta property=\"og:type\" content=\"article\" \/>\n<meta property=\"og:title\" content=\"Kolombiya Se\u00e7imlerini Abelardo de la Espriella Kazand\u0131 - The Epoch Times TR\" \/>\n<meta property=\"og:description\" content=\"Kolombiya\u2019da cumhurba\u015fkanl\u0131\u011f\u0131 ikinci tur se\u00e7imlerini, avukat Abelardo de la Espriella, oylar\u0131n y\u00fczde 49,66\u2019s\u0131n\u0131 alarak kazand\u0131.\" \/>\n<meta property=\"og:url\" content=\"https:\/\/epochtimestr.com\/index.php\/kolombiya-secimlerini-abelardo-de-la-espriella-kazandi\" \/>\n<meta property=\"og:site_name\" content=\"The Epoch Times TR\" \/>\n<meta property=\"article:publisher\" content=\"https:\/\/www.facebook.com\/theepochtimestr\" \/>\n<meta property=\"article:published_time\" content=\"2026-06-22T11:56:07+00:00\" \/>\n<meta property=\"article:modified_time\" content=\"2026-06-22T11:56:12+00:00\" \/>\n<meta property=\"og:image\" content=\"https:\/\/epochtimestr.com\/wp-content\/uploads\/2011y\/1000040786.webp\" \/>\n\t<meta property=\"og:image:width\" content=\"1200\" \/>\n\t<meta property=\"og:image:height\" content=\"843\" \/>\n\t<meta property=\"og:image:type\" content=\"image\/webp\" \/>\n<meta name=\"author\" content=\"Leo Bajelan\" \/>\n<meta name=\"twitter:card\" content=\"summary_large_image\" \/>\n<meta name=\"twitter:creator\" content=\"@TheEpochTimesTR\" \/>\n<meta name=\"twitter:site\" content=\"@TheEpochTimesTR\" \/>\n<meta name=\"twitter:label1\" content=\"Yazan:\" \/>\n\t<meta name=\"twitter:data1\" content=\"Leo Bajelan\" \/>\n\t<meta name=\"twitter:label2\" content=\"Tahmini okuma s\u00fcresi\" \/>\n\t<meta name=\"twitter:data2\" content=\"2 dakika\" \/>\n<script type=\"application\/ld+json\" class=\"yoast-schema-graph\">{\"@context\":\"https:\/\/schema.org\",\"@graph\":[{\"@type\":\"Article\",\"@id\":\"https:\/\/epochtimestr.com\/index.php\/kolombiya-secimlerini-abelardo-de-la-espriella-kazandi#article\",\"isPartOf\":{\"@id\":\"https:\/\/epochtimestr.com\/index.php\/kolombiya-secimlerini-abelardo-de-la-espriella-kazandi\"},\"author\":{\"name\":\"Leo Bajelan\",\"@id\":\"https:\/\/epochtimestr.com\/#\/schema\/person\/5fef218711d76d8f232b0e1f1d7e4c0d\"},\"headline\":\"Kolombiya Se\u00e7imlerini Abelardo de la Espriella Kazand\u0131\",\"datePublished\":\"2026-06-22T11:56:07+00:00\",\"dateModified\":\"2026-06-22T11:56:12+00:00\",\"mainEntityOfPage\":{\"@id\":\"https:\/\/epochtimestr.com\/index.php\/kolombiya-secimlerini-abelardo-de-la-espriella-kazandi\"},\"wordCount\":350,\"commentCount\":0,\"publisher\":{\"@id\":\"https:\/\/epochtimestr.com\/#organization\"},\"image\":{\"@id\":\"https:\/\/epochtimestr.com\/index.php\/kolombiya-secimlerini-abelardo-de-la-espriella-kazandi#primaryimage\"},\"thumbnailUrl\":\"https:\/\/epochtimestr.com\/wp-content\/uploads\/2011y\/1000040786.webp\",\"keywords\":[\"ABD\",\"Abelardo de la Espriella\",\"cumhurba\u015fkanl\u0131\u011f\u0131 se\u00e7imleri\",\"G\u00fcney amerika\",\"Gustavo Petro\",\"Kolombiya\"],\"articleSection\":[\"D\u00dcNYA\",\"G\u00dcNDEM\",\"MAN\u015eET\"],\"inLanguage\":\"tr\",\"potentialAction\":[{\"@type\":\"CommentAction\",\"name\":\"Comment\",\"target\":[\"https:\/\/epochtimestr.com\/index.php\/kolombiya-secimlerini-abelardo-de-la-espriella-kazandi#respond\"]}]},{\"@type\":\"WebPage\",\"@id\":\"https:\/\/epochtimestr.com\/index.php\/kolombiya-secimlerini-abelardo-de-la-espriella-kazandi\",\"url\":\"https:\/\/epochtimestr.com\/index.php\/kolombiya-secimlerini-abelardo-de-la-espriella-kazandi\",\"name\":\"Kolombiya Se\u00e7imlerini Abelardo de la Espriella Kazand\u0131 - The Epoch Times TR\",\"isPartOf\":{\"@id\":\"https:\/\/epochtimestr.com\/#website\"},\"primaryImageOfPage\":{\"@id\":\"https:\/\/epochtimestr.com\/index.php\/kolombiya-secimlerini-abelardo-de-la-espriella-kazandi#primaryimage\"},\"image\":{\"@id\":\"https:\/\/epochtimestr.com\/index.php\/kolombiya-secimlerini-abelardo-de-la-espriella-kazandi#primaryimage\"},\"thumbnailUrl\":\"https:\/\/epochtimestr.com\/wp-content\/uploads\/2011y\/1000040786.webp\",\"datePublished\":\"2026-06-22T11:56:07+00:00\",\"dateModified\":\"2026-06-22T11:56:12+00:00\",\"description\":\"Kolombiya\u2019da cumhurba\u015fkanl\u0131\u011f\u0131 ikinci tur se\u00e7imlerini, avukat Abelardo de la Espriella, oylar\u0131n y\u00fczde 49,66\u2019s\u0131n\u0131 alarak kazand\u0131.\",\"inLanguage\":\"tr\",\"potentialAction\":[{\"@type\":\"ReadAction\",\"target\":[\"https:\/\/epochtimestr.com\/index.php\/kolombiya-secimlerini-abelardo-de-la-espriella-kazandi\"]}]},{\"@type\":\"ImageObject\",\"inLanguage\":\"tr\",\"@id\":\"https:\/\/epochtimestr.com\/index.php\/kolombiya-secimlerini-abelardo-de-la-espriella-kazandi#primaryimage\",\"url\":\"https:\/\/epochtimestr.com\/wp-content\/uploads\/2011y\/1000040786.webp\",\"contentUrl\":\"https:\/\/epochtimestr.com\/wp-content\/uploads\/2011y\/1000040786.webp\",\"width\":1200,\"height\":843},{\"@type\":\"WebSite\",\"@id\":\"https:\/\/epochtimestr.com\/#website\",\"url\":\"https:\/\/epochtimestr.com\/\",\"name\":\"The Epoch Times TR\",\"description\":\"De\u011fi\u015fen D\u00fcnyam\u0131za Taze Bir Bak\u0131\u015f\",\"publisher\":{\"@id\":\"https:\/\/epochtimestr.com\/#organization\"},\"potentialAction\":[{\"@type\":\"SearchAction\",\"target\":{\"@type\":\"EntryPoint\",\"urlTemplate\":\"https:\/\/epochtimestr.com\/?s={search_term_string}\"},\"query-input\":\"required name=search_term_string\"}],\"inLanguage\":\"tr\"},{\"@type\":\"Organization\",\"@id\":\"https:\/\/epochtimestr.com\/#organization\",\"name\":\"The EpochTimes T\u00fcrkiye\",\"url\":\"https:\/\/epochtimestr.com\/\",\"logo\":{\"@type\":\"ImageObject\",\"inLanguage\":\"tr\",\"@id\":\"https:\/\/epochtimestr.com\/#\/schema\/logo\/image\/\",\"url\":\"https:\/\/epochtimestr.com\/wp-content\/uploads\/2011y\/ET-Logo-YG.jpg\",\"contentUrl\":\"https:\/\/epochtimestr.com\/wp-content\/uploads\/2011y\/ET-Logo-YG.jpg\",\"width\":346,\"height\":29,\"caption\":\"The EpochTimes T\u00fcrkiye\"},\"image\":{\"@id\":\"https:\/\/epochtimestr.com\/#\/schema\/logo\/image\/\"},\"sameAs\":[\"https:\/\/www.facebook.com\/theepochtimestr\",\"https:\/\/x.com\/TheEpochTimesTR\",\"https:\/\/www.instagram.com\/epochtimestr\"]},{\"@type\":\"Person\",\"@id\":\"https:\/\/epochtimestr.com\/#\/schema\/person\/5fef218711d76d8f232b0e1f1d7e4c0d\",\"name\":\"Leo Bajelan\",\"image\":{\"@type\":\"ImageObject\",\"inLanguage\":\"tr\",\"@id\":\"https:\/\/epochtimestr.com\/#\/schema\/person\/image\/\",\"url\":\"https:\/\/secure.gravatar.com\/avatar\/917669146f489549e548a2e9af272df5?s=96&d=mm&r=g\",\"contentUrl\":\"https:\/\/secure.gravatar.com\/avatar\/917669146f489549e548a2e9af272df5?s=96&d=mm&r=g\",\"caption\":\"Leo Bajelan\"},\"url\":\"https:\/\/epochtimestr.com\/index.php\/author\/leo\"}]}<\/script>\n<!-- \/ Yoast SEO plugin. -->","yoast_head_json":{"title":"Kolombiya Se\u00e7imlerini Abelardo de la Espriella Kazand\u0131 - The Epoch Times TR","description":"Kolombiya\u2019da cumhurba\u015fkanl\u0131\u011f\u0131 ikinci tur se\u00e7imlerini, avukat Abelardo de la Espriella, oylar\u0131n y\u00fczde 49,66\u2019s\u0131n\u0131 alarak kazand\u0131.","robots":{"index":"index","follow":"follow","max-snippet":"max-snippet:-1","max-image-preview":"max-image-preview:large","max-video-preview":"max-video-preview:-1"},"canonical":"https:\/\/epochtimestr.com\/index.php\/kolombiya-secimlerini-abelardo-de-la-espriella-kazandi","og_locale":"tr_TR","og_type":"article","og_title":"Kolombiya Se\u00e7imlerini Abelardo de la Espriella Kazand\u0131 - The Epoch Times TR","og_description":"Kolombiya\u2019da cumhurba\u015fkanl\u0131\u011f\u0131 ikinci tur se\u00e7imlerini, avukat Abelardo de la Espriella, oylar\u0131n y\u00fczde 49,66\u2019s\u0131n\u0131 alarak kazand\u0131.","og_url":"https:\/\/epochtimestr.com\/index.php\/kolombiya-secimlerini-abelardo-de-la-espriella-kazandi","og_site_name":"The Epoch Times TR","article_publisher":"https:\/\/www.facebook.com\/theepochtimestr","article_published_time":"2026-06-22T11:56:07+00:00","article_modified_time":"2026-06-22T11:56:12+00:00","og_image":[{"width":1200,"height":843,"url":"https:\/\/epochtimestr.com\/wp-content\/uploads\/2011y\/1000040786.webp","type":"image\/webp"}],"author":"Leo Bajelan","twitter_card":"summary_large_image","twitter_creator":"@TheEpochTimesTR","twitter_site":"@TheEpochTimesTR","twitter_misc":{"Yazan:":"Leo Bajelan","Tahmini okuma s\u00fcresi":"2 dakika"},"schema":{"@context":"https:\/\/schema.org","@graph":[{"@type":"Article","@id":"https:\/\/epochtimestr.com\/index.php\/kolombiya-secimlerini-abelardo-de-la-espriella-kazandi#article","isPartOf":{"@id":"https:\/\/epochtimestr.com\/index.php\/kolombiya-secimlerini-abelardo-de-la-espriella-kazandi"},"author":{"name":"Leo Bajelan","@id":"https:\/\/epochtimestr.com\/#\/schema\/person\/5fef218711d76d8f232b0e1f1d7e4c0d"},"headline":"Kolombiya Se\u00e7imlerini Abelardo de la Espriella Kazand\u0131","datePublished":"2026-06-22T11:56:07+00:00","dateModified":"2026-06-22T11:56:12+00:00","mainEntityOfPage":{"@id":"https:\/\/epochtimestr.com\/index.php\/kolombiya-secimlerini-abelardo-de-la-espriella-kazandi"},"wordCount":350,"commentCount":0,"publisher":{"@id":"https:\/\/epochtimestr.com\/#organization"},"image":{"@id":"https:\/\/epochtimestr.com\/index.php\/kolombiya-secimlerini-abelardo-de-la-espriella-kazandi#primaryimage"},"thumbnailUrl":"https:\/\/epochtimestr.com\/wp-content\/uploads\/2011y\/1000040786.webp","keywords":["ABD","Abelardo de la Espriella","cumhurba\u015fkanl\u0131\u011f\u0131 se\u00e7imleri","G\u00fcney amerika","Gustavo Petro","Kolombiya"],"articleSection":["D\u00dcNYA","G\u00dcNDEM","MAN\u015eET"],"inLanguage":"tr","potentialAction":[{"@type":"CommentAction","name":"Comment","target":["https:\/\/epochtimestr.com\/index.php\/kolombiya-secimlerini-abelardo-de-la-espriella-kazandi#respond"]}]},{"@type":"WebPage","@id":"https:\/\/epochtimestr.com\/index.php\/kolombiya-secimlerini-abelardo-de-la-espriella-kazandi","url":"https:\/\/epochtimestr.com\/index.php\/kolombiya-secimlerini-abelardo-de-la-espriella-kazandi","name":"Kolombiya Se\u00e7imlerini Abelardo de la Espriella Kazand\u0131 - The Epoch Times TR","isPartOf":{"@id":"https:\/\/epochtimestr.com\/#website"},"primaryImageOfPage":{"@id":"https:\/\/epochtimestr.com\/index.php\/kolombiya-secimlerini-abelardo-de-la-espriella-kazandi#primaryimage"},"image":{"@id":"https:\/\/epochtimestr.com\/index.php\/kolombiya-secimlerini-abelardo-de-la-espriella-kazandi#primaryimage"},"thumbnailUrl":"https:\/\/epochtimestr.com\/wp-content\/uploads\/2011y\/1000040786.webp","datePublished":"2026-06-22T11:56:07+00:00","dateModified":"2026-06-22T11:56:12+00:00","description":"Kolombiya\u2019da cumhurba\u015fkanl\u0131\u011f\u0131 ikinci tur se\u00e7imlerini, avukat Abelardo de la Espriella, oylar\u0131n y\u00fczde 49,66\u2019s\u0131n\u0131 alarak kazand\u0131.","inLanguage":"tr","potentialAction":[{"@type":"ReadAction","target":["https:\/\/epochtimestr.com\/index.php\/kolombiya-secimlerini-abelardo-de-la-espriella-kazandi"]}]},{"@type":"ImageObject","inLanguage":"tr","@id":"https:\/\/epochtimestr.com\/index.php\/kolombiya-secimlerini-abelardo-de-la-espriella-kazandi#primaryimage","url":"https:\/\/epochtimestr.com\/wp-content\/uploads\/2011y\/1000040786.webp","contentUrl":"https:\/\/epochtimestr.com\/wp-content\/uploads\/2011y\/1000040786.webp","width":1200,"height":843},{"@type":"WebSite","@id":"https:\/\/epochtimestr.com\/#website","url":"https:\/\/epochtimestr.com\/","name":"The Epoch Times TR","description":"De\u011fi\u015fen D\u00fcnyam\u0131za Taze Bir Bak\u0131\u015f","publisher":{"@id":"https:\/\/epochtimestr.com\/#organization"},"potentialAction":[{"@type":"SearchAction","target":{"@type":"EntryPoint","urlTemplate":"https:\/\/epochtimestr.com\/?s={search_term_string}"},"query-input":"required name=search_term_string"}],"inLanguage":"tr"},{"@type":"Organization","@id":"https:\/\/epochtimestr.com\/#organization","name":"The EpochTimes T\u00fcrkiye","url":"https:\/\/epochtimestr.com\/","logo":{"@type":"ImageObject","inLanguage":"tr","@id":"https:\/\/epochtimestr.com\/#\/schema\/logo\/image\/","url":"https:\/\/epochtimestr.com\/wp-content\/uploads\/2011y\/ET-Logo-YG.jpg","contentUrl":"https:\/\/epochtimestr.com\/wp-content\/uploads\/2011y\/ET-Logo-YG.jpg","width":346,"height":29,"caption":"The EpochTimes T\u00fcrkiye"},"image":{"@id":"https:\/\/epochtimestr.com\/#\/schema\/logo\/image\/"},"sameAs":["https:\/\/www.facebook.com\/theepochtimestr","https:\/\/x.com\/TheEpochTimesTR","https:\/\/www.instagram.com\/epochtimestr"]},{"@type":"Person","@id":"https:\/\/epochtimestr.com\/#\/schema\/person\/5fef218711d76d8f232b0e1f1d7e4c0d","name":"Leo Bajelan","image":{"@type":"ImageObject","inLanguage":"tr","@id":"https:\/\/epochtimestr.com\/#\/schema\/person\/image\/","url":"https:\/\/secure.gravatar.com\/avatar\/917669146f489549e548a2e9af272df5?s=96&d=mm&r=g","contentUrl":"https:\/\/secure.gravatar.com\/avatar\/917669146f489549e548a2e9af272df5?s=96&d=mm&r=g","caption":"Leo Bajelan"},"url":"https:\/\/epochtimestr.com\/index.php\/author\/leo"}]}},"_links":{"self":[{"href":"https:\/\/epochtimestr.com\/index.php\/wp-json\/wp\/v2\/posts\/167954"}],"collection":[{"href":"https:\/\/epochtimestr.com\/index.php\/wp-json\/wp\/v2\/posts"}],"about":[{"href":"https:\/\/epochtimestr.com\/index.php\/wp-json\/wp\/v2\/types\/post"}],"author":[{"embeddable":true,"href":"https:\/\/epochtimestr.com\/index.php\/wp-json\/wp\/v2\/users\/13996"}],"replies":[{"embeddable":true,"href":"https:\/\/epochtimestr.com\/index.php\/wp-json\/wp\/v2\/comments?post=167954"}],"version-history":[{"count":2,"href":"https:\/\/epochtimestr.com\/index.php\/wp-json\/wp\/v2\/posts\/167954\/revisions"}],"predecessor-version":[{"id":167960,"href":"https:\/\/epochtimestr.com\/index.php\/wp-json\/wp\/v2\/posts\/167954\/revisions\/167960"}],"wp:featuredmedia":[{"embeddable":true,"href":"https:\/\/epochtimestr.com\/index.php\/wp-json\/wp\/v2\/media\/167955"}],"wp:attachment":[{"href":"https:\/\/epochtimestr.com\/index.php\/wp-json\/wp\/v2\/media?parent=167954"}],"wp:term":[{"taxonomy":"category","embeddable":true,"href":"https:\/\/epochtimestr.com\/index.php\/wp-json\/wp\/v2\/categories?post=167954"},{"taxonomy":"post_tag","embeddable":true,"href":"https:\/\/epochtimestr.com\/index.php\/wp-json\/wp\/v2\/tags?post=167954"}],"curies":[{"name":"wp","href":"https:\/\/api.w.org\/{rel}","templated":true}]}}