{"id":167964,"date":"2026-06-22T21:06:39","date_gmt":"2026-06-22T18:06:39","guid":{"rendered":"https:\/\/epochtimestr.com\/?p=167964"},"modified":"2026-06-22T21:06:41","modified_gmt":"2026-06-22T18:06:41","slug":"tayvan-baskan-yardimcisi-hsiao-bi-khimden-diplomasi-vurgusu","status":"publish","type":"post","link":"https:\/\/epochtimestr.com\/index.php\/tayvan-baskan-yardimcisi-hsiao-bi-khimden-diplomasi-vurgusu","title":{"rendered":"Tayvan Ba\u015fkan Yard\u0131mc\u0131s\u0131 Hsiao Bi-khim&#8217;den Diplomasi Vurgusu"},"content":{"rendered":"<div class=\"wp-block-image\">\n<figure class=\"aligncenter size-full\"><img loading=\"lazy\" decoding=\"async\" width=\"1200\" height=\"800\" src=\"https:\/\/epochtimestr.com\/wp-content\/uploads\/2011y\/1000040789.webp\" alt=\"Tayvan Ba\u015fkan Yard\u0131mc\u0131s\u0131 Hsiao Bi-khim, 16 Haziran 2026 tarihinde Tayvan\u2019\u0131n Taipei kentindeki ba\u015fkanl\u0131k ofisi binas\u0131nda. (Foto\u011fraf: Sung Pi-Lung\/The Epoch Times)\" class=\"wp-image-167965\" srcset=\"https:\/\/epochtimestr.com\/wp-content\/uploads\/2011y\/1000040789.webp 1200w, https:\/\/epochtimestr.com\/wp-content\/uploads\/2011y\/1000040789-300x200.webp 300w, https:\/\/epochtimestr.com\/wp-content\/uploads\/2011y\/1000040789-150x100.webp 150w, https:\/\/epochtimestr.com\/wp-content\/uploads\/2011y\/1000040789-768x512.webp 768w\" sizes=\"(max-width: 1200px) 100vw, 1200px\" \/><figcaption class=\"wp-element-caption\">Tayvan Ba\u015fkan Yard\u0131mc\u0131s\u0131 Hsiao Bi-khim, 16 Haziran 2026 tarihinde Tayvan\u2019\u0131n Taipei kentindeki ba\u015fkanl\u0131k ofisi binas\u0131nda. (Foto\u011fraf: Sung Pi-Lung, The Epoch Times)<\/figcaption><\/figure><\/div>\n\n\n<p>Hsiao Bi-khim, Pekin&#8217;e kar\u015f\u0131 diplomasi yakla\u015f\u0131m\u0131n\u0131 anlatt\u0131 ve Tayvan Ba\u015fkan Yard\u0131mc\u0131s\u0131 olarak ABD ile ili\u015fkilerin stratejik \u00f6nemini vurgulad\u0131. Ayr\u0131ca kendisini \u201c<a href=\"https:\/\/www.theepochtimes.com\/article\/taiwans-vice-president-not-afraid-to-take-on-beijing-6049517\" target=\"_blank\" rel=\"noreferrer noopener\">kedi sava\u015f\u00e7\u0131<\/a>\u201d olarak tan\u0131mlayarak, \u00c7in&#8217;in artan bask\u0131lar\u0131na kar\u015f\u0131 diren\u00e7 mesaj\u0131 verdi. Tayvan&#8217;\u0131n bu yakla\u015f\u0131m\u0131n\u0131n esnek ve temkinli oldu\u011funu, ancak Pekin\u2019in Tayvanl\u0131 yetkililere bask\u0131lar\u0131n\u0131n devam etti\u011fini s\u00f6yledi. \u00c7in y\u00f6netimi onu ayr\u0131l\u0131k\u00e7\u0131 olarak tan\u0131mlayarak yapt\u0131r\u0131m uygulad\u0131. Hsiao bu nedenle yapt\u0131r\u0131mlar\u0131n sembolik oldu\u011funu ifade etti ve ki\u015fisel ticari ba\u011flar\u0131n\u0131n bulunmad\u0131\u011f\u0131n\u0131 belirtti. Bu durum \u00c7in\u2019in bask\u0131lar\u0131n\u0131 s\u0131n\u0131rl\u0131yor.<\/p>\n\n\n\n<p>Bunlara ek olarak Tayvan uluslararas\u0131 forumlara kat\u0131l\u0131mda engellerle kar\u015f\u0131la\u015f\u0131yor. <a href=\"https:\/\/epochtimestr.com\/index.php\/tayvan-cinin-askeri-baskisini-durdurmasini-talep-etti\" target=\"_blank\" rel=\"noreferrer noopener\">\u00c7in&#8217;in bu kat\u0131l\u0131m\u0131<\/a> s\u0131k s\u0131k engellemesine kar\u015f\u0131n Tayvan g\u00fcvenlik \u00f6nlemlerini art\u0131r\u0131yor. \u00c7in\u2019in \u00f6zellikle hava ara\u00e7lar\u0131yla yapt\u0131\u011f\u0131 tacizlerin g\u00fcnl\u00fck rutin hale geldi\u011fini belirtiyor. Hsiao&#8217;nun Prag ziyaretinde g\u00fcvenlik tehditleri oldu\u011fu iddias\u0131 g\u00fcndeme geldi. \u00c7ek yetkililer \u00c7inli bir gazeteciyi g\u00f6zalt\u0131na ald\u0131. Bu olay \u00c7in\u2019in gizli faaliyetlerine y\u00f6nelik endi\u015feleri art\u0131rd\u0131.<\/p>\n\n\n\n<p>Ayr\u0131ca Tayvan, \u00c7in\u2019den bilgi toplamak amac\u0131yla bir portal a\u00e7t\u0131. Bu ad\u0131m istihbarat payla\u015f\u0131m\u0131n\u0131 te\u015fvik etmeyi hedefliyor. Bu s\u00fcre\u00e7te Washington ile i\u015f birli\u011fi kritik g\u00f6r\u00fcl\u00fcyor ve Hsiao iki taraf\u0131n birbirini g\u00fc\u00e7lendirdi\u011fini ifade ediyor. B\u00f6lgesel gerilimlerin diplomatik \u00e7abalar\u0131 zorla\u015ft\u0131rmas\u0131 kar\u015f\u0131s\u0131nda Tayvan, savunma kapasitesini art\u0131rmaya odaklan\u0131yor. \u00d6te yandan Tayvan halk g\u00fcvenli\u011fi \u00f6nceli\u011fine alarak uluslararas\u0131 destek aray\u0131\u015f\u0131n\u0131 s\u00fcrd\u00fcr\u00fcyor.<\/p>\n\n\n\n<p>Hsiao, diplomasi ile savunman\u0131n birlikte ilerlemesi gerekti\u011fini vurgulad\u0131. Uluslararas\u0131 i\u015f birli\u011finin Tayvan i\u00e7in kritik oldu\u011funu ve ayr\u0131ca diyalog kanallar\u0131n\u0131n a\u00e7\u0131k tutulmas\u0131 gerekti\u011fini s\u00f6yledi. Bu yakla\u015f\u0131m\u0131n gerilimi azaltmay\u0131 hedefledi\u011fini belirtti. \u00c7in\u2019in bask\u0131 politikalar\u0131 kar\u015f\u0131s\u0131nda Tayvan, dijital savunma ile siber g\u00fcvenli\u011fi g\u00fc\u00e7lendiriyor. Ayr\u0131ca medya ve kamu diplomasisi daha \u00f6nemli hale geliyor. <\/p>\n\n\n\n<p>Tayvan uluslararas\u0131 g\u00f6r\u00fcn\u00fcrl\u00fc\u011f\u00fcn\u00fc art\u0131rmaya \u00e7al\u0131\u015f\u0131rken Hsiao, dengeli bir d\u0131\u015f politika yakla\u015f\u0131m\u0131 benimsiyor. Sonu\u00e7 olarak b\u00f6lgesel istikrar politikalar\u0131 yak\u0131ndan takip ediliyor.<\/p>\n","protected":false},"excerpt":{"rendered":"<p>Hsiao Bi-khim, Pekin&#8217;e kar\u015f\u0131 diplomasi yakla\u015f\u0131m\u0131n\u0131 anlatt\u0131 ve Tayvan Ba\u015fkan Yard\u0131mc\u0131s\u0131 olarak ABD ile ili\u015fkilerin stratejik \u00f6nemini vurgulad\u0131. Ayr\u0131ca kendisini \u201ckedi sava\u015f\u00e7\u0131\u201d olarak tan\u0131mlayarak, \u00c7in&#8217;in artan bask\u0131lar\u0131na kar\u015f\u0131 diren\u00e7 mesaj\u0131 verdi. Tayvan&#8217;\u0131n bu yakla\u015f\u0131m\u0131n\u0131n esnek ve temkinli oldu\u011funu, ancak Pekin\u2019in Tayvanl\u0131 yetkililere bask\u0131lar\u0131n\u0131n devam etti\u011fini s\u00f6yledi. \u00c7in y\u00f6netimi onu ayr\u0131l\u0131k\u00e7\u0131 olarak tan\u0131mlayarak yapt\u0131r\u0131m uygulad\u0131. Hsiao [&hellip;]<\/p>\n","protected":false},"author":13996,"featured_media":167965,"comment_status":"open","ping_status":"open","sticky":false,"template":"","format":"standard","meta":{"_yoast_wpseo_focuskw":"Tayvan - Hsiao","_yoast_wpseo_title":"","_yoast_wpseo_metadesc":"Tayvan Ba\u015fkan Yard\u0131mc\u0131s\u0131 Hsiao Bi-khim, Pekin'e kar\u015f\u0131 diplomasi yakla\u015f\u0131m\u0131n\u0131 anlatt\u0131 ve ABD ile ili\u015fkilerin stratejik \u00f6nemini vurgulad\u0131.","_bbp_topic_count":0,"_bbp_reply_count":0,"_bbp_total_topic_count":0,"_bbp_total_reply_count":0,"_bbp_voice_count":0,"_bbp_anonymous_reply_count":0,"_bbp_topic_count_hidden":0,"_bbp_reply_count_hidden":0,"_bbp_forum_subforum_count":0,"footnotes":"","_yoast_wpseo_focuskw_text_input":""},"categories":[8,1,8138],"tags":[407,11565,11567,406,11568,11566,3877],"yoast_head":"<!-- This site is optimized with the Yoast SEO plugin v23.0 - https:\/\/yoast.com\/wordpress\/plugins\/seo\/ -->\n<title>Tayvan Ba\u015fkan Yard\u0131mc\u0131s\u0131 Hsiao Bi-khim&#039;den Diplomasi Vurgusu - The Epoch Times TR<\/title>\n<meta name=\"description\" content=\"Tayvan Ba\u015fkan Yard\u0131mc\u0131s\u0131 Hsiao Bi-khim, Pekin&#039;e kar\u015f\u0131 diplomasi yakla\u015f\u0131m\u0131n\u0131 anlatt\u0131 ve ABD ile ili\u015fkilerin stratejik \u00f6nemini vurgulad\u0131.\" \/>\n<meta name=\"robots\" content=\"index, follow, max-snippet:-1, max-image-preview:large, max-video-preview:-1\" \/>\n<link rel=\"canonical\" href=\"https:\/\/epochtimestr.com\/index.php\/tayvan-baskan-yardimcisi-hsiao-bi-khimden-diplomasi-vurgusu\" \/>\n<meta property=\"og:locale\" content=\"tr_TR\" \/>\n<meta property=\"og:type\" content=\"article\" \/>\n<meta property=\"og:title\" content=\"Tayvan Ba\u015fkan Yard\u0131mc\u0131s\u0131 Hsiao Bi-khim&#039;den Diplomasi Vurgusu - The Epoch Times TR\" \/>\n<meta property=\"og:description\" content=\"Tayvan Ba\u015fkan Yard\u0131mc\u0131s\u0131 Hsiao Bi-khim, Pekin&#039;e kar\u015f\u0131 diplomasi yakla\u015f\u0131m\u0131n\u0131 anlatt\u0131 ve ABD ile ili\u015fkilerin stratejik \u00f6nemini vurgulad\u0131.\" \/>\n<meta property=\"og:url\" content=\"https:\/\/epochtimestr.com\/index.php\/tayvan-baskan-yardimcisi-hsiao-bi-khimden-diplomasi-vurgusu\" \/>\n<meta property=\"og:site_name\" content=\"The Epoch Times TR\" \/>\n<meta property=\"article:publisher\" content=\"https:\/\/www.facebook.com\/theepochtimestr\" \/>\n<meta property=\"article:published_time\" content=\"2026-06-22T18:06:39+00:00\" \/>\n<meta property=\"article:modified_time\" content=\"2026-06-22T18:06:41+00:00\" \/>\n<meta property=\"og:image\" content=\"https:\/\/epochtimestr.com\/wp-content\/uploads\/2011y\/1000040789.webp\" \/>\n\t<meta property=\"og:image:width\" content=\"1200\" \/>\n\t<meta property=\"og:image:height\" content=\"800\" \/>\n\t<meta property=\"og:image:type\" content=\"image\/webp\" \/>\n<meta name=\"author\" content=\"Leo Bajelan\" \/>\n<meta name=\"twitter:card\" content=\"summary_large_image\" \/>\n<meta name=\"twitter:creator\" content=\"@TheEpochTimesTR\" \/>\n<meta name=\"twitter:site\" content=\"@TheEpochTimesTR\" \/>\n<meta name=\"twitter:label1\" content=\"Yazan:\" \/>\n\t<meta name=\"twitter:data1\" content=\"Leo Bajelan\" \/>\n\t<meta name=\"twitter:label2\" content=\"Tahmini okuma s\u00fcresi\" \/>\n\t<meta name=\"twitter:data2\" content=\"3 dakika\" \/>\n<script type=\"application\/ld+json\" class=\"yoast-schema-graph\">{\"@context\":\"https:\/\/schema.org\",\"@graph\":[{\"@type\":\"Article\",\"@id\":\"https:\/\/epochtimestr.com\/index.php\/tayvan-baskan-yardimcisi-hsiao-bi-khimden-diplomasi-vurgusu#article\",\"isPartOf\":{\"@id\":\"https:\/\/epochtimestr.com\/index.php\/tayvan-baskan-yardimcisi-hsiao-bi-khimden-diplomasi-vurgusu\"},\"author\":{\"name\":\"Leo Bajelan\",\"@id\":\"https:\/\/epochtimestr.com\/#\/schema\/person\/5fef218711d76d8f232b0e1f1d7e4c0d\"},\"headline\":\"Tayvan Ba\u015fkan Yard\u0131mc\u0131s\u0131 Hsiao Bi-khim&#8217;den Diplomasi Vurgusu\",\"datePublished\":\"2026-06-22T18:06:39+00:00\",\"dateModified\":\"2026-06-22T18:06:41+00:00\",\"mainEntityOfPage\":{\"@id\":\"https:\/\/epochtimestr.com\/index.php\/tayvan-baskan-yardimcisi-hsiao-bi-khimden-diplomasi-vurgusu\"},\"wordCount\":418,\"commentCount\":0,\"publisher\":{\"@id\":\"https:\/\/epochtimestr.com\/#organization\"},\"image\":{\"@id\":\"https:\/\/epochtimestr.com\/index.php\/tayvan-baskan-yardimcisi-hsiao-bi-khimden-diplomasi-vurgusu#primaryimage\"},\"thumbnailUrl\":\"https:\/\/epochtimestr.com\/wp-content\/uploads\/2011y\/1000040789.webp\",\"keywords\":[\"ABD\",\"Hsiao Bi-khim\",\"istihbarat payla\u015f\u0131m\u0131\",\"pekin\",\"Tayvan - ABD ili\u015fkileri\",\"Tayvan \u00e7in gerilimi\",\"washington\"],\"articleSection\":[\"\u00c7\u0130N\",\"G\u00dcNDEM\",\"MAN\u015eET\"],\"inLanguage\":\"tr\",\"potentialAction\":[{\"@type\":\"CommentAction\",\"name\":\"Comment\",\"target\":[\"https:\/\/epochtimestr.com\/index.php\/tayvan-baskan-yardimcisi-hsiao-bi-khimden-diplomasi-vurgusu#respond\"]}]},{\"@type\":\"WebPage\",\"@id\":\"https:\/\/epochtimestr.com\/index.php\/tayvan-baskan-yardimcisi-hsiao-bi-khimden-diplomasi-vurgusu\",\"url\":\"https:\/\/epochtimestr.com\/index.php\/tayvan-baskan-yardimcisi-hsiao-bi-khimden-diplomasi-vurgusu\",\"name\":\"Tayvan Ba\u015fkan Yard\u0131mc\u0131s\u0131 Hsiao Bi-khim'den Diplomasi Vurgusu - The Epoch Times TR\",\"isPartOf\":{\"@id\":\"https:\/\/epochtimestr.com\/#website\"},\"primaryImageOfPage\":{\"@id\":\"https:\/\/epochtimestr.com\/index.php\/tayvan-baskan-yardimcisi-hsiao-bi-khimden-diplomasi-vurgusu#primaryimage\"},\"image\":{\"@id\":\"https:\/\/epochtimestr.com\/index.php\/tayvan-baskan-yardimcisi-hsiao-bi-khimden-diplomasi-vurgusu#primaryimage\"},\"thumbnailUrl\":\"https:\/\/epochtimestr.com\/wp-content\/uploads\/2011y\/1000040789.webp\",\"datePublished\":\"2026-06-22T18:06:39+00:00\",\"dateModified\":\"2026-06-22T18:06:41+00:00\",\"description\":\"Tayvan Ba\u015fkan Yard\u0131mc\u0131s\u0131 Hsiao Bi-khim, Pekin'e kar\u015f\u0131 diplomasi yakla\u015f\u0131m\u0131n\u0131 anlatt\u0131 ve ABD ile ili\u015fkilerin stratejik \u00f6nemini vurgulad\u0131.\",\"inLanguage\":\"tr\",\"potentialAction\":[{\"@type\":\"ReadAction\",\"target\":[\"https:\/\/epochtimestr.com\/index.php\/tayvan-baskan-yardimcisi-hsiao-bi-khimden-diplomasi-vurgusu\"]}]},{\"@type\":\"ImageObject\",\"inLanguage\":\"tr\",\"@id\":\"https:\/\/epochtimestr.com\/index.php\/tayvan-baskan-yardimcisi-hsiao-bi-khimden-diplomasi-vurgusu#primaryimage\",\"url\":\"https:\/\/epochtimestr.com\/wp-content\/uploads\/2011y\/1000040789.webp\",\"contentUrl\":\"https:\/\/epochtimestr.com\/wp-content\/uploads\/2011y\/1000040789.webp\",\"width\":1200,\"height\":800},{\"@type\":\"WebSite\",\"@id\":\"https:\/\/epochtimestr.com\/#website\",\"url\":\"https:\/\/epochtimestr.com\/\",\"name\":\"The Epoch Times TR\",\"description\":\"De\u011fi\u015fen D\u00fcnyam\u0131za Taze Bir Bak\u0131\u015f\",\"publisher\":{\"@id\":\"https:\/\/epochtimestr.com\/#organization\"},\"potentialAction\":[{\"@type\":\"SearchAction\",\"target\":{\"@type\":\"EntryPoint\",\"urlTemplate\":\"https:\/\/epochtimestr.com\/?s={search_term_string}\"},\"query-input\":\"required name=search_term_string\"}],\"inLanguage\":\"tr\"},{\"@type\":\"Organization\",\"@id\":\"https:\/\/epochtimestr.com\/#organization\",\"name\":\"The EpochTimes T\u00fcrkiye\",\"url\":\"https:\/\/epochtimestr.com\/\",\"logo\":{\"@type\":\"ImageObject\",\"inLanguage\":\"tr\",\"@id\":\"https:\/\/epochtimestr.com\/#\/schema\/logo\/image\/\",\"url\":\"https:\/\/epochtimestr.com\/wp-content\/uploads\/2011y\/ET-Logo-YG.jpg\",\"contentUrl\":\"https:\/\/epochtimestr.com\/wp-content\/uploads\/2011y\/ET-Logo-YG.jpg\",\"width\":346,\"height\":29,\"caption\":\"The EpochTimes T\u00fcrkiye\"},\"image\":{\"@id\":\"https:\/\/epochtimestr.com\/#\/schema\/logo\/image\/\"},\"sameAs\":[\"https:\/\/www.facebook.com\/theepochtimestr\",\"https:\/\/x.com\/TheEpochTimesTR\",\"https:\/\/www.instagram.com\/epochtimestr\"]},{\"@type\":\"Person\",\"@id\":\"https:\/\/epochtimestr.com\/#\/schema\/person\/5fef218711d76d8f232b0e1f1d7e4c0d\",\"name\":\"Leo Bajelan\",\"image\":{\"@type\":\"ImageObject\",\"inLanguage\":\"tr\",\"@id\":\"https:\/\/epochtimestr.com\/#\/schema\/person\/image\/\",\"url\":\"https:\/\/secure.gravatar.com\/avatar\/917669146f489549e548a2e9af272df5?s=96&d=mm&r=g\",\"contentUrl\":\"https:\/\/secure.gravatar.com\/avatar\/917669146f489549e548a2e9af272df5?s=96&d=mm&r=g\",\"caption\":\"Leo Bajelan\"},\"url\":\"https:\/\/epochtimestr.com\/index.php\/author\/leo\"}]}<\/script>\n<!-- \/ Yoast SEO plugin. -->","yoast_head_json":{"title":"Tayvan Ba\u015fkan Yard\u0131mc\u0131s\u0131 Hsiao Bi-khim'den Diplomasi Vurgusu - The Epoch Times TR","description":"Tayvan Ba\u015fkan Yard\u0131mc\u0131s\u0131 Hsiao Bi-khim, Pekin'e kar\u015f\u0131 diplomasi yakla\u015f\u0131m\u0131n\u0131 anlatt\u0131 ve ABD ile ili\u015fkilerin stratejik \u00f6nemini vurgulad\u0131.","robots":{"index":"index","follow":"follow","max-snippet":"max-snippet:-1","max-image-preview":"max-image-preview:large","max-video-preview":"max-video-preview:-1"},"canonical":"https:\/\/epochtimestr.com\/index.php\/tayvan-baskan-yardimcisi-hsiao-bi-khimden-diplomasi-vurgusu","og_locale":"tr_TR","og_type":"article","og_title":"Tayvan Ba\u015fkan Yard\u0131mc\u0131s\u0131 Hsiao Bi-khim'den Diplomasi Vurgusu - The Epoch Times TR","og_description":"Tayvan Ba\u015fkan Yard\u0131mc\u0131s\u0131 Hsiao Bi-khim, Pekin'e kar\u015f\u0131 diplomasi yakla\u015f\u0131m\u0131n\u0131 anlatt\u0131 ve ABD ile ili\u015fkilerin stratejik \u00f6nemini vurgulad\u0131.","og_url":"https:\/\/epochtimestr.com\/index.php\/tayvan-baskan-yardimcisi-hsiao-bi-khimden-diplomasi-vurgusu","og_site_name":"The Epoch Times TR","article_publisher":"https:\/\/www.facebook.com\/theepochtimestr","article_published_time":"2026-06-22T18:06:39+00:00","article_modified_time":"2026-06-22T18:06:41+00:00","og_image":[{"width":1200,"height":800,"url":"https:\/\/epochtimestr.com\/wp-content\/uploads\/2011y\/1000040789.webp","type":"image\/webp"}],"author":"Leo Bajelan","twitter_card":"summary_large_image","twitter_creator":"@TheEpochTimesTR","twitter_site":"@TheEpochTimesTR","twitter_misc":{"Yazan:":"Leo Bajelan","Tahmini okuma s\u00fcresi":"3 dakika"},"schema":{"@context":"https:\/\/schema.org","@graph":[{"@type":"Article","@id":"https:\/\/epochtimestr.com\/index.php\/tayvan-baskan-yardimcisi-hsiao-bi-khimden-diplomasi-vurgusu#article","isPartOf":{"@id":"https:\/\/epochtimestr.com\/index.php\/tayvan-baskan-yardimcisi-hsiao-bi-khimden-diplomasi-vurgusu"},"author":{"name":"Leo Bajelan","@id":"https:\/\/epochtimestr.com\/#\/schema\/person\/5fef218711d76d8f232b0e1f1d7e4c0d"},"headline":"Tayvan Ba\u015fkan Yard\u0131mc\u0131s\u0131 Hsiao Bi-khim&#8217;den Diplomasi Vurgusu","datePublished":"2026-06-22T18:06:39+00:00","dateModified":"2026-06-22T18:06:41+00:00","mainEntityOfPage":{"@id":"https:\/\/epochtimestr.com\/index.php\/tayvan-baskan-yardimcisi-hsiao-bi-khimden-diplomasi-vurgusu"},"wordCount":418,"commentCount":0,"publisher":{"@id":"https:\/\/epochtimestr.com\/#organization"},"image":{"@id":"https:\/\/epochtimestr.com\/index.php\/tayvan-baskan-yardimcisi-hsiao-bi-khimden-diplomasi-vurgusu#primaryimage"},"thumbnailUrl":"https:\/\/epochtimestr.com\/wp-content\/uploads\/2011y\/1000040789.webp","keywords":["ABD","Hsiao Bi-khim","istihbarat payla\u015f\u0131m\u0131","pekin","Tayvan - ABD ili\u015fkileri","Tayvan \u00e7in gerilimi","washington"],"articleSection":["\u00c7\u0130N","G\u00dcNDEM","MAN\u015eET"],"inLanguage":"tr","potentialAction":[{"@type":"CommentAction","name":"Comment","target":["https:\/\/epochtimestr.com\/index.php\/tayvan-baskan-yardimcisi-hsiao-bi-khimden-diplomasi-vurgusu#respond"]}]},{"@type":"WebPage","@id":"https:\/\/epochtimestr.com\/index.php\/tayvan-baskan-yardimcisi-hsiao-bi-khimden-diplomasi-vurgusu","url":"https:\/\/epochtimestr.com\/index.php\/tayvan-baskan-yardimcisi-hsiao-bi-khimden-diplomasi-vurgusu","name":"Tayvan Ba\u015fkan Yard\u0131mc\u0131s\u0131 Hsiao Bi-khim'den Diplomasi Vurgusu - The Epoch Times TR","isPartOf":{"@id":"https:\/\/epochtimestr.com\/#website"},"primaryImageOfPage":{"@id":"https:\/\/epochtimestr.com\/index.php\/tayvan-baskan-yardimcisi-hsiao-bi-khimden-diplomasi-vurgusu#primaryimage"},"image":{"@id":"https:\/\/epochtimestr.com\/index.php\/tayvan-baskan-yardimcisi-hsiao-bi-khimden-diplomasi-vurgusu#primaryimage"},"thumbnailUrl":"https:\/\/epochtimestr.com\/wp-content\/uploads\/2011y\/1000040789.webp","datePublished":"2026-06-22T18:06:39+00:00","dateModified":"2026-06-22T18:06:41+00:00","description":"Tayvan Ba\u015fkan Yard\u0131mc\u0131s\u0131 Hsiao Bi-khim, Pekin'e kar\u015f\u0131 diplomasi yakla\u015f\u0131m\u0131n\u0131 anlatt\u0131 ve ABD ile ili\u015fkilerin stratejik \u00f6nemini vurgulad\u0131.","inLanguage":"tr","potentialAction":[{"@type":"ReadAction","target":["https:\/\/epochtimestr.com\/index.php\/tayvan-baskan-yardimcisi-hsiao-bi-khimden-diplomasi-vurgusu"]}]},{"@type":"ImageObject","inLanguage":"tr","@id":"https:\/\/epochtimestr.com\/index.php\/tayvan-baskan-yardimcisi-hsiao-bi-khimden-diplomasi-vurgusu#primaryimage","url":"https:\/\/epochtimestr.com\/wp-content\/uploads\/2011y\/1000040789.webp","contentUrl":"https:\/\/epochtimestr.com\/wp-content\/uploads\/2011y\/1000040789.webp","width":1200,"height":800},{"@type":"WebSite","@id":"https:\/\/epochtimestr.com\/#website","url":"https:\/\/epochtimestr.com\/","name":"The Epoch Times TR","description":"De\u011fi\u015fen D\u00fcnyam\u0131za Taze Bir Bak\u0131\u015f","publisher":{"@id":"https:\/\/epochtimestr.com\/#organization"},"potentialAction":[{"@type":"SearchAction","target":{"@type":"EntryPoint","urlTemplate":"https:\/\/epochtimestr.com\/?s={search_term_string}"},"query-input":"required name=search_term_string"}],"inLanguage":"tr"},{"@type":"Organization","@id":"https:\/\/epochtimestr.com\/#organization","name":"The EpochTimes T\u00fcrkiye","url":"https:\/\/epochtimestr.com\/","logo":{"@type":"ImageObject","inLanguage":"tr","@id":"https:\/\/epochtimestr.com\/#\/schema\/logo\/image\/","url":"https:\/\/epochtimestr.com\/wp-content\/uploads\/2011y\/ET-Logo-YG.jpg","contentUrl":"https:\/\/epochtimestr.com\/wp-content\/uploads\/2011y\/ET-Logo-YG.jpg","width":346,"height":29,"caption":"The EpochTimes T\u00fcrkiye"},"image":{"@id":"https:\/\/epochtimestr.com\/#\/schema\/logo\/image\/"},"sameAs":["https:\/\/www.facebook.com\/theepochtimestr","https:\/\/x.com\/TheEpochTimesTR","https:\/\/www.instagram.com\/epochtimestr"]},{"@type":"Person","@id":"https:\/\/epochtimestr.com\/#\/schema\/person\/5fef218711d76d8f232b0e1f1d7e4c0d","name":"Leo Bajelan","image":{"@type":"ImageObject","inLanguage":"tr","@id":"https:\/\/epochtimestr.com\/#\/schema\/person\/image\/","url":"https:\/\/secure.gravatar.com\/avatar\/917669146f489549e548a2e9af272df5?s=96&d=mm&r=g","contentUrl":"https:\/\/secure.gravatar.com\/avatar\/917669146f489549e548a2e9af272df5?s=96&d=mm&r=g","caption":"Leo Bajelan"},"url":"https:\/\/epochtimestr.com\/index.php\/author\/leo"}]}},"_links":{"self":[{"href":"https:\/\/epochtimestr.com\/index.php\/wp-json\/wp\/v2\/posts\/167964"}],"collection":[{"href":"https:\/\/epochtimestr.com\/index.php\/wp-json\/wp\/v2\/posts"}],"about":[{"href":"https:\/\/epochtimestr.com\/index.php\/wp-json\/wp\/v2\/types\/post"}],"author":[{"embeddable":true,"href":"https:\/\/epochtimestr.com\/index.php\/wp-json\/wp\/v2\/users\/13996"}],"replies":[{"embeddable":true,"href":"https:\/\/epochtimestr.com\/index.php\/wp-json\/wp\/v2\/comments?post=167964"}],"version-history":[{"count":2,"href":"https:\/\/epochtimestr.com\/index.php\/wp-json\/wp\/v2\/posts\/167964\/revisions"}],"predecessor-version":[{"id":167970,"href":"https:\/\/epochtimestr.com\/index.php\/wp-json\/wp\/v2\/posts\/167964\/revisions\/167970"}],"wp:featuredmedia":[{"embeddable":true,"href":"https:\/\/epochtimestr.com\/index.php\/wp-json\/wp\/v2\/media\/167965"}],"wp:attachment":[{"href":"https:\/\/epochtimestr.com\/index.php\/wp-json\/wp\/v2\/media?parent=167964"}],"wp:term":[{"taxonomy":"category","embeddable":true,"href":"https:\/\/epochtimestr.com\/index.php\/wp-json\/wp\/v2\/categories?post=167964"},{"taxonomy":"post_tag","embeddable":true,"href":"https:\/\/epochtimestr.com\/index.php\/wp-json\/wp\/v2\/tags?post=167964"}],"curies":[{"name":"wp","href":"https:\/\/api.w.org\/{rel}","templated":true}]}}