{"id":167971,"date":"2026-06-23T08:30:00","date_gmt":"2026-06-23T05:30:00","guid":{"rendered":"https:\/\/epochtimestr.com\/?p=167971"},"modified":"2026-06-22T21:18:38","modified_gmt":"2026-06-22T18:18:38","slug":"ithal-urun-demokrasi","status":"publish","type":"post","link":"https:\/\/epochtimestr.com\/index.php\/ithal-urun-demokrasi","title":{"rendered":"\u0130thal \u00dcr\u00fcn Demokrasi"},"content":{"rendered":"\n<p class=\"has-text-align-right\">&#8220;Dirileri \u00f6l\u00fcler y\u00f6netir&#8221;<\/p>\n\n\n\n<p>Bir\u00e7ok \u015feyde oldu\u011fu gibi demokrasi de ithal edilmi\u015ftir. Demokrasi de di\u011fer baz\u0131 ad ve kavramlar gibi i\u00e7i doldurulmaya muhta\u00e7t\u0131r. Herkes meseleye tuttu\u011fu yerden bakar. Demokrasi Yunanca bir s\u00f6zc\u00fckt\u00fcr ve genel anlam\u0131yla, halk\u0131n kendi kendini y\u00f6netmesi demektir. \u0130lk Yunan \u015fehir devletlerinde ortaya \u00e7\u0131km\u0131\u015ft\u0131r. Yunanistan i\u00e7in &#8216;demokrasinin be\u015fi\u011fi&#8217; de denir. Bu tan\u0131m daha ziyade Bat\u0131&#8217;n\u0131n bir pazarlama bi\u00e7imidir. Bat\u0131 kendi k\u00f6klerini antik Yunan&#8217;da g\u00f6r\u00fcr \u00e7\u00fcnk\u00fc.<\/p>\n\n\n\n<p>Bat\u0131 medeniyeti dedi\u011fimiz \u00fc\u00e7 ayak \u00fczerinde kuruludur. Yunan felsefesi, Roma hukuku ve Hristiyanl\u0131k. Bug\u00fcnk\u00fc AB de referans olarak onu al\u0131r. O nedenlerdir ki bir Hristiyan kul\u00fcb\u00fc olarak nitelenir AB.<\/p>\n\n\n\n<p>Demokrasi antik Yunan&#8217;da bir se\u00e7kinler demokrasisi idi. Sadece belli stat\u00fcdekiler oy kullan\u0131rd\u0131. Misal, kad\u0131nlar, alt tabaka halk, k\u00f6leler oy atamazd\u0131 -ki o d\u00f6nem k\u00f6leler toplumun \u00f6nemli bir k\u0131sm\u0131n\u0131 olu\u015ftururdu. Se\u00e7kinler belirlerdi her \u015feyi. Peki, bu ne kadar demokratik?<\/p>\n\n\n\n<p>G\u00fcn\u00fcm\u00fcz Avrupa&#8217;s\u0131nda ise demokrasi, refah\u0131n bir sonucudur a\u011f\u0131rl\u0131kla. Peki, Bat\u0131 refah\u0131 nas\u0131l elde etti? B\u00fcy\u00fck oranda s\u00f6m\u00fcrgecilik ve g\u00f6\u00e7men i\u015f\u00e7ilerin katk\u0131lar\u0131yla refah geldi oraya. Bir de tabii cezalar\u0131n cayd\u0131r\u0131c\u0131 etkisi var. Cezalar\u0131n yapt\u0131r\u0131m g\u00fcc\u00fc, insanlar\u0131n birbirine tahamm\u00fcl etmesini sa\u011fl\u0131yor.<\/p>\n\n\n\n<p>Ama art\u0131k ekonominin bozulmas\u0131yla, \u00f6nce sosyal devlet a\u015f\u0131nd\u0131 Bat\u0131&#8217;da. \u015eimdilerde de usul usul demokratik haklar budan\u0131yor. 20. y\u00fczy\u0131lda demokrasi ad\u0131na zirve yapan \u00fclkeler, daha ziyade \u0130skandinav \u00fclkeleriydi; \u00e7o\u011fulcu demokrasinin azami \u015fekilde uyguland\u0131\u011f\u0131 devletler.<\/p>\n\n\n\n<p>Bug\u00fcnk\u00fc konumuz da yine Abuzer Kiraz&#8217;\u0131n k\u00f6\u015fesinden start ald\u0131. Oradaki tart\u0131\u015fmay\u0131 yine k\u00f6\u015feme \u00e7ektim. Demokrasi bizim buralara ne oranda u\u011frad\u0131? T\u00fcrkiye tarihinde ve g\u00fcn\u00fcm\u00fczde tam bir demokrasiden s\u00f6z edilebilir mi? T\u00fcrkiye kuruldu\u011fundan beri tam demokrasi ile y\u00f6netilmemi\u015ftir. Zira bu b\u00fcnyemize uygun de\u011fildir. \u015earkl\u0131 toplumlar demokrasi ile y\u00f6netilemezzz. Zira halk, demokrasinin haklar taraf\u0131yla ilgilenir. Oysa demokrasilerde bir o kadar da \u00f6devler hanesi vard\u0131r. \u00d6devler hanesi dolmadan demokrasi tam manas\u0131yla oturmu\u015f say\u0131lmaz. Fakat bizim vatanda\u015f, \u00f6devler k\u0131sm\u0131n\u0131 hi\u00e7 mi hi\u00e7 sevmez ve benimsemez.<\/p>\n\n\n\n<p>T\u00fcrkiye&#8217;de ayr\u0131ca bir genel merkez hegemonyas\u0131 vard\u0131r. Temsilciler halk taraf\u0131ndan de\u011fil genel merkezden belirlenir. Vatanda\u015f onaylar sadece. Yani se\u00e7mez. Bizdeki de bir nevi se\u00e7kinler demokrasisidir. Temsiliyet g\u00fcc\u00fc olduk\u00e7a zay\u0131ft\u0131r.<\/p>\n\n\n\n<p>Kald\u0131 ki demokrasi \u015fart m\u0131d\u0131r? \u015earkl\u0131 toplumlar, T\u00fcrkiye de d\u00e2hil, ataerkil toplumlard\u0131r. Lider odakl\u0131d\u0131r. Vatanda\u015f hep bir baba fig\u00fcr\u00fc arar. Koruyan, kollayan, m\u00fc\u015ffik liderler arar.<\/p>\n\n\n\n<p>Tarihe y\u00f6n veren b\u00fcy\u00fck devletlerde, demokrasi fazla gerekli de de\u011fildir. S\u00fcrekli de\u011fi\u015fen h\u00fck\u00fcmetler, koalisyonlar, h\u00fck\u00fcmet programlar\u0131, parlamentoda uzun tart\u0131\u015fmalar, komisyonlar labirenti falan, hep zaman kayb\u0131d\u0131r. Oysa lider odakl\u0131, iddial\u0131 devletler seri hareket etmelidir. Bir Rusya&#8217;y\u0131 d\u00fc\u015f\u00fcn\u00fcn, \u00c7in de ayn\u0131 kategoridedir. ABD de \u00f6yle. Bakmay\u0131n siz ad\u0131n\u0131n demokrasi oldu\u011funa. \u0130\u015fte T\u00fcrkiye&#8217;de benzer bir ligde oynamak istemektedir bundan b\u00f6yle. O nedenle ba\u015fkanl\u0131k sistemiyle devam etmelidir.<\/p>\n\n\n\n<p>T\u00fcrkiye tarih\u00ee sorumluluklar\u0131ndan ka\u00e7amaz. Tarih\u00ee sorumluluklar\u0131 ona lider \u00fclke konumunu dayatmaktad\u0131r. Bu, \u0130skandinav \u00fclkelerinde bulunan demokrasiyle y\u00fcr\u00fcmez co\u011frafyam\u0131zda. Biraz ger\u00e7ek\u00e7i olmak laz\u0131m. Sadece istemek yetmez. Ko\u015fullar\u0131n\u0131z, gelenekleriniz, tarihiniz buna m\u00fcsait mi ona bakmak laz\u0131m.<\/p>\n\n\n\n<p>T\u00fcrkiye g\u00fcvenlik\u00e7i politikalar g\u00fctmek zorundad\u0131r ve h\u0131zl\u0131 kararlar almak durumundad\u0131r. Parlamenter sistem b\u00fcnyeye uymaz. Ba\u015fkanl\u0131k sistemiyle g\u00fcvenli\u011fi \u00f6nceleyen \u00e7izgide devam etmelidir.<\/p>\n","protected":false},"excerpt":{"rendered":"<p>&#8220;Dirileri \u00f6l\u00fcler y\u00f6netir&#8221; Bir\u00e7ok \u015feyde oldu\u011fu gibi demokrasi de ithal edilmi\u015ftir. Demokrasi de di\u011fer baz\u0131 ad ve kavramlar gibi i\u00e7i doldurulmaya muhta\u00e7t\u0131r. Herkes meseleye tuttu\u011fu yerden bakar. Demokrasi Yunanca bir s\u00f6zc\u00fckt\u00fcr ve genel anlam\u0131yla, halk\u0131n kendi kendini y\u00f6netmesi demektir. \u0130lk Yunan \u015fehir devletlerinde ortaya \u00e7\u0131km\u0131\u015ft\u0131r. Yunanistan i\u00e7in &#8216;demokrasinin be\u015fi\u011fi&#8217; de denir. Bu tan\u0131m daha ziyade [&hellip;]<\/p>\n","protected":false},"author":14001,"featured_media":161038,"comment_status":"open","ping_status":"open","sticky":false,"template":"","format":"standard","meta":{"_yoast_wpseo_focuskw":"demokrasi","_yoast_wpseo_title":"","_yoast_wpseo_metadesc":"Bir\u00e7ok \u015feyde oldu\u011fu gibi demokrasi de ithal edilmi\u015ftir. Demokrasi de di\u011fer baz\u0131 ad ve kavramlar gibi i\u00e7i doldurulmaya muhta\u00e7t\u0131r.","_bbp_topic_count":0,"_bbp_reply_count":0,"_bbp_total_topic_count":0,"_bbp_total_reply_count":0,"_bbp_voice_count":0,"_bbp_anonymous_reply_count":0,"_bbp_topic_count_hidden":0,"_bbp_reply_count_hidden":0,"_bbp_forum_subforum_count":0,"footnotes":"","_yoast_wpseo_focuskw_text_input":""},"categories":[9170],"tags":[],"yoast_head":"<!-- This site is optimized with the Yoast SEO plugin v23.0 - https:\/\/yoast.com\/wordpress\/plugins\/seo\/ -->\n<title>\u0130thal \u00dcr\u00fcn Demokrasi - The Epoch Times TR<\/title>\n<meta name=\"description\" content=\"Bir\u00e7ok \u015feyde oldu\u011fu gibi demokrasi de ithal edilmi\u015ftir. Demokrasi de di\u011fer baz\u0131 ad ve kavramlar gibi i\u00e7i doldurulmaya muhta\u00e7t\u0131r.\" \/>\n<meta name=\"robots\" content=\"index, follow, max-snippet:-1, max-image-preview:large, max-video-preview:-1\" \/>\n<link rel=\"canonical\" href=\"https:\/\/epochtimestr.com\/index.php\/ithal-urun-demokrasi\" \/>\n<meta property=\"og:locale\" content=\"tr_TR\" \/>\n<meta property=\"og:type\" content=\"article\" \/>\n<meta property=\"og:title\" content=\"\u0130thal \u00dcr\u00fcn Demokrasi - The Epoch Times TR\" \/>\n<meta property=\"og:description\" content=\"Bir\u00e7ok \u015feyde oldu\u011fu gibi demokrasi de ithal edilmi\u015ftir. Demokrasi de di\u011fer baz\u0131 ad ve kavramlar gibi i\u00e7i doldurulmaya muhta\u00e7t\u0131r.\" \/>\n<meta property=\"og:url\" content=\"https:\/\/epochtimestr.com\/index.php\/ithal-urun-demokrasi\" \/>\n<meta property=\"og:site_name\" content=\"The Epoch Times TR\" \/>\n<meta property=\"article:publisher\" content=\"https:\/\/www.facebook.com\/theepochtimestr\" \/>\n<meta property=\"article:published_time\" content=\"2026-06-23T05:30:00+00:00\" \/>\n<meta property=\"article:modified_time\" content=\"2026-06-22T18:18:38+00:00\" \/>\n<meta property=\"og:image\" content=\"https:\/\/epochtimestr.com\/wp-content\/uploads\/2011y\/BEKIR-ZORBA-SM-2.png\" \/>\n\t<meta property=\"og:image:width\" content=\"1200\" \/>\n\t<meta property=\"og:image:height\" content=\"630\" \/>\n\t<meta property=\"og:image:type\" content=\"image\/png\" \/>\n<meta name=\"author\" content=\"Bekir Zorba\" \/>\n<meta name=\"twitter:card\" content=\"summary_large_image\" \/>\n<meta name=\"twitter:creator\" content=\"@TheEpochTimesTR\" \/>\n<meta name=\"twitter:site\" content=\"@TheEpochTimesTR\" \/>\n<meta name=\"twitter:label1\" content=\"Yazan:\" \/>\n\t<meta name=\"twitter:data1\" content=\"Bekir Zorba\" \/>\n\t<meta name=\"twitter:label2\" content=\"Tahmini okuma s\u00fcresi\" \/>\n\t<meta name=\"twitter:data2\" content=\"3 dakika\" \/>\n<script type=\"application\/ld+json\" class=\"yoast-schema-graph\">{\"@context\":\"https:\/\/schema.org\",\"@graph\":[{\"@type\":\"Article\",\"@id\":\"https:\/\/epochtimestr.com\/index.php\/ithal-urun-demokrasi#article\",\"isPartOf\":{\"@id\":\"https:\/\/epochtimestr.com\/index.php\/ithal-urun-demokrasi\"},\"author\":{\"name\":\"Bekir Zorba\",\"@id\":\"https:\/\/epochtimestr.com\/#\/schema\/person\/da1ad104599611965442ed3e7e9acb2b\"},\"headline\":\"\u0130thal \u00dcr\u00fcn Demokrasi\",\"datePublished\":\"2026-06-23T05:30:00+00:00\",\"dateModified\":\"2026-06-22T18:18:38+00:00\",\"mainEntityOfPage\":{\"@id\":\"https:\/\/epochtimestr.com\/index.php\/ithal-urun-demokrasi\"},\"wordCount\":636,\"commentCount\":0,\"publisher\":{\"@id\":\"https:\/\/epochtimestr.com\/#organization\"},\"image\":{\"@id\":\"https:\/\/epochtimestr.com\/index.php\/ithal-urun-demokrasi#primaryimage\"},\"thumbnailUrl\":\"https:\/\/epochtimestr.com\/wp-content\/uploads\/2011y\/Bekir-Zorba.png\",\"articleSection\":[\"K\u00f6\u015fe Yaz\u0131lar\u0131 Bekir Zorba\"],\"inLanguage\":\"tr\",\"potentialAction\":[{\"@type\":\"CommentAction\",\"name\":\"Comment\",\"target\":[\"https:\/\/epochtimestr.com\/index.php\/ithal-urun-demokrasi#respond\"]}]},{\"@type\":\"WebPage\",\"@id\":\"https:\/\/epochtimestr.com\/index.php\/ithal-urun-demokrasi\",\"url\":\"https:\/\/epochtimestr.com\/index.php\/ithal-urun-demokrasi\",\"name\":\"\u0130thal \u00dcr\u00fcn Demokrasi - The Epoch Times TR\",\"isPartOf\":{\"@id\":\"https:\/\/epochtimestr.com\/#website\"},\"primaryImageOfPage\":{\"@id\":\"https:\/\/epochtimestr.com\/index.php\/ithal-urun-demokrasi#primaryimage\"},\"image\":{\"@id\":\"https:\/\/epochtimestr.com\/index.php\/ithal-urun-demokrasi#primaryimage\"},\"thumbnailUrl\":\"https:\/\/epochtimestr.com\/wp-content\/uploads\/2011y\/Bekir-Zorba.png\",\"datePublished\":\"2026-06-23T05:30:00+00:00\",\"dateModified\":\"2026-06-22T18:18:38+00:00\",\"description\":\"Bir\u00e7ok \u015feyde oldu\u011fu gibi demokrasi de ithal edilmi\u015ftir. Demokrasi de di\u011fer baz\u0131 ad ve kavramlar gibi i\u00e7i doldurulmaya muhta\u00e7t\u0131r.\",\"inLanguage\":\"tr\",\"potentialAction\":[{\"@type\":\"ReadAction\",\"target\":[\"https:\/\/epochtimestr.com\/index.php\/ithal-urun-demokrasi\"]}]},{\"@type\":\"ImageObject\",\"inLanguage\":\"tr\",\"@id\":\"https:\/\/epochtimestr.com\/index.php\/ithal-urun-demokrasi#primaryimage\",\"url\":\"https:\/\/epochtimestr.com\/wp-content\/uploads\/2011y\/Bekir-Zorba.png\",\"contentUrl\":\"https:\/\/epochtimestr.com\/wp-content\/uploads\/2011y\/Bekir-Zorba.png\",\"width\":600,\"height\":600},{\"@type\":\"WebSite\",\"@id\":\"https:\/\/epochtimestr.com\/#website\",\"url\":\"https:\/\/epochtimestr.com\/\",\"name\":\"The Epoch Times TR\",\"description\":\"De\u011fi\u015fen D\u00fcnyam\u0131za Taze Bir Bak\u0131\u015f\",\"publisher\":{\"@id\":\"https:\/\/epochtimestr.com\/#organization\"},\"potentialAction\":[{\"@type\":\"SearchAction\",\"target\":{\"@type\":\"EntryPoint\",\"urlTemplate\":\"https:\/\/epochtimestr.com\/?s={search_term_string}\"},\"query-input\":\"required name=search_term_string\"}],\"inLanguage\":\"tr\"},{\"@type\":\"Organization\",\"@id\":\"https:\/\/epochtimestr.com\/#organization\",\"name\":\"The EpochTimes T\u00fcrkiye\",\"url\":\"https:\/\/epochtimestr.com\/\",\"logo\":{\"@type\":\"ImageObject\",\"inLanguage\":\"tr\",\"@id\":\"https:\/\/epochtimestr.com\/#\/schema\/logo\/image\/\",\"url\":\"https:\/\/epochtimestr.com\/wp-content\/uploads\/2011y\/ET-Logo-YG.jpg\",\"contentUrl\":\"https:\/\/epochtimestr.com\/wp-content\/uploads\/2011y\/ET-Logo-YG.jpg\",\"width\":346,\"height\":29,\"caption\":\"The EpochTimes T\u00fcrkiye\"},\"image\":{\"@id\":\"https:\/\/epochtimestr.com\/#\/schema\/logo\/image\/\"},\"sameAs\":[\"https:\/\/www.facebook.com\/theepochtimestr\",\"https:\/\/x.com\/TheEpochTimesTR\",\"https:\/\/www.instagram.com\/epochtimestr\"]},{\"@type\":\"Person\",\"@id\":\"https:\/\/epochtimestr.com\/#\/schema\/person\/da1ad104599611965442ed3e7e9acb2b\",\"name\":\"Bekir Zorba\",\"image\":{\"@type\":\"ImageObject\",\"inLanguage\":\"tr\",\"@id\":\"https:\/\/epochtimestr.com\/#\/schema\/person\/image\/\",\"url\":\"https:\/\/secure.gravatar.com\/avatar\/eafd40d9b77b1fbf7c565a3d4916b79c?s=96&d=mm&r=g\",\"contentUrl\":\"https:\/\/secure.gravatar.com\/avatar\/eafd40d9b77b1fbf7c565a3d4916b79c?s=96&d=mm&r=g\",\"caption\":\"Bekir Zorba\"},\"url\":\"https:\/\/epochtimestr.com\/index.php\/author\/bekir\"}]}<\/script>\n<!-- \/ Yoast SEO plugin. -->","yoast_head_json":{"title":"\u0130thal \u00dcr\u00fcn Demokrasi - The Epoch Times TR","description":"Bir\u00e7ok \u015feyde oldu\u011fu gibi demokrasi de ithal edilmi\u015ftir. Demokrasi de di\u011fer baz\u0131 ad ve kavramlar gibi i\u00e7i doldurulmaya muhta\u00e7t\u0131r.","robots":{"index":"index","follow":"follow","max-snippet":"max-snippet:-1","max-image-preview":"max-image-preview:large","max-video-preview":"max-video-preview:-1"},"canonical":"https:\/\/epochtimestr.com\/index.php\/ithal-urun-demokrasi","og_locale":"tr_TR","og_type":"article","og_title":"\u0130thal \u00dcr\u00fcn Demokrasi - The Epoch Times TR","og_description":"Bir\u00e7ok \u015feyde oldu\u011fu gibi demokrasi de ithal edilmi\u015ftir. Demokrasi de di\u011fer baz\u0131 ad ve kavramlar gibi i\u00e7i doldurulmaya muhta\u00e7t\u0131r.","og_url":"https:\/\/epochtimestr.com\/index.php\/ithal-urun-demokrasi","og_site_name":"The Epoch Times TR","article_publisher":"https:\/\/www.facebook.com\/theepochtimestr","article_published_time":"2026-06-23T05:30:00+00:00","article_modified_time":"2026-06-22T18:18:38+00:00","og_image":[{"width":1200,"height":630,"url":"https:\/\/epochtimestr.com\/wp-content\/uploads\/2011y\/BEKIR-ZORBA-SM-2.png","type":"image\/png"}],"author":"Bekir Zorba","twitter_card":"summary_large_image","twitter_creator":"@TheEpochTimesTR","twitter_site":"@TheEpochTimesTR","twitter_misc":{"Yazan:":"Bekir Zorba","Tahmini okuma s\u00fcresi":"3 dakika"},"schema":{"@context":"https:\/\/schema.org","@graph":[{"@type":"Article","@id":"https:\/\/epochtimestr.com\/index.php\/ithal-urun-demokrasi#article","isPartOf":{"@id":"https:\/\/epochtimestr.com\/index.php\/ithal-urun-demokrasi"},"author":{"name":"Bekir Zorba","@id":"https:\/\/epochtimestr.com\/#\/schema\/person\/da1ad104599611965442ed3e7e9acb2b"},"headline":"\u0130thal \u00dcr\u00fcn Demokrasi","datePublished":"2026-06-23T05:30:00+00:00","dateModified":"2026-06-22T18:18:38+00:00","mainEntityOfPage":{"@id":"https:\/\/epochtimestr.com\/index.php\/ithal-urun-demokrasi"},"wordCount":636,"commentCount":0,"publisher":{"@id":"https:\/\/epochtimestr.com\/#organization"},"image":{"@id":"https:\/\/epochtimestr.com\/index.php\/ithal-urun-demokrasi#primaryimage"},"thumbnailUrl":"https:\/\/epochtimestr.com\/wp-content\/uploads\/2011y\/Bekir-Zorba.png","articleSection":["K\u00f6\u015fe Yaz\u0131lar\u0131 Bekir Zorba"],"inLanguage":"tr","potentialAction":[{"@type":"CommentAction","name":"Comment","target":["https:\/\/epochtimestr.com\/index.php\/ithal-urun-demokrasi#respond"]}]},{"@type":"WebPage","@id":"https:\/\/epochtimestr.com\/index.php\/ithal-urun-demokrasi","url":"https:\/\/epochtimestr.com\/index.php\/ithal-urun-demokrasi","name":"\u0130thal \u00dcr\u00fcn Demokrasi - The Epoch Times TR","isPartOf":{"@id":"https:\/\/epochtimestr.com\/#website"},"primaryImageOfPage":{"@id":"https:\/\/epochtimestr.com\/index.php\/ithal-urun-demokrasi#primaryimage"},"image":{"@id":"https:\/\/epochtimestr.com\/index.php\/ithal-urun-demokrasi#primaryimage"},"thumbnailUrl":"https:\/\/epochtimestr.com\/wp-content\/uploads\/2011y\/Bekir-Zorba.png","datePublished":"2026-06-23T05:30:00+00:00","dateModified":"2026-06-22T18:18:38+00:00","description":"Bir\u00e7ok \u015feyde oldu\u011fu gibi demokrasi de ithal edilmi\u015ftir. Demokrasi de di\u011fer baz\u0131 ad ve kavramlar gibi i\u00e7i doldurulmaya muhta\u00e7t\u0131r.","inLanguage":"tr","potentialAction":[{"@type":"ReadAction","target":["https:\/\/epochtimestr.com\/index.php\/ithal-urun-demokrasi"]}]},{"@type":"ImageObject","inLanguage":"tr","@id":"https:\/\/epochtimestr.com\/index.php\/ithal-urun-demokrasi#primaryimage","url":"https:\/\/epochtimestr.com\/wp-content\/uploads\/2011y\/Bekir-Zorba.png","contentUrl":"https:\/\/epochtimestr.com\/wp-content\/uploads\/2011y\/Bekir-Zorba.png","width":600,"height":600},{"@type":"WebSite","@id":"https:\/\/epochtimestr.com\/#website","url":"https:\/\/epochtimestr.com\/","name":"The Epoch Times TR","description":"De\u011fi\u015fen D\u00fcnyam\u0131za Taze Bir Bak\u0131\u015f","publisher":{"@id":"https:\/\/epochtimestr.com\/#organization"},"potentialAction":[{"@type":"SearchAction","target":{"@type":"EntryPoint","urlTemplate":"https:\/\/epochtimestr.com\/?s={search_term_string}"},"query-input":"required name=search_term_string"}],"inLanguage":"tr"},{"@type":"Organization","@id":"https:\/\/epochtimestr.com\/#organization","name":"The EpochTimes T\u00fcrkiye","url":"https:\/\/epochtimestr.com\/","logo":{"@type":"ImageObject","inLanguage":"tr","@id":"https:\/\/epochtimestr.com\/#\/schema\/logo\/image\/","url":"https:\/\/epochtimestr.com\/wp-content\/uploads\/2011y\/ET-Logo-YG.jpg","contentUrl":"https:\/\/epochtimestr.com\/wp-content\/uploads\/2011y\/ET-Logo-YG.jpg","width":346,"height":29,"caption":"The EpochTimes T\u00fcrkiye"},"image":{"@id":"https:\/\/epochtimestr.com\/#\/schema\/logo\/image\/"},"sameAs":["https:\/\/www.facebook.com\/theepochtimestr","https:\/\/x.com\/TheEpochTimesTR","https:\/\/www.instagram.com\/epochtimestr"]},{"@type":"Person","@id":"https:\/\/epochtimestr.com\/#\/schema\/person\/da1ad104599611965442ed3e7e9acb2b","name":"Bekir Zorba","image":{"@type":"ImageObject","inLanguage":"tr","@id":"https:\/\/epochtimestr.com\/#\/schema\/person\/image\/","url":"https:\/\/secure.gravatar.com\/avatar\/eafd40d9b77b1fbf7c565a3d4916b79c?s=96&d=mm&r=g","contentUrl":"https:\/\/secure.gravatar.com\/avatar\/eafd40d9b77b1fbf7c565a3d4916b79c?s=96&d=mm&r=g","caption":"Bekir Zorba"},"url":"https:\/\/epochtimestr.com\/index.php\/author\/bekir"}]}},"_links":{"self":[{"href":"https:\/\/epochtimestr.com\/index.php\/wp-json\/wp\/v2\/posts\/167971"}],"collection":[{"href":"https:\/\/epochtimestr.com\/index.php\/wp-json\/wp\/v2\/posts"}],"about":[{"href":"https:\/\/epochtimestr.com\/index.php\/wp-json\/wp\/v2\/types\/post"}],"author":[{"embeddable":true,"href":"https:\/\/epochtimestr.com\/index.php\/wp-json\/wp\/v2\/users\/14001"}],"replies":[{"embeddable":true,"href":"https:\/\/epochtimestr.com\/index.php\/wp-json\/wp\/v2\/comments?post=167971"}],"version-history":[{"count":1,"href":"https:\/\/epochtimestr.com\/index.php\/wp-json\/wp\/v2\/posts\/167971\/revisions"}],"predecessor-version":[{"id":167972,"href":"https:\/\/epochtimestr.com\/index.php\/wp-json\/wp\/v2\/posts\/167971\/revisions\/167972"}],"wp:featuredmedia":[{"embeddable":true,"href":"https:\/\/epochtimestr.com\/index.php\/wp-json\/wp\/v2\/media\/161038"}],"wp:attachment":[{"href":"https:\/\/epochtimestr.com\/index.php\/wp-json\/wp\/v2\/media?parent=167971"}],"wp:term":[{"taxonomy":"category","embeddable":true,"href":"https:\/\/epochtimestr.com\/index.php\/wp-json\/wp\/v2\/categories?post=167971"},{"taxonomy":"post_tag","embeddable":true,"href":"https:\/\/epochtimestr.com\/index.php\/wp-json\/wp\/v2\/tags?post=167971"}],"curies":[{"name":"wp","href":"https:\/\/api.w.org\/{rel}","templated":true}]}}