{"id":167975,"date":"2026-06-23T07:00:00","date_gmt":"2026-06-23T04:00:00","guid":{"rendered":"https:\/\/epochtimestr.com\/?p=167975"},"modified":"2026-06-22T21:25:09","modified_gmt":"2026-06-22T18:25:09","slug":"kapimizin-onu-ve-buyuk-resmi-gorebilmek","status":"publish","type":"post","link":"https:\/\/epochtimestr.com\/index.php\/kapimizin-onu-ve-buyuk-resmi-gorebilmek","title":{"rendered":"Kap\u0131m\u0131z\u0131n \u00d6n\u00fc ve B\u00fcy\u00fck Resmi G\u00f6rebilmek"},"content":{"rendered":"\n<p>Ge\u00e7ti\u011fimiz g\u00fcnlerde sokakta y\u00fcr\u00fcrken ihtiyar bir teyzenin, elinde s\u00fcp\u00fcrgesiyle evinin \u00f6n\u00fcndeki kald\u0131r\u0131m\u0131 titizlikle temizledi\u011fini g\u00f6rd\u00fcm. R\u00fczg\u00e2r\u0131n savurdu\u011fu birka\u00e7 kuru yapra\u011f\u0131 ve yoldan ge\u00e7enlerin f\u0131rlatt\u0131\u011f\u0131 bir sak\u0131z ambalaj\u0131n\u0131 b\u00fcy\u00fck bir \u00f6zenle \u00e7\u00f6p kutusuna g\u00f6nderiyordu. O an, \u00e7ocuklu\u011fumuzdan beri kulaklar\u0131m\u0131za k\u00fcpe olan o me\u015fhur atas\u00f6z\u00fc d\u00fc\u015ft\u00fc akl\u0131ma:&nbsp;<strong>&#8220;Herkes kendi kap\u0131s\u0131n\u0131n \u00f6n\u00fcn\u00fc s\u00fcp\u00fcr\u00fcrse, b\u00fct\u00fcn \u015fehir tertemiz olur.&#8221;<\/strong><\/p>\n\n\n\n<p>Ne kadar basit, ne kadar zahmetsiz bir form\u00fcl de\u011fil mi? Laboratuvarda geli\u015ftirilmi\u015f karma\u015f\u0131k \u00e7evre projelerine, milyon liral\u0131k b\u00fct\u00e7elere ya da devasa temizlik filolar\u0131na ihtiya\u00e7 duymayan, tamamen &#8220;insan&#8221; odakl\u0131 bir toplumsal s\u00f6zle\u015fme.<\/p>\n\n\n\n<p>Ancak modern zamanlarda bu s\u00f6z\u00fc unuttuk, daha do\u011frusu anlam\u0131n\u0131 \u00e7arp\u0131tt\u0131k.<\/p>\n\n\n\n<p><strong>Sorumlulu\u011fu Delege Etmek<\/strong><\/p>\n\n\n\n<p>Bug\u00fcn \u015fehirlerin kirlili\u011finden, parklar\u0131n bak\u0131ms\u0131zl\u0131\u011f\u0131ndan ya da sokaklar\u0131n \u00e7\u00f6p i\u00e7inde olmas\u0131ndan \u015fik\u00e2yet etmeyenimiz yok. Hakl\u0131y\u0131z da. Belediyeleri g\u00f6reve \u00e7a\u011f\u0131r\u0131r, vergilerimizin kar\u015f\u0131l\u0131\u011f\u0131n\u0131 ister, sosyal medyada foto\u011fraflar payla\u015f\u0131p hay\u0131flan\u0131r\u0131z. Elbette yerel y\u00f6netimlerin g\u00f6revlerini eksiksiz yapmas\u0131 \u015fart.<\/p>\n\n\n\n<p>Fakat madalyonun di\u011fer y\u00fcz\u00fcn\u00fc g\u00f6rmezden geliyoruz:&nbsp;<strong>Bireysel sorumluluk.<\/strong><\/p>\n\n\n\n<p>\u00c7\u00f6p\u00fc araban\u0131n cam\u0131ndan d\u0131\u015far\u0131 f\u0131rlat\u0131rken, sigara izmaritini kald\u0131r\u0131m ta\u015f\u0131na s\u0131k\u0131\u015ft\u0131r\u0131rken ya da evdeki at\u0131\u011f\u0131 \u00e7\u00f6p kutusunun yan\u0131na (i\u00e7ine de\u011fil!) b\u0131rak\u0131rken vicdan\u0131m\u0131z \u00e7ok rahat. Nas\u0131l olsa &#8220;bir temizleyen bulunur&#8221; rahatl\u0131\u011f\u0131, toplumsal bir k\u00f6rl\u00fc\u011fe d\u00f6n\u00fc\u015fm\u00fc\u015f durumda. Herkes temiz bir \u015fehir istiyor ama kimse elini o s\u00fcp\u00fcrgenin sap\u0131na uzatmaya yana\u015fm\u0131yor.<\/p>\n\n\n\n<p>&#8220;\u015eehri temizlemek yerel y\u00f6netimlerin g\u00f6revi olabilir ama \u015fehri kirletmemek do\u011frudan insan\u0131n \u00f6devidir.&#8221;<\/p>\n\n\n\n<p><strong>Kap\u0131m\u0131z\u0131n \u00d6n\u00fc Sadece Bir &#8220;Sokak&#8221; m\u0131d\u0131r?<\/strong><\/p>\n\n\n\n<p>Asl\u0131nda bu atas\u00f6z\u00fc sadece fiziksel bir temizli\u011fi anlatmaz, \u00e7ok daha derin bir toplumsal ahlaka i\u015faret eder.<\/p>\n\n\n\n<ul>\n<li><strong>\u0130\u015f hayat\u0131nda:<\/strong>\u00a0Herkes kendi g\u00f6revini lay\u0131\u011f\u0131yla, d\u00fcr\u00fcst\u00e7e ve zaman\u0131nda yaparsa koca bir sistem t\u0131k\u0131r t\u0131k\u0131r i\u015fler.<\/li>\n\n\n\n<li><strong>\u0130li\u015fkilerde:<\/strong>\u00a0Herkes \u00f6nce kendi hatas\u0131n\u0131 d\u00fczeltir, kendi \u00fcslubunu g\u00fczelle\u015ftirirse, toplumsal gerginlik son bulur.<\/li>\n\n\n\n<li><strong>Dijital d\u00fcnyada:<\/strong>\u00a0Herkes kendi klavyesinin \u00f6n\u00fcn\u00fc s\u00fcp\u00fcr\u00fcr, yalan haberi ve nefreti yaymay\u0131 b\u0131rak\u0131rsa, sosyal medya temiz bir nefes al\u0131r.<\/li>\n<\/ul>\n\n\n\n<p>Yani &#8220;kap\u0131m\u0131z\u0131n \u00f6n\u00fc&#8221;, hayata katk\u0131 sundu\u011fumuz, etki edebildi\u011fimiz o k\u00fc\u00e7\u00fcc\u00fck alan\u0131 temsil eder. Biz o alan\u0131 temiz tuttu\u011fumuzda, yan kom\u015fumuz da bizden feyz al\u0131r. Bu durum dalga dalga yay\u0131l\u0131r ve g\u00fcn\u00fcn sonunda temizlenen \u015fey sadece sokaklar de\u011fil, toplumun vicdan\u0131 olur.<\/p>\n\n\n\n<p><strong>K\u00fc\u00e7\u00fck Bir Ad\u0131m, B\u00fcy\u00fck Bir D\u00f6n\u00fc\u015f\u00fcm<\/strong><\/p>\n\n\n\n<p>De\u011fi\u015fimi hep \u00e7ok b\u00fcy\u00fck hamlelerde ar\u0131yoruz. D\u00fcnyay\u0131 kurtaracak o b\u00fcy\u00fck kahraman\u0131 beklemekten, kendi yapabilece\u011fimiz k\u00fc\u00e7\u00fck iyilikleri \u0131skal\u0131yoruz. Oysa bir \u015fehri ya\u015fanabilir k\u0131lmak, o \u015fehrin meydan\u0131na devasa an\u0131tlar dikmekle de\u011fil her bireyin bast\u0131\u011f\u0131 topra\u011fa sayg\u0131 duymas\u0131yla ba\u015flar.<\/p>\n\n\n\n<p>Gelin, bug\u00fcn bir farkl\u0131l\u0131k yapal\u0131m. \u015eik\u00e2yet etmeyi, su\u00e7u ba\u015fkalar\u0131na atmay\u0131 bir kenara b\u0131rakal\u0131m. Evimizden \u00e7\u0131karken g\u00f6z\u00fcm\u00fcze \u00e7arpan o ilk \u00e7\u00f6p\u00fc al\u0131p kutuya atal\u0131m. Kap\u0131m\u0131z\u0131n \u00f6n\u00fcn\u00fc, kap\u0131m\u0131z\u0131n \u00f6n\u00fc gibi g\u00f6ren kom\u015fular\u0131m\u0131za selam verelim.<\/p>\n\n\n\n<p>\u00c7\u00fcnk\u00fc temiz bir \u015fehir, yukar\u0131lardan bir yerden bize l\u00fctfedilecek bir mucize de\u011fil bizim kendi ellerimizle, kendi kap\u0131m\u0131z\u0131n \u00f6n\u00fcnde ba\u015flataca\u011f\u0131m\u0131z bir devrimdir.<\/p>\n","protected":false},"excerpt":{"rendered":"<p>Ge\u00e7ti\u011fimiz g\u00fcnlerde sokakta y\u00fcr\u00fcrken ihtiyar bir teyzenin, elinde s\u00fcp\u00fcrgesiyle evinin \u00f6n\u00fcndeki kald\u0131r\u0131m\u0131 titizlikle temizledi\u011fini g\u00f6rd\u00fcm. R\u00fczg\u00e2r\u0131n savurdu\u011fu birka\u00e7 kuru yapra\u011f\u0131 ve yoldan ge\u00e7enlerin f\u0131rlatt\u0131\u011f\u0131 bir sak\u0131z ambalaj\u0131n\u0131 b\u00fcy\u00fck bir \u00f6zenle \u00e7\u00f6p kutusuna g\u00f6nderiyordu. O an, \u00e7ocuklu\u011fumuzdan beri kulaklar\u0131m\u0131za k\u00fcpe olan o me\u015fhur atas\u00f6z\u00fc d\u00fc\u015ft\u00fc akl\u0131ma:&nbsp;&#8220;Herkes kendi kap\u0131s\u0131n\u0131n \u00f6n\u00fcn\u00fc s\u00fcp\u00fcr\u00fcrse, b\u00fct\u00fcn \u015fehir tertemiz olur.&#8221; Ne kadar [&hellip;]<\/p>\n","protected":false},"author":14013,"featured_media":167144,"comment_status":"open","ping_status":"open","sticky":false,"template":"","format":"standard","meta":{"_yoast_wpseo_focuskw":"kendi kap\u0131s\u0131n\u0131n \u00f6n\u00fc","_yoast_wpseo_title":"","_yoast_wpseo_metadesc":"Ge\u00e7ti\u011fimiz g\u00fcnlerde sokakta y\u00fcr\u00fcrken ihtiyar bir teyzenin, elinde s\u00fcp\u00fcrgesiyle evinin \u00f6n\u00fcndeki kald\u0131r\u0131m\u0131 titizlikle temizledi\u011fini g\u00f6rd\u00fcm.","_bbp_topic_count":0,"_bbp_reply_count":0,"_bbp_total_topic_count":0,"_bbp_total_reply_count":0,"_bbp_voice_count":0,"_bbp_anonymous_reply_count":0,"_bbp_topic_count_hidden":0,"_bbp_reply_count_hidden":0,"_bbp_forum_subforum_count":0,"footnotes":"","_yoast_wpseo_focuskw_text_input":""},"categories":[11361],"tags":[],"yoast_head":"<!-- This site is optimized with the Yoast SEO plugin v23.0 - https:\/\/yoast.com\/wordpress\/plugins\/seo\/ -->\n<title>Kap\u0131m\u0131z\u0131n \u00d6n\u00fc ve B\u00fcy\u00fck Resmi G\u00f6rebilmek - The Epoch Times TR<\/title>\n<meta name=\"description\" content=\"Ge\u00e7ti\u011fimiz g\u00fcnlerde sokakta y\u00fcr\u00fcrken ihtiyar bir teyzenin, elinde s\u00fcp\u00fcrgesiyle evinin \u00f6n\u00fcndeki kald\u0131r\u0131m\u0131 titizlikle temizledi\u011fini g\u00f6rd\u00fcm.\" \/>\n<meta name=\"robots\" content=\"index, follow, max-snippet:-1, max-image-preview:large, max-video-preview:-1\" \/>\n<link rel=\"canonical\" href=\"https:\/\/epochtimestr.com\/index.php\/kapimizin-onu-ve-buyuk-resmi-gorebilmek\" \/>\n<meta property=\"og:locale\" content=\"tr_TR\" \/>\n<meta property=\"og:type\" content=\"article\" \/>\n<meta property=\"og:title\" content=\"Kap\u0131m\u0131z\u0131n \u00d6n\u00fc ve B\u00fcy\u00fck Resmi G\u00f6rebilmek - The Epoch Times TR\" \/>\n<meta property=\"og:description\" content=\"Ge\u00e7ti\u011fimiz g\u00fcnlerde sokakta y\u00fcr\u00fcrken ihtiyar bir teyzenin, elinde s\u00fcp\u00fcrgesiyle evinin \u00f6n\u00fcndeki kald\u0131r\u0131m\u0131 titizlikle temizledi\u011fini g\u00f6rd\u00fcm.\" \/>\n<meta property=\"og:url\" content=\"https:\/\/epochtimestr.com\/index.php\/kapimizin-onu-ve-buyuk-resmi-gorebilmek\" \/>\n<meta property=\"og:site_name\" content=\"The Epoch Times TR\" \/>\n<meta property=\"article:publisher\" content=\"https:\/\/www.facebook.com\/theepochtimestr\" \/>\n<meta property=\"article:published_time\" content=\"2026-06-23T04:00:00+00:00\" \/>\n<meta property=\"article:modified_time\" content=\"2026-06-22T18:25:09+00:00\" \/>\n<meta property=\"og:image\" content=\"https:\/\/epochtimestr.com\/wp-content\/uploads\/2011y\/ali-kekliktepe-SM.jpeg\" \/>\n\t<meta property=\"og:image:width\" content=\"1200\" \/>\n\t<meta property=\"og:image:height\" content=\"630\" \/>\n\t<meta property=\"og:image:type\" content=\"image\/jpeg\" \/>\n<meta name=\"author\" content=\"Ali Kekliktepe\" \/>\n<meta name=\"twitter:card\" content=\"summary_large_image\" \/>\n<meta name=\"twitter:creator\" content=\"@TheEpochTimesTR\" \/>\n<meta name=\"twitter:site\" content=\"@TheEpochTimesTR\" \/>\n<meta name=\"twitter:label1\" content=\"Yazan:\" \/>\n\t<meta name=\"twitter:data1\" content=\"Ali Kekliktepe\" \/>\n\t<meta name=\"twitter:label2\" content=\"Tahmini okuma s\u00fcresi\" \/>\n\t<meta name=\"twitter:data2\" content=\"3 dakika\" \/>\n<script type=\"application\/ld+json\" class=\"yoast-schema-graph\">{\"@context\":\"https:\/\/schema.org\",\"@graph\":[{\"@type\":\"Article\",\"@id\":\"https:\/\/epochtimestr.com\/index.php\/kapimizin-onu-ve-buyuk-resmi-gorebilmek#article\",\"isPartOf\":{\"@id\":\"https:\/\/epochtimestr.com\/index.php\/kapimizin-onu-ve-buyuk-resmi-gorebilmek\"},\"author\":{\"name\":\"Ali Kekliktepe\",\"@id\":\"https:\/\/epochtimestr.com\/#\/schema\/person\/da94a416fed1aed029d0a47e85673b95\"},\"headline\":\"Kap\u0131m\u0131z\u0131n \u00d6n\u00fc ve B\u00fcy\u00fck Resmi G\u00f6rebilmek\",\"datePublished\":\"2026-06-23T04:00:00+00:00\",\"dateModified\":\"2026-06-22T18:25:09+00:00\",\"mainEntityOfPage\":{\"@id\":\"https:\/\/epochtimestr.com\/index.php\/kapimizin-onu-ve-buyuk-resmi-gorebilmek\"},\"wordCount\":645,\"commentCount\":0,\"publisher\":{\"@id\":\"https:\/\/epochtimestr.com\/#organization\"},\"image\":{\"@id\":\"https:\/\/epochtimestr.com\/index.php\/kapimizin-onu-ve-buyuk-resmi-gorebilmek#primaryimage\"},\"thumbnailUrl\":\"https:\/\/epochtimestr.com\/wp-content\/uploads\/2011y\/Ali-Kekliktepe.jpg\",\"articleSection\":[\"K\u00f6\u015fe Yaz\u0131lar\u0131 Ali Kekliktepe\"],\"inLanguage\":\"tr\",\"potentialAction\":[{\"@type\":\"CommentAction\",\"name\":\"Comment\",\"target\":[\"https:\/\/epochtimestr.com\/index.php\/kapimizin-onu-ve-buyuk-resmi-gorebilmek#respond\"]}]},{\"@type\":\"WebPage\",\"@id\":\"https:\/\/epochtimestr.com\/index.php\/kapimizin-onu-ve-buyuk-resmi-gorebilmek\",\"url\":\"https:\/\/epochtimestr.com\/index.php\/kapimizin-onu-ve-buyuk-resmi-gorebilmek\",\"name\":\"Kap\u0131m\u0131z\u0131n \u00d6n\u00fc ve B\u00fcy\u00fck Resmi G\u00f6rebilmek - The Epoch Times TR\",\"isPartOf\":{\"@id\":\"https:\/\/epochtimestr.com\/#website\"},\"primaryImageOfPage\":{\"@id\":\"https:\/\/epochtimestr.com\/index.php\/kapimizin-onu-ve-buyuk-resmi-gorebilmek#primaryimage\"},\"image\":{\"@id\":\"https:\/\/epochtimestr.com\/index.php\/kapimizin-onu-ve-buyuk-resmi-gorebilmek#primaryimage\"},\"thumbnailUrl\":\"https:\/\/epochtimestr.com\/wp-content\/uploads\/2011y\/Ali-Kekliktepe.jpg\",\"datePublished\":\"2026-06-23T04:00:00+00:00\",\"dateModified\":\"2026-06-22T18:25:09+00:00\",\"description\":\"Ge\u00e7ti\u011fimiz g\u00fcnlerde sokakta y\u00fcr\u00fcrken ihtiyar bir teyzenin, elinde s\u00fcp\u00fcrgesiyle evinin \u00f6n\u00fcndeki kald\u0131r\u0131m\u0131 titizlikle temizledi\u011fini g\u00f6rd\u00fcm.\",\"inLanguage\":\"tr\",\"potentialAction\":[{\"@type\":\"ReadAction\",\"target\":[\"https:\/\/epochtimestr.com\/index.php\/kapimizin-onu-ve-buyuk-resmi-gorebilmek\"]}]},{\"@type\":\"ImageObject\",\"inLanguage\":\"tr\",\"@id\":\"https:\/\/epochtimestr.com\/index.php\/kapimizin-onu-ve-buyuk-resmi-gorebilmek#primaryimage\",\"url\":\"https:\/\/epochtimestr.com\/wp-content\/uploads\/2011y\/Ali-Kekliktepe.jpg\",\"contentUrl\":\"https:\/\/epochtimestr.com\/wp-content\/uploads\/2011y\/Ali-Kekliktepe.jpg\",\"width\":600,\"height\":600},{\"@type\":\"WebSite\",\"@id\":\"https:\/\/epochtimestr.com\/#website\",\"url\":\"https:\/\/epochtimestr.com\/\",\"name\":\"The Epoch Times TR\",\"description\":\"De\u011fi\u015fen D\u00fcnyam\u0131za Taze Bir Bak\u0131\u015f\",\"publisher\":{\"@id\":\"https:\/\/epochtimestr.com\/#organization\"},\"potentialAction\":[{\"@type\":\"SearchAction\",\"target\":{\"@type\":\"EntryPoint\",\"urlTemplate\":\"https:\/\/epochtimestr.com\/?s={search_term_string}\"},\"query-input\":\"required name=search_term_string\"}],\"inLanguage\":\"tr\"},{\"@type\":\"Organization\",\"@id\":\"https:\/\/epochtimestr.com\/#organization\",\"name\":\"The EpochTimes T\u00fcrkiye\",\"url\":\"https:\/\/epochtimestr.com\/\",\"logo\":{\"@type\":\"ImageObject\",\"inLanguage\":\"tr\",\"@id\":\"https:\/\/epochtimestr.com\/#\/schema\/logo\/image\/\",\"url\":\"https:\/\/epochtimestr.com\/wp-content\/uploads\/2011y\/ET-Logo-YG.jpg\",\"contentUrl\":\"https:\/\/epochtimestr.com\/wp-content\/uploads\/2011y\/ET-Logo-YG.jpg\",\"width\":346,\"height\":29,\"caption\":\"The EpochTimes T\u00fcrkiye\"},\"image\":{\"@id\":\"https:\/\/epochtimestr.com\/#\/schema\/logo\/image\/\"},\"sameAs\":[\"https:\/\/www.facebook.com\/theepochtimestr\",\"https:\/\/x.com\/TheEpochTimesTR\",\"https:\/\/www.instagram.com\/epochtimestr\"]},{\"@type\":\"Person\",\"@id\":\"https:\/\/epochtimestr.com\/#\/schema\/person\/da94a416fed1aed029d0a47e85673b95\",\"name\":\"Ali Kekliktepe\",\"image\":{\"@type\":\"ImageObject\",\"inLanguage\":\"tr\",\"@id\":\"https:\/\/epochtimestr.com\/#\/schema\/person\/image\/\",\"url\":\"https:\/\/secure.gravatar.com\/avatar\/6c965c3fc374c8f4af759baef4f38bcd?s=96&d=mm&r=g\",\"contentUrl\":\"https:\/\/secure.gravatar.com\/avatar\/6c965c3fc374c8f4af759baef4f38bcd?s=96&d=mm&r=g\",\"caption\":\"Ali Kekliktepe\"},\"description\":\"Ben Ali Kekliktepe; hayat\u0131n\u0131 \u00f6\u011frenmeye, \u00f6\u011fretmeye ve toplumsal fayda yaratmaya adam\u0131\u015f bir yazar ve profesyonelim. Kalemi sadece ka\u011f\u0131da dokunan bir ara\u00e7 de\u011fil, toplumun aksayan y\u00f6nlerine \u015fifa olan bir enstr\u00fcman olarak g\u00f6r\u00fcyorum.\",\"sameAs\":[\"https:\/\/alikekliktepemersin33.blogspot.com\/\"],\"url\":\"https:\/\/epochtimestr.com\/index.php\/author\/ali\"}]}<\/script>\n<!-- \/ Yoast SEO plugin. -->","yoast_head_json":{"title":"Kap\u0131m\u0131z\u0131n \u00d6n\u00fc ve B\u00fcy\u00fck Resmi G\u00f6rebilmek - The Epoch Times TR","description":"Ge\u00e7ti\u011fimiz g\u00fcnlerde sokakta y\u00fcr\u00fcrken ihtiyar bir teyzenin, elinde s\u00fcp\u00fcrgesiyle evinin \u00f6n\u00fcndeki kald\u0131r\u0131m\u0131 titizlikle temizledi\u011fini g\u00f6rd\u00fcm.","robots":{"index":"index","follow":"follow","max-snippet":"max-snippet:-1","max-image-preview":"max-image-preview:large","max-video-preview":"max-video-preview:-1"},"canonical":"https:\/\/epochtimestr.com\/index.php\/kapimizin-onu-ve-buyuk-resmi-gorebilmek","og_locale":"tr_TR","og_type":"article","og_title":"Kap\u0131m\u0131z\u0131n \u00d6n\u00fc ve B\u00fcy\u00fck Resmi G\u00f6rebilmek - The Epoch Times TR","og_description":"Ge\u00e7ti\u011fimiz g\u00fcnlerde sokakta y\u00fcr\u00fcrken ihtiyar bir teyzenin, elinde s\u00fcp\u00fcrgesiyle evinin \u00f6n\u00fcndeki kald\u0131r\u0131m\u0131 titizlikle temizledi\u011fini g\u00f6rd\u00fcm.","og_url":"https:\/\/epochtimestr.com\/index.php\/kapimizin-onu-ve-buyuk-resmi-gorebilmek","og_site_name":"The Epoch Times TR","article_publisher":"https:\/\/www.facebook.com\/theepochtimestr","article_published_time":"2026-06-23T04:00:00+00:00","article_modified_time":"2026-06-22T18:25:09+00:00","og_image":[{"width":1200,"height":630,"url":"https:\/\/epochtimestr.com\/wp-content\/uploads\/2011y\/ali-kekliktepe-SM.jpeg","type":"image\/jpeg"}],"author":"Ali Kekliktepe","twitter_card":"summary_large_image","twitter_creator":"@TheEpochTimesTR","twitter_site":"@TheEpochTimesTR","twitter_misc":{"Yazan:":"Ali Kekliktepe","Tahmini okuma s\u00fcresi":"3 dakika"},"schema":{"@context":"https:\/\/schema.org","@graph":[{"@type":"Article","@id":"https:\/\/epochtimestr.com\/index.php\/kapimizin-onu-ve-buyuk-resmi-gorebilmek#article","isPartOf":{"@id":"https:\/\/epochtimestr.com\/index.php\/kapimizin-onu-ve-buyuk-resmi-gorebilmek"},"author":{"name":"Ali Kekliktepe","@id":"https:\/\/epochtimestr.com\/#\/schema\/person\/da94a416fed1aed029d0a47e85673b95"},"headline":"Kap\u0131m\u0131z\u0131n \u00d6n\u00fc ve B\u00fcy\u00fck Resmi G\u00f6rebilmek","datePublished":"2026-06-23T04:00:00+00:00","dateModified":"2026-06-22T18:25:09+00:00","mainEntityOfPage":{"@id":"https:\/\/epochtimestr.com\/index.php\/kapimizin-onu-ve-buyuk-resmi-gorebilmek"},"wordCount":645,"commentCount":0,"publisher":{"@id":"https:\/\/epochtimestr.com\/#organization"},"image":{"@id":"https:\/\/epochtimestr.com\/index.php\/kapimizin-onu-ve-buyuk-resmi-gorebilmek#primaryimage"},"thumbnailUrl":"https:\/\/epochtimestr.com\/wp-content\/uploads\/2011y\/Ali-Kekliktepe.jpg","articleSection":["K\u00f6\u015fe Yaz\u0131lar\u0131 Ali Kekliktepe"],"inLanguage":"tr","potentialAction":[{"@type":"CommentAction","name":"Comment","target":["https:\/\/epochtimestr.com\/index.php\/kapimizin-onu-ve-buyuk-resmi-gorebilmek#respond"]}]},{"@type":"WebPage","@id":"https:\/\/epochtimestr.com\/index.php\/kapimizin-onu-ve-buyuk-resmi-gorebilmek","url":"https:\/\/epochtimestr.com\/index.php\/kapimizin-onu-ve-buyuk-resmi-gorebilmek","name":"Kap\u0131m\u0131z\u0131n \u00d6n\u00fc ve B\u00fcy\u00fck Resmi G\u00f6rebilmek - The Epoch Times TR","isPartOf":{"@id":"https:\/\/epochtimestr.com\/#website"},"primaryImageOfPage":{"@id":"https:\/\/epochtimestr.com\/index.php\/kapimizin-onu-ve-buyuk-resmi-gorebilmek#primaryimage"},"image":{"@id":"https:\/\/epochtimestr.com\/index.php\/kapimizin-onu-ve-buyuk-resmi-gorebilmek#primaryimage"},"thumbnailUrl":"https:\/\/epochtimestr.com\/wp-content\/uploads\/2011y\/Ali-Kekliktepe.jpg","datePublished":"2026-06-23T04:00:00+00:00","dateModified":"2026-06-22T18:25:09+00:00","description":"Ge\u00e7ti\u011fimiz g\u00fcnlerde sokakta y\u00fcr\u00fcrken ihtiyar bir teyzenin, elinde s\u00fcp\u00fcrgesiyle evinin \u00f6n\u00fcndeki kald\u0131r\u0131m\u0131 titizlikle temizledi\u011fini g\u00f6rd\u00fcm.","inLanguage":"tr","potentialAction":[{"@type":"ReadAction","target":["https:\/\/epochtimestr.com\/index.php\/kapimizin-onu-ve-buyuk-resmi-gorebilmek"]}]},{"@type":"ImageObject","inLanguage":"tr","@id":"https:\/\/epochtimestr.com\/index.php\/kapimizin-onu-ve-buyuk-resmi-gorebilmek#primaryimage","url":"https:\/\/epochtimestr.com\/wp-content\/uploads\/2011y\/Ali-Kekliktepe.jpg","contentUrl":"https:\/\/epochtimestr.com\/wp-content\/uploads\/2011y\/Ali-Kekliktepe.jpg","width":600,"height":600},{"@type":"WebSite","@id":"https:\/\/epochtimestr.com\/#website","url":"https:\/\/epochtimestr.com\/","name":"The Epoch Times TR","description":"De\u011fi\u015fen D\u00fcnyam\u0131za Taze Bir Bak\u0131\u015f","publisher":{"@id":"https:\/\/epochtimestr.com\/#organization"},"potentialAction":[{"@type":"SearchAction","target":{"@type":"EntryPoint","urlTemplate":"https:\/\/epochtimestr.com\/?s={search_term_string}"},"query-input":"required name=search_term_string"}],"inLanguage":"tr"},{"@type":"Organization","@id":"https:\/\/epochtimestr.com\/#organization","name":"The EpochTimes T\u00fcrkiye","url":"https:\/\/epochtimestr.com\/","logo":{"@type":"ImageObject","inLanguage":"tr","@id":"https:\/\/epochtimestr.com\/#\/schema\/logo\/image\/","url":"https:\/\/epochtimestr.com\/wp-content\/uploads\/2011y\/ET-Logo-YG.jpg","contentUrl":"https:\/\/epochtimestr.com\/wp-content\/uploads\/2011y\/ET-Logo-YG.jpg","width":346,"height":29,"caption":"The EpochTimes T\u00fcrkiye"},"image":{"@id":"https:\/\/epochtimestr.com\/#\/schema\/logo\/image\/"},"sameAs":["https:\/\/www.facebook.com\/theepochtimestr","https:\/\/x.com\/TheEpochTimesTR","https:\/\/www.instagram.com\/epochtimestr"]},{"@type":"Person","@id":"https:\/\/epochtimestr.com\/#\/schema\/person\/da94a416fed1aed029d0a47e85673b95","name":"Ali Kekliktepe","image":{"@type":"ImageObject","inLanguage":"tr","@id":"https:\/\/epochtimestr.com\/#\/schema\/person\/image\/","url":"https:\/\/secure.gravatar.com\/avatar\/6c965c3fc374c8f4af759baef4f38bcd?s=96&d=mm&r=g","contentUrl":"https:\/\/secure.gravatar.com\/avatar\/6c965c3fc374c8f4af759baef4f38bcd?s=96&d=mm&r=g","caption":"Ali Kekliktepe"},"description":"Ben Ali Kekliktepe; hayat\u0131n\u0131 \u00f6\u011frenmeye, \u00f6\u011fretmeye ve toplumsal fayda yaratmaya adam\u0131\u015f bir yazar ve profesyonelim. Kalemi sadece ka\u011f\u0131da dokunan bir ara\u00e7 de\u011fil, toplumun aksayan y\u00f6nlerine \u015fifa olan bir enstr\u00fcman olarak g\u00f6r\u00fcyorum.","sameAs":["https:\/\/alikekliktepemersin33.blogspot.com\/"],"url":"https:\/\/epochtimestr.com\/index.php\/author\/ali"}]}},"_links":{"self":[{"href":"https:\/\/epochtimestr.com\/index.php\/wp-json\/wp\/v2\/posts\/167975"}],"collection":[{"href":"https:\/\/epochtimestr.com\/index.php\/wp-json\/wp\/v2\/posts"}],"about":[{"href":"https:\/\/epochtimestr.com\/index.php\/wp-json\/wp\/v2\/types\/post"}],"author":[{"embeddable":true,"href":"https:\/\/epochtimestr.com\/index.php\/wp-json\/wp\/v2\/users\/14013"}],"replies":[{"embeddable":true,"href":"https:\/\/epochtimestr.com\/index.php\/wp-json\/wp\/v2\/comments?post=167975"}],"version-history":[{"count":1,"href":"https:\/\/epochtimestr.com\/index.php\/wp-json\/wp\/v2\/posts\/167975\/revisions"}],"predecessor-version":[{"id":167976,"href":"https:\/\/epochtimestr.com\/index.php\/wp-json\/wp\/v2\/posts\/167975\/revisions\/167976"}],"wp:featuredmedia":[{"embeddable":true,"href":"https:\/\/epochtimestr.com\/index.php\/wp-json\/wp\/v2\/media\/167144"}],"wp:attachment":[{"href":"https:\/\/epochtimestr.com\/index.php\/wp-json\/wp\/v2\/media?parent=167975"}],"wp:term":[{"taxonomy":"category","embeddable":true,"href":"https:\/\/epochtimestr.com\/index.php\/wp-json\/wp\/v2\/categories?post=167975"},{"taxonomy":"post_tag","embeddable":true,"href":"https:\/\/epochtimestr.com\/index.php\/wp-json\/wp\/v2\/tags?post=167975"}],"curies":[{"name":"wp","href":"https:\/\/api.w.org\/{rel}","templated":true}]}}