{"id":167979,"date":"2026-06-23T17:59:22","date_gmt":"2026-06-23T14:59:22","guid":{"rendered":"https:\/\/epochtimestr.com\/?p=167979"},"modified":"2026-06-23T17:59:25","modified_gmt":"2026-06-23T14:59:25","slug":"kongo-demokratik-cumhuriyetinde-ebola-salgini","status":"publish","type":"post","link":"https:\/\/epochtimestr.com\/index.php\/kongo-demokratik-cumhuriyetinde-ebola-salgini","title":{"rendered":"Kongo Demokratik Cumhuriyetinde Ebola Salg\u0131n\u0131"},"content":{"rendered":"<div class=\"wp-block-image\">\n<figure class=\"aligncenter size-full\"><img loading=\"lazy\" decoding=\"async\" width=\"1200\" height=\"798\" src=\"https:\/\/epochtimestr.com\/wp-content\/uploads\/2011y\/1000040822.webp\" alt=\"Kongo Demokratik Cumhuriyeti\u2019nde Ebola salg\u0131n\u0131nda 1003 vaka ve 254 \u00f6l\u00fcm kaydedildi. Ebola nedeniyle hayat\u0131n\u0131 kaybeden bir ki\u015finin naa\u015f\u0131, 19 Haziran 2026\u2019da Kongo\u2019nun Bunia kentindeki bir mezarl\u0131kta g\u00f6revliler taraf\u0131ndan ta\u015f\u0131n\u0131yor. (Foto\u011fraf: Jospin Mwisha\/AFP via Getty Images)\" class=\"wp-image-167980\" srcset=\"https:\/\/epochtimestr.com\/wp-content\/uploads\/2011y\/1000040822.webp 1200w, https:\/\/epochtimestr.com\/wp-content\/uploads\/2011y\/1000040822-300x200.webp 300w, https:\/\/epochtimestr.com\/wp-content\/uploads\/2011y\/1000040822-150x100.webp 150w, https:\/\/epochtimestr.com\/wp-content\/uploads\/2011y\/1000040822-768x511.webp 768w\" sizes=\"(max-width: 1200px) 100vw, 1200px\" \/><figcaption class=\"wp-element-caption\">Kongo Demokratik Cumhuriyeti\u2019nde Ebola salg\u0131n\u0131nda 1003 vaka ve 254 \u00f6l\u00fcm kayda ge\u00e7ti. Ebola nedeniyle hayat\u0131n\u0131 kaybeden bir ki\u015finin naa\u015f\u0131, 19 Haziran 2026\u2019da Kongo\u2019nun Bunia kentindeki bir mezarl\u0131kta g\u00f6revliler taraf\u0131ndan ta\u015f\u0131n\u0131yor. (Foto\u011fraf: Jospin Mwisha, AFP &#8211; Getty Images, The Epoch Times arac\u0131l\u0131\u011f\u0131yla)<\/figcaption><\/figure><\/div>\n\n\n<p>21 Haziran\u2019da g\u00fcncel verilere g\u00f6re Kongo Demokratik Cumhuriyeti\u2019nde 1003 do\u011frulanm\u0131\u015f Ebola vakas\u0131 kayda ge\u00e7ti. Yetkililer bug\u00fcne kadar <a href=\"https:\/\/www.theepochtimes.com\/health\/more-than-1000-confirmed-ebola-cases-in-congo-outbreak-authorities-say-6051307\" target=\"_blank\" rel=\"noreferrer noopener\">254 ki\u015finin hayat\u0131n\u0131 kaybetti\u011fini<\/a>, vakalar\u0131n ancak y\u00fczde 10\u2019unun iyile\u015fti\u011fini bildirdi. \u015eu anda izolasyonda veya hastanede bulunan 365 hasta var. Bununla birlikte salg\u0131n yeni bir a\u015famaya girdi.<\/p>\n\n\n\n<p>Ekipler epidemiyolojik g\u00f6zetim ve m\u00fcdahaleyle birlikte temasl\u0131 takibine ve testlere devam ediyor. N\u00fcfusu yakla\u015f\u0131k 116 milyon olan \u00fclkede vakalar\u0131n yakla\u015f\u0131k y\u00fczde 90\u2019\u0131 Ituri eyaletinde. Uganda&#8217;dan, 19 vaka ve iki \u00f6l\u00fcm kaydedildi\u011fi, ancak 5 Haziran\u2019dan bu yana yeni vaka olmad\u0131\u011f\u0131 bilgisi geldi. Ba\u015fka hi\u00e7bir \u00fclke yeni vaka bildirmedi.<\/p>\n\n\n\n<p>DS\u00d6 baz\u0131 \u015f\u00fcpheli vakalar\u0131n do\u011frulanmad\u0131\u011f\u0131n\u0131 belirtti. Ayr\u0131ca uzmanlar Bundibugyo vir\u00fcs\u00fcn\u00fc etken olarak g\u00f6steriyor. \u0130lk tespit May\u0131s ay\u0131nda gecikmeli \u015fekilde yap\u0131ld\u0131\u011f\u0131 i\u00e7in erken uyar\u0131 s\u00fcreci aksad\u0131. Vir\u00fcs kan ve v\u00fccut s\u0131v\u0131lar\u0131yla bula\u015f\u0131yor. Bununla birlikte kulu\u00e7ka s\u00fcresi 2 ila 21 g\u00fcn s\u00fcr\u00fcyor. Belirtiler aras\u0131nda ate\u015f, kas a\u011fr\u0131s\u0131 ve kanama yer al\u0131yor.<\/p>\n\n\n\n<p>Sa\u011fl\u0131k \u00e7al\u0131\u015fanlar\u0131 aras\u0131nda 75 do\u011frulanm\u0131\u015f vaka bulunuyor ve bug\u00fcne kadar 17 sa\u011fl\u0131k \u00e7al\u0131\u015fan\u0131 hayat\u0131n\u0131 kaybetti. DS\u00d6 sa\u011fl\u0131k tesislerinde bula\u015f riskinin y\u00fcksek oldu\u011funu bildirdi. 2014-2016 Bat\u0131 Afrika salg\u0131n\u0131nda 28.600 ki\u015fi enfekte oldu ve 11.325 ki\u015fi hayat\u0131n\u0131 kaybetti. 2018 salg\u0131n\u0131nda <a href=\"https:\/\/epochtimestr.com\/index.php\/kongoda-ebola-salgininda-olu-sayisi-artiyor\" target=\"_blank\" rel=\"noreferrer noopener\">Kongo<\/a> ve Uganda\u2019da 3.480 vaka ve 2.299 \u00f6l\u00fcm kayda ge\u00e7ti. Her iki salg\u0131na da Zaire vir\u00fcs\u00fc neden oldu.<\/p>\n\n\n\n<p>Yetkililerin izolasyon ve tedavi \u00e7al\u0131\u015fmalar\u0131n\u0131 yo\u011funla\u015ft\u0131rmas\u0131na kar\u015f\u0131n temasl\u0131 takibi baz\u0131 b\u00f6lgelerde zorla\u015f\u0131yor. Uluslararas\u0131 kurulu\u015flar b\u00f6lgeye destek sa\u011flamay\u0131 s\u00fcrd\u00fcr\u00fcrken, erken te\u015fhis kapasitesini \u00e7abas\u0131 \u00f6n planda. \u00d6te yandan halk sa\u011fl\u0131\u011f\u0131 bilgilendirme \u00e7al\u0131\u015fmalar\u0131 da s\u00fcr\u00fcyor.<\/p>\n\n\n\n<p><\/p>\n","protected":false},"excerpt":{"rendered":"<p>21 Haziran\u2019da g\u00fcncel verilere g\u00f6re Kongo Demokratik Cumhuriyeti\u2019nde 1003 do\u011frulanm\u0131\u015f Ebola vakas\u0131 kayda ge\u00e7ti. Yetkililer bug\u00fcne kadar 254 ki\u015finin hayat\u0131n\u0131 kaybetti\u011fini, vakalar\u0131n ancak y\u00fczde 10\u2019unun iyile\u015fti\u011fini bildirdi. \u015eu anda izolasyonda veya hastanede bulunan 365 hasta var. Bununla birlikte salg\u0131n yeni bir a\u015famaya girdi. Ekipler epidemiyolojik g\u00f6zetim ve m\u00fcdahaleyle birlikte temasl\u0131 takibine ve testlere devam ediyor. [&hellip;]<\/p>\n","protected":false},"author":13996,"featured_media":167980,"comment_status":"open","ping_status":"open","sticky":false,"template":"","format":"standard","meta":{"_yoast_wpseo_focuskw":"Kongo - ebola","_yoast_wpseo_title":"","_yoast_wpseo_metadesc":"Kongo Demokratik Cumhuriyeti\u2019nde Ebola salg\u0131n\u0131nda 1003 vaka ve 254 \u00f6l\u00fcm kaydedildi. Sa\u011fl\u0131k ekipleri yay\u0131l\u0131m\u0131 kontrol alt\u0131na almaya \u00e7al\u0131\u015f\u0131yor.","_bbp_topic_count":0,"_bbp_reply_count":0,"_bbp_total_topic_count":0,"_bbp_total_reply_count":0,"_bbp_voice_count":0,"_bbp_anonymous_reply_count":0,"_bbp_topic_count_hidden":0,"_bbp_reply_count_hidden":0,"_bbp_forum_subforum_count":0,"footnotes":"","_yoast_wpseo_focuskw_text_input":""},"categories":[5,1,8138],"tags":[228,9131,11458,6078],"yoast_head":"<!-- This site is optimized with the Yoast SEO plugin v23.0 - https:\/\/yoast.com\/wordpress\/plugins\/seo\/ -->\n<title>Kongo Demokratik Cumhuriyetinde Ebola Salg\u0131n\u0131 - The Epoch Times TR<\/title>\n<meta name=\"description\" content=\"Kongo Demokratik Cumhuriyeti\u2019nde Ebola salg\u0131n\u0131nda 1003 vaka ve 254 \u00f6l\u00fcm kaydedildi. Sa\u011fl\u0131k ekipleri yay\u0131l\u0131m\u0131 kontrol alt\u0131na almaya \u00e7al\u0131\u015f\u0131yor.\" \/>\n<meta name=\"robots\" content=\"index, follow, max-snippet:-1, max-image-preview:large, max-video-preview:-1\" \/>\n<link rel=\"canonical\" href=\"https:\/\/epochtimestr.com\/index.php\/kongo-demokratik-cumhuriyetinde-ebola-salgini\" \/>\n<meta property=\"og:locale\" content=\"tr_TR\" \/>\n<meta property=\"og:type\" content=\"article\" \/>\n<meta property=\"og:title\" content=\"Kongo Demokratik Cumhuriyetinde Ebola Salg\u0131n\u0131 - The Epoch Times TR\" \/>\n<meta property=\"og:description\" content=\"Kongo Demokratik Cumhuriyeti\u2019nde Ebola salg\u0131n\u0131nda 1003 vaka ve 254 \u00f6l\u00fcm kaydedildi. Sa\u011fl\u0131k ekipleri yay\u0131l\u0131m\u0131 kontrol alt\u0131na almaya \u00e7al\u0131\u015f\u0131yor.\" \/>\n<meta property=\"og:url\" content=\"https:\/\/epochtimestr.com\/index.php\/kongo-demokratik-cumhuriyetinde-ebola-salgini\" \/>\n<meta property=\"og:site_name\" content=\"The Epoch Times TR\" \/>\n<meta property=\"article:publisher\" content=\"https:\/\/www.facebook.com\/theepochtimestr\" \/>\n<meta property=\"article:published_time\" content=\"2026-06-23T14:59:22+00:00\" \/>\n<meta property=\"article:modified_time\" content=\"2026-06-23T14:59:25+00:00\" \/>\n<meta property=\"og:image\" content=\"https:\/\/epochtimestr.com\/wp-content\/uploads\/2011y\/1000040822.webp\" \/>\n\t<meta property=\"og:image:width\" content=\"1200\" \/>\n\t<meta property=\"og:image:height\" content=\"798\" \/>\n\t<meta property=\"og:image:type\" content=\"image\/webp\" \/>\n<meta name=\"author\" content=\"Leo Bajelan\" \/>\n<meta name=\"twitter:card\" content=\"summary_large_image\" \/>\n<meta name=\"twitter:creator\" content=\"@TheEpochTimesTR\" \/>\n<meta name=\"twitter:site\" content=\"@TheEpochTimesTR\" \/>\n<meta name=\"twitter:label1\" content=\"Yazan:\" \/>\n\t<meta name=\"twitter:data1\" content=\"Leo Bajelan\" \/>\n\t<meta name=\"twitter:label2\" content=\"Tahmini okuma s\u00fcresi\" \/>\n\t<meta name=\"twitter:data2\" content=\"3 dakika\" \/>\n<script type=\"application\/ld+json\" class=\"yoast-schema-graph\">{\"@context\":\"https:\/\/schema.org\",\"@graph\":[{\"@type\":\"Article\",\"@id\":\"https:\/\/epochtimestr.com\/index.php\/kongo-demokratik-cumhuriyetinde-ebola-salgini#article\",\"isPartOf\":{\"@id\":\"https:\/\/epochtimestr.com\/index.php\/kongo-demokratik-cumhuriyetinde-ebola-salgini\"},\"author\":{\"name\":\"Leo Bajelan\",\"@id\":\"https:\/\/epochtimestr.com\/#\/schema\/person\/5fef218711d76d8f232b0e1f1d7e4c0d\"},\"headline\":\"Kongo Demokratik Cumhuriyetinde Ebola Salg\u0131n\u0131\",\"datePublished\":\"2026-06-23T14:59:22+00:00\",\"dateModified\":\"2026-06-23T14:59:25+00:00\",\"mainEntityOfPage\":{\"@id\":\"https:\/\/epochtimestr.com\/index.php\/kongo-demokratik-cumhuriyetinde-ebola-salgini\"},\"wordCount\":371,\"commentCount\":0,\"publisher\":{\"@id\":\"https:\/\/epochtimestr.com\/#organization\"},\"image\":{\"@id\":\"https:\/\/epochtimestr.com\/index.php\/kongo-demokratik-cumhuriyetinde-ebola-salgini#primaryimage\"},\"thumbnailUrl\":\"https:\/\/epochtimestr.com\/wp-content\/uploads\/2011y\/1000040822.webp\",\"keywords\":[\"Afrika\",\"Demokratik Kongo Cumhuriyeti\",\"Ebola salg\u0131n\u0131\",\"\u00f6l\u00fc say\u0131s\u0131\"],\"articleSection\":[\"D\u00dcNYA\",\"G\u00dcNDEM\",\"MAN\u015eET\"],\"inLanguage\":\"tr\",\"potentialAction\":[{\"@type\":\"CommentAction\",\"name\":\"Comment\",\"target\":[\"https:\/\/epochtimestr.com\/index.php\/kongo-demokratik-cumhuriyetinde-ebola-salgini#respond\"]}]},{\"@type\":\"WebPage\",\"@id\":\"https:\/\/epochtimestr.com\/index.php\/kongo-demokratik-cumhuriyetinde-ebola-salgini\",\"url\":\"https:\/\/epochtimestr.com\/index.php\/kongo-demokratik-cumhuriyetinde-ebola-salgini\",\"name\":\"Kongo Demokratik Cumhuriyetinde Ebola Salg\u0131n\u0131 - The Epoch Times TR\",\"isPartOf\":{\"@id\":\"https:\/\/epochtimestr.com\/#website\"},\"primaryImageOfPage\":{\"@id\":\"https:\/\/epochtimestr.com\/index.php\/kongo-demokratik-cumhuriyetinde-ebola-salgini#primaryimage\"},\"image\":{\"@id\":\"https:\/\/epochtimestr.com\/index.php\/kongo-demokratik-cumhuriyetinde-ebola-salgini#primaryimage\"},\"thumbnailUrl\":\"https:\/\/epochtimestr.com\/wp-content\/uploads\/2011y\/1000040822.webp\",\"datePublished\":\"2026-06-23T14:59:22+00:00\",\"dateModified\":\"2026-06-23T14:59:25+00:00\",\"description\":\"Kongo Demokratik Cumhuriyeti\u2019nde Ebola salg\u0131n\u0131nda 1003 vaka ve 254 \u00f6l\u00fcm kaydedildi. Sa\u011fl\u0131k ekipleri yay\u0131l\u0131m\u0131 kontrol alt\u0131na almaya \u00e7al\u0131\u015f\u0131yor.\",\"inLanguage\":\"tr\",\"potentialAction\":[{\"@type\":\"ReadAction\",\"target\":[\"https:\/\/epochtimestr.com\/index.php\/kongo-demokratik-cumhuriyetinde-ebola-salgini\"]}]},{\"@type\":\"ImageObject\",\"inLanguage\":\"tr\",\"@id\":\"https:\/\/epochtimestr.com\/index.php\/kongo-demokratik-cumhuriyetinde-ebola-salgini#primaryimage\",\"url\":\"https:\/\/epochtimestr.com\/wp-content\/uploads\/2011y\/1000040822.webp\",\"contentUrl\":\"https:\/\/epochtimestr.com\/wp-content\/uploads\/2011y\/1000040822.webp\",\"width\":1200,\"height\":798},{\"@type\":\"WebSite\",\"@id\":\"https:\/\/epochtimestr.com\/#website\",\"url\":\"https:\/\/epochtimestr.com\/\",\"name\":\"The Epoch Times TR\",\"description\":\"De\u011fi\u015fen D\u00fcnyam\u0131za Taze Bir Bak\u0131\u015f\",\"publisher\":{\"@id\":\"https:\/\/epochtimestr.com\/#organization\"},\"potentialAction\":[{\"@type\":\"SearchAction\",\"target\":{\"@type\":\"EntryPoint\",\"urlTemplate\":\"https:\/\/epochtimestr.com\/?s={search_term_string}\"},\"query-input\":\"required name=search_term_string\"}],\"inLanguage\":\"tr\"},{\"@type\":\"Organization\",\"@id\":\"https:\/\/epochtimestr.com\/#organization\",\"name\":\"The EpochTimes T\u00fcrkiye\",\"url\":\"https:\/\/epochtimestr.com\/\",\"logo\":{\"@type\":\"ImageObject\",\"inLanguage\":\"tr\",\"@id\":\"https:\/\/epochtimestr.com\/#\/schema\/logo\/image\/\",\"url\":\"https:\/\/epochtimestr.com\/wp-content\/uploads\/2011y\/ET-Logo-YG.jpg\",\"contentUrl\":\"https:\/\/epochtimestr.com\/wp-content\/uploads\/2011y\/ET-Logo-YG.jpg\",\"width\":346,\"height\":29,\"caption\":\"The EpochTimes T\u00fcrkiye\"},\"image\":{\"@id\":\"https:\/\/epochtimestr.com\/#\/schema\/logo\/image\/\"},\"sameAs\":[\"https:\/\/www.facebook.com\/theepochtimestr\",\"https:\/\/x.com\/TheEpochTimesTR\",\"https:\/\/www.instagram.com\/epochtimestr\"]},{\"@type\":\"Person\",\"@id\":\"https:\/\/epochtimestr.com\/#\/schema\/person\/5fef218711d76d8f232b0e1f1d7e4c0d\",\"name\":\"Leo Bajelan\",\"image\":{\"@type\":\"ImageObject\",\"inLanguage\":\"tr\",\"@id\":\"https:\/\/epochtimestr.com\/#\/schema\/person\/image\/\",\"url\":\"https:\/\/secure.gravatar.com\/avatar\/917669146f489549e548a2e9af272df5?s=96&d=mm&r=g\",\"contentUrl\":\"https:\/\/secure.gravatar.com\/avatar\/917669146f489549e548a2e9af272df5?s=96&d=mm&r=g\",\"caption\":\"Leo Bajelan\"},\"url\":\"https:\/\/epochtimestr.com\/index.php\/author\/leo\"}]}<\/script>\n<!-- \/ Yoast SEO plugin. -->","yoast_head_json":{"title":"Kongo Demokratik Cumhuriyetinde Ebola Salg\u0131n\u0131 - The Epoch Times TR","description":"Kongo Demokratik Cumhuriyeti\u2019nde Ebola salg\u0131n\u0131nda 1003 vaka ve 254 \u00f6l\u00fcm kaydedildi. Sa\u011fl\u0131k ekipleri yay\u0131l\u0131m\u0131 kontrol alt\u0131na almaya \u00e7al\u0131\u015f\u0131yor.","robots":{"index":"index","follow":"follow","max-snippet":"max-snippet:-1","max-image-preview":"max-image-preview:large","max-video-preview":"max-video-preview:-1"},"canonical":"https:\/\/epochtimestr.com\/index.php\/kongo-demokratik-cumhuriyetinde-ebola-salgini","og_locale":"tr_TR","og_type":"article","og_title":"Kongo Demokratik Cumhuriyetinde Ebola Salg\u0131n\u0131 - The Epoch Times TR","og_description":"Kongo Demokratik Cumhuriyeti\u2019nde Ebola salg\u0131n\u0131nda 1003 vaka ve 254 \u00f6l\u00fcm kaydedildi. Sa\u011fl\u0131k ekipleri yay\u0131l\u0131m\u0131 kontrol alt\u0131na almaya \u00e7al\u0131\u015f\u0131yor.","og_url":"https:\/\/epochtimestr.com\/index.php\/kongo-demokratik-cumhuriyetinde-ebola-salgini","og_site_name":"The Epoch Times TR","article_publisher":"https:\/\/www.facebook.com\/theepochtimestr","article_published_time":"2026-06-23T14:59:22+00:00","article_modified_time":"2026-06-23T14:59:25+00:00","og_image":[{"width":1200,"height":798,"url":"https:\/\/epochtimestr.com\/wp-content\/uploads\/2011y\/1000040822.webp","type":"image\/webp"}],"author":"Leo Bajelan","twitter_card":"summary_large_image","twitter_creator":"@TheEpochTimesTR","twitter_site":"@TheEpochTimesTR","twitter_misc":{"Yazan:":"Leo Bajelan","Tahmini okuma s\u00fcresi":"3 dakika"},"schema":{"@context":"https:\/\/schema.org","@graph":[{"@type":"Article","@id":"https:\/\/epochtimestr.com\/index.php\/kongo-demokratik-cumhuriyetinde-ebola-salgini#article","isPartOf":{"@id":"https:\/\/epochtimestr.com\/index.php\/kongo-demokratik-cumhuriyetinde-ebola-salgini"},"author":{"name":"Leo Bajelan","@id":"https:\/\/epochtimestr.com\/#\/schema\/person\/5fef218711d76d8f232b0e1f1d7e4c0d"},"headline":"Kongo Demokratik Cumhuriyetinde Ebola Salg\u0131n\u0131","datePublished":"2026-06-23T14:59:22+00:00","dateModified":"2026-06-23T14:59:25+00:00","mainEntityOfPage":{"@id":"https:\/\/epochtimestr.com\/index.php\/kongo-demokratik-cumhuriyetinde-ebola-salgini"},"wordCount":371,"commentCount":0,"publisher":{"@id":"https:\/\/epochtimestr.com\/#organization"},"image":{"@id":"https:\/\/epochtimestr.com\/index.php\/kongo-demokratik-cumhuriyetinde-ebola-salgini#primaryimage"},"thumbnailUrl":"https:\/\/epochtimestr.com\/wp-content\/uploads\/2011y\/1000040822.webp","keywords":["Afrika","Demokratik Kongo Cumhuriyeti","Ebola salg\u0131n\u0131","\u00f6l\u00fc say\u0131s\u0131"],"articleSection":["D\u00dcNYA","G\u00dcNDEM","MAN\u015eET"],"inLanguage":"tr","potentialAction":[{"@type":"CommentAction","name":"Comment","target":["https:\/\/epochtimestr.com\/index.php\/kongo-demokratik-cumhuriyetinde-ebola-salgini#respond"]}]},{"@type":"WebPage","@id":"https:\/\/epochtimestr.com\/index.php\/kongo-demokratik-cumhuriyetinde-ebola-salgini","url":"https:\/\/epochtimestr.com\/index.php\/kongo-demokratik-cumhuriyetinde-ebola-salgini","name":"Kongo Demokratik Cumhuriyetinde Ebola Salg\u0131n\u0131 - The Epoch Times TR","isPartOf":{"@id":"https:\/\/epochtimestr.com\/#website"},"primaryImageOfPage":{"@id":"https:\/\/epochtimestr.com\/index.php\/kongo-demokratik-cumhuriyetinde-ebola-salgini#primaryimage"},"image":{"@id":"https:\/\/epochtimestr.com\/index.php\/kongo-demokratik-cumhuriyetinde-ebola-salgini#primaryimage"},"thumbnailUrl":"https:\/\/epochtimestr.com\/wp-content\/uploads\/2011y\/1000040822.webp","datePublished":"2026-06-23T14:59:22+00:00","dateModified":"2026-06-23T14:59:25+00:00","description":"Kongo Demokratik Cumhuriyeti\u2019nde Ebola salg\u0131n\u0131nda 1003 vaka ve 254 \u00f6l\u00fcm kaydedildi. Sa\u011fl\u0131k ekipleri yay\u0131l\u0131m\u0131 kontrol alt\u0131na almaya \u00e7al\u0131\u015f\u0131yor.","inLanguage":"tr","potentialAction":[{"@type":"ReadAction","target":["https:\/\/epochtimestr.com\/index.php\/kongo-demokratik-cumhuriyetinde-ebola-salgini"]}]},{"@type":"ImageObject","inLanguage":"tr","@id":"https:\/\/epochtimestr.com\/index.php\/kongo-demokratik-cumhuriyetinde-ebola-salgini#primaryimage","url":"https:\/\/epochtimestr.com\/wp-content\/uploads\/2011y\/1000040822.webp","contentUrl":"https:\/\/epochtimestr.com\/wp-content\/uploads\/2011y\/1000040822.webp","width":1200,"height":798},{"@type":"WebSite","@id":"https:\/\/epochtimestr.com\/#website","url":"https:\/\/epochtimestr.com\/","name":"The Epoch Times TR","description":"De\u011fi\u015fen D\u00fcnyam\u0131za Taze Bir Bak\u0131\u015f","publisher":{"@id":"https:\/\/epochtimestr.com\/#organization"},"potentialAction":[{"@type":"SearchAction","target":{"@type":"EntryPoint","urlTemplate":"https:\/\/epochtimestr.com\/?s={search_term_string}"},"query-input":"required name=search_term_string"}],"inLanguage":"tr"},{"@type":"Organization","@id":"https:\/\/epochtimestr.com\/#organization","name":"The EpochTimes T\u00fcrkiye","url":"https:\/\/epochtimestr.com\/","logo":{"@type":"ImageObject","inLanguage":"tr","@id":"https:\/\/epochtimestr.com\/#\/schema\/logo\/image\/","url":"https:\/\/epochtimestr.com\/wp-content\/uploads\/2011y\/ET-Logo-YG.jpg","contentUrl":"https:\/\/epochtimestr.com\/wp-content\/uploads\/2011y\/ET-Logo-YG.jpg","width":346,"height":29,"caption":"The EpochTimes T\u00fcrkiye"},"image":{"@id":"https:\/\/epochtimestr.com\/#\/schema\/logo\/image\/"},"sameAs":["https:\/\/www.facebook.com\/theepochtimestr","https:\/\/x.com\/TheEpochTimesTR","https:\/\/www.instagram.com\/epochtimestr"]},{"@type":"Person","@id":"https:\/\/epochtimestr.com\/#\/schema\/person\/5fef218711d76d8f232b0e1f1d7e4c0d","name":"Leo Bajelan","image":{"@type":"ImageObject","inLanguage":"tr","@id":"https:\/\/epochtimestr.com\/#\/schema\/person\/image\/","url":"https:\/\/secure.gravatar.com\/avatar\/917669146f489549e548a2e9af272df5?s=96&d=mm&r=g","contentUrl":"https:\/\/secure.gravatar.com\/avatar\/917669146f489549e548a2e9af272df5?s=96&d=mm&r=g","caption":"Leo Bajelan"},"url":"https:\/\/epochtimestr.com\/index.php\/author\/leo"}]}},"_links":{"self":[{"href":"https:\/\/epochtimestr.com\/index.php\/wp-json\/wp\/v2\/posts\/167979"}],"collection":[{"href":"https:\/\/epochtimestr.com\/index.php\/wp-json\/wp\/v2\/posts"}],"about":[{"href":"https:\/\/epochtimestr.com\/index.php\/wp-json\/wp\/v2\/types\/post"}],"author":[{"embeddable":true,"href":"https:\/\/epochtimestr.com\/index.php\/wp-json\/wp\/v2\/users\/13996"}],"replies":[{"embeddable":true,"href":"https:\/\/epochtimestr.com\/index.php\/wp-json\/wp\/v2\/comments?post=167979"}],"version-history":[{"count":2,"href":"https:\/\/epochtimestr.com\/index.php\/wp-json\/wp\/v2\/posts\/167979\/revisions"}],"predecessor-version":[{"id":167989,"href":"https:\/\/epochtimestr.com\/index.php\/wp-json\/wp\/v2\/posts\/167979\/revisions\/167989"}],"wp:featuredmedia":[{"embeddable":true,"href":"https:\/\/epochtimestr.com\/index.php\/wp-json\/wp\/v2\/media\/167980"}],"wp:attachment":[{"href":"https:\/\/epochtimestr.com\/index.php\/wp-json\/wp\/v2\/media?parent=167979"}],"wp:term":[{"taxonomy":"category","embeddable":true,"href":"https:\/\/epochtimestr.com\/index.php\/wp-json\/wp\/v2\/categories?post=167979"},{"taxonomy":"post_tag","embeddable":true,"href":"https:\/\/epochtimestr.com\/index.php\/wp-json\/wp\/v2\/tags?post=167979"}],"curies":[{"name":"wp","href":"https:\/\/api.w.org\/{rel}","templated":true}]}}