{"id":168013,"date":"2026-06-25T08:54:48","date_gmt":"2026-06-25T05:54:48","guid":{"rendered":"https:\/\/epochtimestr.com\/?p=168013"},"modified":"2026-06-25T08:54:49","modified_gmt":"2026-06-25T05:54:49","slug":"gunesin-ve-lezzetin-cografyasi-adanayi-anlamak","status":"publish","type":"post","link":"https:\/\/epochtimestr.com\/index.php\/gunesin-ve-lezzetin-cografyasi-adanayi-anlamak","title":{"rendered":"G\u00fcne\u015fin ve Lezzetin Co\u011frafyas\u0131: Adana\u2019y\u0131 Anlamak"},"content":{"rendered":"\n<p>Baz\u0131 \u015fehirler vard\u0131r, haritadaki yerini yaln\u0131zca co\u011frafya \u00f6\u011fretmenleri ya da o \u015fehirde do\u011fanlar bilir. Baz\u0131 \u015fehirler de vard\u0131r ki, ad\u0131n\u0131 duydu\u011funuz an burnunuza ocak ba\u015f\u0131ndan y\u00fckselen o tan\u0131d\u0131k koku gelir, teninizde o me\u015fhur Akdeniz s\u0131ca\u011f\u0131n\u0131 hissedersiniz. Adana, i\u015fte o ikinci gruptaki \u015fehirlerin \u015fah\u0131d\u0131r. Kendine has karakteri, taklit edilemez enerjisi ve hayata kar\u015f\u0131 sergiledi\u011fi o &#8220;bize her yer Adana&#8221; duru\u015fuyla, T\u00fcrkiye\u2019nin en nevi \u015fahs\u0131na m\u00fcnhas\u0131r co\u011frafyas\u0131d\u0131r.<\/p>\n\n\n\n<p>Peki, Adana\u2019y\u0131 ger\u00e7ekten etkili ve benzersiz k\u0131lan \u015fey nedir? Sadece kebab\u0131 m\u0131, yoksa Seyhan\u2019\u0131n sular\u0131 gibi deli dolu akan insan\u0131 m\u0131?<\/p>\n\n\n\n<h3 class=\"wp-block-heading\">Bir Lezzet K\u00fclt\u00fcr\u00fcn\u00fcn \u00c7ok \u00d6tesi<\/h3>\n\n\n\n<p>Adana denince akla ilk olarak mutfa\u011f\u0131n gelmesi bir tesad\u00fcf de\u011fil, hakk\u0131n teslim edilmesidir. Ancak buradaki gastronomi, sadece mideyi doyurmakla ilgili bir eylem de\u011fildir; bir rit\u00fceldir, bir ya\u015fam felsefesidir.<\/p>\n\n\n\n<p><strong>Z\u0131rh\u0131n ve Ate\u015fin Uyumu: <\/strong>Ger\u00e7ek bir Adana kebab\u0131, sadece k\u0131ymadan ibaret de\u011fildir. \u0130\u00e7ine sevgi, ustal\u0131k ve y\u00fczy\u0131llar\u0131n birikimi kat\u0131l\u0131r.<\/p>\n\n\n\n<p><strong>Payla\u015fma K\u00fclt\u00fcr\u00fc: <\/strong>O masaya oturdu\u011funuzda \u00f6n\u00fcn\u00fcze y\u0131\u011f\u0131lan ye\u015fillikler, ezmeler, salatalar sipari\u015f edilmez; Adana\u2019n\u0131n c\u00f6mertli\u011finin bir ni\u015fanesi olarak ikram edilir.<\/p>\n\n\n\n<p>Adana\u2019da yemek yemek, insanlar\u0131 bir araya getiren, dertleri unutturan toplumsal bir rehabilitasyon s\u00fcrecidir.<\/p>\n\n\n\n<h3 class=\"wp-block-heading\">S\u0131ca\u011f\u0131ndan Sanat Dev\u015firen \u015eehir<\/h3>\n\n\n\n<p>Adana\u2019n\u0131n g\u00fcne\u015fi me\u015fhurdur, evet. Yaz\u0131n g\u00f6lgede bile insan\u0131 \u00e7arpan o muazzam s\u0131cakl\u0131k, bu \u015fehrin insan\u0131n\u0131n kan\u0131na da sirayet etmi\u015ftir. Ama o hararet, Adana\u2019da kavgaya de\u011fil, sanata ve edebiyata d\u00f6n\u00fc\u015f\u00fcr.<\/p>\n\n\n\n<p>&#8220;Adana, bereketli topraklar\u0131n, ba\u015fkald\u0131r\u0131n\u0131n ve sonsuz bir yarat\u0131c\u0131l\u0131\u011f\u0131n merkezidir.&#8221;<\/p>\n\n\n\n<p>Ya\u015far Kemal\u2019in \u00c7ukurova\u2019y\u0131 anlatan o devasa k\u00fclliyat\u0131, Y\u0131lmaz G\u00fcney\u2019in sinemadaki o gururlu duru\u015fu, Orhan Kemal\u2019in ekmek kavgas\u0131n\u0131 anlatan yal\u0131n kalemi, tesad\u00fcfen bu topraklardan \u00e7\u0131kmam\u0131\u015ft\u0131r. Adana topra\u011f\u0131 ne kadar bereketliyse, insan\u0131n\u0131n hayal g\u00fcc\u00fc ve sanatsal damar\u0131 da o kadar verimlidir. Bu \u015fehir, s\u0131ca\u011f\u0131n ba\u011fr\u0131ndan bir k\u00fclt\u00fcr vadisi yaratmay\u0131 ba\u015farm\u0131\u015ft\u0131r.<\/p>\n\n\n\n<h3 class=\"wp-block-heading\">&#8220;Adanal\u0131l\u0131k&#8221; Bir M\u00fcessesedir<\/h3>\n\n\n\n<p>Adana\u2019y\u0131 d\u0131\u015far\u0131dan izleyenler bazen \u015fa\u015fk\u0131nl\u0131kla, bazen tebess\u00fcmle bakar buraya. G\u00fcne\u015fe ate\u015f edenler, adliye \u00f6n\u00fcnde d\u00fcnyay\u0131 kurtaranlar, ne\u015fesi de \u00f6fkesi de samimi olan insanlar\u2026<\/p>\n\n\n\n<p>Burada yapmac\u0131kl\u0131\u011fa yer yoktur. Adana insan\u0131, i\u00e7i neyse d\u0131\u015f\u0131 o olan, haks\u0131zl\u0131\u011fa gelemeyen ama dostunun sofras\u0131na ba\u015f k\u00f6\u015feyi ay\u0131ran bir karaktere sahiptir. &#8220;Adanal\u0131 olmak&#8221; bir co\u011frafi kimlikten ziyade bir ruh halidir; hayata kar\u015f\u0131 dik durmak, samimiyeti her \u015feyin \u00f6n\u00fcne koymakt\u0131r.<\/p>\n\n\n\n<h3 class=\"wp-block-heading\">\u00c7ukurova\u2019n\u0131n Kalbine Dokunmak<\/h3>\n\n\n\n<p>Bug\u00fcn Adana, modernle\u015fen d\u00fcnyan\u0131n i\u00e7inde o eski, s\u0131cak ve samimi ruhunu korumaya \u00e7al\u0131\u015fan bir kale gibi. Tarihi Ta\u015f K\u00f6pr\u00fc\u2019n\u00fcn \u00fczerinden Seyhan Nehri\u2019ne bakarken, bir yanda y\u00fckselen modern binalar\u0131, di\u011fer yanda ise bin y\u0131ll\u0131k bir gelene\u011fin kokusunu al\u0131rs\u0131n\u0131z.<\/p>\n\n\n\n<p>Adana\u2019y\u0131 sadece bir \u015fehir olarak g\u00f6rmek ona haks\u0131zl\u0131k olur. Adana lezzettir, sanatt\u0131r, s\u0131cakl\u0131kt\u0131r ve en \u00f6nemlisi bu \u00fclkenin en samimi, en renkli hik\u00e2yesidir. Yolunuz d\u00fc\u015ferse sadece kebab\u0131n\u0131 yemeyin, bir kahvesini i\u00e7in, insan\u0131yla laflay\u0131n. G\u00f6receksiniz ki \u00c7ukurova\u2019n\u0131n o s\u0131cak g\u00fcne\u015fi sadece teninizi de\u011fil, ruhunuzu da \u0131s\u0131tacak.<\/p>\n","protected":false},"excerpt":{"rendered":"<p>Baz\u0131 \u015fehirler vard\u0131r, haritadaki yerini yaln\u0131zca co\u011frafya \u00f6\u011fretmenleri ya da o \u015fehirde do\u011fanlar bilir. Baz\u0131 \u015fehirler de vard\u0131r ki, ad\u0131n\u0131 duydu\u011funuz an burnunuza ocak ba\u015f\u0131ndan y\u00fckselen o tan\u0131d\u0131k koku gelir, teninizde o me\u015fhur Akdeniz s\u0131ca\u011f\u0131n\u0131 hissedersiniz. Adana, i\u015fte o ikinci gruptaki \u015fehirlerin \u015fah\u0131d\u0131r. Kendine has karakteri, taklit edilemez enerjisi ve hayata kar\u015f\u0131 sergiledi\u011fi o &#8220;bize [&hellip;]<\/p>\n","protected":false},"author":14013,"featured_media":167144,"comment_status":"open","ping_status":"open","sticky":false,"template":"","format":"standard","meta":{"_yoast_wpseo_focuskw":"Adana","_yoast_wpseo_title":"","_yoast_wpseo_metadesc":"Adana\u2019y\u0131 ger\u00e7ekten etkili ve benzersiz k\u0131lan \u015fey nedir? Sadece kebab\u0131 m\u0131, yoksa Seyhan\u2019\u0131n sular\u0131 gibi deli dolu akan insan\u0131 m\u0131?","_bbp_topic_count":0,"_bbp_reply_count":0,"_bbp_total_topic_count":0,"_bbp_total_reply_count":0,"_bbp_voice_count":0,"_bbp_anonymous_reply_count":0,"_bbp_topic_count_hidden":0,"_bbp_reply_count_hidden":0,"_bbp_forum_subforum_count":0,"footnotes":"","_yoast_wpseo_focuskw_text_input":""},"categories":[11361],"tags":[],"yoast_head":"<!-- This site is optimized with the Yoast SEO plugin v23.0 - https:\/\/yoast.com\/wordpress\/plugins\/seo\/ -->\n<title>G\u00fcne\u015fin ve Lezzetin Co\u011frafyas\u0131: Adana\u2019y\u0131 Anlamak - The Epoch Times TR<\/title>\n<meta name=\"description\" content=\"Adana\u2019y\u0131 ger\u00e7ekten etkili ve benzersiz k\u0131lan \u015fey nedir? Sadece kebab\u0131 m\u0131, yoksa Seyhan\u2019\u0131n sular\u0131 gibi deli dolu akan insan\u0131 m\u0131?\" \/>\n<meta name=\"robots\" content=\"index, follow, max-snippet:-1, max-image-preview:large, max-video-preview:-1\" \/>\n<link rel=\"canonical\" href=\"https:\/\/epochtimestr.com\/index.php\/gunesin-ve-lezzetin-cografyasi-adanayi-anlamak\" \/>\n<meta property=\"og:locale\" content=\"tr_TR\" \/>\n<meta property=\"og:type\" content=\"article\" \/>\n<meta property=\"og:title\" content=\"G\u00fcne\u015fin ve Lezzetin Co\u011frafyas\u0131: Adana\u2019y\u0131 Anlamak - The Epoch Times TR\" \/>\n<meta property=\"og:description\" content=\"Adana\u2019y\u0131 ger\u00e7ekten etkili ve benzersiz k\u0131lan \u015fey nedir? Sadece kebab\u0131 m\u0131, yoksa Seyhan\u2019\u0131n sular\u0131 gibi deli dolu akan insan\u0131 m\u0131?\" \/>\n<meta property=\"og:url\" content=\"https:\/\/epochtimestr.com\/index.php\/gunesin-ve-lezzetin-cografyasi-adanayi-anlamak\" \/>\n<meta property=\"og:site_name\" content=\"The Epoch Times TR\" \/>\n<meta property=\"article:publisher\" content=\"https:\/\/www.facebook.com\/theepochtimestr\" \/>\n<meta property=\"article:published_time\" content=\"2026-06-25T05:54:48+00:00\" \/>\n<meta property=\"article:modified_time\" content=\"2026-06-25T05:54:49+00:00\" \/>\n<meta property=\"og:image\" content=\"https:\/\/epochtimestr.com\/wp-content\/uploads\/2011y\/ali-kekliktepe-SM.jpeg\" \/>\n\t<meta property=\"og:image:width\" content=\"1200\" \/>\n\t<meta property=\"og:image:height\" content=\"630\" \/>\n\t<meta property=\"og:image:type\" content=\"image\/jpeg\" \/>\n<meta name=\"author\" content=\"Ali Kekliktepe\" \/>\n<meta name=\"twitter:card\" content=\"summary_large_image\" \/>\n<meta name=\"twitter:creator\" content=\"@TheEpochTimesTR\" \/>\n<meta name=\"twitter:site\" content=\"@TheEpochTimesTR\" \/>\n<meta name=\"twitter:label1\" content=\"Yazan:\" \/>\n\t<meta name=\"twitter:data1\" content=\"Ali Kekliktepe\" \/>\n\t<meta name=\"twitter:label2\" content=\"Tahmini okuma s\u00fcresi\" \/>\n\t<meta name=\"twitter:data2\" content=\"3 dakika\" \/>\n<script type=\"application\/ld+json\" class=\"yoast-schema-graph\">{\"@context\":\"https:\/\/schema.org\",\"@graph\":[{\"@type\":\"Article\",\"@id\":\"https:\/\/epochtimestr.com\/index.php\/gunesin-ve-lezzetin-cografyasi-adanayi-anlamak#article\",\"isPartOf\":{\"@id\":\"https:\/\/epochtimestr.com\/index.php\/gunesin-ve-lezzetin-cografyasi-adanayi-anlamak\"},\"author\":{\"name\":\"Ali Kekliktepe\",\"@id\":\"https:\/\/epochtimestr.com\/#\/schema\/person\/da94a416fed1aed029d0a47e85673b95\"},\"headline\":\"G\u00fcne\u015fin ve Lezzetin Co\u011frafyas\u0131: Adana\u2019y\u0131 Anlamak\",\"datePublished\":\"2026-06-25T05:54:48+00:00\",\"dateModified\":\"2026-06-25T05:54:49+00:00\",\"mainEntityOfPage\":{\"@id\":\"https:\/\/epochtimestr.com\/index.php\/gunesin-ve-lezzetin-cografyasi-adanayi-anlamak\"},\"wordCount\":613,\"commentCount\":0,\"publisher\":{\"@id\":\"https:\/\/epochtimestr.com\/#organization\"},\"image\":{\"@id\":\"https:\/\/epochtimestr.com\/index.php\/gunesin-ve-lezzetin-cografyasi-adanayi-anlamak#primaryimage\"},\"thumbnailUrl\":\"https:\/\/epochtimestr.com\/wp-content\/uploads\/2011y\/Ali-Kekliktepe.jpg\",\"articleSection\":[\"K\u00f6\u015fe Yaz\u0131lar\u0131 Ali Kekliktepe\"],\"inLanguage\":\"tr\",\"potentialAction\":[{\"@type\":\"CommentAction\",\"name\":\"Comment\",\"target\":[\"https:\/\/epochtimestr.com\/index.php\/gunesin-ve-lezzetin-cografyasi-adanayi-anlamak#respond\"]}]},{\"@type\":\"WebPage\",\"@id\":\"https:\/\/epochtimestr.com\/index.php\/gunesin-ve-lezzetin-cografyasi-adanayi-anlamak\",\"url\":\"https:\/\/epochtimestr.com\/index.php\/gunesin-ve-lezzetin-cografyasi-adanayi-anlamak\",\"name\":\"G\u00fcne\u015fin ve Lezzetin Co\u011frafyas\u0131: Adana\u2019y\u0131 Anlamak - The Epoch Times TR\",\"isPartOf\":{\"@id\":\"https:\/\/epochtimestr.com\/#website\"},\"primaryImageOfPage\":{\"@id\":\"https:\/\/epochtimestr.com\/index.php\/gunesin-ve-lezzetin-cografyasi-adanayi-anlamak#primaryimage\"},\"image\":{\"@id\":\"https:\/\/epochtimestr.com\/index.php\/gunesin-ve-lezzetin-cografyasi-adanayi-anlamak#primaryimage\"},\"thumbnailUrl\":\"https:\/\/epochtimestr.com\/wp-content\/uploads\/2011y\/Ali-Kekliktepe.jpg\",\"datePublished\":\"2026-06-25T05:54:48+00:00\",\"dateModified\":\"2026-06-25T05:54:49+00:00\",\"description\":\"Adana\u2019y\u0131 ger\u00e7ekten etkili ve benzersiz k\u0131lan \u015fey nedir? Sadece kebab\u0131 m\u0131, yoksa Seyhan\u2019\u0131n sular\u0131 gibi deli dolu akan insan\u0131 m\u0131?\",\"inLanguage\":\"tr\",\"potentialAction\":[{\"@type\":\"ReadAction\",\"target\":[\"https:\/\/epochtimestr.com\/index.php\/gunesin-ve-lezzetin-cografyasi-adanayi-anlamak\"]}]},{\"@type\":\"ImageObject\",\"inLanguage\":\"tr\",\"@id\":\"https:\/\/epochtimestr.com\/index.php\/gunesin-ve-lezzetin-cografyasi-adanayi-anlamak#primaryimage\",\"url\":\"https:\/\/epochtimestr.com\/wp-content\/uploads\/2011y\/Ali-Kekliktepe.jpg\",\"contentUrl\":\"https:\/\/epochtimestr.com\/wp-content\/uploads\/2011y\/Ali-Kekliktepe.jpg\",\"width\":600,\"height\":600},{\"@type\":\"WebSite\",\"@id\":\"https:\/\/epochtimestr.com\/#website\",\"url\":\"https:\/\/epochtimestr.com\/\",\"name\":\"The Epoch Times TR\",\"description\":\"De\u011fi\u015fen D\u00fcnyam\u0131za Taze Bir Bak\u0131\u015f\",\"publisher\":{\"@id\":\"https:\/\/epochtimestr.com\/#organization\"},\"potentialAction\":[{\"@type\":\"SearchAction\",\"target\":{\"@type\":\"EntryPoint\",\"urlTemplate\":\"https:\/\/epochtimestr.com\/?s={search_term_string}\"},\"query-input\":\"required name=search_term_string\"}],\"inLanguage\":\"tr\"},{\"@type\":\"Organization\",\"@id\":\"https:\/\/epochtimestr.com\/#organization\",\"name\":\"The EpochTimes T\u00fcrkiye\",\"url\":\"https:\/\/epochtimestr.com\/\",\"logo\":{\"@type\":\"ImageObject\",\"inLanguage\":\"tr\",\"@id\":\"https:\/\/epochtimestr.com\/#\/schema\/logo\/image\/\",\"url\":\"https:\/\/epochtimestr.com\/wp-content\/uploads\/2011y\/ET-Logo-YG.jpg\",\"contentUrl\":\"https:\/\/epochtimestr.com\/wp-content\/uploads\/2011y\/ET-Logo-YG.jpg\",\"width\":346,\"height\":29,\"caption\":\"The EpochTimes T\u00fcrkiye\"},\"image\":{\"@id\":\"https:\/\/epochtimestr.com\/#\/schema\/logo\/image\/\"},\"sameAs\":[\"https:\/\/www.facebook.com\/theepochtimestr\",\"https:\/\/x.com\/TheEpochTimesTR\",\"https:\/\/www.instagram.com\/epochtimestr\"]},{\"@type\":\"Person\",\"@id\":\"https:\/\/epochtimestr.com\/#\/schema\/person\/da94a416fed1aed029d0a47e85673b95\",\"name\":\"Ali Kekliktepe\",\"image\":{\"@type\":\"ImageObject\",\"inLanguage\":\"tr\",\"@id\":\"https:\/\/epochtimestr.com\/#\/schema\/person\/image\/\",\"url\":\"https:\/\/secure.gravatar.com\/avatar\/6c965c3fc374c8f4af759baef4f38bcd?s=96&d=mm&r=g\",\"contentUrl\":\"https:\/\/secure.gravatar.com\/avatar\/6c965c3fc374c8f4af759baef4f38bcd?s=96&d=mm&r=g\",\"caption\":\"Ali Kekliktepe\"},\"description\":\"Ben Ali Kekliktepe; hayat\u0131n\u0131 \u00f6\u011frenmeye, \u00f6\u011fretmeye ve toplumsal fayda yaratmaya adam\u0131\u015f bir yazar ve profesyonelim. Kalemi sadece ka\u011f\u0131da dokunan bir ara\u00e7 de\u011fil, toplumun aksayan y\u00f6nlerine \u015fifa olan bir enstr\u00fcman olarak g\u00f6r\u00fcyorum.\",\"sameAs\":[\"https:\/\/alikekliktepemersin33.blogspot.com\/\"],\"url\":\"https:\/\/epochtimestr.com\/index.php\/author\/ali\"}]}<\/script>\n<!-- \/ Yoast SEO plugin. -->","yoast_head_json":{"title":"G\u00fcne\u015fin ve Lezzetin Co\u011frafyas\u0131: Adana\u2019y\u0131 Anlamak - The Epoch Times TR","description":"Adana\u2019y\u0131 ger\u00e7ekten etkili ve benzersiz k\u0131lan \u015fey nedir? Sadece kebab\u0131 m\u0131, yoksa Seyhan\u2019\u0131n sular\u0131 gibi deli dolu akan insan\u0131 m\u0131?","robots":{"index":"index","follow":"follow","max-snippet":"max-snippet:-1","max-image-preview":"max-image-preview:large","max-video-preview":"max-video-preview:-1"},"canonical":"https:\/\/epochtimestr.com\/index.php\/gunesin-ve-lezzetin-cografyasi-adanayi-anlamak","og_locale":"tr_TR","og_type":"article","og_title":"G\u00fcne\u015fin ve Lezzetin Co\u011frafyas\u0131: Adana\u2019y\u0131 Anlamak - The Epoch Times TR","og_description":"Adana\u2019y\u0131 ger\u00e7ekten etkili ve benzersiz k\u0131lan \u015fey nedir? Sadece kebab\u0131 m\u0131, yoksa Seyhan\u2019\u0131n sular\u0131 gibi deli dolu akan insan\u0131 m\u0131?","og_url":"https:\/\/epochtimestr.com\/index.php\/gunesin-ve-lezzetin-cografyasi-adanayi-anlamak","og_site_name":"The Epoch Times TR","article_publisher":"https:\/\/www.facebook.com\/theepochtimestr","article_published_time":"2026-06-25T05:54:48+00:00","article_modified_time":"2026-06-25T05:54:49+00:00","og_image":[{"width":1200,"height":630,"url":"https:\/\/epochtimestr.com\/wp-content\/uploads\/2011y\/ali-kekliktepe-SM.jpeg","type":"image\/jpeg"}],"author":"Ali Kekliktepe","twitter_card":"summary_large_image","twitter_creator":"@TheEpochTimesTR","twitter_site":"@TheEpochTimesTR","twitter_misc":{"Yazan:":"Ali Kekliktepe","Tahmini okuma s\u00fcresi":"3 dakika"},"schema":{"@context":"https:\/\/schema.org","@graph":[{"@type":"Article","@id":"https:\/\/epochtimestr.com\/index.php\/gunesin-ve-lezzetin-cografyasi-adanayi-anlamak#article","isPartOf":{"@id":"https:\/\/epochtimestr.com\/index.php\/gunesin-ve-lezzetin-cografyasi-adanayi-anlamak"},"author":{"name":"Ali Kekliktepe","@id":"https:\/\/epochtimestr.com\/#\/schema\/person\/da94a416fed1aed029d0a47e85673b95"},"headline":"G\u00fcne\u015fin ve Lezzetin Co\u011frafyas\u0131: Adana\u2019y\u0131 Anlamak","datePublished":"2026-06-25T05:54:48+00:00","dateModified":"2026-06-25T05:54:49+00:00","mainEntityOfPage":{"@id":"https:\/\/epochtimestr.com\/index.php\/gunesin-ve-lezzetin-cografyasi-adanayi-anlamak"},"wordCount":613,"commentCount":0,"publisher":{"@id":"https:\/\/epochtimestr.com\/#organization"},"image":{"@id":"https:\/\/epochtimestr.com\/index.php\/gunesin-ve-lezzetin-cografyasi-adanayi-anlamak#primaryimage"},"thumbnailUrl":"https:\/\/epochtimestr.com\/wp-content\/uploads\/2011y\/Ali-Kekliktepe.jpg","articleSection":["K\u00f6\u015fe Yaz\u0131lar\u0131 Ali Kekliktepe"],"inLanguage":"tr","potentialAction":[{"@type":"CommentAction","name":"Comment","target":["https:\/\/epochtimestr.com\/index.php\/gunesin-ve-lezzetin-cografyasi-adanayi-anlamak#respond"]}]},{"@type":"WebPage","@id":"https:\/\/epochtimestr.com\/index.php\/gunesin-ve-lezzetin-cografyasi-adanayi-anlamak","url":"https:\/\/epochtimestr.com\/index.php\/gunesin-ve-lezzetin-cografyasi-adanayi-anlamak","name":"G\u00fcne\u015fin ve Lezzetin Co\u011frafyas\u0131: Adana\u2019y\u0131 Anlamak - The Epoch Times TR","isPartOf":{"@id":"https:\/\/epochtimestr.com\/#website"},"primaryImageOfPage":{"@id":"https:\/\/epochtimestr.com\/index.php\/gunesin-ve-lezzetin-cografyasi-adanayi-anlamak#primaryimage"},"image":{"@id":"https:\/\/epochtimestr.com\/index.php\/gunesin-ve-lezzetin-cografyasi-adanayi-anlamak#primaryimage"},"thumbnailUrl":"https:\/\/epochtimestr.com\/wp-content\/uploads\/2011y\/Ali-Kekliktepe.jpg","datePublished":"2026-06-25T05:54:48+00:00","dateModified":"2026-06-25T05:54:49+00:00","description":"Adana\u2019y\u0131 ger\u00e7ekten etkili ve benzersiz k\u0131lan \u015fey nedir? Sadece kebab\u0131 m\u0131, yoksa Seyhan\u2019\u0131n sular\u0131 gibi deli dolu akan insan\u0131 m\u0131?","inLanguage":"tr","potentialAction":[{"@type":"ReadAction","target":["https:\/\/epochtimestr.com\/index.php\/gunesin-ve-lezzetin-cografyasi-adanayi-anlamak"]}]},{"@type":"ImageObject","inLanguage":"tr","@id":"https:\/\/epochtimestr.com\/index.php\/gunesin-ve-lezzetin-cografyasi-adanayi-anlamak#primaryimage","url":"https:\/\/epochtimestr.com\/wp-content\/uploads\/2011y\/Ali-Kekliktepe.jpg","contentUrl":"https:\/\/epochtimestr.com\/wp-content\/uploads\/2011y\/Ali-Kekliktepe.jpg","width":600,"height":600},{"@type":"WebSite","@id":"https:\/\/epochtimestr.com\/#website","url":"https:\/\/epochtimestr.com\/","name":"The Epoch Times TR","description":"De\u011fi\u015fen D\u00fcnyam\u0131za Taze Bir Bak\u0131\u015f","publisher":{"@id":"https:\/\/epochtimestr.com\/#organization"},"potentialAction":[{"@type":"SearchAction","target":{"@type":"EntryPoint","urlTemplate":"https:\/\/epochtimestr.com\/?s={search_term_string}"},"query-input":"required name=search_term_string"}],"inLanguage":"tr"},{"@type":"Organization","@id":"https:\/\/epochtimestr.com\/#organization","name":"The EpochTimes T\u00fcrkiye","url":"https:\/\/epochtimestr.com\/","logo":{"@type":"ImageObject","inLanguage":"tr","@id":"https:\/\/epochtimestr.com\/#\/schema\/logo\/image\/","url":"https:\/\/epochtimestr.com\/wp-content\/uploads\/2011y\/ET-Logo-YG.jpg","contentUrl":"https:\/\/epochtimestr.com\/wp-content\/uploads\/2011y\/ET-Logo-YG.jpg","width":346,"height":29,"caption":"The EpochTimes T\u00fcrkiye"},"image":{"@id":"https:\/\/epochtimestr.com\/#\/schema\/logo\/image\/"},"sameAs":["https:\/\/www.facebook.com\/theepochtimestr","https:\/\/x.com\/TheEpochTimesTR","https:\/\/www.instagram.com\/epochtimestr"]},{"@type":"Person","@id":"https:\/\/epochtimestr.com\/#\/schema\/person\/da94a416fed1aed029d0a47e85673b95","name":"Ali Kekliktepe","image":{"@type":"ImageObject","inLanguage":"tr","@id":"https:\/\/epochtimestr.com\/#\/schema\/person\/image\/","url":"https:\/\/secure.gravatar.com\/avatar\/6c965c3fc374c8f4af759baef4f38bcd?s=96&d=mm&r=g","contentUrl":"https:\/\/secure.gravatar.com\/avatar\/6c965c3fc374c8f4af759baef4f38bcd?s=96&d=mm&r=g","caption":"Ali Kekliktepe"},"description":"Ben Ali Kekliktepe; hayat\u0131n\u0131 \u00f6\u011frenmeye, \u00f6\u011fretmeye ve toplumsal fayda yaratmaya adam\u0131\u015f bir yazar ve profesyonelim. Kalemi sadece ka\u011f\u0131da dokunan bir ara\u00e7 de\u011fil, toplumun aksayan y\u00f6nlerine \u015fifa olan bir enstr\u00fcman olarak g\u00f6r\u00fcyorum.","sameAs":["https:\/\/alikekliktepemersin33.blogspot.com\/"],"url":"https:\/\/epochtimestr.com\/index.php\/author\/ali"}]}},"_links":{"self":[{"href":"https:\/\/epochtimestr.com\/index.php\/wp-json\/wp\/v2\/posts\/168013"}],"collection":[{"href":"https:\/\/epochtimestr.com\/index.php\/wp-json\/wp\/v2\/posts"}],"about":[{"href":"https:\/\/epochtimestr.com\/index.php\/wp-json\/wp\/v2\/types\/post"}],"author":[{"embeddable":true,"href":"https:\/\/epochtimestr.com\/index.php\/wp-json\/wp\/v2\/users\/14013"}],"replies":[{"embeddable":true,"href":"https:\/\/epochtimestr.com\/index.php\/wp-json\/wp\/v2\/comments?post=168013"}],"version-history":[{"count":1,"href":"https:\/\/epochtimestr.com\/index.php\/wp-json\/wp\/v2\/posts\/168013\/revisions"}],"predecessor-version":[{"id":168015,"href":"https:\/\/epochtimestr.com\/index.php\/wp-json\/wp\/v2\/posts\/168013\/revisions\/168015"}],"wp:featuredmedia":[{"embeddable":true,"href":"https:\/\/epochtimestr.com\/index.php\/wp-json\/wp\/v2\/media\/167144"}],"wp:attachment":[{"href":"https:\/\/epochtimestr.com\/index.php\/wp-json\/wp\/v2\/media?parent=168013"}],"wp:term":[{"taxonomy":"category","embeddable":true,"href":"https:\/\/epochtimestr.com\/index.php\/wp-json\/wp\/v2\/categories?post=168013"},{"taxonomy":"post_tag","embeddable":true,"href":"https:\/\/epochtimestr.com\/index.php\/wp-json\/wp\/v2\/tags?post=168013"}],"curies":[{"name":"wp","href":"https:\/\/api.w.org\/{rel}","templated":true}]}}