{"id":168031,"date":"2026-06-26T12:15:00","date_gmt":"2026-06-26T09:15:00","guid":{"rendered":"https:\/\/epochtimestr.com\/?p=168031"},"modified":"2026-06-26T12:15:02","modified_gmt":"2026-06-26T09:15:02","slug":"iran-anlasmasi-korfez-endiselerini-gundeme-tasidi","status":"publish","type":"post","link":"https:\/\/epochtimestr.com\/index.php\/iran-anlasmasi-korfez-endiselerini-gundeme-tasidi","title":{"rendered":"\u0130ran Anla\u015fmas\u0131 K\u00f6rfez Endi\u015felerini G\u00fcndeme Ta\u015f\u0131d\u0131"},"content":{"rendered":"\n<figure class=\"wp-block-image aligncenter size-full\"><img loading=\"lazy\" decoding=\"async\" width=\"1200\" height=\"800\" src=\"https:\/\/epochtimestr.com\/wp-content\/uploads\/2011y\/1000041143.jpg\" alt=\"D\u0131\u015fi\u015fleri Bakan\u0131 Marco Rubio, Orta Do\u011fu ziyareti kapsam\u0131nda, ABD ile \u0130ran aras\u0131nda yap\u0131lan ge\u00e7ici anla\u015fmay\u0131 Arap K\u00f6rfez m\u00fcttefikleriyle g\u00f6r\u00fc\u015fmek ve K\u00f6rfez \u0130\u015fbirli\u011fi Konseyi (GCC) \u00fcyesi \u00fclkelerin toplant\u0131s\u0131na kat\u0131lmak \u00fczere bulundu\u011fu Bahreyn'de, 25 Haziran 2026 tarihinde Zallaq yak\u0131nlar\u0131ndaki Al-Sakhir Saray\u0131'nda Bahreyn Kral\u0131 ile bir araya geldi.\n(Foto\u011fraf: Eric Lee \/ Pool \/ AFP \/ Getty Images)\" class=\"wp-image-168032\" srcset=\"https:\/\/epochtimestr.com\/wp-content\/uploads\/2011y\/1000041143.jpg 1200w, https:\/\/epochtimestr.com\/wp-content\/uploads\/2011y\/1000041143-300x200.jpg 300w, https:\/\/epochtimestr.com\/wp-content\/uploads\/2011y\/1000041143-150x100.jpg 150w, https:\/\/epochtimestr.com\/wp-content\/uploads\/2011y\/1000041143-768x512.jpg 768w\" sizes=\"(max-width: 1200px) 100vw, 1200px\" \/><figcaption class=\"wp-element-caption\">D\u0131\u015fi\u015fleri Bakan\u0131 Marco Rubio, ABD ile \u0130ran aras\u0131nda yap\u0131lan ge\u00e7ici anla\u015fmay\u0131 Arap K\u00f6rfez m\u00fcttefikleriyle g\u00f6r\u00fc\u015fmek \u00fczere Bahreyn&#8217;de. Rubio, Orta Do\u011fu ziyareti kapsam\u0131nda K\u00f6rfez \u0130\u015fbirli\u011fi Konseyi (GCC) \u00fcyesi \u00fclkelerin toplant\u0131s\u0131na kat\u0131larak Bahreyn Kral\u0131 ile bir araya geldi. 25 Haziran 2026, Al-Sakhir Saray\u0131, Zallaq, Bahreyn. (Foto\u011fraf: Eric Lee, AFP &#8211; Getty Images, The Epoch Times arac\u0131l\u0131\u011f\u0131yla)<\/figcaption><\/figure>\n\n\n\n<p>ABD D\u0131\u015fi\u015fleri Bakan\u0131 Marco Rubio, 25 Haziran 2026 tarihinde K\u00f6rfez <a href=\"https:\/\/www.theepochtimes.com\/world\/rubio-concludes-gulf-tour-as-allies-express-concerns-over-iran-agreement-6053459\" target=\"_blank\" rel=\"noreferrer noopener\">turunu tamamlad\u0131<\/a>. Ziyaretin oda\u011f\u0131nda ABD ile \u0130ran aras\u0131ndaki \u00e7er\u00e7eve anla\u015fmas\u0131 yer ald\u0131. Rubio, K\u00f6rfez \u00fclkelerinin g\u00fcvenlik kayg\u0131lar\u0131n\u0131n dikkate al\u0131naca\u011f\u0131n\u0131 ve ayr\u0131ca m\u00fczakerelerin, m\u00fcttefiklerin g\u00fcvenli\u011fini zay\u0131flatmayaca\u011f\u0131n\u0131 s\u00f6yledi.<\/p>\n\n\n\n<p>Rubio, ABD Be\u015finci Filosu&#8217;nun bulundu\u011fu Bahreyn&#8217;de, K\u00f6rfez \u0130\u015fbirli\u011fi Konseyi d\u0131\u015fi\u015fleri bakanlar\u0131yla g\u00f6r\u00fc\u015ft\u00fc. K\u00f6rfez \u00fclkeleri \u00f6zellikle H\u00fcrm\u00fcz Bo\u011faz\u0131&#8217;na ili\u015fkin d\u00fczenlemeleri yak\u0131ndan takip ettiklerini ve anla\u015fmaya y\u00f6nelik \u00e7ekincelerini dile getirdi.<\/p>\n\n\n\n<p>Bununla birlikte 25 Haziran&#8217;da yay\u0131mlanan ortak a\u00e7\u0131klama, kal\u0131c\u0131 bar\u0131\u015f\u0131n kapsam\u0131n\u0131 vurguluyor. Ayr\u0131ca \u0130ran&#8217;\u0131n balistik f\u00fcze program\u0131 da \u00f6ne \u00e7\u0131kan ba\u015fl\u0131klar aras\u0131nda yer al\u0131yor. \u0130nsans\u0131z hava ara\u00e7lar\u0131 kapasitesi ve ayr\u0131ca vekil gruplara verilen deste\u011fin ele al\u0131nmas\u0131 da g\u00fcndemde. Ortak metin deniz ula\u015f\u0131m\u0131n\u0131n serbest kalmas\u0131n\u0131 desteklerken H\u00fcrm\u00fcz Bo\u011faz\u0131&#8217;nda ge\u00e7i\u015f \u00fccreti uygulanmas\u0131na kar\u015f\u0131 \u00e7\u0131k\u0131yor. Buna ek olarak herhangi bir \u00fclkenin ge\u00e7i\u015fi kontrol etmesini reddediyor.<\/p>\n\n\n\n<p>Bahreyn D\u0131\u015fi\u015fleri Bakan\u0131 Abdullatif bin Ra\u015fid El Zayani, Umman&#8217;\u0131n \u00f6nerisini destekledi. \u00d6neri g\u00fcvenli bir deniz koridoru olu\u015fturmay\u0131 ama\u00e7l\u0131yor. Dolay\u0131s\u0131yla Ummanl\u0131 yetkililer ge\u00e7i\u015f \u00fccreti planlanmad\u0131\u011f\u0131n\u0131 a\u00e7\u0131klad\u0131.<\/p>\n\n\n\n<p>\u00d6te yandan ABD&#8217;li bir yetkili a\u00e7\u0131klamas\u0131nda, \u0130ran Devrim Muhaf\u0131zlar\u0131&#8217;n\u0131n bir kargo gemisine \u0130HA&#8217;larla sald\u0131r\u0131  d\u00fczenlendi\u011fini bildirdi. Rubio da, bo\u011fazdaki deniz trafi\u011fine m\u00fcdahalenin ciddi sonu\u00e7lar do\u011furaca\u011f\u0131n\u0131 s\u00f6yledi. Ayr\u0131ca gelecekteki anla\u015fmalarda ge\u00e7i\u015f \u00fccreti bulunmayaca\u011f\u0131n\u0131 ifade etti.<\/p>\n\n\n\n<p>Rubio, \u0130ran i\u00e7in \u00f6ng\u00f6r\u00fclen 300 milyar dolarl\u0131k yeniden yap\u0131lanma fonunu g\u00f6r\u00fc\u015fmediklerini s\u00f6yledi. Ancak baz\u0131 K\u00f6rfez \u00fclkeleri bu kayna\u011f\u0131n askeri kapasiteyi g\u00fc\u00e7lendirebilece\u011finden endi\u015fe duyuyor. Rubio, Birle\u015fik Arap Emirlikleri ve Kuveyt&#8217;teki temaslar\u0131nda ABD&#8217;nin b\u00f6lgesel ortaklar\u0131n\u0131 zay\u0131flatacak ad\u0131mlar atmayaca\u011f\u0131n\u0131 vurgulad\u0131. <\/p>\n\n\n\n<p>Buna kar\u015f\u0131n Ba\u015fkan Donald Trump ile \u0130ranl\u0131 yetkililerin a\u00e7\u0131klamalar\u0131 farkl\u0131l\u0131k g\u00f6steriyor. Taraflar <a href=\"https:\/\/epochtimestr.com\/index.php\/abd-senatosu-irandaki-catismalari-durdurma-karari-aldi\" target=\"_blank\" rel=\"noreferrer noopener\">n\u00fckleer denetimler ve H\u00fcrm\u00fcz Bo\u011faz\u0131<\/a> konusunda farkl\u0131 de\u011ferlendirmeler yapt\u0131.<\/p>\n","protected":false},"excerpt":{"rendered":"<p>ABD D\u0131\u015fi\u015fleri Bakan\u0131 Marco Rubio, 25 Haziran 2026 tarihinde K\u00f6rfez turunu tamamlad\u0131. Ziyaretin oda\u011f\u0131nda ABD ile \u0130ran aras\u0131ndaki \u00e7er\u00e7eve anla\u015fmas\u0131 yer ald\u0131. Rubio, K\u00f6rfez \u00fclkelerinin g\u00fcvenlik kayg\u0131lar\u0131n\u0131n dikkate al\u0131naca\u011f\u0131n\u0131 ve ayr\u0131ca m\u00fczakerelerin, m\u00fcttefiklerin g\u00fcvenli\u011fini zay\u0131flatmayaca\u011f\u0131n\u0131 s\u00f6yledi. Rubio, ABD Be\u015finci Filosu&#8217;nun bulundu\u011fu Bahreyn&#8217;de, K\u00f6rfez \u0130\u015fbirli\u011fi Konseyi d\u0131\u015fi\u015fleri bakanlar\u0131yla g\u00f6r\u00fc\u015ft\u00fc. K\u00f6rfez \u00fclkeleri \u00f6zellikle H\u00fcrm\u00fcz Bo\u011faz\u0131&#8217;na ili\u015fkin d\u00fczenlemeleri [&hellip;]<\/p>\n","protected":false},"author":13996,"featured_media":168032,"comment_status":"open","ping_status":"open","sticky":false,"template":"","format":"standard","meta":{"_yoast_wpseo_focuskw":"Rubio K\u00f6rfez","_yoast_wpseo_title":"","_yoast_wpseo_metadesc":"ABD D\u0131\u015fi\u015fleri Bakan\u0131 Marco Rubio, K\u00f6rfez \u00fclkelerine \u0130ran anla\u015fmas\u0131 konusunda g\u00fcvence verdi. H\u00fcrm\u00fcz Bo\u011faz\u0131 ve b\u00f6lgesel g\u00fcvenlik \u00f6ne \u00e7\u0131kt\u0131.","_bbp_topic_count":0,"_bbp_reply_count":0,"_bbp_total_topic_count":0,"_bbp_total_reply_count":0,"_bbp_voice_count":0,"_bbp_anonymous_reply_count":0,"_bbp_topic_count_hidden":0,"_bbp_reply_count_hidden":0,"_bbp_forum_subforum_count":0,"footnotes":"","_yoast_wpseo_focuskw_text_input":""},"categories":[5,1,8138],"tags":[11577,6472,10522,11100,8598],"yoast_head":"<!-- This site is optimized with the Yoast SEO plugin v23.0 - https:\/\/yoast.com\/wordpress\/plugins\/seo\/ -->\n<title>\u0130ran Anla\u015fmas\u0131 K\u00f6rfez Endi\u015felerini G\u00fcndeme Ta\u015f\u0131d\u0131 - The Epoch Times TR<\/title>\n<meta name=\"description\" content=\"ABD D\u0131\u015fi\u015fleri Bakan\u0131 Marco Rubio, K\u00f6rfez \u00fclkelerine \u0130ran anla\u015fmas\u0131 konusunda g\u00fcvence verdi. H\u00fcrm\u00fcz Bo\u011faz\u0131 ve b\u00f6lgesel g\u00fcvenlik \u00f6ne \u00e7\u0131kt\u0131.\" \/>\n<meta name=\"robots\" content=\"index, follow, max-snippet:-1, max-image-preview:large, max-video-preview:-1\" \/>\n<link rel=\"canonical\" href=\"https:\/\/epochtimestr.com\/index.php\/iran-anlasmasi-korfez-endiselerini-gundeme-tasidi\" \/>\n<meta property=\"og:locale\" content=\"tr_TR\" \/>\n<meta property=\"og:type\" content=\"article\" \/>\n<meta property=\"og:title\" content=\"\u0130ran Anla\u015fmas\u0131 K\u00f6rfez Endi\u015felerini G\u00fcndeme Ta\u015f\u0131d\u0131 - The Epoch Times TR\" \/>\n<meta property=\"og:description\" content=\"ABD D\u0131\u015fi\u015fleri Bakan\u0131 Marco Rubio, K\u00f6rfez \u00fclkelerine \u0130ran anla\u015fmas\u0131 konusunda g\u00fcvence verdi. H\u00fcrm\u00fcz Bo\u011faz\u0131 ve b\u00f6lgesel g\u00fcvenlik \u00f6ne \u00e7\u0131kt\u0131.\" \/>\n<meta property=\"og:url\" content=\"https:\/\/epochtimestr.com\/index.php\/iran-anlasmasi-korfez-endiselerini-gundeme-tasidi\" \/>\n<meta property=\"og:site_name\" content=\"The Epoch Times TR\" \/>\n<meta property=\"article:publisher\" content=\"https:\/\/www.facebook.com\/theepochtimestr\" \/>\n<meta property=\"article:published_time\" content=\"2026-06-26T09:15:00+00:00\" \/>\n<meta property=\"article:modified_time\" content=\"2026-06-26T09:15:02+00:00\" \/>\n<meta property=\"og:image\" content=\"https:\/\/epochtimestr.com\/wp-content\/uploads\/2011y\/1000041143.jpg\" \/>\n\t<meta property=\"og:image:width\" content=\"1200\" \/>\n\t<meta property=\"og:image:height\" content=\"800\" \/>\n\t<meta property=\"og:image:type\" content=\"image\/jpeg\" \/>\n<meta name=\"author\" content=\"Leo Bajelan\" \/>\n<meta name=\"twitter:card\" content=\"summary_large_image\" \/>\n<meta name=\"twitter:creator\" content=\"@TheEpochTimesTR\" \/>\n<meta name=\"twitter:site\" content=\"@TheEpochTimesTR\" \/>\n<meta name=\"twitter:label1\" content=\"Yazan:\" \/>\n\t<meta name=\"twitter:data1\" content=\"Leo Bajelan\" \/>\n\t<meta name=\"twitter:label2\" content=\"Tahmini okuma s\u00fcresi\" \/>\n\t<meta name=\"twitter:data2\" content=\"3 dakika\" \/>\n<script type=\"application\/ld+json\" class=\"yoast-schema-graph\">{\"@context\":\"https:\/\/schema.org\",\"@graph\":[{\"@type\":\"Article\",\"@id\":\"https:\/\/epochtimestr.com\/index.php\/iran-anlasmasi-korfez-endiselerini-gundeme-tasidi#article\",\"isPartOf\":{\"@id\":\"https:\/\/epochtimestr.com\/index.php\/iran-anlasmasi-korfez-endiselerini-gundeme-tasidi\"},\"author\":{\"name\":\"Leo Bajelan\",\"@id\":\"https:\/\/epochtimestr.com\/#\/schema\/person\/5fef218711d76d8f232b0e1f1d7e4c0d\"},\"headline\":\"\u0130ran Anla\u015fmas\u0131 K\u00f6rfez Endi\u015felerini G\u00fcndeme Ta\u015f\u0131d\u0131\",\"datePublished\":\"2026-06-26T09:15:00+00:00\",\"dateModified\":\"2026-06-26T09:15:02+00:00\",\"mainEntityOfPage\":{\"@id\":\"https:\/\/epochtimestr.com\/index.php\/iran-anlasmasi-korfez-endiselerini-gundeme-tasidi\"},\"wordCount\":456,\"commentCount\":0,\"publisher\":{\"@id\":\"https:\/\/epochtimestr.com\/#organization\"},\"image\":{\"@id\":\"https:\/\/epochtimestr.com\/index.php\/iran-anlasmasi-korfez-endiselerini-gundeme-tasidi#primaryimage\"},\"thumbnailUrl\":\"https:\/\/epochtimestr.com\/wp-content\/uploads\/2011y\/1000041143.jpg\",\"keywords\":[\"ABD \u0130ran \u00f6n anla\u015fmas\u0131\",\"ABD Senatosu\",\"H\u00fcrm\u00fcz bo\u011faz\u0131\",\"K\u00f6rfez \u00fclkeleri\",\"Marco Rubio\"],\"articleSection\":[\"D\u00dcNYA\",\"G\u00dcNDEM\",\"MAN\u015eET\"],\"inLanguage\":\"tr\",\"potentialAction\":[{\"@type\":\"CommentAction\",\"name\":\"Comment\",\"target\":[\"https:\/\/epochtimestr.com\/index.php\/iran-anlasmasi-korfez-endiselerini-gundeme-tasidi#respond\"]}]},{\"@type\":\"WebPage\",\"@id\":\"https:\/\/epochtimestr.com\/index.php\/iran-anlasmasi-korfez-endiselerini-gundeme-tasidi\",\"url\":\"https:\/\/epochtimestr.com\/index.php\/iran-anlasmasi-korfez-endiselerini-gundeme-tasidi\",\"name\":\"\u0130ran Anla\u015fmas\u0131 K\u00f6rfez Endi\u015felerini G\u00fcndeme Ta\u015f\u0131d\u0131 - The Epoch Times TR\",\"isPartOf\":{\"@id\":\"https:\/\/epochtimestr.com\/#website\"},\"primaryImageOfPage\":{\"@id\":\"https:\/\/epochtimestr.com\/index.php\/iran-anlasmasi-korfez-endiselerini-gundeme-tasidi#primaryimage\"},\"image\":{\"@id\":\"https:\/\/epochtimestr.com\/index.php\/iran-anlasmasi-korfez-endiselerini-gundeme-tasidi#primaryimage\"},\"thumbnailUrl\":\"https:\/\/epochtimestr.com\/wp-content\/uploads\/2011y\/1000041143.jpg\",\"datePublished\":\"2026-06-26T09:15:00+00:00\",\"dateModified\":\"2026-06-26T09:15:02+00:00\",\"description\":\"ABD D\u0131\u015fi\u015fleri Bakan\u0131 Marco Rubio, K\u00f6rfez \u00fclkelerine \u0130ran anla\u015fmas\u0131 konusunda g\u00fcvence verdi. H\u00fcrm\u00fcz Bo\u011faz\u0131 ve b\u00f6lgesel g\u00fcvenlik \u00f6ne \u00e7\u0131kt\u0131.\",\"inLanguage\":\"tr\",\"potentialAction\":[{\"@type\":\"ReadAction\",\"target\":[\"https:\/\/epochtimestr.com\/index.php\/iran-anlasmasi-korfez-endiselerini-gundeme-tasidi\"]}]},{\"@type\":\"ImageObject\",\"inLanguage\":\"tr\",\"@id\":\"https:\/\/epochtimestr.com\/index.php\/iran-anlasmasi-korfez-endiselerini-gundeme-tasidi#primaryimage\",\"url\":\"https:\/\/epochtimestr.com\/wp-content\/uploads\/2011y\/1000041143.jpg\",\"contentUrl\":\"https:\/\/epochtimestr.com\/wp-content\/uploads\/2011y\/1000041143.jpg\",\"width\":1200,\"height\":800},{\"@type\":\"WebSite\",\"@id\":\"https:\/\/epochtimestr.com\/#website\",\"url\":\"https:\/\/epochtimestr.com\/\",\"name\":\"The Epoch Times TR\",\"description\":\"De\u011fi\u015fen D\u00fcnyam\u0131za Taze Bir Bak\u0131\u015f\",\"publisher\":{\"@id\":\"https:\/\/epochtimestr.com\/#organization\"},\"potentialAction\":[{\"@type\":\"SearchAction\",\"target\":{\"@type\":\"EntryPoint\",\"urlTemplate\":\"https:\/\/epochtimestr.com\/?s={search_term_string}\"},\"query-input\":\"required name=search_term_string\"}],\"inLanguage\":\"tr\"},{\"@type\":\"Organization\",\"@id\":\"https:\/\/epochtimestr.com\/#organization\",\"name\":\"The EpochTimes T\u00fcrkiye\",\"url\":\"https:\/\/epochtimestr.com\/\",\"logo\":{\"@type\":\"ImageObject\",\"inLanguage\":\"tr\",\"@id\":\"https:\/\/epochtimestr.com\/#\/schema\/logo\/image\/\",\"url\":\"https:\/\/epochtimestr.com\/wp-content\/uploads\/2011y\/ET-Logo-YG.jpg\",\"contentUrl\":\"https:\/\/epochtimestr.com\/wp-content\/uploads\/2011y\/ET-Logo-YG.jpg\",\"width\":346,\"height\":29,\"caption\":\"The EpochTimes T\u00fcrkiye\"},\"image\":{\"@id\":\"https:\/\/epochtimestr.com\/#\/schema\/logo\/image\/\"},\"sameAs\":[\"https:\/\/www.facebook.com\/theepochtimestr\",\"https:\/\/x.com\/TheEpochTimesTR\",\"https:\/\/www.instagram.com\/epochtimestr\"]},{\"@type\":\"Person\",\"@id\":\"https:\/\/epochtimestr.com\/#\/schema\/person\/5fef218711d76d8f232b0e1f1d7e4c0d\",\"name\":\"Leo Bajelan\",\"image\":{\"@type\":\"ImageObject\",\"inLanguage\":\"tr\",\"@id\":\"https:\/\/epochtimestr.com\/#\/schema\/person\/image\/\",\"url\":\"https:\/\/secure.gravatar.com\/avatar\/917669146f489549e548a2e9af272df5?s=96&d=mm&r=g\",\"contentUrl\":\"https:\/\/secure.gravatar.com\/avatar\/917669146f489549e548a2e9af272df5?s=96&d=mm&r=g\",\"caption\":\"Leo Bajelan\"},\"url\":\"https:\/\/epochtimestr.com\/index.php\/author\/leo\"}]}<\/script>\n<!-- \/ Yoast SEO plugin. -->","yoast_head_json":{"title":"\u0130ran Anla\u015fmas\u0131 K\u00f6rfez Endi\u015felerini G\u00fcndeme Ta\u015f\u0131d\u0131 - The Epoch Times TR","description":"ABD D\u0131\u015fi\u015fleri Bakan\u0131 Marco Rubio, K\u00f6rfez \u00fclkelerine \u0130ran anla\u015fmas\u0131 konusunda g\u00fcvence verdi. H\u00fcrm\u00fcz Bo\u011faz\u0131 ve b\u00f6lgesel g\u00fcvenlik \u00f6ne \u00e7\u0131kt\u0131.","robots":{"index":"index","follow":"follow","max-snippet":"max-snippet:-1","max-image-preview":"max-image-preview:large","max-video-preview":"max-video-preview:-1"},"canonical":"https:\/\/epochtimestr.com\/index.php\/iran-anlasmasi-korfez-endiselerini-gundeme-tasidi","og_locale":"tr_TR","og_type":"article","og_title":"\u0130ran Anla\u015fmas\u0131 K\u00f6rfez Endi\u015felerini G\u00fcndeme Ta\u015f\u0131d\u0131 - The Epoch Times TR","og_description":"ABD D\u0131\u015fi\u015fleri Bakan\u0131 Marco Rubio, K\u00f6rfez \u00fclkelerine \u0130ran anla\u015fmas\u0131 konusunda g\u00fcvence verdi. H\u00fcrm\u00fcz Bo\u011faz\u0131 ve b\u00f6lgesel g\u00fcvenlik \u00f6ne \u00e7\u0131kt\u0131.","og_url":"https:\/\/epochtimestr.com\/index.php\/iran-anlasmasi-korfez-endiselerini-gundeme-tasidi","og_site_name":"The Epoch Times TR","article_publisher":"https:\/\/www.facebook.com\/theepochtimestr","article_published_time":"2026-06-26T09:15:00+00:00","article_modified_time":"2026-06-26T09:15:02+00:00","og_image":[{"width":1200,"height":800,"url":"https:\/\/epochtimestr.com\/wp-content\/uploads\/2011y\/1000041143.jpg","type":"image\/jpeg"}],"author":"Leo Bajelan","twitter_card":"summary_large_image","twitter_creator":"@TheEpochTimesTR","twitter_site":"@TheEpochTimesTR","twitter_misc":{"Yazan:":"Leo Bajelan","Tahmini okuma s\u00fcresi":"3 dakika"},"schema":{"@context":"https:\/\/schema.org","@graph":[{"@type":"Article","@id":"https:\/\/epochtimestr.com\/index.php\/iran-anlasmasi-korfez-endiselerini-gundeme-tasidi#article","isPartOf":{"@id":"https:\/\/epochtimestr.com\/index.php\/iran-anlasmasi-korfez-endiselerini-gundeme-tasidi"},"author":{"name":"Leo Bajelan","@id":"https:\/\/epochtimestr.com\/#\/schema\/person\/5fef218711d76d8f232b0e1f1d7e4c0d"},"headline":"\u0130ran Anla\u015fmas\u0131 K\u00f6rfez Endi\u015felerini G\u00fcndeme Ta\u015f\u0131d\u0131","datePublished":"2026-06-26T09:15:00+00:00","dateModified":"2026-06-26T09:15:02+00:00","mainEntityOfPage":{"@id":"https:\/\/epochtimestr.com\/index.php\/iran-anlasmasi-korfez-endiselerini-gundeme-tasidi"},"wordCount":456,"commentCount":0,"publisher":{"@id":"https:\/\/epochtimestr.com\/#organization"},"image":{"@id":"https:\/\/epochtimestr.com\/index.php\/iran-anlasmasi-korfez-endiselerini-gundeme-tasidi#primaryimage"},"thumbnailUrl":"https:\/\/epochtimestr.com\/wp-content\/uploads\/2011y\/1000041143.jpg","keywords":["ABD \u0130ran \u00f6n anla\u015fmas\u0131","ABD Senatosu","H\u00fcrm\u00fcz bo\u011faz\u0131","K\u00f6rfez \u00fclkeleri","Marco Rubio"],"articleSection":["D\u00dcNYA","G\u00dcNDEM","MAN\u015eET"],"inLanguage":"tr","potentialAction":[{"@type":"CommentAction","name":"Comment","target":["https:\/\/epochtimestr.com\/index.php\/iran-anlasmasi-korfez-endiselerini-gundeme-tasidi#respond"]}]},{"@type":"WebPage","@id":"https:\/\/epochtimestr.com\/index.php\/iran-anlasmasi-korfez-endiselerini-gundeme-tasidi","url":"https:\/\/epochtimestr.com\/index.php\/iran-anlasmasi-korfez-endiselerini-gundeme-tasidi","name":"\u0130ran Anla\u015fmas\u0131 K\u00f6rfez Endi\u015felerini G\u00fcndeme Ta\u015f\u0131d\u0131 - The Epoch Times TR","isPartOf":{"@id":"https:\/\/epochtimestr.com\/#website"},"primaryImageOfPage":{"@id":"https:\/\/epochtimestr.com\/index.php\/iran-anlasmasi-korfez-endiselerini-gundeme-tasidi#primaryimage"},"image":{"@id":"https:\/\/epochtimestr.com\/index.php\/iran-anlasmasi-korfez-endiselerini-gundeme-tasidi#primaryimage"},"thumbnailUrl":"https:\/\/epochtimestr.com\/wp-content\/uploads\/2011y\/1000041143.jpg","datePublished":"2026-06-26T09:15:00+00:00","dateModified":"2026-06-26T09:15:02+00:00","description":"ABD D\u0131\u015fi\u015fleri Bakan\u0131 Marco Rubio, K\u00f6rfez \u00fclkelerine \u0130ran anla\u015fmas\u0131 konusunda g\u00fcvence verdi. H\u00fcrm\u00fcz Bo\u011faz\u0131 ve b\u00f6lgesel g\u00fcvenlik \u00f6ne \u00e7\u0131kt\u0131.","inLanguage":"tr","potentialAction":[{"@type":"ReadAction","target":["https:\/\/epochtimestr.com\/index.php\/iran-anlasmasi-korfez-endiselerini-gundeme-tasidi"]}]},{"@type":"ImageObject","inLanguage":"tr","@id":"https:\/\/epochtimestr.com\/index.php\/iran-anlasmasi-korfez-endiselerini-gundeme-tasidi#primaryimage","url":"https:\/\/epochtimestr.com\/wp-content\/uploads\/2011y\/1000041143.jpg","contentUrl":"https:\/\/epochtimestr.com\/wp-content\/uploads\/2011y\/1000041143.jpg","width":1200,"height":800},{"@type":"WebSite","@id":"https:\/\/epochtimestr.com\/#website","url":"https:\/\/epochtimestr.com\/","name":"The Epoch Times TR","description":"De\u011fi\u015fen D\u00fcnyam\u0131za Taze Bir Bak\u0131\u015f","publisher":{"@id":"https:\/\/epochtimestr.com\/#organization"},"potentialAction":[{"@type":"SearchAction","target":{"@type":"EntryPoint","urlTemplate":"https:\/\/epochtimestr.com\/?s={search_term_string}"},"query-input":"required name=search_term_string"}],"inLanguage":"tr"},{"@type":"Organization","@id":"https:\/\/epochtimestr.com\/#organization","name":"The EpochTimes T\u00fcrkiye","url":"https:\/\/epochtimestr.com\/","logo":{"@type":"ImageObject","inLanguage":"tr","@id":"https:\/\/epochtimestr.com\/#\/schema\/logo\/image\/","url":"https:\/\/epochtimestr.com\/wp-content\/uploads\/2011y\/ET-Logo-YG.jpg","contentUrl":"https:\/\/epochtimestr.com\/wp-content\/uploads\/2011y\/ET-Logo-YG.jpg","width":346,"height":29,"caption":"The EpochTimes T\u00fcrkiye"},"image":{"@id":"https:\/\/epochtimestr.com\/#\/schema\/logo\/image\/"},"sameAs":["https:\/\/www.facebook.com\/theepochtimestr","https:\/\/x.com\/TheEpochTimesTR","https:\/\/www.instagram.com\/epochtimestr"]},{"@type":"Person","@id":"https:\/\/epochtimestr.com\/#\/schema\/person\/5fef218711d76d8f232b0e1f1d7e4c0d","name":"Leo Bajelan","image":{"@type":"ImageObject","inLanguage":"tr","@id":"https:\/\/epochtimestr.com\/#\/schema\/person\/image\/","url":"https:\/\/secure.gravatar.com\/avatar\/917669146f489549e548a2e9af272df5?s=96&d=mm&r=g","contentUrl":"https:\/\/secure.gravatar.com\/avatar\/917669146f489549e548a2e9af272df5?s=96&d=mm&r=g","caption":"Leo Bajelan"},"url":"https:\/\/epochtimestr.com\/index.php\/author\/leo"}]}},"_links":{"self":[{"href":"https:\/\/epochtimestr.com\/index.php\/wp-json\/wp\/v2\/posts\/168031"}],"collection":[{"href":"https:\/\/epochtimestr.com\/index.php\/wp-json\/wp\/v2\/posts"}],"about":[{"href":"https:\/\/epochtimestr.com\/index.php\/wp-json\/wp\/v2\/types\/post"}],"author":[{"embeddable":true,"href":"https:\/\/epochtimestr.com\/index.php\/wp-json\/wp\/v2\/users\/13996"}],"replies":[{"embeddable":true,"href":"https:\/\/epochtimestr.com\/index.php\/wp-json\/wp\/v2\/comments?post=168031"}],"version-history":[{"count":2,"href":"https:\/\/epochtimestr.com\/index.php\/wp-json\/wp\/v2\/posts\/168031\/revisions"}],"predecessor-version":[{"id":168038,"href":"https:\/\/epochtimestr.com\/index.php\/wp-json\/wp\/v2\/posts\/168031\/revisions\/168038"}],"wp:featuredmedia":[{"embeddable":true,"href":"https:\/\/epochtimestr.com\/index.php\/wp-json\/wp\/v2\/media\/168032"}],"wp:attachment":[{"href":"https:\/\/epochtimestr.com\/index.php\/wp-json\/wp\/v2\/media?parent=168031"}],"wp:term":[{"taxonomy":"category","embeddable":true,"href":"https:\/\/epochtimestr.com\/index.php\/wp-json\/wp\/v2\/categories?post=168031"},{"taxonomy":"post_tag","embeddable":true,"href":"https:\/\/epochtimestr.com\/index.php\/wp-json\/wp\/v2\/tags?post=168031"}],"curies":[{"name":"wp","href":"https:\/\/api.w.org\/{rel}","templated":true}]}}