{"id":168042,"date":"2026-06-27T07:00:00","date_gmt":"2026-06-27T04:00:00","guid":{"rendered":"https:\/\/epochtimestr.com\/?p=168042"},"modified":"2026-06-26T22:42:55","modified_gmt":"2026-06-26T19:42:55","slug":"yapay-zeka-icin-bilgisayar-profesoru-olmaya-gerek-var-mi","status":"publish","type":"post","link":"https:\/\/epochtimestr.com\/index.php\/yapay-zeka-icin-bilgisayar-profesoru-olmaya-gerek-var-mi","title":{"rendered":"Yapay Zeka \u0130\u00e7in Bilgisayar Profes\u00f6r\u00fc Olmaya Gerek Var m\u0131?"},"content":{"rendered":"\n<p>Teknoloji d\u00fcnyas\u0131 ba\u015f d\u00f6nd\u00fcr\u00fcc\u00fc bir h\u0131zla ilerliyor. Her g\u00fcn yeni bir yapay zeka arac\u0131n\u0131n ad\u0131n\u0131 duyuyoruz. Ancak bu geli\u015fmeleri uzaktan izleyen pek \u00e7ok ki\u015finin akl\u0131nda ayn\u0131 kayg\u0131 var:\u00a0<em>&#8220;Ben yaz\u0131l\u0131mc\u0131 de\u011filim, kodlama bilmem, yapay zekay\u0131 nas\u0131l kullanaca\u011f\u0131m?&#8221;<\/em><\/p>\n\n\n\n<p>Hemen ba\u015ftan ve en net \u015fekilde cevap verelim:&nbsp;<strong>Hay\u0131r, yapay zekay\u0131 kullanmak i\u00e7in tek bir sat\u0131r bile kodlama bilmenize gerek yok.<\/strong><\/p>\n\n\n\n<p>Eski y\u0131llarda bilgisayara bir i\u015f yapt\u0131rmak i\u00e7in onun dilinden konu\u015fmak, yani karma\u015f\u0131k kodlar yazmak zorundayd\u0131k. Ancak k\u00f6pr\u00fcn\u00fcn alt\u0131ndan \u00e7ok sular akt\u0131. G\u00fcn\u00fcm\u00fcz\u00fcn yapay zeka teknolojileri, bilgisayarlar\u0131n bizim dilimizi \u00f6\u011frenmesi \u00fczerine kuruldu. Yani siz yapay zekaya bir bilgisayar uzman\u0131 gibi de\u011fil, en yak\u0131n dostunuzla konu\u015fur gibi yakla\u015f\u0131yorsunuz.<\/p>\n\n\n\n<p>S\u00fcreci daha iyi anlamak i\u00e7in \u015fu \u00fc\u00e7 basit ger\u00e7e\u011fe bakmak yeterli:<\/p>\n\n\n\n<p>\u25cf\u00a0<strong>Sadece &#8220;Konu\u015fman\u0131z&#8221; Yeterli:<\/strong>\u00a0Yapay zekadan bir raporu \u00f6zetlemesini, bir mail tasla\u011f\u0131 haz\u0131rlamas\u0131n\u0131 ya da bir ak\u015fam yeme\u011fi men\u00fcs\u00fc planlamas\u0131n\u0131 isteyebilirsiniz. Tek yapman\u0131z gereken, ne istedi\u011finizi g\u00fcnl\u00fck T\u00fcrk\u00e7e ile net bir \u015fekilde yazmak.<\/p>\n\n\n\n<p>\u25cf\u00a0<strong>Arka Plan\u0131 O Hallediyor:<\/strong>\u00a0Siz iste\u011finizi normal bir c\u00fcmleyle iletti\u011finizde, yapay zekan\u0131n arkas\u0131ndaki devasa sistemler i\u015fin zor k\u0131sm\u0131n\u0131 \u00fcstlenir. Sizin yerinize milyarlarca veriyi saniyeler i\u00e7inde tarar ve \u00f6n\u00fcn\u00fcze haz\u0131r bir sonu\u00e7 getirir.<\/p>\n\n\n\n<p>\u25cf\u00a0<strong>Herkes \u0130\u00e7in E\u015fit F\u0131rsat:<\/strong>\u00a0Bu yeni nesil ara\u00e7lar, sadece m\u00fchendisler i\u00e7in de\u011fil esnaftan ev han\u0131m\u0131na, \u00f6\u011fretmenden yazara kadar herkesin rahat\u00e7a kullanabilmesi i\u00e7in tasarland\u0131.<\/p>\n\n\n\n<p>Bunu g\u00fcnl\u00fck hayattan bir \u00f6rnekle somutla\u015ft\u0131ral\u0131m: Bir arabay\u0131 i\u015fe gidip gelmek, seyahat etmek i\u00e7in kullan\u0131rken motorun i\u00e7indeki pistonlar\u0131n nas\u0131l \u00e7al\u0131\u015ft\u0131\u011f\u0131n\u0131 ya da o motorun nas\u0131l \u00fcretildi\u011fini bilmeniz gerekir mi? Elbette hay\u0131r. Sadece direksiyonu tutmay\u0131 ve pedallara basmay\u0131 bilmeniz yeterlidir.<\/p>\n\n\n\n<p>Yapay zeka da tam olarak b\u00f6yledir. Kodlama o araban\u0131n motorudur, bizim yapay zekayla T\u00fcrk\u00e7e konu\u015fmam\u0131z ise direksiyonu tutmakt\u0131r.<\/p>\n\n\n\n<p>K\u0131sacas\u0131 yapay zeka \u00e7a\u011f\u0131nda \u00f6ne ge\u00e7mek i\u00e7in teknik bir deha olmaya gerek yok. Sadece merak etmeye, do\u011fru sorular\u0131 sormaya ve bu dijital yard\u0131mc\u0131y\u0131 hayat\u0131m\u0131z\u0131 kolayla\u015ft\u0131rmak i\u00e7in kullanmaya ihtiyac\u0131m\u0131z var. Direksiyonun ba\u015f\u0131na ge\u00e7mek i\u00e7in daha fazla beklemeyin.<\/p>\n","protected":false},"excerpt":{"rendered":"<p>Teknoloji d\u00fcnyas\u0131 ba\u015f d\u00f6nd\u00fcr\u00fcc\u00fc bir h\u0131zla ilerliyor. Her g\u00fcn yeni bir yapay zeka arac\u0131n\u0131n ad\u0131n\u0131 duyuyoruz. Ancak bu geli\u015fmeleri uzaktan izleyen pek \u00e7ok ki\u015finin akl\u0131nda ayn\u0131 kayg\u0131 var:\u00a0&#8220;Ben yaz\u0131l\u0131mc\u0131 de\u011filim, kodlama bilmem, yapay zekay\u0131 nas\u0131l kullanaca\u011f\u0131m?&#8221; Hemen ba\u015ftan ve en net \u015fekilde cevap verelim:&nbsp;Hay\u0131r, yapay zekay\u0131 kullanmak i\u00e7in tek bir sat\u0131r bile kodlama bilmenize gerek [&hellip;]<\/p>\n","protected":false},"author":14013,"featured_media":167144,"comment_status":"open","ping_status":"open","sticky":false,"template":"","format":"standard","meta":{"_yoast_wpseo_focuskw":"yapay zeka","_yoast_wpseo_title":"","_yoast_wpseo_metadesc":"Teknoloji d\u00fcnyas\u0131 ba\u015f d\u00f6nd\u00fcr\u00fcc\u00fc bir h\u0131zla ilerliyor. Her g\u00fcn yeni bir yapay zeka arac\u0131n\u0131n ad\u0131n\u0131 duyuyoruz.","_bbp_topic_count":0,"_bbp_reply_count":0,"_bbp_total_topic_count":0,"_bbp_total_reply_count":0,"_bbp_voice_count":0,"_bbp_anonymous_reply_count":0,"_bbp_topic_count_hidden":0,"_bbp_reply_count_hidden":0,"_bbp_forum_subforum_count":0,"footnotes":"","_yoast_wpseo_focuskw_text_input":""},"categories":[11361],"tags":[],"yoast_head":"<!-- This site is optimized with the Yoast SEO plugin v23.0 - https:\/\/yoast.com\/wordpress\/plugins\/seo\/ -->\n<title>Yapay Zeka \u0130\u00e7in Bilgisayar Profes\u00f6r\u00fc Olmaya Gerek Var m\u0131? - The Epoch Times TR<\/title>\n<meta name=\"description\" content=\"Teknoloji d\u00fcnyas\u0131 ba\u015f d\u00f6nd\u00fcr\u00fcc\u00fc bir h\u0131zla ilerliyor. Her g\u00fcn yeni bir yapay zeka arac\u0131n\u0131n ad\u0131n\u0131 duyuyoruz.\" \/>\n<meta name=\"robots\" content=\"index, follow, max-snippet:-1, max-image-preview:large, max-video-preview:-1\" \/>\n<link rel=\"canonical\" href=\"https:\/\/epochtimestr.com\/index.php\/yapay-zeka-icin-bilgisayar-profesoru-olmaya-gerek-var-mi\" \/>\n<meta property=\"og:locale\" content=\"tr_TR\" \/>\n<meta property=\"og:type\" content=\"article\" \/>\n<meta property=\"og:title\" content=\"Yapay Zeka \u0130\u00e7in Bilgisayar Profes\u00f6r\u00fc Olmaya Gerek Var m\u0131? - The Epoch Times TR\" \/>\n<meta property=\"og:description\" content=\"Teknoloji d\u00fcnyas\u0131 ba\u015f d\u00f6nd\u00fcr\u00fcc\u00fc bir h\u0131zla ilerliyor. Her g\u00fcn yeni bir yapay zeka arac\u0131n\u0131n ad\u0131n\u0131 duyuyoruz.\" \/>\n<meta property=\"og:url\" content=\"https:\/\/epochtimestr.com\/index.php\/yapay-zeka-icin-bilgisayar-profesoru-olmaya-gerek-var-mi\" \/>\n<meta property=\"og:site_name\" content=\"The Epoch Times TR\" \/>\n<meta property=\"article:publisher\" content=\"https:\/\/www.facebook.com\/theepochtimestr\" \/>\n<meta property=\"article:published_time\" content=\"2026-06-27T04:00:00+00:00\" \/>\n<meta property=\"article:modified_time\" content=\"2026-06-26T19:42:55+00:00\" \/>\n<meta property=\"og:image\" content=\"https:\/\/epochtimestr.com\/wp-content\/uploads\/2011y\/ali-kekliktepe-SM.jpeg\" \/>\n\t<meta property=\"og:image:width\" content=\"1200\" \/>\n\t<meta property=\"og:image:height\" content=\"630\" \/>\n\t<meta property=\"og:image:type\" content=\"image\/jpeg\" \/>\n<meta name=\"author\" content=\"Ali Kekliktepe\" \/>\n<meta name=\"twitter:card\" content=\"summary_large_image\" \/>\n<meta name=\"twitter:creator\" content=\"@TheEpochTimesTR\" \/>\n<meta name=\"twitter:site\" content=\"@TheEpochTimesTR\" \/>\n<meta name=\"twitter:label1\" content=\"Yazan:\" \/>\n\t<meta name=\"twitter:data1\" content=\"Ali Kekliktepe\" \/>\n\t<meta name=\"twitter:label2\" content=\"Tahmini okuma s\u00fcresi\" \/>\n\t<meta name=\"twitter:data2\" content=\"2 dakika\" \/>\n<script type=\"application\/ld+json\" class=\"yoast-schema-graph\">{\"@context\":\"https:\/\/schema.org\",\"@graph\":[{\"@type\":\"Article\",\"@id\":\"https:\/\/epochtimestr.com\/index.php\/yapay-zeka-icin-bilgisayar-profesoru-olmaya-gerek-var-mi#article\",\"isPartOf\":{\"@id\":\"https:\/\/epochtimestr.com\/index.php\/yapay-zeka-icin-bilgisayar-profesoru-olmaya-gerek-var-mi\"},\"author\":{\"name\":\"Ali Kekliktepe\",\"@id\":\"https:\/\/epochtimestr.com\/#\/schema\/person\/da94a416fed1aed029d0a47e85673b95\"},\"headline\":\"Yapay Zeka \u0130\u00e7in Bilgisayar Profes\u00f6r\u00fc Olmaya Gerek Var m\u0131?\",\"datePublished\":\"2026-06-27T04:00:00+00:00\",\"dateModified\":\"2026-06-26T19:42:55+00:00\",\"mainEntityOfPage\":{\"@id\":\"https:\/\/epochtimestr.com\/index.php\/yapay-zeka-icin-bilgisayar-profesoru-olmaya-gerek-var-mi\"},\"wordCount\":425,\"commentCount\":0,\"publisher\":{\"@id\":\"https:\/\/epochtimestr.com\/#organization\"},\"image\":{\"@id\":\"https:\/\/epochtimestr.com\/index.php\/yapay-zeka-icin-bilgisayar-profesoru-olmaya-gerek-var-mi#primaryimage\"},\"thumbnailUrl\":\"https:\/\/epochtimestr.com\/wp-content\/uploads\/2011y\/Ali-Kekliktepe.jpg\",\"articleSection\":[\"K\u00f6\u015fe Yaz\u0131lar\u0131 Ali Kekliktepe\"],\"inLanguage\":\"tr\",\"potentialAction\":[{\"@type\":\"CommentAction\",\"name\":\"Comment\",\"target\":[\"https:\/\/epochtimestr.com\/index.php\/yapay-zeka-icin-bilgisayar-profesoru-olmaya-gerek-var-mi#respond\"]}]},{\"@type\":\"WebPage\",\"@id\":\"https:\/\/epochtimestr.com\/index.php\/yapay-zeka-icin-bilgisayar-profesoru-olmaya-gerek-var-mi\",\"url\":\"https:\/\/epochtimestr.com\/index.php\/yapay-zeka-icin-bilgisayar-profesoru-olmaya-gerek-var-mi\",\"name\":\"Yapay Zeka \u0130\u00e7in Bilgisayar Profes\u00f6r\u00fc Olmaya Gerek Var m\u0131? - The Epoch Times TR\",\"isPartOf\":{\"@id\":\"https:\/\/epochtimestr.com\/#website\"},\"primaryImageOfPage\":{\"@id\":\"https:\/\/epochtimestr.com\/index.php\/yapay-zeka-icin-bilgisayar-profesoru-olmaya-gerek-var-mi#primaryimage\"},\"image\":{\"@id\":\"https:\/\/epochtimestr.com\/index.php\/yapay-zeka-icin-bilgisayar-profesoru-olmaya-gerek-var-mi#primaryimage\"},\"thumbnailUrl\":\"https:\/\/epochtimestr.com\/wp-content\/uploads\/2011y\/Ali-Kekliktepe.jpg\",\"datePublished\":\"2026-06-27T04:00:00+00:00\",\"dateModified\":\"2026-06-26T19:42:55+00:00\",\"description\":\"Teknoloji d\u00fcnyas\u0131 ba\u015f d\u00f6nd\u00fcr\u00fcc\u00fc bir h\u0131zla ilerliyor. Her g\u00fcn yeni bir yapay zeka arac\u0131n\u0131n ad\u0131n\u0131 duyuyoruz.\",\"inLanguage\":\"tr\",\"potentialAction\":[{\"@type\":\"ReadAction\",\"target\":[\"https:\/\/epochtimestr.com\/index.php\/yapay-zeka-icin-bilgisayar-profesoru-olmaya-gerek-var-mi\"]}]},{\"@type\":\"ImageObject\",\"inLanguage\":\"tr\",\"@id\":\"https:\/\/epochtimestr.com\/index.php\/yapay-zeka-icin-bilgisayar-profesoru-olmaya-gerek-var-mi#primaryimage\",\"url\":\"https:\/\/epochtimestr.com\/wp-content\/uploads\/2011y\/Ali-Kekliktepe.jpg\",\"contentUrl\":\"https:\/\/epochtimestr.com\/wp-content\/uploads\/2011y\/Ali-Kekliktepe.jpg\",\"width\":600,\"height\":600},{\"@type\":\"WebSite\",\"@id\":\"https:\/\/epochtimestr.com\/#website\",\"url\":\"https:\/\/epochtimestr.com\/\",\"name\":\"The Epoch Times TR\",\"description\":\"De\u011fi\u015fen D\u00fcnyam\u0131za Taze Bir Bak\u0131\u015f\",\"publisher\":{\"@id\":\"https:\/\/epochtimestr.com\/#organization\"},\"potentialAction\":[{\"@type\":\"SearchAction\",\"target\":{\"@type\":\"EntryPoint\",\"urlTemplate\":\"https:\/\/epochtimestr.com\/?s={search_term_string}\"},\"query-input\":\"required name=search_term_string\"}],\"inLanguage\":\"tr\"},{\"@type\":\"Organization\",\"@id\":\"https:\/\/epochtimestr.com\/#organization\",\"name\":\"The EpochTimes T\u00fcrkiye\",\"url\":\"https:\/\/epochtimestr.com\/\",\"logo\":{\"@type\":\"ImageObject\",\"inLanguage\":\"tr\",\"@id\":\"https:\/\/epochtimestr.com\/#\/schema\/logo\/image\/\",\"url\":\"https:\/\/epochtimestr.com\/wp-content\/uploads\/2011y\/ET-Logo-YG.jpg\",\"contentUrl\":\"https:\/\/epochtimestr.com\/wp-content\/uploads\/2011y\/ET-Logo-YG.jpg\",\"width\":346,\"height\":29,\"caption\":\"The EpochTimes T\u00fcrkiye\"},\"image\":{\"@id\":\"https:\/\/epochtimestr.com\/#\/schema\/logo\/image\/\"},\"sameAs\":[\"https:\/\/www.facebook.com\/theepochtimestr\",\"https:\/\/x.com\/TheEpochTimesTR\",\"https:\/\/www.instagram.com\/epochtimestr\"]},{\"@type\":\"Person\",\"@id\":\"https:\/\/epochtimestr.com\/#\/schema\/person\/da94a416fed1aed029d0a47e85673b95\",\"name\":\"Ali Kekliktepe\",\"image\":{\"@type\":\"ImageObject\",\"inLanguage\":\"tr\",\"@id\":\"https:\/\/epochtimestr.com\/#\/schema\/person\/image\/\",\"url\":\"https:\/\/secure.gravatar.com\/avatar\/6c965c3fc374c8f4af759baef4f38bcd?s=96&d=mm&r=g\",\"contentUrl\":\"https:\/\/secure.gravatar.com\/avatar\/6c965c3fc374c8f4af759baef4f38bcd?s=96&d=mm&r=g\",\"caption\":\"Ali Kekliktepe\"},\"description\":\"Ben Ali Kekliktepe; hayat\u0131n\u0131 \u00f6\u011frenmeye, \u00f6\u011fretmeye ve toplumsal fayda yaratmaya adam\u0131\u015f bir yazar ve profesyonelim. Kalemi sadece ka\u011f\u0131da dokunan bir ara\u00e7 de\u011fil, toplumun aksayan y\u00f6nlerine \u015fifa olan bir enstr\u00fcman olarak g\u00f6r\u00fcyorum.\",\"sameAs\":[\"https:\/\/alikekliktepemersin33.blogspot.com\/\"],\"url\":\"https:\/\/epochtimestr.com\/index.php\/author\/ali\"}]}<\/script>\n<!-- \/ Yoast SEO plugin. -->","yoast_head_json":{"title":"Yapay Zeka \u0130\u00e7in Bilgisayar Profes\u00f6r\u00fc Olmaya Gerek Var m\u0131? - The Epoch Times TR","description":"Teknoloji d\u00fcnyas\u0131 ba\u015f d\u00f6nd\u00fcr\u00fcc\u00fc bir h\u0131zla ilerliyor. Her g\u00fcn yeni bir yapay zeka arac\u0131n\u0131n ad\u0131n\u0131 duyuyoruz.","robots":{"index":"index","follow":"follow","max-snippet":"max-snippet:-1","max-image-preview":"max-image-preview:large","max-video-preview":"max-video-preview:-1"},"canonical":"https:\/\/epochtimestr.com\/index.php\/yapay-zeka-icin-bilgisayar-profesoru-olmaya-gerek-var-mi","og_locale":"tr_TR","og_type":"article","og_title":"Yapay Zeka \u0130\u00e7in Bilgisayar Profes\u00f6r\u00fc Olmaya Gerek Var m\u0131? - The Epoch Times TR","og_description":"Teknoloji d\u00fcnyas\u0131 ba\u015f d\u00f6nd\u00fcr\u00fcc\u00fc bir h\u0131zla ilerliyor. Her g\u00fcn yeni bir yapay zeka arac\u0131n\u0131n ad\u0131n\u0131 duyuyoruz.","og_url":"https:\/\/epochtimestr.com\/index.php\/yapay-zeka-icin-bilgisayar-profesoru-olmaya-gerek-var-mi","og_site_name":"The Epoch Times TR","article_publisher":"https:\/\/www.facebook.com\/theepochtimestr","article_published_time":"2026-06-27T04:00:00+00:00","article_modified_time":"2026-06-26T19:42:55+00:00","og_image":[{"width":1200,"height":630,"url":"https:\/\/epochtimestr.com\/wp-content\/uploads\/2011y\/ali-kekliktepe-SM.jpeg","type":"image\/jpeg"}],"author":"Ali Kekliktepe","twitter_card":"summary_large_image","twitter_creator":"@TheEpochTimesTR","twitter_site":"@TheEpochTimesTR","twitter_misc":{"Yazan:":"Ali Kekliktepe","Tahmini okuma s\u00fcresi":"2 dakika"},"schema":{"@context":"https:\/\/schema.org","@graph":[{"@type":"Article","@id":"https:\/\/epochtimestr.com\/index.php\/yapay-zeka-icin-bilgisayar-profesoru-olmaya-gerek-var-mi#article","isPartOf":{"@id":"https:\/\/epochtimestr.com\/index.php\/yapay-zeka-icin-bilgisayar-profesoru-olmaya-gerek-var-mi"},"author":{"name":"Ali Kekliktepe","@id":"https:\/\/epochtimestr.com\/#\/schema\/person\/da94a416fed1aed029d0a47e85673b95"},"headline":"Yapay Zeka \u0130\u00e7in Bilgisayar Profes\u00f6r\u00fc Olmaya Gerek Var m\u0131?","datePublished":"2026-06-27T04:00:00+00:00","dateModified":"2026-06-26T19:42:55+00:00","mainEntityOfPage":{"@id":"https:\/\/epochtimestr.com\/index.php\/yapay-zeka-icin-bilgisayar-profesoru-olmaya-gerek-var-mi"},"wordCount":425,"commentCount":0,"publisher":{"@id":"https:\/\/epochtimestr.com\/#organization"},"image":{"@id":"https:\/\/epochtimestr.com\/index.php\/yapay-zeka-icin-bilgisayar-profesoru-olmaya-gerek-var-mi#primaryimage"},"thumbnailUrl":"https:\/\/epochtimestr.com\/wp-content\/uploads\/2011y\/Ali-Kekliktepe.jpg","articleSection":["K\u00f6\u015fe Yaz\u0131lar\u0131 Ali Kekliktepe"],"inLanguage":"tr","potentialAction":[{"@type":"CommentAction","name":"Comment","target":["https:\/\/epochtimestr.com\/index.php\/yapay-zeka-icin-bilgisayar-profesoru-olmaya-gerek-var-mi#respond"]}]},{"@type":"WebPage","@id":"https:\/\/epochtimestr.com\/index.php\/yapay-zeka-icin-bilgisayar-profesoru-olmaya-gerek-var-mi","url":"https:\/\/epochtimestr.com\/index.php\/yapay-zeka-icin-bilgisayar-profesoru-olmaya-gerek-var-mi","name":"Yapay Zeka \u0130\u00e7in Bilgisayar Profes\u00f6r\u00fc Olmaya Gerek Var m\u0131? - The Epoch Times TR","isPartOf":{"@id":"https:\/\/epochtimestr.com\/#website"},"primaryImageOfPage":{"@id":"https:\/\/epochtimestr.com\/index.php\/yapay-zeka-icin-bilgisayar-profesoru-olmaya-gerek-var-mi#primaryimage"},"image":{"@id":"https:\/\/epochtimestr.com\/index.php\/yapay-zeka-icin-bilgisayar-profesoru-olmaya-gerek-var-mi#primaryimage"},"thumbnailUrl":"https:\/\/epochtimestr.com\/wp-content\/uploads\/2011y\/Ali-Kekliktepe.jpg","datePublished":"2026-06-27T04:00:00+00:00","dateModified":"2026-06-26T19:42:55+00:00","description":"Teknoloji d\u00fcnyas\u0131 ba\u015f d\u00f6nd\u00fcr\u00fcc\u00fc bir h\u0131zla ilerliyor. Her g\u00fcn yeni bir yapay zeka arac\u0131n\u0131n ad\u0131n\u0131 duyuyoruz.","inLanguage":"tr","potentialAction":[{"@type":"ReadAction","target":["https:\/\/epochtimestr.com\/index.php\/yapay-zeka-icin-bilgisayar-profesoru-olmaya-gerek-var-mi"]}]},{"@type":"ImageObject","inLanguage":"tr","@id":"https:\/\/epochtimestr.com\/index.php\/yapay-zeka-icin-bilgisayar-profesoru-olmaya-gerek-var-mi#primaryimage","url":"https:\/\/epochtimestr.com\/wp-content\/uploads\/2011y\/Ali-Kekliktepe.jpg","contentUrl":"https:\/\/epochtimestr.com\/wp-content\/uploads\/2011y\/Ali-Kekliktepe.jpg","width":600,"height":600},{"@type":"WebSite","@id":"https:\/\/epochtimestr.com\/#website","url":"https:\/\/epochtimestr.com\/","name":"The Epoch Times TR","description":"De\u011fi\u015fen D\u00fcnyam\u0131za Taze Bir Bak\u0131\u015f","publisher":{"@id":"https:\/\/epochtimestr.com\/#organization"},"potentialAction":[{"@type":"SearchAction","target":{"@type":"EntryPoint","urlTemplate":"https:\/\/epochtimestr.com\/?s={search_term_string}"},"query-input":"required name=search_term_string"}],"inLanguage":"tr"},{"@type":"Organization","@id":"https:\/\/epochtimestr.com\/#organization","name":"The EpochTimes T\u00fcrkiye","url":"https:\/\/epochtimestr.com\/","logo":{"@type":"ImageObject","inLanguage":"tr","@id":"https:\/\/epochtimestr.com\/#\/schema\/logo\/image\/","url":"https:\/\/epochtimestr.com\/wp-content\/uploads\/2011y\/ET-Logo-YG.jpg","contentUrl":"https:\/\/epochtimestr.com\/wp-content\/uploads\/2011y\/ET-Logo-YG.jpg","width":346,"height":29,"caption":"The EpochTimes T\u00fcrkiye"},"image":{"@id":"https:\/\/epochtimestr.com\/#\/schema\/logo\/image\/"},"sameAs":["https:\/\/www.facebook.com\/theepochtimestr","https:\/\/x.com\/TheEpochTimesTR","https:\/\/www.instagram.com\/epochtimestr"]},{"@type":"Person","@id":"https:\/\/epochtimestr.com\/#\/schema\/person\/da94a416fed1aed029d0a47e85673b95","name":"Ali Kekliktepe","image":{"@type":"ImageObject","inLanguage":"tr","@id":"https:\/\/epochtimestr.com\/#\/schema\/person\/image\/","url":"https:\/\/secure.gravatar.com\/avatar\/6c965c3fc374c8f4af759baef4f38bcd?s=96&d=mm&r=g","contentUrl":"https:\/\/secure.gravatar.com\/avatar\/6c965c3fc374c8f4af759baef4f38bcd?s=96&d=mm&r=g","caption":"Ali Kekliktepe"},"description":"Ben Ali Kekliktepe; hayat\u0131n\u0131 \u00f6\u011frenmeye, \u00f6\u011fretmeye ve toplumsal fayda yaratmaya adam\u0131\u015f bir yazar ve profesyonelim. Kalemi sadece ka\u011f\u0131da dokunan bir ara\u00e7 de\u011fil, toplumun aksayan y\u00f6nlerine \u015fifa olan bir enstr\u00fcman olarak g\u00f6r\u00fcyorum.","sameAs":["https:\/\/alikekliktepemersin33.blogspot.com\/"],"url":"https:\/\/epochtimestr.com\/index.php\/author\/ali"}]}},"_links":{"self":[{"href":"https:\/\/epochtimestr.com\/index.php\/wp-json\/wp\/v2\/posts\/168042"}],"collection":[{"href":"https:\/\/epochtimestr.com\/index.php\/wp-json\/wp\/v2\/posts"}],"about":[{"href":"https:\/\/epochtimestr.com\/index.php\/wp-json\/wp\/v2\/types\/post"}],"author":[{"embeddable":true,"href":"https:\/\/epochtimestr.com\/index.php\/wp-json\/wp\/v2\/users\/14013"}],"replies":[{"embeddable":true,"href":"https:\/\/epochtimestr.com\/index.php\/wp-json\/wp\/v2\/comments?post=168042"}],"version-history":[{"count":1,"href":"https:\/\/epochtimestr.com\/index.php\/wp-json\/wp\/v2\/posts\/168042\/revisions"}],"predecessor-version":[{"id":168043,"href":"https:\/\/epochtimestr.com\/index.php\/wp-json\/wp\/v2\/posts\/168042\/revisions\/168043"}],"wp:featuredmedia":[{"embeddable":true,"href":"https:\/\/epochtimestr.com\/index.php\/wp-json\/wp\/v2\/media\/167144"}],"wp:attachment":[{"href":"https:\/\/epochtimestr.com\/index.php\/wp-json\/wp\/v2\/media?parent=168042"}],"wp:term":[{"taxonomy":"category","embeddable":true,"href":"https:\/\/epochtimestr.com\/index.php\/wp-json\/wp\/v2\/categories?post=168042"},{"taxonomy":"post_tag","embeddable":true,"href":"https:\/\/epochtimestr.com\/index.php\/wp-json\/wp\/v2\/tags?post=168042"}],"curies":[{"name":"wp","href":"https:\/\/api.w.org\/{rel}","templated":true}]}}