{"id":168044,"date":"2026-06-27T08:30:00","date_gmt":"2026-06-27T05:30:00","guid":{"rendered":"https:\/\/epochtimestr.com\/?p=168044"},"modified":"2026-06-26T23:02:24","modified_gmt":"2026-06-26T20:02:24","slug":"mucadeleyle-gecen-bir-omur","status":"publish","type":"post","link":"https:\/\/epochtimestr.com\/index.php\/mucadeleyle-gecen-bir-omur","title":{"rendered":"M\u00fccadeleyle Ge\u00e7en Bir \u00d6m\u00fcr"},"content":{"rendered":"\n<p><em>Bu yaz\u0131 ilk olarak 26 Ekim 2017 tarihinde inovatifhaber.com\u2019da yay\u0131mlanm\u0131\u015ft\u0131r.<\/em><\/p>\n\n\n\n<p class=\"has-text-align-right\">\u201cBilin\u00e7li ya\u015fayan insand\u0131r, ya\u015famayan biyolojik varl\u0131kt\u0131r\u201d \u015e. \u015eim\u015fek<\/p>\n\n\n\n<p>Bakmay\u0131n siz \u015fu anki haline. Bizim derne\u011fin de bulundu\u011fu Metropol \u0130\u015f Merkezi, bir zamanlar medya organlar\u0131n\u0131n, derneklerin, kurumlar\u0131n ve daha bir\u00e7ok ofis ve i\u015f yerlerinin k\u00fcmele\u015fti\u011fi bir yerdi. Sahaf Osman\u2019\u0131n kitap\u00e7\u0131 d\u00fckk\u00e2n\u0131 da bunlara d\u00e2hildi. O k\u00fc\u00e7\u00fck d\u00fckk\u00e2n ileride \u00fcyemiz ve yak\u0131n arkada\u015f\u0131m\u0131z olacak baz\u0131 insanlar\u0131n u\u011frak yeriydi. \u015eaban \u015eim\u015fek hocam\u0131z onlardan biriydi. Yazarlar Derne\u011fi\u2019ne yeni yeni gelmeye ba\u015flam\u0131\u015ft\u0131 ve bize kat\u0131lmay\u0131 d\u00fc\u015f\u00fcn\u00fcyordu. \u00dcyeli\u011fe unutamad\u0131\u011f\u0131m \u015fu s\u00f6zlerle karar k\u0131ld\u0131: \u201c1980\u2019den bu yana ilk defa bir derne\u011fe \u00fcye olmaya ikna oldum. Bunda senin pay\u0131n b\u00fcy\u00fck. \u00c7\u00fcnk\u00fc dernekte fikir \u00f6zg\u00fcrl\u00fc\u011f\u00fc var.\u201d San\u0131r\u0131m y\u0131l 2007 idi. \u0130\u015fte o g\u00fcnden bu tarafa dostlu\u011fumuz, \u00f6\u011frenci- \u00f6\u011fretmen ili\u015fkimiz s\u00fcregelir.<\/p>\n\n\n\n<p>Mersin do\u011fumlu \u015eaban hoca, 1966 y\u0131l\u0131nda Gaziantep \u00d6\u011fretmen Okulunu bitirdi. O d\u00f6nemler \u00f6\u011fretmenler hemen atan\u0131rd\u0131. Afyon I\u015f\u0131klar K\u00f6y\u00fcne tayini \u00e7\u0131kt\u0131. K\u00f6y\u00fcn Mersin\u2019e nazaran geri kalm\u0131\u015fl\u0131\u011f\u0131, yoksullu\u011fu onu \u00e7ok \u015fa\u015f\u0131rtt\u0131. K\u0131z \u00e7ocuklar\u0131 okutulmuyordu. Muhtarla i\u015f birli\u011fi yaparak, k\u0131zlar\u0131n okula kayd\u0131n\u0131 sa\u011flad\u0131. Yine muhtarla, di\u011fer k\u00f6yl\u00fclerle \u00e7abalar sonucu k\u00f6y, belediyeli\u011fe d\u00f6n\u00fc\u015ft\u00fc. Afyon\u2019da iki y\u0131l kald\u0131ktan sonra asker \u00f6\u011fretmen olarak Zonguldak\u2019a bir maden k\u00f6y\u00fcne gitti. Oras\u0131 bir madenci k\u00f6y\u00fcyd\u00fc ve Afyon\u2019daki k\u00f6ye g\u00f6re daha kalk\u0131nm\u0131\u015ft\u0131. \u0130lk grev deneyimini orada ya\u015fad\u0131. Asker \u00f6\u011fretmen olu\u015funa ra\u011fmen bir yolunu bulup greve kat\u0131ld\u0131. Yurt genelinde uygulanan bu grev sonucu, \u00f6\u011fretmenler birtak\u0131m iyile\u015ftirmeler elde ettiler.<\/p>\n\n\n\n<p>Askerlik sonras\u0131 ilk tercihi olan Mersin\u2019e geldi. Mersin \u00c7ukurke\u015flik K\u00f6y\u00fcnde g\u00f6rev yapt\u0131. Burada e\u015fiyle tan\u0131\u015ft\u0131. Ard\u0131ndan Adanal\u0131o\u011flu K\u00f6y\u00fcnde m\u00fcd\u00fcrl\u00fck yapt\u0131. Sonra Mersin merkeze atand\u0131. 1982 y\u0131l\u0131nda T\u00f6bder\u2019li olmaktan sekiz ay tutuklu kald\u0131. Beraat etti fakat alt\u0131 sene a\u00e7\u0131kta kald\u0131. Alt\u0131 y\u0131l boyunca \u00e7e\u015fitli i\u015flerden ge\u00e7imini kazand\u0131. A\u00e7t\u0131\u011f\u0131 dava sonucu 1988 y\u0131l\u0131nda tekrar mesle\u011fe d\u00f6nd\u00fc. 1994 y\u0131l\u0131nda emekli oldu ve sahafl\u0131\u011fa ba\u015flad\u0131.<\/p>\n\n\n\n<p>Yeni kitap sat\u0131\u015f\u0131, g\u00fcnl\u00fck ve y\u0131ll\u0131k k\u00fclt\u00fcrel de\u011fi\u015fime, geli\u015fime kaynakl\u0131k ederken, sahafl\u0131k \u00e7ok eskiden bu yana gelen de\u011fi\u015fimi ve geli\u015fimi kapsar. O, yeni i\u015finin katt\u0131klar\u0131n\u0131 \u015f\u00f6yle anlat\u0131r: \u201cZaman\u0131m boldu. Buldu\u011fum her \u015feyi okuyordum. Bu, mevcut olan beni, yeni yeni katk\u0131larla geli\u015ftirdi. Emekli olana kadar okuduklar\u0131m\u0131n birka\u00e7 kat\u0131n\u0131 o d\u00f6nemde okudum. Bir d\u00f6nem yasakl\u0131 olan kitaplar buna d\u00e2hil.\u201d<\/p>\n\n\n\n<p>Bilgilenmek \u015eaban \u015eim\u015fek i\u00e7in \u00f6nemlidir. Ona g\u00f6re bilgilendik\u00e7e, d\u00fcnyaya ormanda tek bir a\u011faca bakar gibi de\u011fil de orman\u0131n t\u00fcm\u00fcne bakmak gibi, topluca bak\u0131\u015f a\u00e7\u0131s\u0131 geli\u015fir.<\/p>\n\n\n\n<p>Okumak kadar yazmak da hocan\u0131n hayat\u0131nda b\u00fcy\u00fck yer tutar. \u00c7e\u015fitli dergilerde ve internet sitelerinde \u00f6yk\u00fcleri yay\u0131mlan\u0131r. Eskiden beri ilgi duydu\u011fu edebiyata son y\u0131llarda daha bir a\u011f\u0131rl\u0131k verdi. Yedi roman dosyas\u0131 haz\u0131rlad\u0131 ve g\u00f6r\u00fcc\u00fcye \u00e7\u0131kt\u0131. Bunlardan sadece \u201cToplay\u0131c\u0131\u201d adl\u0131 roman yay\u0131mlanma imk\u00e2n\u0131 buldu. Kitapta bir Mersin \u00f6yk\u00fcs\u00fc ele al\u0131nm\u0131\u015f. \u00c7\u00f6p toplay\u0131c\u0131lar\u0131n\u0131n ac\u0131lar\u0131n\u0131, kayg\u0131lar\u0131n\u0131, d\u00fczene isyanlar\u0131n\u0131 ve \u00f6rg\u00fctlenmelerini konu ediyor. \u0130leride bu roman hakk\u0131nda ayr\u0131 bir yaz\u0131 kaleme alaca\u011f\u0131m.<\/p>\n\n\n\n<p>Halk k\u00fclt\u00fcr\u00fc de hoca i\u00e7in ayr\u0131cal\u0131kl\u0131 konumdad\u0131r. O, halk k\u00fclt\u00fcr\u00fcn\u00fc ara\u015ft\u0131r\u0131rken, k\u00fclt\u00fcr bezeklerinin mitolojiden kaynakland\u0131\u011f\u0131n\u0131 g\u00f6rd\u00fc. Kendini halk k\u00fclt\u00fcr\u00fc konusunda bilgili hisseder ve \u015f\u00f6yle der: \u201cAnadolu k\u00fclt\u00fcr\u00fc salt T\u00fcrk k\u00fclt\u00fcr\u00fcnden ibaret de\u011fildir. Asya\u2019dan getirilir, \u0130ran\u2019dan bir \u015feyler kat\u0131l\u0131r, Araplardan bir \u015feyler eklenir, Anadolu uygarl\u0131klar\u0131ndan M\u0131s\u0131r uygarl\u0131\u011f\u0131na var\u0131r. Kendimi Y\u00f6r\u00fck k\u00fclt\u00fcr\u00fc i\u00e7inden gelmi\u015f kabul eder ve b\u00fct\u00fcn k\u00fclt\u00fcrlerin bir bile\u015fimi gibi hissederim.\u201d<\/p>\n\n\n\n<p>Son y\u0131llarda hastaland\u0131 ama hayata \u0131srarla tutundu, hi\u00e7 b\u0131rakmad\u0131. Ona g\u00f6re insan, hayat\u0131 \u00f6nemsemeli ve hayatla bar\u0131\u015f\u0131k ya\u015famal\u0131. Yine kendi deyimiyle \u201c\u0130ki defa gitti geldi\u201d. O, \u00f6l\u00fcm\u00fc ac\u0131 veren bir deneyim olarak g\u00f6rmez. \u00d6l\u00fcm, bir \u015fey elde edememenin buruklu\u011funu ya\u015fat\u0131r insana, ac\u0131y\u0131 ise yak\u0131nlar\u0131 \u00e7eker. Hoca ile s\u00f6yle\u015fiyi bir k\u00f6\u015fe yaz\u0131s\u0131na s\u0131\u011fd\u0131rmak ne m\u00fcmk\u00fcn. Son s\u00f6zleri ona b\u0131rakarak bitiriyorum:<\/p>\n\n\n\n<p>\u201cBilgilenmek davran\u0131\u015f de\u011fi\u015fikli\u011fine yol a\u00e7ar. Davran\u0131\u015f de\u011fi\u015fikli\u011fine yol a\u00e7mayan bilgi, inan\u00e7 d\u00fczeyinde kal\u0131r.\u201d<\/p>\n","protected":false},"excerpt":{"rendered":"<p>Bu yaz\u0131 ilk olarak 26 Ekim 2017 tarihinde inovatifhaber.com\u2019da yay\u0131mlanm\u0131\u015ft\u0131r. \u201cBilin\u00e7li ya\u015fayan insand\u0131r, ya\u015famayan biyolojik varl\u0131kt\u0131r\u201d \u015e. \u015eim\u015fek Bakmay\u0131n siz \u015fu anki haline. Bizim derne\u011fin de bulundu\u011fu Metropol \u0130\u015f Merkezi, bir zamanlar medya organlar\u0131n\u0131n, derneklerin, kurumlar\u0131n ve daha bir\u00e7ok ofis ve i\u015f yerlerinin k\u00fcmele\u015fti\u011fi bir yerdi. Sahaf Osman\u2019\u0131n kitap\u00e7\u0131 d\u00fckk\u00e2n\u0131 da bunlara d\u00e2hildi. O k\u00fc\u00e7\u00fck [&hellip;]<\/p>\n","protected":false},"author":14001,"featured_media":161038,"comment_status":"open","ping_status":"open","sticky":false,"template":"","format":"standard","meta":{"_yoast_wpseo_focuskw":"\u015eaban \u015eim\u015fek","_yoast_wpseo_title":"","_yoast_wpseo_metadesc":"Sahaf Osman\u2019\u0131n d\u00fckk\u00e2n\u0131 ileride \u00fcyemiz ve yak\u0131n arkada\u015f\u0131m\u0131z olacak baz\u0131 insanlar\u0131n u\u011frak yeriydi. \u015eaban \u015eim\u015fek hocam\u0131z onlardan biriydi.","_bbp_topic_count":0,"_bbp_reply_count":0,"_bbp_total_topic_count":0,"_bbp_total_reply_count":0,"_bbp_voice_count":0,"_bbp_anonymous_reply_count":0,"_bbp_topic_count_hidden":0,"_bbp_reply_count_hidden":0,"_bbp_forum_subforum_count":0,"footnotes":"","_yoast_wpseo_focuskw_text_input":""},"categories":[9170],"tags":[],"yoast_head":"<!-- This site is optimized with the Yoast SEO plugin v23.0 - https:\/\/yoast.com\/wordpress\/plugins\/seo\/ -->\n<title>M\u00fccadeleyle Ge\u00e7en Bir \u00d6m\u00fcr - The Epoch Times TR<\/title>\n<meta name=\"description\" content=\"Sahaf Osman\u2019\u0131n d\u00fckk\u00e2n\u0131 ileride \u00fcyemiz ve yak\u0131n arkada\u015f\u0131m\u0131z olacak baz\u0131 insanlar\u0131n u\u011frak yeriydi. \u015eaban \u015eim\u015fek hocam\u0131z onlardan biriydi.\" \/>\n<meta name=\"robots\" content=\"index, follow, max-snippet:-1, max-image-preview:large, max-video-preview:-1\" \/>\n<link rel=\"canonical\" href=\"https:\/\/epochtimestr.com\/index.php\/mucadeleyle-gecen-bir-omur\" \/>\n<meta property=\"og:locale\" content=\"tr_TR\" \/>\n<meta property=\"og:type\" content=\"article\" \/>\n<meta property=\"og:title\" content=\"M\u00fccadeleyle Ge\u00e7en Bir \u00d6m\u00fcr - The Epoch Times TR\" \/>\n<meta property=\"og:description\" content=\"Sahaf Osman\u2019\u0131n d\u00fckk\u00e2n\u0131 ileride \u00fcyemiz ve yak\u0131n arkada\u015f\u0131m\u0131z olacak baz\u0131 insanlar\u0131n u\u011frak yeriydi. \u015eaban \u015eim\u015fek hocam\u0131z onlardan biriydi.\" \/>\n<meta property=\"og:url\" content=\"https:\/\/epochtimestr.com\/index.php\/mucadeleyle-gecen-bir-omur\" \/>\n<meta property=\"og:site_name\" content=\"The Epoch Times TR\" \/>\n<meta property=\"article:publisher\" content=\"https:\/\/www.facebook.com\/theepochtimestr\" \/>\n<meta property=\"article:published_time\" content=\"2026-06-27T05:30:00+00:00\" \/>\n<meta property=\"article:modified_time\" content=\"2026-06-26T20:02:24+00:00\" \/>\n<meta property=\"og:image\" content=\"https:\/\/epochtimestr.com\/wp-content\/uploads\/2011y\/bzct-ss.jpg\" \/>\n\t<meta property=\"og:image:width\" content=\"1200\" \/>\n\t<meta property=\"og:image:height\" content=\"630\" \/>\n\t<meta property=\"og:image:type\" content=\"image\/jpeg\" \/>\n<meta name=\"author\" content=\"Bekir Zorba\" \/>\n<meta name=\"twitter:card\" content=\"summary_large_image\" \/>\n<meta name=\"twitter:creator\" content=\"@TheEpochTimesTR\" \/>\n<meta name=\"twitter:site\" content=\"@TheEpochTimesTR\" \/>\n<meta name=\"twitter:label1\" content=\"Yazan:\" \/>\n\t<meta name=\"twitter:data1\" content=\"Bekir Zorba\" \/>\n\t<meta name=\"twitter:label2\" content=\"Tahmini okuma s\u00fcresi\" \/>\n\t<meta name=\"twitter:data2\" content=\"4 dakika\" \/>\n<script type=\"application\/ld+json\" class=\"yoast-schema-graph\">{\"@context\":\"https:\/\/schema.org\",\"@graph\":[{\"@type\":\"Article\",\"@id\":\"https:\/\/epochtimestr.com\/index.php\/mucadeleyle-gecen-bir-omur#article\",\"isPartOf\":{\"@id\":\"https:\/\/epochtimestr.com\/index.php\/mucadeleyle-gecen-bir-omur\"},\"author\":{\"name\":\"Bekir Zorba\",\"@id\":\"https:\/\/epochtimestr.com\/#\/schema\/person\/da1ad104599611965442ed3e7e9acb2b\"},\"headline\":\"M\u00fccadeleyle Ge\u00e7en Bir \u00d6m\u00fcr\",\"datePublished\":\"2026-06-27T05:30:00+00:00\",\"dateModified\":\"2026-06-26T20:02:24+00:00\",\"mainEntityOfPage\":{\"@id\":\"https:\/\/epochtimestr.com\/index.php\/mucadeleyle-gecen-bir-omur\"},\"wordCount\":850,\"commentCount\":0,\"publisher\":{\"@id\":\"https:\/\/epochtimestr.com\/#organization\"},\"image\":{\"@id\":\"https:\/\/epochtimestr.com\/index.php\/mucadeleyle-gecen-bir-omur#primaryimage\"},\"thumbnailUrl\":\"https:\/\/epochtimestr.com\/wp-content\/uploads\/2011y\/Bekir-Zorba.png\",\"articleSection\":[\"K\u00f6\u015fe Yaz\u0131lar\u0131 Bekir Zorba\"],\"inLanguage\":\"tr\",\"potentialAction\":[{\"@type\":\"CommentAction\",\"name\":\"Comment\",\"target\":[\"https:\/\/epochtimestr.com\/index.php\/mucadeleyle-gecen-bir-omur#respond\"]}]},{\"@type\":\"WebPage\",\"@id\":\"https:\/\/epochtimestr.com\/index.php\/mucadeleyle-gecen-bir-omur\",\"url\":\"https:\/\/epochtimestr.com\/index.php\/mucadeleyle-gecen-bir-omur\",\"name\":\"M\u00fccadeleyle Ge\u00e7en Bir \u00d6m\u00fcr - The Epoch Times TR\",\"isPartOf\":{\"@id\":\"https:\/\/epochtimestr.com\/#website\"},\"primaryImageOfPage\":{\"@id\":\"https:\/\/epochtimestr.com\/index.php\/mucadeleyle-gecen-bir-omur#primaryimage\"},\"image\":{\"@id\":\"https:\/\/epochtimestr.com\/index.php\/mucadeleyle-gecen-bir-omur#primaryimage\"},\"thumbnailUrl\":\"https:\/\/epochtimestr.com\/wp-content\/uploads\/2011y\/Bekir-Zorba.png\",\"datePublished\":\"2026-06-27T05:30:00+00:00\",\"dateModified\":\"2026-06-26T20:02:24+00:00\",\"description\":\"Sahaf Osman\u2019\u0131n d\u00fckk\u00e2n\u0131 ileride \u00fcyemiz ve yak\u0131n arkada\u015f\u0131m\u0131z olacak baz\u0131 insanlar\u0131n u\u011frak yeriydi. \u015eaban \u015eim\u015fek hocam\u0131z onlardan biriydi.\",\"inLanguage\":\"tr\",\"potentialAction\":[{\"@type\":\"ReadAction\",\"target\":[\"https:\/\/epochtimestr.com\/index.php\/mucadeleyle-gecen-bir-omur\"]}]},{\"@type\":\"ImageObject\",\"inLanguage\":\"tr\",\"@id\":\"https:\/\/epochtimestr.com\/index.php\/mucadeleyle-gecen-bir-omur#primaryimage\",\"url\":\"https:\/\/epochtimestr.com\/wp-content\/uploads\/2011y\/Bekir-Zorba.png\",\"contentUrl\":\"https:\/\/epochtimestr.com\/wp-content\/uploads\/2011y\/Bekir-Zorba.png\",\"width\":600,\"height\":600},{\"@type\":\"WebSite\",\"@id\":\"https:\/\/epochtimestr.com\/#website\",\"url\":\"https:\/\/epochtimestr.com\/\",\"name\":\"The Epoch Times TR\",\"description\":\"De\u011fi\u015fen D\u00fcnyam\u0131za Taze Bir Bak\u0131\u015f\",\"publisher\":{\"@id\":\"https:\/\/epochtimestr.com\/#organization\"},\"potentialAction\":[{\"@type\":\"SearchAction\",\"target\":{\"@type\":\"EntryPoint\",\"urlTemplate\":\"https:\/\/epochtimestr.com\/?s={search_term_string}\"},\"query-input\":\"required name=search_term_string\"}],\"inLanguage\":\"tr\"},{\"@type\":\"Organization\",\"@id\":\"https:\/\/epochtimestr.com\/#organization\",\"name\":\"The EpochTimes T\u00fcrkiye\",\"url\":\"https:\/\/epochtimestr.com\/\",\"logo\":{\"@type\":\"ImageObject\",\"inLanguage\":\"tr\",\"@id\":\"https:\/\/epochtimestr.com\/#\/schema\/logo\/image\/\",\"url\":\"https:\/\/epochtimestr.com\/wp-content\/uploads\/2011y\/ET-Logo-YG.jpg\",\"contentUrl\":\"https:\/\/epochtimestr.com\/wp-content\/uploads\/2011y\/ET-Logo-YG.jpg\",\"width\":346,\"height\":29,\"caption\":\"The EpochTimes T\u00fcrkiye\"},\"image\":{\"@id\":\"https:\/\/epochtimestr.com\/#\/schema\/logo\/image\/\"},\"sameAs\":[\"https:\/\/www.facebook.com\/theepochtimestr\",\"https:\/\/x.com\/TheEpochTimesTR\",\"https:\/\/www.instagram.com\/epochtimestr\"]},{\"@type\":\"Person\",\"@id\":\"https:\/\/epochtimestr.com\/#\/schema\/person\/da1ad104599611965442ed3e7e9acb2b\",\"name\":\"Bekir Zorba\",\"image\":{\"@type\":\"ImageObject\",\"inLanguage\":\"tr\",\"@id\":\"https:\/\/epochtimestr.com\/#\/schema\/person\/image\/\",\"url\":\"https:\/\/secure.gravatar.com\/avatar\/eafd40d9b77b1fbf7c565a3d4916b79c?s=96&d=mm&r=g\",\"contentUrl\":\"https:\/\/secure.gravatar.com\/avatar\/eafd40d9b77b1fbf7c565a3d4916b79c?s=96&d=mm&r=g\",\"caption\":\"Bekir Zorba\"},\"url\":\"https:\/\/epochtimestr.com\/index.php\/author\/bekir\"}]}<\/script>\n<!-- \/ Yoast SEO plugin. -->","yoast_head_json":{"title":"M\u00fccadeleyle Ge\u00e7en Bir \u00d6m\u00fcr - The Epoch Times TR","description":"Sahaf Osman\u2019\u0131n d\u00fckk\u00e2n\u0131 ileride \u00fcyemiz ve yak\u0131n arkada\u015f\u0131m\u0131z olacak baz\u0131 insanlar\u0131n u\u011frak yeriydi. \u015eaban \u015eim\u015fek hocam\u0131z onlardan biriydi.","robots":{"index":"index","follow":"follow","max-snippet":"max-snippet:-1","max-image-preview":"max-image-preview:large","max-video-preview":"max-video-preview:-1"},"canonical":"https:\/\/epochtimestr.com\/index.php\/mucadeleyle-gecen-bir-omur","og_locale":"tr_TR","og_type":"article","og_title":"M\u00fccadeleyle Ge\u00e7en Bir \u00d6m\u00fcr - The Epoch Times TR","og_description":"Sahaf Osman\u2019\u0131n d\u00fckk\u00e2n\u0131 ileride \u00fcyemiz ve yak\u0131n arkada\u015f\u0131m\u0131z olacak baz\u0131 insanlar\u0131n u\u011frak yeriydi. \u015eaban \u015eim\u015fek hocam\u0131z onlardan biriydi.","og_url":"https:\/\/epochtimestr.com\/index.php\/mucadeleyle-gecen-bir-omur","og_site_name":"The Epoch Times TR","article_publisher":"https:\/\/www.facebook.com\/theepochtimestr","article_published_time":"2026-06-27T05:30:00+00:00","article_modified_time":"2026-06-26T20:02:24+00:00","og_image":[{"width":1200,"height":630,"url":"https:\/\/epochtimestr.com\/wp-content\/uploads\/2011y\/bzct-ss.jpg","type":"image\/jpeg"}],"author":"Bekir Zorba","twitter_card":"summary_large_image","twitter_creator":"@TheEpochTimesTR","twitter_site":"@TheEpochTimesTR","twitter_misc":{"Yazan:":"Bekir Zorba","Tahmini okuma s\u00fcresi":"4 dakika"},"schema":{"@context":"https:\/\/schema.org","@graph":[{"@type":"Article","@id":"https:\/\/epochtimestr.com\/index.php\/mucadeleyle-gecen-bir-omur#article","isPartOf":{"@id":"https:\/\/epochtimestr.com\/index.php\/mucadeleyle-gecen-bir-omur"},"author":{"name":"Bekir Zorba","@id":"https:\/\/epochtimestr.com\/#\/schema\/person\/da1ad104599611965442ed3e7e9acb2b"},"headline":"M\u00fccadeleyle Ge\u00e7en Bir \u00d6m\u00fcr","datePublished":"2026-06-27T05:30:00+00:00","dateModified":"2026-06-26T20:02:24+00:00","mainEntityOfPage":{"@id":"https:\/\/epochtimestr.com\/index.php\/mucadeleyle-gecen-bir-omur"},"wordCount":850,"commentCount":0,"publisher":{"@id":"https:\/\/epochtimestr.com\/#organization"},"image":{"@id":"https:\/\/epochtimestr.com\/index.php\/mucadeleyle-gecen-bir-omur#primaryimage"},"thumbnailUrl":"https:\/\/epochtimestr.com\/wp-content\/uploads\/2011y\/Bekir-Zorba.png","articleSection":["K\u00f6\u015fe Yaz\u0131lar\u0131 Bekir Zorba"],"inLanguage":"tr","potentialAction":[{"@type":"CommentAction","name":"Comment","target":["https:\/\/epochtimestr.com\/index.php\/mucadeleyle-gecen-bir-omur#respond"]}]},{"@type":"WebPage","@id":"https:\/\/epochtimestr.com\/index.php\/mucadeleyle-gecen-bir-omur","url":"https:\/\/epochtimestr.com\/index.php\/mucadeleyle-gecen-bir-omur","name":"M\u00fccadeleyle Ge\u00e7en Bir \u00d6m\u00fcr - The Epoch Times TR","isPartOf":{"@id":"https:\/\/epochtimestr.com\/#website"},"primaryImageOfPage":{"@id":"https:\/\/epochtimestr.com\/index.php\/mucadeleyle-gecen-bir-omur#primaryimage"},"image":{"@id":"https:\/\/epochtimestr.com\/index.php\/mucadeleyle-gecen-bir-omur#primaryimage"},"thumbnailUrl":"https:\/\/epochtimestr.com\/wp-content\/uploads\/2011y\/Bekir-Zorba.png","datePublished":"2026-06-27T05:30:00+00:00","dateModified":"2026-06-26T20:02:24+00:00","description":"Sahaf Osman\u2019\u0131n d\u00fckk\u00e2n\u0131 ileride \u00fcyemiz ve yak\u0131n arkada\u015f\u0131m\u0131z olacak baz\u0131 insanlar\u0131n u\u011frak yeriydi. \u015eaban \u015eim\u015fek hocam\u0131z onlardan biriydi.","inLanguage":"tr","potentialAction":[{"@type":"ReadAction","target":["https:\/\/epochtimestr.com\/index.php\/mucadeleyle-gecen-bir-omur"]}]},{"@type":"ImageObject","inLanguage":"tr","@id":"https:\/\/epochtimestr.com\/index.php\/mucadeleyle-gecen-bir-omur#primaryimage","url":"https:\/\/epochtimestr.com\/wp-content\/uploads\/2011y\/Bekir-Zorba.png","contentUrl":"https:\/\/epochtimestr.com\/wp-content\/uploads\/2011y\/Bekir-Zorba.png","width":600,"height":600},{"@type":"WebSite","@id":"https:\/\/epochtimestr.com\/#website","url":"https:\/\/epochtimestr.com\/","name":"The Epoch Times TR","description":"De\u011fi\u015fen D\u00fcnyam\u0131za Taze Bir Bak\u0131\u015f","publisher":{"@id":"https:\/\/epochtimestr.com\/#organization"},"potentialAction":[{"@type":"SearchAction","target":{"@type":"EntryPoint","urlTemplate":"https:\/\/epochtimestr.com\/?s={search_term_string}"},"query-input":"required name=search_term_string"}],"inLanguage":"tr"},{"@type":"Organization","@id":"https:\/\/epochtimestr.com\/#organization","name":"The EpochTimes T\u00fcrkiye","url":"https:\/\/epochtimestr.com\/","logo":{"@type":"ImageObject","inLanguage":"tr","@id":"https:\/\/epochtimestr.com\/#\/schema\/logo\/image\/","url":"https:\/\/epochtimestr.com\/wp-content\/uploads\/2011y\/ET-Logo-YG.jpg","contentUrl":"https:\/\/epochtimestr.com\/wp-content\/uploads\/2011y\/ET-Logo-YG.jpg","width":346,"height":29,"caption":"The EpochTimes T\u00fcrkiye"},"image":{"@id":"https:\/\/epochtimestr.com\/#\/schema\/logo\/image\/"},"sameAs":["https:\/\/www.facebook.com\/theepochtimestr","https:\/\/x.com\/TheEpochTimesTR","https:\/\/www.instagram.com\/epochtimestr"]},{"@type":"Person","@id":"https:\/\/epochtimestr.com\/#\/schema\/person\/da1ad104599611965442ed3e7e9acb2b","name":"Bekir Zorba","image":{"@type":"ImageObject","inLanguage":"tr","@id":"https:\/\/epochtimestr.com\/#\/schema\/person\/image\/","url":"https:\/\/secure.gravatar.com\/avatar\/eafd40d9b77b1fbf7c565a3d4916b79c?s=96&d=mm&r=g","contentUrl":"https:\/\/secure.gravatar.com\/avatar\/eafd40d9b77b1fbf7c565a3d4916b79c?s=96&d=mm&r=g","caption":"Bekir Zorba"},"url":"https:\/\/epochtimestr.com\/index.php\/author\/bekir"}]}},"_links":{"self":[{"href":"https:\/\/epochtimestr.com\/index.php\/wp-json\/wp\/v2\/posts\/168044"}],"collection":[{"href":"https:\/\/epochtimestr.com\/index.php\/wp-json\/wp\/v2\/posts"}],"about":[{"href":"https:\/\/epochtimestr.com\/index.php\/wp-json\/wp\/v2\/types\/post"}],"author":[{"embeddable":true,"href":"https:\/\/epochtimestr.com\/index.php\/wp-json\/wp\/v2\/users\/14001"}],"replies":[{"embeddable":true,"href":"https:\/\/epochtimestr.com\/index.php\/wp-json\/wp\/v2\/comments?post=168044"}],"version-history":[{"count":1,"href":"https:\/\/epochtimestr.com\/index.php\/wp-json\/wp\/v2\/posts\/168044\/revisions"}],"predecessor-version":[{"id":168046,"href":"https:\/\/epochtimestr.com\/index.php\/wp-json\/wp\/v2\/posts\/168044\/revisions\/168046"}],"wp:featuredmedia":[{"embeddable":true,"href":"https:\/\/epochtimestr.com\/index.php\/wp-json\/wp\/v2\/media\/161038"}],"wp:attachment":[{"href":"https:\/\/epochtimestr.com\/index.php\/wp-json\/wp\/v2\/media?parent=168044"}],"wp:term":[{"taxonomy":"category","embeddable":true,"href":"https:\/\/epochtimestr.com\/index.php\/wp-json\/wp\/v2\/categories?post=168044"},{"taxonomy":"post_tag","embeddable":true,"href":"https:\/\/epochtimestr.com\/index.php\/wp-json\/wp\/v2\/tags?post=168044"}],"curies":[{"name":"wp","href":"https:\/\/api.w.org\/{rel}","templated":true}]}}