{"id":168049,"date":"2026-06-28T07:00:00","date_gmt":"2026-06-28T04:00:00","guid":{"rendered":"https:\/\/epochtimestr.com\/?p=168049"},"modified":"2026-06-27T22:00:25","modified_gmt":"2026-06-27T19:00:25","slug":"betonun-atesini-kim-sondurecek","status":"publish","type":"post","link":"https:\/\/epochtimestr.com\/index.php\/betonun-atesini-kim-sondurecek","title":{"rendered":"Betonun Ate\u015fini Kim S\u00f6nd\u00fcrecek?"},"content":{"rendered":"\n<p>G\u00fcne\u015fin g\u00f6ky\u00fcz\u00fcnde adeta bir kor gibi parlad\u0131\u011f\u0131, asfalttan y\u00fckselen s\u0131cakl\u0131\u011f\u0131n seraplar olu\u015fturdu\u011fu o malum g\u00fcnlerdeyiz. Klimalar\u0131n motorlar\u0131 son s\u00fcrat d\u00f6n\u00fcyor, vantilat\u00f6rler \u00e7aresizce s\u0131cak havay\u0131 \u00fcfl\u00fcyor, bizler ise g\u00f6lge bir yer bulabilmek i\u00e7in adeta k\u00f6\u015fe kapmaca oynuyoruz. Kent sakinleri olarak her yaz ayn\u0131 soruyu soruyoruz: <em>Bu \u015fehirler neden bu kadar s\u0131cak?<\/em><\/p>\n\n\n\n<p>Cevap basit ama kabullenmesi zor: \u015eehirlerimizi kendi ellerimizle birer f\u0131r\u0131na d\u00f6n\u00fc\u015ft\u00fcrd\u00fck. Ancak bu f\u0131r\u0131n\u0131n i\u00e7inde bizi serinletecek muazzam, sessiz ve bedava bir teknolojimiz var. \u00dcstelik ne fi\u015fe tak\u0131l\u0131yor ne de ay sonu elektrik faturas\u0131 getiriyor.<\/p>\n\n\n\n<p><strong>A\u011fa\u00e7lardan bahsediyorum.<\/strong><\/p>\n\n\n\n<h3 class=\"wp-block-heading\">Do\u011fal Klimalar \u0130\u015f Ba\u015f\u0131nda<\/h3>\n\n\n\n<p>Bir\u00e7o\u011fumuz a\u011fa\u00e7lar\u0131 sadece &#8220;g\u00f6lge yapan ye\u015fillikler&#8221; olarak g\u00f6r\u00fcr\u00fcz. Oysa bir a\u011fa\u00e7, g\u00f6lgesinden \u00e7ok daha fazlas\u0131d\u0131r; o, do\u011fan\u0131n m\u00fchendislik harikas\u0131 bir klimas\u0131d\u0131r.<\/p>\n\n\n\n<p>Bilim insanlar\u0131 buna &#8220;<strong>evapotranspirasyon<\/strong>&#8221; yani terleme diyor. A\u011fa\u00e7lar, k\u00f6kleriyle \u00e7ektikleri suyu yapraklar\u0131ndan havaya buhar olarak salarlar. Bu s\u00fcre\u00e7, \u00e7evredeki \u0131s\u0131 enerjisini emer ve havay\u0131 so\u011futur. Ara\u015ft\u0131rmalar, olgun bir a\u011fac\u0131n tek ba\u015f\u0131na, g\u00fcnde 10 odal\u0131k bir kliman\u0131n 20 saat boyunca \u00e7al\u0131\u015fmas\u0131na e\u015fde\u011fer bir so\u011futma g\u00fcc\u00fc \u00fcretti\u011fini g\u00f6steriyor. Hem de karbon salmadan, tam aksine karbonu yutarak!<\/p>\n\n\n\n<p>Dahas\u0131, beton ve asfalt g\u00fcne\u015f \u0131\u015f\u0131nlar\u0131n\u0131 emip, gece boyu \u00e7evreye radyasyon olarak yayarken (biz buna kentsel \u0131s\u0131 adas\u0131 etkisi diyoruz), a\u011fa\u00e7lar bu \u00f6l\u00fcmc\u00fcl d\u00f6ng\u00fcy\u00fc k\u0131r\u0131yor. Yap\u0131lan \u00f6l\u00e7\u00fcmlere g\u00f6re, a\u011fa\u00e7land\u0131r\u0131lm\u0131\u015f bir sokak ile sadece birka\u00e7 y\u00fcz metre \u00f6tedeki beton bir cadde aras\u0131nda <strong>3 ila 7 dereceye varan<\/strong> devasa bir s\u0131cakl\u0131k fark\u0131 olu\u015fabiliyor.<\/p>\n\n\n\n<h3 class=\"wp-block-heading\">&#8220;G\u00f6lge&#8221; L\u00fcks De\u011fil, \u0130htiya\u00e7t\u0131r<\/h3>\n\n\n\n<p>Bug\u00fcn \u015fehirlerimizde bir a\u011fac\u0131n g\u00f6lgesine s\u0131\u011f\u0131nmak, ne yaz\u0131k ki bir l\u00fcks haline geldi. Parklar\u0131 otoparka d\u00f6n\u00fc\u015ft\u00fcrd\u00fc\u011f\u00fcm\u00fcz, her bo\u015flu\u011fa bir rezidans dikti\u011fimiz kentsel d\u00f6n\u00fc\u015f\u00fcm furyas\u0131nda unuttu\u011fumuz bir \u015fey var: <strong>Betonu sulayarak serinletemezsiniz.<\/strong><\/p>\n\n\n\n<p>A\u011fa\u00e7 dikmek, sadece g\u00f6ze ho\u015f gelen bir peyzaj \u00e7al\u0131\u015fmas\u0131 veya bir &#8220;\u00e7evre duyarl\u0131l\u0131\u011f\u0131&#8221; meselesi de\u011fildir. K\u00fcresel kaynama \u00e7a\u011f\u0131nda \u015fehirlerde a\u011fa\u00e7 varl\u0131\u011f\u0131n\u0131 art\u0131rmak, do\u011frudan bir <strong>halk sa\u011fl\u0131\u011f\u0131 ve hayatta kalma m\u00fccadelesidir.<\/strong> S\u0131cak dalgalar\u0131n\u0131n tetikledi\u011fi sa\u011fl\u0131k sorunlar\u0131n\u0131 \u00f6nlemenin en ucuz, en s\u00fcrd\u00fcr\u00fclebilir yolu, sokaklar\u0131m\u0131z\u0131 yeniden ye\u015fille bulu\u015fturmakt\u0131r.<\/p>\n\n\n\n<h3 class=\"wp-block-heading\">Yar\u0131n \u00c7ok Ge\u00e7 Olabilir<\/h3>\n\n\n\n<p>Bir \u00e7\u0131nar\u0131n dikildi\u011fi g\u00fcn, g\u00f6lgesinde oturaca\u011f\u0131m\u0131z g\u00fcn de\u011fildir elbet. Bug\u00fcn\u00fcn serinli\u011fi, d\u00fcn dikilen a\u011fa\u00e7lar\u0131n hediyesidir. E\u011fer gelecekte \u00e7ocuklar\u0131m\u0131z\u0131n klimalara mahk\u00fbm oldu\u011fu, soka\u011fa \u00e7\u0131kamad\u0131\u011f\u0131 yazlar ya\u015famas\u0131n\u0131 istemiyorsak, bug\u00fcnden \u015fehir planlama anlay\u0131\u015f\u0131m\u0131z\u0131 k\u00f6kten de\u011fi\u015ftirmeliyiz.<\/p>\n\n\n\n<p>Yollara sadece \u015ferit geni\u015fletmek i\u00e7in de\u011fil, a\u011fa\u00e7 dikmek i\u00e7in de yer a\u00e7mal\u0131y\u0131z. Unutmayal\u0131m, bizi betonun vaat etti\u011fi yapay konfor de\u011fil, do\u011fan\u0131n c\u00f6mert\u00e7e sundu\u011fu o serin g\u00f6lge kurtaracak.<\/p>\n\n\n\n<p>\u015eimdi soral\u0131m kendimize: Bug\u00fcn \u015fehrimize, mahallemize, kap\u0131m\u0131z\u0131n \u00f6n\u00fcne bir g\u00f6lge b\u0131rakt\u0131k m\u0131?<\/p>\n","protected":false},"excerpt":{"rendered":"<p>G\u00fcne\u015fin g\u00f6ky\u00fcz\u00fcnde adeta bir kor gibi parlad\u0131\u011f\u0131, asfalttan y\u00fckselen s\u0131cakl\u0131\u011f\u0131n seraplar olu\u015fturdu\u011fu o malum g\u00fcnlerdeyiz. Klimalar\u0131n motorlar\u0131 son s\u00fcrat d\u00f6n\u00fcyor, vantilat\u00f6rler \u00e7aresizce s\u0131cak havay\u0131 \u00fcfl\u00fcyor, bizler ise g\u00f6lge bir yer bulabilmek i\u00e7in adeta k\u00f6\u015fe kapmaca oynuyoruz. Kent sakinleri olarak her yaz ayn\u0131 soruyu soruyoruz: Bu \u015fehirler neden bu kadar s\u0131cak? Cevap basit ama kabullenmesi zor: [&hellip;]<\/p>\n","protected":false},"author":14013,"featured_media":167144,"comment_status":"open","ping_status":"open","sticky":false,"template":"","format":"standard","meta":{"_yoast_wpseo_focuskw":"g\u00f6lge","_yoast_wpseo_title":"","_yoast_wpseo_metadesc":"G\u00fcne\u015fin g\u00f6ky\u00fcz\u00fcnde adeta bir kor gibi parlad\u0131\u011f\u0131, asfalttan y\u00fckselen s\u0131cakl\u0131\u011f\u0131n seraplar olu\u015fturdu\u011fu o malum g\u00fcnlerdeyiz.","_bbp_topic_count":0,"_bbp_reply_count":0,"_bbp_total_topic_count":0,"_bbp_total_reply_count":0,"_bbp_voice_count":0,"_bbp_anonymous_reply_count":0,"_bbp_topic_count_hidden":0,"_bbp_reply_count_hidden":0,"_bbp_forum_subforum_count":0,"footnotes":"","_yoast_wpseo_focuskw_text_input":""},"categories":[11361],"tags":[],"yoast_head":"<!-- This site is optimized with the Yoast SEO plugin v23.0 - https:\/\/yoast.com\/wordpress\/plugins\/seo\/ -->\n<title>Betonun Ate\u015fini Kim S\u00f6nd\u00fcrecek? - The Epoch Times TR<\/title>\n<meta name=\"description\" content=\"G\u00fcne\u015fin g\u00f6ky\u00fcz\u00fcnde adeta bir kor gibi parlad\u0131\u011f\u0131, asfalttan y\u00fckselen s\u0131cakl\u0131\u011f\u0131n seraplar olu\u015fturdu\u011fu o malum g\u00fcnlerdeyiz.\" \/>\n<meta name=\"robots\" content=\"index, follow, max-snippet:-1, max-image-preview:large, max-video-preview:-1\" \/>\n<link rel=\"canonical\" href=\"https:\/\/epochtimestr.com\/index.php\/betonun-atesini-kim-sondurecek\" \/>\n<meta property=\"og:locale\" content=\"tr_TR\" \/>\n<meta property=\"og:type\" content=\"article\" \/>\n<meta property=\"og:title\" content=\"Betonun Ate\u015fini Kim S\u00f6nd\u00fcrecek? - The Epoch Times TR\" \/>\n<meta property=\"og:description\" content=\"G\u00fcne\u015fin g\u00f6ky\u00fcz\u00fcnde adeta bir kor gibi parlad\u0131\u011f\u0131, asfalttan y\u00fckselen s\u0131cakl\u0131\u011f\u0131n seraplar olu\u015fturdu\u011fu o malum g\u00fcnlerdeyiz.\" \/>\n<meta property=\"og:url\" content=\"https:\/\/epochtimestr.com\/index.php\/betonun-atesini-kim-sondurecek\" \/>\n<meta property=\"og:site_name\" content=\"The Epoch Times TR\" \/>\n<meta property=\"article:publisher\" content=\"https:\/\/www.facebook.com\/theepochtimestr\" \/>\n<meta property=\"article:published_time\" content=\"2026-06-28T04:00:00+00:00\" \/>\n<meta property=\"article:modified_time\" content=\"2026-06-27T19:00:25+00:00\" \/>\n<meta property=\"og:image\" content=\"https:\/\/epochtimestr.com\/wp-content\/uploads\/2011y\/ali-kekliktepe-SM.jpeg\" \/>\n\t<meta property=\"og:image:width\" content=\"1200\" \/>\n\t<meta property=\"og:image:height\" content=\"630\" \/>\n\t<meta property=\"og:image:type\" content=\"image\/jpeg\" \/>\n<meta name=\"author\" content=\"Ali Kekliktepe\" \/>\n<meta name=\"twitter:card\" content=\"summary_large_image\" \/>\n<meta name=\"twitter:creator\" content=\"@TheEpochTimesTR\" \/>\n<meta name=\"twitter:site\" content=\"@TheEpochTimesTR\" \/>\n<meta name=\"twitter:label1\" content=\"Yazan:\" \/>\n\t<meta name=\"twitter:data1\" content=\"Ali Kekliktepe\" \/>\n\t<meta name=\"twitter:label2\" content=\"Tahmini okuma s\u00fcresi\" \/>\n\t<meta name=\"twitter:data2\" content=\"3 dakika\" \/>\n<script type=\"application\/ld+json\" class=\"yoast-schema-graph\">{\"@context\":\"https:\/\/schema.org\",\"@graph\":[{\"@type\":\"Article\",\"@id\":\"https:\/\/epochtimestr.com\/index.php\/betonun-atesini-kim-sondurecek#article\",\"isPartOf\":{\"@id\":\"https:\/\/epochtimestr.com\/index.php\/betonun-atesini-kim-sondurecek\"},\"author\":{\"name\":\"Ali Kekliktepe\",\"@id\":\"https:\/\/epochtimestr.com\/#\/schema\/person\/da94a416fed1aed029d0a47e85673b95\"},\"headline\":\"Betonun Ate\u015fini Kim S\u00f6nd\u00fcrecek?\",\"datePublished\":\"2026-06-28T04:00:00+00:00\",\"dateModified\":\"2026-06-27T19:00:25+00:00\",\"mainEntityOfPage\":{\"@id\":\"https:\/\/epochtimestr.com\/index.php\/betonun-atesini-kim-sondurecek\"},\"wordCount\":584,\"commentCount\":0,\"publisher\":{\"@id\":\"https:\/\/epochtimestr.com\/#organization\"},\"image\":{\"@id\":\"https:\/\/epochtimestr.com\/index.php\/betonun-atesini-kim-sondurecek#primaryimage\"},\"thumbnailUrl\":\"https:\/\/epochtimestr.com\/wp-content\/uploads\/2011y\/Ali-Kekliktepe.jpg\",\"articleSection\":[\"K\u00f6\u015fe Yaz\u0131lar\u0131 Ali Kekliktepe\"],\"inLanguage\":\"tr\",\"potentialAction\":[{\"@type\":\"CommentAction\",\"name\":\"Comment\",\"target\":[\"https:\/\/epochtimestr.com\/index.php\/betonun-atesini-kim-sondurecek#respond\"]}]},{\"@type\":\"WebPage\",\"@id\":\"https:\/\/epochtimestr.com\/index.php\/betonun-atesini-kim-sondurecek\",\"url\":\"https:\/\/epochtimestr.com\/index.php\/betonun-atesini-kim-sondurecek\",\"name\":\"Betonun Ate\u015fini Kim S\u00f6nd\u00fcrecek? - The Epoch Times TR\",\"isPartOf\":{\"@id\":\"https:\/\/epochtimestr.com\/#website\"},\"primaryImageOfPage\":{\"@id\":\"https:\/\/epochtimestr.com\/index.php\/betonun-atesini-kim-sondurecek#primaryimage\"},\"image\":{\"@id\":\"https:\/\/epochtimestr.com\/index.php\/betonun-atesini-kim-sondurecek#primaryimage\"},\"thumbnailUrl\":\"https:\/\/epochtimestr.com\/wp-content\/uploads\/2011y\/Ali-Kekliktepe.jpg\",\"datePublished\":\"2026-06-28T04:00:00+00:00\",\"dateModified\":\"2026-06-27T19:00:25+00:00\",\"description\":\"G\u00fcne\u015fin g\u00f6ky\u00fcz\u00fcnde adeta bir kor gibi parlad\u0131\u011f\u0131, asfalttan y\u00fckselen s\u0131cakl\u0131\u011f\u0131n seraplar olu\u015fturdu\u011fu o malum g\u00fcnlerdeyiz.\",\"inLanguage\":\"tr\",\"potentialAction\":[{\"@type\":\"ReadAction\",\"target\":[\"https:\/\/epochtimestr.com\/index.php\/betonun-atesini-kim-sondurecek\"]}]},{\"@type\":\"ImageObject\",\"inLanguage\":\"tr\",\"@id\":\"https:\/\/epochtimestr.com\/index.php\/betonun-atesini-kim-sondurecek#primaryimage\",\"url\":\"https:\/\/epochtimestr.com\/wp-content\/uploads\/2011y\/Ali-Kekliktepe.jpg\",\"contentUrl\":\"https:\/\/epochtimestr.com\/wp-content\/uploads\/2011y\/Ali-Kekliktepe.jpg\",\"width\":600,\"height\":600},{\"@type\":\"WebSite\",\"@id\":\"https:\/\/epochtimestr.com\/#website\",\"url\":\"https:\/\/epochtimestr.com\/\",\"name\":\"The Epoch Times TR\",\"description\":\"De\u011fi\u015fen D\u00fcnyam\u0131za Taze Bir Bak\u0131\u015f\",\"publisher\":{\"@id\":\"https:\/\/epochtimestr.com\/#organization\"},\"potentialAction\":[{\"@type\":\"SearchAction\",\"target\":{\"@type\":\"EntryPoint\",\"urlTemplate\":\"https:\/\/epochtimestr.com\/?s={search_term_string}\"},\"query-input\":\"required name=search_term_string\"}],\"inLanguage\":\"tr\"},{\"@type\":\"Organization\",\"@id\":\"https:\/\/epochtimestr.com\/#organization\",\"name\":\"The EpochTimes T\u00fcrkiye\",\"url\":\"https:\/\/epochtimestr.com\/\",\"logo\":{\"@type\":\"ImageObject\",\"inLanguage\":\"tr\",\"@id\":\"https:\/\/epochtimestr.com\/#\/schema\/logo\/image\/\",\"url\":\"https:\/\/epochtimestr.com\/wp-content\/uploads\/2011y\/ET-Logo-YG.jpg\",\"contentUrl\":\"https:\/\/epochtimestr.com\/wp-content\/uploads\/2011y\/ET-Logo-YG.jpg\",\"width\":346,\"height\":29,\"caption\":\"The EpochTimes T\u00fcrkiye\"},\"image\":{\"@id\":\"https:\/\/epochtimestr.com\/#\/schema\/logo\/image\/\"},\"sameAs\":[\"https:\/\/www.facebook.com\/theepochtimestr\",\"https:\/\/x.com\/TheEpochTimesTR\",\"https:\/\/www.instagram.com\/epochtimestr\"]},{\"@type\":\"Person\",\"@id\":\"https:\/\/epochtimestr.com\/#\/schema\/person\/da94a416fed1aed029d0a47e85673b95\",\"name\":\"Ali Kekliktepe\",\"image\":{\"@type\":\"ImageObject\",\"inLanguage\":\"tr\",\"@id\":\"https:\/\/epochtimestr.com\/#\/schema\/person\/image\/\",\"url\":\"https:\/\/secure.gravatar.com\/avatar\/6c965c3fc374c8f4af759baef4f38bcd?s=96&d=mm&r=g\",\"contentUrl\":\"https:\/\/secure.gravatar.com\/avatar\/6c965c3fc374c8f4af759baef4f38bcd?s=96&d=mm&r=g\",\"caption\":\"Ali Kekliktepe\"},\"description\":\"Ben Ali Kekliktepe; hayat\u0131n\u0131 \u00f6\u011frenmeye, \u00f6\u011fretmeye ve toplumsal fayda yaratmaya adam\u0131\u015f bir yazar ve profesyonelim. Kalemi sadece ka\u011f\u0131da dokunan bir ara\u00e7 de\u011fil, toplumun aksayan y\u00f6nlerine \u015fifa olan bir enstr\u00fcman olarak g\u00f6r\u00fcyorum.\",\"sameAs\":[\"https:\/\/alikekliktepemersin33.blogspot.com\/\"],\"url\":\"https:\/\/epochtimestr.com\/index.php\/author\/ali\"}]}<\/script>\n<!-- \/ Yoast SEO plugin. -->","yoast_head_json":{"title":"Betonun Ate\u015fini Kim S\u00f6nd\u00fcrecek? - The Epoch Times TR","description":"G\u00fcne\u015fin g\u00f6ky\u00fcz\u00fcnde adeta bir kor gibi parlad\u0131\u011f\u0131, asfalttan y\u00fckselen s\u0131cakl\u0131\u011f\u0131n seraplar olu\u015fturdu\u011fu o malum g\u00fcnlerdeyiz.","robots":{"index":"index","follow":"follow","max-snippet":"max-snippet:-1","max-image-preview":"max-image-preview:large","max-video-preview":"max-video-preview:-1"},"canonical":"https:\/\/epochtimestr.com\/index.php\/betonun-atesini-kim-sondurecek","og_locale":"tr_TR","og_type":"article","og_title":"Betonun Ate\u015fini Kim S\u00f6nd\u00fcrecek? - The Epoch Times TR","og_description":"G\u00fcne\u015fin g\u00f6ky\u00fcz\u00fcnde adeta bir kor gibi parlad\u0131\u011f\u0131, asfalttan y\u00fckselen s\u0131cakl\u0131\u011f\u0131n seraplar olu\u015fturdu\u011fu o malum g\u00fcnlerdeyiz.","og_url":"https:\/\/epochtimestr.com\/index.php\/betonun-atesini-kim-sondurecek","og_site_name":"The Epoch Times TR","article_publisher":"https:\/\/www.facebook.com\/theepochtimestr","article_published_time":"2026-06-28T04:00:00+00:00","article_modified_time":"2026-06-27T19:00:25+00:00","og_image":[{"width":1200,"height":630,"url":"https:\/\/epochtimestr.com\/wp-content\/uploads\/2011y\/ali-kekliktepe-SM.jpeg","type":"image\/jpeg"}],"author":"Ali Kekliktepe","twitter_card":"summary_large_image","twitter_creator":"@TheEpochTimesTR","twitter_site":"@TheEpochTimesTR","twitter_misc":{"Yazan:":"Ali Kekliktepe","Tahmini okuma s\u00fcresi":"3 dakika"},"schema":{"@context":"https:\/\/schema.org","@graph":[{"@type":"Article","@id":"https:\/\/epochtimestr.com\/index.php\/betonun-atesini-kim-sondurecek#article","isPartOf":{"@id":"https:\/\/epochtimestr.com\/index.php\/betonun-atesini-kim-sondurecek"},"author":{"name":"Ali Kekliktepe","@id":"https:\/\/epochtimestr.com\/#\/schema\/person\/da94a416fed1aed029d0a47e85673b95"},"headline":"Betonun Ate\u015fini Kim S\u00f6nd\u00fcrecek?","datePublished":"2026-06-28T04:00:00+00:00","dateModified":"2026-06-27T19:00:25+00:00","mainEntityOfPage":{"@id":"https:\/\/epochtimestr.com\/index.php\/betonun-atesini-kim-sondurecek"},"wordCount":584,"commentCount":0,"publisher":{"@id":"https:\/\/epochtimestr.com\/#organization"},"image":{"@id":"https:\/\/epochtimestr.com\/index.php\/betonun-atesini-kim-sondurecek#primaryimage"},"thumbnailUrl":"https:\/\/epochtimestr.com\/wp-content\/uploads\/2011y\/Ali-Kekliktepe.jpg","articleSection":["K\u00f6\u015fe Yaz\u0131lar\u0131 Ali Kekliktepe"],"inLanguage":"tr","potentialAction":[{"@type":"CommentAction","name":"Comment","target":["https:\/\/epochtimestr.com\/index.php\/betonun-atesini-kim-sondurecek#respond"]}]},{"@type":"WebPage","@id":"https:\/\/epochtimestr.com\/index.php\/betonun-atesini-kim-sondurecek","url":"https:\/\/epochtimestr.com\/index.php\/betonun-atesini-kim-sondurecek","name":"Betonun Ate\u015fini Kim S\u00f6nd\u00fcrecek? - The Epoch Times TR","isPartOf":{"@id":"https:\/\/epochtimestr.com\/#website"},"primaryImageOfPage":{"@id":"https:\/\/epochtimestr.com\/index.php\/betonun-atesini-kim-sondurecek#primaryimage"},"image":{"@id":"https:\/\/epochtimestr.com\/index.php\/betonun-atesini-kim-sondurecek#primaryimage"},"thumbnailUrl":"https:\/\/epochtimestr.com\/wp-content\/uploads\/2011y\/Ali-Kekliktepe.jpg","datePublished":"2026-06-28T04:00:00+00:00","dateModified":"2026-06-27T19:00:25+00:00","description":"G\u00fcne\u015fin g\u00f6ky\u00fcz\u00fcnde adeta bir kor gibi parlad\u0131\u011f\u0131, asfalttan y\u00fckselen s\u0131cakl\u0131\u011f\u0131n seraplar olu\u015fturdu\u011fu o malum g\u00fcnlerdeyiz.","inLanguage":"tr","potentialAction":[{"@type":"ReadAction","target":["https:\/\/epochtimestr.com\/index.php\/betonun-atesini-kim-sondurecek"]}]},{"@type":"ImageObject","inLanguage":"tr","@id":"https:\/\/epochtimestr.com\/index.php\/betonun-atesini-kim-sondurecek#primaryimage","url":"https:\/\/epochtimestr.com\/wp-content\/uploads\/2011y\/Ali-Kekliktepe.jpg","contentUrl":"https:\/\/epochtimestr.com\/wp-content\/uploads\/2011y\/Ali-Kekliktepe.jpg","width":600,"height":600},{"@type":"WebSite","@id":"https:\/\/epochtimestr.com\/#website","url":"https:\/\/epochtimestr.com\/","name":"The Epoch Times TR","description":"De\u011fi\u015fen D\u00fcnyam\u0131za Taze Bir Bak\u0131\u015f","publisher":{"@id":"https:\/\/epochtimestr.com\/#organization"},"potentialAction":[{"@type":"SearchAction","target":{"@type":"EntryPoint","urlTemplate":"https:\/\/epochtimestr.com\/?s={search_term_string}"},"query-input":"required name=search_term_string"}],"inLanguage":"tr"},{"@type":"Organization","@id":"https:\/\/epochtimestr.com\/#organization","name":"The EpochTimes T\u00fcrkiye","url":"https:\/\/epochtimestr.com\/","logo":{"@type":"ImageObject","inLanguage":"tr","@id":"https:\/\/epochtimestr.com\/#\/schema\/logo\/image\/","url":"https:\/\/epochtimestr.com\/wp-content\/uploads\/2011y\/ET-Logo-YG.jpg","contentUrl":"https:\/\/epochtimestr.com\/wp-content\/uploads\/2011y\/ET-Logo-YG.jpg","width":346,"height":29,"caption":"The EpochTimes T\u00fcrkiye"},"image":{"@id":"https:\/\/epochtimestr.com\/#\/schema\/logo\/image\/"},"sameAs":["https:\/\/www.facebook.com\/theepochtimestr","https:\/\/x.com\/TheEpochTimesTR","https:\/\/www.instagram.com\/epochtimestr"]},{"@type":"Person","@id":"https:\/\/epochtimestr.com\/#\/schema\/person\/da94a416fed1aed029d0a47e85673b95","name":"Ali Kekliktepe","image":{"@type":"ImageObject","inLanguage":"tr","@id":"https:\/\/epochtimestr.com\/#\/schema\/person\/image\/","url":"https:\/\/secure.gravatar.com\/avatar\/6c965c3fc374c8f4af759baef4f38bcd?s=96&d=mm&r=g","contentUrl":"https:\/\/secure.gravatar.com\/avatar\/6c965c3fc374c8f4af759baef4f38bcd?s=96&d=mm&r=g","caption":"Ali Kekliktepe"},"description":"Ben Ali Kekliktepe; hayat\u0131n\u0131 \u00f6\u011frenmeye, \u00f6\u011fretmeye ve toplumsal fayda yaratmaya adam\u0131\u015f bir yazar ve profesyonelim. Kalemi sadece ka\u011f\u0131da dokunan bir ara\u00e7 de\u011fil, toplumun aksayan y\u00f6nlerine \u015fifa olan bir enstr\u00fcman olarak g\u00f6r\u00fcyorum.","sameAs":["https:\/\/alikekliktepemersin33.blogspot.com\/"],"url":"https:\/\/epochtimestr.com\/index.php\/author\/ali"}]}},"_links":{"self":[{"href":"https:\/\/epochtimestr.com\/index.php\/wp-json\/wp\/v2\/posts\/168049"}],"collection":[{"href":"https:\/\/epochtimestr.com\/index.php\/wp-json\/wp\/v2\/posts"}],"about":[{"href":"https:\/\/epochtimestr.com\/index.php\/wp-json\/wp\/v2\/types\/post"}],"author":[{"embeddable":true,"href":"https:\/\/epochtimestr.com\/index.php\/wp-json\/wp\/v2\/users\/14013"}],"replies":[{"embeddable":true,"href":"https:\/\/epochtimestr.com\/index.php\/wp-json\/wp\/v2\/comments?post=168049"}],"version-history":[{"count":1,"href":"https:\/\/epochtimestr.com\/index.php\/wp-json\/wp\/v2\/posts\/168049\/revisions"}],"predecessor-version":[{"id":168052,"href":"https:\/\/epochtimestr.com\/index.php\/wp-json\/wp\/v2\/posts\/168049\/revisions\/168052"}],"wp:featuredmedia":[{"embeddable":true,"href":"https:\/\/epochtimestr.com\/index.php\/wp-json\/wp\/v2\/media\/167144"}],"wp:attachment":[{"href":"https:\/\/epochtimestr.com\/index.php\/wp-json\/wp\/v2\/media?parent=168049"}],"wp:term":[{"taxonomy":"category","embeddable":true,"href":"https:\/\/epochtimestr.com\/index.php\/wp-json\/wp\/v2\/categories?post=168049"},{"taxonomy":"post_tag","embeddable":true,"href":"https:\/\/epochtimestr.com\/index.php\/wp-json\/wp\/v2\/tags?post=168049"}],"curies":[{"name":"wp","href":"https:\/\/api.w.org\/{rel}","templated":true}]}}