{"id":168056,"date":"2026-06-28T08:30:00","date_gmt":"2026-06-28T05:30:00","guid":{"rendered":"https:\/\/epochtimestr.com\/?p=168056"},"modified":"2026-06-27T22:11:57","modified_gmt":"2026-06-27T19:11:57","slug":"dolayli-tas","status":"publish","type":"post","link":"https:\/\/epochtimestr.com\/index.php\/dolayli-tas","title":{"rendered":"Dolayl\u0131 Ta\u015f"},"content":{"rendered":"\n<p class=\"has-text-align-right\">G\u00fcrb\u00fcz Azak\u2019a ithafen<\/p>\n\n\n\n<p>Gen\u00e7lerle s\u00f6yle\u015firim kimi zaman; d\u00fcnyaya, hayata nas\u0131l bak\u0131yorlar, merak ederim. Laf\u0131n t\u0131kand\u0131\u011f\u0131 yerlerde bazen konu a\u00e7mak i\u00e7in tuhaf sorular sorar, ilgin\u00e7 cevaplar arar\u0131m. K\u00fc\u00e7\u00fck \u00e7ocuklarla da bazen bir \u015fark\u0131n\u0131n s\u00f6zlerini ba\u015fka bir \u015fark\u0131n\u0131n melodisiyle birle\u015ftirip melez bir \u015fark\u0131 yapar, bazen bir varl\u0131\u011f\u0131 ba\u015fka bir varl\u0131kla de\u011fi\u015ftirip, \u00e7\u0131kan sonucu inceler, e\u011fleniriz. Mesela, \u201cTurna ku\u015funu t\u00fcrk\u00fclerimizden \u00e7ekip alsak, geriye T\u00fcrk halk m\u00fczi\u011fi kal\u0131r m\u0131?\u201d sorusuna cevap arar\u0131z.<\/p>\n\n\n\n<p>Ya da Anadolu\u2019da turna yerine penguen olsayd\u0131 t\u00fcrk\u00fclerimiz \u015f\u00f6yle mi olurdu?: <em>All\u0131 penguenim bizim ile var\u0131rsan, \u015feker s\u00f6yle, kaymak s\u00f6yle\u2026 Gitme penguenim vuracaklar, kanad\u0131n\u0131 k\u0131racaklar\u2026 \u0130ki penguen gelmi\u015f akl\u0131 kareli, ikisine sordum biri nereli\u2026<\/em><em><\/em><\/p>\n\n\n\n<p><em>\u2026<\/em><em><\/em><\/p>\n\n\n\n<p>Bir nesneyi al\u0131\u015f\u0131lageldi\u011fi kullan\u0131m alan\u0131n\u0131n d\u0131\u015f\u0131na ta\u015f\u0131rmak, \u00e7\u0131kan sonuca \u015fa\u015f\u0131rmak ho\u015fuma gider. Bir kavram\u0131 ba\u015fka bir kavramla a\u00e7\u0131klamak zihne i\u015flerlik kazand\u0131r\u0131r diye d\u00fc\u015f\u00fcn\u00fcr\u00fcm.<\/p>\n\n\n\n<p>Gelin bug\u00fcn de birlikte \u00e7al\u0131\u015fal\u0131m.<\/p>\n\n\n\n<p>Soru \u015fu: \u201cTa\u015f ne i\u015fe yarar, ta\u015fla neler yapabiliriz?<\/p>\n\n\n\n<p>\u2026<\/p>\n\n\n\n<p>Bunu herkes bilir, ta\u015flar\u0131 birle\u015ftirip duvar \u00f6rebilirsiniz, en basit cevap bu, ba\u015fka\u2026?<\/p>\n\n\n\n<p>\u00c7amura batm\u0131\u015f bir araban\u0131n tekerlerinin alt\u0131na koyup, oradan \u00e7\u0131kmas\u0131n\u0131 sa\u011flayabilirsiniz.<\/p>\n\n\n\n<p>Ta\u015flardan dairesel bir yap\u0131 olu\u015fturup i\u00e7inde ate\u015f yakabilir, \u0131s\u0131n\u0131r ya da yemek pi\u015firebilirsiniz.<\/p>\n\n\n\n<p>Is\u0131tt\u0131\u011f\u0131n\u0131z k\u00fc\u00e7\u00fck ta\u015flar\u0131 bir torbaya koyup karn\u0131n\u0131z\u0131n a\u011fr\u0131s\u0131n\u0131 dindirebilirsiniz.<\/p>\n\n\n\n<p>Ta\u015flar\u0131 boyay\u0131p g\u00f6rsel tasar\u0131mlar yapabilir, \u00e7evre esteti\u011fine katk\u0131 sunabilirsiniz.<\/p>\n\n\n\n<p>K\u00fc\u00e7\u00fck \u00e7ak\u0131l ta\u015flar\u0131n\u0131 sevgilinizin cam\u0131na at\u0131p uykusundan uyand\u0131r\u0131p, serenat yapabilirsiniz mesela.<\/p>\n\n\n\n<p>Yollara d\u00f6\u015fersiniz ta\u015flar\u0131, Arnavut kald\u0131r\u0131m\u0131 yapars\u0131n\u0131z.<\/p>\n\n\n\n<p>\u00c7eki\u00e7 bulamad\u0131\u011f\u0131n\u0131z yerde \u00e7ivi, \u00e7ad\u0131r kaz\u0131\u011f\u0131 \u00e7akabilirsiniz bir ta\u015fla.<\/p>\n\n\n\n<p>Dolma pi\u015firirken tencerenin i\u00e7ine koyabilirsiniz.<\/p>\n\n\n\n<p>Sahilden toplad\u0131\u011f\u0131n\u0131z ilgin\u00e7 ta\u015flardan bir koleksiyon yapabilirsiniz.<\/p>\n\n\n\n<p>\u00c7ocuklar\u0131n\u0131zla be\u015f ta\u015f oynayabilirsiniz.<\/p>\n\n\n\n<p>Dere kenar\u0131ndaki renkli ta\u015flar\u0131 toplay\u0131p, bir zemine yap\u0131\u015ft\u0131r\u0131p resim, mozaik yapabilirsiniz.<\/p>\n\n\n\n<p>Baz\u0131 ta\u015flar\u0131 da odan\u0131za koyars\u0131n\u0131z, \u015fifa versin, enerji versin diye\u2026<\/p>\n\n\n\n<p>Akl\u0131ma gelmeyen y\u00fczlerce ilgin\u00e7 cevab\u0131 da siz bulmu\u015fsunuzdur \u00e7oktan.<\/p>\n\n\n\n<p>\u2026<\/p>\n\n\n\n<p>Benim en sevdi\u011fim cevaplardan biri \u015fu: Gazze\u2019de i\u015fgalci bir Siyonist\u2019in kafas\u0131na atabilirsiniz!<\/p>\n\n\n\n<p>\u2026<\/p>\n\n\n\n<p>Ta\u015f deyip ge\u00e7eriz, her yerde kolayca bulundu\u011fu i\u00e7in \u00f6nemsemeyiz. Belki \u00e7o\u011fumuz i\u00e7in fazlal\u0131kt\u0131r, i\u015fe yaramaz \u015feylerdir onlar.<\/p>\n\n\n\n<p>Ama baz\u0131 ta\u015flar vard\u0131r ki zor bulunur, paha bi\u00e7ilmez, servet de\u011ferindedir.<\/p>\n\n\n\n<p>Ta\u015f deyince\u2026<\/p>\n\n\n\n<p>Bo\u011faz\u0131ma tak\u0131lan bir soru b\u00fcy\u00fcyor i\u00e7imde \u015fimdi: peki ta\u015f bir kalple, ta\u015fla\u015fm\u0131\u015f, merhametten yoksun bir kalple ne yapar, nas\u0131l ya\u015far insan?<\/p>\n\n\n\n<p>\u0130nsan bazen cevab\u0131n\u0131 bilmek istemedi\u011fi sorulardan da ka\u00e7amaz.<\/p>\n\n\n\n<p>\u2026<\/p>\n\n\n\n<p>Bu kadar ta\u015f muhabbeti yeterli san\u0131r\u0131m.<\/p>\n\n\n\n<p>\u015eimdi isterseniz bu yaz\u0131dan ta\u015f kelimesini \u00e7\u0131kar\u0131p kendinizi koyun ve soruyu \u015fununla de\u011fi\u015ftirin:<\/p>\n\n\n\n<p>Bir ta\u015fla neler yapabilece\u011fimi biliyorum, peki kendimle, hayat\u0131mla neler yapabilirim?<\/p>\n\n\n\n<p>Ba\u015fka neler gelir elimden, ne i\u015flere yarar\u0131m, kendimi daha iyi bir <em>ben<\/em>e d\u00f6n\u00fc\u015ft\u00fcrebilir miyim?<\/p>\n\n\n\n<p>Biricik miyim, her yerde rastlanan t\u00fcrden, herkes gibi biri miyim?<\/p>\n\n\n\n<p>\u00c7ak\u0131l ta\u015f\u0131 m\u0131y\u0131m ben, elmas m\u0131?<\/p>\n","protected":false},"excerpt":{"rendered":"<p>G\u00fcrb\u00fcz Azak\u2019a ithafen Gen\u00e7lerle s\u00f6yle\u015firim kimi zaman; d\u00fcnyaya, hayata nas\u0131l bak\u0131yorlar, merak ederim. Laf\u0131n t\u0131kand\u0131\u011f\u0131 yerlerde bazen konu a\u00e7mak i\u00e7in tuhaf sorular sorar, ilgin\u00e7 cevaplar arar\u0131m. K\u00fc\u00e7\u00fck \u00e7ocuklarla da bazen bir \u015fark\u0131n\u0131n s\u00f6zlerini ba\u015fka bir \u015fark\u0131n\u0131n melodisiyle birle\u015ftirip melez bir \u015fark\u0131 yapar, bazen bir varl\u0131\u011f\u0131 ba\u015fka bir varl\u0131kla de\u011fi\u015ftirip, \u00e7\u0131kan sonucu inceler, e\u011fleniriz. Mesela, \u201cTurna [&hellip;]<\/p>\n","protected":false},"author":14002,"featured_media":161248,"comment_status":"open","ping_status":"open","sticky":false,"template":"","format":"standard","meta":{"_yoast_wpseo_focuskw":"Dolayl\u0131 Ta\u015f","_yoast_wpseo_title":"","_yoast_wpseo_metadesc":"Gen\u00e7lerle s\u00f6yle\u015firim kimi zaman; d\u00fcnyaya, hayata nas\u0131l bak\u0131yorlar, merak ederim. Bazen tuhaf sorular sorar, ilgin\u00e7 cevaplar arar\u0131m.","_bbp_topic_count":0,"_bbp_reply_count":0,"_bbp_total_topic_count":0,"_bbp_total_reply_count":0,"_bbp_voice_count":0,"_bbp_anonymous_reply_count":0,"_bbp_topic_count_hidden":0,"_bbp_reply_count_hidden":0,"_bbp_forum_subforum_count":0,"footnotes":"","_yoast_wpseo_focuskw_text_input":""},"categories":[9240],"tags":[],"yoast_head":"<!-- This site is optimized with the Yoast SEO plugin v23.0 - https:\/\/yoast.com\/wordpress\/plugins\/seo\/ -->\n<title>Dolayl\u0131 Ta\u015f - The Epoch Times TR<\/title>\n<meta name=\"description\" content=\"Gen\u00e7lerle s\u00f6yle\u015firim kimi zaman; d\u00fcnyaya, hayata nas\u0131l bak\u0131yorlar, merak ederim. Bazen tuhaf sorular sorar, ilgin\u00e7 cevaplar arar\u0131m.\" \/>\n<meta name=\"robots\" content=\"index, follow, max-snippet:-1, max-image-preview:large, max-video-preview:-1\" \/>\n<link rel=\"canonical\" href=\"https:\/\/epochtimestr.com\/index.php\/dolayli-tas\" \/>\n<meta property=\"og:locale\" content=\"tr_TR\" \/>\n<meta property=\"og:type\" content=\"article\" \/>\n<meta property=\"og:title\" content=\"Dolayl\u0131 Ta\u015f - The Epoch Times TR\" \/>\n<meta property=\"og:description\" content=\"Gen\u00e7lerle s\u00f6yle\u015firim kimi zaman; d\u00fcnyaya, hayata nas\u0131l bak\u0131yorlar, merak ederim. Bazen tuhaf sorular sorar, ilgin\u00e7 cevaplar arar\u0131m.\" \/>\n<meta property=\"og:url\" content=\"https:\/\/epochtimestr.com\/index.php\/dolayli-tas\" \/>\n<meta property=\"og:site_name\" content=\"The Epoch Times TR\" \/>\n<meta property=\"article:publisher\" content=\"https:\/\/www.facebook.com\/theepochtimestr\" \/>\n<meta property=\"article:published_time\" content=\"2026-06-28T05:30:00+00:00\" \/>\n<meta property=\"article:modified_time\" content=\"2026-06-27T19:11:57+00:00\" \/>\n<meta property=\"og:image\" content=\"https:\/\/epochtimestr.com\/wp-content\/uploads\/2011y\/Omer-Karayilan-SM-2.jpg\" \/>\n\t<meta property=\"og:image:width\" content=\"1200\" \/>\n\t<meta property=\"og:image:height\" content=\"630\" \/>\n\t<meta property=\"og:image:type\" content=\"image\/jpeg\" \/>\n<meta name=\"author\" content=\"\u00d6mer Karay\u0131lan\" \/>\n<meta name=\"twitter:card\" content=\"summary_large_image\" \/>\n<meta name=\"twitter:creator\" content=\"@TheEpochTimesTR\" \/>\n<meta name=\"twitter:site\" content=\"@TheEpochTimesTR\" \/>\n<meta name=\"twitter:label1\" content=\"Yazan:\" \/>\n\t<meta name=\"twitter:data1\" content=\"\u00d6mer Karay\u0131lan\" \/>\n\t<meta name=\"twitter:label2\" content=\"Tahmini okuma s\u00fcresi\" \/>\n\t<meta name=\"twitter:data2\" content=\"3 dakika\" \/>\n<script type=\"application\/ld+json\" class=\"yoast-schema-graph\">{\"@context\":\"https:\/\/schema.org\",\"@graph\":[{\"@type\":\"Article\",\"@id\":\"https:\/\/epochtimestr.com\/index.php\/dolayli-tas#article\",\"isPartOf\":{\"@id\":\"https:\/\/epochtimestr.com\/index.php\/dolayli-tas\"},\"author\":{\"name\":\"\u00d6mer Karay\u0131lan\",\"@id\":\"https:\/\/epochtimestr.com\/#\/schema\/person\/ee101079be4d8fb9fb88cca6784e219b\"},\"headline\":\"Dolayl\u0131 Ta\u015f\",\"datePublished\":\"2026-06-28T05:30:00+00:00\",\"dateModified\":\"2026-06-27T19:11:57+00:00\",\"mainEntityOfPage\":{\"@id\":\"https:\/\/epochtimestr.com\/index.php\/dolayli-tas\"},\"wordCount\":577,\"commentCount\":1,\"publisher\":{\"@id\":\"https:\/\/epochtimestr.com\/#organization\"},\"image\":{\"@id\":\"https:\/\/epochtimestr.com\/index.php\/dolayli-tas#primaryimage\"},\"thumbnailUrl\":\"https:\/\/epochtimestr.com\/wp-content\/uploads\/2011y\/Karayilan-Profil.png\",\"articleSection\":[\"K\u00f6\u015fe Yaz\u0131lar\u0131 \u00d6mer Karay\u0131lan\"],\"inLanguage\":\"tr\",\"potentialAction\":[{\"@type\":\"CommentAction\",\"name\":\"Comment\",\"target\":[\"https:\/\/epochtimestr.com\/index.php\/dolayli-tas#respond\"]}]},{\"@type\":\"WebPage\",\"@id\":\"https:\/\/epochtimestr.com\/index.php\/dolayli-tas\",\"url\":\"https:\/\/epochtimestr.com\/index.php\/dolayli-tas\",\"name\":\"Dolayl\u0131 Ta\u015f - The Epoch Times TR\",\"isPartOf\":{\"@id\":\"https:\/\/epochtimestr.com\/#website\"},\"primaryImageOfPage\":{\"@id\":\"https:\/\/epochtimestr.com\/index.php\/dolayli-tas#primaryimage\"},\"image\":{\"@id\":\"https:\/\/epochtimestr.com\/index.php\/dolayli-tas#primaryimage\"},\"thumbnailUrl\":\"https:\/\/epochtimestr.com\/wp-content\/uploads\/2011y\/Karayilan-Profil.png\",\"datePublished\":\"2026-06-28T05:30:00+00:00\",\"dateModified\":\"2026-06-27T19:11:57+00:00\",\"description\":\"Gen\u00e7lerle s\u00f6yle\u015firim kimi zaman; d\u00fcnyaya, hayata nas\u0131l bak\u0131yorlar, merak ederim. Bazen tuhaf sorular sorar, ilgin\u00e7 cevaplar arar\u0131m.\",\"inLanguage\":\"tr\",\"potentialAction\":[{\"@type\":\"ReadAction\",\"target\":[\"https:\/\/epochtimestr.com\/index.php\/dolayli-tas\"]}]},{\"@type\":\"ImageObject\",\"inLanguage\":\"tr\",\"@id\":\"https:\/\/epochtimestr.com\/index.php\/dolayli-tas#primaryimage\",\"url\":\"https:\/\/epochtimestr.com\/wp-content\/uploads\/2011y\/Karayilan-Profil.png\",\"contentUrl\":\"https:\/\/epochtimestr.com\/wp-content\/uploads\/2011y\/Karayilan-Profil.png\",\"width\":600,\"height\":600},{\"@type\":\"WebSite\",\"@id\":\"https:\/\/epochtimestr.com\/#website\",\"url\":\"https:\/\/epochtimestr.com\/\",\"name\":\"The Epoch Times TR\",\"description\":\"De\u011fi\u015fen D\u00fcnyam\u0131za Taze Bir Bak\u0131\u015f\",\"publisher\":{\"@id\":\"https:\/\/epochtimestr.com\/#organization\"},\"potentialAction\":[{\"@type\":\"SearchAction\",\"target\":{\"@type\":\"EntryPoint\",\"urlTemplate\":\"https:\/\/epochtimestr.com\/?s={search_term_string}\"},\"query-input\":\"required name=search_term_string\"}],\"inLanguage\":\"tr\"},{\"@type\":\"Organization\",\"@id\":\"https:\/\/epochtimestr.com\/#organization\",\"name\":\"The EpochTimes T\u00fcrkiye\",\"url\":\"https:\/\/epochtimestr.com\/\",\"logo\":{\"@type\":\"ImageObject\",\"inLanguage\":\"tr\",\"@id\":\"https:\/\/epochtimestr.com\/#\/schema\/logo\/image\/\",\"url\":\"https:\/\/epochtimestr.com\/wp-content\/uploads\/2011y\/ET-Logo-YG.jpg\",\"contentUrl\":\"https:\/\/epochtimestr.com\/wp-content\/uploads\/2011y\/ET-Logo-YG.jpg\",\"width\":346,\"height\":29,\"caption\":\"The EpochTimes T\u00fcrkiye\"},\"image\":{\"@id\":\"https:\/\/epochtimestr.com\/#\/schema\/logo\/image\/\"},\"sameAs\":[\"https:\/\/www.facebook.com\/theepochtimestr\",\"https:\/\/x.com\/TheEpochTimesTR\",\"https:\/\/www.instagram.com\/epochtimestr\"]},{\"@type\":\"Person\",\"@id\":\"https:\/\/epochtimestr.com\/#\/schema\/person\/ee101079be4d8fb9fb88cca6784e219b\",\"name\":\"\u00d6mer Karay\u0131lan\",\"image\":{\"@type\":\"ImageObject\",\"inLanguage\":\"tr\",\"@id\":\"https:\/\/epochtimestr.com\/#\/schema\/person\/image\/\",\"url\":\"https:\/\/secure.gravatar.com\/avatar\/23a8932f0189c3fe4c0e2731cb5eb5dd?s=96&d=mm&r=g\",\"contentUrl\":\"https:\/\/secure.gravatar.com\/avatar\/23a8932f0189c3fe4c0e2731cb5eb5dd?s=96&d=mm&r=g\",\"caption\":\"\u00d6mer Karay\u0131lan\"},\"url\":\"https:\/\/epochtimestr.com\/index.php\/author\/omer\"}]}<\/script>\n<!-- \/ Yoast SEO plugin. -->","yoast_head_json":{"title":"Dolayl\u0131 Ta\u015f - The Epoch Times TR","description":"Gen\u00e7lerle s\u00f6yle\u015firim kimi zaman; d\u00fcnyaya, hayata nas\u0131l bak\u0131yorlar, merak ederim. Bazen tuhaf sorular sorar, ilgin\u00e7 cevaplar arar\u0131m.","robots":{"index":"index","follow":"follow","max-snippet":"max-snippet:-1","max-image-preview":"max-image-preview:large","max-video-preview":"max-video-preview:-1"},"canonical":"https:\/\/epochtimestr.com\/index.php\/dolayli-tas","og_locale":"tr_TR","og_type":"article","og_title":"Dolayl\u0131 Ta\u015f - The Epoch Times TR","og_description":"Gen\u00e7lerle s\u00f6yle\u015firim kimi zaman; d\u00fcnyaya, hayata nas\u0131l bak\u0131yorlar, merak ederim. Bazen tuhaf sorular sorar, ilgin\u00e7 cevaplar arar\u0131m.","og_url":"https:\/\/epochtimestr.com\/index.php\/dolayli-tas","og_site_name":"The Epoch Times TR","article_publisher":"https:\/\/www.facebook.com\/theepochtimestr","article_published_time":"2026-06-28T05:30:00+00:00","article_modified_time":"2026-06-27T19:11:57+00:00","og_image":[{"width":1200,"height":630,"url":"https:\/\/epochtimestr.com\/wp-content\/uploads\/2011y\/Omer-Karayilan-SM-2.jpg","type":"image\/jpeg"}],"author":"\u00d6mer Karay\u0131lan","twitter_card":"summary_large_image","twitter_creator":"@TheEpochTimesTR","twitter_site":"@TheEpochTimesTR","twitter_misc":{"Yazan:":"\u00d6mer Karay\u0131lan","Tahmini okuma s\u00fcresi":"3 dakika"},"schema":{"@context":"https:\/\/schema.org","@graph":[{"@type":"Article","@id":"https:\/\/epochtimestr.com\/index.php\/dolayli-tas#article","isPartOf":{"@id":"https:\/\/epochtimestr.com\/index.php\/dolayli-tas"},"author":{"name":"\u00d6mer Karay\u0131lan","@id":"https:\/\/epochtimestr.com\/#\/schema\/person\/ee101079be4d8fb9fb88cca6784e219b"},"headline":"Dolayl\u0131 Ta\u015f","datePublished":"2026-06-28T05:30:00+00:00","dateModified":"2026-06-27T19:11:57+00:00","mainEntityOfPage":{"@id":"https:\/\/epochtimestr.com\/index.php\/dolayli-tas"},"wordCount":577,"commentCount":1,"publisher":{"@id":"https:\/\/epochtimestr.com\/#organization"},"image":{"@id":"https:\/\/epochtimestr.com\/index.php\/dolayli-tas#primaryimage"},"thumbnailUrl":"https:\/\/epochtimestr.com\/wp-content\/uploads\/2011y\/Karayilan-Profil.png","articleSection":["K\u00f6\u015fe Yaz\u0131lar\u0131 \u00d6mer Karay\u0131lan"],"inLanguage":"tr","potentialAction":[{"@type":"CommentAction","name":"Comment","target":["https:\/\/epochtimestr.com\/index.php\/dolayli-tas#respond"]}]},{"@type":"WebPage","@id":"https:\/\/epochtimestr.com\/index.php\/dolayli-tas","url":"https:\/\/epochtimestr.com\/index.php\/dolayli-tas","name":"Dolayl\u0131 Ta\u015f - The Epoch Times TR","isPartOf":{"@id":"https:\/\/epochtimestr.com\/#website"},"primaryImageOfPage":{"@id":"https:\/\/epochtimestr.com\/index.php\/dolayli-tas#primaryimage"},"image":{"@id":"https:\/\/epochtimestr.com\/index.php\/dolayli-tas#primaryimage"},"thumbnailUrl":"https:\/\/epochtimestr.com\/wp-content\/uploads\/2011y\/Karayilan-Profil.png","datePublished":"2026-06-28T05:30:00+00:00","dateModified":"2026-06-27T19:11:57+00:00","description":"Gen\u00e7lerle s\u00f6yle\u015firim kimi zaman; d\u00fcnyaya, hayata nas\u0131l bak\u0131yorlar, merak ederim. Bazen tuhaf sorular sorar, ilgin\u00e7 cevaplar arar\u0131m.","inLanguage":"tr","potentialAction":[{"@type":"ReadAction","target":["https:\/\/epochtimestr.com\/index.php\/dolayli-tas"]}]},{"@type":"ImageObject","inLanguage":"tr","@id":"https:\/\/epochtimestr.com\/index.php\/dolayli-tas#primaryimage","url":"https:\/\/epochtimestr.com\/wp-content\/uploads\/2011y\/Karayilan-Profil.png","contentUrl":"https:\/\/epochtimestr.com\/wp-content\/uploads\/2011y\/Karayilan-Profil.png","width":600,"height":600},{"@type":"WebSite","@id":"https:\/\/epochtimestr.com\/#website","url":"https:\/\/epochtimestr.com\/","name":"The Epoch Times TR","description":"De\u011fi\u015fen D\u00fcnyam\u0131za Taze Bir Bak\u0131\u015f","publisher":{"@id":"https:\/\/epochtimestr.com\/#organization"},"potentialAction":[{"@type":"SearchAction","target":{"@type":"EntryPoint","urlTemplate":"https:\/\/epochtimestr.com\/?s={search_term_string}"},"query-input":"required name=search_term_string"}],"inLanguage":"tr"},{"@type":"Organization","@id":"https:\/\/epochtimestr.com\/#organization","name":"The EpochTimes T\u00fcrkiye","url":"https:\/\/epochtimestr.com\/","logo":{"@type":"ImageObject","inLanguage":"tr","@id":"https:\/\/epochtimestr.com\/#\/schema\/logo\/image\/","url":"https:\/\/epochtimestr.com\/wp-content\/uploads\/2011y\/ET-Logo-YG.jpg","contentUrl":"https:\/\/epochtimestr.com\/wp-content\/uploads\/2011y\/ET-Logo-YG.jpg","width":346,"height":29,"caption":"The EpochTimes T\u00fcrkiye"},"image":{"@id":"https:\/\/epochtimestr.com\/#\/schema\/logo\/image\/"},"sameAs":["https:\/\/www.facebook.com\/theepochtimestr","https:\/\/x.com\/TheEpochTimesTR","https:\/\/www.instagram.com\/epochtimestr"]},{"@type":"Person","@id":"https:\/\/epochtimestr.com\/#\/schema\/person\/ee101079be4d8fb9fb88cca6784e219b","name":"\u00d6mer Karay\u0131lan","image":{"@type":"ImageObject","inLanguage":"tr","@id":"https:\/\/epochtimestr.com\/#\/schema\/person\/image\/","url":"https:\/\/secure.gravatar.com\/avatar\/23a8932f0189c3fe4c0e2731cb5eb5dd?s=96&d=mm&r=g","contentUrl":"https:\/\/secure.gravatar.com\/avatar\/23a8932f0189c3fe4c0e2731cb5eb5dd?s=96&d=mm&r=g","caption":"\u00d6mer Karay\u0131lan"},"url":"https:\/\/epochtimestr.com\/index.php\/author\/omer"}]}},"_links":{"self":[{"href":"https:\/\/epochtimestr.com\/index.php\/wp-json\/wp\/v2\/posts\/168056"}],"collection":[{"href":"https:\/\/epochtimestr.com\/index.php\/wp-json\/wp\/v2\/posts"}],"about":[{"href":"https:\/\/epochtimestr.com\/index.php\/wp-json\/wp\/v2\/types\/post"}],"author":[{"embeddable":true,"href":"https:\/\/epochtimestr.com\/index.php\/wp-json\/wp\/v2\/users\/14002"}],"replies":[{"embeddable":true,"href":"https:\/\/epochtimestr.com\/index.php\/wp-json\/wp\/v2\/comments?post=168056"}],"version-history":[{"count":1,"href":"https:\/\/epochtimestr.com\/index.php\/wp-json\/wp\/v2\/posts\/168056\/revisions"}],"predecessor-version":[{"id":168057,"href":"https:\/\/epochtimestr.com\/index.php\/wp-json\/wp\/v2\/posts\/168056\/revisions\/168057"}],"wp:featuredmedia":[{"embeddable":true,"href":"https:\/\/epochtimestr.com\/index.php\/wp-json\/wp\/v2\/media\/161248"}],"wp:attachment":[{"href":"https:\/\/epochtimestr.com\/index.php\/wp-json\/wp\/v2\/media?parent=168056"}],"wp:term":[{"taxonomy":"category","embeddable":true,"href":"https:\/\/epochtimestr.com\/index.php\/wp-json\/wp\/v2\/categories?post=168056"},{"taxonomy":"post_tag","embeddable":true,"href":"https:\/\/epochtimestr.com\/index.php\/wp-json\/wp\/v2\/tags?post=168056"}],"curies":[{"name":"wp","href":"https:\/\/api.w.org\/{rel}","templated":true}]}}