{"id":168063,"date":"2026-06-28T09:32:38","date_gmt":"2026-06-28T06:32:38","guid":{"rendered":"https:\/\/epochtimestr.com\/?p=168063"},"modified":"2026-06-28T09:32:41","modified_gmt":"2026-06-28T06:32:41","slug":"iyi-parti-ankarada-bayrak-mitingi-duzenledi","status":"publish","type":"post","link":"https:\/\/epochtimestr.com\/index.php\/iyi-parti-ankarada-bayrak-mitingi-duzenledi","title":{"rendered":"\u0130Y\u0130 Parti Ankara\u2019da \u201cBayrak Mitingi\u201d D\u00fczenledi"},"content":{"rendered":"<div class=\"wp-block-image\">\n<figure class=\"aligncenter size-full\"><img loading=\"lazy\" decoding=\"async\" width=\"1199\" height=\"800\" src=\"https:\/\/epochtimestr.com\/wp-content\/uploads\/2011y\/iyipartix.jpg\" alt=\"\" class=\"wp-image-168064\" srcset=\"https:\/\/epochtimestr.com\/wp-content\/uploads\/2011y\/iyipartix.jpg 1199w, https:\/\/epochtimestr.com\/wp-content\/uploads\/2011y\/iyipartix-300x200.jpg 300w, https:\/\/epochtimestr.com\/wp-content\/uploads\/2011y\/iyipartix-150x100.jpg 150w, https:\/\/epochtimestr.com\/wp-content\/uploads\/2011y\/iyipartix-768x512.jpg 768w\" sizes=\"(max-width: 1199px) 100vw, 1199px\" \/><figcaption class=\"wp-element-caption\">                                                                                                               Foto\u011fraf: Musavvat Dervi\u015fo\u011flu X<\/figcaption><\/figure><\/div>\n\n\n<h2 class=\"wp-block-heading\">\u0130Y\u0130 Parti Genel Ba\u015fkan\u0131 M\u00fcsavat Dervi\u015fo\u011flu, &#8220;Mesele bir ki\u015finin meselesi olmaktan \u00e7\u0131km\u0131\u015ft\u0131r. Saray&#8217;daki sultana siyasetteki butlana boyun e\u011flemeyece\u011fiz&#8221; dedi.<\/h2>\n\n\n\n<p>\u0130Y\u0130 Parti, Ankara Tando\u011fan Meydan\u0131&#8217;nda &#8220;Bayrak A\u00e7\u0131yorum&#8221; mitingi d\u00fczenledi. T\u00fcrkiye&#8217;nin farkl\u0131 illerinden gelen partililerin kat\u0131ld\u0131\u011f\u0131 mitingde meydan yaln\u0131zca T\u00fcrk bayraklar\u0131yla donat\u0131ld\u0131. Mitinge <a href=\"https:\/\/epochtimestr.com\/index.php\/iyi-partili-81-il-baskanindan-aciklama-gozalti-surecini-kiniyoruz\" target=\"_blank\" rel=\"noreferrer noopener\">\u0130Y\u0130 Parti <\/a>milletvekilleri, genel ba\u015fkan yard\u0131mc\u0131lar\u0131, ba\u015fkanl\u0131k divan\u0131 \u00fcyeleri, il ba\u015fkanlar\u0131 ve partililerin yan\u0131 s\u0131ra <a href=\"https:\/\/epochtimestr.com\/index.php\/secilmis-chp-genel-baskani-ozgur-ozel-anitkabire-yurudu\" target=\"_blank\" rel=\"noreferrer noopener\">CHP<\/a>&#8216;li Ankara B\u00fcy\u00fck\u015fehir Belediye Ba\u015fkan\u0131 Mansur Yava\u015f da kat\u0131ld\u0131. Miting \u0130stiklal Mar\u015f\u0131\u2019n\u0131n okunmas\u0131yla ba\u015flad\u0131. Konu\u015fmas\u0131na ba\u015flamak i\u00e7in k\u00fcrs\u00fcye gelen \u0130Y\u0130 Parti Genel Ba\u015fkan\u0131 M\u00fcsavat Dervi\u015fo\u011flu bayra\u011f\u0131 g\u00f6ndere \u00e7ekti.<\/p>\n\n\n\n<p>Dervi\u015fo\u011flu &#8220;Haydi art\u0131k kald\u0131r\u0131n bayraklar\u0131. \u015eu meydana bak\u0131yorum da Ankara bug\u00fcn gelincik tarlas\u0131na d\u00f6nm\u00fc\u015f. Nereye baksam al bayrak, nereye baksam mangal gibi y\u00fcrekler g\u00f6r\u00fcyorum. \u0130\u015fte bu muazzam manzara, \u2018Millet ne ister\u2019 sorusunun en g\u00fcr cevab\u0131d\u0131r. Millet, bayra\u011f\u0131n\u0131 istiyor. Millet, Cumhuriyetini istiyor. Millet hakk\u0131n\u0131, h\u00fcrriyetini istiyor. Adalet istiyor. \u00c7i\u011fnenen haysiyetini gasp edilen egemenli\u011fini geri istiyor&#8221; dedi.<\/p>\n\n\n\n<h3 class=\"wp-block-heading\">&#8220;Sen rahat uyu Kadir Abi, biz bu oyunu da bozar\u0131z&#8221;<\/h3>\n\n\n\n<p>Dervi\u015fo\u011flu konu\u015fmas\u0131nda ya\u015fam\u0131n\u0131 yitiren sanat\u00e7\u0131 Kadir \u0130nan\u0131r&#8217;\u0131 da and\u0131. Dervi\u015fo\u011flu, \u0130nan\u0131r&#8217;\u0131n sol g\u00f6r\u00fc\u015fl\u00fc olmas\u0131 ve birinci \u00e7\u00f6z\u00fcm s\u00fcrecinde kurulan Akil \u0130nsanlar Heyeti&#8217;nde yer almas\u0131 nedeniyle kendisine &#8220;Yanl\u0131\u015f anla\u015f\u0131l\u0131r&#8221; gerek\u00e7esiyle \u0130nan\u0131r&#8217;dan s\u00f6z etmemesinin \u00f6nerildi\u011fini anlatt\u0131. &#8220;Kadir \u0130nan\u0131r benim 50 senelik a\u011fabeyimdi. Ye\u015fil\u00e7am&#8217;\u0131n y\u00fcce da\u011f\u0131yd\u0131. Tatar Ramazan&#8217;d\u0131, \u015fof\u00f6r \u0130lyas&#8217;t\u0131. Bir\u00e7ok karaktere ruh verdi. Ne mutlu ki benim i\u00e7in her zaman Kadir a\u011fabeydi. Fatsal\u0131 hem\u015fehrim, delikanl\u0131 ve solcu bir a\u011fabeyimdi. Ben de onun \u00fclk\u00fcc\u00fc, T\u00fcrk milliyet\u00e7isi karde\u015fiydim. Hayat\u0131ma \u00e7ok \u00f6nemli katk\u0131lar sa\u011flad\u0131. Ayn\u0131 masada tart\u0131\u015f\u0131p, ayn\u0131 masada g\u00fcl\u00fcp a\u011flad\u0131\u011f\u0131m bir a\u011fabeyimdi. Ben M\u00fcsavat Dervi\u015fo\u011flu, 50 senelik abime Allah&#8217;tan rahmet dileyemeyeceksem, bunun riyak\u00e2rl\u0131\u011f\u0131na batacaksam as\u0131l bu siyaset bats\u0131n. Allah&#8217;\u0131n rahmetini dilemekten imtina edenler utans\u0131n. Sen rahat uyu Kadir Abi, biz bu oyunu da bozar\u0131z.&#8221; ifadelerini kulland\u0131.<\/p>\n\n\n<div class=\"wp-block-image\">\n<figure class=\"aligncenter size-full\"><img loading=\"lazy\" decoding=\"async\" width=\"1200\" height=\"904\" src=\"https:\/\/epochtimestr.com\/wp-content\/uploads\/2011y\/iyip1.jpg\" alt=\"\" class=\"wp-image-168065\" srcset=\"https:\/\/epochtimestr.com\/wp-content\/uploads\/2011y\/iyip1.jpg 1200w, https:\/\/epochtimestr.com\/wp-content\/uploads\/2011y\/iyip1-300x226.jpg 300w, https:\/\/epochtimestr.com\/wp-content\/uploads\/2011y\/iyip1-150x113.jpg 150w, https:\/\/epochtimestr.com\/wp-content\/uploads\/2011y\/iyip1-768x579.jpg 768w, https:\/\/epochtimestr.com\/wp-content\/uploads\/2011y\/iyip1-86x64.jpg 86w\" sizes=\"(max-width: 1200px) 100vw, 1200px\" \/><figcaption class=\"wp-element-caption\">                                                                                                                      Foto\u011fraf: Musavvat Dervi\u015fo\u011flu X<\/figcaption><\/figure><\/div>\n\n\n<h3 class=\"wp-block-heading\">&#8220;T\u00fcrkiye&#8217;yi b\u00f6lmek isteyenlere bayrak a\u00e7\u0131yorum&#8221;<\/h3>\n\n\n\n<p>Dervi\u015fo\u011flu konu\u015fmas\u0131n\u0131n devam\u0131nda, &#8220;Ter\u00f6rs\u00fcz T\u00fcrkiye&#8221; s\u00fcrecine y\u00f6nelik &#8220;Ter\u00f6r\u00fc ve ter\u00f6risti kollayanlara, &#8216;Ter\u00f6rs\u00fcz T\u00fcrkiye&#8217; yalan\u0131yla T\u00fcrkiye&#8217;yi b\u00f6lmek isteyenlere bayrak a\u00e7\u0131yorum. Ey bu vatan\u0131n ekme\u011fini yiyip de ona ihanet edenler, ey siyasi ikbali i\u00e7in devletin temeline dinamit koyanlar size bayrak a\u00e7\u0131yorum. Kundaktaki \u00e7ocuklara kur\u015fun s\u0131kan caniye af kap\u0131s\u0131 aralayanlara, Gazi Meclis&#8217;in \u00e7at\u0131s\u0131 alt\u0131nda ihanetin komisyonculu\u011funu yapanlara, kapal\u0131 kap\u0131lar ard\u0131ndaki kirli tezg\u00e2hlara, \u00f6zg\u00fcrl\u00fck maskesi takm\u0131\u015f sinsi b\u00f6l\u00fcc\u00fcl\u00fc\u011fe, ter\u00f6ristle devleti e\u015fitleyip masaya oturtan \u00e7\u00fcr\u00fcm\u00fc\u015f zihniyete bayrak a\u00e7\u0131yorum. Milleti a\u00e7 b\u0131rakanlara, talana, ranta ve rantiyeciye, yarg\u0131y\u0131 siyasetin emrine verenlere, haber yapt\u0131\u011f\u0131 i\u00e7in tutuklanan gazetecilerin susturulmas\u0131na, mafyan\u0131n cesaretlendirildi\u011fi bu d\u00fczene, kad\u0131n cinayetlerine, \u00e7ocuk istismar\u0131na, s\u0131n\u0131r g\u00fcvenli\u011fini hi\u00e7e sayanlara, T\u00fcrkiye&#8217;yi s\u0131\u011f\u0131nmac\u0131 kamp\u0131na \u00e7evirenlere, cumhuriyete y\u00fcz \u00e7evirmi\u015f milliyet\u00e7ili\u011fe, kaypak muhafazak\u00e2rl\u0131\u011fa bayrak a\u00e7\u0131yorum.&#8221; ifadelerini kulland\u0131.<\/p>\n\n\n\n<h3 class=\"wp-block-heading\">&#8220;Kayy\u0131m milletin ba\u015f\u0131ndad\u0131r&#8221;<\/h3>\n\n\n\n<p>Dervi\u015fo\u011flu, belediyelere y\u00f6nelik kayy\u0131m uygulamalar\u0131n\u0131n \u00f6tesinde daha b\u00fcy\u00fck bir sorun bulundu\u011funu s\u00f6yledi. Konu\u015fmas\u0131n\u0131n devam\u0131nda &#8220;Bug\u00fcn mesele belediyelere, partilere, \u015firketlere kayy\u0131m atanmas\u0131 de\u011fildir. Ke\u015fke meselemiz sadece bu olsayd\u0131. Karde\u015flerim kayy\u0131m hepimizin ba\u015f\u0131ndad\u0131r. Kayy\u0131m devletin ba\u015f\u0131ndad\u0131r. Kayy\u0131m milletin ba\u015f\u0131ndad\u0131r. Bu yetkiler, bu siyaset \u00e7\u0131kmaz\u0131, bu ahlaki \u00e7\u00f6k\u00fc\u015f b\u00fcy\u00fck bir y\u0131k\u0131m yaratm\u0131\u015ft\u0131r. \u0130\u015fte ben bayra\u011f\u0131 bu y\u00fczden a\u00e7t\u0131m. Bu bayra\u011f\u0131 bu y\u00fczden diktim. \u00c7\u00fcnk\u00fc ba\u015fka bir g\u00f6lge yok alt\u0131nda soluklanaca\u011f\u0131m\u0131z. Bu bayrak, egemenli\u011fimizin i\u015faretidir. Bu, milletin do\u011fru g\u00f6rd\u00fc\u011f\u00fcn\u00fc yapma hakk\u0131d\u0131r. Onlar, sayg\u0131 duymuyorlar&#8221; ifadelerini kulland\u0131.<\/p>\n\n\n\n<p>Dervi\u015fo\u011flu, &#8220;Ne zaman milletin beklentisinin hilaf\u0131na bir i\u015f yapmaya kalk\u0131\u015fsalar &#8216;devlet projesi&#8217; diyorlar. &#8216;Devlet yap\u0131yor, devlet istiyor&#8217; diyorlar. Devletin derini olmaz, hukuku olur. Hukuksuz devlet olmaz&#8221; dedi. &#8216;T\u00fcrkiye ne kadar hukuk devleti ise ancak o kadar ter\u00f6rs\u00fczd\u00fcr. T\u00fcrkiye ne kadar Cumhuriyet ise ancak o kadar g\u00fc\u00e7l\u00fcd\u00fcr.<\/p>\n\n\n\n<p>Devlet akl\u0131 iktidar\u0131n her yapt\u0131\u011f\u0131na giydirilen bir dokunulmazl\u0131k z\u0131rh\u0131 de\u011fildir. Bir partinin menfaatini devlet menfaati gibi sunmak de\u011fildir. Bize devlet akl\u0131 diye pazarlad\u0131klar\u0131 \u015fey iktidar kurnazl\u0131\u011f\u0131d\u0131r. Milletin birli\u011fini, ba\u011f\u0131ms\u0131zl\u0131\u011f\u0131 ve ortak gelece\u011fi korumak kabiliyetidir. Bu iktidarda bu kabiliyet yoktur, niyet yoktur b\u00f6yle bir ak\u0131l da yoktur. O sebeple buradan s\u00f6yl\u00fcyorum herkes sussa da biz susmayaca\u011f\u0131z, d\u00fcnya sussa da ben susmayaca\u011f\u0131m.&#8221;<\/p>\n\n\n\n<h3 class=\"wp-block-heading\">&#8220;Bu b\u00fcy\u00fck y\u00fcr\u00fcy\u00fc\u015f\u00fcn ilk ad\u0131m\u0131d\u0131r&#8221;<\/h3>\n\n\n\n<p>Dervi\u015fo\u011flu, &#8220;Sahte kavgalar\u0131, suni krizleri bir kenara b\u0131rak\u0131p b\u00fct\u00fcnle\u015fik muhalefet diyoruz. Art\u0131k k\u00fc\u00e7\u00fck hesaplar\u0131n de\u011fil, bu d\u00fczenden kurtulman\u0131n zaman\u0131d\u0131r. Tek adaml\u0131\u011f\u0131 terk edip Cumhuriyetimizi yeniden kazanma meselesidir. Demokrasimize sahip \u00e7\u0131kmak, millet egemenli\u011fini yeniden h\u00e2kim k\u0131lmak meselesidir. Gizli odalarda de\u011fil, meydanlarda bulu\u015faca\u011f\u0131z. Bu b\u00fcy\u00fck y\u00fcr\u00fcy\u00fc\u015f\u00fcn ilk ad\u0131m\u0131d\u0131r. D\u00fc\u015f\u00fcn pe\u015fime. \u00dcniter devleti ayakta tutmak ve ya\u015fatmak i\u00e7in d\u00fc\u015f\u00fcn pe\u015fime. Milletin birli\u011fi, vatan\u0131n b\u00f6l\u00fcnmezli\u011fi ve bayra\u011f\u0131n \u015ferefi i\u00e7in d\u00fc\u015f\u00fcn pe\u015fime. Tando\u011fan karar\u0131n\u0131 vermi\u015ftir. Ankara s\u00f6z\u00fcn\u00fc s\u00f6ylemi\u015ftir. T\u00fcrkiye h\u00fckm\u00fcn\u00fc ilan etmi\u015ftir. Haks\u0131zl\u0131\u011fa, hukuksuzlu\u011fa, adaletsizli\u011fe, gaflete ve ihanete kar\u015f\u0131 bayrak a\u00e7\u0131yorum. Son bulsun teslimiyet, y\u0131k\u0131ls\u0131n zillet. Ya\u015fas\u0131n cumhuriyet, ya\u015fas\u0131n millet.&#8221; ifadelerini kulland\u0131.<\/p>\n\n\n\n<figure class=\"wp-block-embed is-type-rich is-provider-x wp-block-embed-x\"><div class=\"wp-block-embed__wrapper\">\n<blockquote class=\"twitter-tweet\" data-width=\"550\" data-dnt=\"true\"><p lang=\"tr\" dir=\"ltr\">Milletimizle Ankara Tando\u011fan&#39;day\u0131z!  <a href=\"https:\/\/x.com\/hashtag\/BayrakA%C3%A7%C4%B1yorum?src=hash&amp;ref_src=twsrc%5Etfw\">#BayrakA\u00e7\u0131yorum<\/a> <a href=\"https:\/\/t.co\/1dRO92gGNF\">https:\/\/t.co\/1dRO92gGNF<\/a><\/p>&mdash; \u0130Y\u0130 Parti (@iyiparti) <a href=\"https:\/\/x.com\/iyiparti\/status\/2070886097400496557?ref_src=twsrc%5Etfw\">June 27, 2026<\/a><\/blockquote><script async src=\"https:\/\/platform.x.com\/widgets.js\" charset=\"utf-8\"><\/script>\n<\/div><\/figure>\n\n\n\n<p><\/p>\n\n\n\n<p><\/p>\n","protected":false},"excerpt":{"rendered":"<p>\u0130Y\u0130 Parti Genel Ba\u015fkan\u0131 M\u00fcsavat Dervi\u015fo\u011flu, &#8220;Mesele bir ki\u015finin meselesi olmaktan \u00e7\u0131km\u0131\u015ft\u0131r. Saray&#8217;daki sultana siyasetteki butlana boyun e\u011flemeyece\u011fiz&#8221; dedi. \u0130Y\u0130 Parti, Ankara Tando\u011fan Meydan\u0131&#8217;nda &#8220;Bayrak A\u00e7\u0131yorum&#8221; mitingi d\u00fczenledi. T\u00fcrkiye&#8217;nin farkl\u0131 illerinden gelen partililerin kat\u0131ld\u0131\u011f\u0131 mitingde meydan yaln\u0131zca T\u00fcrk bayraklar\u0131yla donat\u0131ld\u0131. Mitinge \u0130Y\u0130 Parti milletvekilleri, genel ba\u015fkan yard\u0131mc\u0131lar\u0131, ba\u015fkanl\u0131k divan\u0131 \u00fcyeleri, il ba\u015fkanlar\u0131 ve partililerin yan\u0131 [&hellip;]<\/p>\n","protected":false},"author":12791,"featured_media":168064,"comment_status":"open","ping_status":"open","sticky":false,"template":"","format":"standard","meta":{"_yoast_wpseo_focuskw":"\u0130Y\u0130 Parti","_yoast_wpseo_title":"","_yoast_wpseo_metadesc":"\u0130Y\u0130 Parti Genel Ba\u015fkan\u0131 M\u00fcsavat Dervi\u015fo\u011flu, Ankara Tando\u011fan Meydan\u0131'nda partisinin d\u00fczenledi\u011fi \"Bayrak A\u00e7\u0131yorum\" mitinginde konu\u015ftu.","_bbp_topic_count":0,"_bbp_reply_count":0,"_bbp_total_topic_count":0,"_bbp_total_reply_count":0,"_bbp_voice_count":0,"_bbp_anonymous_reply_count":0,"_bbp_topic_count_hidden":0,"_bbp_reply_count_hidden":0,"_bbp_forum_subforum_count":0,"footnotes":"","_yoast_wpseo_focuskw_text_input":""},"categories":[1,8138,8226,37],"tags":[7773,9014],"yoast_head":"<!-- This site is optimized with the Yoast SEO plugin v23.0 - https:\/\/yoast.com\/wordpress\/plugins\/seo\/ -->\n<title>\u0130Y\u0130 Parti Ankara\u2019da \u201cBayrak Mitingi\u201d D\u00fczenledi - The Epoch Times TR<\/title>\n<meta name=\"description\" content=\"\u0130Y\u0130 Parti Genel Ba\u015fkan\u0131 M\u00fcsavat Dervi\u015fo\u011flu, Ankara Tando\u011fan Meydan\u0131&#039;nda partisinin d\u00fczenledi\u011fi &quot;Bayrak A\u00e7\u0131yorum&quot; mitinginde konu\u015ftu.\" \/>\n<meta name=\"robots\" content=\"index, follow, max-snippet:-1, max-image-preview:large, max-video-preview:-1\" \/>\n<link rel=\"canonical\" href=\"https:\/\/epochtimestr.com\/index.php\/iyi-parti-ankarada-bayrak-mitingi-duzenledi\" \/>\n<meta property=\"og:locale\" content=\"tr_TR\" \/>\n<meta property=\"og:type\" content=\"article\" \/>\n<meta property=\"og:title\" content=\"\u0130Y\u0130 Parti Ankara\u2019da \u201cBayrak Mitingi\u201d D\u00fczenledi - The Epoch Times TR\" \/>\n<meta property=\"og:description\" content=\"\u0130Y\u0130 Parti Genel Ba\u015fkan\u0131 M\u00fcsavat Dervi\u015fo\u011flu, Ankara Tando\u011fan Meydan\u0131&#039;nda partisinin d\u00fczenledi\u011fi &quot;Bayrak A\u00e7\u0131yorum&quot; mitinginde konu\u015ftu.\" \/>\n<meta property=\"og:url\" content=\"https:\/\/epochtimestr.com\/index.php\/iyi-parti-ankarada-bayrak-mitingi-duzenledi\" \/>\n<meta property=\"og:site_name\" content=\"The Epoch Times TR\" \/>\n<meta property=\"article:publisher\" content=\"https:\/\/www.facebook.com\/theepochtimestr\" \/>\n<meta property=\"article:published_time\" content=\"2026-06-28T06:32:38+00:00\" \/>\n<meta property=\"article:modified_time\" content=\"2026-06-28T06:32:41+00:00\" \/>\n<meta property=\"og:image\" content=\"https:\/\/epochtimestr.com\/wp-content\/uploads\/2011y\/iyipartix.jpg\" \/>\n\t<meta property=\"og:image:width\" content=\"1199\" \/>\n\t<meta property=\"og:image:height\" content=\"800\" \/>\n\t<meta property=\"og:image:type\" content=\"image\/jpeg\" \/>\n<meta name=\"author\" content=\"Haber Merkezi\" \/>\n<meta name=\"twitter:card\" content=\"summary_large_image\" \/>\n<meta name=\"twitter:creator\" content=\"@TheEpochTimesTR\" \/>\n<meta name=\"twitter:site\" content=\"@TheEpochTimesTR\" \/>\n<meta name=\"twitter:label1\" content=\"Yazan:\" \/>\n\t<meta name=\"twitter:data1\" content=\"Haber Merkezi\" \/>\n\t<meta name=\"twitter:label2\" content=\"Tahmini okuma s\u00fcresi\" \/>\n\t<meta name=\"twitter:data2\" content=\"5 dakika\" \/>\n<script type=\"application\/ld+json\" class=\"yoast-schema-graph\">{\"@context\":\"https:\/\/schema.org\",\"@graph\":[{\"@type\":\"Article\",\"@id\":\"https:\/\/epochtimestr.com\/index.php\/iyi-parti-ankarada-bayrak-mitingi-duzenledi#article\",\"isPartOf\":{\"@id\":\"https:\/\/epochtimestr.com\/index.php\/iyi-parti-ankarada-bayrak-mitingi-duzenledi\"},\"author\":{\"name\":\"Haber Merkezi\",\"@id\":\"https:\/\/epochtimestr.com\/#\/schema\/person\/3dc5c3adeb9f43923c5aa85889172fdd\"},\"headline\":\"\u0130Y\u0130 Parti Ankara\u2019da \u201cBayrak Mitingi\u201d D\u00fczenledi\",\"datePublished\":\"2026-06-28T06:32:38+00:00\",\"dateModified\":\"2026-06-28T06:32:41+00:00\",\"mainEntityOfPage\":{\"@id\":\"https:\/\/epochtimestr.com\/index.php\/iyi-parti-ankarada-bayrak-mitingi-duzenledi\"},\"wordCount\":1064,\"commentCount\":0,\"publisher\":{\"@id\":\"https:\/\/epochtimestr.com\/#organization\"},\"image\":{\"@id\":\"https:\/\/epochtimestr.com\/index.php\/iyi-parti-ankarada-bayrak-mitingi-duzenledi#primaryimage\"},\"thumbnailUrl\":\"https:\/\/epochtimestr.com\/wp-content\/uploads\/2011y\/iyipartix.jpg\",\"keywords\":[\"\u0130Y\u0130 PART\u0130\",\"miting\"],\"articleSection\":[\"G\u00dcNDEM\",\"MAN\u015eET\",\"Siyaset\",\"T\u00dcRK\u0130YE\"],\"inLanguage\":\"tr\",\"potentialAction\":[{\"@type\":\"CommentAction\",\"name\":\"Comment\",\"target\":[\"https:\/\/epochtimestr.com\/index.php\/iyi-parti-ankarada-bayrak-mitingi-duzenledi#respond\"]}]},{\"@type\":\"WebPage\",\"@id\":\"https:\/\/epochtimestr.com\/index.php\/iyi-parti-ankarada-bayrak-mitingi-duzenledi\",\"url\":\"https:\/\/epochtimestr.com\/index.php\/iyi-parti-ankarada-bayrak-mitingi-duzenledi\",\"name\":\"\u0130Y\u0130 Parti Ankara\u2019da \u201cBayrak Mitingi\u201d D\u00fczenledi - The Epoch Times TR\",\"isPartOf\":{\"@id\":\"https:\/\/epochtimestr.com\/#website\"},\"primaryImageOfPage\":{\"@id\":\"https:\/\/epochtimestr.com\/index.php\/iyi-parti-ankarada-bayrak-mitingi-duzenledi#primaryimage\"},\"image\":{\"@id\":\"https:\/\/epochtimestr.com\/index.php\/iyi-parti-ankarada-bayrak-mitingi-duzenledi#primaryimage\"},\"thumbnailUrl\":\"https:\/\/epochtimestr.com\/wp-content\/uploads\/2011y\/iyipartix.jpg\",\"datePublished\":\"2026-06-28T06:32:38+00:00\",\"dateModified\":\"2026-06-28T06:32:41+00:00\",\"description\":\"\u0130Y\u0130 Parti Genel Ba\u015fkan\u0131 M\u00fcsavat Dervi\u015fo\u011flu, Ankara Tando\u011fan Meydan\u0131'nda partisinin d\u00fczenledi\u011fi \\\"Bayrak A\u00e7\u0131yorum\\\" mitinginde konu\u015ftu.\",\"inLanguage\":\"tr\",\"potentialAction\":[{\"@type\":\"ReadAction\",\"target\":[\"https:\/\/epochtimestr.com\/index.php\/iyi-parti-ankarada-bayrak-mitingi-duzenledi\"]}]},{\"@type\":\"ImageObject\",\"inLanguage\":\"tr\",\"@id\":\"https:\/\/epochtimestr.com\/index.php\/iyi-parti-ankarada-bayrak-mitingi-duzenledi#primaryimage\",\"url\":\"https:\/\/epochtimestr.com\/wp-content\/uploads\/2011y\/iyipartix.jpg\",\"contentUrl\":\"https:\/\/epochtimestr.com\/wp-content\/uploads\/2011y\/iyipartix.jpg\",\"width\":1199,\"height\":800},{\"@type\":\"WebSite\",\"@id\":\"https:\/\/epochtimestr.com\/#website\",\"url\":\"https:\/\/epochtimestr.com\/\",\"name\":\"The Epoch Times TR\",\"description\":\"De\u011fi\u015fen D\u00fcnyam\u0131za Taze Bir Bak\u0131\u015f\",\"publisher\":{\"@id\":\"https:\/\/epochtimestr.com\/#organization\"},\"potentialAction\":[{\"@type\":\"SearchAction\",\"target\":{\"@type\":\"EntryPoint\",\"urlTemplate\":\"https:\/\/epochtimestr.com\/?s={search_term_string}\"},\"query-input\":\"required name=search_term_string\"}],\"inLanguage\":\"tr\"},{\"@type\":\"Organization\",\"@id\":\"https:\/\/epochtimestr.com\/#organization\",\"name\":\"The EpochTimes T\u00fcrkiye\",\"url\":\"https:\/\/epochtimestr.com\/\",\"logo\":{\"@type\":\"ImageObject\",\"inLanguage\":\"tr\",\"@id\":\"https:\/\/epochtimestr.com\/#\/schema\/logo\/image\/\",\"url\":\"https:\/\/epochtimestr.com\/wp-content\/uploads\/2011y\/ET-Logo-YG.jpg\",\"contentUrl\":\"https:\/\/epochtimestr.com\/wp-content\/uploads\/2011y\/ET-Logo-YG.jpg\",\"width\":346,\"height\":29,\"caption\":\"The EpochTimes T\u00fcrkiye\"},\"image\":{\"@id\":\"https:\/\/epochtimestr.com\/#\/schema\/logo\/image\/\"},\"sameAs\":[\"https:\/\/www.facebook.com\/theepochtimestr\",\"https:\/\/x.com\/TheEpochTimesTR\",\"https:\/\/www.instagram.com\/epochtimestr\"]},{\"@type\":\"Person\",\"@id\":\"https:\/\/epochtimestr.com\/#\/schema\/person\/3dc5c3adeb9f43923c5aa85889172fdd\",\"name\":\"Haber Merkezi\",\"image\":{\"@type\":\"ImageObject\",\"inLanguage\":\"tr\",\"@id\":\"https:\/\/epochtimestr.com\/#\/schema\/person\/image\/\",\"url\":\"https:\/\/secure.gravatar.com\/avatar\/d73f772ba5a74f28601361e17c2f93e6?s=96&d=mm&r=g\",\"contentUrl\":\"https:\/\/secure.gravatar.com\/avatar\/d73f772ba5a74f28601361e17c2f93e6?s=96&d=mm&r=g\",\"caption\":\"Haber Merkezi\"},\"url\":\"https:\/\/epochtimestr.com\/index.php\/author\/sendag\"}]}<\/script>\n<!-- \/ Yoast SEO plugin. -->","yoast_head_json":{"title":"\u0130Y\u0130 Parti Ankara\u2019da \u201cBayrak Mitingi\u201d D\u00fczenledi - The Epoch Times TR","description":"\u0130Y\u0130 Parti Genel Ba\u015fkan\u0131 M\u00fcsavat Dervi\u015fo\u011flu, Ankara Tando\u011fan Meydan\u0131'nda partisinin d\u00fczenledi\u011fi \"Bayrak A\u00e7\u0131yorum\" mitinginde konu\u015ftu.","robots":{"index":"index","follow":"follow","max-snippet":"max-snippet:-1","max-image-preview":"max-image-preview:large","max-video-preview":"max-video-preview:-1"},"canonical":"https:\/\/epochtimestr.com\/index.php\/iyi-parti-ankarada-bayrak-mitingi-duzenledi","og_locale":"tr_TR","og_type":"article","og_title":"\u0130Y\u0130 Parti Ankara\u2019da \u201cBayrak Mitingi\u201d D\u00fczenledi - The Epoch Times TR","og_description":"\u0130Y\u0130 Parti Genel Ba\u015fkan\u0131 M\u00fcsavat Dervi\u015fo\u011flu, Ankara Tando\u011fan Meydan\u0131'nda partisinin d\u00fczenledi\u011fi \"Bayrak A\u00e7\u0131yorum\" mitinginde konu\u015ftu.","og_url":"https:\/\/epochtimestr.com\/index.php\/iyi-parti-ankarada-bayrak-mitingi-duzenledi","og_site_name":"The Epoch Times TR","article_publisher":"https:\/\/www.facebook.com\/theepochtimestr","article_published_time":"2026-06-28T06:32:38+00:00","article_modified_time":"2026-06-28T06:32:41+00:00","og_image":[{"width":1199,"height":800,"url":"https:\/\/epochtimestr.com\/wp-content\/uploads\/2011y\/iyipartix.jpg","type":"image\/jpeg"}],"author":"Haber Merkezi","twitter_card":"summary_large_image","twitter_creator":"@TheEpochTimesTR","twitter_site":"@TheEpochTimesTR","twitter_misc":{"Yazan:":"Haber Merkezi","Tahmini okuma s\u00fcresi":"5 dakika"},"schema":{"@context":"https:\/\/schema.org","@graph":[{"@type":"Article","@id":"https:\/\/epochtimestr.com\/index.php\/iyi-parti-ankarada-bayrak-mitingi-duzenledi#article","isPartOf":{"@id":"https:\/\/epochtimestr.com\/index.php\/iyi-parti-ankarada-bayrak-mitingi-duzenledi"},"author":{"name":"Haber Merkezi","@id":"https:\/\/epochtimestr.com\/#\/schema\/person\/3dc5c3adeb9f43923c5aa85889172fdd"},"headline":"\u0130Y\u0130 Parti Ankara\u2019da \u201cBayrak Mitingi\u201d D\u00fczenledi","datePublished":"2026-06-28T06:32:38+00:00","dateModified":"2026-06-28T06:32:41+00:00","mainEntityOfPage":{"@id":"https:\/\/epochtimestr.com\/index.php\/iyi-parti-ankarada-bayrak-mitingi-duzenledi"},"wordCount":1064,"commentCount":0,"publisher":{"@id":"https:\/\/epochtimestr.com\/#organization"},"image":{"@id":"https:\/\/epochtimestr.com\/index.php\/iyi-parti-ankarada-bayrak-mitingi-duzenledi#primaryimage"},"thumbnailUrl":"https:\/\/epochtimestr.com\/wp-content\/uploads\/2011y\/iyipartix.jpg","keywords":["\u0130Y\u0130 PART\u0130","miting"],"articleSection":["G\u00dcNDEM","MAN\u015eET","Siyaset","T\u00dcRK\u0130YE"],"inLanguage":"tr","potentialAction":[{"@type":"CommentAction","name":"Comment","target":["https:\/\/epochtimestr.com\/index.php\/iyi-parti-ankarada-bayrak-mitingi-duzenledi#respond"]}]},{"@type":"WebPage","@id":"https:\/\/epochtimestr.com\/index.php\/iyi-parti-ankarada-bayrak-mitingi-duzenledi","url":"https:\/\/epochtimestr.com\/index.php\/iyi-parti-ankarada-bayrak-mitingi-duzenledi","name":"\u0130Y\u0130 Parti Ankara\u2019da \u201cBayrak Mitingi\u201d D\u00fczenledi - The Epoch Times TR","isPartOf":{"@id":"https:\/\/epochtimestr.com\/#website"},"primaryImageOfPage":{"@id":"https:\/\/epochtimestr.com\/index.php\/iyi-parti-ankarada-bayrak-mitingi-duzenledi#primaryimage"},"image":{"@id":"https:\/\/epochtimestr.com\/index.php\/iyi-parti-ankarada-bayrak-mitingi-duzenledi#primaryimage"},"thumbnailUrl":"https:\/\/epochtimestr.com\/wp-content\/uploads\/2011y\/iyipartix.jpg","datePublished":"2026-06-28T06:32:38+00:00","dateModified":"2026-06-28T06:32:41+00:00","description":"\u0130Y\u0130 Parti Genel Ba\u015fkan\u0131 M\u00fcsavat Dervi\u015fo\u011flu, Ankara Tando\u011fan Meydan\u0131'nda partisinin d\u00fczenledi\u011fi \"Bayrak A\u00e7\u0131yorum\" mitinginde konu\u015ftu.","inLanguage":"tr","potentialAction":[{"@type":"ReadAction","target":["https:\/\/epochtimestr.com\/index.php\/iyi-parti-ankarada-bayrak-mitingi-duzenledi"]}]},{"@type":"ImageObject","inLanguage":"tr","@id":"https:\/\/epochtimestr.com\/index.php\/iyi-parti-ankarada-bayrak-mitingi-duzenledi#primaryimage","url":"https:\/\/epochtimestr.com\/wp-content\/uploads\/2011y\/iyipartix.jpg","contentUrl":"https:\/\/epochtimestr.com\/wp-content\/uploads\/2011y\/iyipartix.jpg","width":1199,"height":800},{"@type":"WebSite","@id":"https:\/\/epochtimestr.com\/#website","url":"https:\/\/epochtimestr.com\/","name":"The Epoch Times TR","description":"De\u011fi\u015fen D\u00fcnyam\u0131za Taze Bir Bak\u0131\u015f","publisher":{"@id":"https:\/\/epochtimestr.com\/#organization"},"potentialAction":[{"@type":"SearchAction","target":{"@type":"EntryPoint","urlTemplate":"https:\/\/epochtimestr.com\/?s={search_term_string}"},"query-input":"required name=search_term_string"}],"inLanguage":"tr"},{"@type":"Organization","@id":"https:\/\/epochtimestr.com\/#organization","name":"The EpochTimes T\u00fcrkiye","url":"https:\/\/epochtimestr.com\/","logo":{"@type":"ImageObject","inLanguage":"tr","@id":"https:\/\/epochtimestr.com\/#\/schema\/logo\/image\/","url":"https:\/\/epochtimestr.com\/wp-content\/uploads\/2011y\/ET-Logo-YG.jpg","contentUrl":"https:\/\/epochtimestr.com\/wp-content\/uploads\/2011y\/ET-Logo-YG.jpg","width":346,"height":29,"caption":"The EpochTimes T\u00fcrkiye"},"image":{"@id":"https:\/\/epochtimestr.com\/#\/schema\/logo\/image\/"},"sameAs":["https:\/\/www.facebook.com\/theepochtimestr","https:\/\/x.com\/TheEpochTimesTR","https:\/\/www.instagram.com\/epochtimestr"]},{"@type":"Person","@id":"https:\/\/epochtimestr.com\/#\/schema\/person\/3dc5c3adeb9f43923c5aa85889172fdd","name":"Haber Merkezi","image":{"@type":"ImageObject","inLanguage":"tr","@id":"https:\/\/epochtimestr.com\/#\/schema\/person\/image\/","url":"https:\/\/secure.gravatar.com\/avatar\/d73f772ba5a74f28601361e17c2f93e6?s=96&d=mm&r=g","contentUrl":"https:\/\/secure.gravatar.com\/avatar\/d73f772ba5a74f28601361e17c2f93e6?s=96&d=mm&r=g","caption":"Haber Merkezi"},"url":"https:\/\/epochtimestr.com\/index.php\/author\/sendag"}]}},"_links":{"self":[{"href":"https:\/\/epochtimestr.com\/index.php\/wp-json\/wp\/v2\/posts\/168063"}],"collection":[{"href":"https:\/\/epochtimestr.com\/index.php\/wp-json\/wp\/v2\/posts"}],"about":[{"href":"https:\/\/epochtimestr.com\/index.php\/wp-json\/wp\/v2\/types\/post"}],"author":[{"embeddable":true,"href":"https:\/\/epochtimestr.com\/index.php\/wp-json\/wp\/v2\/users\/12791"}],"replies":[{"embeddable":true,"href":"https:\/\/epochtimestr.com\/index.php\/wp-json\/wp\/v2\/comments?post=168063"}],"version-history":[{"count":3,"href":"https:\/\/epochtimestr.com\/index.php\/wp-json\/wp\/v2\/posts\/168063\/revisions"}],"predecessor-version":[{"id":168070,"href":"https:\/\/epochtimestr.com\/index.php\/wp-json\/wp\/v2\/posts\/168063\/revisions\/168070"}],"wp:featuredmedia":[{"embeddable":true,"href":"https:\/\/epochtimestr.com\/index.php\/wp-json\/wp\/v2\/media\/168064"}],"wp:attachment":[{"href":"https:\/\/epochtimestr.com\/index.php\/wp-json\/wp\/v2\/media?parent=168063"}],"wp:term":[{"taxonomy":"category","embeddable":true,"href":"https:\/\/epochtimestr.com\/index.php\/wp-json\/wp\/v2\/categories?post=168063"},{"taxonomy":"post_tag","embeddable":true,"href":"https:\/\/epochtimestr.com\/index.php\/wp-json\/wp\/v2\/tags?post=168063"}],"curies":[{"name":"wp","href":"https:\/\/api.w.org\/{rel}","templated":true}]}}