{"id":168076,"date":"2026-06-29T00:50:42","date_gmt":"2026-06-28T21:50:42","guid":{"rendered":"https:\/\/epochtimestr.com\/?p=168076"},"modified":"2026-06-29T00:50:44","modified_gmt":"2026-06-28T21:50:44","slug":"prof-dr-orhan-sen-turkiyeye-omega-blogu-geliyor","status":"publish","type":"post","link":"https:\/\/epochtimestr.com\/index.php\/prof-dr-orhan-sen-turkiyeye-omega-blogu-geliyor","title":{"rendered":"Prof.Dr. Orhan \u015een: &#8220;T\u00fcrkiye\u2019ye Omega Blo\u011fu Geliyor&#8221;"},"content":{"rendered":"<div class=\"wp-block-image\">\n<figure class=\"aligncenter size-large\"><img loading=\"lazy\" decoding=\"async\" width=\"1200\" height=\"1200\" src=\"https:\/\/epochtimestr.com\/wp-content\/uploads\/2011y\/cloud_purple-1200x1200.jpg\" alt=\"\" class=\"wp-image-168077\" srcset=\"https:\/\/epochtimestr.com\/wp-content\/uploads\/2011y\/cloud_purple-1200x1200.jpg 1200w, https:\/\/epochtimestr.com\/wp-content\/uploads\/2011y\/cloud_purple-300x300.jpg 300w, https:\/\/epochtimestr.com\/wp-content\/uploads\/2011y\/cloud_purple-150x150.jpg 150w, https:\/\/epochtimestr.com\/wp-content\/uploads\/2011y\/cloud_purple-768x768.jpg 768w, https:\/\/epochtimestr.com\/wp-content\/uploads\/2011y\/cloud_purple.jpg 1280w\" sizes=\"(max-width: 1200px) 100vw, 1200px\" \/><figcaption class=\"wp-element-caption\">                                                                                                                  Foto\u011fraf: Pixabay-cloud_purple<\/figcaption><\/figure><\/div>\n\n\n<h2 class=\"wp-block-heading\">Prof. Dr. Orhan \u015een, omega blo\u011funun T\u00fcrkiye&#8217;nin bat\u0131 b\u00f6lgelerine gelece\u011fini duyurdu. Afrika \u00fczerinden gelen a\u015f\u0131r\u0131 s\u0131cak hava dalgas\u0131 T\u00fcrkiye&#8217;ye ula\u015fmak \u00fczere.<\/h2>\n\n\n\n<p>Afrika \u00fczerinden gelen a\u015f\u0131r\u0131 s\u0131cak hava dalgas\u0131 <a href=\"https:\/\/epochtimestr.com\/index.php\/chp-29-donem-pm-uyesi-demirag-terorsuz-turkiye-sureci-chpyi-oyun-disi-birakmak-icin-dayatilan-bir-gundemdir2\" target=\"_blank\" rel=\"noreferrer noopener\">T\u00fcrkiye<\/a>&#8216;ye girmek \u00fczere. <a href=\"https:\/\/epochtimestr.com\/index.php\/meteorolojiden-kuvvetli-ruzgar-ve-yagis-uyarisi\" target=\"_blank\" rel=\"noreferrer noopener\">Meteoroloji <\/a>Uzman\u0131 Prof. Dr. Orhan \u015een, sosyal medya hesab\u0131 \u00fczerinden yapt\u0131\u011f\u0131 kritik a\u00e7\u0131klamalarla \u00f6n\u00fcm\u00fczdeki g\u00fcnlerde ya\u015fanabilecek ekstrem hava olaylar\u0131na dikkat \u00e7ekti. Avrupa&#8217;y\u0131 esir alan ve bug\u00fcne kadar kaydedilen en \u015fiddetli dalga olarak tan\u0131mlanan &#8216;Omega&#8217; <a href=\"https:\/\/epochtimestr.com\/index.php\/meteorolojiden-sicak-hava-uyarisi\" target=\"_blank\" rel=\"noreferrer noopener\">s\u0131cak hava<\/a> dalgas\u0131 T\u00fcrkiye&#8217;ye y\u00f6neldi. Almanya, Fransa ve \u0130ngiltere&#8217;de s\u0131cakl\u0131k rekorlar\u0131n\u0131n k\u0131r\u0131lmas\u0131na yol a\u00e7an dalga, Avrupa&#8217;da bir haftada yakla\u015f\u0131k 350 ki\u015finin hayat\u0131n\u0131 kaybetmesine yol a\u00e7t\u0131. S\u0131cakl\u0131klar\u0131n \u00f6n\u00fcm\u00fczdeki g\u00fcnlerde 40 dereceye t\u0131rmanaca\u011f\u0131n\u0131 ve g\u00fcne\u015fin alt\u0131nda 50 derece hissedilece\u011fini belirten \u015een, sosyal medya hesab\u0131ndan yapt\u0131\u011f\u0131 a\u00e7\u0131klamada;<\/p>\n\n\n\n<p>&#8220;Avrupa&#8217;y\u0131 kavuran s\u0131caklar hafta sonu Orta ve Do\u011fu&#8217;ya kayacak. \u00d6zellikle Almanya, Polonya, Ukrayna, Romanya, \u00c7ek, Slovakya&#8217;da Pazar-Pazartesi soka\u011fa \u00e7\u0131kmak bile yasaklanabilir.<br \/>Avrupa&#8217;daki bu s\u0131cak hava blo\u011funun do\u011fu s\u0131n\u0131r\u0131 T\u00fcrkiye&#8217;nin bat\u0131 b\u00f6lgeleri. Pazartesi-Sal\u0131 g\u00fcn\u00fc Avrupa&#8217;daki gibi olmasa da Trakya, Marmara, Ege, \u0130\u00e7 ve Akdeniz b\u00f6lgelerini etkileyecek.<br \/>Orman yang\u0131nlar\u0131 riski artacak. K\u0131v\u0131lc\u0131m \u00fcreten t\u00fcm faaliyetler yasaklanmal\u0131.&#8221; ifadelerini kulland\u0131.<\/p>\n\n\n\n<figure class=\"wp-block-embed is-type-rich is-provider-x wp-block-embed-x\"><div class=\"wp-block-embed__wrapper\">\n<blockquote class=\"twitter-tweet\" data-width=\"550\" data-dnt=\"true\"><p lang=\"tr\" dir=\"ltr\">Avrupay\u0131 kavuran s\u0131caklar hafta sonu orta ve do\u011fuya kayacak. \u00d6zellikle Almanya Polonya Ukrayna Romanya \u00c7ek Slovakya da Pazar Pazartesi soka\u011fa \u00e7\u0131kmak bile yasaklanabilir. <br>Avrupadaki Bu s\u0131cak hava blo\u011funun do\u011fu ( Omega Blo\u011fu) s\u0131n\u0131r\u0131 T\u00fcrkiye nin bat\u0131 b\u00f6lgeleri. Pazartesi Sal\u0131 g\u00fcn\u00fc\u2026<\/p>&mdash; Prof.Dr.Orhan \u015een (@TemizHava) <a href=\"https:\/\/x.com\/TemizHava\/status\/2070019629414600860?ref_src=twsrc%5Etfw\">June 25, 2026<\/a><\/blockquote><script async src=\"https:\/\/platform.x.com\/widgets.js\" charset=\"utf-8\"><\/script>\n<\/div><\/figure>\n\n\n\n<p><\/p>\n","protected":false},"excerpt":{"rendered":"<p>Prof. Dr. Orhan \u015een, omega blo\u011funun T\u00fcrkiye&#8217;nin bat\u0131 b\u00f6lgelerine gelece\u011fini duyurdu. Afrika \u00fczerinden gelen a\u015f\u0131r\u0131 s\u0131cak hava dalgas\u0131 T\u00fcrkiye&#8217;ye ula\u015fmak \u00fczere. Afrika \u00fczerinden gelen a\u015f\u0131r\u0131 s\u0131cak hava dalgas\u0131 T\u00fcrkiye&#8216;ye girmek \u00fczere. Meteoroloji Uzman\u0131 Prof. Dr. Orhan \u015een, sosyal medya hesab\u0131 \u00fczerinden yapt\u0131\u011f\u0131 kritik a\u00e7\u0131klamalarla \u00f6n\u00fcm\u00fczdeki g\u00fcnlerde ya\u015fanabilecek ekstrem hava olaylar\u0131na dikkat \u00e7ekti. Avrupa&#8217;y\u0131 esir alan [&hellip;]<\/p>\n","protected":false},"author":12791,"featured_media":168077,"comment_status":"open","ping_status":"open","sticky":false,"template":"","format":"standard","meta":{"_yoast_wpseo_focuskw":"s\u0131cak hava","_yoast_wpseo_title":"","_yoast_wpseo_metadesc":"Prof. Dr. Orhan \u015een, Afrika \u00fczerinden gelen a\u015f\u0131r\u0131 s\u0131cak hava dalgas\u0131 omega blo\u011funun, T\u00fcrkiye'nin bat\u0131 b\u00f6lgelerine ula\u015faca\u011f\u0131n\u0131 duyurdu.","_bbp_topic_count":0,"_bbp_reply_count":0,"_bbp_total_topic_count":0,"_bbp_total_reply_count":0,"_bbp_voice_count":0,"_bbp_anonymous_reply_count":0,"_bbp_topic_count_hidden":0,"_bbp_reply_count_hidden":0,"_bbp_forum_subforum_count":0,"footnotes":"","_yoast_wpseo_focuskw_text_input":""},"categories":[1,8138,37,8419],"tags":[11587,6593,11586,115,7586],"yoast_head":"<!-- This site is optimized with the Yoast SEO plugin v23.0 - https:\/\/yoast.com\/wordpress\/plugins\/seo\/ -->\n<title>Prof.Dr. Orhan \u015een: &quot;T\u00fcrkiye\u2019ye Omega Blo\u011fu Geliyor&quot; - The Epoch Times TR<\/title>\n<meta name=\"description\" content=\"Prof. Dr. Orhan \u015een, Afrika \u00fczerinden gelen a\u015f\u0131r\u0131 s\u0131cak hava dalgas\u0131 omega blo\u011funun, T\u00fcrkiye&#039;nin bat\u0131 b\u00f6lgelerine ula\u015faca\u011f\u0131n\u0131 duyurdu.\" \/>\n<meta name=\"robots\" content=\"index, follow, max-snippet:-1, max-image-preview:large, max-video-preview:-1\" \/>\n<link rel=\"canonical\" href=\"https:\/\/epochtimestr.com\/index.php\/prof-dr-orhan-sen-turkiyeye-omega-blogu-geliyor\" \/>\n<meta property=\"og:locale\" content=\"tr_TR\" \/>\n<meta property=\"og:type\" content=\"article\" \/>\n<meta property=\"og:title\" content=\"Prof.Dr. Orhan \u015een: &quot;T\u00fcrkiye\u2019ye Omega Blo\u011fu Geliyor&quot; - The Epoch Times TR\" \/>\n<meta property=\"og:description\" content=\"Prof. Dr. Orhan \u015een, Afrika \u00fczerinden gelen a\u015f\u0131r\u0131 s\u0131cak hava dalgas\u0131 omega blo\u011funun, T\u00fcrkiye&#039;nin bat\u0131 b\u00f6lgelerine ula\u015faca\u011f\u0131n\u0131 duyurdu.\" \/>\n<meta property=\"og:url\" content=\"https:\/\/epochtimestr.com\/index.php\/prof-dr-orhan-sen-turkiyeye-omega-blogu-geliyor\" \/>\n<meta property=\"og:site_name\" content=\"The Epoch Times TR\" \/>\n<meta property=\"article:publisher\" content=\"https:\/\/www.facebook.com\/theepochtimestr\" \/>\n<meta property=\"article:published_time\" content=\"2026-06-28T21:50:42+00:00\" \/>\n<meta property=\"article:modified_time\" content=\"2026-06-28T21:50:44+00:00\" \/>\n<meta property=\"og:image\" content=\"https:\/\/epochtimestr.com\/wp-content\/uploads\/2011y\/cloud_purple.jpg\" \/>\n\t<meta property=\"og:image:width\" content=\"1280\" \/>\n\t<meta property=\"og:image:height\" content=\"1280\" \/>\n\t<meta property=\"og:image:type\" content=\"image\/jpeg\" \/>\n<meta name=\"author\" content=\"Haber Merkezi\" \/>\n<meta name=\"twitter:card\" content=\"summary_large_image\" \/>\n<meta name=\"twitter:creator\" content=\"@TheEpochTimesTR\" \/>\n<meta name=\"twitter:site\" content=\"@TheEpochTimesTR\" \/>\n<meta name=\"twitter:label1\" content=\"Yazan:\" \/>\n\t<meta name=\"twitter:data1\" content=\"Haber Merkezi\" \/>\n\t<meta name=\"twitter:label2\" content=\"Tahmini okuma s\u00fcresi\" \/>\n\t<meta name=\"twitter:data2\" content=\"2 dakika\" \/>\n<script type=\"application\/ld+json\" class=\"yoast-schema-graph\">{\"@context\":\"https:\/\/schema.org\",\"@graph\":[{\"@type\":\"Article\",\"@id\":\"https:\/\/epochtimestr.com\/index.php\/prof-dr-orhan-sen-turkiyeye-omega-blogu-geliyor#article\",\"isPartOf\":{\"@id\":\"https:\/\/epochtimestr.com\/index.php\/prof-dr-orhan-sen-turkiyeye-omega-blogu-geliyor\"},\"author\":{\"name\":\"Haber Merkezi\",\"@id\":\"https:\/\/epochtimestr.com\/#\/schema\/person\/3dc5c3adeb9f43923c5aa85889172fdd\"},\"headline\":\"Prof.Dr. Orhan \u015een: &#8220;T\u00fcrkiye\u2019ye Omega Blo\u011fu Geliyor&#8221;\",\"datePublished\":\"2026-06-28T21:50:42+00:00\",\"dateModified\":\"2026-06-28T21:50:44+00:00\",\"mainEntityOfPage\":{\"@id\":\"https:\/\/epochtimestr.com\/index.php\/prof-dr-orhan-sen-turkiyeye-omega-blogu-geliyor\"},\"wordCount\":246,\"commentCount\":0,\"publisher\":{\"@id\":\"https:\/\/epochtimestr.com\/#organization\"},\"image\":{\"@id\":\"https:\/\/epochtimestr.com\/index.php\/prof-dr-orhan-sen-turkiyeye-omega-blogu-geliyor#primaryimage\"},\"thumbnailUrl\":\"https:\/\/epochtimestr.com\/wp-content\/uploads\/2011y\/cloud_purple.jpg\",\"keywords\":[\"a\u015f\u0131r\u0131 s\u0131caklar\",\"Meteoroloji\",\"Omega\",\"s\u0131cak\",\"s\u0131cak hava\"],\"articleSection\":[\"G\u00dcNDEM\",\"MAN\u015eET\",\"T\u00dcRK\u0130YE\",\"Ya\u015fam\"],\"inLanguage\":\"tr\",\"potentialAction\":[{\"@type\":\"CommentAction\",\"name\":\"Comment\",\"target\":[\"https:\/\/epochtimestr.com\/index.php\/prof-dr-orhan-sen-turkiyeye-omega-blogu-geliyor#respond\"]}]},{\"@type\":\"WebPage\",\"@id\":\"https:\/\/epochtimestr.com\/index.php\/prof-dr-orhan-sen-turkiyeye-omega-blogu-geliyor\",\"url\":\"https:\/\/epochtimestr.com\/index.php\/prof-dr-orhan-sen-turkiyeye-omega-blogu-geliyor\",\"name\":\"Prof.Dr. Orhan \u015een: \\\"T\u00fcrkiye\u2019ye Omega Blo\u011fu Geliyor\\\" - The Epoch Times TR\",\"isPartOf\":{\"@id\":\"https:\/\/epochtimestr.com\/#website\"},\"primaryImageOfPage\":{\"@id\":\"https:\/\/epochtimestr.com\/index.php\/prof-dr-orhan-sen-turkiyeye-omega-blogu-geliyor#primaryimage\"},\"image\":{\"@id\":\"https:\/\/epochtimestr.com\/index.php\/prof-dr-orhan-sen-turkiyeye-omega-blogu-geliyor#primaryimage\"},\"thumbnailUrl\":\"https:\/\/epochtimestr.com\/wp-content\/uploads\/2011y\/cloud_purple.jpg\",\"datePublished\":\"2026-06-28T21:50:42+00:00\",\"dateModified\":\"2026-06-28T21:50:44+00:00\",\"description\":\"Prof. Dr. Orhan \u015een, Afrika \u00fczerinden gelen a\u015f\u0131r\u0131 s\u0131cak hava dalgas\u0131 omega blo\u011funun, T\u00fcrkiye'nin bat\u0131 b\u00f6lgelerine ula\u015faca\u011f\u0131n\u0131 duyurdu.\",\"inLanguage\":\"tr\",\"potentialAction\":[{\"@type\":\"ReadAction\",\"target\":[\"https:\/\/epochtimestr.com\/index.php\/prof-dr-orhan-sen-turkiyeye-omega-blogu-geliyor\"]}]},{\"@type\":\"ImageObject\",\"inLanguage\":\"tr\",\"@id\":\"https:\/\/epochtimestr.com\/index.php\/prof-dr-orhan-sen-turkiyeye-omega-blogu-geliyor#primaryimage\",\"url\":\"https:\/\/epochtimestr.com\/wp-content\/uploads\/2011y\/cloud_purple.jpg\",\"contentUrl\":\"https:\/\/epochtimestr.com\/wp-content\/uploads\/2011y\/cloud_purple.jpg\",\"width\":1280,\"height\":1280},{\"@type\":\"WebSite\",\"@id\":\"https:\/\/epochtimestr.com\/#website\",\"url\":\"https:\/\/epochtimestr.com\/\",\"name\":\"The Epoch Times TR\",\"description\":\"De\u011fi\u015fen D\u00fcnyam\u0131za Taze Bir Bak\u0131\u015f\",\"publisher\":{\"@id\":\"https:\/\/epochtimestr.com\/#organization\"},\"potentialAction\":[{\"@type\":\"SearchAction\",\"target\":{\"@type\":\"EntryPoint\",\"urlTemplate\":\"https:\/\/epochtimestr.com\/?s={search_term_string}\"},\"query-input\":\"required name=search_term_string\"}],\"inLanguage\":\"tr\"},{\"@type\":\"Organization\",\"@id\":\"https:\/\/epochtimestr.com\/#organization\",\"name\":\"The EpochTimes T\u00fcrkiye\",\"url\":\"https:\/\/epochtimestr.com\/\",\"logo\":{\"@type\":\"ImageObject\",\"inLanguage\":\"tr\",\"@id\":\"https:\/\/epochtimestr.com\/#\/schema\/logo\/image\/\",\"url\":\"https:\/\/epochtimestr.com\/wp-content\/uploads\/2011y\/ET-Logo-YG.jpg\",\"contentUrl\":\"https:\/\/epochtimestr.com\/wp-content\/uploads\/2011y\/ET-Logo-YG.jpg\",\"width\":346,\"height\":29,\"caption\":\"The EpochTimes T\u00fcrkiye\"},\"image\":{\"@id\":\"https:\/\/epochtimestr.com\/#\/schema\/logo\/image\/\"},\"sameAs\":[\"https:\/\/www.facebook.com\/theepochtimestr\",\"https:\/\/x.com\/TheEpochTimesTR\",\"https:\/\/www.instagram.com\/epochtimestr\"]},{\"@type\":\"Person\",\"@id\":\"https:\/\/epochtimestr.com\/#\/schema\/person\/3dc5c3adeb9f43923c5aa85889172fdd\",\"name\":\"Haber Merkezi\",\"image\":{\"@type\":\"ImageObject\",\"inLanguage\":\"tr\",\"@id\":\"https:\/\/epochtimestr.com\/#\/schema\/person\/image\/\",\"url\":\"https:\/\/secure.gravatar.com\/avatar\/d73f772ba5a74f28601361e17c2f93e6?s=96&d=mm&r=g\",\"contentUrl\":\"https:\/\/secure.gravatar.com\/avatar\/d73f772ba5a74f28601361e17c2f93e6?s=96&d=mm&r=g\",\"caption\":\"Haber Merkezi\"},\"url\":\"https:\/\/epochtimestr.com\/index.php\/author\/sendag\"}]}<\/script>\n<!-- \/ Yoast SEO plugin. -->","yoast_head_json":{"title":"Prof.Dr. Orhan \u015een: \"T\u00fcrkiye\u2019ye Omega Blo\u011fu Geliyor\" - The Epoch Times TR","description":"Prof. Dr. Orhan \u015een, Afrika \u00fczerinden gelen a\u015f\u0131r\u0131 s\u0131cak hava dalgas\u0131 omega blo\u011funun, T\u00fcrkiye'nin bat\u0131 b\u00f6lgelerine ula\u015faca\u011f\u0131n\u0131 duyurdu.","robots":{"index":"index","follow":"follow","max-snippet":"max-snippet:-1","max-image-preview":"max-image-preview:large","max-video-preview":"max-video-preview:-1"},"canonical":"https:\/\/epochtimestr.com\/index.php\/prof-dr-orhan-sen-turkiyeye-omega-blogu-geliyor","og_locale":"tr_TR","og_type":"article","og_title":"Prof.Dr. Orhan \u015een: \"T\u00fcrkiye\u2019ye Omega Blo\u011fu Geliyor\" - The Epoch Times TR","og_description":"Prof. Dr. Orhan \u015een, Afrika \u00fczerinden gelen a\u015f\u0131r\u0131 s\u0131cak hava dalgas\u0131 omega blo\u011funun, T\u00fcrkiye'nin bat\u0131 b\u00f6lgelerine ula\u015faca\u011f\u0131n\u0131 duyurdu.","og_url":"https:\/\/epochtimestr.com\/index.php\/prof-dr-orhan-sen-turkiyeye-omega-blogu-geliyor","og_site_name":"The Epoch Times TR","article_publisher":"https:\/\/www.facebook.com\/theepochtimestr","article_published_time":"2026-06-28T21:50:42+00:00","article_modified_time":"2026-06-28T21:50:44+00:00","og_image":[{"width":1280,"height":1280,"url":"https:\/\/epochtimestr.com\/wp-content\/uploads\/2011y\/cloud_purple.jpg","type":"image\/jpeg"}],"author":"Haber Merkezi","twitter_card":"summary_large_image","twitter_creator":"@TheEpochTimesTR","twitter_site":"@TheEpochTimesTR","twitter_misc":{"Yazan:":"Haber Merkezi","Tahmini okuma s\u00fcresi":"2 dakika"},"schema":{"@context":"https:\/\/schema.org","@graph":[{"@type":"Article","@id":"https:\/\/epochtimestr.com\/index.php\/prof-dr-orhan-sen-turkiyeye-omega-blogu-geliyor#article","isPartOf":{"@id":"https:\/\/epochtimestr.com\/index.php\/prof-dr-orhan-sen-turkiyeye-omega-blogu-geliyor"},"author":{"name":"Haber Merkezi","@id":"https:\/\/epochtimestr.com\/#\/schema\/person\/3dc5c3adeb9f43923c5aa85889172fdd"},"headline":"Prof.Dr. Orhan \u015een: &#8220;T\u00fcrkiye\u2019ye Omega Blo\u011fu Geliyor&#8221;","datePublished":"2026-06-28T21:50:42+00:00","dateModified":"2026-06-28T21:50:44+00:00","mainEntityOfPage":{"@id":"https:\/\/epochtimestr.com\/index.php\/prof-dr-orhan-sen-turkiyeye-omega-blogu-geliyor"},"wordCount":246,"commentCount":0,"publisher":{"@id":"https:\/\/epochtimestr.com\/#organization"},"image":{"@id":"https:\/\/epochtimestr.com\/index.php\/prof-dr-orhan-sen-turkiyeye-omega-blogu-geliyor#primaryimage"},"thumbnailUrl":"https:\/\/epochtimestr.com\/wp-content\/uploads\/2011y\/cloud_purple.jpg","keywords":["a\u015f\u0131r\u0131 s\u0131caklar","Meteoroloji","Omega","s\u0131cak","s\u0131cak hava"],"articleSection":["G\u00dcNDEM","MAN\u015eET","T\u00dcRK\u0130YE","Ya\u015fam"],"inLanguage":"tr","potentialAction":[{"@type":"CommentAction","name":"Comment","target":["https:\/\/epochtimestr.com\/index.php\/prof-dr-orhan-sen-turkiyeye-omega-blogu-geliyor#respond"]}]},{"@type":"WebPage","@id":"https:\/\/epochtimestr.com\/index.php\/prof-dr-orhan-sen-turkiyeye-omega-blogu-geliyor","url":"https:\/\/epochtimestr.com\/index.php\/prof-dr-orhan-sen-turkiyeye-omega-blogu-geliyor","name":"Prof.Dr. Orhan \u015een: \"T\u00fcrkiye\u2019ye Omega Blo\u011fu Geliyor\" - The Epoch Times TR","isPartOf":{"@id":"https:\/\/epochtimestr.com\/#website"},"primaryImageOfPage":{"@id":"https:\/\/epochtimestr.com\/index.php\/prof-dr-orhan-sen-turkiyeye-omega-blogu-geliyor#primaryimage"},"image":{"@id":"https:\/\/epochtimestr.com\/index.php\/prof-dr-orhan-sen-turkiyeye-omega-blogu-geliyor#primaryimage"},"thumbnailUrl":"https:\/\/epochtimestr.com\/wp-content\/uploads\/2011y\/cloud_purple.jpg","datePublished":"2026-06-28T21:50:42+00:00","dateModified":"2026-06-28T21:50:44+00:00","description":"Prof. Dr. Orhan \u015een, Afrika \u00fczerinden gelen a\u015f\u0131r\u0131 s\u0131cak hava dalgas\u0131 omega blo\u011funun, T\u00fcrkiye'nin bat\u0131 b\u00f6lgelerine ula\u015faca\u011f\u0131n\u0131 duyurdu.","inLanguage":"tr","potentialAction":[{"@type":"ReadAction","target":["https:\/\/epochtimestr.com\/index.php\/prof-dr-orhan-sen-turkiyeye-omega-blogu-geliyor"]}]},{"@type":"ImageObject","inLanguage":"tr","@id":"https:\/\/epochtimestr.com\/index.php\/prof-dr-orhan-sen-turkiyeye-omega-blogu-geliyor#primaryimage","url":"https:\/\/epochtimestr.com\/wp-content\/uploads\/2011y\/cloud_purple.jpg","contentUrl":"https:\/\/epochtimestr.com\/wp-content\/uploads\/2011y\/cloud_purple.jpg","width":1280,"height":1280},{"@type":"WebSite","@id":"https:\/\/epochtimestr.com\/#website","url":"https:\/\/epochtimestr.com\/","name":"The Epoch Times TR","description":"De\u011fi\u015fen D\u00fcnyam\u0131za Taze Bir Bak\u0131\u015f","publisher":{"@id":"https:\/\/epochtimestr.com\/#organization"},"potentialAction":[{"@type":"SearchAction","target":{"@type":"EntryPoint","urlTemplate":"https:\/\/epochtimestr.com\/?s={search_term_string}"},"query-input":"required name=search_term_string"}],"inLanguage":"tr"},{"@type":"Organization","@id":"https:\/\/epochtimestr.com\/#organization","name":"The EpochTimes T\u00fcrkiye","url":"https:\/\/epochtimestr.com\/","logo":{"@type":"ImageObject","inLanguage":"tr","@id":"https:\/\/epochtimestr.com\/#\/schema\/logo\/image\/","url":"https:\/\/epochtimestr.com\/wp-content\/uploads\/2011y\/ET-Logo-YG.jpg","contentUrl":"https:\/\/epochtimestr.com\/wp-content\/uploads\/2011y\/ET-Logo-YG.jpg","width":346,"height":29,"caption":"The EpochTimes T\u00fcrkiye"},"image":{"@id":"https:\/\/epochtimestr.com\/#\/schema\/logo\/image\/"},"sameAs":["https:\/\/www.facebook.com\/theepochtimestr","https:\/\/x.com\/TheEpochTimesTR","https:\/\/www.instagram.com\/epochtimestr"]},{"@type":"Person","@id":"https:\/\/epochtimestr.com\/#\/schema\/person\/3dc5c3adeb9f43923c5aa85889172fdd","name":"Haber Merkezi","image":{"@type":"ImageObject","inLanguage":"tr","@id":"https:\/\/epochtimestr.com\/#\/schema\/person\/image\/","url":"https:\/\/secure.gravatar.com\/avatar\/d73f772ba5a74f28601361e17c2f93e6?s=96&d=mm&r=g","contentUrl":"https:\/\/secure.gravatar.com\/avatar\/d73f772ba5a74f28601361e17c2f93e6?s=96&d=mm&r=g","caption":"Haber Merkezi"},"url":"https:\/\/epochtimestr.com\/index.php\/author\/sendag"}]}},"_links":{"self":[{"href":"https:\/\/epochtimestr.com\/index.php\/wp-json\/wp\/v2\/posts\/168076"}],"collection":[{"href":"https:\/\/epochtimestr.com\/index.php\/wp-json\/wp\/v2\/posts"}],"about":[{"href":"https:\/\/epochtimestr.com\/index.php\/wp-json\/wp\/v2\/types\/post"}],"author":[{"embeddable":true,"href":"https:\/\/epochtimestr.com\/index.php\/wp-json\/wp\/v2\/users\/12791"}],"replies":[{"embeddable":true,"href":"https:\/\/epochtimestr.com\/index.php\/wp-json\/wp\/v2\/comments?post=168076"}],"version-history":[{"count":2,"href":"https:\/\/epochtimestr.com\/index.php\/wp-json\/wp\/v2\/posts\/168076\/revisions"}],"predecessor-version":[{"id":168080,"href":"https:\/\/epochtimestr.com\/index.php\/wp-json\/wp\/v2\/posts\/168076\/revisions\/168080"}],"wp:featuredmedia":[{"embeddable":true,"href":"https:\/\/epochtimestr.com\/index.php\/wp-json\/wp\/v2\/media\/168077"}],"wp:attachment":[{"href":"https:\/\/epochtimestr.com\/index.php\/wp-json\/wp\/v2\/media?parent=168076"}],"wp:term":[{"taxonomy":"category","embeddable":true,"href":"https:\/\/epochtimestr.com\/index.php\/wp-json\/wp\/v2\/categories?post=168076"},{"taxonomy":"post_tag","embeddable":true,"href":"https:\/\/epochtimestr.com\/index.php\/wp-json\/wp\/v2\/tags?post=168076"}],"curies":[{"name":"wp","href":"https:\/\/api.w.org\/{rel}","templated":true}]}}