{"id":168096,"date":"2026-06-29T16:26:44","date_gmt":"2026-06-29T13:26:44","guid":{"rendered":"https:\/\/epochtimestr.com\/?p=168096"},"modified":"2026-06-29T16:26:46","modified_gmt":"2026-06-29T13:26:46","slug":"muharrem-ince-ben-chpde-kalacagim","status":"publish","type":"post","link":"https:\/\/epochtimestr.com\/index.php\/muharrem-ince-ben-chpde-kalacagim","title":{"rendered":"Muharrem \u0130nce: &#8220;Ben CHP&#8217;de Kalaca\u011f\u0131m&#8221;"},"content":{"rendered":"<div class=\"wp-block-image\">\n<figure class=\"aligncenter size-full\"><img loading=\"lazy\" decoding=\"async\" width=\"595\" height=\"336\" src=\"https:\/\/epochtimestr.com\/wp-content\/uploads\/2011y\/muharrem-ince-2.jpg\" alt=\"Foto\u011fraf: Muharrem \u0130nce'nin X hesab\u0131\" class=\"wp-image-168097\" srcset=\"https:\/\/epochtimestr.com\/wp-content\/uploads\/2011y\/muharrem-ince-2.jpg 595w, https:\/\/epochtimestr.com\/wp-content\/uploads\/2011y\/muharrem-ince-2-300x169.jpg 300w, https:\/\/epochtimestr.com\/wp-content\/uploads\/2011y\/muharrem-ince-2-150x85.jpg 150w\" sizes=\"(max-width: 595px) 100vw, 595px\" \/><figcaption class=\"wp-element-caption\">Foto\u011fraf: Muharrem \u0130nce&#8217;nin X hesab\u0131<\/figcaption><\/figure><\/div>\n\n\n<h2 class=\"wp-block-heading\">Muharrem \u0130nce, \u00d6zg\u00fcr \u00d6zel ve beraberindeki isimler taraf\u0131ndan kurulmas\u0131 beklenen yeni partiye kat\u0131lmayaca\u011f\u0131n\u0131 ve CHP&#8217;de kalaca\u011f\u0131n\u0131 a\u00e7\u0131klad\u0131.<\/h2>\n\n\n\n<p>Kemal K\u0131l\u0131\u00e7daro\u011flu kat\u0131ld\u0131\u011f\u0131 canl\u0131 yay\u0131nda kurultay\u0131 toplayabilece\u011fini, ancak bunun ola\u011fan kurultay olaca\u011f\u0131n\u0131 belirterek ola\u011fan\u00fcst\u00fc bir kurultay i\u00e7in a\u00e7\u0131klama yapmam\u0131\u015ft\u0131. CHP&#8217;nin lideri <a href=\"https:\/\/epochtimestr.com\/index.php\/secilmis-chp-genel-baskani-ozgur-ozel-anitkabire-yurudu\" target=\"_blank\" rel=\"noreferrer noopener\">\u00d6zg\u00fcr \u00d6zel<\/a>&#8216;in, mutlak butlan Kemal K\u0131l\u0131\u00e7daro\u011flu y\u00f6netiminin ola\u011fan\u00fcst\u00fc kurultaya gitmemesi nedeniyle temmuzda baz\u0131 milletvekilleri ile yeni bir partiye ge\u00e7meye haz\u0131rland\u0131\u011f\u0131 bekleniyor.<\/p>\n\n\n\n<p><strong>&#8220;Yeni parti kurulursa kat\u0131lacak m\u0131s\u0131n\u0131z?&#8221;<\/strong><\/p>\n\n\n\n<p>2018&#8217;de CHP&#8217;nin cumhurba\u015fkan\u0131 aday\u0131 olan Muharrem \u0130nce, kurultaydaki delege sisteminden \u015fik\u00e2yet ederek CHP&#8217;den istifa etmi\u015f ve 2021 y\u0131l\u0131nda Memleket Partisi&#8217;ni kurmu\u015ftu. \u00d6zg\u00fcr \u00d6zel&#8217;in davetiyle ge\u00e7en y\u0131l <a href=\"https:\/\/epochtimestr.com\/index.php\/muharrem-ince-chpye-dondu\" target=\"_blank\" rel=\"noreferrer noopener\">CHP&#8217;ye d\u00f6nen<\/a> ve kurucusu oldu\u011fu Memleket Partisini kapatan Muharrem \u0130nce&#8217;den &#8216;yeni parti&#8217; a\u00e7\u0131klamas\u0131 geldi. Gazeteci Mustafa Balbay&#8217;\u0131n aktard\u0131\u011f\u0131na g\u00f6re \u0130nce &#8220;Yeni parti kurulursa kat\u0131lacak m\u0131s\u0131n\u0131z?&#8221; sorusunu, &#8220;Ben CHP&#8217;de kalaca\u011f\u0131m. Ayr\u0131l\u0131p geri d\u00f6nmek zorunda kalman\u0131n ne oldu\u011funu ya\u015fad\u0131m&#8221; yan\u0131t\u0131n\u0131 verdi.<\/p>\n\n\n\n<p><strong>&#8220;Ana g\u00f6vdeden kopan yok olur<\/strong>&#8220;<\/p>\n\n\n\n<p>Mustafa Balbay&#8217;\u0131n S\u00f6zc\u00fc TV&#8217;de aktard\u0131\u011f\u0131 bilgilere g\u00f6re &#8220;\u00d6rne\u011fin, kimileri diyor ki ana g\u00f6vdeden kopan yok olur. \u0130\u015fte \u00f6rne\u011fin, \u00e7ok uzak ge\u00e7mi\u015fte G\u00fcven Partisi, yak\u0131n ge\u00e7mi\u015fte Muharrem \u0130nce. Ben bunu Muharrem \u0130nce ile de konu\u015ftum. Yani bir sohbet ettik \u0130nce ile, aram\u0131zdaki &#8216;off the record&#8217; yanlar\u0131 da oldu ama \u015fu kadar\u0131n\u0131 payla\u015fmama laf etmeyecektir diye d\u00fc\u015f\u00fcn\u00fcyorum. \u0130nce&#8217;nin &#8221;Balbay, ben partiden ayr\u0131lman\u0131n zorlu\u011funu ya\u015fad\u0131m&#8221; a\u00e7\u0131klamas\u0131n\u0131 yapt\u0131\u011f\u0131n\u0131 s\u00f6yledi.<\/p>\n","protected":false},"excerpt":{"rendered":"<p>Muharrem \u0130nce, \u00d6zg\u00fcr \u00d6zel ve beraberindeki isimler taraf\u0131ndan kurulmas\u0131 beklenen yeni partiye kat\u0131lmayaca\u011f\u0131n\u0131 ve CHP&#8217;de kalaca\u011f\u0131n\u0131 a\u00e7\u0131klad\u0131. Kemal K\u0131l\u0131\u00e7daro\u011flu kat\u0131ld\u0131\u011f\u0131 canl\u0131 yay\u0131nda kurultay\u0131 toplayabilece\u011fini, ancak bunun ola\u011fan kurultay olaca\u011f\u0131n\u0131 belirterek ola\u011fan\u00fcst\u00fc bir kurultay i\u00e7in a\u00e7\u0131klama yapmam\u0131\u015ft\u0131. CHP&#8217;nin lideri \u00d6zg\u00fcr \u00d6zel&#8216;in, mutlak butlan Kemal K\u0131l\u0131\u00e7daro\u011flu y\u00f6netiminin ola\u011fan\u00fcst\u00fc kurultaya gitmemesi nedeniyle temmuzda baz\u0131 milletvekilleri ile yeni bir [&hellip;]<\/p>\n","protected":false},"author":12791,"featured_media":168097,"comment_status":"open","ping_status":"open","sticky":false,"template":"","format":"standard","meta":{"_yoast_wpseo_focuskw":"Muharrem \u0130nce","_yoast_wpseo_title":"","_yoast_wpseo_metadesc":"Muharrem \u0130nce, \u00d6zg\u00fcr \u00d6zel ve beraberindeki isimler taraf\u0131ndan kurulmas\u0131 beklenen yeni partiye kat\u0131lmayaca\u011f\u0131n\u0131 ve CHP'de kalaca\u011f\u0131n\u0131 a\u00e7\u0131klad\u0131.","_bbp_topic_count":0,"_bbp_reply_count":0,"_bbp_total_topic_count":0,"_bbp_total_reply_count":0,"_bbp_voice_count":0,"_bbp_anonymous_reply_count":0,"_bbp_topic_count_hidden":0,"_bbp_reply_count_hidden":0,"_bbp_forum_subforum_count":0,"footnotes":"","_yoast_wpseo_focuskw_text_input":""},"categories":[1,8138,8226,37],"tags":[583,11591,8492],"yoast_head":"<!-- This site is optimized with the Yoast SEO plugin v23.0 - https:\/\/yoast.com\/wordpress\/plugins\/seo\/ -->\n<title>Muharrem \u0130nce: &quot;Ben CHP&#039;de Kalaca\u011f\u0131m&#039;&#039; - The Epoch Times TR<\/title>\n<meta name=\"description\" content=\"Muharrem \u0130nce, \u00d6zg\u00fcr \u00d6zel ve beraberindeki isimler taraf\u0131ndan kurulmas\u0131 beklenen yeni partiye kat\u0131lmayaca\u011f\u0131n\u0131 ve CHP&#039;de kalaca\u011f\u0131n\u0131 a\u00e7\u0131klad\u0131.\" \/>\n<meta name=\"robots\" content=\"index, follow, max-snippet:-1, max-image-preview:large, max-video-preview:-1\" \/>\n<link rel=\"canonical\" href=\"https:\/\/epochtimestr.com\/index.php\/muharrem-ince-ben-chpde-kalacagim\" \/>\n<meta property=\"og:locale\" content=\"tr_TR\" \/>\n<meta property=\"og:type\" content=\"article\" \/>\n<meta property=\"og:title\" content=\"Muharrem \u0130nce: &quot;Ben CHP&#039;de Kalaca\u011f\u0131m&#039;&#039; - The Epoch Times TR\" \/>\n<meta property=\"og:description\" content=\"Muharrem \u0130nce, \u00d6zg\u00fcr \u00d6zel ve beraberindeki isimler taraf\u0131ndan kurulmas\u0131 beklenen yeni partiye kat\u0131lmayaca\u011f\u0131n\u0131 ve CHP&#039;de kalaca\u011f\u0131n\u0131 a\u00e7\u0131klad\u0131.\" \/>\n<meta property=\"og:url\" content=\"https:\/\/epochtimestr.com\/index.php\/muharrem-ince-ben-chpde-kalacagim\" \/>\n<meta property=\"og:site_name\" content=\"The Epoch Times TR\" \/>\n<meta property=\"article:publisher\" content=\"https:\/\/www.facebook.com\/theepochtimestr\" \/>\n<meta property=\"article:published_time\" content=\"2026-06-29T13:26:44+00:00\" \/>\n<meta property=\"article:modified_time\" content=\"2026-06-29T13:26:46+00:00\" \/>\n<meta property=\"og:image\" content=\"https:\/\/epochtimestr.com\/wp-content\/uploads\/2011y\/muharrem-ince-2.jpg\" \/>\n\t<meta property=\"og:image:width\" content=\"595\" \/>\n\t<meta property=\"og:image:height\" content=\"336\" \/>\n\t<meta property=\"og:image:type\" content=\"image\/jpeg\" \/>\n<meta name=\"author\" content=\"Haber Merkezi\" \/>\n<meta name=\"twitter:card\" content=\"summary_large_image\" \/>\n<meta name=\"twitter:creator\" content=\"@TheEpochTimesTR\" \/>\n<meta name=\"twitter:site\" content=\"@TheEpochTimesTR\" \/>\n<meta name=\"twitter:label1\" content=\"Yazan:\" \/>\n\t<meta name=\"twitter:data1\" content=\"Haber Merkezi\" \/>\n\t<meta name=\"twitter:label2\" content=\"Tahmini okuma s\u00fcresi\" \/>\n\t<meta name=\"twitter:data2\" content=\"2 dakika\" \/>\n<script type=\"application\/ld+json\" class=\"yoast-schema-graph\">{\"@context\":\"https:\/\/schema.org\",\"@graph\":[{\"@type\":\"Article\",\"@id\":\"https:\/\/epochtimestr.com\/index.php\/muharrem-ince-ben-chpde-kalacagim#article\",\"isPartOf\":{\"@id\":\"https:\/\/epochtimestr.com\/index.php\/muharrem-ince-ben-chpde-kalacagim\"},\"author\":{\"name\":\"Haber Merkezi\",\"@id\":\"https:\/\/epochtimestr.com\/#\/schema\/person\/3dc5c3adeb9f43923c5aa85889172fdd\"},\"headline\":\"Muharrem \u0130nce: &#8220;Ben CHP&#8217;de Kalaca\u011f\u0131m&#8221;\",\"datePublished\":\"2026-06-29T13:26:44+00:00\",\"dateModified\":\"2026-06-29T13:26:46+00:00\",\"mainEntityOfPage\":{\"@id\":\"https:\/\/epochtimestr.com\/index.php\/muharrem-ince-ben-chpde-kalacagim\"},\"wordCount\":298,\"commentCount\":0,\"publisher\":{\"@id\":\"https:\/\/epochtimestr.com\/#organization\"},\"image\":{\"@id\":\"https:\/\/epochtimestr.com\/index.php\/muharrem-ince-ben-chpde-kalacagim#primaryimage\"},\"thumbnailUrl\":\"https:\/\/epochtimestr.com\/wp-content\/uploads\/2011y\/muharrem-ince-2.jpg\",\"keywords\":[\"CHP\",\"Muharrem \u0130nce\",\"\u00d6zg\u00fcr \u00d6zel\"],\"articleSection\":[\"G\u00dcNDEM\",\"MAN\u015eET\",\"Siyaset\",\"T\u00dcRK\u0130YE\"],\"inLanguage\":\"tr\",\"potentialAction\":[{\"@type\":\"CommentAction\",\"name\":\"Comment\",\"target\":[\"https:\/\/epochtimestr.com\/index.php\/muharrem-ince-ben-chpde-kalacagim#respond\"]}]},{\"@type\":\"WebPage\",\"@id\":\"https:\/\/epochtimestr.com\/index.php\/muharrem-ince-ben-chpde-kalacagim\",\"url\":\"https:\/\/epochtimestr.com\/index.php\/muharrem-ince-ben-chpde-kalacagim\",\"name\":\"Muharrem \u0130nce: \\\"Ben CHP'de Kalaca\u011f\u0131m'' - The Epoch Times TR\",\"isPartOf\":{\"@id\":\"https:\/\/epochtimestr.com\/#website\"},\"primaryImageOfPage\":{\"@id\":\"https:\/\/epochtimestr.com\/index.php\/muharrem-ince-ben-chpde-kalacagim#primaryimage\"},\"image\":{\"@id\":\"https:\/\/epochtimestr.com\/index.php\/muharrem-ince-ben-chpde-kalacagim#primaryimage\"},\"thumbnailUrl\":\"https:\/\/epochtimestr.com\/wp-content\/uploads\/2011y\/muharrem-ince-2.jpg\",\"datePublished\":\"2026-06-29T13:26:44+00:00\",\"dateModified\":\"2026-06-29T13:26:46+00:00\",\"description\":\"Muharrem \u0130nce, \u00d6zg\u00fcr \u00d6zel ve beraberindeki isimler taraf\u0131ndan kurulmas\u0131 beklenen yeni partiye kat\u0131lmayaca\u011f\u0131n\u0131 ve CHP'de kalaca\u011f\u0131n\u0131 a\u00e7\u0131klad\u0131.\",\"inLanguage\":\"tr\",\"potentialAction\":[{\"@type\":\"ReadAction\",\"target\":[\"https:\/\/epochtimestr.com\/index.php\/muharrem-ince-ben-chpde-kalacagim\"]}]},{\"@type\":\"ImageObject\",\"inLanguage\":\"tr\",\"@id\":\"https:\/\/epochtimestr.com\/index.php\/muharrem-ince-ben-chpde-kalacagim#primaryimage\",\"url\":\"https:\/\/epochtimestr.com\/wp-content\/uploads\/2011y\/muharrem-ince-2.jpg\",\"contentUrl\":\"https:\/\/epochtimestr.com\/wp-content\/uploads\/2011y\/muharrem-ince-2.jpg\",\"width\":595,\"height\":336},{\"@type\":\"WebSite\",\"@id\":\"https:\/\/epochtimestr.com\/#website\",\"url\":\"https:\/\/epochtimestr.com\/\",\"name\":\"The Epoch Times TR\",\"description\":\"De\u011fi\u015fen D\u00fcnyam\u0131za Taze Bir Bak\u0131\u015f\",\"publisher\":{\"@id\":\"https:\/\/epochtimestr.com\/#organization\"},\"potentialAction\":[{\"@type\":\"SearchAction\",\"target\":{\"@type\":\"EntryPoint\",\"urlTemplate\":\"https:\/\/epochtimestr.com\/?s={search_term_string}\"},\"query-input\":\"required name=search_term_string\"}],\"inLanguage\":\"tr\"},{\"@type\":\"Organization\",\"@id\":\"https:\/\/epochtimestr.com\/#organization\",\"name\":\"The EpochTimes T\u00fcrkiye\",\"url\":\"https:\/\/epochtimestr.com\/\",\"logo\":{\"@type\":\"ImageObject\",\"inLanguage\":\"tr\",\"@id\":\"https:\/\/epochtimestr.com\/#\/schema\/logo\/image\/\",\"url\":\"https:\/\/epochtimestr.com\/wp-content\/uploads\/2011y\/ET-Logo-YG.jpg\",\"contentUrl\":\"https:\/\/epochtimestr.com\/wp-content\/uploads\/2011y\/ET-Logo-YG.jpg\",\"width\":346,\"height\":29,\"caption\":\"The EpochTimes T\u00fcrkiye\"},\"image\":{\"@id\":\"https:\/\/epochtimestr.com\/#\/schema\/logo\/image\/\"},\"sameAs\":[\"https:\/\/www.facebook.com\/theepochtimestr\",\"https:\/\/x.com\/TheEpochTimesTR\",\"https:\/\/www.instagram.com\/epochtimestr\"]},{\"@type\":\"Person\",\"@id\":\"https:\/\/epochtimestr.com\/#\/schema\/person\/3dc5c3adeb9f43923c5aa85889172fdd\",\"name\":\"Haber Merkezi\",\"image\":{\"@type\":\"ImageObject\",\"inLanguage\":\"tr\",\"@id\":\"https:\/\/epochtimestr.com\/#\/schema\/person\/image\/\",\"url\":\"https:\/\/secure.gravatar.com\/avatar\/d73f772ba5a74f28601361e17c2f93e6?s=96&d=mm&r=g\",\"contentUrl\":\"https:\/\/secure.gravatar.com\/avatar\/d73f772ba5a74f28601361e17c2f93e6?s=96&d=mm&r=g\",\"caption\":\"Haber Merkezi\"},\"url\":\"https:\/\/epochtimestr.com\/index.php\/author\/sendag\"}]}<\/script>\n<!-- \/ Yoast SEO plugin. -->","yoast_head_json":{"title":"Muharrem \u0130nce: \"Ben CHP'de Kalaca\u011f\u0131m'' - The Epoch Times TR","description":"Muharrem \u0130nce, \u00d6zg\u00fcr \u00d6zel ve beraberindeki isimler taraf\u0131ndan kurulmas\u0131 beklenen yeni partiye kat\u0131lmayaca\u011f\u0131n\u0131 ve CHP'de kalaca\u011f\u0131n\u0131 a\u00e7\u0131klad\u0131.","robots":{"index":"index","follow":"follow","max-snippet":"max-snippet:-1","max-image-preview":"max-image-preview:large","max-video-preview":"max-video-preview:-1"},"canonical":"https:\/\/epochtimestr.com\/index.php\/muharrem-ince-ben-chpde-kalacagim","og_locale":"tr_TR","og_type":"article","og_title":"Muharrem \u0130nce: \"Ben CHP'de Kalaca\u011f\u0131m'' - The Epoch Times TR","og_description":"Muharrem \u0130nce, \u00d6zg\u00fcr \u00d6zel ve beraberindeki isimler taraf\u0131ndan kurulmas\u0131 beklenen yeni partiye kat\u0131lmayaca\u011f\u0131n\u0131 ve CHP'de kalaca\u011f\u0131n\u0131 a\u00e7\u0131klad\u0131.","og_url":"https:\/\/epochtimestr.com\/index.php\/muharrem-ince-ben-chpde-kalacagim","og_site_name":"The Epoch Times TR","article_publisher":"https:\/\/www.facebook.com\/theepochtimestr","article_published_time":"2026-06-29T13:26:44+00:00","article_modified_time":"2026-06-29T13:26:46+00:00","og_image":[{"width":595,"height":336,"url":"https:\/\/epochtimestr.com\/wp-content\/uploads\/2011y\/muharrem-ince-2.jpg","type":"image\/jpeg"}],"author":"Haber Merkezi","twitter_card":"summary_large_image","twitter_creator":"@TheEpochTimesTR","twitter_site":"@TheEpochTimesTR","twitter_misc":{"Yazan:":"Haber Merkezi","Tahmini okuma s\u00fcresi":"2 dakika"},"schema":{"@context":"https:\/\/schema.org","@graph":[{"@type":"Article","@id":"https:\/\/epochtimestr.com\/index.php\/muharrem-ince-ben-chpde-kalacagim#article","isPartOf":{"@id":"https:\/\/epochtimestr.com\/index.php\/muharrem-ince-ben-chpde-kalacagim"},"author":{"name":"Haber Merkezi","@id":"https:\/\/epochtimestr.com\/#\/schema\/person\/3dc5c3adeb9f43923c5aa85889172fdd"},"headline":"Muharrem \u0130nce: &#8220;Ben CHP&#8217;de Kalaca\u011f\u0131m&#8221;","datePublished":"2026-06-29T13:26:44+00:00","dateModified":"2026-06-29T13:26:46+00:00","mainEntityOfPage":{"@id":"https:\/\/epochtimestr.com\/index.php\/muharrem-ince-ben-chpde-kalacagim"},"wordCount":298,"commentCount":0,"publisher":{"@id":"https:\/\/epochtimestr.com\/#organization"},"image":{"@id":"https:\/\/epochtimestr.com\/index.php\/muharrem-ince-ben-chpde-kalacagim#primaryimage"},"thumbnailUrl":"https:\/\/epochtimestr.com\/wp-content\/uploads\/2011y\/muharrem-ince-2.jpg","keywords":["CHP","Muharrem \u0130nce","\u00d6zg\u00fcr \u00d6zel"],"articleSection":["G\u00dcNDEM","MAN\u015eET","Siyaset","T\u00dcRK\u0130YE"],"inLanguage":"tr","potentialAction":[{"@type":"CommentAction","name":"Comment","target":["https:\/\/epochtimestr.com\/index.php\/muharrem-ince-ben-chpde-kalacagim#respond"]}]},{"@type":"WebPage","@id":"https:\/\/epochtimestr.com\/index.php\/muharrem-ince-ben-chpde-kalacagim","url":"https:\/\/epochtimestr.com\/index.php\/muharrem-ince-ben-chpde-kalacagim","name":"Muharrem \u0130nce: \"Ben CHP'de Kalaca\u011f\u0131m'' - The Epoch Times TR","isPartOf":{"@id":"https:\/\/epochtimestr.com\/#website"},"primaryImageOfPage":{"@id":"https:\/\/epochtimestr.com\/index.php\/muharrem-ince-ben-chpde-kalacagim#primaryimage"},"image":{"@id":"https:\/\/epochtimestr.com\/index.php\/muharrem-ince-ben-chpde-kalacagim#primaryimage"},"thumbnailUrl":"https:\/\/epochtimestr.com\/wp-content\/uploads\/2011y\/muharrem-ince-2.jpg","datePublished":"2026-06-29T13:26:44+00:00","dateModified":"2026-06-29T13:26:46+00:00","description":"Muharrem \u0130nce, \u00d6zg\u00fcr \u00d6zel ve beraberindeki isimler taraf\u0131ndan kurulmas\u0131 beklenen yeni partiye kat\u0131lmayaca\u011f\u0131n\u0131 ve CHP'de kalaca\u011f\u0131n\u0131 a\u00e7\u0131klad\u0131.","inLanguage":"tr","potentialAction":[{"@type":"ReadAction","target":["https:\/\/epochtimestr.com\/index.php\/muharrem-ince-ben-chpde-kalacagim"]}]},{"@type":"ImageObject","inLanguage":"tr","@id":"https:\/\/epochtimestr.com\/index.php\/muharrem-ince-ben-chpde-kalacagim#primaryimage","url":"https:\/\/epochtimestr.com\/wp-content\/uploads\/2011y\/muharrem-ince-2.jpg","contentUrl":"https:\/\/epochtimestr.com\/wp-content\/uploads\/2011y\/muharrem-ince-2.jpg","width":595,"height":336},{"@type":"WebSite","@id":"https:\/\/epochtimestr.com\/#website","url":"https:\/\/epochtimestr.com\/","name":"The Epoch Times TR","description":"De\u011fi\u015fen D\u00fcnyam\u0131za Taze Bir Bak\u0131\u015f","publisher":{"@id":"https:\/\/epochtimestr.com\/#organization"},"potentialAction":[{"@type":"SearchAction","target":{"@type":"EntryPoint","urlTemplate":"https:\/\/epochtimestr.com\/?s={search_term_string}"},"query-input":"required name=search_term_string"}],"inLanguage":"tr"},{"@type":"Organization","@id":"https:\/\/epochtimestr.com\/#organization","name":"The EpochTimes T\u00fcrkiye","url":"https:\/\/epochtimestr.com\/","logo":{"@type":"ImageObject","inLanguage":"tr","@id":"https:\/\/epochtimestr.com\/#\/schema\/logo\/image\/","url":"https:\/\/epochtimestr.com\/wp-content\/uploads\/2011y\/ET-Logo-YG.jpg","contentUrl":"https:\/\/epochtimestr.com\/wp-content\/uploads\/2011y\/ET-Logo-YG.jpg","width":346,"height":29,"caption":"The EpochTimes T\u00fcrkiye"},"image":{"@id":"https:\/\/epochtimestr.com\/#\/schema\/logo\/image\/"},"sameAs":["https:\/\/www.facebook.com\/theepochtimestr","https:\/\/x.com\/TheEpochTimesTR","https:\/\/www.instagram.com\/epochtimestr"]},{"@type":"Person","@id":"https:\/\/epochtimestr.com\/#\/schema\/person\/3dc5c3adeb9f43923c5aa85889172fdd","name":"Haber Merkezi","image":{"@type":"ImageObject","inLanguage":"tr","@id":"https:\/\/epochtimestr.com\/#\/schema\/person\/image\/","url":"https:\/\/secure.gravatar.com\/avatar\/d73f772ba5a74f28601361e17c2f93e6?s=96&d=mm&r=g","contentUrl":"https:\/\/secure.gravatar.com\/avatar\/d73f772ba5a74f28601361e17c2f93e6?s=96&d=mm&r=g","caption":"Haber Merkezi"},"url":"https:\/\/epochtimestr.com\/index.php\/author\/sendag"}]}},"_links":{"self":[{"href":"https:\/\/epochtimestr.com\/index.php\/wp-json\/wp\/v2\/posts\/168096"}],"collection":[{"href":"https:\/\/epochtimestr.com\/index.php\/wp-json\/wp\/v2\/posts"}],"about":[{"href":"https:\/\/epochtimestr.com\/index.php\/wp-json\/wp\/v2\/types\/post"}],"author":[{"embeddable":true,"href":"https:\/\/epochtimestr.com\/index.php\/wp-json\/wp\/v2\/users\/12791"}],"replies":[{"embeddable":true,"href":"https:\/\/epochtimestr.com\/index.php\/wp-json\/wp\/v2\/comments?post=168096"}],"version-history":[{"count":2,"href":"https:\/\/epochtimestr.com\/index.php\/wp-json\/wp\/v2\/posts\/168096\/revisions"}],"predecessor-version":[{"id":168102,"href":"https:\/\/epochtimestr.com\/index.php\/wp-json\/wp\/v2\/posts\/168096\/revisions\/168102"}],"wp:featuredmedia":[{"embeddable":true,"href":"https:\/\/epochtimestr.com\/index.php\/wp-json\/wp\/v2\/media\/168097"}],"wp:attachment":[{"href":"https:\/\/epochtimestr.com\/index.php\/wp-json\/wp\/v2\/media?parent=168096"}],"wp:term":[{"taxonomy":"category","embeddable":true,"href":"https:\/\/epochtimestr.com\/index.php\/wp-json\/wp\/v2\/categories?post=168096"},{"taxonomy":"post_tag","embeddable":true,"href":"https:\/\/epochtimestr.com\/index.php\/wp-json\/wp\/v2\/tags?post=168096"}],"curies":[{"name":"wp","href":"https:\/\/api.w.org\/{rel}","templated":true}]}}