{"id":168105,"date":"2026-06-30T08:30:00","date_gmt":"2026-06-30T05:30:00","guid":{"rendered":"https:\/\/epochtimestr.com\/?p=168105"},"modified":"2026-06-29T22:02:09","modified_gmt":"2026-06-29T19:02:09","slug":"nato-meselesi","status":"publish","type":"post","link":"https:\/\/epochtimestr.com\/index.php\/nato-meselesi","title":{"rendered":"NATO Meselesi"},"content":{"rendered":"\n<p class=\"has-text-align-right\">&#8220;Her ku\u015f kendi akran\u0131yla u\u00e7ar&#8221;<\/p>\n\n\n\n<p>Ankara&#8217;daki NATO zirvesi yakla\u015ft\u0131k\u00e7a tart\u0131\u015fmalar da b\u00fcy\u00fcyor. &#8220;NATO bize dost mu d\u00fc\u015fman m\u0131?&#8221; sorusu \u00f6ne \u00e7\u0131k\u0131yor. NATO bize ne d\u00fc\u015fman ne de dosttur. NATO&#8217;ya b\u00f6yle yakla\u015fmak do\u011fru olmaz. Uluslararas\u0131 bir kuruma, hele bir de 74 y\u0131ld\u0131r i\u00e7inde bulundu\u011fumuz te\u015fkilata, bu \u015fekilde bir yakla\u015f\u0131m g\u00f6stermek \u00e7ok sa\u011fl\u0131kl\u0131 de\u011fildir.<\/p>\n\n\n\n<p>Kald\u0131 ki uluslararas\u0131 ili\u015fkilere dostluk d\u00fc\u015fmanl\u0131k temelinde bakmak da do\u011fru de\u011fildir. Uluslararas\u0131 ili\u015fkilerde menfaat temelli yakla\u015f\u0131m esast\u0131r. \u00dclkeler uluslararas\u0131 konularda \u00e7\u0131kar temelli bakar. T\u00fcrkiye kuruldu\u011fundan bu yana Bat\u0131 d\u00fcnyas\u0131nda bulunmay\u0131 istemi\u015ftir. NATO&#8217;ya girmek i\u00e7in Kore&#8217;de sava\u015fmay\u0131 bile g\u00f6ze alm\u0131\u015ft\u0131r. Bunda Rusya&#8217;n\u0131n hatal\u0131 davran\u0131\u015f\u0131n\u0131n da pay\u0131 vard\u0131r elbette. Demem o ki T\u00fcrkiye&#8217;nin NATO&#8217;ya kat\u0131l\u0131m\u0131 g\u00f6n\u00fcll\u00fc bir kat\u0131l\u0131md\u0131r.<\/p>\n\n\n\n<p>Tabii ki meseleye duygusal yakla\u015fmak, hamasi nutuklar atmak da m\u00fcmk\u00fcnd\u00fcr. Fakat bu sadece bir rahatlama arac\u0131 olman\u0131n d\u0131\u015f\u0131nda ne i\u015fe yarar? \u00d6yle ya ben de \u015fimdi duygular\u0131 ok\u015fayan sat\u0131rlar yazabilirim. Ama kime ne faydas\u0131 olur? Her zaman s\u00f6ylerim bir \u015feyi istemek ayr\u0131, o i\u015fin realitesi ayr\u0131d\u0131r. Oysa g\u00f6n\u00fcl ne \u00e7ok \u015feyler ister. Fakat onlar\u0131 ger\u00e7ekle\u015ftirmek her zaman m\u00fcmk\u00fcn de\u011fildir.<\/p>\n\n\n\n<p>2. D\u00fcnya Sava\u015f\u0131 ertesinde Sovyet Rusya&#8217;ya kar\u015f\u0131 kurulan NATO, So\u011fuk Sava\u015f d\u00f6neminde T\u00fcrkiye&#8217;yi antikom\u00fcnist \u00f6n karakol olarak kullanm\u0131\u015ft\u0131r. T\u00fcrkiye muhalefeti NATO kontrol\u00fcnde fena halde ezilmi\u015ftir. T\u00fcrkiye&#8217;nin t\u00fcm kurumlar\u0131, bilhassa istihbarat\u0131, ordusu, emniyeti, bakanl\u0131klar\u0131, NATO ve Bat\u0131 tesiri alt\u0131nda kalm\u0131\u015f, \u00fclkenin ba\u011f\u0131ms\u0131z hareket etmesi ve bilhassa kendi \u00f6zg\u00fcn savunma sanayini kurmas\u0131 engellenmi\u015ftir.<\/p>\n\n\n\n<p>15 Temmuz 2016 tarihine de\u011fin T\u00fcrkiye a\u011f\u0131r bir vesayet alt\u0131nda y\u00f6netilmi\u015ftir. Gelinen noktada \u00fclke ge\u00e7 de olsa kendi silah sanayini kurmakta b\u00fcy\u00fck mesafe kat etmi\u015ftir. Sava\u015f y\u00f6ntemi ve teknolojisi de\u011fi\u015fmi\u015ftir. T\u00fcrkiye bu alanda \u00f6nemli ad\u0131mlar atm\u0131\u015f ve kendini sahada kan\u0131tlam\u0131\u015ft\u0131r.<\/p>\n\n\n\n<p>ABD&#8217;nin ya\u015fad\u0131\u011f\u0131 ekonomik krizler, bundan b\u00f6yle Avrupa&#8217;n\u0131n savunmas\u0131n\u0131 \u00fcstlenemeyece\u011fini g\u00f6stermi\u015ftir. Avrupa h\u0131zla silahlanmak ve askeri g\u00fcc\u00fcn\u00fc art\u0131rmak istemektedir ve bu alanda T\u00fcrkiye&#8217;ye ihtiyac\u0131 vard\u0131r.<\/p>\n\n\n\n<p>Fakat Bat\u0131 d\u00fcnyas\u0131 \u0130srail vesayeti alt\u0131ndad\u0131r. \u0130srail ile T\u00fcrkiye&#8217;nin menfaatleri g\u00fcney yar\u0131m k\u00fcrede \u00e7at\u0131\u015fmaktad\u0131r. Neredeyse iki has\u0131m devlet haline gelen \u0130srail ve T\u00fcrkiye&#8217;nin kap\u0131\u015fmas\u0131 \u00f6n\u00fcndeki engel, b\u00fcy\u00fck oranda NATO&#8217;dur. Asl\u0131nda T\u00fcrkiye&#8217;nin co\u011frafi ve askeri g\u00fcc\u00fc olmasa, Bat\u0131 T\u00fcrkiye&#8217;den kolayl\u0131kla vazge\u00e7ebilecektir. Ama NATO&#8217;dan \u00e7\u0131karma diye bir \u015fey s\u00f6z konusu de\u011fildir. Bu durumda ya T\u00fcrkiye kendi iste\u011fiyle NATO&#8217;dan \u00e7\u0131kar veya NATO kendini da\u011f\u0131t\u0131rsa T\u00fcrkiye d\u0131\u015farda kal\u0131r ancak. Onun d\u0131\u015f\u0131nda farkl\u0131 bir model yoktur. Ayr\u0131ca \u0130srail ve GKRK\u2019nin olas\u0131 NATO \u00fcyeli\u011fi, T\u00fcrkiye vetosuyla kar\u015f\u0131 kar\u015f\u0131yad\u0131r.<\/p>\n\n\n\n<p>\u015eu durumda, yani silah sanayinde tam ba\u011f\u0131ms\u0131zl\u0131\u011fa kavu\u015fmadan, ekonomik k\u0131r\u0131lganl\u0131\u011f\u0131n\u0131 a\u015fmadan NATO&#8217;dan \u00e7\u0131kmas\u0131, T\u00fcrkiye&#8217;nin menfaatine de\u011fildir. Aksi durumda Bat\u0131 d\u00fcnyas\u0131n\u0131n a\u00e7\u0131k hedefi haline gelir ki ba\u015fta \u0130srail ve Yunanistan olmak \u00fczere bir\u00e7ok Bat\u0131l\u0131 devlet bunu arzular.<\/p>\n\n\n\n<p>T\u00fcrkiye&#8217;nin ordu konumlanmas\u0131, modeli, silah sistemleri NATO standartlar\u0131na g\u00f6redir. Rusya-\u00c7in taraf\u0131na kaymas\u0131 kolay ve \u00e7abuk ger\u00e7ekle\u015fmez ki o cenahta da sorunlar\u0131n varl\u0131\u011f\u0131 bilinmelidir.<\/p>\n\n\n\n<p>Peki, bu durumda ne yapmal\u0131d\u0131r? G\u00fc\u00e7lenene de\u011fin, NATO&#8217;nun k\u0131\u015fk\u0131rtmalar\u0131na kap\u0131lmadan, maceraya at\u0131lmadan, durumu idare etmelidir ve m\u00fcmk\u00fcn olduk\u00e7a, oradan menfaat sa\u011flamaya bakmal\u0131d\u0131r. Kesinlikle Rusya ve \u00c7in ile iyi ili\u015fkilerini bozmamal\u0131d\u0131r. Denge politikas\u0131 g\u00fctmeye devam etmelidir.<\/p>\n","protected":false},"excerpt":{"rendered":"<p>&#8220;Her ku\u015f kendi akran\u0131yla u\u00e7ar&#8221; Ankara&#8217;daki NATO zirvesi yakla\u015ft\u0131k\u00e7a tart\u0131\u015fmalar da b\u00fcy\u00fcyor. &#8220;NATO bize dost mu d\u00fc\u015fman m\u0131?&#8221; sorusu \u00f6ne \u00e7\u0131k\u0131yor. NATO bize ne d\u00fc\u015fman ne de dosttur. NATO&#8217;ya b\u00f6yle yakla\u015fmak do\u011fru olmaz. Uluslararas\u0131 bir kuruma, hele bir de 74 y\u0131ld\u0131r i\u00e7inde bulundu\u011fumuz te\u015fkilata, bu \u015fekilde bir yakla\u015f\u0131m g\u00f6stermek \u00e7ok sa\u011fl\u0131kl\u0131 de\u011fildir. Kald\u0131 ki uluslararas\u0131 [&hellip;]<\/p>\n","protected":false},"author":14001,"featured_media":161038,"comment_status":"open","ping_status":"open","sticky":false,"template":"","format":"standard","meta":{"_yoast_wpseo_focuskw":"NATO","_yoast_wpseo_title":"","_yoast_wpseo_metadesc":"Ankara'daki NATO zirvesi yakla\u015ft\u0131k\u00e7a tart\u0131\u015fmalar da b\u00fcy\u00fcyor. \"NATO bize dost mu d\u00fc\u015fman m\u0131?\" sorusu \u00f6ne \u00e7\u0131k\u0131yor.","_bbp_topic_count":0,"_bbp_reply_count":0,"_bbp_total_topic_count":0,"_bbp_total_reply_count":0,"_bbp_voice_count":0,"_bbp_anonymous_reply_count":0,"_bbp_topic_count_hidden":0,"_bbp_reply_count_hidden":0,"_bbp_forum_subforum_count":0,"footnotes":"","_yoast_wpseo_focuskw_text_input":""},"categories":[9170],"tags":[],"yoast_head":"<!-- This site is optimized with the Yoast SEO plugin v23.0 - https:\/\/yoast.com\/wordpress\/plugins\/seo\/ -->\n<title>NATO Meselesi - The Epoch Times TR<\/title>\n<meta name=\"description\" content=\"Ankara&#039;daki NATO zirvesi yakla\u015ft\u0131k\u00e7a tart\u0131\u015fmalar da b\u00fcy\u00fcyor. &quot;NATO bize dost mu d\u00fc\u015fman m\u0131?&quot; sorusu \u00f6ne \u00e7\u0131k\u0131yor.\" \/>\n<meta name=\"robots\" content=\"index, follow, max-snippet:-1, max-image-preview:large, max-video-preview:-1\" \/>\n<link rel=\"canonical\" href=\"https:\/\/epochtimestr.com\/index.php\/nato-meselesi\" \/>\n<meta property=\"og:locale\" content=\"tr_TR\" \/>\n<meta property=\"og:type\" content=\"article\" \/>\n<meta property=\"og:title\" content=\"NATO Meselesi - The Epoch Times TR\" \/>\n<meta property=\"og:description\" content=\"Ankara&#039;daki NATO zirvesi yakla\u015ft\u0131k\u00e7a tart\u0131\u015fmalar da b\u00fcy\u00fcyor. &quot;NATO bize dost mu d\u00fc\u015fman m\u0131?&quot; sorusu \u00f6ne \u00e7\u0131k\u0131yor.\" \/>\n<meta property=\"og:url\" content=\"https:\/\/epochtimestr.com\/index.php\/nato-meselesi\" \/>\n<meta property=\"og:site_name\" content=\"The Epoch Times TR\" \/>\n<meta property=\"article:publisher\" content=\"https:\/\/www.facebook.com\/theepochtimestr\" \/>\n<meta property=\"article:published_time\" content=\"2026-06-30T05:30:00+00:00\" \/>\n<meta property=\"article:modified_time\" content=\"2026-06-29T19:02:09+00:00\" \/>\n<meta property=\"og:image\" content=\"https:\/\/epochtimestr.com\/wp-content\/uploads\/2011y\/BEKIR-ZORBA-SM-2.png\" \/>\n\t<meta property=\"og:image:width\" content=\"1200\" \/>\n\t<meta property=\"og:image:height\" content=\"630\" \/>\n\t<meta property=\"og:image:type\" content=\"image\/png\" \/>\n<meta name=\"author\" content=\"Bekir Zorba\" \/>\n<meta name=\"twitter:card\" content=\"summary_large_image\" \/>\n<meta name=\"twitter:creator\" content=\"@TheEpochTimesTR\" \/>\n<meta name=\"twitter:site\" content=\"@TheEpochTimesTR\" \/>\n<meta name=\"twitter:label1\" content=\"Yazan:\" \/>\n\t<meta name=\"twitter:data1\" content=\"Bekir Zorba\" \/>\n\t<meta name=\"twitter:label2\" content=\"Tahmini okuma s\u00fcresi\" \/>\n\t<meta name=\"twitter:data2\" content=\"3 dakika\" \/>\n<script type=\"application\/ld+json\" class=\"yoast-schema-graph\">{\"@context\":\"https:\/\/schema.org\",\"@graph\":[{\"@type\":\"Article\",\"@id\":\"https:\/\/epochtimestr.com\/index.php\/nato-meselesi#article\",\"isPartOf\":{\"@id\":\"https:\/\/epochtimestr.com\/index.php\/nato-meselesi\"},\"author\":{\"name\":\"Bekir Zorba\",\"@id\":\"https:\/\/epochtimestr.com\/#\/schema\/person\/da1ad104599611965442ed3e7e9acb2b\"},\"headline\":\"NATO Meselesi\",\"datePublished\":\"2026-06-30T05:30:00+00:00\",\"dateModified\":\"2026-06-29T19:02:09+00:00\",\"mainEntityOfPage\":{\"@id\":\"https:\/\/epochtimestr.com\/index.php\/nato-meselesi\"},\"wordCount\":661,\"commentCount\":0,\"publisher\":{\"@id\":\"https:\/\/epochtimestr.com\/#organization\"},\"image\":{\"@id\":\"https:\/\/epochtimestr.com\/index.php\/nato-meselesi#primaryimage\"},\"thumbnailUrl\":\"https:\/\/epochtimestr.com\/wp-content\/uploads\/2011y\/Bekir-Zorba.png\",\"articleSection\":[\"K\u00f6\u015fe Yaz\u0131lar\u0131 Bekir Zorba\"],\"inLanguage\":\"tr\",\"potentialAction\":[{\"@type\":\"CommentAction\",\"name\":\"Comment\",\"target\":[\"https:\/\/epochtimestr.com\/index.php\/nato-meselesi#respond\"]}]},{\"@type\":\"WebPage\",\"@id\":\"https:\/\/epochtimestr.com\/index.php\/nato-meselesi\",\"url\":\"https:\/\/epochtimestr.com\/index.php\/nato-meselesi\",\"name\":\"NATO Meselesi - The Epoch Times TR\",\"isPartOf\":{\"@id\":\"https:\/\/epochtimestr.com\/#website\"},\"primaryImageOfPage\":{\"@id\":\"https:\/\/epochtimestr.com\/index.php\/nato-meselesi#primaryimage\"},\"image\":{\"@id\":\"https:\/\/epochtimestr.com\/index.php\/nato-meselesi#primaryimage\"},\"thumbnailUrl\":\"https:\/\/epochtimestr.com\/wp-content\/uploads\/2011y\/Bekir-Zorba.png\",\"datePublished\":\"2026-06-30T05:30:00+00:00\",\"dateModified\":\"2026-06-29T19:02:09+00:00\",\"description\":\"Ankara'daki NATO zirvesi yakla\u015ft\u0131k\u00e7a tart\u0131\u015fmalar da b\u00fcy\u00fcyor. \\\"NATO bize dost mu d\u00fc\u015fman m\u0131?\\\" sorusu \u00f6ne \u00e7\u0131k\u0131yor.\",\"inLanguage\":\"tr\",\"potentialAction\":[{\"@type\":\"ReadAction\",\"target\":[\"https:\/\/epochtimestr.com\/index.php\/nato-meselesi\"]}]},{\"@type\":\"ImageObject\",\"inLanguage\":\"tr\",\"@id\":\"https:\/\/epochtimestr.com\/index.php\/nato-meselesi#primaryimage\",\"url\":\"https:\/\/epochtimestr.com\/wp-content\/uploads\/2011y\/Bekir-Zorba.png\",\"contentUrl\":\"https:\/\/epochtimestr.com\/wp-content\/uploads\/2011y\/Bekir-Zorba.png\",\"width\":600,\"height\":600},{\"@type\":\"WebSite\",\"@id\":\"https:\/\/epochtimestr.com\/#website\",\"url\":\"https:\/\/epochtimestr.com\/\",\"name\":\"The Epoch Times TR\",\"description\":\"De\u011fi\u015fen D\u00fcnyam\u0131za Taze Bir Bak\u0131\u015f\",\"publisher\":{\"@id\":\"https:\/\/epochtimestr.com\/#organization\"},\"potentialAction\":[{\"@type\":\"SearchAction\",\"target\":{\"@type\":\"EntryPoint\",\"urlTemplate\":\"https:\/\/epochtimestr.com\/?s={search_term_string}\"},\"query-input\":\"required name=search_term_string\"}],\"inLanguage\":\"tr\"},{\"@type\":\"Organization\",\"@id\":\"https:\/\/epochtimestr.com\/#organization\",\"name\":\"The EpochTimes T\u00fcrkiye\",\"url\":\"https:\/\/epochtimestr.com\/\",\"logo\":{\"@type\":\"ImageObject\",\"inLanguage\":\"tr\",\"@id\":\"https:\/\/epochtimestr.com\/#\/schema\/logo\/image\/\",\"url\":\"https:\/\/epochtimestr.com\/wp-content\/uploads\/2011y\/ET-Logo-YG.jpg\",\"contentUrl\":\"https:\/\/epochtimestr.com\/wp-content\/uploads\/2011y\/ET-Logo-YG.jpg\",\"width\":346,\"height\":29,\"caption\":\"The EpochTimes T\u00fcrkiye\"},\"image\":{\"@id\":\"https:\/\/epochtimestr.com\/#\/schema\/logo\/image\/\"},\"sameAs\":[\"https:\/\/www.facebook.com\/theepochtimestr\",\"https:\/\/x.com\/TheEpochTimesTR\",\"https:\/\/www.instagram.com\/epochtimestr\"]},{\"@type\":\"Person\",\"@id\":\"https:\/\/epochtimestr.com\/#\/schema\/person\/da1ad104599611965442ed3e7e9acb2b\",\"name\":\"Bekir Zorba\",\"image\":{\"@type\":\"ImageObject\",\"inLanguage\":\"tr\",\"@id\":\"https:\/\/epochtimestr.com\/#\/schema\/person\/image\/\",\"url\":\"https:\/\/secure.gravatar.com\/avatar\/eafd40d9b77b1fbf7c565a3d4916b79c?s=96&d=mm&r=g\",\"contentUrl\":\"https:\/\/secure.gravatar.com\/avatar\/eafd40d9b77b1fbf7c565a3d4916b79c?s=96&d=mm&r=g\",\"caption\":\"Bekir Zorba\"},\"url\":\"https:\/\/epochtimestr.com\/index.php\/author\/bekir\"}]}<\/script>\n<!-- \/ Yoast SEO plugin. -->","yoast_head_json":{"title":"NATO Meselesi - The Epoch Times TR","description":"Ankara'daki NATO zirvesi yakla\u015ft\u0131k\u00e7a tart\u0131\u015fmalar da b\u00fcy\u00fcyor. \"NATO bize dost mu d\u00fc\u015fman m\u0131?\" sorusu \u00f6ne \u00e7\u0131k\u0131yor.","robots":{"index":"index","follow":"follow","max-snippet":"max-snippet:-1","max-image-preview":"max-image-preview:large","max-video-preview":"max-video-preview:-1"},"canonical":"https:\/\/epochtimestr.com\/index.php\/nato-meselesi","og_locale":"tr_TR","og_type":"article","og_title":"NATO Meselesi - The Epoch Times TR","og_description":"Ankara'daki NATO zirvesi yakla\u015ft\u0131k\u00e7a tart\u0131\u015fmalar da b\u00fcy\u00fcyor. \"NATO bize dost mu d\u00fc\u015fman m\u0131?\" sorusu \u00f6ne \u00e7\u0131k\u0131yor.","og_url":"https:\/\/epochtimestr.com\/index.php\/nato-meselesi","og_site_name":"The Epoch Times TR","article_publisher":"https:\/\/www.facebook.com\/theepochtimestr","article_published_time":"2026-06-30T05:30:00+00:00","article_modified_time":"2026-06-29T19:02:09+00:00","og_image":[{"width":1200,"height":630,"url":"https:\/\/epochtimestr.com\/wp-content\/uploads\/2011y\/BEKIR-ZORBA-SM-2.png","type":"image\/png"}],"author":"Bekir Zorba","twitter_card":"summary_large_image","twitter_creator":"@TheEpochTimesTR","twitter_site":"@TheEpochTimesTR","twitter_misc":{"Yazan:":"Bekir Zorba","Tahmini okuma s\u00fcresi":"3 dakika"},"schema":{"@context":"https:\/\/schema.org","@graph":[{"@type":"Article","@id":"https:\/\/epochtimestr.com\/index.php\/nato-meselesi#article","isPartOf":{"@id":"https:\/\/epochtimestr.com\/index.php\/nato-meselesi"},"author":{"name":"Bekir Zorba","@id":"https:\/\/epochtimestr.com\/#\/schema\/person\/da1ad104599611965442ed3e7e9acb2b"},"headline":"NATO Meselesi","datePublished":"2026-06-30T05:30:00+00:00","dateModified":"2026-06-29T19:02:09+00:00","mainEntityOfPage":{"@id":"https:\/\/epochtimestr.com\/index.php\/nato-meselesi"},"wordCount":661,"commentCount":0,"publisher":{"@id":"https:\/\/epochtimestr.com\/#organization"},"image":{"@id":"https:\/\/epochtimestr.com\/index.php\/nato-meselesi#primaryimage"},"thumbnailUrl":"https:\/\/epochtimestr.com\/wp-content\/uploads\/2011y\/Bekir-Zorba.png","articleSection":["K\u00f6\u015fe Yaz\u0131lar\u0131 Bekir Zorba"],"inLanguage":"tr","potentialAction":[{"@type":"CommentAction","name":"Comment","target":["https:\/\/epochtimestr.com\/index.php\/nato-meselesi#respond"]}]},{"@type":"WebPage","@id":"https:\/\/epochtimestr.com\/index.php\/nato-meselesi","url":"https:\/\/epochtimestr.com\/index.php\/nato-meselesi","name":"NATO Meselesi - The Epoch Times TR","isPartOf":{"@id":"https:\/\/epochtimestr.com\/#website"},"primaryImageOfPage":{"@id":"https:\/\/epochtimestr.com\/index.php\/nato-meselesi#primaryimage"},"image":{"@id":"https:\/\/epochtimestr.com\/index.php\/nato-meselesi#primaryimage"},"thumbnailUrl":"https:\/\/epochtimestr.com\/wp-content\/uploads\/2011y\/Bekir-Zorba.png","datePublished":"2026-06-30T05:30:00+00:00","dateModified":"2026-06-29T19:02:09+00:00","description":"Ankara'daki NATO zirvesi yakla\u015ft\u0131k\u00e7a tart\u0131\u015fmalar da b\u00fcy\u00fcyor. \"NATO bize dost mu d\u00fc\u015fman m\u0131?\" sorusu \u00f6ne \u00e7\u0131k\u0131yor.","inLanguage":"tr","potentialAction":[{"@type":"ReadAction","target":["https:\/\/epochtimestr.com\/index.php\/nato-meselesi"]}]},{"@type":"ImageObject","inLanguage":"tr","@id":"https:\/\/epochtimestr.com\/index.php\/nato-meselesi#primaryimage","url":"https:\/\/epochtimestr.com\/wp-content\/uploads\/2011y\/Bekir-Zorba.png","contentUrl":"https:\/\/epochtimestr.com\/wp-content\/uploads\/2011y\/Bekir-Zorba.png","width":600,"height":600},{"@type":"WebSite","@id":"https:\/\/epochtimestr.com\/#website","url":"https:\/\/epochtimestr.com\/","name":"The Epoch Times TR","description":"De\u011fi\u015fen D\u00fcnyam\u0131za Taze Bir Bak\u0131\u015f","publisher":{"@id":"https:\/\/epochtimestr.com\/#organization"},"potentialAction":[{"@type":"SearchAction","target":{"@type":"EntryPoint","urlTemplate":"https:\/\/epochtimestr.com\/?s={search_term_string}"},"query-input":"required name=search_term_string"}],"inLanguage":"tr"},{"@type":"Organization","@id":"https:\/\/epochtimestr.com\/#organization","name":"The EpochTimes T\u00fcrkiye","url":"https:\/\/epochtimestr.com\/","logo":{"@type":"ImageObject","inLanguage":"tr","@id":"https:\/\/epochtimestr.com\/#\/schema\/logo\/image\/","url":"https:\/\/epochtimestr.com\/wp-content\/uploads\/2011y\/ET-Logo-YG.jpg","contentUrl":"https:\/\/epochtimestr.com\/wp-content\/uploads\/2011y\/ET-Logo-YG.jpg","width":346,"height":29,"caption":"The EpochTimes T\u00fcrkiye"},"image":{"@id":"https:\/\/epochtimestr.com\/#\/schema\/logo\/image\/"},"sameAs":["https:\/\/www.facebook.com\/theepochtimestr","https:\/\/x.com\/TheEpochTimesTR","https:\/\/www.instagram.com\/epochtimestr"]},{"@type":"Person","@id":"https:\/\/epochtimestr.com\/#\/schema\/person\/da1ad104599611965442ed3e7e9acb2b","name":"Bekir Zorba","image":{"@type":"ImageObject","inLanguage":"tr","@id":"https:\/\/epochtimestr.com\/#\/schema\/person\/image\/","url":"https:\/\/secure.gravatar.com\/avatar\/eafd40d9b77b1fbf7c565a3d4916b79c?s=96&d=mm&r=g","contentUrl":"https:\/\/secure.gravatar.com\/avatar\/eafd40d9b77b1fbf7c565a3d4916b79c?s=96&d=mm&r=g","caption":"Bekir Zorba"},"url":"https:\/\/epochtimestr.com\/index.php\/author\/bekir"}]}},"_links":{"self":[{"href":"https:\/\/epochtimestr.com\/index.php\/wp-json\/wp\/v2\/posts\/168105"}],"collection":[{"href":"https:\/\/epochtimestr.com\/index.php\/wp-json\/wp\/v2\/posts"}],"about":[{"href":"https:\/\/epochtimestr.com\/index.php\/wp-json\/wp\/v2\/types\/post"}],"author":[{"embeddable":true,"href":"https:\/\/epochtimestr.com\/index.php\/wp-json\/wp\/v2\/users\/14001"}],"replies":[{"embeddable":true,"href":"https:\/\/epochtimestr.com\/index.php\/wp-json\/wp\/v2\/comments?post=168105"}],"version-history":[{"count":1,"href":"https:\/\/epochtimestr.com\/index.php\/wp-json\/wp\/v2\/posts\/168105\/revisions"}],"predecessor-version":[{"id":168107,"href":"https:\/\/epochtimestr.com\/index.php\/wp-json\/wp\/v2\/posts\/168105\/revisions\/168107"}],"wp:featuredmedia":[{"embeddable":true,"href":"https:\/\/epochtimestr.com\/index.php\/wp-json\/wp\/v2\/media\/161038"}],"wp:attachment":[{"href":"https:\/\/epochtimestr.com\/index.php\/wp-json\/wp\/v2\/media?parent=168105"}],"wp:term":[{"taxonomy":"category","embeddable":true,"href":"https:\/\/epochtimestr.com\/index.php\/wp-json\/wp\/v2\/categories?post=168105"},{"taxonomy":"post_tag","embeddable":true,"href":"https:\/\/epochtimestr.com\/index.php\/wp-json\/wp\/v2\/tags?post=168105"}],"curies":[{"name":"wp","href":"https:\/\/api.w.org\/{rel}","templated":true}]}}