{"id":168106,"date":"2026-06-30T18:16:24","date_gmt":"2026-06-30T15:16:24","guid":{"rendered":"https:\/\/epochtimestr.com\/?p=168106"},"modified":"2026-06-30T18:16:27","modified_gmt":"2026-06-30T15:16:27","slug":"ozgur-ozel-sandik-varsa-variz-sandik-yoksa-yokuz","status":"publish","type":"post","link":"https:\/\/epochtimestr.com\/index.php\/ozgur-ozel-sandik-varsa-variz-sandik-yoksa-yokuz","title":{"rendered":"\u00d6zg\u00fcr \u00d6zel: &#8220;Sand\u0131k Varsa Var\u0131z Sand\u0131k Yoksa Yokuz&#8221;"},"content":{"rendered":"<div class=\"wp-block-image\">\n<figure class=\"aligncenter size-full\"><img loading=\"lazy\" decoding=\"async\" width=\"1200\" height=\"800\" src=\"https:\/\/epochtimestr.com\/wp-content\/uploads\/2011y\/ozel-25.jpg\" alt=\"Foto\u011fraf: \u00d6zg\u00fcr \u00d6zel X hesab\u0131\" class=\"wp-image-168108\" srcset=\"https:\/\/epochtimestr.com\/wp-content\/uploads\/2011y\/ozel-25.jpg 1200w, https:\/\/epochtimestr.com\/wp-content\/uploads\/2011y\/ozel-25-300x200.jpg 300w, https:\/\/epochtimestr.com\/wp-content\/uploads\/2011y\/ozel-25-150x100.jpg 150w, https:\/\/epochtimestr.com\/wp-content\/uploads\/2011y\/ozel-25-768x512.jpg 768w\" sizes=\"(max-width: 1200px) 100vw, 1200px\" \/><figcaption class=\"wp-element-caption\">                                                                                                                  Foto\u011fraf: \u00d6zg\u00fcr \u00d6zel X hesab\u0131<\/figcaption><\/figure><\/div>\n\n\n<h2 class=\"wp-block-heading\">CHP&#8217;nin se\u00e7ilmi\u015f Genel Ba\u015fkan\u0131 \u00d6zg\u00fcr \u00d6zel yapt\u0131\u011f\u0131 a\u00e7\u0131klamada, &#8220;Ya partimizi alaca\u011f\u0131z ya da iktidar y\u00fcr\u00fcy\u00fc\u015f\u00fcm\u00fcz\u00fc yarg\u0131 darbesi engellemeye \u00e7al\u0131\u015f\u0131rsa bir ba\u015fka yol bulup partiyi tekrar iktidar yapaca\u011f\u0131z. Ba\u015fka bir yolu yok&#8221; dedi.<\/h2>\n\n\n\n<p><a href=\"https:\/\/epochtimestr.com\/index.php\/secilmis-chp-genel-baskani-ozgur-ozel-anitkabire-yurudu\" target=\"_blank\" rel=\"noreferrer noopener\">CHP<\/a>&#8216;nin se\u00e7ilmi\u015f Genel Ba\u015fkan\u0131 <a href=\"https:\/\/epochtimestr.com\/index.php\/secilmis-chp-genel-baskani-ozgur-ozel-anitkabire-yurudu\" target=\"_blank\" rel=\"noreferrer noopener\">\u00d6zg\u00fcr \u00d6zel<\/a>, \u0130zmir&#8217;de ziyaretlerde bulundu. Yurtta\u015flar ile bulu\u015fan \u00d6zel, yo\u011fun ilgiyle kar\u015f\u0131land\u0131. \u00d6zel, \u0130zmir&#8217;de Bay\u0131nd\u0131r, \u00d6demi\u015f, Kiraz, Beyda\u011f ve Tire il\u00e7elerini ziyaret etti. Mutlak butlan karar\u0131 ile genel ba\u015fkanl\u0131k g\u00f6revinden al\u0131nan \u00d6zel, ilk program\u0131n\u0131 Bay\u0131nd\u0131r il\u00e7esinde ger\u00e7ekle\u015ftirdi. \u00d6zel&#8217;e \u0130zmir \u0130l Ba\u015fkanl\u0131\u011f\u0131 g\u00f6revinden al\u0131nan \u00c7a\u011fatay G\u00fc\u00e7, Bay\u0131nd\u0131r Belediye Ba\u015fkan\u0131 Davut Sakarsu, partinin \u0130zmir milletvekilleri ve il\u00e7e belediye ba\u015fkanlar\u0131 e\u015flik etti. \u00d6zel g\u00fcne, Bay\u0131nd\u0131r il\u00e7esindeki Bay\u00e7ikoop \u00c7i\u00e7ek ve Kad\u0131n Kooperatifi&#8217;ni ziyaret ederek ba\u015flad\u0131.<\/p>\n\n\n\n<p>\u00d6zel, Bay\u0131nd\u0131r il\u00e7esinde kat\u0131ld\u0131\u011f\u0131 programda konu\u015fmas\u0131nda: &#8220;Malum, partimize kar\u015f\u0131 b\u00fcy\u00fck bir haks\u0131zl\u0131k yapt\u0131lar. Partimizin yap\u0131lan son d\u00f6rt kongresini kazanm\u0131\u015f olan ekibin kazand\u0131\u011f\u0131 kongrelere bakmadan, alt\u0131 y\u0131l \u00f6nceki bir se\u00e7imin sonucuna g\u00f6re partinin ba\u015f\u0131ndaki Genel Ba\u015fkan\u2019\u0131 de\u011fi\u015ftirmeye \u00e7al\u0131\u015f\u0131yorlar. D\u00fcn s\u00f6ylemi\u015f, &#8220;Ben bu i\u015fin hi\u00e7bir yerinde yokum&#8221; diye. Recep Tayyip Erdo\u011fan ve onun atad\u0131\u011f\u0131 Adalet Bakan\u0131 bu i\u015fin tam g\u00f6be\u011findedir. Bunu herkes b\u00f6yle bilsin&#8221; dedi. \u00d6zel, Bay\u0131nd\u0131r&#8217;\u0131n ard\u0131ndan \u00d6demi\u015f&#8217;te yurtta\u015flarla bulu\u015ftu.<\/p>\n\n\n<div class=\"wp-block-image\">\n<figure class=\"aligncenter size-full\"><img loading=\"lazy\" decoding=\"async\" width=\"547\" height=\"365\" src=\"https:\/\/epochtimestr.com\/wp-content\/uploads\/2011y\/ozgur-ozel-35.jpg\" alt=\"Foto\u011fraf: \u00d6zg\u00fcr \u00d6zel X hesab\u0131\" class=\"wp-image-168109\" srcset=\"https:\/\/epochtimestr.com\/wp-content\/uploads\/2011y\/ozgur-ozel-35.jpg 547w, https:\/\/epochtimestr.com\/wp-content\/uploads\/2011y\/ozgur-ozel-35-300x200.jpg 300w, https:\/\/epochtimestr.com\/wp-content\/uploads\/2011y\/ozgur-ozel-35-150x100.jpg 150w\" sizes=\"(max-width: 547px) 100vw, 547px\" \/><figcaption class=\"wp-element-caption\">                                                                               Foto\u011fraf: \u00d6zg\u00fcr \u00d6zel X hesab\u0131<\/figcaption><\/figure><\/div>\n\n\n<p>\u00d6zel, \u00d6demi\u015f il\u00e7esinde yapt\u0131\u011f\u0131 konu\u015fmada &#8220;Sand\u0131k varsa var\u0131z, sand\u0131k yoksa yokuz&#8221; dedi. \u00d6zel, konu\u015fmas\u0131na \u015f\u00f6yle devam etti: &#8220;\u0130n\u015fallah biz de <a href=\"https:\/\/epochtimestr.com\/index.php\/akp-genel-baskani-ve-cumhurbaskani-recep-tayyip-erdogan-partisinin-sakarya-8-olagan-il-kongresinde-konustu\" target=\"_blank\" rel=\"noreferrer noopener\">Recep Tayyip Erdo\u011fan<\/a>\u2019\u0131, kendini yenilmez sanan Recep Tayyip Erdo\u011fan\u2019\u0131 23 y\u0131l sonra ilk kez yenen ekip olarak, partide g\u00f6reve geldi\u011fi g\u00fcnden d\u00f6rt ay sonra geldi\u011fi se\u00e7imlerde partiyi 47 y\u0131l sonra birinci parti yapm\u0131\u015f olan Genel Ba\u015fkan olarak ve onun y\u00f6netimi, kadrolar\u0131 olarak en k\u0131sa zamanda ya partimizi d\u00fcze \u00e7\u0131karaca\u011f\u0131z, partimizi alaca\u011f\u0131z ve partimizi her ankette oldu\u011fu gibi yap\u0131lacak ilk se\u00e7imde de birinci parti yapaca\u011f\u0131z ya da iktidar y\u00fcr\u00fcy\u00fc\u015f\u00fcm\u00fcz\u00fc yarg\u0131 darbesi engellemeye \u00e7al\u0131\u015f\u0131rsa bir ba\u015fka yol bulup partiyi tekrar iktidar yapaca\u011f\u0131z. Ba\u015fka bir yolu yok.<\/p>\n\n\n\n<p>Buradan, \u00d6demi\u015f\u2019ten ant olsun ki kendi nam\u0131ma ne bir makam, ne bir mevki ama T\u00fcrkiye i\u00e7in iktidar istiyorum.&#8221;<\/p>\n\n\n\n<figure class=\"wp-block-embed is-type-rich is-provider-x wp-block-embed-x\"><div class=\"wp-block-embed__wrapper\">\n<blockquote class=\"twitter-tweet\" data-width=\"550\" data-dnt=\"true\"><p lang=\"tr\" dir=\"ltr\">\u0130zmir \u00d6demi\u015f\u2019te vatanda\u015flar\u0131m\u0131zla bulu\u015fuyoruz. <a href=\"https:\/\/t.co\/lThTOuo8OS\">https:\/\/t.co\/lThTOuo8OS<\/a><\/p>&mdash; \u00d6zg\u00fcr \u00d6zel (@eczozgurozel) <a href=\"https:\/\/x.com\/eczozgurozel\/status\/2071510739416932829?ref_src=twsrc%5Etfw\">June 29, 2026<\/a><\/blockquote><script async src=\"https:\/\/platform.x.com\/widgets.js\" charset=\"utf-8\"><\/script>\n<\/div><\/figure>\n\n\n\n<p><strong>&#8220;Biz AKP\u2019ye, kara d\u00fczenine, yarg\u0131 kollar\u0131na ve partiye atad\u0131\u011f\u0131 butlan kollar\u0131na teslim olmayaca\u011f\u0131z<\/strong>&#8220;<br \/>Se\u00e7ilmi\u015f Cumhuriyet Halk Partisi (CHP) Genel Ba\u015fkan\u0131 \u00d6zg\u00fcr \u00d6zel, \u0130zmir program\u0131n\u0131n sonunda G\u00fcndo\u011fdu Meydan\u0131\u2019nda halkla bulu\u015ftu. \u00d6zel buradan Cumhuriyet Meydan\u0131\u2019na y\u00fcr\u00fcd\u00fc.<\/p>\n\n\n\n<p>\u00d6zel, \u201c<a href=\"https:\/\/epochtimestr.com\/index.php\/iyi-parti-ankarada-bayrak-mitingi-duzenledi\" target=\"_blank\" rel=\"noreferrer noopener\">Butlan<\/a>c\u0131lar bir elin parmaklar\u0131yla ziyaret yaparken biz \u00e7ay i\u00e7meye on binlerle geliyoruz. Hukuksuz karardan sonra \u0130zmir\u2019e gelmi\u015ftim, buraya bariyerlemi\u015flerdi. Kordon\u2019dan G\u00fcndo\u011fdu\u2019ya gitmi\u015f ve ilk s\u00f6zlerimi size s\u00f6ylemi\u015ftim. Se\u00e7ilmi\u015f il ba\u015fkan\u0131n\u0131n g\u00f6rev yapaca\u011f\u0131 yerde beni b\u00f6yle kar\u015f\u0131lad\u0131n\u0131z\u2026 Butlanc\u0131lara sesleniyorum, g\u00f6r\u00fcyor musunuz? T\u00fcrkiye\u2019de meydanlarda bir \u015feyler oluyor. Yaz\u0131n ortas\u0131nda, sabah\u0131n k\u00f6r\u00fcnde meydanlar doluyor. Milletin \u00f6n\u00fcnde kimse duramaz\u2026<\/p>\n\n\n\n<p>Biz ne AKP\u2019ye ne kara d\u00fczenine ne yarg\u0131 kollar\u0131na ne de partiye atad\u0131\u011f\u0131 butlan kollar\u0131na teslim olmayaca\u011f\u0131z\u2026<\/p>\n\n\n\n<p>Biz kazanan CHP\u2019yiz. Biz 23 y\u0131l sonra AKP\u2019yi ilk kez yenenleriz. And olsun ki biz bir daha yenilgiye al\u0131\u015fmayaca\u011f\u0131z, biz kazanaca\u011f\u0131z Kazanamazsak b\u0131rak\u0131r\u0131z dedik ve s\u00f6zlerimizi nas\u0131l tuttuysak meydan okuyorum. Kaybetmeye de\u011fil kazanmaya aday\u0131z, iktidara aday\u0131z. Kurultay yapmak bu partinin \u00f6n\u00fcn\u00fc a\u00e7makt\u0131r. B\u00fct\u00fcn anketler kurultay yap\u0131lmazsa felaketi g\u00f6steriyor. Yeni iktidar y\u00fcr\u00fcy\u00fc\u015f\u00fcnde hep birlikteyiz\u201d dedi.<\/p>\n\n\n\n<p>CHP\u2019nin se\u00e7ilmi\u015f genel ba\u015fkan\u0131 \u00d6zg\u00fcr \u00d6zel, 26-27 Haziran\u2019da Diyarbak\u0131r ve Gaziantep\u2019teydi.<\/p>\n\n\n\n<figure class=\"wp-block-embed is-type-rich is-provider-x wp-block-embed-x\"><div class=\"wp-block-embed__wrapper\">\n<blockquote class=\"twitter-tweet\" data-width=\"550\" data-dnt=\"true\"><p lang=\"tr\" dir=\"ltr\">Se\u00e7ilmi\u015f Genel Ba\u015fkan\u0131m\u0131z \u00d6zg\u00fcr \u00d6zel\u2019i, 29 Haziran pazartesi g\u00fcn\u00fc \u0130zmir\u2019de ger\u00e7ekle\u015ftirece\u011fi b\u00fcy\u00fck bulu\u015fma \u00f6ncesi havaalan\u0131nda kar\u015f\u0131lad\u0131k.<br><br>\u0130zmir \u00f6rg\u00fct\u00fc olarak birlik ve dayan\u0131\u015fma i\u00e7inde, halk\u0131m\u0131zla omuz omuza m\u00fccadelemizi b\u00fcy\u00fctmeye devam ediyoruz. Genel Ba\u015fkan\u0131m\u0131z\u0131n kentimizde\u2026 <a href=\"https:\/\/t.co\/JLkuGLGyPK\">pic.twitter.com\/JLkuGLGyPK<\/a><\/p>&mdash; \u00c7a\u011fatay G\u00dc\u00c7 (@GucCagatay) <a href=\"https:\/\/x.com\/GucCagatay\/status\/2071132429016813984?ref_src=twsrc%5Etfw\">June 28, 2026<\/a><\/blockquote><script async src=\"https:\/\/platform.x.com\/widgets.js\" charset=\"utf-8\"><\/script>\n<\/div><\/figure>\n","protected":false},"excerpt":{"rendered":"<p>CHP&#8217;nin se\u00e7ilmi\u015f Genel Ba\u015fkan\u0131 \u00d6zg\u00fcr \u00d6zel yapt\u0131\u011f\u0131 a\u00e7\u0131klamada, &#8220;Ya partimizi alaca\u011f\u0131z ya da iktidar y\u00fcr\u00fcy\u00fc\u015f\u00fcm\u00fcz\u00fc yarg\u0131 darbesi engellemeye \u00e7al\u0131\u015f\u0131rsa bir ba\u015fka yol bulup partiyi tekrar iktidar yapaca\u011f\u0131z. Ba\u015fka bir yolu yok&#8221; dedi. CHP&#8216;nin se\u00e7ilmi\u015f Genel Ba\u015fkan\u0131 \u00d6zg\u00fcr \u00d6zel, \u0130zmir&#8217;de ziyaretlerde bulundu. Yurtta\u015flar ile bulu\u015fan \u00d6zel, yo\u011fun ilgiyle kar\u015f\u0131land\u0131. \u00d6zel, \u0130zmir&#8217;de Bay\u0131nd\u0131r, \u00d6demi\u015f, Kiraz, Beyda\u011f ve [&hellip;]<\/p>\n","protected":false},"author":12791,"featured_media":168108,"comment_status":"open","ping_status":"open","sticky":false,"template":"","format":"standard","meta":{"_yoast_wpseo_focuskw":"\u00d6zg\u00fcr","_yoast_wpseo_title":"","_yoast_wpseo_metadesc":"CHP'nin se\u00e7ilmi\u015f Genel Ba\u015fkan\u0131 \u00d6zg\u00fcr \u00d6zel, \"Ya partimizi alaca\u011f\u0131z ya da partiyi tekrar iktidar yapaca\u011f\u0131z. Ba\u015fka bir yolu yok\" dedi.","_bbp_topic_count":0,"_bbp_reply_count":0,"_bbp_total_topic_count":0,"_bbp_total_reply_count":0,"_bbp_voice_count":0,"_bbp_anonymous_reply_count":0,"_bbp_topic_count_hidden":0,"_bbp_reply_count_hidden":0,"_bbp_forum_subforum_count":0,"footnotes":"","_yoast_wpseo_focuskw_text_input":""},"categories":[1,8138,8226,37],"tags":[1017,11594,583,8492],"yoast_head":"<!-- This site is optimized with the Yoast SEO plugin v23.0 - https:\/\/yoast.com\/wordpress\/plugins\/seo\/ -->\n<title>\u00d6zg\u00fcr \u00d6zel: &quot;Sand\u0131k Varsa Var\u0131z Sand\u0131k Yoksa Yokuz&quot; - The Epoch Times TR<\/title>\n<meta name=\"description\" content=\"CHP&#039;nin se\u00e7ilmi\u015f Genel Ba\u015fkan\u0131 \u00d6zg\u00fcr \u00d6zel, &quot;Ya partimizi alaca\u011f\u0131z ya da partiyi tekrar iktidar yapaca\u011f\u0131z. Ba\u015fka bir yolu yok&quot; dedi.\" \/>\n<meta name=\"robots\" content=\"index, follow, max-snippet:-1, max-image-preview:large, max-video-preview:-1\" \/>\n<link rel=\"canonical\" href=\"https:\/\/epochtimestr.com\/index.php\/ozgur-ozel-sandik-varsa-variz-sandik-yoksa-yokuz\" \/>\n<meta property=\"og:locale\" content=\"tr_TR\" \/>\n<meta property=\"og:type\" content=\"article\" \/>\n<meta property=\"og:title\" content=\"\u00d6zg\u00fcr \u00d6zel: &quot;Sand\u0131k Varsa Var\u0131z Sand\u0131k Yoksa Yokuz&quot; - The Epoch Times TR\" \/>\n<meta property=\"og:description\" content=\"CHP&#039;nin se\u00e7ilmi\u015f Genel Ba\u015fkan\u0131 \u00d6zg\u00fcr \u00d6zel, &quot;Ya partimizi alaca\u011f\u0131z ya da partiyi tekrar iktidar yapaca\u011f\u0131z. Ba\u015fka bir yolu yok&quot; dedi.\" \/>\n<meta property=\"og:url\" content=\"https:\/\/epochtimestr.com\/index.php\/ozgur-ozel-sandik-varsa-variz-sandik-yoksa-yokuz\" \/>\n<meta property=\"og:site_name\" content=\"The Epoch Times TR\" \/>\n<meta property=\"article:publisher\" content=\"https:\/\/www.facebook.com\/theepochtimestr\" \/>\n<meta property=\"article:published_time\" content=\"2026-06-30T15:16:24+00:00\" \/>\n<meta property=\"article:modified_time\" content=\"2026-06-30T15:16:27+00:00\" \/>\n<meta property=\"og:image\" content=\"https:\/\/epochtimestr.com\/wp-content\/uploads\/2011y\/ozel-25.jpg\" \/>\n\t<meta property=\"og:image:width\" content=\"1200\" \/>\n\t<meta property=\"og:image:height\" content=\"800\" \/>\n\t<meta property=\"og:image:type\" content=\"image\/jpeg\" \/>\n<meta name=\"author\" content=\"Haber Merkezi\" \/>\n<meta name=\"twitter:card\" content=\"summary_large_image\" \/>\n<meta name=\"twitter:creator\" content=\"@TheEpochTimesTR\" \/>\n<meta name=\"twitter:site\" content=\"@TheEpochTimesTR\" \/>\n<meta name=\"twitter:label1\" content=\"Yazan:\" \/>\n\t<meta name=\"twitter:data1\" content=\"Haber Merkezi\" \/>\n\t<meta name=\"twitter:label2\" content=\"Tahmini okuma s\u00fcresi\" \/>\n\t<meta name=\"twitter:data2\" content=\"4 dakika\" \/>\n<script type=\"application\/ld+json\" class=\"yoast-schema-graph\">{\"@context\":\"https:\/\/schema.org\",\"@graph\":[{\"@type\":\"Article\",\"@id\":\"https:\/\/epochtimestr.com\/index.php\/ozgur-ozel-sandik-varsa-variz-sandik-yoksa-yokuz#article\",\"isPartOf\":{\"@id\":\"https:\/\/epochtimestr.com\/index.php\/ozgur-ozel-sandik-varsa-variz-sandik-yoksa-yokuz\"},\"author\":{\"name\":\"Haber Merkezi\",\"@id\":\"https:\/\/epochtimestr.com\/#\/schema\/person\/3dc5c3adeb9f43923c5aa85889172fdd\"},\"headline\":\"\u00d6zg\u00fcr \u00d6zel: &#8220;Sand\u0131k Varsa Var\u0131z Sand\u0131k Yoksa Yokuz&#8221;\",\"datePublished\":\"2026-06-30T15:16:24+00:00\",\"dateModified\":\"2026-06-30T15:16:27+00:00\",\"mainEntityOfPage\":{\"@id\":\"https:\/\/epochtimestr.com\/index.php\/ozgur-ozel-sandik-varsa-variz-sandik-yoksa-yokuz\"},\"wordCount\":717,\"commentCount\":0,\"publisher\":{\"@id\":\"https:\/\/epochtimestr.com\/#organization\"},\"image\":{\"@id\":\"https:\/\/epochtimestr.com\/index.php\/ozgur-ozel-sandik-varsa-variz-sandik-yoksa-yokuz#primaryimage\"},\"thumbnailUrl\":\"https:\/\/epochtimestr.com\/wp-content\/uploads\/2011y\/ozel-25.jpg\",\"keywords\":[\"AKP\",\"Butlan\",\"CHP\",\"\u00d6zg\u00fcr \u00d6zel\"],\"articleSection\":[\"G\u00dcNDEM\",\"MAN\u015eET\",\"Siyaset\",\"T\u00dcRK\u0130YE\"],\"inLanguage\":\"tr\",\"potentialAction\":[{\"@type\":\"CommentAction\",\"name\":\"Comment\",\"target\":[\"https:\/\/epochtimestr.com\/index.php\/ozgur-ozel-sandik-varsa-variz-sandik-yoksa-yokuz#respond\"]}]},{\"@type\":\"WebPage\",\"@id\":\"https:\/\/epochtimestr.com\/index.php\/ozgur-ozel-sandik-varsa-variz-sandik-yoksa-yokuz\",\"url\":\"https:\/\/epochtimestr.com\/index.php\/ozgur-ozel-sandik-varsa-variz-sandik-yoksa-yokuz\",\"name\":\"\u00d6zg\u00fcr \u00d6zel: \\\"Sand\u0131k Varsa Var\u0131z Sand\u0131k Yoksa Yokuz\\\" - The Epoch Times TR\",\"isPartOf\":{\"@id\":\"https:\/\/epochtimestr.com\/#website\"},\"primaryImageOfPage\":{\"@id\":\"https:\/\/epochtimestr.com\/index.php\/ozgur-ozel-sandik-varsa-variz-sandik-yoksa-yokuz#primaryimage\"},\"image\":{\"@id\":\"https:\/\/epochtimestr.com\/index.php\/ozgur-ozel-sandik-varsa-variz-sandik-yoksa-yokuz#primaryimage\"},\"thumbnailUrl\":\"https:\/\/epochtimestr.com\/wp-content\/uploads\/2011y\/ozel-25.jpg\",\"datePublished\":\"2026-06-30T15:16:24+00:00\",\"dateModified\":\"2026-06-30T15:16:27+00:00\",\"description\":\"CHP'nin se\u00e7ilmi\u015f Genel Ba\u015fkan\u0131 \u00d6zg\u00fcr \u00d6zel, \\\"Ya partimizi alaca\u011f\u0131z ya da partiyi tekrar iktidar yapaca\u011f\u0131z. Ba\u015fka bir yolu yok\\\" dedi.\",\"inLanguage\":\"tr\",\"potentialAction\":[{\"@type\":\"ReadAction\",\"target\":[\"https:\/\/epochtimestr.com\/index.php\/ozgur-ozel-sandik-varsa-variz-sandik-yoksa-yokuz\"]}]},{\"@type\":\"ImageObject\",\"inLanguage\":\"tr\",\"@id\":\"https:\/\/epochtimestr.com\/index.php\/ozgur-ozel-sandik-varsa-variz-sandik-yoksa-yokuz#primaryimage\",\"url\":\"https:\/\/epochtimestr.com\/wp-content\/uploads\/2011y\/ozel-25.jpg\",\"contentUrl\":\"https:\/\/epochtimestr.com\/wp-content\/uploads\/2011y\/ozel-25.jpg\",\"width\":1200,\"height\":800},{\"@type\":\"WebSite\",\"@id\":\"https:\/\/epochtimestr.com\/#website\",\"url\":\"https:\/\/epochtimestr.com\/\",\"name\":\"The Epoch Times TR\",\"description\":\"De\u011fi\u015fen D\u00fcnyam\u0131za Taze Bir Bak\u0131\u015f\",\"publisher\":{\"@id\":\"https:\/\/epochtimestr.com\/#organization\"},\"potentialAction\":[{\"@type\":\"SearchAction\",\"target\":{\"@type\":\"EntryPoint\",\"urlTemplate\":\"https:\/\/epochtimestr.com\/?s={search_term_string}\"},\"query-input\":\"required name=search_term_string\"}],\"inLanguage\":\"tr\"},{\"@type\":\"Organization\",\"@id\":\"https:\/\/epochtimestr.com\/#organization\",\"name\":\"The EpochTimes T\u00fcrkiye\",\"url\":\"https:\/\/epochtimestr.com\/\",\"logo\":{\"@type\":\"ImageObject\",\"inLanguage\":\"tr\",\"@id\":\"https:\/\/epochtimestr.com\/#\/schema\/logo\/image\/\",\"url\":\"https:\/\/epochtimestr.com\/wp-content\/uploads\/2011y\/ET-Logo-YG.jpg\",\"contentUrl\":\"https:\/\/epochtimestr.com\/wp-content\/uploads\/2011y\/ET-Logo-YG.jpg\",\"width\":346,\"height\":29,\"caption\":\"The EpochTimes T\u00fcrkiye\"},\"image\":{\"@id\":\"https:\/\/epochtimestr.com\/#\/schema\/logo\/image\/\"},\"sameAs\":[\"https:\/\/www.facebook.com\/theepochtimestr\",\"https:\/\/x.com\/TheEpochTimesTR\",\"https:\/\/www.instagram.com\/epochtimestr\"]},{\"@type\":\"Person\",\"@id\":\"https:\/\/epochtimestr.com\/#\/schema\/person\/3dc5c3adeb9f43923c5aa85889172fdd\",\"name\":\"Haber Merkezi\",\"image\":{\"@type\":\"ImageObject\",\"inLanguage\":\"tr\",\"@id\":\"https:\/\/epochtimestr.com\/#\/schema\/person\/image\/\",\"url\":\"https:\/\/secure.gravatar.com\/avatar\/d73f772ba5a74f28601361e17c2f93e6?s=96&d=mm&r=g\",\"contentUrl\":\"https:\/\/secure.gravatar.com\/avatar\/d73f772ba5a74f28601361e17c2f93e6?s=96&d=mm&r=g\",\"caption\":\"Haber Merkezi\"},\"url\":\"https:\/\/epochtimestr.com\/index.php\/author\/sendag\"}]}<\/script>\n<!-- \/ Yoast SEO plugin. -->","yoast_head_json":{"title":"\u00d6zg\u00fcr \u00d6zel: \"Sand\u0131k Varsa Var\u0131z Sand\u0131k Yoksa Yokuz\" - The Epoch Times TR","description":"CHP'nin se\u00e7ilmi\u015f Genel Ba\u015fkan\u0131 \u00d6zg\u00fcr \u00d6zel, \"Ya partimizi alaca\u011f\u0131z ya da partiyi tekrar iktidar yapaca\u011f\u0131z. Ba\u015fka bir yolu yok\" dedi.","robots":{"index":"index","follow":"follow","max-snippet":"max-snippet:-1","max-image-preview":"max-image-preview:large","max-video-preview":"max-video-preview:-1"},"canonical":"https:\/\/epochtimestr.com\/index.php\/ozgur-ozel-sandik-varsa-variz-sandik-yoksa-yokuz","og_locale":"tr_TR","og_type":"article","og_title":"\u00d6zg\u00fcr \u00d6zel: \"Sand\u0131k Varsa Var\u0131z Sand\u0131k Yoksa Yokuz\" - The Epoch Times TR","og_description":"CHP'nin se\u00e7ilmi\u015f Genel Ba\u015fkan\u0131 \u00d6zg\u00fcr \u00d6zel, \"Ya partimizi alaca\u011f\u0131z ya da partiyi tekrar iktidar yapaca\u011f\u0131z. Ba\u015fka bir yolu yok\" dedi.","og_url":"https:\/\/epochtimestr.com\/index.php\/ozgur-ozel-sandik-varsa-variz-sandik-yoksa-yokuz","og_site_name":"The Epoch Times TR","article_publisher":"https:\/\/www.facebook.com\/theepochtimestr","article_published_time":"2026-06-30T15:16:24+00:00","article_modified_time":"2026-06-30T15:16:27+00:00","og_image":[{"width":1200,"height":800,"url":"https:\/\/epochtimestr.com\/wp-content\/uploads\/2011y\/ozel-25.jpg","type":"image\/jpeg"}],"author":"Haber Merkezi","twitter_card":"summary_large_image","twitter_creator":"@TheEpochTimesTR","twitter_site":"@TheEpochTimesTR","twitter_misc":{"Yazan:":"Haber Merkezi","Tahmini okuma s\u00fcresi":"4 dakika"},"schema":{"@context":"https:\/\/schema.org","@graph":[{"@type":"Article","@id":"https:\/\/epochtimestr.com\/index.php\/ozgur-ozel-sandik-varsa-variz-sandik-yoksa-yokuz#article","isPartOf":{"@id":"https:\/\/epochtimestr.com\/index.php\/ozgur-ozel-sandik-varsa-variz-sandik-yoksa-yokuz"},"author":{"name":"Haber Merkezi","@id":"https:\/\/epochtimestr.com\/#\/schema\/person\/3dc5c3adeb9f43923c5aa85889172fdd"},"headline":"\u00d6zg\u00fcr \u00d6zel: &#8220;Sand\u0131k Varsa Var\u0131z Sand\u0131k Yoksa Yokuz&#8221;","datePublished":"2026-06-30T15:16:24+00:00","dateModified":"2026-06-30T15:16:27+00:00","mainEntityOfPage":{"@id":"https:\/\/epochtimestr.com\/index.php\/ozgur-ozel-sandik-varsa-variz-sandik-yoksa-yokuz"},"wordCount":717,"commentCount":0,"publisher":{"@id":"https:\/\/epochtimestr.com\/#organization"},"image":{"@id":"https:\/\/epochtimestr.com\/index.php\/ozgur-ozel-sandik-varsa-variz-sandik-yoksa-yokuz#primaryimage"},"thumbnailUrl":"https:\/\/epochtimestr.com\/wp-content\/uploads\/2011y\/ozel-25.jpg","keywords":["AKP","Butlan","CHP","\u00d6zg\u00fcr \u00d6zel"],"articleSection":["G\u00dcNDEM","MAN\u015eET","Siyaset","T\u00dcRK\u0130YE"],"inLanguage":"tr","potentialAction":[{"@type":"CommentAction","name":"Comment","target":["https:\/\/epochtimestr.com\/index.php\/ozgur-ozel-sandik-varsa-variz-sandik-yoksa-yokuz#respond"]}]},{"@type":"WebPage","@id":"https:\/\/epochtimestr.com\/index.php\/ozgur-ozel-sandik-varsa-variz-sandik-yoksa-yokuz","url":"https:\/\/epochtimestr.com\/index.php\/ozgur-ozel-sandik-varsa-variz-sandik-yoksa-yokuz","name":"\u00d6zg\u00fcr \u00d6zel: \"Sand\u0131k Varsa Var\u0131z Sand\u0131k Yoksa Yokuz\" - The Epoch Times TR","isPartOf":{"@id":"https:\/\/epochtimestr.com\/#website"},"primaryImageOfPage":{"@id":"https:\/\/epochtimestr.com\/index.php\/ozgur-ozel-sandik-varsa-variz-sandik-yoksa-yokuz#primaryimage"},"image":{"@id":"https:\/\/epochtimestr.com\/index.php\/ozgur-ozel-sandik-varsa-variz-sandik-yoksa-yokuz#primaryimage"},"thumbnailUrl":"https:\/\/epochtimestr.com\/wp-content\/uploads\/2011y\/ozel-25.jpg","datePublished":"2026-06-30T15:16:24+00:00","dateModified":"2026-06-30T15:16:27+00:00","description":"CHP'nin se\u00e7ilmi\u015f Genel Ba\u015fkan\u0131 \u00d6zg\u00fcr \u00d6zel, \"Ya partimizi alaca\u011f\u0131z ya da partiyi tekrar iktidar yapaca\u011f\u0131z. Ba\u015fka bir yolu yok\" dedi.","inLanguage":"tr","potentialAction":[{"@type":"ReadAction","target":["https:\/\/epochtimestr.com\/index.php\/ozgur-ozel-sandik-varsa-variz-sandik-yoksa-yokuz"]}]},{"@type":"ImageObject","inLanguage":"tr","@id":"https:\/\/epochtimestr.com\/index.php\/ozgur-ozel-sandik-varsa-variz-sandik-yoksa-yokuz#primaryimage","url":"https:\/\/epochtimestr.com\/wp-content\/uploads\/2011y\/ozel-25.jpg","contentUrl":"https:\/\/epochtimestr.com\/wp-content\/uploads\/2011y\/ozel-25.jpg","width":1200,"height":800},{"@type":"WebSite","@id":"https:\/\/epochtimestr.com\/#website","url":"https:\/\/epochtimestr.com\/","name":"The Epoch Times TR","description":"De\u011fi\u015fen D\u00fcnyam\u0131za Taze Bir Bak\u0131\u015f","publisher":{"@id":"https:\/\/epochtimestr.com\/#organization"},"potentialAction":[{"@type":"SearchAction","target":{"@type":"EntryPoint","urlTemplate":"https:\/\/epochtimestr.com\/?s={search_term_string}"},"query-input":"required name=search_term_string"}],"inLanguage":"tr"},{"@type":"Organization","@id":"https:\/\/epochtimestr.com\/#organization","name":"The EpochTimes T\u00fcrkiye","url":"https:\/\/epochtimestr.com\/","logo":{"@type":"ImageObject","inLanguage":"tr","@id":"https:\/\/epochtimestr.com\/#\/schema\/logo\/image\/","url":"https:\/\/epochtimestr.com\/wp-content\/uploads\/2011y\/ET-Logo-YG.jpg","contentUrl":"https:\/\/epochtimestr.com\/wp-content\/uploads\/2011y\/ET-Logo-YG.jpg","width":346,"height":29,"caption":"The EpochTimes T\u00fcrkiye"},"image":{"@id":"https:\/\/epochtimestr.com\/#\/schema\/logo\/image\/"},"sameAs":["https:\/\/www.facebook.com\/theepochtimestr","https:\/\/x.com\/TheEpochTimesTR","https:\/\/www.instagram.com\/epochtimestr"]},{"@type":"Person","@id":"https:\/\/epochtimestr.com\/#\/schema\/person\/3dc5c3adeb9f43923c5aa85889172fdd","name":"Haber Merkezi","image":{"@type":"ImageObject","inLanguage":"tr","@id":"https:\/\/epochtimestr.com\/#\/schema\/person\/image\/","url":"https:\/\/secure.gravatar.com\/avatar\/d73f772ba5a74f28601361e17c2f93e6?s=96&d=mm&r=g","contentUrl":"https:\/\/secure.gravatar.com\/avatar\/d73f772ba5a74f28601361e17c2f93e6?s=96&d=mm&r=g","caption":"Haber Merkezi"},"url":"https:\/\/epochtimestr.com\/index.php\/author\/sendag"}]}},"_links":{"self":[{"href":"https:\/\/epochtimestr.com\/index.php\/wp-json\/wp\/v2\/posts\/168106"}],"collection":[{"href":"https:\/\/epochtimestr.com\/index.php\/wp-json\/wp\/v2\/posts"}],"about":[{"href":"https:\/\/epochtimestr.com\/index.php\/wp-json\/wp\/v2\/types\/post"}],"author":[{"embeddable":true,"href":"https:\/\/epochtimestr.com\/index.php\/wp-json\/wp\/v2\/users\/12791"}],"replies":[{"embeddable":true,"href":"https:\/\/epochtimestr.com\/index.php\/wp-json\/wp\/v2\/comments?post=168106"}],"version-history":[{"count":2,"href":"https:\/\/epochtimestr.com\/index.php\/wp-json\/wp\/v2\/posts\/168106\/revisions"}],"predecessor-version":[{"id":168153,"href":"https:\/\/epochtimestr.com\/index.php\/wp-json\/wp\/v2\/posts\/168106\/revisions\/168153"}],"wp:featuredmedia":[{"embeddable":true,"href":"https:\/\/epochtimestr.com\/index.php\/wp-json\/wp\/v2\/media\/168108"}],"wp:attachment":[{"href":"https:\/\/epochtimestr.com\/index.php\/wp-json\/wp\/v2\/media?parent=168106"}],"wp:term":[{"taxonomy":"category","embeddable":true,"href":"https:\/\/epochtimestr.com\/index.php\/wp-json\/wp\/v2\/categories?post=168106"},{"taxonomy":"post_tag","embeddable":true,"href":"https:\/\/epochtimestr.com\/index.php\/wp-json\/wp\/v2\/tags?post=168106"}],"curies":[{"name":"wp","href":"https:\/\/api.w.org\/{rel}","templated":true}]}}