{"id":168127,"date":"2026-06-30T17:27:31","date_gmt":"2026-06-30T14:27:31","guid":{"rendered":"https:\/\/epochtimestr.com\/?p=168127"},"modified":"2026-06-30T17:27:36","modified_gmt":"2026-06-30T14:27:36","slug":"israil-ordusu-hamas-liderlerini-oldurdugunu-acikladi","status":"publish","type":"post","link":"https:\/\/epochtimestr.com\/index.php\/israil-ordusu-hamas-liderlerini-oldurdugunu-acikladi","title":{"rendered":"\u0130srail Ordusu Hamas Liderlerini \u00d6ld\u00fcrd\u00fc\u011f\u00fcn\u00fc A\u00e7\u0131klad\u0131"},"content":{"rendered":"<div class=\"wp-block-image\">\n<figure class=\"aligncenter size-full\"><img loading=\"lazy\" decoding=\"async\" width=\"1200\" height=\"800\" src=\"https:\/\/epochtimestr.com\/wp-content\/uploads\/2011y\/1000041618.webp\" alt=\"19 Ekim 2025'te \u0130srail'in Gazze \u015eeridi'nin orta kesimindeki Bureyc Kamp\u0131'nda bir binay\u0131 hedef alan sald\u0131r\u0131s\u0131n\u0131n ard\u0131ndan dumanlar y\u00fckseldi.\u00a0(Foto\u011fraf: Eyad Baba\/AFP)\" class=\"wp-image-168128\" srcset=\"https:\/\/epochtimestr.com\/wp-content\/uploads\/2011y\/1000041618.webp 1200w, https:\/\/epochtimestr.com\/wp-content\/uploads\/2011y\/1000041618-300x200.webp 300w, https:\/\/epochtimestr.com\/wp-content\/uploads\/2011y\/1000041618-150x100.webp 150w, https:\/\/epochtimestr.com\/wp-content\/uploads\/2011y\/1000041618-768x512.webp 768w\" sizes=\"(max-width: 1200px) 100vw, 1200px\" \/><figcaption class=\"wp-element-caption\">\u0130srail ordusu, Gazze&#8217;de Hamas ve Filistin \u0130slami Cihad\u0131 mensuplar\u0131na y\u00f6nelik operasyon d\u00fczenledi\u011fini a\u00e7\u0131klad\u0131. Ate\u015fkes tart\u0131\u015fmalar\u0131 s\u00fcr\u00fcyor. 19 Ekim 2025&#8217;te \u0130srail&#8217;in Gazze \u015eeridi&#8217;nin orta kesimindeki Bureyc Kamp\u0131&#8217;nda bir binay\u0131 hedef alan sald\u0131r\u0131s\u0131n\u0131n ard\u0131ndan dumanlar y\u00fckselirken.\u00a0(Foto\u011fraf: Eyad Baba, AFP, The Epoch Times arac\u0131l\u0131\u011f\u0131yla)<\/figcaption><\/figure><\/div>\n\n\n<p>\u0130srail ordusu, <a href=\"https:\/\/www.theepochtimes.com\/world\/israeli-military-says-it-killed-hamas-islamic-jihad-operatives-6054835\" target=\"_blank\" rel=\"noreferrer noopener\">29 Haziran&#8217;da<\/a> Gazze \u015eeridi&#8217;nde d\u00fczenledi\u011fi iki ayr\u0131 operasyonda Hamas ve Filistin \u0130slami Cihad\u0131 mensuplar\u0131n\u0131n \u00f6ld\u00fcr\u00fcld\u00fc\u011f\u00fcn\u00fc a\u00e7\u0131klad\u0131. Filistinli yetkililer ayn\u0131 g\u00fcn sivillerin ya\u015fam\u0131n\u0131 yitirdi\u011fini bildirdi. \u00d6te yandan taraflar kar\u015f\u0131l\u0131kl\u0131 ate\u015fkes ihlali su\u00e7lamalar\u0131n\u0131 s\u00fcrd\u00fcr\u00fcyor.<\/p>\n\n\n\n<p>\u0130srail Savunma Kuvvetleri ile \u0130srail \u0130\u00e7 G\u00fcvenlik Te\u015fkilat\u0131 ortak a\u00e7\u0131klama yay\u0131mlad\u0131. A\u00e7\u0131klamaya g\u00f6re Hamas&#8217;\u0131n Refah Tugay\u0131 askeri savunma sorumlusu oldu\u011fu belirtilen \u0130smail Masri \u00f6ld\u00fcr\u00fcld\u00fc. Yetkililer, sald\u0131r\u0131n\u0131n 23 Haziran tarihinde d\u00fczenlendi\u011fini bildirdi.<\/p>\n\n\n\n<p>\u0130srail ordusu, Masri&#8217;nin askeri g\u00fcvenlik faaliyetlerini ve Gazze&#8217;deki \u0130srail askerlerine y\u00f6nelik faaliyetleri y\u00f6netti\u011fini belirtti. \u0130srailli yetkililer ayr\u0131ca Hamas&#8217;\u0131n askeri kapasitesini yeniden olu\u015fturmaya \u00e7al\u0131\u015ft\u0131\u011f\u0131n\u0131 \u00f6ne s\u00fcrd\u00fc. <\/p>\n\n\n\n<p>Bununla birlikte \u0130srail ordusu, G\u00fcney Komutanl\u0131\u011f\u0131 birliklerinin ate\u015fkes kapsam\u0131nda Gazze&#8217;nin baz\u0131 b\u00f6lgelerinde konu\u015flanmay\u0131 s\u00fcrd\u00fcrece\u011fini duyurdu. Ayr\u0131ca birliklerin tehdit olarak de\u011ferlendirilen unsurlara kar\u015f\u0131 operasyonlar\u0131na devam edece\u011fi kaydetti.<\/p>\n\n\n\n<p>\u0130srail ordusu ayr\u0131ca, Filistin \u0130slami Cihad\u0131 mensubu oldu\u011fu belirtilen Zaher Brahim Khalil Abu Salem&#8217;in de \u00f6ld\u00fcr\u00fcld\u00fc\u011f\u00fcn\u00fc a\u00e7\u0131klad\u0131. A\u00e7\u0131klamaya g\u00f6re Abu Salem, 07 Ekim 2023 sald\u0131r\u0131s\u0131na kat\u0131ld\u0131. \u0130srail, Abu Salem&#8217;in sivillerin ka\u00e7\u0131r\u0131lmas\u0131na i\u015ftirak etti\u011fini ve sonraki sald\u0131r\u0131lar\u0131 planlad\u0131\u011f\u0131n\u0131 \u00f6ne s\u00fcrd\u00fc.<\/p>\n\n\n\n<p>\u00d6te yandan Gazze&#8217;deki Hamas y\u00f6netimindeki Sa\u011fl\u0131k Bakanl\u0131\u011f\u0131, Deyr el-Belah kentinde d\u00fczenlenen hava sald\u0131r\u0131s\u0131nda \u00fc\u00e7 Filistinlinin \u00f6ld\u00fc\u011f\u00fcn\u00fc bildirdi. Bakanl\u0131k, \u00f6lenler aras\u0131nda bir \u00e7ocu\u011fun bulundu\u011funu a\u00e7\u0131klad\u0131. Ayr\u0131ca kurum, ate\u015fkesin 11 Ekim&#8217;de ba\u015flamas\u0131ndan bu yana 1.045 ki\u015finin \u00f6ld\u00fc\u011f\u00fcn\u00fc duyurdu. Bakanl\u0131k, sava\u015f\u0131n ba\u015flang\u0131c\u0131ndan itibaren toplam can kayb\u0131n\u0131 ise 73.058 olarak a\u00e7\u0131klad\u0131. <\/p>\n\n\n\n<p>ABD&#8217;nin Gazze Bar\u0131\u015f Kurulu Temsilcisi Nikolay Mladenov, \u0130srail ve Hamas&#8217;\u0131n ate\u015fkesi k\u0131smen ihlal etti\u011fini s\u00f6yledi. Ayr\u0131ca ABD ve K\u00f6rfez \u00fclkeleri, Gazze&#8217;nin yeniden in\u015fas\u0131na y\u00f6nelik deste\u011fini yineledi. Taraflar, \u00f6zellikle Gazze&#8217;nin ba\u011f\u0131ms\u0131z ve teknokrat bir Filistin sivil komitesi taraf\u0131ndan y\u00f6netilmesini desteklediklerini bildirdi. <\/p>\n","protected":false},"excerpt":{"rendered":"<p>\u0130srail ordusu, 29 Haziran&#8217;da Gazze \u015eeridi&#8217;nde d\u00fczenledi\u011fi iki ayr\u0131 operasyonda Hamas ve Filistin \u0130slami Cihad\u0131 mensuplar\u0131n\u0131n \u00f6ld\u00fcr\u00fcld\u00fc\u011f\u00fcn\u00fc a\u00e7\u0131klad\u0131. Filistinli yetkililer ayn\u0131 g\u00fcn sivillerin ya\u015fam\u0131n\u0131 yitirdi\u011fini bildirdi. \u00d6te yandan taraflar kar\u015f\u0131l\u0131kl\u0131 ate\u015fkes ihlali su\u00e7lamalar\u0131n\u0131 s\u00fcrd\u00fcr\u00fcyor. \u0130srail Savunma Kuvvetleri ile \u0130srail \u0130\u00e7 G\u00fcvenlik Te\u015fkilat\u0131 ortak a\u00e7\u0131klama yay\u0131mlad\u0131. A\u00e7\u0131klamaya g\u00f6re Hamas&#8217;\u0131n Refah Tugay\u0131 askeri savunma sorumlusu oldu\u011fu belirtilen [&hellip;]<\/p>\n","protected":false},"author":13996,"featured_media":168128,"comment_status":"open","ping_status":"open","sticky":false,"template":"","format":"standard","meta":{"_yoast_wpseo_focuskw":"\u0130srail ordusu","_yoast_wpseo_title":"","_yoast_wpseo_metadesc":"\u0130srail ordusu, Gazze'de Hamas ve Filistin \u0130slami Cihad\u0131 mensuplar\u0131na y\u00f6nelik operasyon d\u00fczenledi\u011fini a\u00e7\u0131klad\u0131. Ate\u015fkes tart\u0131\u015fmalar\u0131 s\u00fcr\u00fcyor.","_bbp_topic_count":0,"_bbp_reply_count":0,"_bbp_total_topic_count":0,"_bbp_total_reply_count":0,"_bbp_voice_count":0,"_bbp_anonymous_reply_count":0,"_bbp_topic_count_hidden":0,"_bbp_reply_count_hidden":0,"_bbp_forum_subforum_count":0,"footnotes":"","_yoast_wpseo_focuskw_text_input":""},"categories":[5,1,8138],"tags":[11577,10503,11602,10459,11601,6003,7874,9188],"yoast_head":"<!-- This site is optimized with the Yoast SEO plugin v23.0 - https:\/\/yoast.com\/wordpress\/plugins\/seo\/ -->\n<title>\u0130srail Ordusu Hamas Liderlerini \u00d6ld\u00fcrd\u00fc\u011f\u00fcn\u00fc A\u00e7\u0131klad\u0131 - The Epoch Times TR<\/title>\n<meta name=\"description\" content=\"\u0130srail ordusu, Gazze&#039;de Hamas ve Filistin \u0130slami Cihad\u0131 mensuplar\u0131na y\u00f6nelik operasyon d\u00fczenledi\u011fini a\u00e7\u0131klad\u0131. Ate\u015fkes tart\u0131\u015fmalar\u0131 s\u00fcr\u00fcyor.\" \/>\n<meta name=\"robots\" content=\"index, follow, max-snippet:-1, max-image-preview:large, max-video-preview:-1\" \/>\n<link rel=\"canonical\" href=\"https:\/\/epochtimestr.com\/index.php\/israil-ordusu-hamas-liderlerini-oldurdugunu-acikladi\" \/>\n<meta property=\"og:locale\" content=\"tr_TR\" \/>\n<meta property=\"og:type\" content=\"article\" \/>\n<meta property=\"og:title\" content=\"\u0130srail Ordusu Hamas Liderlerini \u00d6ld\u00fcrd\u00fc\u011f\u00fcn\u00fc A\u00e7\u0131klad\u0131 - The Epoch Times TR\" \/>\n<meta property=\"og:description\" content=\"\u0130srail ordusu, Gazze&#039;de Hamas ve Filistin \u0130slami Cihad\u0131 mensuplar\u0131na y\u00f6nelik operasyon d\u00fczenledi\u011fini a\u00e7\u0131klad\u0131. Ate\u015fkes tart\u0131\u015fmalar\u0131 s\u00fcr\u00fcyor.\" \/>\n<meta property=\"og:url\" content=\"https:\/\/epochtimestr.com\/index.php\/israil-ordusu-hamas-liderlerini-oldurdugunu-acikladi\" \/>\n<meta property=\"og:site_name\" content=\"The Epoch Times TR\" \/>\n<meta property=\"article:publisher\" content=\"https:\/\/www.facebook.com\/theepochtimestr\" \/>\n<meta property=\"article:published_time\" content=\"2026-06-30T14:27:31+00:00\" \/>\n<meta property=\"article:modified_time\" content=\"2026-06-30T14:27:36+00:00\" \/>\n<meta property=\"og:image\" content=\"https:\/\/epochtimestr.com\/wp-content\/uploads\/2011y\/1000041618.webp\" \/>\n\t<meta property=\"og:image:width\" content=\"1200\" \/>\n\t<meta property=\"og:image:height\" content=\"800\" \/>\n\t<meta property=\"og:image:type\" content=\"image\/webp\" \/>\n<meta name=\"author\" content=\"Leo Bajelan\" \/>\n<meta name=\"twitter:card\" content=\"summary_large_image\" \/>\n<meta name=\"twitter:creator\" content=\"@TheEpochTimesTR\" \/>\n<meta name=\"twitter:site\" content=\"@TheEpochTimesTR\" \/>\n<meta name=\"twitter:label1\" content=\"Yazan:\" \/>\n\t<meta name=\"twitter:data1\" content=\"Leo Bajelan\" \/>\n\t<meta name=\"twitter:label2\" content=\"Tahmini okuma s\u00fcresi\" \/>\n\t<meta name=\"twitter:data2\" content=\"3 dakika\" \/>\n<script type=\"application\/ld+json\" class=\"yoast-schema-graph\">{\"@context\":\"https:\/\/schema.org\",\"@graph\":[{\"@type\":\"Article\",\"@id\":\"https:\/\/epochtimestr.com\/index.php\/israil-ordusu-hamas-liderlerini-oldurdugunu-acikladi#article\",\"isPartOf\":{\"@id\":\"https:\/\/epochtimestr.com\/index.php\/israil-ordusu-hamas-liderlerini-oldurdugunu-acikladi\"},\"author\":{\"name\":\"Leo Bajelan\",\"@id\":\"https:\/\/epochtimestr.com\/#\/schema\/person\/5fef218711d76d8f232b0e1f1d7e4c0d\"},\"headline\":\"\u0130srail Ordusu Hamas Liderlerini \u00d6ld\u00fcrd\u00fc\u011f\u00fcn\u00fc A\u00e7\u0131klad\u0131\",\"datePublished\":\"2026-06-30T14:27:31+00:00\",\"dateModified\":\"2026-06-30T14:27:36+00:00\",\"mainEntityOfPage\":{\"@id\":\"https:\/\/epochtimestr.com\/index.php\/israil-ordusu-hamas-liderlerini-oldurdugunu-acikladi\"},\"wordCount\":421,\"commentCount\":0,\"publisher\":{\"@id\":\"https:\/\/epochtimestr.com\/#organization\"},\"image\":{\"@id\":\"https:\/\/epochtimestr.com\/index.php\/israil-ordusu-hamas-liderlerini-oldurdugunu-acikladi#primaryimage\"},\"thumbnailUrl\":\"https:\/\/epochtimestr.com\/wp-content\/uploads\/2011y\/1000041618.webp\",\"keywords\":[\"ABD \u0130ran \u00f6n anla\u015fmas\u0131\",\"ABD \u0130ran sava\u015f\u0131\",\"Filistin \u0130slami Cihad\u0131\",\"Gazze Bar\u0131\u015f Kurulu\",\"Gazze \u015eeridi\",\"hamas\",\"\u0130srail\",\"\u0130srail ordusu\"],\"articleSection\":[\"D\u00dcNYA\",\"G\u00dcNDEM\",\"MAN\u015eET\"],\"inLanguage\":\"tr\",\"potentialAction\":[{\"@type\":\"CommentAction\",\"name\":\"Comment\",\"target\":[\"https:\/\/epochtimestr.com\/index.php\/israil-ordusu-hamas-liderlerini-oldurdugunu-acikladi#respond\"]}]},{\"@type\":\"WebPage\",\"@id\":\"https:\/\/epochtimestr.com\/index.php\/israil-ordusu-hamas-liderlerini-oldurdugunu-acikladi\",\"url\":\"https:\/\/epochtimestr.com\/index.php\/israil-ordusu-hamas-liderlerini-oldurdugunu-acikladi\",\"name\":\"\u0130srail Ordusu Hamas Liderlerini \u00d6ld\u00fcrd\u00fc\u011f\u00fcn\u00fc A\u00e7\u0131klad\u0131 - The Epoch Times TR\",\"isPartOf\":{\"@id\":\"https:\/\/epochtimestr.com\/#website\"},\"primaryImageOfPage\":{\"@id\":\"https:\/\/epochtimestr.com\/index.php\/israil-ordusu-hamas-liderlerini-oldurdugunu-acikladi#primaryimage\"},\"image\":{\"@id\":\"https:\/\/epochtimestr.com\/index.php\/israil-ordusu-hamas-liderlerini-oldurdugunu-acikladi#primaryimage\"},\"thumbnailUrl\":\"https:\/\/epochtimestr.com\/wp-content\/uploads\/2011y\/1000041618.webp\",\"datePublished\":\"2026-06-30T14:27:31+00:00\",\"dateModified\":\"2026-06-30T14:27:36+00:00\",\"description\":\"\u0130srail ordusu, Gazze'de Hamas ve Filistin \u0130slami Cihad\u0131 mensuplar\u0131na y\u00f6nelik operasyon d\u00fczenledi\u011fini a\u00e7\u0131klad\u0131. Ate\u015fkes tart\u0131\u015fmalar\u0131 s\u00fcr\u00fcyor.\",\"inLanguage\":\"tr\",\"potentialAction\":[{\"@type\":\"ReadAction\",\"target\":[\"https:\/\/epochtimestr.com\/index.php\/israil-ordusu-hamas-liderlerini-oldurdugunu-acikladi\"]}]},{\"@type\":\"ImageObject\",\"inLanguage\":\"tr\",\"@id\":\"https:\/\/epochtimestr.com\/index.php\/israil-ordusu-hamas-liderlerini-oldurdugunu-acikladi#primaryimage\",\"url\":\"https:\/\/epochtimestr.com\/wp-content\/uploads\/2011y\/1000041618.webp\",\"contentUrl\":\"https:\/\/epochtimestr.com\/wp-content\/uploads\/2011y\/1000041618.webp\",\"width\":1200,\"height\":800},{\"@type\":\"WebSite\",\"@id\":\"https:\/\/epochtimestr.com\/#website\",\"url\":\"https:\/\/epochtimestr.com\/\",\"name\":\"The Epoch Times TR\",\"description\":\"De\u011fi\u015fen D\u00fcnyam\u0131za Taze Bir Bak\u0131\u015f\",\"publisher\":{\"@id\":\"https:\/\/epochtimestr.com\/#organization\"},\"potentialAction\":[{\"@type\":\"SearchAction\",\"target\":{\"@type\":\"EntryPoint\",\"urlTemplate\":\"https:\/\/epochtimestr.com\/?s={search_term_string}\"},\"query-input\":\"required name=search_term_string\"}],\"inLanguage\":\"tr\"},{\"@type\":\"Organization\",\"@id\":\"https:\/\/epochtimestr.com\/#organization\",\"name\":\"The EpochTimes T\u00fcrkiye\",\"url\":\"https:\/\/epochtimestr.com\/\",\"logo\":{\"@type\":\"ImageObject\",\"inLanguage\":\"tr\",\"@id\":\"https:\/\/epochtimestr.com\/#\/schema\/logo\/image\/\",\"url\":\"https:\/\/epochtimestr.com\/wp-content\/uploads\/2011y\/ET-Logo-YG.jpg\",\"contentUrl\":\"https:\/\/epochtimestr.com\/wp-content\/uploads\/2011y\/ET-Logo-YG.jpg\",\"width\":346,\"height\":29,\"caption\":\"The EpochTimes T\u00fcrkiye\"},\"image\":{\"@id\":\"https:\/\/epochtimestr.com\/#\/schema\/logo\/image\/\"},\"sameAs\":[\"https:\/\/www.facebook.com\/theepochtimestr\",\"https:\/\/x.com\/TheEpochTimesTR\",\"https:\/\/www.instagram.com\/epochtimestr\"]},{\"@type\":\"Person\",\"@id\":\"https:\/\/epochtimestr.com\/#\/schema\/person\/5fef218711d76d8f232b0e1f1d7e4c0d\",\"name\":\"Leo Bajelan\",\"image\":{\"@type\":\"ImageObject\",\"inLanguage\":\"tr\",\"@id\":\"https:\/\/epochtimestr.com\/#\/schema\/person\/image\/\",\"url\":\"https:\/\/secure.gravatar.com\/avatar\/917669146f489549e548a2e9af272df5?s=96&d=mm&r=g\",\"contentUrl\":\"https:\/\/secure.gravatar.com\/avatar\/917669146f489549e548a2e9af272df5?s=96&d=mm&r=g\",\"caption\":\"Leo Bajelan\"},\"url\":\"https:\/\/epochtimestr.com\/index.php\/author\/leo\"}]}<\/script>\n<!-- \/ Yoast SEO plugin. -->","yoast_head_json":{"title":"\u0130srail Ordusu Hamas Liderlerini \u00d6ld\u00fcrd\u00fc\u011f\u00fcn\u00fc A\u00e7\u0131klad\u0131 - The Epoch Times TR","description":"\u0130srail ordusu, Gazze'de Hamas ve Filistin \u0130slami Cihad\u0131 mensuplar\u0131na y\u00f6nelik operasyon d\u00fczenledi\u011fini a\u00e7\u0131klad\u0131. Ate\u015fkes tart\u0131\u015fmalar\u0131 s\u00fcr\u00fcyor.","robots":{"index":"index","follow":"follow","max-snippet":"max-snippet:-1","max-image-preview":"max-image-preview:large","max-video-preview":"max-video-preview:-1"},"canonical":"https:\/\/epochtimestr.com\/index.php\/israil-ordusu-hamas-liderlerini-oldurdugunu-acikladi","og_locale":"tr_TR","og_type":"article","og_title":"\u0130srail Ordusu Hamas Liderlerini \u00d6ld\u00fcrd\u00fc\u011f\u00fcn\u00fc A\u00e7\u0131klad\u0131 - The Epoch Times TR","og_description":"\u0130srail ordusu, Gazze'de Hamas ve Filistin \u0130slami Cihad\u0131 mensuplar\u0131na y\u00f6nelik operasyon d\u00fczenledi\u011fini a\u00e7\u0131klad\u0131. Ate\u015fkes tart\u0131\u015fmalar\u0131 s\u00fcr\u00fcyor.","og_url":"https:\/\/epochtimestr.com\/index.php\/israil-ordusu-hamas-liderlerini-oldurdugunu-acikladi","og_site_name":"The Epoch Times TR","article_publisher":"https:\/\/www.facebook.com\/theepochtimestr","article_published_time":"2026-06-30T14:27:31+00:00","article_modified_time":"2026-06-30T14:27:36+00:00","og_image":[{"width":1200,"height":800,"url":"https:\/\/epochtimestr.com\/wp-content\/uploads\/2011y\/1000041618.webp","type":"image\/webp"}],"author":"Leo Bajelan","twitter_card":"summary_large_image","twitter_creator":"@TheEpochTimesTR","twitter_site":"@TheEpochTimesTR","twitter_misc":{"Yazan:":"Leo Bajelan","Tahmini okuma s\u00fcresi":"3 dakika"},"schema":{"@context":"https:\/\/schema.org","@graph":[{"@type":"Article","@id":"https:\/\/epochtimestr.com\/index.php\/israil-ordusu-hamas-liderlerini-oldurdugunu-acikladi#article","isPartOf":{"@id":"https:\/\/epochtimestr.com\/index.php\/israil-ordusu-hamas-liderlerini-oldurdugunu-acikladi"},"author":{"name":"Leo Bajelan","@id":"https:\/\/epochtimestr.com\/#\/schema\/person\/5fef218711d76d8f232b0e1f1d7e4c0d"},"headline":"\u0130srail Ordusu Hamas Liderlerini \u00d6ld\u00fcrd\u00fc\u011f\u00fcn\u00fc A\u00e7\u0131klad\u0131","datePublished":"2026-06-30T14:27:31+00:00","dateModified":"2026-06-30T14:27:36+00:00","mainEntityOfPage":{"@id":"https:\/\/epochtimestr.com\/index.php\/israil-ordusu-hamas-liderlerini-oldurdugunu-acikladi"},"wordCount":421,"commentCount":0,"publisher":{"@id":"https:\/\/epochtimestr.com\/#organization"},"image":{"@id":"https:\/\/epochtimestr.com\/index.php\/israil-ordusu-hamas-liderlerini-oldurdugunu-acikladi#primaryimage"},"thumbnailUrl":"https:\/\/epochtimestr.com\/wp-content\/uploads\/2011y\/1000041618.webp","keywords":["ABD \u0130ran \u00f6n anla\u015fmas\u0131","ABD \u0130ran sava\u015f\u0131","Filistin \u0130slami Cihad\u0131","Gazze Bar\u0131\u015f Kurulu","Gazze \u015eeridi","hamas","\u0130srail","\u0130srail ordusu"],"articleSection":["D\u00dcNYA","G\u00dcNDEM","MAN\u015eET"],"inLanguage":"tr","potentialAction":[{"@type":"CommentAction","name":"Comment","target":["https:\/\/epochtimestr.com\/index.php\/israil-ordusu-hamas-liderlerini-oldurdugunu-acikladi#respond"]}]},{"@type":"WebPage","@id":"https:\/\/epochtimestr.com\/index.php\/israil-ordusu-hamas-liderlerini-oldurdugunu-acikladi","url":"https:\/\/epochtimestr.com\/index.php\/israil-ordusu-hamas-liderlerini-oldurdugunu-acikladi","name":"\u0130srail Ordusu Hamas Liderlerini \u00d6ld\u00fcrd\u00fc\u011f\u00fcn\u00fc A\u00e7\u0131klad\u0131 - The Epoch Times TR","isPartOf":{"@id":"https:\/\/epochtimestr.com\/#website"},"primaryImageOfPage":{"@id":"https:\/\/epochtimestr.com\/index.php\/israil-ordusu-hamas-liderlerini-oldurdugunu-acikladi#primaryimage"},"image":{"@id":"https:\/\/epochtimestr.com\/index.php\/israil-ordusu-hamas-liderlerini-oldurdugunu-acikladi#primaryimage"},"thumbnailUrl":"https:\/\/epochtimestr.com\/wp-content\/uploads\/2011y\/1000041618.webp","datePublished":"2026-06-30T14:27:31+00:00","dateModified":"2026-06-30T14:27:36+00:00","description":"\u0130srail ordusu, Gazze'de Hamas ve Filistin \u0130slami Cihad\u0131 mensuplar\u0131na y\u00f6nelik operasyon d\u00fczenledi\u011fini a\u00e7\u0131klad\u0131. Ate\u015fkes tart\u0131\u015fmalar\u0131 s\u00fcr\u00fcyor.","inLanguage":"tr","potentialAction":[{"@type":"ReadAction","target":["https:\/\/epochtimestr.com\/index.php\/israil-ordusu-hamas-liderlerini-oldurdugunu-acikladi"]}]},{"@type":"ImageObject","inLanguage":"tr","@id":"https:\/\/epochtimestr.com\/index.php\/israil-ordusu-hamas-liderlerini-oldurdugunu-acikladi#primaryimage","url":"https:\/\/epochtimestr.com\/wp-content\/uploads\/2011y\/1000041618.webp","contentUrl":"https:\/\/epochtimestr.com\/wp-content\/uploads\/2011y\/1000041618.webp","width":1200,"height":800},{"@type":"WebSite","@id":"https:\/\/epochtimestr.com\/#website","url":"https:\/\/epochtimestr.com\/","name":"The Epoch Times TR","description":"De\u011fi\u015fen D\u00fcnyam\u0131za Taze Bir Bak\u0131\u015f","publisher":{"@id":"https:\/\/epochtimestr.com\/#organization"},"potentialAction":[{"@type":"SearchAction","target":{"@type":"EntryPoint","urlTemplate":"https:\/\/epochtimestr.com\/?s={search_term_string}"},"query-input":"required name=search_term_string"}],"inLanguage":"tr"},{"@type":"Organization","@id":"https:\/\/epochtimestr.com\/#organization","name":"The EpochTimes T\u00fcrkiye","url":"https:\/\/epochtimestr.com\/","logo":{"@type":"ImageObject","inLanguage":"tr","@id":"https:\/\/epochtimestr.com\/#\/schema\/logo\/image\/","url":"https:\/\/epochtimestr.com\/wp-content\/uploads\/2011y\/ET-Logo-YG.jpg","contentUrl":"https:\/\/epochtimestr.com\/wp-content\/uploads\/2011y\/ET-Logo-YG.jpg","width":346,"height":29,"caption":"The EpochTimes T\u00fcrkiye"},"image":{"@id":"https:\/\/epochtimestr.com\/#\/schema\/logo\/image\/"},"sameAs":["https:\/\/www.facebook.com\/theepochtimestr","https:\/\/x.com\/TheEpochTimesTR","https:\/\/www.instagram.com\/epochtimestr"]},{"@type":"Person","@id":"https:\/\/epochtimestr.com\/#\/schema\/person\/5fef218711d76d8f232b0e1f1d7e4c0d","name":"Leo Bajelan","image":{"@type":"ImageObject","inLanguage":"tr","@id":"https:\/\/epochtimestr.com\/#\/schema\/person\/image\/","url":"https:\/\/secure.gravatar.com\/avatar\/917669146f489549e548a2e9af272df5?s=96&d=mm&r=g","contentUrl":"https:\/\/secure.gravatar.com\/avatar\/917669146f489549e548a2e9af272df5?s=96&d=mm&r=g","caption":"Leo Bajelan"},"url":"https:\/\/epochtimestr.com\/index.php\/author\/leo"}]}},"_links":{"self":[{"href":"https:\/\/epochtimestr.com\/index.php\/wp-json\/wp\/v2\/posts\/168127"}],"collection":[{"href":"https:\/\/epochtimestr.com\/index.php\/wp-json\/wp\/v2\/posts"}],"about":[{"href":"https:\/\/epochtimestr.com\/index.php\/wp-json\/wp\/v2\/types\/post"}],"author":[{"embeddable":true,"href":"https:\/\/epochtimestr.com\/index.php\/wp-json\/wp\/v2\/users\/13996"}],"replies":[{"embeddable":true,"href":"https:\/\/epochtimestr.com\/index.php\/wp-json\/wp\/v2\/comments?post=168127"}],"version-history":[{"count":2,"href":"https:\/\/epochtimestr.com\/index.php\/wp-json\/wp\/v2\/posts\/168127\/revisions"}],"predecessor-version":[{"id":168145,"href":"https:\/\/epochtimestr.com\/index.php\/wp-json\/wp\/v2\/posts\/168127\/revisions\/168145"}],"wp:featuredmedia":[{"embeddable":true,"href":"https:\/\/epochtimestr.com\/index.php\/wp-json\/wp\/v2\/media\/168128"}],"wp:attachment":[{"href":"https:\/\/epochtimestr.com\/index.php\/wp-json\/wp\/v2\/media?parent=168127"}],"wp:term":[{"taxonomy":"category","embeddable":true,"href":"https:\/\/epochtimestr.com\/index.php\/wp-json\/wp\/v2\/categories?post=168127"},{"taxonomy":"post_tag","embeddable":true,"href":"https:\/\/epochtimestr.com\/index.php\/wp-json\/wp\/v2\/tags?post=168127"}],"curies":[{"name":"wp","href":"https:\/\/api.w.org\/{rel}","templated":true}]}}