{"id":168133,"date":"2026-06-30T18:03:47","date_gmt":"2026-06-30T15:03:47","guid":{"rendered":"https:\/\/epochtimestr.com\/?p=168133"},"modified":"2026-06-30T18:06:14","modified_gmt":"2026-06-30T15:06:14","slug":"tuik-mayis-ayi-issizlik-rakamlarini-acikladi","status":"publish","type":"post","link":"https:\/\/epochtimestr.com\/index.php\/tuik-mayis-ayi-issizlik-rakamlarini-acikladi","title":{"rendered":"T\u00dc\u0130K May\u0131s Ay\u0131 \u0130\u015fsizlik Rakamlar\u0131n\u0131 A\u00e7\u0131klad\u0131"},"content":{"rendered":"<div class=\"wp-block-image\">\n<figure class=\"aligncenter size-full\"><img loading=\"lazy\" decoding=\"async\" width=\"1280\" height=\"853\" src=\"https:\/\/epochtimestr.com\/wp-content\/uploads\/2011y\/tuik-19.jpg\" alt=\"T\u00fcrkiye \u0130statistik Kurumu (T\u00dc\u0130K) May\u0131s ay\u0131 i\u015fg\u00fcc\u00fc istatistiklerini a\u00e7\u0131klad\u0131.\" class=\"wp-image-168134\" srcset=\"https:\/\/epochtimestr.com\/wp-content\/uploads\/2011y\/tuik-19.jpg 1280w, https:\/\/epochtimestr.com\/wp-content\/uploads\/2011y\/tuik-19-300x200.jpg 300w, https:\/\/epochtimestr.com\/wp-content\/uploads\/2011y\/tuik-19-150x100.jpg 150w, https:\/\/epochtimestr.com\/wp-content\/uploads\/2011y\/tuik-19-768x512.jpg 768w\" sizes=\"(max-width: 1280px) 100vw, 1280px\" \/><figcaption class=\"wp-element-caption\">                                                                                                                      Foto\u011fraf: Pixabay-Frantisek_Krejci<\/figcaption><\/figure><\/div>\n\n\n<h2 class=\"wp-block-heading\">T\u00fcrkiye \u0130statistik Kurumu (T\u00dc\u0130K) May\u0131s ay\u0131 i\u015fg\u00fcc\u00fc istatistiklerini a\u00e7\u0131klad\u0131. \u0130\u015fsizlerden olu\u015fan at\u0131l i\u015f g\u00fcc\u00fc oran\u0131 2026 y\u0131l\u0131 May\u0131s ay\u0131nda bir \u00f6nceki aya g\u00f6re 0,9 puan artarak y\u00fczde 31 seviyesine ula\u015ft\u0131.<\/h2>\n\n\n\n<p><a href=\"https:\/\/epochtimestr.com\/index.php\/tuik-hizmet-sektorunde-ucretli-calisan-sayisi-azaldi\" target=\"_blank\" rel=\"noreferrer noopener\">T\u00dc\u0130K<\/a>, 2026 y\u0131l\u0131 May\u0131s ay\u0131na ili\u015fkin hane halk\u0131 i\u015f g\u00fcc\u00fc ara\u015ft\u0131rmas\u0131 sonu\u00e7lar\u0131n\u0131 yay\u0131mlad\u0131. A\u00e7\u0131klanan verilere g\u00f6re, kamuoyunda ger\u00e7ek <a href=\"https:\/\/epochtimestr.com\/index.php\/tuik-gercek-issizlik-yuzde-284e-yukseldi\" target=\"_blank\" rel=\"noreferrer noopener\">i\u015fsizlik <\/a>olarak da bilinen geni\u015f tan\u0131ml\u0131 at\u0131l i\u015f g\u00fcc\u00fc oran\u0131 dikkat \u00e7ekici bir art\u0131\u015f g\u00f6sterdi. Verilere g\u00f6re, zamana ba\u011fl\u0131 eksik istihdam, potansiyel i\u015f g\u00fcc\u00fc ve i\u015fsizlerden olu\u015fan at\u0131l i\u015f g\u00fcc\u00fc oran\u0131, 2026 y\u0131l\u0131 May\u0131s ay\u0131nda bir \u00f6nceki aya g\u00f6re 0,9 puan artarak y\u00fczde 31 seviyesine ula\u015ft\u0131.<\/p>\n\n\n\n<p>Hanehalk\u0131 i\u015fg\u00fcc\u00fc ara\u015ft\u0131rmas\u0131 sonu\u00e7lar\u0131na g\u00f6re, 15 ve daha yukar\u0131 ya\u015ftaki ki\u015filerde i\u015fsiz say\u0131s\u0131 2026 y\u0131l\u0131 May\u0131s ay\u0131nda bir \u00f6nceki aya g\u00f6re 9 bin ki\u015fi artarak 2 milyon 883 bin ki\u015fi oldu. \u0130\u015fsizlik oran\u0131 ise ayn\u0131 seviyede kalarak y\u00fczde 8,2 seviyesinde ger\u00e7ekle\u015fti. \u0130\u015fsizlik oran\u0131 erkeklerde y\u00fczde 7,0 iken kad\u0131nlarda y\u00fczde 10,5 olarak tahmin edildi. Buna g\u00f6re,<\/p>\n\n\n\n<h3 class=\"wp-block-heading\">\u0130stihdam Oran\u0131 Y\u00fczde 48,5<\/h3>\n\n\n\n<p>\u0130stihdam edilenlerin say\u0131s\u0131 2026 y\u0131l\u0131 May\u0131s ay\u0131nda bir \u00f6nceki aya g\u00f6re 285 bin ki\u015fi artarak 32 milyon 463 bin ki\u015fi, <a href=\"https:\/\/epochtimestr.com\/index.php\/otizmli-bireyler-ve-aileleri-farkindalik-kabul-esitlik-dahil-olma-ve-istihdam-icin-yuruduler\" target=\"_blank\" rel=\"noreferrer noopener\">istihdam<\/a> oran\u0131 ise 0,4 puan artarak y\u00fczde 48,5 oldu. Bu oran erkeklerde y\u00fczde 66,1 iken kad\u0131nlarda y\u00fczde 31,4 olarak ger\u00e7ekle\u015fti.<\/p>\n\n\n<div class=\"wp-block-image\">\n<figure class=\"aligncenter size-full\"><img loading=\"lazy\" decoding=\"async\" width=\"1024\" height=\"380\" src=\"https:\/\/epochtimestr.com\/wp-content\/uploads\/2011y\/tuik1.webp\" alt=\"\" class=\"wp-image-168135\" srcset=\"https:\/\/epochtimestr.com\/wp-content\/uploads\/2011y\/tuik1.webp 1024w, https:\/\/epochtimestr.com\/wp-content\/uploads\/2011y\/tuik1-300x111.webp 300w, https:\/\/epochtimestr.com\/wp-content\/uploads\/2011y\/tuik1-150x56.webp 150w, https:\/\/epochtimestr.com\/wp-content\/uploads\/2011y\/tuik1-768x285.webp 768w\" sizes=\"(max-width: 1024px) 100vw, 1024px\" \/><\/figure><\/div>\n\n\n<p><strong>\u0130\u015fg\u00fcc\u00fcne Kat\u0131lma Oran\u0131 Y\u00fczde 52,8<\/strong><\/p>\n\n\n\n<p>\u0130\u015fg\u00fcc\u00fc, 2026 y\u0131l\u0131 May\u0131s ay\u0131nda bir \u00f6nceki aya g\u00f6re 293 bin ki\u015fi artarak 35 milyon 345 bin ki\u015fi, i\u015fg\u00fcc\u00fcne kat\u0131lma oran\u0131 ise 0,4 puan artarak y\u00fczde 52,8 olarak ger\u00e7ekle\u015fti. \u0130\u015fg\u00fcc\u00fcne kat\u0131lma oran\u0131 erkeklerde y\u00fczde 71,0 iken kad\u0131nlarda y\u00fczde 35,0 oldu.<\/p>\n\n\n\n<p><strong>Gen\u00e7 N\u00fcfusta \u0130\u015fsizlik Y\u00fczde 14,8<\/strong><\/p>\n\n\n\n<p>15-24 ya\u015f grubunu kapsayan gen\u00e7 n\u00fcfusta i\u015fsizlik oran\u0131 bir \u00f6nceki aya g\u00f6re 0,4 puan artarak y\u00fczde 14,8 oldu. Bu ya\u015f grubunda i\u015fsizlik oran\u0131; erkeklerde y\u00fczde 11,2, kad\u0131nlarda ise y\u00fczde 21,8 olarak tahmin edildi.<\/p>\n\n\n\n<p><strong>Haftal\u0131k Ortalama Fiili \u00c7al\u0131\u015fma S\u00fcresi 42,4 Saat<\/strong><\/p>\n\n\n\n<p>\u0130stihdam edilenlerden referans d\u00f6neminde i\u015fba\u015f\u0131nda olanlar\u0131n, mevsim ve takvim etkilerinden ar\u0131nd\u0131r\u0131lm\u0131\u015f haftal\u0131k ortalama fiili \u00e7al\u0131\u015fma s\u00fcresi 2026 y\u0131l\u0131 May\u0131s ay\u0131nda bir \u00f6nceki aya g\u00f6re 0,2 saat artarak 42,4 saat olarak ger\u00e7ekle\u015fti.<\/p>\n\n\n<div class=\"wp-block-image\">\n<figure class=\"aligncenter size-full\"><img loading=\"lazy\" decoding=\"async\" width=\"1024\" height=\"426\" src=\"https:\/\/epochtimestr.com\/wp-content\/uploads\/2011y\/2-3.webp\" alt=\"\" class=\"wp-image-168140\" srcset=\"https:\/\/epochtimestr.com\/wp-content\/uploads\/2011y\/2-3.webp 1024w, https:\/\/epochtimestr.com\/wp-content\/uploads\/2011y\/2-3-300x125.webp 300w, https:\/\/epochtimestr.com\/wp-content\/uploads\/2011y\/2-3-150x62.webp 150w, https:\/\/epochtimestr.com\/wp-content\/uploads\/2011y\/2-3-768x320.webp 768w\" sizes=\"(max-width: 1024px) 100vw, 1024px\" \/><\/figure><\/div>\n\n\n<p><strong>At\u0131l \u0130\u015fg\u00fcc\u00fc Oran\u0131 Y\u00fczde 31,0<\/strong><\/p>\n\n\n\n<p>Zamana ba\u011fl\u0131 eksik istihdam, potansiyel i\u015fg\u00fcc\u00fc ve i\u015fsizlerden olu\u015fan at\u0131l i\u015fg\u00fcc\u00fc oran\u0131 2026 y\u0131l\u0131 May\u0131s ay\u0131nda bir \u00f6nceki aya g\u00f6re 0,9 puan artarak y\u00fczde 31,0 oldu. Zamana ba\u011fl\u0131 eksik istihdam ve i\u015fsizlerin b\u00fct\u00fcnle\u015fik oran\u0131 y\u00fczde 20,2 iken i\u015fsiz ve potansiyel i\u015fg\u00fcc\u00fcn\u00fcn b\u00fct\u00fcnle\u015fik oran\u0131 y\u00fczde 20,5 olarak tahmin edildi.<\/p>\n\n\n\n<figure class=\"wp-block-embed is-type-rich is-provider-x wp-block-embed-x\"><div class=\"wp-block-embed__wrapper\">\n<blockquote class=\"twitter-tweet\" data-width=\"550\" data-dnt=\"true\"><p lang=\"tr\" dir=\"ltr\">\u0130\u015fg\u00fcc\u00fc \u0130statistikleri, May\u0131s 2026<br><br>Mevsim etkisinden ar\u0131nd\u0131r\u0131lm\u0131\u015f i\u015fsizlik oran\u0131 %8,2 seviyesinde ger\u00e7ekle\u015fti<br><br>Detaylar i\u00e7in web sitemizi ziyaret edebilirsiniz. \ud83d\udd0e<br>\u21aa\ufe0f   <a href=\"https:\/\/t.co\/pqCdElB6FC\">https:\/\/t.co\/pqCdElB6FC<\/a> <a href=\"https:\/\/t.co\/eAMUjUdyh6\">pic.twitter.com\/eAMUjUdyh6<\/a><\/p>&mdash; tuik.gov.tr (@tuikbilgi) <a href=\"https:\/\/x.com\/tuikbilgi\/status\/2071852358426866041?ref_src=twsrc%5Etfw\">June 30, 2026<\/a><\/blockquote><script async src=\"https:\/\/platform.x.com\/widgets.js\" charset=\"utf-8\"><\/script>\n<\/div><\/figure>\n","protected":false},"excerpt":{"rendered":"<p>T\u00fcrkiye \u0130statistik Kurumu (T\u00dc\u0130K) May\u0131s ay\u0131 i\u015fg\u00fcc\u00fc istatistiklerini a\u00e7\u0131klad\u0131. \u0130\u015fsizlerden olu\u015fan at\u0131l i\u015f g\u00fcc\u00fc oran\u0131 2026 y\u0131l\u0131 May\u0131s ay\u0131nda bir \u00f6nceki aya g\u00f6re 0,9 puan artarak y\u00fczde 31 seviyesine ula\u015ft\u0131. T\u00dc\u0130K, 2026 y\u0131l\u0131 May\u0131s ay\u0131na ili\u015fkin hane halk\u0131 i\u015f g\u00fcc\u00fc ara\u015ft\u0131rmas\u0131 sonu\u00e7lar\u0131n\u0131 yay\u0131mlad\u0131. A\u00e7\u0131klanan verilere g\u00f6re, kamuoyunda ger\u00e7ek i\u015fsizlik olarak da bilinen geni\u015f tan\u0131ml\u0131 at\u0131l [&hellip;]<\/p>\n","protected":false},"author":12791,"featured_media":168134,"comment_status":"open","ping_status":"open","sticky":false,"template":"","format":"standard","meta":{"_yoast_wpseo_focuskw":"T\u00dc\u0130K","_yoast_wpseo_title":"","_yoast_wpseo_metadesc":"T\u00fcrkiye \u0130statistik Kurumu (T\u00dc\u0130K) May\u0131s ay\u0131 i\u015fg\u00fcc\u00fc istatistiklerini a\u00e7\u0131klad\u0131. At\u0131l i\u015f g\u00fcc\u00fc oran\u0131 0,9 puan artarak y\u00fczde 31 seviyesine ula\u015ft\u0131.","_bbp_topic_count":0,"_bbp_reply_count":0,"_bbp_total_topic_count":0,"_bbp_total_reply_count":0,"_bbp_voice_count":0,"_bbp_anonymous_reply_count":0,"_bbp_topic_count_hidden":0,"_bbp_reply_count_hidden":0,"_bbp_forum_subforum_count":0,"footnotes":"","_yoast_wpseo_focuskw_text_input":""},"categories":[8225,1,8138,37],"tags":[11599,7942,11606,11598],"yoast_head":"<!-- This site is optimized with the Yoast SEO plugin v23.0 - https:\/\/yoast.com\/wordpress\/plugins\/seo\/ -->\n<title>T\u00dc\u0130K May\u0131s Ay\u0131 \u0130\u015fsizlik Rakamlar\u0131n\u0131 A\u00e7\u0131klad\u0131 - The Epoch Times TR<\/title>\n<meta name=\"description\" content=\"T\u00fcrkiye \u0130statistik Kurumu (T\u00dc\u0130K) May\u0131s ay\u0131 i\u015fg\u00fcc\u00fc istatistiklerini a\u00e7\u0131klad\u0131. At\u0131l i\u015f g\u00fcc\u00fc oran\u0131 0,9 puan artarak y\u00fczde 31 seviyesine ula\u015ft\u0131.\" \/>\n<meta name=\"robots\" content=\"index, follow, max-snippet:-1, max-image-preview:large, max-video-preview:-1\" \/>\n<link rel=\"canonical\" href=\"https:\/\/epochtimestr.com\/index.php\/tuik-mayis-ayi-issizlik-rakamlarini-acikladi\" \/>\n<meta property=\"og:locale\" content=\"tr_TR\" \/>\n<meta property=\"og:type\" content=\"article\" \/>\n<meta property=\"og:title\" content=\"T\u00dc\u0130K May\u0131s Ay\u0131 \u0130\u015fsizlik Rakamlar\u0131n\u0131 A\u00e7\u0131klad\u0131 - The Epoch Times TR\" \/>\n<meta property=\"og:description\" content=\"T\u00fcrkiye \u0130statistik Kurumu (T\u00dc\u0130K) May\u0131s ay\u0131 i\u015fg\u00fcc\u00fc istatistiklerini a\u00e7\u0131klad\u0131. At\u0131l i\u015f g\u00fcc\u00fc oran\u0131 0,9 puan artarak y\u00fczde 31 seviyesine ula\u015ft\u0131.\" \/>\n<meta property=\"og:url\" content=\"https:\/\/epochtimestr.com\/index.php\/tuik-mayis-ayi-issizlik-rakamlarini-acikladi\" \/>\n<meta property=\"og:site_name\" content=\"The Epoch Times TR\" \/>\n<meta property=\"article:publisher\" content=\"https:\/\/www.facebook.com\/theepochtimestr\" \/>\n<meta property=\"article:published_time\" content=\"2026-06-30T15:03:47+00:00\" \/>\n<meta property=\"article:modified_time\" content=\"2026-06-30T15:06:14+00:00\" \/>\n<meta property=\"og:image\" content=\"https:\/\/epochtimestr.com\/wp-content\/uploads\/2011y\/tuik-19.jpg\" \/>\n\t<meta property=\"og:image:width\" content=\"1280\" \/>\n\t<meta property=\"og:image:height\" content=\"853\" \/>\n\t<meta property=\"og:image:type\" content=\"image\/jpeg\" \/>\n<meta name=\"author\" content=\"Haber Merkezi\" \/>\n<meta name=\"twitter:card\" content=\"summary_large_image\" \/>\n<meta name=\"twitter:creator\" content=\"@TheEpochTimesTR\" \/>\n<meta name=\"twitter:site\" content=\"@TheEpochTimesTR\" \/>\n<meta name=\"twitter:label1\" content=\"Yazan:\" \/>\n\t<meta name=\"twitter:data1\" content=\"Haber Merkezi\" \/>\n\t<meta name=\"twitter:label2\" content=\"Tahmini okuma s\u00fcresi\" \/>\n\t<meta name=\"twitter:data2\" content=\"4 dakika\" \/>\n<script type=\"application\/ld+json\" class=\"yoast-schema-graph\">{\"@context\":\"https:\/\/schema.org\",\"@graph\":[{\"@type\":\"Article\",\"@id\":\"https:\/\/epochtimestr.com\/index.php\/tuik-mayis-ayi-issizlik-rakamlarini-acikladi#article\",\"isPartOf\":{\"@id\":\"https:\/\/epochtimestr.com\/index.php\/tuik-mayis-ayi-issizlik-rakamlarini-acikladi\"},\"author\":{\"name\":\"Haber Merkezi\",\"@id\":\"https:\/\/epochtimestr.com\/#\/schema\/person\/3dc5c3adeb9f43923c5aa85889172fdd\"},\"headline\":\"T\u00dc\u0130K May\u0131s Ay\u0131 \u0130\u015fsizlik Rakamlar\u0131n\u0131 A\u00e7\u0131klad\u0131\",\"datePublished\":\"2026-06-30T15:03:47+00:00\",\"dateModified\":\"2026-06-30T15:06:14+00:00\",\"mainEntityOfPage\":{\"@id\":\"https:\/\/epochtimestr.com\/index.php\/tuik-mayis-ayi-issizlik-rakamlarini-acikladi\"},\"wordCount\":507,\"commentCount\":0,\"publisher\":{\"@id\":\"https:\/\/epochtimestr.com\/#organization\"},\"image\":{\"@id\":\"https:\/\/epochtimestr.com\/index.php\/tuik-mayis-ayi-issizlik-rakamlarini-acikladi#primaryimage\"},\"thumbnailUrl\":\"https:\/\/epochtimestr.com\/wp-content\/uploads\/2011y\/tuik-19.jpg\",\"keywords\":[\"i\u015fsiz\",\"\u0130\u015fsizlik\",\"May\u0131s 2026\",\"TU\u0130K\"],\"articleSection\":[\"Ekonomi\",\"G\u00dcNDEM\",\"MAN\u015eET\",\"T\u00dcRK\u0130YE\"],\"inLanguage\":\"tr\",\"potentialAction\":[{\"@type\":\"CommentAction\",\"name\":\"Comment\",\"target\":[\"https:\/\/epochtimestr.com\/index.php\/tuik-mayis-ayi-issizlik-rakamlarini-acikladi#respond\"]}]},{\"@type\":\"WebPage\",\"@id\":\"https:\/\/epochtimestr.com\/index.php\/tuik-mayis-ayi-issizlik-rakamlarini-acikladi\",\"url\":\"https:\/\/epochtimestr.com\/index.php\/tuik-mayis-ayi-issizlik-rakamlarini-acikladi\",\"name\":\"T\u00dc\u0130K May\u0131s Ay\u0131 \u0130\u015fsizlik Rakamlar\u0131n\u0131 A\u00e7\u0131klad\u0131 - The Epoch Times TR\",\"isPartOf\":{\"@id\":\"https:\/\/epochtimestr.com\/#website\"},\"primaryImageOfPage\":{\"@id\":\"https:\/\/epochtimestr.com\/index.php\/tuik-mayis-ayi-issizlik-rakamlarini-acikladi#primaryimage\"},\"image\":{\"@id\":\"https:\/\/epochtimestr.com\/index.php\/tuik-mayis-ayi-issizlik-rakamlarini-acikladi#primaryimage\"},\"thumbnailUrl\":\"https:\/\/epochtimestr.com\/wp-content\/uploads\/2011y\/tuik-19.jpg\",\"datePublished\":\"2026-06-30T15:03:47+00:00\",\"dateModified\":\"2026-06-30T15:06:14+00:00\",\"description\":\"T\u00fcrkiye \u0130statistik Kurumu (T\u00dc\u0130K) May\u0131s ay\u0131 i\u015fg\u00fcc\u00fc istatistiklerini a\u00e7\u0131klad\u0131. At\u0131l i\u015f g\u00fcc\u00fc oran\u0131 0,9 puan artarak y\u00fczde 31 seviyesine ula\u015ft\u0131.\",\"inLanguage\":\"tr\",\"potentialAction\":[{\"@type\":\"ReadAction\",\"target\":[\"https:\/\/epochtimestr.com\/index.php\/tuik-mayis-ayi-issizlik-rakamlarini-acikladi\"]}]},{\"@type\":\"ImageObject\",\"inLanguage\":\"tr\",\"@id\":\"https:\/\/epochtimestr.com\/index.php\/tuik-mayis-ayi-issizlik-rakamlarini-acikladi#primaryimage\",\"url\":\"https:\/\/epochtimestr.com\/wp-content\/uploads\/2011y\/tuik-19.jpg\",\"contentUrl\":\"https:\/\/epochtimestr.com\/wp-content\/uploads\/2011y\/tuik-19.jpg\",\"width\":1280,\"height\":853},{\"@type\":\"WebSite\",\"@id\":\"https:\/\/epochtimestr.com\/#website\",\"url\":\"https:\/\/epochtimestr.com\/\",\"name\":\"The Epoch Times TR\",\"description\":\"De\u011fi\u015fen D\u00fcnyam\u0131za Taze Bir Bak\u0131\u015f\",\"publisher\":{\"@id\":\"https:\/\/epochtimestr.com\/#organization\"},\"potentialAction\":[{\"@type\":\"SearchAction\",\"target\":{\"@type\":\"EntryPoint\",\"urlTemplate\":\"https:\/\/epochtimestr.com\/?s={search_term_string}\"},\"query-input\":\"required name=search_term_string\"}],\"inLanguage\":\"tr\"},{\"@type\":\"Organization\",\"@id\":\"https:\/\/epochtimestr.com\/#organization\",\"name\":\"The EpochTimes T\u00fcrkiye\",\"url\":\"https:\/\/epochtimestr.com\/\",\"logo\":{\"@type\":\"ImageObject\",\"inLanguage\":\"tr\",\"@id\":\"https:\/\/epochtimestr.com\/#\/schema\/logo\/image\/\",\"url\":\"https:\/\/epochtimestr.com\/wp-content\/uploads\/2011y\/ET-Logo-YG.jpg\",\"contentUrl\":\"https:\/\/epochtimestr.com\/wp-content\/uploads\/2011y\/ET-Logo-YG.jpg\",\"width\":346,\"height\":29,\"caption\":\"The EpochTimes T\u00fcrkiye\"},\"image\":{\"@id\":\"https:\/\/epochtimestr.com\/#\/schema\/logo\/image\/\"},\"sameAs\":[\"https:\/\/www.facebook.com\/theepochtimestr\",\"https:\/\/x.com\/TheEpochTimesTR\",\"https:\/\/www.instagram.com\/epochtimestr\"]},{\"@type\":\"Person\",\"@id\":\"https:\/\/epochtimestr.com\/#\/schema\/person\/3dc5c3adeb9f43923c5aa85889172fdd\",\"name\":\"Haber Merkezi\",\"image\":{\"@type\":\"ImageObject\",\"inLanguage\":\"tr\",\"@id\":\"https:\/\/epochtimestr.com\/#\/schema\/person\/image\/\",\"url\":\"https:\/\/secure.gravatar.com\/avatar\/d73f772ba5a74f28601361e17c2f93e6?s=96&d=mm&r=g\",\"contentUrl\":\"https:\/\/secure.gravatar.com\/avatar\/d73f772ba5a74f28601361e17c2f93e6?s=96&d=mm&r=g\",\"caption\":\"Haber Merkezi\"},\"url\":\"https:\/\/epochtimestr.com\/index.php\/author\/sendag\"}]}<\/script>\n<!-- \/ Yoast SEO plugin. -->","yoast_head_json":{"title":"T\u00dc\u0130K May\u0131s Ay\u0131 \u0130\u015fsizlik Rakamlar\u0131n\u0131 A\u00e7\u0131klad\u0131 - The Epoch Times TR","description":"T\u00fcrkiye \u0130statistik Kurumu (T\u00dc\u0130K) May\u0131s ay\u0131 i\u015fg\u00fcc\u00fc istatistiklerini a\u00e7\u0131klad\u0131. At\u0131l i\u015f g\u00fcc\u00fc oran\u0131 0,9 puan artarak y\u00fczde 31 seviyesine ula\u015ft\u0131.","robots":{"index":"index","follow":"follow","max-snippet":"max-snippet:-1","max-image-preview":"max-image-preview:large","max-video-preview":"max-video-preview:-1"},"canonical":"https:\/\/epochtimestr.com\/index.php\/tuik-mayis-ayi-issizlik-rakamlarini-acikladi","og_locale":"tr_TR","og_type":"article","og_title":"T\u00dc\u0130K May\u0131s Ay\u0131 \u0130\u015fsizlik Rakamlar\u0131n\u0131 A\u00e7\u0131klad\u0131 - The Epoch Times TR","og_description":"T\u00fcrkiye \u0130statistik Kurumu (T\u00dc\u0130K) May\u0131s ay\u0131 i\u015fg\u00fcc\u00fc istatistiklerini a\u00e7\u0131klad\u0131. At\u0131l i\u015f g\u00fcc\u00fc oran\u0131 0,9 puan artarak y\u00fczde 31 seviyesine ula\u015ft\u0131.","og_url":"https:\/\/epochtimestr.com\/index.php\/tuik-mayis-ayi-issizlik-rakamlarini-acikladi","og_site_name":"The Epoch Times TR","article_publisher":"https:\/\/www.facebook.com\/theepochtimestr","article_published_time":"2026-06-30T15:03:47+00:00","article_modified_time":"2026-06-30T15:06:14+00:00","og_image":[{"width":1280,"height":853,"url":"https:\/\/epochtimestr.com\/wp-content\/uploads\/2011y\/tuik-19.jpg","type":"image\/jpeg"}],"author":"Haber Merkezi","twitter_card":"summary_large_image","twitter_creator":"@TheEpochTimesTR","twitter_site":"@TheEpochTimesTR","twitter_misc":{"Yazan:":"Haber Merkezi","Tahmini okuma s\u00fcresi":"4 dakika"},"schema":{"@context":"https:\/\/schema.org","@graph":[{"@type":"Article","@id":"https:\/\/epochtimestr.com\/index.php\/tuik-mayis-ayi-issizlik-rakamlarini-acikladi#article","isPartOf":{"@id":"https:\/\/epochtimestr.com\/index.php\/tuik-mayis-ayi-issizlik-rakamlarini-acikladi"},"author":{"name":"Haber Merkezi","@id":"https:\/\/epochtimestr.com\/#\/schema\/person\/3dc5c3adeb9f43923c5aa85889172fdd"},"headline":"T\u00dc\u0130K May\u0131s Ay\u0131 \u0130\u015fsizlik Rakamlar\u0131n\u0131 A\u00e7\u0131klad\u0131","datePublished":"2026-06-30T15:03:47+00:00","dateModified":"2026-06-30T15:06:14+00:00","mainEntityOfPage":{"@id":"https:\/\/epochtimestr.com\/index.php\/tuik-mayis-ayi-issizlik-rakamlarini-acikladi"},"wordCount":507,"commentCount":0,"publisher":{"@id":"https:\/\/epochtimestr.com\/#organization"},"image":{"@id":"https:\/\/epochtimestr.com\/index.php\/tuik-mayis-ayi-issizlik-rakamlarini-acikladi#primaryimage"},"thumbnailUrl":"https:\/\/epochtimestr.com\/wp-content\/uploads\/2011y\/tuik-19.jpg","keywords":["i\u015fsiz","\u0130\u015fsizlik","May\u0131s 2026","TU\u0130K"],"articleSection":["Ekonomi","G\u00dcNDEM","MAN\u015eET","T\u00dcRK\u0130YE"],"inLanguage":"tr","potentialAction":[{"@type":"CommentAction","name":"Comment","target":["https:\/\/epochtimestr.com\/index.php\/tuik-mayis-ayi-issizlik-rakamlarini-acikladi#respond"]}]},{"@type":"WebPage","@id":"https:\/\/epochtimestr.com\/index.php\/tuik-mayis-ayi-issizlik-rakamlarini-acikladi","url":"https:\/\/epochtimestr.com\/index.php\/tuik-mayis-ayi-issizlik-rakamlarini-acikladi","name":"T\u00dc\u0130K May\u0131s Ay\u0131 \u0130\u015fsizlik Rakamlar\u0131n\u0131 A\u00e7\u0131klad\u0131 - The Epoch Times TR","isPartOf":{"@id":"https:\/\/epochtimestr.com\/#website"},"primaryImageOfPage":{"@id":"https:\/\/epochtimestr.com\/index.php\/tuik-mayis-ayi-issizlik-rakamlarini-acikladi#primaryimage"},"image":{"@id":"https:\/\/epochtimestr.com\/index.php\/tuik-mayis-ayi-issizlik-rakamlarini-acikladi#primaryimage"},"thumbnailUrl":"https:\/\/epochtimestr.com\/wp-content\/uploads\/2011y\/tuik-19.jpg","datePublished":"2026-06-30T15:03:47+00:00","dateModified":"2026-06-30T15:06:14+00:00","description":"T\u00fcrkiye \u0130statistik Kurumu (T\u00dc\u0130K) May\u0131s ay\u0131 i\u015fg\u00fcc\u00fc istatistiklerini a\u00e7\u0131klad\u0131. At\u0131l i\u015f g\u00fcc\u00fc oran\u0131 0,9 puan artarak y\u00fczde 31 seviyesine ula\u015ft\u0131.","inLanguage":"tr","potentialAction":[{"@type":"ReadAction","target":["https:\/\/epochtimestr.com\/index.php\/tuik-mayis-ayi-issizlik-rakamlarini-acikladi"]}]},{"@type":"ImageObject","inLanguage":"tr","@id":"https:\/\/epochtimestr.com\/index.php\/tuik-mayis-ayi-issizlik-rakamlarini-acikladi#primaryimage","url":"https:\/\/epochtimestr.com\/wp-content\/uploads\/2011y\/tuik-19.jpg","contentUrl":"https:\/\/epochtimestr.com\/wp-content\/uploads\/2011y\/tuik-19.jpg","width":1280,"height":853},{"@type":"WebSite","@id":"https:\/\/epochtimestr.com\/#website","url":"https:\/\/epochtimestr.com\/","name":"The Epoch Times TR","description":"De\u011fi\u015fen D\u00fcnyam\u0131za Taze Bir Bak\u0131\u015f","publisher":{"@id":"https:\/\/epochtimestr.com\/#organization"},"potentialAction":[{"@type":"SearchAction","target":{"@type":"EntryPoint","urlTemplate":"https:\/\/epochtimestr.com\/?s={search_term_string}"},"query-input":"required name=search_term_string"}],"inLanguage":"tr"},{"@type":"Organization","@id":"https:\/\/epochtimestr.com\/#organization","name":"The EpochTimes T\u00fcrkiye","url":"https:\/\/epochtimestr.com\/","logo":{"@type":"ImageObject","inLanguage":"tr","@id":"https:\/\/epochtimestr.com\/#\/schema\/logo\/image\/","url":"https:\/\/epochtimestr.com\/wp-content\/uploads\/2011y\/ET-Logo-YG.jpg","contentUrl":"https:\/\/epochtimestr.com\/wp-content\/uploads\/2011y\/ET-Logo-YG.jpg","width":346,"height":29,"caption":"The EpochTimes T\u00fcrkiye"},"image":{"@id":"https:\/\/epochtimestr.com\/#\/schema\/logo\/image\/"},"sameAs":["https:\/\/www.facebook.com\/theepochtimestr","https:\/\/x.com\/TheEpochTimesTR","https:\/\/www.instagram.com\/epochtimestr"]},{"@type":"Person","@id":"https:\/\/epochtimestr.com\/#\/schema\/person\/3dc5c3adeb9f43923c5aa85889172fdd","name":"Haber Merkezi","image":{"@type":"ImageObject","inLanguage":"tr","@id":"https:\/\/epochtimestr.com\/#\/schema\/person\/image\/","url":"https:\/\/secure.gravatar.com\/avatar\/d73f772ba5a74f28601361e17c2f93e6?s=96&d=mm&r=g","contentUrl":"https:\/\/secure.gravatar.com\/avatar\/d73f772ba5a74f28601361e17c2f93e6?s=96&d=mm&r=g","caption":"Haber Merkezi"},"url":"https:\/\/epochtimestr.com\/index.php\/author\/sendag"}]}},"_links":{"self":[{"href":"https:\/\/epochtimestr.com\/index.php\/wp-json\/wp\/v2\/posts\/168133"}],"collection":[{"href":"https:\/\/epochtimestr.com\/index.php\/wp-json\/wp\/v2\/posts"}],"about":[{"href":"https:\/\/epochtimestr.com\/index.php\/wp-json\/wp\/v2\/types\/post"}],"author":[{"embeddable":true,"href":"https:\/\/epochtimestr.com\/index.php\/wp-json\/wp\/v2\/users\/12791"}],"replies":[{"embeddable":true,"href":"https:\/\/epochtimestr.com\/index.php\/wp-json\/wp\/v2\/comments?post=168133"}],"version-history":[{"count":3,"href":"https:\/\/epochtimestr.com\/index.php\/wp-json\/wp\/v2\/posts\/168133\/revisions"}],"predecessor-version":[{"id":168150,"href":"https:\/\/epochtimestr.com\/index.php\/wp-json\/wp\/v2\/posts\/168133\/revisions\/168150"}],"wp:featuredmedia":[{"embeddable":true,"href":"https:\/\/epochtimestr.com\/index.php\/wp-json\/wp\/v2\/media\/168134"}],"wp:attachment":[{"href":"https:\/\/epochtimestr.com\/index.php\/wp-json\/wp\/v2\/media?parent=168133"}],"wp:term":[{"taxonomy":"category","embeddable":true,"href":"https:\/\/epochtimestr.com\/index.php\/wp-json\/wp\/v2\/categories?post=168133"},{"taxonomy":"post_tag","embeddable":true,"href":"https:\/\/epochtimestr.com\/index.php\/wp-json\/wp\/v2\/tags?post=168133"}],"curies":[{"name":"wp","href":"https:\/\/api.w.org\/{rel}","templated":true}]}}