{"id":168157,"date":"2026-06-30T23:17:33","date_gmt":"2026-06-30T20:17:33","guid":{"rendered":"https:\/\/epochtimestr.com\/?p=168157"},"modified":"2026-06-30T23:17:35","modified_gmt":"2026-06-30T20:17:35","slug":"turk-is-haziran-ayi-aclik-ve-yoksulluk-siniri-belli-oldu","status":"publish","type":"post","link":"https:\/\/epochtimestr.com\/index.php\/turk-is-haziran-ayi-aclik-ve-yoksulluk-siniri-belli-oldu","title":{"rendered":"T\u00fcrk-\u0130\u015f Haziran Ay\u0131 A\u00e7l\u0131k ve Yoksulluk S\u0131n\u0131r\u0131 Belli Oldu"},"content":{"rendered":"<div class=\"wp-block-image\">\n<figure class=\"aligncenter size-full\"><img loading=\"lazy\" decoding=\"async\" width=\"1280\" height=\"960\" src=\"https:\/\/epochtimestr.com\/wp-content\/uploads\/2011y\/pixabay-13.jpg\" alt=\"T\u00fcrk-\u0130\u015f Haziran Ay\u0131 A\u00e7l\u0131k ve Yoksulluk S\u0131n\u0131r\u0131 Belli Oldu\" class=\"wp-image-168158\" srcset=\"https:\/\/epochtimestr.com\/wp-content\/uploads\/2011y\/pixabay-13.jpg 1280w, https:\/\/epochtimestr.com\/wp-content\/uploads\/2011y\/pixabay-13-300x225.jpg 300w, https:\/\/epochtimestr.com\/wp-content\/uploads\/2011y\/pixabay-13-150x113.jpg 150w, https:\/\/epochtimestr.com\/wp-content\/uploads\/2011y\/pixabay-13-768x576.jpg 768w, https:\/\/epochtimestr.com\/wp-content\/uploads\/2011y\/pixabay-13-86x64.jpg 86w\" sizes=\"(max-width: 1280px) 100vw, 1280px\" \/><figcaption class=\"wp-element-caption\">                                                                                                                   Foto\u011fraf: Pixabay-alandsmann<\/figcaption><\/figure><\/div>\n\n\n<h2 class=\"wp-block-heading\">T\u00fcrk-\u0130\u015f, Haziran 2026 itibar\u0131yla 4 ki\u015filik ailenin a\u00e7l\u0131k s\u0131n\u0131r\u0131n\u0131n 35 bin 758, yoksulluk s\u0131n\u0131r\u0131n\u0131n 116 bin 478, bekar bir \u00e7al\u0131\u015fan\u0131n ayl\u0131k ya\u015fam maliyetinin ise 46 bin 248 lira oldu\u011funu a\u00e7\u0131klad\u0131.<\/h2>\n\n\n\n<p>T\u00fcrkiye \u0130\u015f\u00e7i Konfederasyonu (<a href=\"https:\/\/epochtimestr.com\/index.php\/turk-is-aclik-ve-yoksulluk-siniri-verilerini-acikladi\" target=\"_blank\" rel=\"noreferrer noopener\">T\u00dcRK-\u0130\u015e<\/a>), \u00e7al\u0131\u015fanlar\u0131n ge\u00e7im ko\u015fullar\u0131n\u0131 ortaya koymak ve temel ihtiya\u00e7 maddelerindeki fiyat de\u011fi\u015fimlerinin aile b\u00fct\u00e7esine yans\u0131malar\u0131n\u0131 belirlemek amac\u0131yla her ay d\u00fczenli olarak yap\u0131lan ara\u015ft\u0131rman\u0131n Haziran 2026 sonu\u00e7lar\u0131n\u0131 yay\u0131mlad\u0131.<\/p>\n\n\n\n<p>Ara\u015ft\u0131rmaya g\u00f6re Haziran ay\u0131nda marketlerde temel g\u0131da \u00fcr\u00fcnlerinin fiyatlar\u0131 \u00f6nceki aylara g\u00f6re daha sakin bir seyir izlemi\u015f, mutfak enflasyonundaki art\u0131\u015f h\u0131z\u0131 yava\u015flam\u0131\u015f gibi g\u00f6r\u00fcnmektedir. Ancak fiyatlar\u0131n eskisi kadar h\u0131zl\u0131 artm\u0131yor olmas\u0131, vatanda\u015f\u0131n mutfa\u011f\u0131n\u0131 rahatlatmaya yetmemektedir. \u00c7\u00fcnk\u00fc sorun art\u0131k yaln\u0131zca fiyatlar\u0131n ne kadar artt\u0131\u011f\u0131 de\u011fil, fiyatlar\u0131n ula\u015ft\u0131\u011f\u0131 y\u00fcksek seviyedir.<\/p>\n\n\n\n<p><a href=\"https:\/\/epochtimestr.com\/index.php\/disk-ar-turkiye-asgari-ucretliler-ulkesi\" target=\"_blank\" rel=\"noreferrer noopener\">Asgari \u00fccret<\/a>e y\u0131l\u0131n ikinci yar\u0131s\u0131nda zam yap\u0131lmamas\u0131, milyonlarca \u00e7al\u0131\u015fan\u0131n al\u0131m g\u00fcc\u00fcn\u00fc daha da zay\u0131flatm\u0131\u015ft\u0131r. Maa\u015fl\u0131 \u00e7al\u0131\u015fanlar, ayn\u0131 gelirle her ge\u00e7en ay daha az \u00fcr\u00fcn alabilir hale gelirken, bir\u00e7ok aile temel ihtiya\u00e7lar\u0131n\u0131 kar\u015f\u0131lamakta zorlanmaktad\u0131r. G\u0131da fiyatlar\u0131ndaki g\u00f6receli durgunlu\u011fa ra\u011fmen, \u00fccretlerin ge\u00e7im ko\u015fullar\u0131n\u0131n gerisinde kalmas\u0131 nedeniyle mutfaktaki s\u0131k\u0131nt\u0131 devam etmektedir. \u00c7al\u0131\u015fanlar\u0131n insanca ya\u015fayabilecek bir gelir d\u00fczeyine ula\u015fabilmesi i\u00e7in \u00fccretlerin hayat pahal\u0131l\u0131\u011f\u0131 kar\u015f\u0131s\u0131nda korunmas\u0131 b\u00fcy\u00fck \u00f6nem ta\u015f\u0131maktad\u0131r.<\/p>\n\n\n\n<p>T\u00dcRK-\u0130\u015e Konfederasyonu 2026 Haziran ay\u0131 sonu\u00e7lar\u0131na g\u00f6re:<\/p>\n\n\n\n<ul>\n<li>Ankara\u2019da ya\u015fayan d\u00f6rt ki\u015filik bir ailenin sa\u011fl\u0131kl\u0131, dengeli ve yeterli beslenebilmesi i\u00e7in yap\u0131lmas\u0131 gereken ayl\u0131k g\u0131da harcamas\u0131 tutar\u0131 (a\u00e7l\u0131k s\u0131n\u0131r\u0131) 35.758,88 TL\u2019ye,<\/li>\n\n\n\n<li>G\u0131da harcamas\u0131 ile giyim, konut (kira, elektrik, su, yak\u0131t), ula\u015f\u0131m, e\u011fitim, sa\u011fl\u0131k ve benzeri ihtiya\u00e7lar i\u00e7in yap\u0131lmas\u0131 zorunlu di\u011fer ayl\u0131k harcamalar\u0131n\u0131n toplam tutar\u0131 ise (<a href=\"https:\/\/epochtimestr.com\/index.php\/bes-ar-temmuz-ayina-iliskin-aclik-ve-yoksulluk-sinirini-acikladi\" target=\"_blank\" rel=\"noreferrer noopener\">yoksulluk s\u0131n\u0131r\u0131<\/a>) 116.478,40 TL\u2019ye<\/li>\n\n\n\n<li>Bek\u00e2r bir \u00e7al\u0131\u015fan\u0131n \u2018ya\u015fama maliyeti\u2019 de ayl\u0131k 46.248,50 TL \u2019ye y\u00fckseldi.<\/li>\n<\/ul>\n\n\n<div class=\"wp-block-image\">\n<figure class=\"aligncenter size-full\"><img loading=\"lazy\" decoding=\"async\" width=\"1536\" height=\"536\" src=\"https:\/\/epochtimestr.com\/wp-content\/uploads\/2011y\/turkis.webp\" alt=\"\" class=\"wp-image-168159\" srcset=\"https:\/\/epochtimestr.com\/wp-content\/uploads\/2011y\/turkis.webp 1536w, https:\/\/epochtimestr.com\/wp-content\/uploads\/2011y\/turkis-300x105.webp 300w, https:\/\/epochtimestr.com\/wp-content\/uploads\/2011y\/turkis-150x52.webp 150w, https:\/\/epochtimestr.com\/wp-content\/uploads\/2011y\/turkis-768x268.webp 768w\" sizes=\"(max-width: 1536px) 100vw, 1536px\" \/><\/figure><\/div>\n\n\n<p>T\u00dcRK-\u0130\u015e\u2019 e g\u00f6re, \u201cmutfak enflasyonu\u201d verilerindeki de\u011fi\u015fim Haziran 2026 itibar\u0131yla \u015fu \u015fekilde ger\u00e7ekle\u015fmi\u015ftir:<\/p>\n\n\n\n<ul>\n<li>Ankara\u2019da ya\u015fayan d\u00f6rt ki\u015filik bir ailenin \u201cg\u0131da i\u00e7in\u201d yapmas\u0131 gereken asgari harcama tutar\u0131ndaki art\u0131\u015f, bir \u00f6nceki aya g\u00f6re y\u00fczde 1,66 oran\u0131nda ger\u00e7ekle\u015fmi\u015ftir.<\/li>\n\n\n\n<li>On iki ayl\u0131k de\u011fi\u015fim oran\u0131 y\u00fczde 36,93 olmu\u015ftur.<\/li>\n\n\n\n<li>Y\u0131ll\u0131k ortalama art\u0131\u015f y\u00fczde 40,44 olarak ger\u00e7ekle\u015fmi\u015ftir.<\/li>\n\n\n\n<li>Alt\u0131 ayl\u0131k art\u0131\u015f oran\u0131 ise y\u00fczde 18,63 olmu\u015ftur.<\/li>\n<\/ul>\n\n\n<div class=\"wp-block-image\">\n<figure class=\"aligncenter size-full\"><img loading=\"lazy\" decoding=\"async\" width=\"1536\" height=\"340\" src=\"https:\/\/epochtimestr.com\/wp-content\/uploads\/2011y\/2-5.webp\" alt=\"\" class=\"wp-image-168161\" srcset=\"https:\/\/epochtimestr.com\/wp-content\/uploads\/2011y\/2-5.webp 1536w, https:\/\/epochtimestr.com\/wp-content\/uploads\/2011y\/2-5-300x66.webp 300w, https:\/\/epochtimestr.com\/wp-content\/uploads\/2011y\/2-5-150x33.webp 150w, https:\/\/epochtimestr.com\/wp-content\/uploads\/2011y\/2-5-768x170.webp 768w\" sizes=\"(max-width: 1536px) 100vw, 1536px\" \/><\/figure><\/div>","protected":false},"excerpt":{"rendered":"<p>T\u00fcrk-\u0130\u015f, Haziran 2026 itibar\u0131yla 4 ki\u015filik ailenin a\u00e7l\u0131k s\u0131n\u0131r\u0131n\u0131n 35 bin 758, yoksulluk s\u0131n\u0131r\u0131n\u0131n 116 bin 478, bekar bir \u00e7al\u0131\u015fan\u0131n ayl\u0131k ya\u015fam maliyetinin ise 46 bin 248 lira oldu\u011funu a\u00e7\u0131klad\u0131. T\u00fcrkiye \u0130\u015f\u00e7i Konfederasyonu (T\u00dcRK-\u0130\u015e), \u00e7al\u0131\u015fanlar\u0131n ge\u00e7im ko\u015fullar\u0131n\u0131 ortaya koymak ve temel ihtiya\u00e7 maddelerindeki fiyat de\u011fi\u015fimlerinin aile b\u00fct\u00e7esine yans\u0131malar\u0131n\u0131 belirlemek amac\u0131yla her ay d\u00fczenli olarak yap\u0131lan [&hellip;]<\/p>\n","protected":false},"author":12791,"featured_media":168158,"comment_status":"open","ping_status":"open","sticky":false,"template":"","format":"standard","meta":{"_yoast_wpseo_focuskw":"T\u00dcRK-\u0130\u015e","_yoast_wpseo_title":"","_yoast_wpseo_metadesc":"T\u00fcrk-\u0130\u015f, Haziran 2026 itibar\u0131yla 4 ki\u015filik ailenin a\u00e7l\u0131k s\u0131n\u0131r\u0131n\u0131 35 bin 758, yoksulluk s\u0131n\u0131r\u0131n\u0131 116 bin 478 lira olarak a\u00e7\u0131klad\u0131.","_bbp_topic_count":0,"_bbp_reply_count":0,"_bbp_total_topic_count":0,"_bbp_total_reply_count":0,"_bbp_voice_count":0,"_bbp_anonymous_reply_count":0,"_bbp_topic_count_hidden":0,"_bbp_reply_count_hidden":0,"_bbp_forum_subforum_count":0,"footnotes":"","_yoast_wpseo_focuskw_text_input":""},"categories":[8225,1,8138,8226,37],"tags":[9084,8540,9057,1458],"yoast_head":"<!-- This site is optimized with the Yoast SEO plugin v23.0 - https:\/\/yoast.com\/wordpress\/plugins\/seo\/ -->\n<title>T\u00fcrk-\u0130\u015f Haziran Ay\u0131 A\u00e7l\u0131k ve Yoksulluk S\u0131n\u0131r\u0131 Belli Oldu - The Epoch Times TR<\/title>\n<meta name=\"description\" content=\"T\u00fcrk-\u0130\u015f, Haziran 2026 itibar\u0131yla 4 ki\u015filik ailenin a\u00e7l\u0131k s\u0131n\u0131r\u0131n\u0131 35 bin 758, yoksulluk s\u0131n\u0131r\u0131n\u0131 116 bin 478 lira olarak a\u00e7\u0131klad\u0131.\" \/>\n<meta name=\"robots\" content=\"index, follow, max-snippet:-1, max-image-preview:large, max-video-preview:-1\" \/>\n<link rel=\"canonical\" href=\"https:\/\/epochtimestr.com\/index.php\/turk-is-haziran-ayi-aclik-ve-yoksulluk-siniri-belli-oldu\" \/>\n<meta property=\"og:locale\" content=\"tr_TR\" \/>\n<meta property=\"og:type\" content=\"article\" \/>\n<meta property=\"og:title\" content=\"T\u00fcrk-\u0130\u015f Haziran Ay\u0131 A\u00e7l\u0131k ve Yoksulluk S\u0131n\u0131r\u0131 Belli Oldu - The Epoch Times TR\" \/>\n<meta property=\"og:description\" content=\"T\u00fcrk-\u0130\u015f, Haziran 2026 itibar\u0131yla 4 ki\u015filik ailenin a\u00e7l\u0131k s\u0131n\u0131r\u0131n\u0131 35 bin 758, yoksulluk s\u0131n\u0131r\u0131n\u0131 116 bin 478 lira olarak a\u00e7\u0131klad\u0131.\" \/>\n<meta property=\"og:url\" content=\"https:\/\/epochtimestr.com\/index.php\/turk-is-haziran-ayi-aclik-ve-yoksulluk-siniri-belli-oldu\" \/>\n<meta property=\"og:site_name\" content=\"The Epoch Times TR\" \/>\n<meta property=\"article:publisher\" content=\"https:\/\/www.facebook.com\/theepochtimestr\" \/>\n<meta property=\"article:published_time\" content=\"2026-06-30T20:17:33+00:00\" \/>\n<meta property=\"article:modified_time\" content=\"2026-06-30T20:17:35+00:00\" \/>\n<meta property=\"og:image\" content=\"https:\/\/epochtimestr.com\/wp-content\/uploads\/2011y\/pixabay-13.jpg\" \/>\n\t<meta property=\"og:image:width\" content=\"1280\" \/>\n\t<meta property=\"og:image:height\" content=\"960\" \/>\n\t<meta property=\"og:image:type\" content=\"image\/jpeg\" \/>\n<meta name=\"author\" content=\"Haber Merkezi\" \/>\n<meta name=\"twitter:card\" content=\"summary_large_image\" \/>\n<meta name=\"twitter:creator\" content=\"@TheEpochTimesTR\" \/>\n<meta name=\"twitter:site\" content=\"@TheEpochTimesTR\" \/>\n<meta name=\"twitter:label1\" content=\"Yazan:\" \/>\n\t<meta name=\"twitter:data1\" content=\"Haber Merkezi\" \/>\n\t<meta name=\"twitter:label2\" content=\"Tahmini okuma s\u00fcresi\" \/>\n\t<meta name=\"twitter:data2\" content=\"3 dakika\" \/>\n<script type=\"application\/ld+json\" class=\"yoast-schema-graph\">{\"@context\":\"https:\/\/schema.org\",\"@graph\":[{\"@type\":\"Article\",\"@id\":\"https:\/\/epochtimestr.com\/index.php\/turk-is-haziran-ayi-aclik-ve-yoksulluk-siniri-belli-oldu#article\",\"isPartOf\":{\"@id\":\"https:\/\/epochtimestr.com\/index.php\/turk-is-haziran-ayi-aclik-ve-yoksulluk-siniri-belli-oldu\"},\"author\":{\"name\":\"Haber Merkezi\",\"@id\":\"https:\/\/epochtimestr.com\/#\/schema\/person\/3dc5c3adeb9f43923c5aa85889172fdd\"},\"headline\":\"T\u00fcrk-\u0130\u015f Haziran Ay\u0131 A\u00e7l\u0131k ve Yoksulluk S\u0131n\u0131r\u0131 Belli Oldu\",\"datePublished\":\"2026-06-30T20:17:33+00:00\",\"dateModified\":\"2026-06-30T20:17:35+00:00\",\"mainEntityOfPage\":{\"@id\":\"https:\/\/epochtimestr.com\/index.php\/turk-is-haziran-ayi-aclik-ve-yoksulluk-siniri-belli-oldu\"},\"wordCount\":483,\"commentCount\":0,\"publisher\":{\"@id\":\"https:\/\/epochtimestr.com\/#organization\"},\"image\":{\"@id\":\"https:\/\/epochtimestr.com\/index.php\/turk-is-haziran-ayi-aclik-ve-yoksulluk-siniri-belli-oldu#primaryimage\"},\"thumbnailUrl\":\"https:\/\/epochtimestr.com\/wp-content\/uploads\/2011y\/pixabay-13.jpg\",\"keywords\":[\"a\u00e7l\u0131k s\u0131n\u0131r\u0131\",\"g\u0131da\",\"T\u00dcRK-\u0130\u015e\",\"yoksulluk\"],\"articleSection\":[\"Ekonomi\",\"G\u00dcNDEM\",\"MAN\u015eET\",\"Siyaset\",\"T\u00dcRK\u0130YE\"],\"inLanguage\":\"tr\",\"potentialAction\":[{\"@type\":\"CommentAction\",\"name\":\"Comment\",\"target\":[\"https:\/\/epochtimestr.com\/index.php\/turk-is-haziran-ayi-aclik-ve-yoksulluk-siniri-belli-oldu#respond\"]}]},{\"@type\":\"WebPage\",\"@id\":\"https:\/\/epochtimestr.com\/index.php\/turk-is-haziran-ayi-aclik-ve-yoksulluk-siniri-belli-oldu\",\"url\":\"https:\/\/epochtimestr.com\/index.php\/turk-is-haziran-ayi-aclik-ve-yoksulluk-siniri-belli-oldu\",\"name\":\"T\u00fcrk-\u0130\u015f Haziran Ay\u0131 A\u00e7l\u0131k ve Yoksulluk S\u0131n\u0131r\u0131 Belli Oldu - The Epoch Times TR\",\"isPartOf\":{\"@id\":\"https:\/\/epochtimestr.com\/#website\"},\"primaryImageOfPage\":{\"@id\":\"https:\/\/epochtimestr.com\/index.php\/turk-is-haziran-ayi-aclik-ve-yoksulluk-siniri-belli-oldu#primaryimage\"},\"image\":{\"@id\":\"https:\/\/epochtimestr.com\/index.php\/turk-is-haziran-ayi-aclik-ve-yoksulluk-siniri-belli-oldu#primaryimage\"},\"thumbnailUrl\":\"https:\/\/epochtimestr.com\/wp-content\/uploads\/2011y\/pixabay-13.jpg\",\"datePublished\":\"2026-06-30T20:17:33+00:00\",\"dateModified\":\"2026-06-30T20:17:35+00:00\",\"description\":\"T\u00fcrk-\u0130\u015f, Haziran 2026 itibar\u0131yla 4 ki\u015filik ailenin a\u00e7l\u0131k s\u0131n\u0131r\u0131n\u0131 35 bin 758, yoksulluk s\u0131n\u0131r\u0131n\u0131 116 bin 478 lira olarak a\u00e7\u0131klad\u0131.\",\"inLanguage\":\"tr\",\"potentialAction\":[{\"@type\":\"ReadAction\",\"target\":[\"https:\/\/epochtimestr.com\/index.php\/turk-is-haziran-ayi-aclik-ve-yoksulluk-siniri-belli-oldu\"]}]},{\"@type\":\"ImageObject\",\"inLanguage\":\"tr\",\"@id\":\"https:\/\/epochtimestr.com\/index.php\/turk-is-haziran-ayi-aclik-ve-yoksulluk-siniri-belli-oldu#primaryimage\",\"url\":\"https:\/\/epochtimestr.com\/wp-content\/uploads\/2011y\/pixabay-13.jpg\",\"contentUrl\":\"https:\/\/epochtimestr.com\/wp-content\/uploads\/2011y\/pixabay-13.jpg\",\"width\":1280,\"height\":960},{\"@type\":\"WebSite\",\"@id\":\"https:\/\/epochtimestr.com\/#website\",\"url\":\"https:\/\/epochtimestr.com\/\",\"name\":\"The Epoch Times TR\",\"description\":\"De\u011fi\u015fen D\u00fcnyam\u0131za Taze Bir Bak\u0131\u015f\",\"publisher\":{\"@id\":\"https:\/\/epochtimestr.com\/#organization\"},\"potentialAction\":[{\"@type\":\"SearchAction\",\"target\":{\"@type\":\"EntryPoint\",\"urlTemplate\":\"https:\/\/epochtimestr.com\/?s={search_term_string}\"},\"query-input\":\"required name=search_term_string\"}],\"inLanguage\":\"tr\"},{\"@type\":\"Organization\",\"@id\":\"https:\/\/epochtimestr.com\/#organization\",\"name\":\"The EpochTimes T\u00fcrkiye\",\"url\":\"https:\/\/epochtimestr.com\/\",\"logo\":{\"@type\":\"ImageObject\",\"inLanguage\":\"tr\",\"@id\":\"https:\/\/epochtimestr.com\/#\/schema\/logo\/image\/\",\"url\":\"https:\/\/epochtimestr.com\/wp-content\/uploads\/2011y\/ET-Logo-YG.jpg\",\"contentUrl\":\"https:\/\/epochtimestr.com\/wp-content\/uploads\/2011y\/ET-Logo-YG.jpg\",\"width\":346,\"height\":29,\"caption\":\"The EpochTimes T\u00fcrkiye\"},\"image\":{\"@id\":\"https:\/\/epochtimestr.com\/#\/schema\/logo\/image\/\"},\"sameAs\":[\"https:\/\/www.facebook.com\/theepochtimestr\",\"https:\/\/x.com\/TheEpochTimesTR\",\"https:\/\/www.instagram.com\/epochtimestr\"]},{\"@type\":\"Person\",\"@id\":\"https:\/\/epochtimestr.com\/#\/schema\/person\/3dc5c3adeb9f43923c5aa85889172fdd\",\"name\":\"Haber Merkezi\",\"image\":{\"@type\":\"ImageObject\",\"inLanguage\":\"tr\",\"@id\":\"https:\/\/epochtimestr.com\/#\/schema\/person\/image\/\",\"url\":\"https:\/\/secure.gravatar.com\/avatar\/d73f772ba5a74f28601361e17c2f93e6?s=96&d=mm&r=g\",\"contentUrl\":\"https:\/\/secure.gravatar.com\/avatar\/d73f772ba5a74f28601361e17c2f93e6?s=96&d=mm&r=g\",\"caption\":\"Haber Merkezi\"},\"url\":\"https:\/\/epochtimestr.com\/index.php\/author\/sendag\"}]}<\/script>\n<!-- \/ Yoast SEO plugin. -->","yoast_head_json":{"title":"T\u00fcrk-\u0130\u015f Haziran Ay\u0131 A\u00e7l\u0131k ve Yoksulluk S\u0131n\u0131r\u0131 Belli Oldu - The Epoch Times TR","description":"T\u00fcrk-\u0130\u015f, Haziran 2026 itibar\u0131yla 4 ki\u015filik ailenin a\u00e7l\u0131k s\u0131n\u0131r\u0131n\u0131 35 bin 758, yoksulluk s\u0131n\u0131r\u0131n\u0131 116 bin 478 lira olarak a\u00e7\u0131klad\u0131.","robots":{"index":"index","follow":"follow","max-snippet":"max-snippet:-1","max-image-preview":"max-image-preview:large","max-video-preview":"max-video-preview:-1"},"canonical":"https:\/\/epochtimestr.com\/index.php\/turk-is-haziran-ayi-aclik-ve-yoksulluk-siniri-belli-oldu","og_locale":"tr_TR","og_type":"article","og_title":"T\u00fcrk-\u0130\u015f Haziran Ay\u0131 A\u00e7l\u0131k ve Yoksulluk S\u0131n\u0131r\u0131 Belli Oldu - The Epoch Times TR","og_description":"T\u00fcrk-\u0130\u015f, Haziran 2026 itibar\u0131yla 4 ki\u015filik ailenin a\u00e7l\u0131k s\u0131n\u0131r\u0131n\u0131 35 bin 758, yoksulluk s\u0131n\u0131r\u0131n\u0131 116 bin 478 lira olarak a\u00e7\u0131klad\u0131.","og_url":"https:\/\/epochtimestr.com\/index.php\/turk-is-haziran-ayi-aclik-ve-yoksulluk-siniri-belli-oldu","og_site_name":"The Epoch Times TR","article_publisher":"https:\/\/www.facebook.com\/theepochtimestr","article_published_time":"2026-06-30T20:17:33+00:00","article_modified_time":"2026-06-30T20:17:35+00:00","og_image":[{"width":1280,"height":960,"url":"https:\/\/epochtimestr.com\/wp-content\/uploads\/2011y\/pixabay-13.jpg","type":"image\/jpeg"}],"author":"Haber Merkezi","twitter_card":"summary_large_image","twitter_creator":"@TheEpochTimesTR","twitter_site":"@TheEpochTimesTR","twitter_misc":{"Yazan:":"Haber Merkezi","Tahmini okuma s\u00fcresi":"3 dakika"},"schema":{"@context":"https:\/\/schema.org","@graph":[{"@type":"Article","@id":"https:\/\/epochtimestr.com\/index.php\/turk-is-haziran-ayi-aclik-ve-yoksulluk-siniri-belli-oldu#article","isPartOf":{"@id":"https:\/\/epochtimestr.com\/index.php\/turk-is-haziran-ayi-aclik-ve-yoksulluk-siniri-belli-oldu"},"author":{"name":"Haber Merkezi","@id":"https:\/\/epochtimestr.com\/#\/schema\/person\/3dc5c3adeb9f43923c5aa85889172fdd"},"headline":"T\u00fcrk-\u0130\u015f Haziran Ay\u0131 A\u00e7l\u0131k ve Yoksulluk S\u0131n\u0131r\u0131 Belli Oldu","datePublished":"2026-06-30T20:17:33+00:00","dateModified":"2026-06-30T20:17:35+00:00","mainEntityOfPage":{"@id":"https:\/\/epochtimestr.com\/index.php\/turk-is-haziran-ayi-aclik-ve-yoksulluk-siniri-belli-oldu"},"wordCount":483,"commentCount":0,"publisher":{"@id":"https:\/\/epochtimestr.com\/#organization"},"image":{"@id":"https:\/\/epochtimestr.com\/index.php\/turk-is-haziran-ayi-aclik-ve-yoksulluk-siniri-belli-oldu#primaryimage"},"thumbnailUrl":"https:\/\/epochtimestr.com\/wp-content\/uploads\/2011y\/pixabay-13.jpg","keywords":["a\u00e7l\u0131k s\u0131n\u0131r\u0131","g\u0131da","T\u00dcRK-\u0130\u015e","yoksulluk"],"articleSection":["Ekonomi","G\u00dcNDEM","MAN\u015eET","Siyaset","T\u00dcRK\u0130YE"],"inLanguage":"tr","potentialAction":[{"@type":"CommentAction","name":"Comment","target":["https:\/\/epochtimestr.com\/index.php\/turk-is-haziran-ayi-aclik-ve-yoksulluk-siniri-belli-oldu#respond"]}]},{"@type":"WebPage","@id":"https:\/\/epochtimestr.com\/index.php\/turk-is-haziran-ayi-aclik-ve-yoksulluk-siniri-belli-oldu","url":"https:\/\/epochtimestr.com\/index.php\/turk-is-haziran-ayi-aclik-ve-yoksulluk-siniri-belli-oldu","name":"T\u00fcrk-\u0130\u015f Haziran Ay\u0131 A\u00e7l\u0131k ve Yoksulluk S\u0131n\u0131r\u0131 Belli Oldu - The Epoch Times TR","isPartOf":{"@id":"https:\/\/epochtimestr.com\/#website"},"primaryImageOfPage":{"@id":"https:\/\/epochtimestr.com\/index.php\/turk-is-haziran-ayi-aclik-ve-yoksulluk-siniri-belli-oldu#primaryimage"},"image":{"@id":"https:\/\/epochtimestr.com\/index.php\/turk-is-haziran-ayi-aclik-ve-yoksulluk-siniri-belli-oldu#primaryimage"},"thumbnailUrl":"https:\/\/epochtimestr.com\/wp-content\/uploads\/2011y\/pixabay-13.jpg","datePublished":"2026-06-30T20:17:33+00:00","dateModified":"2026-06-30T20:17:35+00:00","description":"T\u00fcrk-\u0130\u015f, Haziran 2026 itibar\u0131yla 4 ki\u015filik ailenin a\u00e7l\u0131k s\u0131n\u0131r\u0131n\u0131 35 bin 758, yoksulluk s\u0131n\u0131r\u0131n\u0131 116 bin 478 lira olarak a\u00e7\u0131klad\u0131.","inLanguage":"tr","potentialAction":[{"@type":"ReadAction","target":["https:\/\/epochtimestr.com\/index.php\/turk-is-haziran-ayi-aclik-ve-yoksulluk-siniri-belli-oldu"]}]},{"@type":"ImageObject","inLanguage":"tr","@id":"https:\/\/epochtimestr.com\/index.php\/turk-is-haziran-ayi-aclik-ve-yoksulluk-siniri-belli-oldu#primaryimage","url":"https:\/\/epochtimestr.com\/wp-content\/uploads\/2011y\/pixabay-13.jpg","contentUrl":"https:\/\/epochtimestr.com\/wp-content\/uploads\/2011y\/pixabay-13.jpg","width":1280,"height":960},{"@type":"WebSite","@id":"https:\/\/epochtimestr.com\/#website","url":"https:\/\/epochtimestr.com\/","name":"The Epoch Times TR","description":"De\u011fi\u015fen D\u00fcnyam\u0131za Taze Bir Bak\u0131\u015f","publisher":{"@id":"https:\/\/epochtimestr.com\/#organization"},"potentialAction":[{"@type":"SearchAction","target":{"@type":"EntryPoint","urlTemplate":"https:\/\/epochtimestr.com\/?s={search_term_string}"},"query-input":"required name=search_term_string"}],"inLanguage":"tr"},{"@type":"Organization","@id":"https:\/\/epochtimestr.com\/#organization","name":"The EpochTimes T\u00fcrkiye","url":"https:\/\/epochtimestr.com\/","logo":{"@type":"ImageObject","inLanguage":"tr","@id":"https:\/\/epochtimestr.com\/#\/schema\/logo\/image\/","url":"https:\/\/epochtimestr.com\/wp-content\/uploads\/2011y\/ET-Logo-YG.jpg","contentUrl":"https:\/\/epochtimestr.com\/wp-content\/uploads\/2011y\/ET-Logo-YG.jpg","width":346,"height":29,"caption":"The EpochTimes T\u00fcrkiye"},"image":{"@id":"https:\/\/epochtimestr.com\/#\/schema\/logo\/image\/"},"sameAs":["https:\/\/www.facebook.com\/theepochtimestr","https:\/\/x.com\/TheEpochTimesTR","https:\/\/www.instagram.com\/epochtimestr"]},{"@type":"Person","@id":"https:\/\/epochtimestr.com\/#\/schema\/person\/3dc5c3adeb9f43923c5aa85889172fdd","name":"Haber Merkezi","image":{"@type":"ImageObject","inLanguage":"tr","@id":"https:\/\/epochtimestr.com\/#\/schema\/person\/image\/","url":"https:\/\/secure.gravatar.com\/avatar\/d73f772ba5a74f28601361e17c2f93e6?s=96&d=mm&r=g","contentUrl":"https:\/\/secure.gravatar.com\/avatar\/d73f772ba5a74f28601361e17c2f93e6?s=96&d=mm&r=g","caption":"Haber Merkezi"},"url":"https:\/\/epochtimestr.com\/index.php\/author\/sendag"}]}},"_links":{"self":[{"href":"https:\/\/epochtimestr.com\/index.php\/wp-json\/wp\/v2\/posts\/168157"}],"collection":[{"href":"https:\/\/epochtimestr.com\/index.php\/wp-json\/wp\/v2\/posts"}],"about":[{"href":"https:\/\/epochtimestr.com\/index.php\/wp-json\/wp\/v2\/types\/post"}],"author":[{"embeddable":true,"href":"https:\/\/epochtimestr.com\/index.php\/wp-json\/wp\/v2\/users\/12791"}],"replies":[{"embeddable":true,"href":"https:\/\/epochtimestr.com\/index.php\/wp-json\/wp\/v2\/comments?post=168157"}],"version-history":[{"count":2,"href":"https:\/\/epochtimestr.com\/index.php\/wp-json\/wp\/v2\/posts\/168157\/revisions"}],"predecessor-version":[{"id":168164,"href":"https:\/\/epochtimestr.com\/index.php\/wp-json\/wp\/v2\/posts\/168157\/revisions\/168164"}],"wp:featuredmedia":[{"embeddable":true,"href":"https:\/\/epochtimestr.com\/index.php\/wp-json\/wp\/v2\/media\/168158"}],"wp:attachment":[{"href":"https:\/\/epochtimestr.com\/index.php\/wp-json\/wp\/v2\/media?parent=168157"}],"wp:term":[{"taxonomy":"category","embeddable":true,"href":"https:\/\/epochtimestr.com\/index.php\/wp-json\/wp\/v2\/categories?post=168157"},{"taxonomy":"post_tag","embeddable":true,"href":"https:\/\/epochtimestr.com\/index.php\/wp-json\/wp\/v2\/tags?post=168157"}],"curies":[{"name":"wp","href":"https:\/\/api.w.org\/{rel}","templated":true}]}}