{"id":168165,"date":"2026-07-01T07:00:00","date_gmt":"2026-07-01T04:00:00","guid":{"rendered":"https:\/\/epochtimestr.com\/?p=168165"},"modified":"2026-06-30T23:26:47","modified_gmt":"2026-06-30T20:26:47","slug":"emeklilik-sonrasi-uretkenligin-gucu","status":"publish","type":"post","link":"https:\/\/epochtimestr.com\/index.php\/emeklilik-sonrasi-uretkenligin-gucu","title":{"rendered":"Emeklilik Sonras\u0131 \u00dcretkenli\u011fin G\u00fcc\u00fc"},"content":{"rendered":"\n<h2 class=\"wp-block-heading\">Ya\u015f Sadece Bir Say\u0131 m\u0131?<\/h2>\n\n\n\n<p>Toplumumuzda genellikle 65 ya\u015f, \u201cdinlenme vakti\u201d veya \u201ckenara \u00e7ekilme d\u00f6nemi\u201d olarak kodlanm\u0131\u015ft\u0131r. Ancak g\u00fcn\u00fcm\u00fcz d\u00fcnyas\u0131nda insan \u00f6mr\u00fcn\u00fcn uzamas\u0131, sa\u011fl\u0131k teknolojilerindeki geli\u015fmeler ve her \u015feyden \u00f6nemlisi tecr\u00fcbenin vazge\u00e7ilmez de\u011feri, bu kal\u0131b\u0131 h\u0131zla de\u011fi\u015ftiriyor. Peki, ger\u00e7ekten 65 ya\u015f\u0131ndan sonra \u00e7al\u0131\u015fmak m\u00fcmk\u00fcn m\u00fc? Hukuki, sosyal ve psikolojik a\u00e7\u0131dan bakt\u0131\u011f\u0131m\u0131zda, cevap olduk\u00e7a net: Sadece m\u00fcmk\u00fcn de\u011fil, \u00e7o\u011fu zaman hem birey hem de toplum i\u00e7in olduk\u00e7a de\u011ferli.<\/p>\n\n\n\n<h3 class=\"wp-block-heading\">Hukuki Perspektif: Engel De\u011fil, Tercih<\/h3>\n\n\n\n<p>Hukuki a\u00e7\u0131dan bak\u0131ld\u0131\u011f\u0131nda, 65 ya\u015f bir &#8220;\u00e7al\u0131\u015fma yasa\u011f\u0131&#8221; de\u011fildir. T\u00fcrkiye&#8217;deki \u00e7al\u0131\u015fma mevzuat\u0131, belirli meslek gruplar\u0131 (hakimler, askerler, akademisyenler gibi) i\u00e7in zorunlu emeklilik ya\u015flar\u0131 \u00f6ng\u00f6rse de, \u00f6zel sekt\u00f6rde ve bir\u00e7ok alanda \u00e7al\u0131\u015fman\u0131n \u00f6n\u00fcnde yap\u0131sal bir engel bulunmamaktad\u0131r. Emeklilik, ki\u015finin \u00e7al\u0131\u015fma hayat\u0131na veda etmesi de\u011fil, sosyal g\u00fcvenlik sisteminden hak kazand\u0131\u011f\u0131 ayl\u0131\u011f\u0131n\u0131 almas\u0131d\u0131r. Bir birey hem emekli maa\u015f\u0131n\u0131 al\u0131p hem de Sosyal G\u00fcvenlik Destek Primi (SGDP) \u00f6deyerek \u00e7al\u0131\u015fmaya devam edebilir. Yani hukuk, tecr\u00fcbenin \u00fcretkenli\u011fe d\u00f6n\u00fc\u015fmesini destekleyen bir esnekli\u011fe sahiptir.<\/p>\n\n\n\n<h3 class=\"wp-block-heading\">Sosyal ve Psikolojik Bir \u0130htiya\u00e7: &#8220;\u0130\u015fe Yarama&#8221; Hissi<\/h3>\n\n\n\n<p>\u00c7al\u0131\u015fmak, sadece ekonomik bir gelir elde etme arac\u0131 de\u011fildir. \u0130nsan i\u00e7in sosyal bir varl\u0131k olarak, toplumun bir par\u00e7as\u0131 oldu\u011funu hissetmek ve bir amaca y\u00f6nelik \u00e7aba sarf etmek, ruh sa\u011fl\u0131\u011f\u0131n\u0131n en temel ta\u015flar\u0131ndan biridir. 65 ya\u015f sonras\u0131 \u00e7al\u0131\u015fmak:<\/p>\n\n\n\n<ul>\n<li><strong>Zihinsel Din\u00e7lik:<\/strong>\u00a0S\u00fcrekli \u00f6\u011frenme, problem \u00e7\u00f6zme ve sosyal etkile\u015fim, bili\u015fsel fonksiyonlar\u0131n korunmas\u0131na yard\u0131mc\u0131 olur.<\/li>\n\n\n\n<li><strong>Sosyal Aidiyet:<\/strong>\u00a0\u0130\u015f ortam\u0131, nesiller aras\u0131 ileti\u015fimi art\u0131r\u0131r ve bireyi yaln\u0131zl\u0131ktan koruyan en g\u00fc\u00e7l\u00fc kalkanlardan biridir.<\/li>\n\n\n\n<li><strong>Tecr\u00fcbe Aktar\u0131m\u0131:<\/strong>\u00a0Onlarca y\u0131ll\u0131k birikim, gen\u00e7 ku\u015faklar i\u00e7in bir rehberdir. Emekli bir ustan\u0131n, bir \u00f6\u011fretmenin veya bir y\u00f6neticinin tecr\u00fcbesi, kurumlar i\u00e7in paha bi\u00e7ilemez bir mirast\u0131r.<\/li>\n<\/ul>\n\n\n\n<h3 class=\"wp-block-heading\">Bilgelik D\u00f6neminde \u00dcretim<\/h3>\n\n\n\n<p>65 ya\u015f\u0131ndan sonra \u00e7al\u0131\u015fmak, art\u0131k &#8220;hayatta kalma&#8221; odakl\u0131 bir efor de\u011fil, &#8220;de\u011fer katma&#8221; odakl\u0131 bir vizyondur. Bu ya\u015f grubu, daha sakin, daha analizci ve kriz y\u00f6netiminde daha ba\u015far\u0131l\u0131d\u0131r. \u00d6zellikle dan\u0131\u015fmanl\u0131k, ment\u00f6rl\u00fck, sosyal sorumluluk projeleri ve zanaatkarl\u0131k gibi alanlarda, ileri ya\u015f\u0131n getirdi\u011fi &#8220;bilgelik&#8221; en b\u00fcy\u00fck sermayedir.<\/p>\n\n\n\n<p>Sonu\u00e7 olarak 65 ya\u015f bir yolun sonu de\u011fil, yeni bir &#8220;uzmanl\u0131k d\u00f6neminin&#8221; ba\u015flang\u0131c\u0131 olabilir. \u0130nsan\u0131n kendini, zihnini ve ruhunu \u00fcretken tutmas\u0131, sadece ki\u015fisel bir tercih de\u011fil, toplumun gelece\u011fine b\u0131rakaca\u011f\u0131 en g\u00fczel \u00f6rnektir. Unutmayal\u0131m, emeklilik bir &#8220;son&#8221; de\u011fil, zaman\u0131 diledi\u011fimiz gibi de\u011ferlendirebilece\u011fimiz \u00f6zg\u00fcr bir &#8220;yeni ba\u015flang\u0131\u00e7t\u0131r.&#8221;<\/p>\n\n\n\n<p>E\u011fer sa\u011fl\u0131k durumunuz ve motivasyonunuz elveriyorsa, toplumun sizin birikiminize her zamankinden daha \u00e7ok ihtiyac\u0131 var. \u00dcretmeye, payla\u015fmaya ve hayata dokunmaya devam edin!<\/p>\n\n\n\n<p><em>Bu yaz\u0131, \u00e7al\u0131\u015fma hayat\u0131n\u0131n sadece rakamlardan ibaret olmad\u0131\u011f\u0131n\u0131, her ya\u015f\u0131n kendi i\u00e7inde ayr\u0131 bir k\u0131ymeti oldu\u011funu hat\u0131rlatmak i\u00e7in kaleme al\u0131nm\u0131\u015ft\u0131r.<\/em><\/p>\n","protected":false},"excerpt":{"rendered":"<p>Ya\u015f Sadece Bir Say\u0131 m\u0131? Toplumumuzda genellikle 65 ya\u015f, \u201cdinlenme vakti\u201d veya \u201ckenara \u00e7ekilme d\u00f6nemi\u201d olarak kodlanm\u0131\u015ft\u0131r. Ancak g\u00fcn\u00fcm\u00fcz d\u00fcnyas\u0131nda insan \u00f6mr\u00fcn\u00fcn uzamas\u0131, sa\u011fl\u0131k teknolojilerindeki geli\u015fmeler ve her \u015feyden \u00f6nemlisi tecr\u00fcbenin vazge\u00e7ilmez de\u011feri, bu kal\u0131b\u0131 h\u0131zla de\u011fi\u015ftiriyor. Peki, ger\u00e7ekten 65 ya\u015f\u0131ndan sonra \u00e7al\u0131\u015fmak m\u00fcmk\u00fcn m\u00fc? Hukuki, sosyal ve psikolojik a\u00e7\u0131dan bakt\u0131\u011f\u0131m\u0131zda, cevap olduk\u00e7a net: Sadece [&hellip;]<\/p>\n","protected":false},"author":14013,"featured_media":167144,"comment_status":"open","ping_status":"open","sticky":false,"template":"","format":"standard","meta":{"_yoast_wpseo_focuskw":"Emeklilik","_yoast_wpseo_title":"","_yoast_wpseo_metadesc":"Toplumumuzda genellikle 65 ya\u015f, \"emeklilik\", \u201cdinlenme vakti\u201d veya \u201ckenara \u00e7ekilme d\u00f6nemi\u201d olarak kodlanm\u0131\u015ft\u0131r.","_bbp_topic_count":0,"_bbp_reply_count":0,"_bbp_total_topic_count":0,"_bbp_total_reply_count":0,"_bbp_voice_count":0,"_bbp_anonymous_reply_count":0,"_bbp_topic_count_hidden":0,"_bbp_reply_count_hidden":0,"_bbp_forum_subforum_count":0,"footnotes":"","_yoast_wpseo_focuskw_text_input":""},"categories":[11361],"tags":[],"yoast_head":"<!-- This site is optimized with the Yoast SEO plugin v23.0 - https:\/\/yoast.com\/wordpress\/plugins\/seo\/ -->\n<title>Emeklilik Sonras\u0131 \u00dcretkenli\u011fin G\u00fcc\u00fc - The Epoch Times TR<\/title>\n<meta name=\"description\" content=\"Toplumumuzda genellikle 65 ya\u015f, &quot;emeklilik&quot;, \u201cdinlenme vakti\u201d veya \u201ckenara \u00e7ekilme d\u00f6nemi\u201d olarak kodlanm\u0131\u015ft\u0131r.\" \/>\n<meta name=\"robots\" content=\"index, follow, max-snippet:-1, max-image-preview:large, max-video-preview:-1\" \/>\n<link rel=\"canonical\" href=\"https:\/\/epochtimestr.com\/index.php\/emeklilik-sonrasi-uretkenligin-gucu\" \/>\n<meta property=\"og:locale\" content=\"tr_TR\" \/>\n<meta property=\"og:type\" content=\"article\" \/>\n<meta property=\"og:title\" content=\"Emeklilik Sonras\u0131 \u00dcretkenli\u011fin G\u00fcc\u00fc - The Epoch Times TR\" \/>\n<meta property=\"og:description\" content=\"Toplumumuzda genellikle 65 ya\u015f, &quot;emeklilik&quot;, \u201cdinlenme vakti\u201d veya \u201ckenara \u00e7ekilme d\u00f6nemi\u201d olarak kodlanm\u0131\u015ft\u0131r.\" \/>\n<meta property=\"og:url\" content=\"https:\/\/epochtimestr.com\/index.php\/emeklilik-sonrasi-uretkenligin-gucu\" \/>\n<meta property=\"og:site_name\" content=\"The Epoch Times TR\" \/>\n<meta property=\"article:publisher\" content=\"https:\/\/www.facebook.com\/theepochtimestr\" \/>\n<meta property=\"article:published_time\" content=\"2026-07-01T04:00:00+00:00\" \/>\n<meta property=\"article:modified_time\" content=\"2026-06-30T20:26:47+00:00\" \/>\n<meta property=\"og:image\" content=\"https:\/\/epochtimestr.com\/wp-content\/uploads\/2011y\/ali-kekliktepe-SM.jpeg\" \/>\n\t<meta property=\"og:image:width\" content=\"1200\" \/>\n\t<meta property=\"og:image:height\" content=\"630\" \/>\n\t<meta property=\"og:image:type\" content=\"image\/jpeg\" \/>\n<meta name=\"author\" content=\"Ali Kekliktepe\" \/>\n<meta name=\"twitter:card\" content=\"summary_large_image\" \/>\n<meta name=\"twitter:creator\" content=\"@TheEpochTimesTR\" \/>\n<meta name=\"twitter:site\" content=\"@TheEpochTimesTR\" \/>\n<meta name=\"twitter:label1\" content=\"Yazan:\" \/>\n\t<meta name=\"twitter:data1\" content=\"Ali Kekliktepe\" \/>\n\t<meta name=\"twitter:label2\" content=\"Tahmini okuma s\u00fcresi\" \/>\n\t<meta name=\"twitter:data2\" content=\"3 dakika\" \/>\n<script type=\"application\/ld+json\" class=\"yoast-schema-graph\">{\"@context\":\"https:\/\/schema.org\",\"@graph\":[{\"@type\":\"Article\",\"@id\":\"https:\/\/epochtimestr.com\/index.php\/emeklilik-sonrasi-uretkenligin-gucu#article\",\"isPartOf\":{\"@id\":\"https:\/\/epochtimestr.com\/index.php\/emeklilik-sonrasi-uretkenligin-gucu\"},\"author\":{\"name\":\"Ali Kekliktepe\",\"@id\":\"https:\/\/epochtimestr.com\/#\/schema\/person\/da94a416fed1aed029d0a47e85673b95\"},\"headline\":\"Emeklilik Sonras\u0131 \u00dcretkenli\u011fin G\u00fcc\u00fc\",\"datePublished\":\"2026-07-01T04:00:00+00:00\",\"dateModified\":\"2026-06-30T20:26:47+00:00\",\"mainEntityOfPage\":{\"@id\":\"https:\/\/epochtimestr.com\/index.php\/emeklilik-sonrasi-uretkenligin-gucu\"},\"wordCount\":548,\"commentCount\":0,\"publisher\":{\"@id\":\"https:\/\/epochtimestr.com\/#organization\"},\"image\":{\"@id\":\"https:\/\/epochtimestr.com\/index.php\/emeklilik-sonrasi-uretkenligin-gucu#primaryimage\"},\"thumbnailUrl\":\"https:\/\/epochtimestr.com\/wp-content\/uploads\/2011y\/Ali-Kekliktepe.jpg\",\"articleSection\":[\"K\u00f6\u015fe Yaz\u0131lar\u0131 Ali Kekliktepe\"],\"inLanguage\":\"tr\",\"potentialAction\":[{\"@type\":\"CommentAction\",\"name\":\"Comment\",\"target\":[\"https:\/\/epochtimestr.com\/index.php\/emeklilik-sonrasi-uretkenligin-gucu#respond\"]}]},{\"@type\":\"WebPage\",\"@id\":\"https:\/\/epochtimestr.com\/index.php\/emeklilik-sonrasi-uretkenligin-gucu\",\"url\":\"https:\/\/epochtimestr.com\/index.php\/emeklilik-sonrasi-uretkenligin-gucu\",\"name\":\"Emeklilik Sonras\u0131 \u00dcretkenli\u011fin G\u00fcc\u00fc - The Epoch Times TR\",\"isPartOf\":{\"@id\":\"https:\/\/epochtimestr.com\/#website\"},\"primaryImageOfPage\":{\"@id\":\"https:\/\/epochtimestr.com\/index.php\/emeklilik-sonrasi-uretkenligin-gucu#primaryimage\"},\"image\":{\"@id\":\"https:\/\/epochtimestr.com\/index.php\/emeklilik-sonrasi-uretkenligin-gucu#primaryimage\"},\"thumbnailUrl\":\"https:\/\/epochtimestr.com\/wp-content\/uploads\/2011y\/Ali-Kekliktepe.jpg\",\"datePublished\":\"2026-07-01T04:00:00+00:00\",\"dateModified\":\"2026-06-30T20:26:47+00:00\",\"description\":\"Toplumumuzda genellikle 65 ya\u015f, \\\"emeklilik\\\", \u201cdinlenme vakti\u201d veya \u201ckenara \u00e7ekilme d\u00f6nemi\u201d olarak kodlanm\u0131\u015ft\u0131r.\",\"inLanguage\":\"tr\",\"potentialAction\":[{\"@type\":\"ReadAction\",\"target\":[\"https:\/\/epochtimestr.com\/index.php\/emeklilik-sonrasi-uretkenligin-gucu\"]}]},{\"@type\":\"ImageObject\",\"inLanguage\":\"tr\",\"@id\":\"https:\/\/epochtimestr.com\/index.php\/emeklilik-sonrasi-uretkenligin-gucu#primaryimage\",\"url\":\"https:\/\/epochtimestr.com\/wp-content\/uploads\/2011y\/Ali-Kekliktepe.jpg\",\"contentUrl\":\"https:\/\/epochtimestr.com\/wp-content\/uploads\/2011y\/Ali-Kekliktepe.jpg\",\"width\":600,\"height\":600},{\"@type\":\"WebSite\",\"@id\":\"https:\/\/epochtimestr.com\/#website\",\"url\":\"https:\/\/epochtimestr.com\/\",\"name\":\"The Epoch Times TR\",\"description\":\"De\u011fi\u015fen D\u00fcnyam\u0131za Taze Bir Bak\u0131\u015f\",\"publisher\":{\"@id\":\"https:\/\/epochtimestr.com\/#organization\"},\"potentialAction\":[{\"@type\":\"SearchAction\",\"target\":{\"@type\":\"EntryPoint\",\"urlTemplate\":\"https:\/\/epochtimestr.com\/?s={search_term_string}\"},\"query-input\":\"required name=search_term_string\"}],\"inLanguage\":\"tr\"},{\"@type\":\"Organization\",\"@id\":\"https:\/\/epochtimestr.com\/#organization\",\"name\":\"The EpochTimes T\u00fcrkiye\",\"url\":\"https:\/\/epochtimestr.com\/\",\"logo\":{\"@type\":\"ImageObject\",\"inLanguage\":\"tr\",\"@id\":\"https:\/\/epochtimestr.com\/#\/schema\/logo\/image\/\",\"url\":\"https:\/\/epochtimestr.com\/wp-content\/uploads\/2011y\/ET-Logo-YG.jpg\",\"contentUrl\":\"https:\/\/epochtimestr.com\/wp-content\/uploads\/2011y\/ET-Logo-YG.jpg\",\"width\":346,\"height\":29,\"caption\":\"The EpochTimes T\u00fcrkiye\"},\"image\":{\"@id\":\"https:\/\/epochtimestr.com\/#\/schema\/logo\/image\/\"},\"sameAs\":[\"https:\/\/www.facebook.com\/theepochtimestr\",\"https:\/\/x.com\/TheEpochTimesTR\",\"https:\/\/www.instagram.com\/epochtimestr\"]},{\"@type\":\"Person\",\"@id\":\"https:\/\/epochtimestr.com\/#\/schema\/person\/da94a416fed1aed029d0a47e85673b95\",\"name\":\"Ali Kekliktepe\",\"image\":{\"@type\":\"ImageObject\",\"inLanguage\":\"tr\",\"@id\":\"https:\/\/epochtimestr.com\/#\/schema\/person\/image\/\",\"url\":\"https:\/\/secure.gravatar.com\/avatar\/6c965c3fc374c8f4af759baef4f38bcd?s=96&d=mm&r=g\",\"contentUrl\":\"https:\/\/secure.gravatar.com\/avatar\/6c965c3fc374c8f4af759baef4f38bcd?s=96&d=mm&r=g\",\"caption\":\"Ali Kekliktepe\"},\"description\":\"Ben Ali Kekliktepe; hayat\u0131n\u0131 \u00f6\u011frenmeye, \u00f6\u011fretmeye ve toplumsal fayda yaratmaya adam\u0131\u015f bir yazar ve profesyonelim. Kalemi sadece ka\u011f\u0131da dokunan bir ara\u00e7 de\u011fil, toplumun aksayan y\u00f6nlerine \u015fifa olan bir enstr\u00fcman olarak g\u00f6r\u00fcyorum.\",\"sameAs\":[\"https:\/\/alikekliktepemersin33.blogspot.com\/\"],\"url\":\"https:\/\/epochtimestr.com\/index.php\/author\/ali\"}]}<\/script>\n<!-- \/ Yoast SEO plugin. -->","yoast_head_json":{"title":"Emeklilik Sonras\u0131 \u00dcretkenli\u011fin G\u00fcc\u00fc - The Epoch Times TR","description":"Toplumumuzda genellikle 65 ya\u015f, \"emeklilik\", \u201cdinlenme vakti\u201d veya \u201ckenara \u00e7ekilme d\u00f6nemi\u201d olarak kodlanm\u0131\u015ft\u0131r.","robots":{"index":"index","follow":"follow","max-snippet":"max-snippet:-1","max-image-preview":"max-image-preview:large","max-video-preview":"max-video-preview:-1"},"canonical":"https:\/\/epochtimestr.com\/index.php\/emeklilik-sonrasi-uretkenligin-gucu","og_locale":"tr_TR","og_type":"article","og_title":"Emeklilik Sonras\u0131 \u00dcretkenli\u011fin G\u00fcc\u00fc - The Epoch Times TR","og_description":"Toplumumuzda genellikle 65 ya\u015f, \"emeklilik\", \u201cdinlenme vakti\u201d veya \u201ckenara \u00e7ekilme d\u00f6nemi\u201d olarak kodlanm\u0131\u015ft\u0131r.","og_url":"https:\/\/epochtimestr.com\/index.php\/emeklilik-sonrasi-uretkenligin-gucu","og_site_name":"The Epoch Times TR","article_publisher":"https:\/\/www.facebook.com\/theepochtimestr","article_published_time":"2026-07-01T04:00:00+00:00","article_modified_time":"2026-06-30T20:26:47+00:00","og_image":[{"width":1200,"height":630,"url":"https:\/\/epochtimestr.com\/wp-content\/uploads\/2011y\/ali-kekliktepe-SM.jpeg","type":"image\/jpeg"}],"author":"Ali Kekliktepe","twitter_card":"summary_large_image","twitter_creator":"@TheEpochTimesTR","twitter_site":"@TheEpochTimesTR","twitter_misc":{"Yazan:":"Ali Kekliktepe","Tahmini okuma s\u00fcresi":"3 dakika"},"schema":{"@context":"https:\/\/schema.org","@graph":[{"@type":"Article","@id":"https:\/\/epochtimestr.com\/index.php\/emeklilik-sonrasi-uretkenligin-gucu#article","isPartOf":{"@id":"https:\/\/epochtimestr.com\/index.php\/emeklilik-sonrasi-uretkenligin-gucu"},"author":{"name":"Ali Kekliktepe","@id":"https:\/\/epochtimestr.com\/#\/schema\/person\/da94a416fed1aed029d0a47e85673b95"},"headline":"Emeklilik Sonras\u0131 \u00dcretkenli\u011fin G\u00fcc\u00fc","datePublished":"2026-07-01T04:00:00+00:00","dateModified":"2026-06-30T20:26:47+00:00","mainEntityOfPage":{"@id":"https:\/\/epochtimestr.com\/index.php\/emeklilik-sonrasi-uretkenligin-gucu"},"wordCount":548,"commentCount":0,"publisher":{"@id":"https:\/\/epochtimestr.com\/#organization"},"image":{"@id":"https:\/\/epochtimestr.com\/index.php\/emeklilik-sonrasi-uretkenligin-gucu#primaryimage"},"thumbnailUrl":"https:\/\/epochtimestr.com\/wp-content\/uploads\/2011y\/Ali-Kekliktepe.jpg","articleSection":["K\u00f6\u015fe Yaz\u0131lar\u0131 Ali Kekliktepe"],"inLanguage":"tr","potentialAction":[{"@type":"CommentAction","name":"Comment","target":["https:\/\/epochtimestr.com\/index.php\/emeklilik-sonrasi-uretkenligin-gucu#respond"]}]},{"@type":"WebPage","@id":"https:\/\/epochtimestr.com\/index.php\/emeklilik-sonrasi-uretkenligin-gucu","url":"https:\/\/epochtimestr.com\/index.php\/emeklilik-sonrasi-uretkenligin-gucu","name":"Emeklilik Sonras\u0131 \u00dcretkenli\u011fin G\u00fcc\u00fc - The Epoch Times TR","isPartOf":{"@id":"https:\/\/epochtimestr.com\/#website"},"primaryImageOfPage":{"@id":"https:\/\/epochtimestr.com\/index.php\/emeklilik-sonrasi-uretkenligin-gucu#primaryimage"},"image":{"@id":"https:\/\/epochtimestr.com\/index.php\/emeklilik-sonrasi-uretkenligin-gucu#primaryimage"},"thumbnailUrl":"https:\/\/epochtimestr.com\/wp-content\/uploads\/2011y\/Ali-Kekliktepe.jpg","datePublished":"2026-07-01T04:00:00+00:00","dateModified":"2026-06-30T20:26:47+00:00","description":"Toplumumuzda genellikle 65 ya\u015f, \"emeklilik\", \u201cdinlenme vakti\u201d veya \u201ckenara \u00e7ekilme d\u00f6nemi\u201d olarak kodlanm\u0131\u015ft\u0131r.","inLanguage":"tr","potentialAction":[{"@type":"ReadAction","target":["https:\/\/epochtimestr.com\/index.php\/emeklilik-sonrasi-uretkenligin-gucu"]}]},{"@type":"ImageObject","inLanguage":"tr","@id":"https:\/\/epochtimestr.com\/index.php\/emeklilik-sonrasi-uretkenligin-gucu#primaryimage","url":"https:\/\/epochtimestr.com\/wp-content\/uploads\/2011y\/Ali-Kekliktepe.jpg","contentUrl":"https:\/\/epochtimestr.com\/wp-content\/uploads\/2011y\/Ali-Kekliktepe.jpg","width":600,"height":600},{"@type":"WebSite","@id":"https:\/\/epochtimestr.com\/#website","url":"https:\/\/epochtimestr.com\/","name":"The Epoch Times TR","description":"De\u011fi\u015fen D\u00fcnyam\u0131za Taze Bir Bak\u0131\u015f","publisher":{"@id":"https:\/\/epochtimestr.com\/#organization"},"potentialAction":[{"@type":"SearchAction","target":{"@type":"EntryPoint","urlTemplate":"https:\/\/epochtimestr.com\/?s={search_term_string}"},"query-input":"required name=search_term_string"}],"inLanguage":"tr"},{"@type":"Organization","@id":"https:\/\/epochtimestr.com\/#organization","name":"The EpochTimes T\u00fcrkiye","url":"https:\/\/epochtimestr.com\/","logo":{"@type":"ImageObject","inLanguage":"tr","@id":"https:\/\/epochtimestr.com\/#\/schema\/logo\/image\/","url":"https:\/\/epochtimestr.com\/wp-content\/uploads\/2011y\/ET-Logo-YG.jpg","contentUrl":"https:\/\/epochtimestr.com\/wp-content\/uploads\/2011y\/ET-Logo-YG.jpg","width":346,"height":29,"caption":"The EpochTimes T\u00fcrkiye"},"image":{"@id":"https:\/\/epochtimestr.com\/#\/schema\/logo\/image\/"},"sameAs":["https:\/\/www.facebook.com\/theepochtimestr","https:\/\/x.com\/TheEpochTimesTR","https:\/\/www.instagram.com\/epochtimestr"]},{"@type":"Person","@id":"https:\/\/epochtimestr.com\/#\/schema\/person\/da94a416fed1aed029d0a47e85673b95","name":"Ali Kekliktepe","image":{"@type":"ImageObject","inLanguage":"tr","@id":"https:\/\/epochtimestr.com\/#\/schema\/person\/image\/","url":"https:\/\/secure.gravatar.com\/avatar\/6c965c3fc374c8f4af759baef4f38bcd?s=96&d=mm&r=g","contentUrl":"https:\/\/secure.gravatar.com\/avatar\/6c965c3fc374c8f4af759baef4f38bcd?s=96&d=mm&r=g","caption":"Ali Kekliktepe"},"description":"Ben Ali Kekliktepe; hayat\u0131n\u0131 \u00f6\u011frenmeye, \u00f6\u011fretmeye ve toplumsal fayda yaratmaya adam\u0131\u015f bir yazar ve profesyonelim. Kalemi sadece ka\u011f\u0131da dokunan bir ara\u00e7 de\u011fil, toplumun aksayan y\u00f6nlerine \u015fifa olan bir enstr\u00fcman olarak g\u00f6r\u00fcyorum.","sameAs":["https:\/\/alikekliktepemersin33.blogspot.com\/"],"url":"https:\/\/epochtimestr.com\/index.php\/author\/ali"}]}},"_links":{"self":[{"href":"https:\/\/epochtimestr.com\/index.php\/wp-json\/wp\/v2\/posts\/168165"}],"collection":[{"href":"https:\/\/epochtimestr.com\/index.php\/wp-json\/wp\/v2\/posts"}],"about":[{"href":"https:\/\/epochtimestr.com\/index.php\/wp-json\/wp\/v2\/types\/post"}],"author":[{"embeddable":true,"href":"https:\/\/epochtimestr.com\/index.php\/wp-json\/wp\/v2\/users\/14013"}],"replies":[{"embeddable":true,"href":"https:\/\/epochtimestr.com\/index.php\/wp-json\/wp\/v2\/comments?post=168165"}],"version-history":[{"count":1,"href":"https:\/\/epochtimestr.com\/index.php\/wp-json\/wp\/v2\/posts\/168165\/revisions"}],"predecessor-version":[{"id":168166,"href":"https:\/\/epochtimestr.com\/index.php\/wp-json\/wp\/v2\/posts\/168165\/revisions\/168166"}],"wp:featuredmedia":[{"embeddable":true,"href":"https:\/\/epochtimestr.com\/index.php\/wp-json\/wp\/v2\/media\/167144"}],"wp:attachment":[{"href":"https:\/\/epochtimestr.com\/index.php\/wp-json\/wp\/v2\/media?parent=168165"}],"wp:term":[{"taxonomy":"category","embeddable":true,"href":"https:\/\/epochtimestr.com\/index.php\/wp-json\/wp\/v2\/categories?post=168165"},{"taxonomy":"post_tag","embeddable":true,"href":"https:\/\/epochtimestr.com\/index.php\/wp-json\/wp\/v2\/tags?post=168165"}],"curies":[{"name":"wp","href":"https:\/\/api.w.org\/{rel}","templated":true}]}}