{"id":168167,"date":"2026-07-01T08:46:05","date_gmt":"2026-07-01T05:46:05","guid":{"rendered":"https:\/\/epochtimestr.com\/?p=168167"},"modified":"2026-07-01T08:46:07","modified_gmt":"2026-07-01T05:46:07","slug":"mhp-lideri-devlet-bahceli-partisinin-grup-toplantisinda-konustu","status":"publish","type":"post","link":"https:\/\/epochtimestr.com\/index.php\/mhp-lideri-devlet-bahceli-partisinin-grup-toplantisinda-konustu","title":{"rendered":"MHP lideri Devlet Bah\u00e7eli Partisinin Grup Toplant\u0131s\u0131nda Konu\u015ftu"},"content":{"rendered":"<div class=\"wp-block-image\">\n<figure class=\"aligncenter size-full\"><img loading=\"lazy\" decoding=\"async\" width=\"1320\" height=\"855\" src=\"https:\/\/epochtimestr.com\/wp-content\/uploads\/2011y\/image-408.png\" alt=\"\" class=\"wp-image-168177\" srcset=\"https:\/\/epochtimestr.com\/wp-content\/uploads\/2011y\/image-408.png 1320w, https:\/\/epochtimestr.com\/wp-content\/uploads\/2011y\/image-408-300x194.png 300w, https:\/\/epochtimestr.com\/wp-content\/uploads\/2011y\/image-408-150x97.png 150w, https:\/\/epochtimestr.com\/wp-content\/uploads\/2011y\/image-408-768x497.png 768w, https:\/\/epochtimestr.com\/wp-content\/uploads\/2011y\/image-408-210x136.png 210w\" sizes=\"(max-width: 1320px) 100vw, 1320px\" \/><figcaption class=\"wp-element-caption\">Devlet Bah\u00e7eli MHP&#8217;nin TBMM Grup Toplant\u0131s\u0131&#8217;nda konu\u015ftu. (Foto\u011fraf: MHP TBMM Grubu X hesab\u0131, MhpTbmmGrubu)<\/figcaption><\/figure><\/div>\n\n\n<h2 class=\"wp-block-heading\">MHP Genel Ba\u015fkan\u0131 Devlet Bah\u00e7eli &#8220;Ne hazindir ki bug\u00fcn NATO i\u00e7erisinde askeri hastanesi bulunmayan tek \u00fclke T\u00fcrkiye\u2019dir.&#8221;<\/h2>\n\n\n\n<p>MHP Genel Ba\u015fkan\u0131 Devlet Bah\u00e7eli, partisinin TBMM Grup Toplant\u0131s\u0131&#8217;nda g\u00fcndeme ili\u015fkin de\u011ferlendirmelerde bulundu. Bah\u00e7eli, NATO i\u00e7erisinde askeri hastanesi bulunmayan tek \u00fclkenin T\u00fcrkiye oldu\u011funu belirterek, askeri hastanelerin yeniden yap\u0131land\u0131r\u0131lmas\u0131n\u0131 \u201cmilli beka meselesi\u201d olarak nitelendirdi. Bah\u00e7eli konu\u015fmas\u0131nda<\/p>\n\n\n\n<p>&#8220;Ne hazindir ki bug\u00fcn NATO i\u00e7erisinde askeri hastanesi bulunmayan tek \u00fclke T\u00fcrkiye\u2019dir. Bu durum, \u015fanl\u0131 ordumuzun b\u00fcy\u00fckl\u00fc\u011f\u00fc ve harek\u00e2t kabiliyeti kar\u015f\u0131s\u0131nda kabul edilemez tarihi bir noksanl\u0131kt\u0131r. Askeri hastanelerin yeniden a\u00e7\u0131lmas\u0131 ve ordu b\u00fcnyesine kazand\u0131r\u0131lmas\u0131 meselesi hayati de\u011ferdedir. \u00c7\u00fcnk\u00fc askeri t\u0131p; askeri iklimin g\u00f6rev ko\u015fullar\u0131n\u0131, operasyon psikolojisini, askeri disiplin d\u00fczenini ve sevk zincirini i\u00e7inde bar\u0131nd\u0131ran apayr\u0131 ve \u00f6zel bir aland\u0131r.<\/p>\n\n\n\n<p>Ter\u00f6rle amans\u0131z m\u00fccadelede, s\u0131n\u0131r \u00f6tesi \u015fanl\u0131 operasyonlarda ve deniz a\u015f\u0131r\u0131 mukaddes g\u00f6revlerde Mehmet\u00e7i\u011fimizin yan\u0131nda; askerimizi evlad\u0131 bilen, karde\u015fi sayan, onun de\u011fil yaralanmas\u0131na, sa\u00e7\u0131na r\u00fczg\u00e2r de\u011fmesine dahi y\u00fcre\u011fi raz\u0131 olmayan, vatan\u0131 namus bilen T\u00fcrk hekimlerinin g\u00f6rev yapmas\u0131 mill\u00ee beka meselesidir. May\u0131n ve patlama yaralanmalar\u0131nda, yan\u0131k ve a\u011f\u0131r travma vakalar\u0131nda, uzuv kay\u0131plar\u0131nda uzmanla\u015fm\u0131\u015f, bir askeri hekim ordusu zarurettir.&#8221; ifadelerini kulland\u0131.<\/p>\n\n\n\n<p>Konu\u015fmas\u0131nda T\u00fcrkiye&#8217;nin NATO i\u00e7in \u00f6nemli oldu\u011funu vurgulayan <a href=\"https:\/\/epochtimestr.com\/index.php\/devlet-bahceli-demirtasa-tesekkur-mesaji-gonderdi\" target=\"_blank\" rel=\"noreferrer noopener\">Bah\u00e7eli<\/a>, &#8220;NATO T\u00fcrkiye i\u00e7in ne biat senedi ne de kay\u0131ts\u0131z \u015farts\u0131z boyun e\u011filecek bir emir komuta merkezidir&#8221; dedi.<\/p>\n\n\n\n<p><strong>Bah\u00e7eli&#8217;nin konuya ili\u015fkin a\u00e7\u0131klamas\u0131 \u015f\u00f6yle:<\/strong><\/p>\n\n\n\n<p>&#8220;B\u00f6yle bir d\u00f6nemde Ankara\u2019da yap\u0131lacak NATO Zirvesi, T\u00fcrkiye\u2019nin jeopolitik \u00f6neminin, etkin ve cayd\u0131r\u0131c\u0131 kudretle donat\u0131lm\u0131\u015f \u015fanl\u0131 ordusunun, d\u00fcnyaya \u00f6rnek olan savunma sanayisinin ve arkas\u0131nda \u00e7\u00f6z\u00fclemeyen d\u00fc\u011f\u00fcm, a\u015f\u0131lamayan engel b\u0131rakmayan diplomatik a\u011f\u0131rl\u0131\u011f\u0131n\u0131n d\u00fcnya sahnesindeki kar\u015f\u0131l\u0131\u011f\u0131n\u0131 g\u00f6sterecek m\u00fchim bir faaliyettir.<\/p>\n\n\n\n<p>Cumhur \u0130ttifak\u0131\u2019yla tahkim edilen devlet akl\u0131 da bu zirvede; krizleri okuyan, tehditleri g\u00f6ren, f\u0131rsatlar\u0131 tartan ve T\u00fcrkiye\u2019nin hakl\u0131 tezlerini d\u00fcnyaya hayk\u0131ran stratejik iradesiyle bir kez daha kendisini g\u00f6sterecektir.<br \/>Ancak s\u00f6z\u00fc evirip \u00e7evirmeden a\u00e7\u0131k\u00e7a s\u00f6ylemek laz\u0131md\u0131r: NATO, T\u00fcrkiye i\u00e7in ne bir biat senedi ne de kay\u0131ts\u0131z \u015farts\u0131z boyun e\u011filecek bir emir komuta merkezidir. Ankara merkezli istikbal ve milli beka ufkumuz, kayna\u011f\u0131n\u0131 d\u0131\u015far\u0131dan alan t\u00fcm ittifaklar\u0131n \u00fczerindedir.<\/p>\n\n\n\n<p>NATO heyeti Ankara\u2019ya gelirken zihinlere m\u0131h gibi kaz\u0131mal\u0131d\u0131r ki T\u00fcrkiye\u2019nin denizlerdeki varl\u0131\u011f\u0131 ve sars\u0131lmaz mutlakiyeti, yaln\u0131zca s\u0131n\u0131r g\u00fcvenli\u011fi i\u00e7in de\u011fil, b\u00f6lgesel bar\u0131\u015f\u0131n, k\u00fcresel enerji yollar\u0131n\u0131n emniyetinin ve ittifak\u0131n cayd\u0131r\u0131c\u0131l\u0131k kapasitesinin ayakta kalabilmesi i\u00e7in de hava kadar, su kadar hayatidir.<br \/>Bug\u00fcn NATO yeni bir d\u00f6nemin ba\u015f\u0131ndad\u0131r. Br\u00fcksel\u2019de yap\u0131lan son savunma bakanlar\u0131 toplant\u0131s\u0131nda cayd\u0131r\u0131c\u0131l\u0131k, savunma kapasitesinin art\u0131r\u0131lmas\u0131, m\u00fchimmat stoklar\u0131, savunma harcamalar\u0131, n\u00fckleer cayd\u0131r\u0131c\u0131l\u0131k, Rusya-Ukrayna sava\u015f\u0131 g\u00fcndemin merkezine oturmu\u015ftur.<\/p>\n\n\n\n<p>\u201cNATO 3.0\u201d olarak ifade edilen bu aray\u0131\u015f, ittifak\u0131n yeniden sert g\u00fcce, h\u0131zl\u0131 karar alma kabiliyetine, \u00fcretim kapasitesine ve y\u00fcksek haz\u0131rl\u0131k seviyesine y\u00f6neldi\u011fini g\u00f6stermektedir.<\/p>\n\n\n\n<p>\u0130\u015fte T\u00fcrkiye, bug\u00fcn NATO\u2019nun \u00f6n\u00fcndeki b\u00fct\u00fcn hayati ve kritik ba\u015fl\u0131klar\u0131n tam kalbinde duran devlettir.&#8221;<\/p>\n\n\n\n<figure class=\"wp-block-embed is-type-rich is-provider-x wp-block-embed-x\"><div class=\"wp-block-embed__wrapper\">\n<blockquote class=\"twitter-tweet\" data-width=\"550\" data-dnt=\"true\"><p lang=\"tr\" dir=\"ltr\">Genel Ba\u015fkan\u0131m\u0131z Say\u0131n Devlet BAH\u00c7EL\u0130 Grup Toplant\u0131s\u0131nda Konu\u015fuyor <a href=\"https:\/\/t.co\/EFRbrdcCq1\">https:\/\/t.co\/EFRbrdcCq1<\/a><\/p>&mdash; MHP (@MHP_Bilgi) <a href=\"https:\/\/x.com\/MHP_Bilgi\/status\/2071857359408751092?ref_src=twsrc%5Etfw\">June 30, 2026<\/a><\/blockquote><script async src=\"https:\/\/platform.x.com\/widgets.js\" charset=\"utf-8\"><\/script>\n<\/div><\/figure>\n","protected":false},"excerpt":{"rendered":"<p>MHP Genel Ba\u015fkan\u0131 Devlet Bah\u00e7eli &#8220;Ne hazindir ki bug\u00fcn NATO i\u00e7erisinde askeri hastanesi bulunmayan tek \u00fclke T\u00fcrkiye\u2019dir.&#8221; MHP Genel Ba\u015fkan\u0131 Devlet Bah\u00e7eli, partisinin TBMM Grup Toplant\u0131s\u0131&#8217;nda g\u00fcndeme ili\u015fkin de\u011ferlendirmelerde bulundu. Bah\u00e7eli, NATO i\u00e7erisinde askeri hastanesi bulunmayan tek \u00fclkenin T\u00fcrkiye oldu\u011funu belirterek, askeri hastanelerin yeniden yap\u0131land\u0131r\u0131lmas\u0131n\u0131 \u201cmilli beka meselesi\u201d olarak nitelendirdi. Bah\u00e7eli konu\u015fmas\u0131nda &#8220;Ne hazindir ki [&hellip;]<\/p>\n","protected":false},"author":12791,"featured_media":168177,"comment_status":"open","ping_status":"open","sticky":false,"template":"","format":"standard","meta":{"_yoast_wpseo_focuskw":"MHP","_yoast_wpseo_title":"","_yoast_wpseo_metadesc":"MHP Genel Ba\u015fkan\u0131 Devlet Bah\u00e7eli \"Ne hazindir ki bug\u00fcn NATO i\u00e7erisinde askeri hastanesi bulunmayan tek \u00fclke T\u00fcrkiye\u2019dir.\" dedi.","_bbp_topic_count":0,"_bbp_reply_count":0,"_bbp_total_topic_count":0,"_bbp_total_reply_count":0,"_bbp_voice_count":0,"_bbp_anonymous_reply_count":0,"_bbp_topic_count_hidden":0,"_bbp_reply_count_hidden":0,"_bbp_forum_subforum_count":0,"footnotes":"","_yoast_wpseo_focuskw_text_input":""},"categories":[1,8138,8226,37],"tags":[2126,11610,1018,722],"yoast_head":"<!-- This site is optimized with the Yoast SEO plugin v23.0 - https:\/\/yoast.com\/wordpress\/plugins\/seo\/ -->\n<title>MHP lideri Devlet Bah\u00e7eli Partisinin Grup Toplant\u0131s\u0131nda Konu\u015ftu - The Epoch Times TR<\/title>\n<meta name=\"description\" content=\"MHP Genel Ba\u015fkan\u0131 Devlet Bah\u00e7eli &quot;Ne hazindir ki bug\u00fcn NATO i\u00e7erisinde askeri hastanesi bulunmayan tek \u00fclke T\u00fcrkiye\u2019dir.&quot; dedi.\" \/>\n<meta name=\"robots\" content=\"index, follow, max-snippet:-1, max-image-preview:large, max-video-preview:-1\" \/>\n<link rel=\"canonical\" href=\"https:\/\/epochtimestr.com\/index.php\/mhp-lideri-devlet-bahceli-partisinin-grup-toplantisinda-konustu\" \/>\n<meta property=\"og:locale\" content=\"tr_TR\" \/>\n<meta property=\"og:type\" content=\"article\" \/>\n<meta property=\"og:title\" content=\"MHP lideri Devlet Bah\u00e7eli Partisinin Grup Toplant\u0131s\u0131nda Konu\u015ftu - The Epoch Times TR\" \/>\n<meta property=\"og:description\" content=\"MHP Genel Ba\u015fkan\u0131 Devlet Bah\u00e7eli &quot;Ne hazindir ki bug\u00fcn NATO i\u00e7erisinde askeri hastanesi bulunmayan tek \u00fclke T\u00fcrkiye\u2019dir.&quot; dedi.\" \/>\n<meta property=\"og:url\" content=\"https:\/\/epochtimestr.com\/index.php\/mhp-lideri-devlet-bahceli-partisinin-grup-toplantisinda-konustu\" \/>\n<meta property=\"og:site_name\" content=\"The Epoch Times TR\" \/>\n<meta property=\"article:publisher\" content=\"https:\/\/www.facebook.com\/theepochtimestr\" \/>\n<meta property=\"article:published_time\" content=\"2026-07-01T05:46:05+00:00\" \/>\n<meta property=\"article:modified_time\" content=\"2026-07-01T05:46:07+00:00\" \/>\n<meta property=\"og:image\" content=\"https:\/\/epochtimestr.com\/wp-content\/uploads\/2011y\/image-408.png\" \/>\n\t<meta property=\"og:image:width\" content=\"1320\" \/>\n\t<meta property=\"og:image:height\" content=\"855\" \/>\n\t<meta property=\"og:image:type\" content=\"image\/png\" \/>\n<meta name=\"author\" content=\"Haber Merkezi\" \/>\n<meta name=\"twitter:card\" content=\"summary_large_image\" \/>\n<meta name=\"twitter:creator\" content=\"@TheEpochTimesTR\" \/>\n<meta name=\"twitter:site\" content=\"@TheEpochTimesTR\" \/>\n<meta name=\"twitter:label1\" content=\"Yazan:\" \/>\n\t<meta name=\"twitter:data1\" content=\"Haber Merkezi\" \/>\n\t<meta name=\"twitter:label2\" content=\"Tahmini okuma s\u00fcresi\" \/>\n\t<meta name=\"twitter:data2\" content=\"3 dakika\" \/>\n<script type=\"application\/ld+json\" class=\"yoast-schema-graph\">{\"@context\":\"https:\/\/schema.org\",\"@graph\":[{\"@type\":\"Article\",\"@id\":\"https:\/\/epochtimestr.com\/index.php\/mhp-lideri-devlet-bahceli-partisinin-grup-toplantisinda-konustu#article\",\"isPartOf\":{\"@id\":\"https:\/\/epochtimestr.com\/index.php\/mhp-lideri-devlet-bahceli-partisinin-grup-toplantisinda-konustu\"},\"author\":{\"name\":\"Haber Merkezi\",\"@id\":\"https:\/\/epochtimestr.com\/#\/schema\/person\/3dc5c3adeb9f43923c5aa85889172fdd\"},\"headline\":\"MHP lideri Devlet Bah\u00e7eli Partisinin Grup Toplant\u0131s\u0131nda Konu\u015ftu\",\"datePublished\":\"2026-07-01T05:46:05+00:00\",\"dateModified\":\"2026-07-01T05:46:07+00:00\",\"mainEntityOfPage\":{\"@id\":\"https:\/\/epochtimestr.com\/index.php\/mhp-lideri-devlet-bahceli-partisinin-grup-toplantisinda-konustu\"},\"wordCount\":649,\"commentCount\":0,\"publisher\":{\"@id\":\"https:\/\/epochtimestr.com\/#organization\"},\"image\":{\"@id\":\"https:\/\/epochtimestr.com\/index.php\/mhp-lideri-devlet-bahceli-partisinin-grup-toplantisinda-konustu#primaryimage\"},\"thumbnailUrl\":\"https:\/\/epochtimestr.com\/wp-content\/uploads\/2011y\/image-408.png\",\"keywords\":[\"Devlet bah\u00e7eli\",\"Grup Toplant\u0131s\u0131\",\"MHP\",\"NATO\"],\"articleSection\":[\"G\u00dcNDEM\",\"MAN\u015eET\",\"Siyaset\",\"T\u00dcRK\u0130YE\"],\"inLanguage\":\"tr\",\"potentialAction\":[{\"@type\":\"CommentAction\",\"name\":\"Comment\",\"target\":[\"https:\/\/epochtimestr.com\/index.php\/mhp-lideri-devlet-bahceli-partisinin-grup-toplantisinda-konustu#respond\"]}]},{\"@type\":\"WebPage\",\"@id\":\"https:\/\/epochtimestr.com\/index.php\/mhp-lideri-devlet-bahceli-partisinin-grup-toplantisinda-konustu\",\"url\":\"https:\/\/epochtimestr.com\/index.php\/mhp-lideri-devlet-bahceli-partisinin-grup-toplantisinda-konustu\",\"name\":\"MHP lideri Devlet Bah\u00e7eli Partisinin Grup Toplant\u0131s\u0131nda Konu\u015ftu - The Epoch Times TR\",\"isPartOf\":{\"@id\":\"https:\/\/epochtimestr.com\/#website\"},\"primaryImageOfPage\":{\"@id\":\"https:\/\/epochtimestr.com\/index.php\/mhp-lideri-devlet-bahceli-partisinin-grup-toplantisinda-konustu#primaryimage\"},\"image\":{\"@id\":\"https:\/\/epochtimestr.com\/index.php\/mhp-lideri-devlet-bahceli-partisinin-grup-toplantisinda-konustu#primaryimage\"},\"thumbnailUrl\":\"https:\/\/epochtimestr.com\/wp-content\/uploads\/2011y\/image-408.png\",\"datePublished\":\"2026-07-01T05:46:05+00:00\",\"dateModified\":\"2026-07-01T05:46:07+00:00\",\"description\":\"MHP Genel Ba\u015fkan\u0131 Devlet Bah\u00e7eli \\\"Ne hazindir ki bug\u00fcn NATO i\u00e7erisinde askeri hastanesi bulunmayan tek \u00fclke T\u00fcrkiye\u2019dir.\\\" dedi.\",\"inLanguage\":\"tr\",\"potentialAction\":[{\"@type\":\"ReadAction\",\"target\":[\"https:\/\/epochtimestr.com\/index.php\/mhp-lideri-devlet-bahceli-partisinin-grup-toplantisinda-konustu\"]}]},{\"@type\":\"ImageObject\",\"inLanguage\":\"tr\",\"@id\":\"https:\/\/epochtimestr.com\/index.php\/mhp-lideri-devlet-bahceli-partisinin-grup-toplantisinda-konustu#primaryimage\",\"url\":\"https:\/\/epochtimestr.com\/wp-content\/uploads\/2011y\/image-408.png\",\"contentUrl\":\"https:\/\/epochtimestr.com\/wp-content\/uploads\/2011y\/image-408.png\",\"width\":1320,\"height\":855},{\"@type\":\"WebSite\",\"@id\":\"https:\/\/epochtimestr.com\/#website\",\"url\":\"https:\/\/epochtimestr.com\/\",\"name\":\"The Epoch Times TR\",\"description\":\"De\u011fi\u015fen D\u00fcnyam\u0131za Taze Bir Bak\u0131\u015f\",\"publisher\":{\"@id\":\"https:\/\/epochtimestr.com\/#organization\"},\"potentialAction\":[{\"@type\":\"SearchAction\",\"target\":{\"@type\":\"EntryPoint\",\"urlTemplate\":\"https:\/\/epochtimestr.com\/?s={search_term_string}\"},\"query-input\":\"required name=search_term_string\"}],\"inLanguage\":\"tr\"},{\"@type\":\"Organization\",\"@id\":\"https:\/\/epochtimestr.com\/#organization\",\"name\":\"The EpochTimes T\u00fcrkiye\",\"url\":\"https:\/\/epochtimestr.com\/\",\"logo\":{\"@type\":\"ImageObject\",\"inLanguage\":\"tr\",\"@id\":\"https:\/\/epochtimestr.com\/#\/schema\/logo\/image\/\",\"url\":\"https:\/\/epochtimestr.com\/wp-content\/uploads\/2011y\/ET-Logo-YG.jpg\",\"contentUrl\":\"https:\/\/epochtimestr.com\/wp-content\/uploads\/2011y\/ET-Logo-YG.jpg\",\"width\":346,\"height\":29,\"caption\":\"The EpochTimes T\u00fcrkiye\"},\"image\":{\"@id\":\"https:\/\/epochtimestr.com\/#\/schema\/logo\/image\/\"},\"sameAs\":[\"https:\/\/www.facebook.com\/theepochtimestr\",\"https:\/\/x.com\/TheEpochTimesTR\",\"https:\/\/www.instagram.com\/epochtimestr\"]},{\"@type\":\"Person\",\"@id\":\"https:\/\/epochtimestr.com\/#\/schema\/person\/3dc5c3adeb9f43923c5aa85889172fdd\",\"name\":\"Haber Merkezi\",\"image\":{\"@type\":\"ImageObject\",\"inLanguage\":\"tr\",\"@id\":\"https:\/\/epochtimestr.com\/#\/schema\/person\/image\/\",\"url\":\"https:\/\/secure.gravatar.com\/avatar\/d73f772ba5a74f28601361e17c2f93e6?s=96&d=mm&r=g\",\"contentUrl\":\"https:\/\/secure.gravatar.com\/avatar\/d73f772ba5a74f28601361e17c2f93e6?s=96&d=mm&r=g\",\"caption\":\"Haber Merkezi\"},\"url\":\"https:\/\/epochtimestr.com\/index.php\/author\/sendag\"}]}<\/script>\n<!-- \/ Yoast SEO plugin. -->","yoast_head_json":{"title":"MHP lideri Devlet Bah\u00e7eli Partisinin Grup Toplant\u0131s\u0131nda Konu\u015ftu - The Epoch Times TR","description":"MHP Genel Ba\u015fkan\u0131 Devlet Bah\u00e7eli \"Ne hazindir ki bug\u00fcn NATO i\u00e7erisinde askeri hastanesi bulunmayan tek \u00fclke T\u00fcrkiye\u2019dir.\" dedi.","robots":{"index":"index","follow":"follow","max-snippet":"max-snippet:-1","max-image-preview":"max-image-preview:large","max-video-preview":"max-video-preview:-1"},"canonical":"https:\/\/epochtimestr.com\/index.php\/mhp-lideri-devlet-bahceli-partisinin-grup-toplantisinda-konustu","og_locale":"tr_TR","og_type":"article","og_title":"MHP lideri Devlet Bah\u00e7eli Partisinin Grup Toplant\u0131s\u0131nda Konu\u015ftu - The Epoch Times TR","og_description":"MHP Genel Ba\u015fkan\u0131 Devlet Bah\u00e7eli \"Ne hazindir ki bug\u00fcn NATO i\u00e7erisinde askeri hastanesi bulunmayan tek \u00fclke T\u00fcrkiye\u2019dir.\" dedi.","og_url":"https:\/\/epochtimestr.com\/index.php\/mhp-lideri-devlet-bahceli-partisinin-grup-toplantisinda-konustu","og_site_name":"The Epoch Times TR","article_publisher":"https:\/\/www.facebook.com\/theepochtimestr","article_published_time":"2026-07-01T05:46:05+00:00","article_modified_time":"2026-07-01T05:46:07+00:00","og_image":[{"width":1320,"height":855,"url":"https:\/\/epochtimestr.com\/wp-content\/uploads\/2011y\/image-408.png","type":"image\/png"}],"author":"Haber Merkezi","twitter_card":"summary_large_image","twitter_creator":"@TheEpochTimesTR","twitter_site":"@TheEpochTimesTR","twitter_misc":{"Yazan:":"Haber Merkezi","Tahmini okuma s\u00fcresi":"3 dakika"},"schema":{"@context":"https:\/\/schema.org","@graph":[{"@type":"Article","@id":"https:\/\/epochtimestr.com\/index.php\/mhp-lideri-devlet-bahceli-partisinin-grup-toplantisinda-konustu#article","isPartOf":{"@id":"https:\/\/epochtimestr.com\/index.php\/mhp-lideri-devlet-bahceli-partisinin-grup-toplantisinda-konustu"},"author":{"name":"Haber Merkezi","@id":"https:\/\/epochtimestr.com\/#\/schema\/person\/3dc5c3adeb9f43923c5aa85889172fdd"},"headline":"MHP lideri Devlet Bah\u00e7eli Partisinin Grup Toplant\u0131s\u0131nda Konu\u015ftu","datePublished":"2026-07-01T05:46:05+00:00","dateModified":"2026-07-01T05:46:07+00:00","mainEntityOfPage":{"@id":"https:\/\/epochtimestr.com\/index.php\/mhp-lideri-devlet-bahceli-partisinin-grup-toplantisinda-konustu"},"wordCount":649,"commentCount":0,"publisher":{"@id":"https:\/\/epochtimestr.com\/#organization"},"image":{"@id":"https:\/\/epochtimestr.com\/index.php\/mhp-lideri-devlet-bahceli-partisinin-grup-toplantisinda-konustu#primaryimage"},"thumbnailUrl":"https:\/\/epochtimestr.com\/wp-content\/uploads\/2011y\/image-408.png","keywords":["Devlet bah\u00e7eli","Grup Toplant\u0131s\u0131","MHP","NATO"],"articleSection":["G\u00dcNDEM","MAN\u015eET","Siyaset","T\u00dcRK\u0130YE"],"inLanguage":"tr","potentialAction":[{"@type":"CommentAction","name":"Comment","target":["https:\/\/epochtimestr.com\/index.php\/mhp-lideri-devlet-bahceli-partisinin-grup-toplantisinda-konustu#respond"]}]},{"@type":"WebPage","@id":"https:\/\/epochtimestr.com\/index.php\/mhp-lideri-devlet-bahceli-partisinin-grup-toplantisinda-konustu","url":"https:\/\/epochtimestr.com\/index.php\/mhp-lideri-devlet-bahceli-partisinin-grup-toplantisinda-konustu","name":"MHP lideri Devlet Bah\u00e7eli Partisinin Grup Toplant\u0131s\u0131nda Konu\u015ftu - The Epoch Times TR","isPartOf":{"@id":"https:\/\/epochtimestr.com\/#website"},"primaryImageOfPage":{"@id":"https:\/\/epochtimestr.com\/index.php\/mhp-lideri-devlet-bahceli-partisinin-grup-toplantisinda-konustu#primaryimage"},"image":{"@id":"https:\/\/epochtimestr.com\/index.php\/mhp-lideri-devlet-bahceli-partisinin-grup-toplantisinda-konustu#primaryimage"},"thumbnailUrl":"https:\/\/epochtimestr.com\/wp-content\/uploads\/2011y\/image-408.png","datePublished":"2026-07-01T05:46:05+00:00","dateModified":"2026-07-01T05:46:07+00:00","description":"MHP Genel Ba\u015fkan\u0131 Devlet Bah\u00e7eli \"Ne hazindir ki bug\u00fcn NATO i\u00e7erisinde askeri hastanesi bulunmayan tek \u00fclke T\u00fcrkiye\u2019dir.\" dedi.","inLanguage":"tr","potentialAction":[{"@type":"ReadAction","target":["https:\/\/epochtimestr.com\/index.php\/mhp-lideri-devlet-bahceli-partisinin-grup-toplantisinda-konustu"]}]},{"@type":"ImageObject","inLanguage":"tr","@id":"https:\/\/epochtimestr.com\/index.php\/mhp-lideri-devlet-bahceli-partisinin-grup-toplantisinda-konustu#primaryimage","url":"https:\/\/epochtimestr.com\/wp-content\/uploads\/2011y\/image-408.png","contentUrl":"https:\/\/epochtimestr.com\/wp-content\/uploads\/2011y\/image-408.png","width":1320,"height":855},{"@type":"WebSite","@id":"https:\/\/epochtimestr.com\/#website","url":"https:\/\/epochtimestr.com\/","name":"The Epoch Times TR","description":"De\u011fi\u015fen D\u00fcnyam\u0131za Taze Bir Bak\u0131\u015f","publisher":{"@id":"https:\/\/epochtimestr.com\/#organization"},"potentialAction":[{"@type":"SearchAction","target":{"@type":"EntryPoint","urlTemplate":"https:\/\/epochtimestr.com\/?s={search_term_string}"},"query-input":"required name=search_term_string"}],"inLanguage":"tr"},{"@type":"Organization","@id":"https:\/\/epochtimestr.com\/#organization","name":"The EpochTimes T\u00fcrkiye","url":"https:\/\/epochtimestr.com\/","logo":{"@type":"ImageObject","inLanguage":"tr","@id":"https:\/\/epochtimestr.com\/#\/schema\/logo\/image\/","url":"https:\/\/epochtimestr.com\/wp-content\/uploads\/2011y\/ET-Logo-YG.jpg","contentUrl":"https:\/\/epochtimestr.com\/wp-content\/uploads\/2011y\/ET-Logo-YG.jpg","width":346,"height":29,"caption":"The EpochTimes T\u00fcrkiye"},"image":{"@id":"https:\/\/epochtimestr.com\/#\/schema\/logo\/image\/"},"sameAs":["https:\/\/www.facebook.com\/theepochtimestr","https:\/\/x.com\/TheEpochTimesTR","https:\/\/www.instagram.com\/epochtimestr"]},{"@type":"Person","@id":"https:\/\/epochtimestr.com\/#\/schema\/person\/3dc5c3adeb9f43923c5aa85889172fdd","name":"Haber Merkezi","image":{"@type":"ImageObject","inLanguage":"tr","@id":"https:\/\/epochtimestr.com\/#\/schema\/person\/image\/","url":"https:\/\/secure.gravatar.com\/avatar\/d73f772ba5a74f28601361e17c2f93e6?s=96&d=mm&r=g","contentUrl":"https:\/\/secure.gravatar.com\/avatar\/d73f772ba5a74f28601361e17c2f93e6?s=96&d=mm&r=g","caption":"Haber Merkezi"},"url":"https:\/\/epochtimestr.com\/index.php\/author\/sendag"}]}},"_links":{"self":[{"href":"https:\/\/epochtimestr.com\/index.php\/wp-json\/wp\/v2\/posts\/168167"}],"collection":[{"href":"https:\/\/epochtimestr.com\/index.php\/wp-json\/wp\/v2\/posts"}],"about":[{"href":"https:\/\/epochtimestr.com\/index.php\/wp-json\/wp\/v2\/types\/post"}],"author":[{"embeddable":true,"href":"https:\/\/epochtimestr.com\/index.php\/wp-json\/wp\/v2\/users\/12791"}],"replies":[{"embeddable":true,"href":"https:\/\/epochtimestr.com\/index.php\/wp-json\/wp\/v2\/comments?post=168167"}],"version-history":[{"count":2,"href":"https:\/\/epochtimestr.com\/index.php\/wp-json\/wp\/v2\/posts\/168167\/revisions"}],"predecessor-version":[{"id":168178,"href":"https:\/\/epochtimestr.com\/index.php\/wp-json\/wp\/v2\/posts\/168167\/revisions\/168178"}],"wp:featuredmedia":[{"embeddable":true,"href":"https:\/\/epochtimestr.com\/index.php\/wp-json\/wp\/v2\/media\/168177"}],"wp:attachment":[{"href":"https:\/\/epochtimestr.com\/index.php\/wp-json\/wp\/v2\/media?parent=168167"}],"wp:term":[{"taxonomy":"category","embeddable":true,"href":"https:\/\/epochtimestr.com\/index.php\/wp-json\/wp\/v2\/categories?post=168167"},{"taxonomy":"post_tag","embeddable":true,"href":"https:\/\/epochtimestr.com\/index.php\/wp-json\/wp\/v2\/tags?post=168167"}],"curies":[{"name":"wp","href":"https:\/\/api.w.org\/{rel}","templated":true}]}}