{"id":168183,"date":"2026-07-01T10:27:00","date_gmt":"2026-07-01T07:27:00","guid":{"rendered":"https:\/\/epochtimestr.com\/?p=168183"},"modified":"2026-07-01T10:27:10","modified_gmt":"2026-07-01T07:27:10","slug":"gokhan-gunaydin-chp-grup-baskanvekili-gorevine-iade-edildi","status":"publish","type":"post","link":"https:\/\/epochtimestr.com\/index.php\/gokhan-gunaydin-chp-grup-baskanvekili-gorevine-iade-edildi","title":{"rendered":"G\u00f6khan G\u00fcnayd\u0131n CHP Grup Ba\u015fkanvekili G\u00f6revine \u0130ade Edildi"},"content":{"rendered":"<div class=\"wp-block-image\">\n<figure class=\"aligncenter size-full\"><img loading=\"lazy\" decoding=\"async\" width=\"800\" height=\"450\" src=\"https:\/\/epochtimestr.com\/wp-content\/uploads\/2011y\/gunaydin-1.jpg\" alt=\"TBMM grup ba\u015fkanvekilli\u011fi g\u00f6revinden al\u0131nan G\u00f6khan G\u00fcnayd\u0131n, g\u00f6revine iade edildi.\" class=\"wp-image-168184\" srcset=\"https:\/\/epochtimestr.com\/wp-content\/uploads\/2011y\/gunaydin-1.jpg 800w, https:\/\/epochtimestr.com\/wp-content\/uploads\/2011y\/gunaydin-1-300x169.jpg 300w, https:\/\/epochtimestr.com\/wp-content\/uploads\/2011y\/gunaydin-1-150x84.jpg 150w, https:\/\/epochtimestr.com\/wp-content\/uploads\/2011y\/gunaydin-1-768x432.jpg 768w\" sizes=\"(max-width: 800px) 100vw, 800px\" \/><figcaption class=\"wp-element-caption\">                                                                                                        Foto\u011fraf: CHP<\/figcaption><\/figure><\/div>\n\n\n<h2 class=\"wp-block-heading\">TBMM grup ba\u015fkanvekilli\u011fi g\u00f6revinden al\u0131nan G\u00f6khan G\u00fcnayd\u0131n g\u00f6revine iade edildi.<\/h2>\n\n\n\n<p>CHP&#8217;de disiplin s\u00fcreci kapsam\u0131nda g\u00f6rev \u00fcnvan\u0131 kald\u0131r\u0131lan \u0130stanbul Milletvekili <a href=\"https:\/\/epochtimestr.com\/index.php\/chp-grup-baskanvekili-gokhan-gunaydin-ahmet-ozeri-ziyaret-etti\" target=\"_blank\" rel=\"noreferrer noopener\">G\u00f6khan G\u00fcnayd\u0131n<\/a>&#8216;\u0131n tedbir karar\u0131n\u0131n kald\u0131r\u0131lmas\u0131n\u0131n ard\u0131ndan Grup Ba\u015fkanvekilli\u011fi g\u00f6revi yeniden iade edildi. CHP\u2019nin ba\u015f\u0131na mahkemenin &#8220;mutlak butlan&#8221; karar\u0131yla getirilen Kemal K\u0131l\u0131\u00e7daro\u011flu ekibi, <a href=\"https:\/\/epochtimestr.com\/index.php\/muharrem-ince-ben-chpde-kalacagim\" target=\"_blank\" rel=\"noreferrer noopener\">CHP<\/a> Grup Ba\u015fkanvekili ve \u0130stanbul Milletvekili G\u00f6khan G\u00fcnayd\u0131n&#8217;\u0131 tedbirli olarak kesin ihra\u00e7 cezas\u0131 uygulamak \u00fczere Y\u00fcksek Disiplin Kurulu&#8217;na (YKD) sevk etmi\u015fti. Karar\u0131n ard\u0131ndan G\u00fcnayd\u0131n&#8217;\u0131n grup ba\u015fkanvekilli\u011fi g\u00f6revi d\u00fc\u015f\u00fcr\u00fclm\u00fc\u015ft\u00fc.<br \/>G\u00f6khan G\u00fcnayd\u0131n hakk\u0131nda verilen ihra\u00e7 talebi Y\u00fcksek Disiplin Kurulu toplant\u0131s\u0131nda de\u011ferlendirilmi\u015f ve itiraz kabul edilerek tedbir karar\u0131 kald\u0131r\u0131lm\u0131\u015ft\u0131. 18 Haziran\u2019da tedbirin kald\u0131r\u0131lmas\u0131n\u0131n ard\u0131ndan G\u00fcnayd\u0131n\u2019\u0131n g\u00f6revine iadesi 30 Haziran&#8217;da resmiyet kazand\u0131.<\/p>\n","protected":false},"excerpt":{"rendered":"<p>TBMM grup ba\u015fkanvekilli\u011fi g\u00f6revinden al\u0131nan G\u00f6khan G\u00fcnayd\u0131n g\u00f6revine iade edildi. CHP&#8217;de disiplin s\u00fcreci kapsam\u0131nda g\u00f6rev \u00fcnvan\u0131 kald\u0131r\u0131lan \u0130stanbul Milletvekili G\u00f6khan G\u00fcnayd\u0131n&#8216;\u0131n tedbir karar\u0131n\u0131n kald\u0131r\u0131lmas\u0131n\u0131n ard\u0131ndan Grup Ba\u015fkanvekilli\u011fi g\u00f6revi yeniden iade edildi. CHP\u2019nin ba\u015f\u0131na mahkemenin &#8220;mutlak butlan&#8221; karar\u0131yla getirilen Kemal K\u0131l\u0131\u00e7daro\u011flu ekibi, CHP Grup Ba\u015fkanvekili ve \u0130stanbul Milletvekili G\u00f6khan G\u00fcnayd\u0131n&#8217;\u0131 tedbirli olarak kesin ihra\u00e7 cezas\u0131 uygulamak [&hellip;]<\/p>\n","protected":false},"author":12791,"featured_media":168184,"comment_status":"open","ping_status":"open","sticky":false,"template":"","format":"standard","meta":{"_yoast_wpseo_focuskw":"G\u00f6khan G\u00fcnayd\u0131n","_yoast_wpseo_title":"","_yoast_wpseo_metadesc":"TBMM'de CHP grup ba\u015fkanvekilli\u011fi g\u00f6revinden al\u0131nan G\u00f6khan G\u00fcnayd\u0131n, tedbir karar\u0131n\u0131n kald\u0131r\u0131lmas\u0131n\u0131n ard\u0131ndan g\u00f6revine iade edildi.","_bbp_topic_count":0,"_bbp_reply_count":0,"_bbp_total_topic_count":0,"_bbp_total_reply_count":0,"_bbp_voice_count":0,"_bbp_anonymous_reply_count":0,"_bbp_topic_count_hidden":0,"_bbp_reply_count_hidden":0,"_bbp_forum_subforum_count":0,"footnotes":"","_yoast_wpseo_focuskw_text_input":""},"categories":[1,8138,8226,37],"tags":[11594,583,11611,2129],"yoast_head":"<!-- This site is optimized with the Yoast SEO plugin v23.0 - https:\/\/yoast.com\/wordpress\/plugins\/seo\/ -->\n<title>G\u00f6khan G\u00fcnayd\u0131n CHP Grup Ba\u015fkanvekili G\u00f6revine \u0130ade Edildi - The Epoch Times TR<\/title>\n<meta name=\"description\" content=\"TBMM&#039;de CHP grup ba\u015fkanvekilli\u011fi g\u00f6revinden al\u0131nan G\u00f6khan G\u00fcnayd\u0131n, tedbir karar\u0131n\u0131n kald\u0131r\u0131lmas\u0131n\u0131n ard\u0131ndan g\u00f6revine iade edildi.\" \/>\n<meta name=\"robots\" content=\"index, follow, max-snippet:-1, max-image-preview:large, max-video-preview:-1\" \/>\n<link rel=\"canonical\" href=\"https:\/\/epochtimestr.com\/index.php\/gokhan-gunaydin-chp-grup-baskanvekili-gorevine-iade-edildi\" \/>\n<meta property=\"og:locale\" content=\"tr_TR\" \/>\n<meta property=\"og:type\" content=\"article\" \/>\n<meta property=\"og:title\" content=\"G\u00f6khan G\u00fcnayd\u0131n CHP Grup Ba\u015fkanvekili G\u00f6revine \u0130ade Edildi - The Epoch Times TR\" \/>\n<meta property=\"og:description\" content=\"TBMM&#039;de CHP grup ba\u015fkanvekilli\u011fi g\u00f6revinden al\u0131nan G\u00f6khan G\u00fcnayd\u0131n, tedbir karar\u0131n\u0131n kald\u0131r\u0131lmas\u0131n\u0131n ard\u0131ndan g\u00f6revine iade edildi.\" \/>\n<meta property=\"og:url\" content=\"https:\/\/epochtimestr.com\/index.php\/gokhan-gunaydin-chp-grup-baskanvekili-gorevine-iade-edildi\" \/>\n<meta property=\"og:site_name\" content=\"The Epoch Times TR\" \/>\n<meta property=\"article:publisher\" content=\"https:\/\/www.facebook.com\/theepochtimestr\" \/>\n<meta property=\"article:published_time\" content=\"2026-07-01T07:27:00+00:00\" \/>\n<meta property=\"article:modified_time\" content=\"2026-07-01T07:27:10+00:00\" \/>\n<meta property=\"og:image\" content=\"https:\/\/epochtimestr.com\/wp-content\/uploads\/2011y\/gunaydin-1.jpg\" \/>\n\t<meta property=\"og:image:width\" content=\"800\" \/>\n\t<meta property=\"og:image:height\" content=\"450\" \/>\n\t<meta property=\"og:image:type\" content=\"image\/jpeg\" \/>\n<meta name=\"author\" content=\"Haber Merkezi\" \/>\n<meta name=\"twitter:card\" content=\"summary_large_image\" \/>\n<meta name=\"twitter:creator\" content=\"@TheEpochTimesTR\" \/>\n<meta name=\"twitter:site\" content=\"@TheEpochTimesTR\" \/>\n<meta name=\"twitter:label1\" content=\"Yazan:\" \/>\n\t<meta name=\"twitter:data1\" content=\"Haber Merkezi\" \/>\n\t<meta name=\"twitter:label2\" content=\"Tahmini okuma s\u00fcresi\" \/>\n\t<meta name=\"twitter:data2\" content=\"2 dakika\" \/>\n<script type=\"application\/ld+json\" class=\"yoast-schema-graph\">{\"@context\":\"https:\/\/schema.org\",\"@graph\":[{\"@type\":\"Article\",\"@id\":\"https:\/\/epochtimestr.com\/index.php\/gokhan-gunaydin-chp-grup-baskanvekili-gorevine-iade-edildi#article\",\"isPartOf\":{\"@id\":\"https:\/\/epochtimestr.com\/index.php\/gokhan-gunaydin-chp-grup-baskanvekili-gorevine-iade-edildi\"},\"author\":{\"name\":\"Haber Merkezi\",\"@id\":\"https:\/\/epochtimestr.com\/#\/schema\/person\/3dc5c3adeb9f43923c5aa85889172fdd\"},\"headline\":\"G\u00f6khan G\u00fcnayd\u0131n CHP Grup Ba\u015fkanvekili G\u00f6revine \u0130ade Edildi\",\"datePublished\":\"2026-07-01T07:27:00+00:00\",\"dateModified\":\"2026-07-01T07:27:10+00:00\",\"mainEntityOfPage\":{\"@id\":\"https:\/\/epochtimestr.com\/index.php\/gokhan-gunaydin-chp-grup-baskanvekili-gorevine-iade-edildi\"},\"wordCount\":184,\"commentCount\":0,\"publisher\":{\"@id\":\"https:\/\/epochtimestr.com\/#organization\"},\"image\":{\"@id\":\"https:\/\/epochtimestr.com\/index.php\/gokhan-gunaydin-chp-grup-baskanvekili-gorevine-iade-edildi#primaryimage\"},\"thumbnailUrl\":\"https:\/\/epochtimestr.com\/wp-content\/uploads\/2011y\/gunaydin-1.jpg\",\"keywords\":[\"Butlan\",\"CHP\",\"G\u00f6khan G\u00fcnayd\u0131n\",\"Kemal K\u0131l\u0131\u00e7daro\u011flu\"],\"articleSection\":[\"G\u00dcNDEM\",\"MAN\u015eET\",\"Siyaset\",\"T\u00dcRK\u0130YE\"],\"inLanguage\":\"tr\",\"potentialAction\":[{\"@type\":\"CommentAction\",\"name\":\"Comment\",\"target\":[\"https:\/\/epochtimestr.com\/index.php\/gokhan-gunaydin-chp-grup-baskanvekili-gorevine-iade-edildi#respond\"]}]},{\"@type\":\"WebPage\",\"@id\":\"https:\/\/epochtimestr.com\/index.php\/gokhan-gunaydin-chp-grup-baskanvekili-gorevine-iade-edildi\",\"url\":\"https:\/\/epochtimestr.com\/index.php\/gokhan-gunaydin-chp-grup-baskanvekili-gorevine-iade-edildi\",\"name\":\"G\u00f6khan G\u00fcnayd\u0131n CHP Grup Ba\u015fkanvekili G\u00f6revine \u0130ade Edildi - The Epoch Times TR\",\"isPartOf\":{\"@id\":\"https:\/\/epochtimestr.com\/#website\"},\"primaryImageOfPage\":{\"@id\":\"https:\/\/epochtimestr.com\/index.php\/gokhan-gunaydin-chp-grup-baskanvekili-gorevine-iade-edildi#primaryimage\"},\"image\":{\"@id\":\"https:\/\/epochtimestr.com\/index.php\/gokhan-gunaydin-chp-grup-baskanvekili-gorevine-iade-edildi#primaryimage\"},\"thumbnailUrl\":\"https:\/\/epochtimestr.com\/wp-content\/uploads\/2011y\/gunaydin-1.jpg\",\"datePublished\":\"2026-07-01T07:27:00+00:00\",\"dateModified\":\"2026-07-01T07:27:10+00:00\",\"description\":\"TBMM'de CHP grup ba\u015fkanvekilli\u011fi g\u00f6revinden al\u0131nan G\u00f6khan G\u00fcnayd\u0131n, tedbir karar\u0131n\u0131n kald\u0131r\u0131lmas\u0131n\u0131n ard\u0131ndan g\u00f6revine iade edildi.\",\"inLanguage\":\"tr\",\"potentialAction\":[{\"@type\":\"ReadAction\",\"target\":[\"https:\/\/epochtimestr.com\/index.php\/gokhan-gunaydin-chp-grup-baskanvekili-gorevine-iade-edildi\"]}]},{\"@type\":\"ImageObject\",\"inLanguage\":\"tr\",\"@id\":\"https:\/\/epochtimestr.com\/index.php\/gokhan-gunaydin-chp-grup-baskanvekili-gorevine-iade-edildi#primaryimage\",\"url\":\"https:\/\/epochtimestr.com\/wp-content\/uploads\/2011y\/gunaydin-1.jpg\",\"contentUrl\":\"https:\/\/epochtimestr.com\/wp-content\/uploads\/2011y\/gunaydin-1.jpg\",\"width\":800,\"height\":450},{\"@type\":\"WebSite\",\"@id\":\"https:\/\/epochtimestr.com\/#website\",\"url\":\"https:\/\/epochtimestr.com\/\",\"name\":\"The Epoch Times TR\",\"description\":\"De\u011fi\u015fen D\u00fcnyam\u0131za Taze Bir Bak\u0131\u015f\",\"publisher\":{\"@id\":\"https:\/\/epochtimestr.com\/#organization\"},\"potentialAction\":[{\"@type\":\"SearchAction\",\"target\":{\"@type\":\"EntryPoint\",\"urlTemplate\":\"https:\/\/epochtimestr.com\/?s={search_term_string}\"},\"query-input\":\"required name=search_term_string\"}],\"inLanguage\":\"tr\"},{\"@type\":\"Organization\",\"@id\":\"https:\/\/epochtimestr.com\/#organization\",\"name\":\"The EpochTimes T\u00fcrkiye\",\"url\":\"https:\/\/epochtimestr.com\/\",\"logo\":{\"@type\":\"ImageObject\",\"inLanguage\":\"tr\",\"@id\":\"https:\/\/epochtimestr.com\/#\/schema\/logo\/image\/\",\"url\":\"https:\/\/epochtimestr.com\/wp-content\/uploads\/2011y\/ET-Logo-YG.jpg\",\"contentUrl\":\"https:\/\/epochtimestr.com\/wp-content\/uploads\/2011y\/ET-Logo-YG.jpg\",\"width\":346,\"height\":29,\"caption\":\"The EpochTimes T\u00fcrkiye\"},\"image\":{\"@id\":\"https:\/\/epochtimestr.com\/#\/schema\/logo\/image\/\"},\"sameAs\":[\"https:\/\/www.facebook.com\/theepochtimestr\",\"https:\/\/x.com\/TheEpochTimesTR\",\"https:\/\/www.instagram.com\/epochtimestr\"]},{\"@type\":\"Person\",\"@id\":\"https:\/\/epochtimestr.com\/#\/schema\/person\/3dc5c3adeb9f43923c5aa85889172fdd\",\"name\":\"Haber Merkezi\",\"image\":{\"@type\":\"ImageObject\",\"inLanguage\":\"tr\",\"@id\":\"https:\/\/epochtimestr.com\/#\/schema\/person\/image\/\",\"url\":\"https:\/\/secure.gravatar.com\/avatar\/d73f772ba5a74f28601361e17c2f93e6?s=96&d=mm&r=g\",\"contentUrl\":\"https:\/\/secure.gravatar.com\/avatar\/d73f772ba5a74f28601361e17c2f93e6?s=96&d=mm&r=g\",\"caption\":\"Haber Merkezi\"},\"url\":\"https:\/\/epochtimestr.com\/index.php\/author\/sendag\"}]}<\/script>\n<!-- \/ Yoast SEO plugin. -->","yoast_head_json":{"title":"G\u00f6khan G\u00fcnayd\u0131n CHP Grup Ba\u015fkanvekili G\u00f6revine \u0130ade Edildi - The Epoch Times TR","description":"TBMM'de CHP grup ba\u015fkanvekilli\u011fi g\u00f6revinden al\u0131nan G\u00f6khan G\u00fcnayd\u0131n, tedbir karar\u0131n\u0131n kald\u0131r\u0131lmas\u0131n\u0131n ard\u0131ndan g\u00f6revine iade edildi.","robots":{"index":"index","follow":"follow","max-snippet":"max-snippet:-1","max-image-preview":"max-image-preview:large","max-video-preview":"max-video-preview:-1"},"canonical":"https:\/\/epochtimestr.com\/index.php\/gokhan-gunaydin-chp-grup-baskanvekili-gorevine-iade-edildi","og_locale":"tr_TR","og_type":"article","og_title":"G\u00f6khan G\u00fcnayd\u0131n CHP Grup Ba\u015fkanvekili G\u00f6revine \u0130ade Edildi - The Epoch Times TR","og_description":"TBMM'de CHP grup ba\u015fkanvekilli\u011fi g\u00f6revinden al\u0131nan G\u00f6khan G\u00fcnayd\u0131n, tedbir karar\u0131n\u0131n kald\u0131r\u0131lmas\u0131n\u0131n ard\u0131ndan g\u00f6revine iade edildi.","og_url":"https:\/\/epochtimestr.com\/index.php\/gokhan-gunaydin-chp-grup-baskanvekili-gorevine-iade-edildi","og_site_name":"The Epoch Times TR","article_publisher":"https:\/\/www.facebook.com\/theepochtimestr","article_published_time":"2026-07-01T07:27:00+00:00","article_modified_time":"2026-07-01T07:27:10+00:00","og_image":[{"width":800,"height":450,"url":"https:\/\/epochtimestr.com\/wp-content\/uploads\/2011y\/gunaydin-1.jpg","type":"image\/jpeg"}],"author":"Haber Merkezi","twitter_card":"summary_large_image","twitter_creator":"@TheEpochTimesTR","twitter_site":"@TheEpochTimesTR","twitter_misc":{"Yazan:":"Haber Merkezi","Tahmini okuma s\u00fcresi":"2 dakika"},"schema":{"@context":"https:\/\/schema.org","@graph":[{"@type":"Article","@id":"https:\/\/epochtimestr.com\/index.php\/gokhan-gunaydin-chp-grup-baskanvekili-gorevine-iade-edildi#article","isPartOf":{"@id":"https:\/\/epochtimestr.com\/index.php\/gokhan-gunaydin-chp-grup-baskanvekili-gorevine-iade-edildi"},"author":{"name":"Haber Merkezi","@id":"https:\/\/epochtimestr.com\/#\/schema\/person\/3dc5c3adeb9f43923c5aa85889172fdd"},"headline":"G\u00f6khan G\u00fcnayd\u0131n CHP Grup Ba\u015fkanvekili G\u00f6revine \u0130ade Edildi","datePublished":"2026-07-01T07:27:00+00:00","dateModified":"2026-07-01T07:27:10+00:00","mainEntityOfPage":{"@id":"https:\/\/epochtimestr.com\/index.php\/gokhan-gunaydin-chp-grup-baskanvekili-gorevine-iade-edildi"},"wordCount":184,"commentCount":0,"publisher":{"@id":"https:\/\/epochtimestr.com\/#organization"},"image":{"@id":"https:\/\/epochtimestr.com\/index.php\/gokhan-gunaydin-chp-grup-baskanvekili-gorevine-iade-edildi#primaryimage"},"thumbnailUrl":"https:\/\/epochtimestr.com\/wp-content\/uploads\/2011y\/gunaydin-1.jpg","keywords":["Butlan","CHP","G\u00f6khan G\u00fcnayd\u0131n","Kemal K\u0131l\u0131\u00e7daro\u011flu"],"articleSection":["G\u00dcNDEM","MAN\u015eET","Siyaset","T\u00dcRK\u0130YE"],"inLanguage":"tr","potentialAction":[{"@type":"CommentAction","name":"Comment","target":["https:\/\/epochtimestr.com\/index.php\/gokhan-gunaydin-chp-grup-baskanvekili-gorevine-iade-edildi#respond"]}]},{"@type":"WebPage","@id":"https:\/\/epochtimestr.com\/index.php\/gokhan-gunaydin-chp-grup-baskanvekili-gorevine-iade-edildi","url":"https:\/\/epochtimestr.com\/index.php\/gokhan-gunaydin-chp-grup-baskanvekili-gorevine-iade-edildi","name":"G\u00f6khan G\u00fcnayd\u0131n CHP Grup Ba\u015fkanvekili G\u00f6revine \u0130ade Edildi - The Epoch Times TR","isPartOf":{"@id":"https:\/\/epochtimestr.com\/#website"},"primaryImageOfPage":{"@id":"https:\/\/epochtimestr.com\/index.php\/gokhan-gunaydin-chp-grup-baskanvekili-gorevine-iade-edildi#primaryimage"},"image":{"@id":"https:\/\/epochtimestr.com\/index.php\/gokhan-gunaydin-chp-grup-baskanvekili-gorevine-iade-edildi#primaryimage"},"thumbnailUrl":"https:\/\/epochtimestr.com\/wp-content\/uploads\/2011y\/gunaydin-1.jpg","datePublished":"2026-07-01T07:27:00+00:00","dateModified":"2026-07-01T07:27:10+00:00","description":"TBMM'de CHP grup ba\u015fkanvekilli\u011fi g\u00f6revinden al\u0131nan G\u00f6khan G\u00fcnayd\u0131n, tedbir karar\u0131n\u0131n kald\u0131r\u0131lmas\u0131n\u0131n ard\u0131ndan g\u00f6revine iade edildi.","inLanguage":"tr","potentialAction":[{"@type":"ReadAction","target":["https:\/\/epochtimestr.com\/index.php\/gokhan-gunaydin-chp-grup-baskanvekili-gorevine-iade-edildi"]}]},{"@type":"ImageObject","inLanguage":"tr","@id":"https:\/\/epochtimestr.com\/index.php\/gokhan-gunaydin-chp-grup-baskanvekili-gorevine-iade-edildi#primaryimage","url":"https:\/\/epochtimestr.com\/wp-content\/uploads\/2011y\/gunaydin-1.jpg","contentUrl":"https:\/\/epochtimestr.com\/wp-content\/uploads\/2011y\/gunaydin-1.jpg","width":800,"height":450},{"@type":"WebSite","@id":"https:\/\/epochtimestr.com\/#website","url":"https:\/\/epochtimestr.com\/","name":"The Epoch Times TR","description":"De\u011fi\u015fen D\u00fcnyam\u0131za Taze Bir Bak\u0131\u015f","publisher":{"@id":"https:\/\/epochtimestr.com\/#organization"},"potentialAction":[{"@type":"SearchAction","target":{"@type":"EntryPoint","urlTemplate":"https:\/\/epochtimestr.com\/?s={search_term_string}"},"query-input":"required name=search_term_string"}],"inLanguage":"tr"},{"@type":"Organization","@id":"https:\/\/epochtimestr.com\/#organization","name":"The EpochTimes T\u00fcrkiye","url":"https:\/\/epochtimestr.com\/","logo":{"@type":"ImageObject","inLanguage":"tr","@id":"https:\/\/epochtimestr.com\/#\/schema\/logo\/image\/","url":"https:\/\/epochtimestr.com\/wp-content\/uploads\/2011y\/ET-Logo-YG.jpg","contentUrl":"https:\/\/epochtimestr.com\/wp-content\/uploads\/2011y\/ET-Logo-YG.jpg","width":346,"height":29,"caption":"The EpochTimes T\u00fcrkiye"},"image":{"@id":"https:\/\/epochtimestr.com\/#\/schema\/logo\/image\/"},"sameAs":["https:\/\/www.facebook.com\/theepochtimestr","https:\/\/x.com\/TheEpochTimesTR","https:\/\/www.instagram.com\/epochtimestr"]},{"@type":"Person","@id":"https:\/\/epochtimestr.com\/#\/schema\/person\/3dc5c3adeb9f43923c5aa85889172fdd","name":"Haber Merkezi","image":{"@type":"ImageObject","inLanguage":"tr","@id":"https:\/\/epochtimestr.com\/#\/schema\/person\/image\/","url":"https:\/\/secure.gravatar.com\/avatar\/d73f772ba5a74f28601361e17c2f93e6?s=96&d=mm&r=g","contentUrl":"https:\/\/secure.gravatar.com\/avatar\/d73f772ba5a74f28601361e17c2f93e6?s=96&d=mm&r=g","caption":"Haber Merkezi"},"url":"https:\/\/epochtimestr.com\/index.php\/author\/sendag"}]}},"_links":{"self":[{"href":"https:\/\/epochtimestr.com\/index.php\/wp-json\/wp\/v2\/posts\/168183"}],"collection":[{"href":"https:\/\/epochtimestr.com\/index.php\/wp-json\/wp\/v2\/posts"}],"about":[{"href":"https:\/\/epochtimestr.com\/index.php\/wp-json\/wp\/v2\/types\/post"}],"author":[{"embeddable":true,"href":"https:\/\/epochtimestr.com\/index.php\/wp-json\/wp\/v2\/users\/12791"}],"replies":[{"embeddable":true,"href":"https:\/\/epochtimestr.com\/index.php\/wp-json\/wp\/v2\/comments?post=168183"}],"version-history":[{"count":2,"href":"https:\/\/epochtimestr.com\/index.php\/wp-json\/wp\/v2\/posts\/168183\/revisions"}],"predecessor-version":[{"id":168187,"href":"https:\/\/epochtimestr.com\/index.php\/wp-json\/wp\/v2\/posts\/168183\/revisions\/168187"}],"wp:featuredmedia":[{"embeddable":true,"href":"https:\/\/epochtimestr.com\/index.php\/wp-json\/wp\/v2\/media\/168184"}],"wp:attachment":[{"href":"https:\/\/epochtimestr.com\/index.php\/wp-json\/wp\/v2\/media?parent=168183"}],"wp:term":[{"taxonomy":"category","embeddable":true,"href":"https:\/\/epochtimestr.com\/index.php\/wp-json\/wp\/v2\/categories?post=168183"},{"taxonomy":"post_tag","embeddable":true,"href":"https:\/\/epochtimestr.com\/index.php\/wp-json\/wp\/v2\/tags?post=168183"}],"curies":[{"name":"wp","href":"https:\/\/api.w.org\/{rel}","templated":true}]}}