{"id":168193,"date":"2026-07-01T17:41:01","date_gmt":"2026-07-01T14:41:01","guid":{"rendered":"https:\/\/epochtimestr.com\/?p=168193"},"modified":"2026-07-01T17:41:04","modified_gmt":"2026-07-01T14:41:04","slug":"turkiye-nato-avrupa-kanadini-guclendirecek","status":"publish","type":"post","link":"https:\/\/epochtimestr.com\/index.php\/turkiye-nato-avrupa-kanadini-guclendirecek","title":{"rendered":"T\u00fcrkiye NATO Avrupa Kanad\u0131n\u0131 G\u00fc\u00e7lendirecek"},"content":{"rendered":"<div class=\"wp-block-image\">\n<figure class=\"aligncenter size-full\"><img loading=\"lazy\" decoding=\"async\" width=\"1200\" height=\"800\" src=\"https:\/\/epochtimestr.com\/wp-content\/uploads\/2011y\/1000041814.webp\" alt=\"T\u00fcrkiye, Ankara'da d\u00fczenlenecek NATO Zirvesi'nde Avrupa kanad\u0131n\u0131 g\u00fc\u00e7lendirecek yol haritas\u0131n\u0131n h\u0131z kazanaca\u011f\u0131n\u0131 a\u00e7\u0131klad\u0131.    T\u00fcrkiye'nin d\u00f6nemin yeni atanan Milli Savunma Bakan\u0131 Ya\u015far G\u00fcler, 05 Haziran 2023'te Ankara'daki Milli Savunma Bakanl\u0131\u011f\u0131'nda d\u00fczenlenen devir teslim t\u00f6reninde konu\u015fuyor. (Adem Altan\/AFP\/Getty Images)\" class=\"wp-image-168194\" srcset=\"https:\/\/epochtimestr.com\/wp-content\/uploads\/2011y\/1000041814.webp 1200w, https:\/\/epochtimestr.com\/wp-content\/uploads\/2011y\/1000041814-300x200.webp 300w, https:\/\/epochtimestr.com\/wp-content\/uploads\/2011y\/1000041814-150x100.webp 150w, https:\/\/epochtimestr.com\/wp-content\/uploads\/2011y\/1000041814-768x512.webp 768w\" sizes=\"(max-width: 1200px) 100vw, 1200px\" \/><figcaption class=\"wp-element-caption\">T\u00fcrkiye, Ankara&#8217;da d\u00fczenlenecek NATO Zirvesi&#8217;nde Avrupa kanad\u0131n\u0131 g\u00fc\u00e7lendirecek yol haritas\u0131n\u0131n h\u0131z kazanaca\u011f\u0131n\u0131 a\u00e7\u0131klad\u0131. T\u00fcrkiye Milli Savunma Bakan\u0131 Ya\u015far G\u00fcler, Milli Savunma Bakanl\u0131\u011f\u0131&#8217;nda d\u00fczenlenen devir teslim t\u00f6reninde konu\u015furken. 05 Haziran 2023, Ankara. (Foto\u011fraf: Adem Altan, AFP &#8211; Getty Images, The Epoch Times arac\u0131l\u0131\u011f\u0131yla)<\/figcaption><\/figure><\/div>\n\n\n<p>T\u00fcrkiye, NATO Avrupa kanad\u0131n\u0131 g\u00fc\u00e7lendirecek somut yol haritas\u0131 \u00e7al\u0131\u015fmalar\u0131n\u0131n h\u0131z kazanaca\u011f\u0131n\u0131 a\u00e7\u0131klad\u0131. Milli Savunma Bakan\u0131 Ya\u015far G\u00fcler, 30 Haziran 2026&#8217;da Reuters&#8217;a yapt\u0131\u011f\u0131 de\u011ferlendirmede, <a href=\"https:\/\/www.theepochtimes.com\/world\/efforts-to-create-roadmap-for-strengthening-european-nato-pillar-to-intensify-turkey-says-6055355\" target=\"_blank\" rel=\"noreferrer noopener\">Ankara&#8217;da d\u00fczenlenecek NATO Zirvesi<\/a>&#8216;nin temel g\u00fcndem maddelerini payla\u015ft\u0131.<\/p>\n\n\n\n<p>Ankara, 7 ve 8 Temmuz 2026 tarihlerinde 32 NATO liderini a\u011f\u0131rlayacak. Zirveye ayr\u0131ca K\u00f6rfez ve Asya-Pasifik b\u00f6lgesinden yetkililer de kat\u0131lacak.<\/p>\n\n\n\n<p>Bakan G\u00fcler, m\u00fcttefiklerin savunma harcamalar\u0131n\u0131 art\u0131rma planlar\u0131n\u0131 a\u00e7\u0131klayaca\u011f\u0131n\u0131 s\u00f6yledi. Ayr\u0131ca ittifak\u0131n birlik mesaj\u0131n\u0131 yineleyece\u011fini ve savunma sanayisinin g\u00fc\u00e7lendirilmesine y\u00f6nelik ad\u0131mlar\u0131n de\u011ferlendirilece\u011fini belirtti. Bununla birlikte Ukrayna&#8217;ya deste\u011fin de g\u00fcndemde yer alaca\u011f\u0131n\u0131 aktard\u0131.<\/p>\n\n\n\n<p>G\u00fcler, NATO&#8217;nun Euro-Atlantik g\u00fcvenli\u011fi i\u00e7in temel platform olmay\u0131 s\u00fcrd\u00fcrd\u00fc\u011f\u00fcn\u00fc vurgulad\u0131. Ancak mevcut d\u00f6nemin kriz olarak g\u00f6r\u00fclmedi\u011fini, bunun yerine de\u011fi\u015fen g\u00fcvenlik ortam\u0131na uyum s\u00fcreci ya\u015fand\u0131\u011f\u0131n\u0131 s\u00f6yledi.<\/p>\n\n\n\n<p>Bakan G\u00fcler, ABD&#8217;nin NATO&#8217;dan \u00e7ekilmeyi planlamad\u0131\u011f\u0131n\u0131, ancak Avrupa \u00fclkelerinin k\u0131tan\u0131n g\u00fcvenli\u011finde daha fazla sorumluluk \u00fcstlenmesini istedi\u011fini ifade etti. <a href=\"https:\/\/epochtimestr.com\/index.php\/trump-bu-yil-gerceklestirecegi-turkiye-ziyareti-hakkinda-konustu\" target=\"_blank\" rel=\"noreferrer noopener\">Trump y\u00f6netimi<\/a>, m\u00fcttefiklerin savunma harcamalar\u0131n\u0131 daha \u00f6nce ele\u015ftirmi\u015f, ayr\u0131ca \u0130ran sava\u015f\u0131 s\u0131ras\u0131nda baz\u0131 \u00fclkelerin yeterli dayan\u0131\u015fma g\u00f6stermedi\u011fini s\u00f6ylemi\u015fti.<\/p>\n\n\n\n<p>T\u00fcrkiye, NATO&#8217;nun ikinci b\u00fcy\u00fck ordusuna sahip \u00fclkesi konumunda. Ayr\u0131ca son y\u0131llarda d\u0131\u015fa ba\u011f\u0131ml\u0131l\u0131\u011f\u0131 azaltan \u00f6nemli savunma yat\u0131r\u0131mlar\u0131 ger\u00e7ekle\u015ftirdi. Bununla ilgili olarak G\u00fcler, T\u00fcrkiye&#8217;nin \u00f6ncelikli savunma alanlar\u0131n\u0131 da s\u0131ralad\u0131. \u0130nsans\u0131z hava ara\u00e7lar\u0131 ve anti-drone sistemleri \u00f6ne \u00e7\u0131k\u0131yor. Ayr\u0131ca hava savunmas\u0131, f\u00fcze sistemleri, deniz projeleri ve siber kabiliyetlerin g\u00fc\u00e7lendirilmesi de g\u00fcndemde. Bu \u00f6ncelikler, Avrupal\u0131 askeri yetkililerin son de\u011ferlendirmeleriyle b\u00fcy\u00fck \u00f6l\u00e7\u00fcde \u00f6rt\u00fc\u015f\u00fcyor. <\/p>\n\n\n\n<p>Son olarak NATO Avrupa M\u00fcttefik Y\u00fcksek Kararg\u00e2h\u0131 Komutan Yard\u0131mc\u0131s\u0131 Hava Mare\u015fali Sir Johnny Stringer de\u011ferlendirmelerde bulundu. Ge\u00e7en hafta Londra&#8217;daki savunma konferans\u0131nda konu\u015fan Stringer, d\u00fc\u015f\u00fck maliyetli sistemlerin seri \u00fcretimine a\u011f\u0131rl\u0131k verilmesini istedi. Ayr\u0131ca elektromanyetik harp, hava savunmas\u0131 ve uzun menzilli hassas vuru\u015f kabiliyetlerinin art\u0131r\u0131lmas\u0131 \u00e7a\u011fr\u0131s\u0131n\u0131 dile getirdi.<\/p>\n","protected":false},"excerpt":{"rendered":"<p>T\u00fcrkiye, NATO Avrupa kanad\u0131n\u0131 g\u00fc\u00e7lendirecek somut yol haritas\u0131 \u00e7al\u0131\u015fmalar\u0131n\u0131n h\u0131z kazanaca\u011f\u0131n\u0131 a\u00e7\u0131klad\u0131. Milli Savunma Bakan\u0131 Ya\u015far G\u00fcler, 30 Haziran 2026&#8217;da Reuters&#8217;a yapt\u0131\u011f\u0131 de\u011ferlendirmede, Ankara&#8217;da d\u00fczenlenecek NATO Zirvesi&#8216;nin temel g\u00fcndem maddelerini payla\u015ft\u0131. Ankara, 7 ve 8 Temmuz 2026 tarihlerinde 32 NATO liderini a\u011f\u0131rlayacak. Zirveye ayr\u0131ca K\u00f6rfez ve Asya-Pasifik b\u00f6lgesinden yetkililer de kat\u0131lacak. Bakan G\u00fcler, m\u00fcttefiklerin savunma [&hellip;]<\/p>\n","protected":false},"author":13996,"featured_media":168194,"comment_status":"open","ping_status":"open","sticky":false,"template":"","format":"standard","meta":{"_yoast_wpseo_focuskw":"T\u00fcrkiye - NATO","_yoast_wpseo_title":"","_yoast_wpseo_metadesc":"T\u00fcrkiye, Ankara'da d\u00fczenlenecek NATO Zirvesi'nde Avrupa kanad\u0131n\u0131 g\u00fc\u00e7lendirecek yol haritas\u0131n\u0131n h\u0131z kazanaca\u011f\u0131n\u0131 a\u00e7\u0131klad\u0131.","_bbp_topic_count":0,"_bbp_reply_count":0,"_bbp_total_topic_count":0,"_bbp_total_reply_count":0,"_bbp_voice_count":0,"_bbp_anonymous_reply_count":0,"_bbp_topic_count_hidden":0,"_bbp_reply_count_hidden":0,"_bbp_forum_subforum_count":0,"footnotes":"","_yoast_wpseo_focuskw_text_input":""},"categories":[5,1,8138],"tags":[407,285,722,11615,8873,328,11613],"yoast_head":"<!-- This site is optimized with the Yoast SEO plugin v23.0 - https:\/\/yoast.com\/wordpress\/plugins\/seo\/ -->\n<title>T\u00fcrkiye NATO Avrupa Kanad\u0131n\u0131 G\u00fc\u00e7lendirecek - The Epoch Times TR<\/title>\n<meta name=\"description\" content=\"T\u00fcrkiye, Ankara&#039;da d\u00fczenlenecek NATO Zirvesi&#039;nde Avrupa kanad\u0131n\u0131 g\u00fc\u00e7lendirecek yol haritas\u0131n\u0131n h\u0131z kazanaca\u011f\u0131n\u0131 a\u00e7\u0131klad\u0131.\" \/>\n<meta name=\"robots\" content=\"index, follow, max-snippet:-1, max-image-preview:large, max-video-preview:-1\" \/>\n<link rel=\"canonical\" href=\"https:\/\/epochtimestr.com\/index.php\/turkiye-nato-avrupa-kanadini-guclendirecek\" \/>\n<meta property=\"og:locale\" content=\"tr_TR\" \/>\n<meta property=\"og:type\" content=\"article\" \/>\n<meta property=\"og:title\" content=\"T\u00fcrkiye NATO Avrupa Kanad\u0131n\u0131 G\u00fc\u00e7lendirecek - The Epoch Times TR\" \/>\n<meta property=\"og:description\" content=\"T\u00fcrkiye, Ankara&#039;da d\u00fczenlenecek NATO Zirvesi&#039;nde Avrupa kanad\u0131n\u0131 g\u00fc\u00e7lendirecek yol haritas\u0131n\u0131n h\u0131z kazanaca\u011f\u0131n\u0131 a\u00e7\u0131klad\u0131.\" \/>\n<meta property=\"og:url\" content=\"https:\/\/epochtimestr.com\/index.php\/turkiye-nato-avrupa-kanadini-guclendirecek\" \/>\n<meta property=\"og:site_name\" content=\"The Epoch Times TR\" \/>\n<meta property=\"article:publisher\" content=\"https:\/\/www.facebook.com\/theepochtimestr\" \/>\n<meta property=\"article:published_time\" content=\"2026-07-01T14:41:01+00:00\" \/>\n<meta property=\"article:modified_time\" content=\"2026-07-01T14:41:04+00:00\" \/>\n<meta property=\"og:image\" content=\"https:\/\/epochtimestr.com\/wp-content\/uploads\/2011y\/1000041814.webp\" \/>\n\t<meta property=\"og:image:width\" content=\"1200\" \/>\n\t<meta property=\"og:image:height\" content=\"800\" \/>\n\t<meta property=\"og:image:type\" content=\"image\/webp\" \/>\n<meta name=\"author\" content=\"Leo Bajelan\" \/>\n<meta name=\"twitter:card\" content=\"summary_large_image\" \/>\n<meta name=\"twitter:creator\" content=\"@TheEpochTimesTR\" \/>\n<meta name=\"twitter:site\" content=\"@TheEpochTimesTR\" \/>\n<meta name=\"twitter:label1\" content=\"Yazan:\" \/>\n\t<meta name=\"twitter:data1\" content=\"Leo Bajelan\" \/>\n\t<meta name=\"twitter:label2\" content=\"Tahmini okuma s\u00fcresi\" \/>\n\t<meta name=\"twitter:data2\" content=\"3 dakika\" \/>\n<script type=\"application\/ld+json\" class=\"yoast-schema-graph\">{\"@context\":\"https:\/\/schema.org\",\"@graph\":[{\"@type\":\"Article\",\"@id\":\"https:\/\/epochtimestr.com\/index.php\/turkiye-nato-avrupa-kanadini-guclendirecek#article\",\"isPartOf\":{\"@id\":\"https:\/\/epochtimestr.com\/index.php\/turkiye-nato-avrupa-kanadini-guclendirecek\"},\"author\":{\"name\":\"Leo Bajelan\",\"@id\":\"https:\/\/epochtimestr.com\/#\/schema\/person\/5fef218711d76d8f232b0e1f1d7e4c0d\"},\"headline\":\"T\u00fcrkiye NATO Avrupa Kanad\u0131n\u0131 G\u00fc\u00e7lendirecek\",\"datePublished\":\"2026-07-01T14:41:01+00:00\",\"dateModified\":\"2026-07-01T14:41:04+00:00\",\"mainEntityOfPage\":{\"@id\":\"https:\/\/epochtimestr.com\/index.php\/turkiye-nato-avrupa-kanadini-guclendirecek\"},\"wordCount\":436,\"commentCount\":0,\"publisher\":{\"@id\":\"https:\/\/epochtimestr.com\/#organization\"},\"image\":{\"@id\":\"https:\/\/epochtimestr.com\/index.php\/turkiye-nato-avrupa-kanadini-guclendirecek#primaryimage\"},\"thumbnailUrl\":\"https:\/\/epochtimestr.com\/wp-content\/uploads\/2011y\/1000041814.webp\",\"keywords\":[\"ABD\",\"Avrupa\",\"NATO\",\"NATO Avrupa\",\"NATO zirvesi\",\"T\u00fcrkiye\",\"Ya\u015far G\u00fcler\"],\"articleSection\":[\"D\u00dcNYA\",\"G\u00dcNDEM\",\"MAN\u015eET\"],\"inLanguage\":\"tr\",\"potentialAction\":[{\"@type\":\"CommentAction\",\"name\":\"Comment\",\"target\":[\"https:\/\/epochtimestr.com\/index.php\/turkiye-nato-avrupa-kanadini-guclendirecek#respond\"]}]},{\"@type\":\"WebPage\",\"@id\":\"https:\/\/epochtimestr.com\/index.php\/turkiye-nato-avrupa-kanadini-guclendirecek\",\"url\":\"https:\/\/epochtimestr.com\/index.php\/turkiye-nato-avrupa-kanadini-guclendirecek\",\"name\":\"T\u00fcrkiye NATO Avrupa Kanad\u0131n\u0131 G\u00fc\u00e7lendirecek - The Epoch Times TR\",\"isPartOf\":{\"@id\":\"https:\/\/epochtimestr.com\/#website\"},\"primaryImageOfPage\":{\"@id\":\"https:\/\/epochtimestr.com\/index.php\/turkiye-nato-avrupa-kanadini-guclendirecek#primaryimage\"},\"image\":{\"@id\":\"https:\/\/epochtimestr.com\/index.php\/turkiye-nato-avrupa-kanadini-guclendirecek#primaryimage\"},\"thumbnailUrl\":\"https:\/\/epochtimestr.com\/wp-content\/uploads\/2011y\/1000041814.webp\",\"datePublished\":\"2026-07-01T14:41:01+00:00\",\"dateModified\":\"2026-07-01T14:41:04+00:00\",\"description\":\"T\u00fcrkiye, Ankara'da d\u00fczenlenecek NATO Zirvesi'nde Avrupa kanad\u0131n\u0131 g\u00fc\u00e7lendirecek yol haritas\u0131n\u0131n h\u0131z kazanaca\u011f\u0131n\u0131 a\u00e7\u0131klad\u0131.\",\"inLanguage\":\"tr\",\"potentialAction\":[{\"@type\":\"ReadAction\",\"target\":[\"https:\/\/epochtimestr.com\/index.php\/turkiye-nato-avrupa-kanadini-guclendirecek\"]}]},{\"@type\":\"ImageObject\",\"inLanguage\":\"tr\",\"@id\":\"https:\/\/epochtimestr.com\/index.php\/turkiye-nato-avrupa-kanadini-guclendirecek#primaryimage\",\"url\":\"https:\/\/epochtimestr.com\/wp-content\/uploads\/2011y\/1000041814.webp\",\"contentUrl\":\"https:\/\/epochtimestr.com\/wp-content\/uploads\/2011y\/1000041814.webp\",\"width\":1200,\"height\":800},{\"@type\":\"WebSite\",\"@id\":\"https:\/\/epochtimestr.com\/#website\",\"url\":\"https:\/\/epochtimestr.com\/\",\"name\":\"The Epoch Times TR\",\"description\":\"De\u011fi\u015fen D\u00fcnyam\u0131za Taze Bir Bak\u0131\u015f\",\"publisher\":{\"@id\":\"https:\/\/epochtimestr.com\/#organization\"},\"potentialAction\":[{\"@type\":\"SearchAction\",\"target\":{\"@type\":\"EntryPoint\",\"urlTemplate\":\"https:\/\/epochtimestr.com\/?s={search_term_string}\"},\"query-input\":\"required name=search_term_string\"}],\"inLanguage\":\"tr\"},{\"@type\":\"Organization\",\"@id\":\"https:\/\/epochtimestr.com\/#organization\",\"name\":\"The EpochTimes T\u00fcrkiye\",\"url\":\"https:\/\/epochtimestr.com\/\",\"logo\":{\"@type\":\"ImageObject\",\"inLanguage\":\"tr\",\"@id\":\"https:\/\/epochtimestr.com\/#\/schema\/logo\/image\/\",\"url\":\"https:\/\/epochtimestr.com\/wp-content\/uploads\/2011y\/ET-Logo-YG.jpg\",\"contentUrl\":\"https:\/\/epochtimestr.com\/wp-content\/uploads\/2011y\/ET-Logo-YG.jpg\",\"width\":346,\"height\":29,\"caption\":\"The EpochTimes T\u00fcrkiye\"},\"image\":{\"@id\":\"https:\/\/epochtimestr.com\/#\/schema\/logo\/image\/\"},\"sameAs\":[\"https:\/\/www.facebook.com\/theepochtimestr\",\"https:\/\/x.com\/TheEpochTimesTR\",\"https:\/\/www.instagram.com\/epochtimestr\"]},{\"@type\":\"Person\",\"@id\":\"https:\/\/epochtimestr.com\/#\/schema\/person\/5fef218711d76d8f232b0e1f1d7e4c0d\",\"name\":\"Leo Bajelan\",\"image\":{\"@type\":\"ImageObject\",\"inLanguage\":\"tr\",\"@id\":\"https:\/\/epochtimestr.com\/#\/schema\/person\/image\/\",\"url\":\"https:\/\/secure.gravatar.com\/avatar\/917669146f489549e548a2e9af272df5?s=96&d=mm&r=g\",\"contentUrl\":\"https:\/\/secure.gravatar.com\/avatar\/917669146f489549e548a2e9af272df5?s=96&d=mm&r=g\",\"caption\":\"Leo Bajelan\"},\"url\":\"https:\/\/epochtimestr.com\/index.php\/author\/leo\"}]}<\/script>\n<!-- \/ Yoast SEO plugin. -->","yoast_head_json":{"title":"T\u00fcrkiye NATO Avrupa Kanad\u0131n\u0131 G\u00fc\u00e7lendirecek - The Epoch Times TR","description":"T\u00fcrkiye, Ankara'da d\u00fczenlenecek NATO Zirvesi'nde Avrupa kanad\u0131n\u0131 g\u00fc\u00e7lendirecek yol haritas\u0131n\u0131n h\u0131z kazanaca\u011f\u0131n\u0131 a\u00e7\u0131klad\u0131.","robots":{"index":"index","follow":"follow","max-snippet":"max-snippet:-1","max-image-preview":"max-image-preview:large","max-video-preview":"max-video-preview:-1"},"canonical":"https:\/\/epochtimestr.com\/index.php\/turkiye-nato-avrupa-kanadini-guclendirecek","og_locale":"tr_TR","og_type":"article","og_title":"T\u00fcrkiye NATO Avrupa Kanad\u0131n\u0131 G\u00fc\u00e7lendirecek - The Epoch Times TR","og_description":"T\u00fcrkiye, Ankara'da d\u00fczenlenecek NATO Zirvesi'nde Avrupa kanad\u0131n\u0131 g\u00fc\u00e7lendirecek yol haritas\u0131n\u0131n h\u0131z kazanaca\u011f\u0131n\u0131 a\u00e7\u0131klad\u0131.","og_url":"https:\/\/epochtimestr.com\/index.php\/turkiye-nato-avrupa-kanadini-guclendirecek","og_site_name":"The Epoch Times TR","article_publisher":"https:\/\/www.facebook.com\/theepochtimestr","article_published_time":"2026-07-01T14:41:01+00:00","article_modified_time":"2026-07-01T14:41:04+00:00","og_image":[{"width":1200,"height":800,"url":"https:\/\/epochtimestr.com\/wp-content\/uploads\/2011y\/1000041814.webp","type":"image\/webp"}],"author":"Leo Bajelan","twitter_card":"summary_large_image","twitter_creator":"@TheEpochTimesTR","twitter_site":"@TheEpochTimesTR","twitter_misc":{"Yazan:":"Leo Bajelan","Tahmini okuma s\u00fcresi":"3 dakika"},"schema":{"@context":"https:\/\/schema.org","@graph":[{"@type":"Article","@id":"https:\/\/epochtimestr.com\/index.php\/turkiye-nato-avrupa-kanadini-guclendirecek#article","isPartOf":{"@id":"https:\/\/epochtimestr.com\/index.php\/turkiye-nato-avrupa-kanadini-guclendirecek"},"author":{"name":"Leo Bajelan","@id":"https:\/\/epochtimestr.com\/#\/schema\/person\/5fef218711d76d8f232b0e1f1d7e4c0d"},"headline":"T\u00fcrkiye NATO Avrupa Kanad\u0131n\u0131 G\u00fc\u00e7lendirecek","datePublished":"2026-07-01T14:41:01+00:00","dateModified":"2026-07-01T14:41:04+00:00","mainEntityOfPage":{"@id":"https:\/\/epochtimestr.com\/index.php\/turkiye-nato-avrupa-kanadini-guclendirecek"},"wordCount":436,"commentCount":0,"publisher":{"@id":"https:\/\/epochtimestr.com\/#organization"},"image":{"@id":"https:\/\/epochtimestr.com\/index.php\/turkiye-nato-avrupa-kanadini-guclendirecek#primaryimage"},"thumbnailUrl":"https:\/\/epochtimestr.com\/wp-content\/uploads\/2011y\/1000041814.webp","keywords":["ABD","Avrupa","NATO","NATO Avrupa","NATO zirvesi","T\u00fcrkiye","Ya\u015far G\u00fcler"],"articleSection":["D\u00dcNYA","G\u00dcNDEM","MAN\u015eET"],"inLanguage":"tr","potentialAction":[{"@type":"CommentAction","name":"Comment","target":["https:\/\/epochtimestr.com\/index.php\/turkiye-nato-avrupa-kanadini-guclendirecek#respond"]}]},{"@type":"WebPage","@id":"https:\/\/epochtimestr.com\/index.php\/turkiye-nato-avrupa-kanadini-guclendirecek","url":"https:\/\/epochtimestr.com\/index.php\/turkiye-nato-avrupa-kanadini-guclendirecek","name":"T\u00fcrkiye NATO Avrupa Kanad\u0131n\u0131 G\u00fc\u00e7lendirecek - The Epoch Times TR","isPartOf":{"@id":"https:\/\/epochtimestr.com\/#website"},"primaryImageOfPage":{"@id":"https:\/\/epochtimestr.com\/index.php\/turkiye-nato-avrupa-kanadini-guclendirecek#primaryimage"},"image":{"@id":"https:\/\/epochtimestr.com\/index.php\/turkiye-nato-avrupa-kanadini-guclendirecek#primaryimage"},"thumbnailUrl":"https:\/\/epochtimestr.com\/wp-content\/uploads\/2011y\/1000041814.webp","datePublished":"2026-07-01T14:41:01+00:00","dateModified":"2026-07-01T14:41:04+00:00","description":"T\u00fcrkiye, Ankara'da d\u00fczenlenecek NATO Zirvesi'nde Avrupa kanad\u0131n\u0131 g\u00fc\u00e7lendirecek yol haritas\u0131n\u0131n h\u0131z kazanaca\u011f\u0131n\u0131 a\u00e7\u0131klad\u0131.","inLanguage":"tr","potentialAction":[{"@type":"ReadAction","target":["https:\/\/epochtimestr.com\/index.php\/turkiye-nato-avrupa-kanadini-guclendirecek"]}]},{"@type":"ImageObject","inLanguage":"tr","@id":"https:\/\/epochtimestr.com\/index.php\/turkiye-nato-avrupa-kanadini-guclendirecek#primaryimage","url":"https:\/\/epochtimestr.com\/wp-content\/uploads\/2011y\/1000041814.webp","contentUrl":"https:\/\/epochtimestr.com\/wp-content\/uploads\/2011y\/1000041814.webp","width":1200,"height":800},{"@type":"WebSite","@id":"https:\/\/epochtimestr.com\/#website","url":"https:\/\/epochtimestr.com\/","name":"The Epoch Times TR","description":"De\u011fi\u015fen D\u00fcnyam\u0131za Taze Bir Bak\u0131\u015f","publisher":{"@id":"https:\/\/epochtimestr.com\/#organization"},"potentialAction":[{"@type":"SearchAction","target":{"@type":"EntryPoint","urlTemplate":"https:\/\/epochtimestr.com\/?s={search_term_string}"},"query-input":"required name=search_term_string"}],"inLanguage":"tr"},{"@type":"Organization","@id":"https:\/\/epochtimestr.com\/#organization","name":"The EpochTimes T\u00fcrkiye","url":"https:\/\/epochtimestr.com\/","logo":{"@type":"ImageObject","inLanguage":"tr","@id":"https:\/\/epochtimestr.com\/#\/schema\/logo\/image\/","url":"https:\/\/epochtimestr.com\/wp-content\/uploads\/2011y\/ET-Logo-YG.jpg","contentUrl":"https:\/\/epochtimestr.com\/wp-content\/uploads\/2011y\/ET-Logo-YG.jpg","width":346,"height":29,"caption":"The EpochTimes T\u00fcrkiye"},"image":{"@id":"https:\/\/epochtimestr.com\/#\/schema\/logo\/image\/"},"sameAs":["https:\/\/www.facebook.com\/theepochtimestr","https:\/\/x.com\/TheEpochTimesTR","https:\/\/www.instagram.com\/epochtimestr"]},{"@type":"Person","@id":"https:\/\/epochtimestr.com\/#\/schema\/person\/5fef218711d76d8f232b0e1f1d7e4c0d","name":"Leo Bajelan","image":{"@type":"ImageObject","inLanguage":"tr","@id":"https:\/\/epochtimestr.com\/#\/schema\/person\/image\/","url":"https:\/\/secure.gravatar.com\/avatar\/917669146f489549e548a2e9af272df5?s=96&d=mm&r=g","contentUrl":"https:\/\/secure.gravatar.com\/avatar\/917669146f489549e548a2e9af272df5?s=96&d=mm&r=g","caption":"Leo Bajelan"},"url":"https:\/\/epochtimestr.com\/index.php\/author\/leo"}]}},"_links":{"self":[{"href":"https:\/\/epochtimestr.com\/index.php\/wp-json\/wp\/v2\/posts\/168193"}],"collection":[{"href":"https:\/\/epochtimestr.com\/index.php\/wp-json\/wp\/v2\/posts"}],"about":[{"href":"https:\/\/epochtimestr.com\/index.php\/wp-json\/wp\/v2\/types\/post"}],"author":[{"embeddable":true,"href":"https:\/\/epochtimestr.com\/index.php\/wp-json\/wp\/v2\/users\/13996"}],"replies":[{"embeddable":true,"href":"https:\/\/epochtimestr.com\/index.php\/wp-json\/wp\/v2\/comments?post=168193"}],"version-history":[{"count":2,"href":"https:\/\/epochtimestr.com\/index.php\/wp-json\/wp\/v2\/posts\/168193\/revisions"}],"predecessor-version":[{"id":168201,"href":"https:\/\/epochtimestr.com\/index.php\/wp-json\/wp\/v2\/posts\/168193\/revisions\/168201"}],"wp:featuredmedia":[{"embeddable":true,"href":"https:\/\/epochtimestr.com\/index.php\/wp-json\/wp\/v2\/media\/168194"}],"wp:attachment":[{"href":"https:\/\/epochtimestr.com\/index.php\/wp-json\/wp\/v2\/media?parent=168193"}],"wp:term":[{"taxonomy":"category","embeddable":true,"href":"https:\/\/epochtimestr.com\/index.php\/wp-json\/wp\/v2\/categories?post=168193"},{"taxonomy":"post_tag","embeddable":true,"href":"https:\/\/epochtimestr.com\/index.php\/wp-json\/wp\/v2\/tags?post=168193"}],"curies":[{"name":"wp","href":"https:\/\/api.w.org\/{rel}","templated":true}]}}