{"id":168209,"date":"2026-07-02T10:43:45","date_gmt":"2026-07-02T07:43:45","guid":{"rendered":"https:\/\/epochtimestr.com\/?p=168209"},"modified":"2026-07-02T10:43:47","modified_gmt":"2026-07-02T07:43:47","slug":"imamoglundan-nato-zirvesi-elestirisi","status":"publish","type":"post","link":"https:\/\/epochtimestr.com\/index.php\/imamoglundan-nato-zirvesi-elestirisi","title":{"rendered":"\u0130mamo\u011flu\u2019ndan NATO Zirvesi Ele\u015ftirisi"},"content":{"rendered":"<div class=\"wp-block-image\">\n<figure class=\"aligncenter size-full\"><img loading=\"lazy\" decoding=\"async\" width=\"1440\" height=\"810\" src=\"https:\/\/epochtimestr.com\/wp-content\/uploads\/2011y\/imamoglu-9-1.webp\" alt=\"\u0130mamo\u011flu, NATO Zirvesi \u00f6ncesinde al\u0131nan g\u00fcvenlik \u00f6nlemleri, kapat\u0131lan yollar ve g\u00f6zalt\u0131 iddialar\u0131na tepki g\u00f6sterdi.\" class=\"wp-image-167946\" srcset=\"https:\/\/epochtimestr.com\/wp-content\/uploads\/2011y\/imamoglu-9-1.webp 1440w, https:\/\/epochtimestr.com\/wp-content\/uploads\/2011y\/imamoglu-9-1-300x169.webp 300w, https:\/\/epochtimestr.com\/wp-content\/uploads\/2011y\/imamoglu-9-1-150x84.webp 150w, https:\/\/epochtimestr.com\/wp-content\/uploads\/2011y\/imamoglu-9-1-768x432.webp 768w\" sizes=\"(max-width: 1440px) 100vw, 1440px\" \/><figcaption class=\"wp-element-caption\">\u0130mamo\u011flu, NATO Zirvesi \u00f6ncesinde al\u0131nan g\u00fcvenlik \u00f6nlemleri, kapat\u0131lan yollar ve g\u00f6zalt\u0131 iddialar\u0131na tepki g\u00f6sterdi.<\/figcaption><\/figure><\/div>\n\n\n<h2 class=\"wp-block-heading\">\u0130mamo\u011flu NATO Zirvesi \u00f6ncesinde al\u0131nan g\u00fcvenlik \u00f6nlemleri, kapat\u0131lan yollar ve g\u00f6zalt\u0131 iddialar\u0131na tepki g\u00f6sterdi.<\/h2>\n\n\n\n<p><a href=\"https:\/\/epochtimestr.com\/index.php\/secilmis-chp-genel-baskani-ozgur-ozel-anitkabire-yurudu\" target=\"_blank\" rel=\"noreferrer noopener\">CHP<\/a>&#8216;nin tutuklu cumhurba\u015fkan\u0131 aday\u0131 ve se\u00e7ilmi\u015f \u0130stanbul B\u00fcy\u00fck\u015fehir Belediye Ba\u015fkan\u0131 <a href=\"https:\/\/epochtimestr.com\/index.php\/ekrem-imamoglu-bizi-de-bu-milleti-de-yildiramazlar\" target=\"_blank\" rel=\"noreferrer noopener\">Ekrem \u0130mamo\u011flu<\/a>, 7-8 Temmuz&#8217;da Ankara&#8217;da ger\u00e7ekle\u015ftirilecek <a href=\"https:\/\/epochtimestr.com\/index.php\/turkiye-nato-avrupa-kanadini-guclendirecek\" target=\"_blank\" rel=\"noreferrer noopener\">NATO<\/a> Zirvesi \u00f6ncesinde al\u0131nan g\u00fcvenlik tedbirlerine ili\u015fkin sosyal medya hesab\u0131ndan a\u00e7\u0131klama yapt\u0131.<\/p>\n\n\n\n<p><strong>Cumhurba\u015fkanl\u0131\u011f\u0131 Aday Ofisi hesab\u0131ndan yap\u0131lan payla\u015f\u0131mda \u0130mamo\u011flu;<\/strong><br \/>&#8220;NATO Zirvesi \u00f6ncesinde Ankara\u2019da ortaya \u00e7\u0131kan tablo, iktidar\u0131n kendi halk\u0131na duydu\u011fu g\u00fcvensizli\u011fi bir kez daha ortaya koydu.<\/p>\n\n\n\n<p>Kendine g\u00fcvenen bir h\u00fck\u00fcmet, \u00fclkesini ve halk\u0131n\u0131 misafirlerinden saklamaya \u00e7al\u0131\u015fmaz. Gazeteciden ve ifade \u00f6zg\u00fcrl\u00fc\u011f\u00fcnden \u00e7ekinmez. Vatanda\u015f\u0131ndan utanmaz. Yurtta\u015f\u0131n\u0131 tehdit gibi g\u00f6rmez. \u015eehrin ola\u011fan hayat\u0131n\u0131 ask\u0131ya alarak itibar kazanaca\u011f\u0131n\u0131 akl\u0131ndan bile ge\u00e7irmez.<\/p>\n\n\n\n<p>Zirve \u00f6ncesinde g\u00f6z\u00fcn\u00fcn \u00fcst\u00fcnde ka\u015f\u0131n var denilerek g\u00f6zalt\u0131na al\u0131nan y\u00fczlerce ki\u015fi, akreditasyonu engellenen gazeteciler, ola\u011fan\u00fcst\u00fc g\u00fcvenlik \u00f6nlemleriyle g\u00fcnl\u00fck hayat\u0131ndan kopar\u0131lan bir ba\u015fkent\u2026<\/p>\n\n\n\n<p>Erdo\u011fan\u2019\u0131n \u00fclkemize reva g\u00f6rd\u00fc\u011f\u00fc tablo budur.<\/p>\n\n\n\n<p>T\u00fcrkiye\u2019nin panellerin veya kapal\u0131 yollar\u0131n arkas\u0131nda gizlenecek, utan\u0131lacak bir g\u00f6r\u00fcnt\u00fcs\u00fc yoktur. As\u0131l utan\u0131lacak olan iktidar\u0131n yok etti\u011fi kurumlar, bitirmeye ant i\u00e7ti\u011fi demokratik birikim, yurtta\u015flara reva g\u00f6r\u00fclen antidemokratik uygulamalar ve art\u0131k ar\u015fa varan hukuksuzluklard\u0131r. Bunlar\u0131 da panellerle kapatamazs\u0131n\u0131z.<\/p>\n\n\n\n<p>\u0130tibar demokratik ve \u00f6zg\u00fcr bir toplumla kazan\u0131l\u0131r.&#8221; ifadelerini kulland\u0131.<\/p>\n\n\n\n<figure class=\"wp-block-embed is-type-rich is-provider-x wp-block-embed-x\"><div class=\"wp-block-embed__wrapper\">\n<blockquote class=\"twitter-tweet\" data-width=\"550\" data-dnt=\"true\"><p lang=\"tr\" dir=\"ltr\">NATO Zirvesi \u00f6ncesinde Ankara\u2019da ortaya \u00e7\u0131kan tablo, iktidar\u0131n kendi halk\u0131na duydu\u011fu g\u00fcvensizli\u011fi bir kez daha ortaya koydu.<br>\u00a0<br>Kendine g\u00fcvenen bir h\u00fck\u00fcmet, \u00fclkesini ve halk\u0131n\u0131 misafirlerinden saklamaya \u00e7al\u0131\u015fmaz. Gazeteciden ve ifade \u00f6zg\u00fcrl\u00fc\u011f\u00fcnden \u00e7ekinmez. Vatanda\u015f\u0131ndan utanmaz.\u2026<\/p>&mdash; Cumhurba\u015fkanl\u0131\u011f\u0131 Aday Ofisi (@CAOIletisim1) <a href=\"https:\/\/x.com\/CAOIletisim1\/status\/2071974423289008305?ref_src=twsrc%5Etfw\">June 30, 2026<\/a><\/blockquote><script async src=\"https:\/\/platform.x.com\/widgets.js\" charset=\"utf-8\"><\/script>\n<\/div><\/figure>\n","protected":false},"excerpt":{"rendered":"<p>\u0130mamo\u011flu NATO Zirvesi \u00f6ncesinde al\u0131nan g\u00fcvenlik \u00f6nlemleri, kapat\u0131lan yollar ve g\u00f6zalt\u0131 iddialar\u0131na tepki g\u00f6sterdi. CHP&#8216;nin tutuklu cumhurba\u015fkan\u0131 aday\u0131 ve se\u00e7ilmi\u015f \u0130stanbul B\u00fcy\u00fck\u015fehir Belediye Ba\u015fkan\u0131 Ekrem \u0130mamo\u011flu, 7-8 Temmuz&#8217;da Ankara&#8217;da ger\u00e7ekle\u015ftirilecek NATO Zirvesi \u00f6ncesinde al\u0131nan g\u00fcvenlik tedbirlerine ili\u015fkin sosyal medya hesab\u0131ndan a\u00e7\u0131klama yapt\u0131. Cumhurba\u015fkanl\u0131\u011f\u0131 Aday Ofisi hesab\u0131ndan yap\u0131lan payla\u015f\u0131mda \u0130mamo\u011flu;&#8220;NATO Zirvesi \u00f6ncesinde Ankara\u2019da ortaya \u00e7\u0131kan tablo, [&hellip;]<\/p>\n","protected":false},"author":12791,"featured_media":167946,"comment_status":"open","ping_status":"open","sticky":false,"template":"","format":"standard","meta":{"_yoast_wpseo_focuskw":"NATO Zirvesi","_yoast_wpseo_title":"","_yoast_wpseo_metadesc":"\u0130mamo\u011flu, NATO Zirvesi \u00f6ncesinde al\u0131nan g\u00fcvenlik \u00f6nlemleri, kapat\u0131lan yollar ve g\u00f6zalt\u0131 iddialar\u0131na tepki g\u00f6sterdi.","_bbp_topic_count":0,"_bbp_reply_count":0,"_bbp_total_topic_count":0,"_bbp_total_reply_count":0,"_bbp_voice_count":0,"_bbp_anonymous_reply_count":0,"_bbp_topic_count_hidden":0,"_bbp_reply_count_hidden":0,"_bbp_forum_subforum_count":0,"footnotes":"","_yoast_wpseo_focuskw_text_input":""},"categories":[1,8138,8226,37],"tags":[7349,722,8717],"yoast_head":"<!-- This site is optimized with the Yoast SEO plugin v23.0 - https:\/\/yoast.com\/wordpress\/plugins\/seo\/ -->\n<title>\u0130mamo\u011flu\u2019ndan NATO Zirvesi Ele\u015ftirisi - The Epoch Times TR<\/title>\n<meta name=\"description\" content=\"\u0130mamo\u011flu, NATO Zirvesi \u00f6ncesinde al\u0131nan g\u00fcvenlik \u00f6nlemleri, kapat\u0131lan yollar ve g\u00f6zalt\u0131 iddialar\u0131na tepki g\u00f6sterdi.\" \/>\n<meta name=\"robots\" content=\"index, follow, max-snippet:-1, max-image-preview:large, max-video-preview:-1\" \/>\n<link rel=\"canonical\" href=\"https:\/\/epochtimestr.com\/index.php\/imamoglundan-nato-zirvesi-elestirisi\" \/>\n<meta property=\"og:locale\" content=\"tr_TR\" \/>\n<meta property=\"og:type\" content=\"article\" \/>\n<meta property=\"og:title\" content=\"\u0130mamo\u011flu\u2019ndan NATO Zirvesi Ele\u015ftirisi - The Epoch Times TR\" \/>\n<meta property=\"og:description\" content=\"\u0130mamo\u011flu, NATO Zirvesi \u00f6ncesinde al\u0131nan g\u00fcvenlik \u00f6nlemleri, kapat\u0131lan yollar ve g\u00f6zalt\u0131 iddialar\u0131na tepki g\u00f6sterdi.\" \/>\n<meta property=\"og:url\" content=\"https:\/\/epochtimestr.com\/index.php\/imamoglundan-nato-zirvesi-elestirisi\" \/>\n<meta property=\"og:site_name\" content=\"The Epoch Times TR\" \/>\n<meta property=\"article:publisher\" content=\"https:\/\/www.facebook.com\/theepochtimestr\" \/>\n<meta property=\"article:published_time\" content=\"2026-07-02T07:43:45+00:00\" \/>\n<meta property=\"article:modified_time\" content=\"2026-07-02T07:43:47+00:00\" \/>\n<meta property=\"og:image\" content=\"https:\/\/epochtimestr.com\/wp-content\/uploads\/2011y\/imamoglu-9-1.webp\" \/>\n\t<meta property=\"og:image:width\" content=\"1440\" \/>\n\t<meta property=\"og:image:height\" content=\"810\" \/>\n\t<meta property=\"og:image:type\" content=\"image\/webp\" \/>\n<meta name=\"author\" content=\"Haber Merkezi\" \/>\n<meta name=\"twitter:card\" content=\"summary_large_image\" \/>\n<meta name=\"twitter:creator\" content=\"@TheEpochTimesTR\" \/>\n<meta name=\"twitter:site\" content=\"@TheEpochTimesTR\" \/>\n<meta name=\"twitter:label1\" content=\"Yazan:\" \/>\n\t<meta name=\"twitter:data1\" content=\"Haber Merkezi\" \/>\n\t<meta name=\"twitter:label2\" content=\"Tahmini okuma s\u00fcresi\" \/>\n\t<meta name=\"twitter:data2\" content=\"2 dakika\" \/>\n<script type=\"application\/ld+json\" class=\"yoast-schema-graph\">{\"@context\":\"https:\/\/schema.org\",\"@graph\":[{\"@type\":\"Article\",\"@id\":\"https:\/\/epochtimestr.com\/index.php\/imamoglundan-nato-zirvesi-elestirisi#article\",\"isPartOf\":{\"@id\":\"https:\/\/epochtimestr.com\/index.php\/imamoglundan-nato-zirvesi-elestirisi\"},\"author\":{\"name\":\"Haber Merkezi\",\"@id\":\"https:\/\/epochtimestr.com\/#\/schema\/person\/3dc5c3adeb9f43923c5aa85889172fdd\"},\"headline\":\"\u0130mamo\u011flu\u2019ndan NATO Zirvesi Ele\u015ftirisi\",\"datePublished\":\"2026-07-02T07:43:45+00:00\",\"dateModified\":\"2026-07-02T07:43:47+00:00\",\"mainEntityOfPage\":{\"@id\":\"https:\/\/epochtimestr.com\/index.php\/imamoglundan-nato-zirvesi-elestirisi\"},\"wordCount\":298,\"commentCount\":0,\"publisher\":{\"@id\":\"https:\/\/epochtimestr.com\/#organization\"},\"image\":{\"@id\":\"https:\/\/epochtimestr.com\/index.php\/imamoglundan-nato-zirvesi-elestirisi#primaryimage\"},\"thumbnailUrl\":\"https:\/\/epochtimestr.com\/wp-content\/uploads\/2011y\/imamoglu-9-1.webp\",\"keywords\":[\"\u0130mamo\u011flu\",\"NATO\",\"Tutuklu\"],\"articleSection\":[\"G\u00dcNDEM\",\"MAN\u015eET\",\"Siyaset\",\"T\u00dcRK\u0130YE\"],\"inLanguage\":\"tr\",\"potentialAction\":[{\"@type\":\"CommentAction\",\"name\":\"Comment\",\"target\":[\"https:\/\/epochtimestr.com\/index.php\/imamoglundan-nato-zirvesi-elestirisi#respond\"]}]},{\"@type\":\"WebPage\",\"@id\":\"https:\/\/epochtimestr.com\/index.php\/imamoglundan-nato-zirvesi-elestirisi\",\"url\":\"https:\/\/epochtimestr.com\/index.php\/imamoglundan-nato-zirvesi-elestirisi\",\"name\":\"\u0130mamo\u011flu\u2019ndan NATO Zirvesi Ele\u015ftirisi - The Epoch Times TR\",\"isPartOf\":{\"@id\":\"https:\/\/epochtimestr.com\/#website\"},\"primaryImageOfPage\":{\"@id\":\"https:\/\/epochtimestr.com\/index.php\/imamoglundan-nato-zirvesi-elestirisi#primaryimage\"},\"image\":{\"@id\":\"https:\/\/epochtimestr.com\/index.php\/imamoglundan-nato-zirvesi-elestirisi#primaryimage\"},\"thumbnailUrl\":\"https:\/\/epochtimestr.com\/wp-content\/uploads\/2011y\/imamoglu-9-1.webp\",\"datePublished\":\"2026-07-02T07:43:45+00:00\",\"dateModified\":\"2026-07-02T07:43:47+00:00\",\"description\":\"\u0130mamo\u011flu, NATO Zirvesi \u00f6ncesinde al\u0131nan g\u00fcvenlik \u00f6nlemleri, kapat\u0131lan yollar ve g\u00f6zalt\u0131 iddialar\u0131na tepki g\u00f6sterdi.\",\"inLanguage\":\"tr\",\"potentialAction\":[{\"@type\":\"ReadAction\",\"target\":[\"https:\/\/epochtimestr.com\/index.php\/imamoglundan-nato-zirvesi-elestirisi\"]}]},{\"@type\":\"ImageObject\",\"inLanguage\":\"tr\",\"@id\":\"https:\/\/epochtimestr.com\/index.php\/imamoglundan-nato-zirvesi-elestirisi#primaryimage\",\"url\":\"https:\/\/epochtimestr.com\/wp-content\/uploads\/2011y\/imamoglu-9-1.webp\",\"contentUrl\":\"https:\/\/epochtimestr.com\/wp-content\/uploads\/2011y\/imamoglu-9-1.webp\",\"width\":1440,\"height\":810},{\"@type\":\"WebSite\",\"@id\":\"https:\/\/epochtimestr.com\/#website\",\"url\":\"https:\/\/epochtimestr.com\/\",\"name\":\"The Epoch Times TR\",\"description\":\"De\u011fi\u015fen D\u00fcnyam\u0131za Taze Bir Bak\u0131\u015f\",\"publisher\":{\"@id\":\"https:\/\/epochtimestr.com\/#organization\"},\"potentialAction\":[{\"@type\":\"SearchAction\",\"target\":{\"@type\":\"EntryPoint\",\"urlTemplate\":\"https:\/\/epochtimestr.com\/?s={search_term_string}\"},\"query-input\":\"required name=search_term_string\"}],\"inLanguage\":\"tr\"},{\"@type\":\"Organization\",\"@id\":\"https:\/\/epochtimestr.com\/#organization\",\"name\":\"The EpochTimes T\u00fcrkiye\",\"url\":\"https:\/\/epochtimestr.com\/\",\"logo\":{\"@type\":\"ImageObject\",\"inLanguage\":\"tr\",\"@id\":\"https:\/\/epochtimestr.com\/#\/schema\/logo\/image\/\",\"url\":\"https:\/\/epochtimestr.com\/wp-content\/uploads\/2011y\/ET-Logo-YG.jpg\",\"contentUrl\":\"https:\/\/epochtimestr.com\/wp-content\/uploads\/2011y\/ET-Logo-YG.jpg\",\"width\":346,\"height\":29,\"caption\":\"The EpochTimes T\u00fcrkiye\"},\"image\":{\"@id\":\"https:\/\/epochtimestr.com\/#\/schema\/logo\/image\/\"},\"sameAs\":[\"https:\/\/www.facebook.com\/theepochtimestr\",\"https:\/\/x.com\/TheEpochTimesTR\",\"https:\/\/www.instagram.com\/epochtimestr\"]},{\"@type\":\"Person\",\"@id\":\"https:\/\/epochtimestr.com\/#\/schema\/person\/3dc5c3adeb9f43923c5aa85889172fdd\",\"name\":\"Haber Merkezi\",\"image\":{\"@type\":\"ImageObject\",\"inLanguage\":\"tr\",\"@id\":\"https:\/\/epochtimestr.com\/#\/schema\/person\/image\/\",\"url\":\"https:\/\/secure.gravatar.com\/avatar\/d73f772ba5a74f28601361e17c2f93e6?s=96&d=mm&r=g\",\"contentUrl\":\"https:\/\/secure.gravatar.com\/avatar\/d73f772ba5a74f28601361e17c2f93e6?s=96&d=mm&r=g\",\"caption\":\"Haber Merkezi\"},\"url\":\"https:\/\/epochtimestr.com\/index.php\/author\/sendag\"}]}<\/script>\n<!-- \/ Yoast SEO plugin. -->","yoast_head_json":{"title":"\u0130mamo\u011flu\u2019ndan NATO Zirvesi Ele\u015ftirisi - The Epoch Times TR","description":"\u0130mamo\u011flu, NATO Zirvesi \u00f6ncesinde al\u0131nan g\u00fcvenlik \u00f6nlemleri, kapat\u0131lan yollar ve g\u00f6zalt\u0131 iddialar\u0131na tepki g\u00f6sterdi.","robots":{"index":"index","follow":"follow","max-snippet":"max-snippet:-1","max-image-preview":"max-image-preview:large","max-video-preview":"max-video-preview:-1"},"canonical":"https:\/\/epochtimestr.com\/index.php\/imamoglundan-nato-zirvesi-elestirisi","og_locale":"tr_TR","og_type":"article","og_title":"\u0130mamo\u011flu\u2019ndan NATO Zirvesi Ele\u015ftirisi - The Epoch Times TR","og_description":"\u0130mamo\u011flu, NATO Zirvesi \u00f6ncesinde al\u0131nan g\u00fcvenlik \u00f6nlemleri, kapat\u0131lan yollar ve g\u00f6zalt\u0131 iddialar\u0131na tepki g\u00f6sterdi.","og_url":"https:\/\/epochtimestr.com\/index.php\/imamoglundan-nato-zirvesi-elestirisi","og_site_name":"The Epoch Times TR","article_publisher":"https:\/\/www.facebook.com\/theepochtimestr","article_published_time":"2026-07-02T07:43:45+00:00","article_modified_time":"2026-07-02T07:43:47+00:00","og_image":[{"width":1440,"height":810,"url":"https:\/\/epochtimestr.com\/wp-content\/uploads\/2011y\/imamoglu-9-1.webp","type":"image\/webp"}],"author":"Haber Merkezi","twitter_card":"summary_large_image","twitter_creator":"@TheEpochTimesTR","twitter_site":"@TheEpochTimesTR","twitter_misc":{"Yazan:":"Haber Merkezi","Tahmini okuma s\u00fcresi":"2 dakika"},"schema":{"@context":"https:\/\/schema.org","@graph":[{"@type":"Article","@id":"https:\/\/epochtimestr.com\/index.php\/imamoglundan-nato-zirvesi-elestirisi#article","isPartOf":{"@id":"https:\/\/epochtimestr.com\/index.php\/imamoglundan-nato-zirvesi-elestirisi"},"author":{"name":"Haber Merkezi","@id":"https:\/\/epochtimestr.com\/#\/schema\/person\/3dc5c3adeb9f43923c5aa85889172fdd"},"headline":"\u0130mamo\u011flu\u2019ndan NATO Zirvesi Ele\u015ftirisi","datePublished":"2026-07-02T07:43:45+00:00","dateModified":"2026-07-02T07:43:47+00:00","mainEntityOfPage":{"@id":"https:\/\/epochtimestr.com\/index.php\/imamoglundan-nato-zirvesi-elestirisi"},"wordCount":298,"commentCount":0,"publisher":{"@id":"https:\/\/epochtimestr.com\/#organization"},"image":{"@id":"https:\/\/epochtimestr.com\/index.php\/imamoglundan-nato-zirvesi-elestirisi#primaryimage"},"thumbnailUrl":"https:\/\/epochtimestr.com\/wp-content\/uploads\/2011y\/imamoglu-9-1.webp","keywords":["\u0130mamo\u011flu","NATO","Tutuklu"],"articleSection":["G\u00dcNDEM","MAN\u015eET","Siyaset","T\u00dcRK\u0130YE"],"inLanguage":"tr","potentialAction":[{"@type":"CommentAction","name":"Comment","target":["https:\/\/epochtimestr.com\/index.php\/imamoglundan-nato-zirvesi-elestirisi#respond"]}]},{"@type":"WebPage","@id":"https:\/\/epochtimestr.com\/index.php\/imamoglundan-nato-zirvesi-elestirisi","url":"https:\/\/epochtimestr.com\/index.php\/imamoglundan-nato-zirvesi-elestirisi","name":"\u0130mamo\u011flu\u2019ndan NATO Zirvesi Ele\u015ftirisi - The Epoch Times TR","isPartOf":{"@id":"https:\/\/epochtimestr.com\/#website"},"primaryImageOfPage":{"@id":"https:\/\/epochtimestr.com\/index.php\/imamoglundan-nato-zirvesi-elestirisi#primaryimage"},"image":{"@id":"https:\/\/epochtimestr.com\/index.php\/imamoglundan-nato-zirvesi-elestirisi#primaryimage"},"thumbnailUrl":"https:\/\/epochtimestr.com\/wp-content\/uploads\/2011y\/imamoglu-9-1.webp","datePublished":"2026-07-02T07:43:45+00:00","dateModified":"2026-07-02T07:43:47+00:00","description":"\u0130mamo\u011flu, NATO Zirvesi \u00f6ncesinde al\u0131nan g\u00fcvenlik \u00f6nlemleri, kapat\u0131lan yollar ve g\u00f6zalt\u0131 iddialar\u0131na tepki g\u00f6sterdi.","inLanguage":"tr","potentialAction":[{"@type":"ReadAction","target":["https:\/\/epochtimestr.com\/index.php\/imamoglundan-nato-zirvesi-elestirisi"]}]},{"@type":"ImageObject","inLanguage":"tr","@id":"https:\/\/epochtimestr.com\/index.php\/imamoglundan-nato-zirvesi-elestirisi#primaryimage","url":"https:\/\/epochtimestr.com\/wp-content\/uploads\/2011y\/imamoglu-9-1.webp","contentUrl":"https:\/\/epochtimestr.com\/wp-content\/uploads\/2011y\/imamoglu-9-1.webp","width":1440,"height":810},{"@type":"WebSite","@id":"https:\/\/epochtimestr.com\/#website","url":"https:\/\/epochtimestr.com\/","name":"The Epoch Times TR","description":"De\u011fi\u015fen D\u00fcnyam\u0131za Taze Bir Bak\u0131\u015f","publisher":{"@id":"https:\/\/epochtimestr.com\/#organization"},"potentialAction":[{"@type":"SearchAction","target":{"@type":"EntryPoint","urlTemplate":"https:\/\/epochtimestr.com\/?s={search_term_string}"},"query-input":"required name=search_term_string"}],"inLanguage":"tr"},{"@type":"Organization","@id":"https:\/\/epochtimestr.com\/#organization","name":"The EpochTimes T\u00fcrkiye","url":"https:\/\/epochtimestr.com\/","logo":{"@type":"ImageObject","inLanguage":"tr","@id":"https:\/\/epochtimestr.com\/#\/schema\/logo\/image\/","url":"https:\/\/epochtimestr.com\/wp-content\/uploads\/2011y\/ET-Logo-YG.jpg","contentUrl":"https:\/\/epochtimestr.com\/wp-content\/uploads\/2011y\/ET-Logo-YG.jpg","width":346,"height":29,"caption":"The EpochTimes T\u00fcrkiye"},"image":{"@id":"https:\/\/epochtimestr.com\/#\/schema\/logo\/image\/"},"sameAs":["https:\/\/www.facebook.com\/theepochtimestr","https:\/\/x.com\/TheEpochTimesTR","https:\/\/www.instagram.com\/epochtimestr"]},{"@type":"Person","@id":"https:\/\/epochtimestr.com\/#\/schema\/person\/3dc5c3adeb9f43923c5aa85889172fdd","name":"Haber Merkezi","image":{"@type":"ImageObject","inLanguage":"tr","@id":"https:\/\/epochtimestr.com\/#\/schema\/person\/image\/","url":"https:\/\/secure.gravatar.com\/avatar\/d73f772ba5a74f28601361e17c2f93e6?s=96&d=mm&r=g","contentUrl":"https:\/\/secure.gravatar.com\/avatar\/d73f772ba5a74f28601361e17c2f93e6?s=96&d=mm&r=g","caption":"Haber Merkezi"},"url":"https:\/\/epochtimestr.com\/index.php\/author\/sendag"}]}},"_links":{"self":[{"href":"https:\/\/epochtimestr.com\/index.php\/wp-json\/wp\/v2\/posts\/168209"}],"collection":[{"href":"https:\/\/epochtimestr.com\/index.php\/wp-json\/wp\/v2\/posts"}],"about":[{"href":"https:\/\/epochtimestr.com\/index.php\/wp-json\/wp\/v2\/types\/post"}],"author":[{"embeddable":true,"href":"https:\/\/epochtimestr.com\/index.php\/wp-json\/wp\/v2\/users\/12791"}],"replies":[{"embeddable":true,"href":"https:\/\/epochtimestr.com\/index.php\/wp-json\/wp\/v2\/comments?post=168209"}],"version-history":[{"count":2,"href":"https:\/\/epochtimestr.com\/index.php\/wp-json\/wp\/v2\/posts\/168209\/revisions"}],"predecessor-version":[{"id":168224,"href":"https:\/\/epochtimestr.com\/index.php\/wp-json\/wp\/v2\/posts\/168209\/revisions\/168224"}],"wp:featuredmedia":[{"embeddable":true,"href":"https:\/\/epochtimestr.com\/index.php\/wp-json\/wp\/v2\/media\/167946"}],"wp:attachment":[{"href":"https:\/\/epochtimestr.com\/index.php\/wp-json\/wp\/v2\/media?parent=168209"}],"wp:term":[{"taxonomy":"category","embeddable":true,"href":"https:\/\/epochtimestr.com\/index.php\/wp-json\/wp\/v2\/categories?post=168209"},{"taxonomy":"post_tag","embeddable":true,"href":"https:\/\/epochtimestr.com\/index.php\/wp-json\/wp\/v2\/tags?post=168209"}],"curies":[{"name":"wp","href":"https:\/\/api.w.org\/{rel}","templated":true}]}}