{"id":168212,"date":"2026-07-02T10:58:36","date_gmt":"2026-07-02T07:58:36","guid":{"rendered":"https:\/\/epochtimestr.com\/?p=168212"},"modified":"2026-07-02T10:58:38","modified_gmt":"2026-07-02T07:58:38","slug":"ekrem-imamoglundan-muhittin-bocekin-ifadelerine-yanit","status":"publish","type":"post","link":"https:\/\/epochtimestr.com\/index.php\/ekrem-imamoglundan-muhittin-bocekin-ifadelerine-yanit","title":{"rendered":"Ekrem \u0130mamo\u011flu&#8217;ndan Muhittin B\u00f6cek&#8217;in \u0130fadelerine Yan\u0131t"},"content":{"rendered":"<div class=\"wp-block-image\">\n<figure class=\"aligncenter size-full\"><img loading=\"lazy\" decoding=\"async\" width=\"1280\" height=\"720\" src=\"https:\/\/epochtimestr.com\/wp-content\/uploads\/2011y\/imamoglu-20.webp\" alt=\"Ekrem \u0130mamo\u011flu, Muhittin B\u00f6cek'in iddialar\u0131na yan\u0131t olarak &quot;Serbest kalmas\u0131na faydas\u0131 olacaksa ne s\u00f6yletmek istiyorlarsa \u00f6n\u00fcne koyup imzalats\u0131nlar&quot; dedi.\" class=\"wp-image-160908\" srcset=\"https:\/\/epochtimestr.com\/wp-content\/uploads\/2011y\/imamoglu-20.webp 1280w, https:\/\/epochtimestr.com\/wp-content\/uploads\/2011y\/imamoglu-20-300x169.webp 300w, https:\/\/epochtimestr.com\/wp-content\/uploads\/2011y\/imamoglu-20-150x84.webp 150w, https:\/\/epochtimestr.com\/wp-content\/uploads\/2011y\/imamoglu-20-768x432.webp 768w\" sizes=\"(max-width: 1280px) 100vw, 1280px\" \/><figcaption class=\"wp-element-caption\">Ekrem \u0130mamo\u011flu, Muhittin B\u00f6cek&#8217;in iddialar\u0131na yan\u0131t olarak &#8220;Serbest kalmas\u0131na faydas\u0131 olacaksa ne s\u00f6yletmek istiyorlarsa \u00f6n\u00fcne koyup imzalats\u0131nlar&#8221; dedi.<\/figcaption><\/figure><\/div>\n\n\n<h2 class=\"wp-block-heading\">Ekrem \u0130mamo\u011flu, Muhittin B\u00f6cek&#8217;in iddialar\u0131na yan\u0131t olarak &#8220;Serbest kalmas\u0131na faydas\u0131 olacaksa ne s\u00f6yletmek istiyorlarsa \u00f6n\u00fcne koyup imzalats\u0131nlar&#8221; dedi.<\/h2>\n\n\n\n<p>Tutuklu \u0130BB Ba\u015fkan\u0131 ve <a href=\"https:\/\/epochtimestr.com\/index.php\/gokhan-gunaydin-chp-grup-baskanvekili-gorevine-iade-edildi\" target=\"_blank\" rel=\"noreferrer noopener\">CHP<\/a>&#8216;nin cumhurba\u015fkan\u0131 aday\u0131 <a href=\"https:\/\/epochtimestr.com\/index.php\/ekrem-imamoglu-bizi-de-bu-milleti-de-yildiramazlar\" target=\"_blank\" rel=\"noreferrer noopener\">Ekrem \u0130mamo\u011flu<\/a>, \u0130BB davas\u0131n\u0131n bug\u00fcn devam eden celsesinde Antalya B\u00fcy\u00fck\u015fehir Belediye Ba\u015fkan\u0131 <a href=\"https:\/\/epochtimestr.com\/index.php\/mansur-yavas-tutuklu-muhittin-boceki-cezaevinde-ziyaret-etti\" target=\"_blank\" rel=\"noreferrer noopener\">Muhittin B\u00f6cek<\/a>&#8216;in kendisi hakk\u0131ndaki ifadesine yan\u0131t verdi. Etkin pi\u015fmanl\u0131k kapsam\u0131nda ifade vererek itiraf\u00e7\u0131 olan Muhittin B\u00f6cek, Ekrem \u0130mamo\u011flu&#8217;nun kendisinden 5 milyon euro istedi\u011fini \u00f6ne s\u00fcrm\u00fc\u015ft\u00fc. \u0130mamo\u011flu, B\u00f6cek\u2019in &#8220;etkin pi\u015fmanl\u0131k&#8221; ifadesinde yer alan iddialar\u0131na Onlar TV arac\u0131l\u0131\u011f\u0131yla yan\u0131t verdi.<\/p>\n\n\n\n<p>\u0130mamo\u011flu, &#8220;Serbest kalmas\u0131na faydas\u0131 olacaksa ne s\u00f6yletmek istiyorlarsa \u00f6n\u00fcne koyup imzalats\u0131nlar&#8221; dedi.<br \/>&#8220;Aylar \u00f6nce, adalet bakan\u0131 kendi diliyle, &#8216;Zaman\u0131 gelince Muhittin Bey itiraf\u00e7\u0131 olacak&#8217; diyerek \u015fantaj\u0131 zaten ba\u015flatm\u0131\u015ft\u0131. A\u011f\u0131r bir hastay\u0131, o\u011flu ve gelini ile tehdit edip iftirac\u0131 haline getiriyorlar. Ak\u0131l almaz bir yalan, iftira ve sald\u0131r\u0131y\u0131 organize \u015fekilde y\u00fcr\u00fct\u00fcyorlar. Bana, hayat\u0131mda ilk kez duydu\u011fum, \u2018havala\u2019 diye bir y\u00f6ntemle milyonlarca avro para verilmi\u015fmi\u015f.<\/p>\n\n\n\n<p>E\u011fer serbest kalmas\u0131na faydas\u0131 olacaksa, b\u00f6yle taksit taksit de\u011fil de bir seferde ne s\u00f6yletmek istiyorlarsa \u00f6n\u00fcne koyup imzalats\u0131nlar da bari bir i\u015fe yaras\u0131n. Gayet zeki olan milletimiz; bu k\u00f6t\u00fc akl\u0131 ka\u011f\u0131da yaz\u0131p hasta d\u00f6\u015fe\u011findeki bir adam\u0131n \u00f6n\u00fcne \u015fantaj ve tehditle koyanlar i\u00e7in, \u2018Demek ki bunlar y\u0131llard\u0131r bu y\u00f6ntemlerle paray\u0131 g\u00f6t\u00fcr\u00fcyor\u2019 demeden edemiyordur. Allah bunlar\u0131 \u0131slah etsin.\u201d dedi.<\/p>\n\n\n\n<p>\u0130mamo\u011flu, Cumhurba\u015fkanl\u0131\u011f\u0131 Aday Ofisinden yapt\u0131\u011f\u0131 a\u00e7\u0131klamada:<br \/>Ger\u00e7ekten \u00e7ok hasta bir adam, o\u011fluyla, geliniyle tehdit edilen bir adam, bir belediye ba\u015fkan\u0131m\u0131z, hatta itiraf\u00e7\u0131 olmadan 1 &#8211; 1,5 ay \u00f6nce, \u201cg\u00fcn\u00fc geldi\u011finde itiraf\u00e7\u0131 olacak\u201d diye Adalet Bakan\u0131 taraf\u0131ndan anons edilen Muhittin B\u00f6cek, benim hakk\u0131mda taksitle 4. defa verdi\u011fi ifadede yalan konu\u015fmak zorunda kald\u0131.<br \/>Faydas\u0131 olacaksa b\u00fcy\u00fck bir yalan s\u00f6ylesin de bir an \u00f6nce \u00e7\u0131ks\u0131n Muhittin B\u00f6cek.&#8221; ifadelerini kulland\u0131.<\/p>\n\n\n\n<p>Ne olmu\u015ftu?<br \/>Antalya ba\u015fsavc\u0131l\u0131\u011f\u0131n\u0131n ba\u015flatt\u0131\u011f\u0131 \u2018r\u00fc\u015fvet\u2019 soru\u015fturmas\u0131nda Antalya B\u00fcy\u00fck\u015fehir Belediyesi Ba\u015fkan\u0131 Muhittin B\u00f6cek ve eski gelini Z.K. g\u00f6zalt\u0131na al\u0131nd\u0131, \u015f\u00fcpheli o\u011flu G\u00f6khan B\u00f6cek\u2019inse yurt d\u0131\u015f\u0131nda oldu\u011fu belirlendi.<br \/>Adliyeye sevk edilen Muhittin B\u00f6cek 5 Temmuz\u2019da tutukland\u0131, eski gelini Z.K. ise yurt d\u0131\u015f\u0131 \u00e7\u0131k\u0131\u015f yasa\u011f\u0131 karar\u0131 ve adli kontrol \u015fart\u0131yla serbest b\u0131rak\u0131ld\u0131.<br \/>B\u00f6cek, karar\u0131n ard\u0131ndan g\u00f6revden uzakla\u015ft\u0131r\u0131ld\u0131.<br \/>Soru\u015fturman\u0131n devam\u0131nda g\u00f6zalt\u0131na al\u0131nan B\u00fcy\u00fck\u015fehir Belediyesi Genel Sekreter Yard\u0131mc\u0131s\u0131 Serkan Temu\u00e7in ve kent esteti\u011fi daire ba\u015fkanl\u0131\u011f\u0131nda m\u00fcd\u00fcr olarak \u00e7al\u0131\u015fan Tuncay Kaya \u2018irtikap\u2019 su\u00e7undan tutukland\u0131. Bilgi i\u015flem destek \u00e7al\u0131\u015fan\u0131 Halil K. adli kontrol tedbiri ve ev hapsi karar\u0131yla serbest b\u0131rak\u0131ld\u0131.<br \/>B\u00f6cek\u2019in 27 Temmuz\u2019da yurt d\u0131\u015f\u0131ndan d\u00f6nen gelini Zuhal B\u00f6cek, \u2018su\u00e7tan kaynaklanan mal varl\u0131\u011f\u0131 de\u011ferinin aklanmas\u0131\u2019 iddias\u0131yla g\u00f6zalt\u0131na al\u0131n\u0131p 31 Temmuz\u2019da tutukland\u0131.<\/p>\n\n\n\n<p>Zuhal B\u00f6cek\u2019le yurt d\u0131\u015f\u0131 d\u00f6n\u00fc\u015f\u00fc g\u00f6r\u00fc\u015ft\u00fc\u011f\u00fc iddia edilen G.T. de \u2018su\u00e7 delillerini gizlemek ve de\u011fi\u015ftirmek\u2019 su\u00e7lamas\u0131yla 2 A\u011fustos\u2019ta tutukland\u0131.<\/p>\n\n\n\n<p>1 Haziran\u2019da Zuhal B\u00f6cek hakk\u0131nda tahliye karar\u0131 verildi.<\/p>\n\n\n\n<figure class=\"wp-block-embed is-type-rich is-provider-x wp-block-embed-x\"><div class=\"wp-block-embed__wrapper\">\n<blockquote class=\"twitter-tweet\" data-width=\"550\" data-dnt=\"true\"><p lang=\"tr\" dir=\"ltr\">Ger\u00e7ekten \u00e7ok hasta bir adam, o\u011fluyla, geliniyle tehdit edilen bir adam, bir belediye ba\u015fkan\u0131m\u0131z, hatta itiraf\u00e7\u0131 olmadan 1 &#8211; 1,5 ay \u00f6nce, \u201cg\u00fcn\u00fc geldi\u011finde itiraf\u00e7\u0131 olacak\u201d diye Adalet Bakan\u0131 taraf\u0131ndan anons edilen Muhittin B\u00f6cek, benim hakk\u0131mda taksitle 4. defa verdi\u011fi ifadede\u2026<\/p>&mdash; Cumhurba\u015fkanl\u0131\u011f\u0131 Aday Ofisi (@CAOIletisim1) <a href=\"https:\/\/x.com\/CAOIletisim1\/status\/2072318541278130190?ref_src=twsrc%5Etfw\">July 1, 2026<\/a><\/blockquote><script async src=\"https:\/\/platform.x.com\/widgets.js\" charset=\"utf-8\"><\/script>\n<\/div><\/figure>\n","protected":false},"excerpt":{"rendered":"<p>Ekrem \u0130mamo\u011flu, Muhittin B\u00f6cek&#8217;in iddialar\u0131na yan\u0131t olarak &#8220;Serbest kalmas\u0131na faydas\u0131 olacaksa ne s\u00f6yletmek istiyorlarsa \u00f6n\u00fcne koyup imzalats\u0131nlar&#8221; dedi. Tutuklu \u0130BB Ba\u015fkan\u0131 ve CHP&#8216;nin cumhurba\u015fkan\u0131 aday\u0131 Ekrem \u0130mamo\u011flu, \u0130BB davas\u0131n\u0131n bug\u00fcn devam eden celsesinde Antalya B\u00fcy\u00fck\u015fehir Belediye Ba\u015fkan\u0131 Muhittin B\u00f6cek&#8216;in kendisi hakk\u0131ndaki ifadesine yan\u0131t verdi. Etkin pi\u015fmanl\u0131k kapsam\u0131nda ifade vererek itiraf\u00e7\u0131 olan Muhittin B\u00f6cek, Ekrem \u0130mamo\u011flu&#8217;nun [&hellip;]<\/p>\n","protected":false},"author":12791,"featured_media":160908,"comment_status":"open","ping_status":"open","sticky":false,"template":"","format":"standard","meta":{"_yoast_wpseo_focuskw":"Ekrem - Muhittin","_yoast_wpseo_title":"","_yoast_wpseo_metadesc":"Ekrem \u0130mamo\u011flu, Muhittin B\u00f6cek'in iddialar\u0131na, \"Serbest kalmas\u0131na faydas\u0131 olacaksa ne s\u00f6yletmek istiyorlarsa \u00f6n\u00fcne koyup imzalats\u0131nlar\" dedi.","_bbp_topic_count":0,"_bbp_reply_count":0,"_bbp_total_topic_count":0,"_bbp_total_reply_count":0,"_bbp_voice_count":0,"_bbp_anonymous_reply_count":0,"_bbp_topic_count_hidden":0,"_bbp_reply_count_hidden":0,"_bbp_forum_subforum_count":0,"footnotes":"","_yoast_wpseo_focuskw_text_input":""},"categories":[1,8138,8226,37],"tags":[7419,11616,8997,11619],"yoast_head":"<!-- This site is optimized with the Yoast SEO plugin v23.0 - https:\/\/yoast.com\/wordpress\/plugins\/seo\/ -->\n<title>Ekrem \u0130mamo\u011flu&#039;ndan Muhittin B\u00f6cek&#039;in \u0130fadelerine Yan\u0131t - The Epoch Times TR<\/title>\n<meta name=\"description\" content=\"Ekrem \u0130mamo\u011flu, Muhittin B\u00f6cek&#039;in iddialar\u0131na, &quot;Serbest kalmas\u0131na faydas\u0131 olacaksa ne s\u00f6yletmek istiyorlarsa \u00f6n\u00fcne koyup imzalats\u0131nlar&quot; dedi.\" \/>\n<meta name=\"robots\" content=\"index, follow, max-snippet:-1, max-image-preview:large, max-video-preview:-1\" \/>\n<link rel=\"canonical\" href=\"https:\/\/epochtimestr.com\/index.php\/ekrem-imamoglundan-muhittin-bocekin-ifadelerine-yanit\" \/>\n<meta property=\"og:locale\" content=\"tr_TR\" \/>\n<meta property=\"og:type\" content=\"article\" \/>\n<meta property=\"og:title\" content=\"Ekrem \u0130mamo\u011flu&#039;ndan Muhittin B\u00f6cek&#039;in \u0130fadelerine Yan\u0131t - The Epoch Times TR\" \/>\n<meta property=\"og:description\" content=\"Ekrem \u0130mamo\u011flu, Muhittin B\u00f6cek&#039;in iddialar\u0131na, &quot;Serbest kalmas\u0131na faydas\u0131 olacaksa ne s\u00f6yletmek istiyorlarsa \u00f6n\u00fcne koyup imzalats\u0131nlar&quot; dedi.\" \/>\n<meta property=\"og:url\" content=\"https:\/\/epochtimestr.com\/index.php\/ekrem-imamoglundan-muhittin-bocekin-ifadelerine-yanit\" \/>\n<meta property=\"og:site_name\" content=\"The Epoch Times TR\" \/>\n<meta property=\"article:publisher\" content=\"https:\/\/www.facebook.com\/theepochtimestr\" \/>\n<meta property=\"article:published_time\" content=\"2026-07-02T07:58:36+00:00\" \/>\n<meta property=\"article:modified_time\" content=\"2026-07-02T07:58:38+00:00\" \/>\n<meta property=\"og:image\" content=\"https:\/\/epochtimestr.com\/wp-content\/uploads\/2011y\/imamoglu-20.webp\" \/>\n\t<meta property=\"og:image:width\" content=\"1280\" \/>\n\t<meta property=\"og:image:height\" content=\"720\" \/>\n\t<meta property=\"og:image:type\" content=\"image\/webp\" \/>\n<meta name=\"author\" content=\"Haber Merkezi\" \/>\n<meta name=\"twitter:card\" content=\"summary_large_image\" \/>\n<meta name=\"twitter:creator\" content=\"@TheEpochTimesTR\" \/>\n<meta name=\"twitter:site\" content=\"@TheEpochTimesTR\" \/>\n<meta name=\"twitter:label1\" content=\"Yazan:\" \/>\n\t<meta name=\"twitter:data1\" content=\"Haber Merkezi\" \/>\n\t<meta name=\"twitter:label2\" content=\"Tahmini okuma s\u00fcresi\" \/>\n\t<meta name=\"twitter:data2\" content=\"3 dakika\" \/>\n<script type=\"application\/ld+json\" class=\"yoast-schema-graph\">{\"@context\":\"https:\/\/schema.org\",\"@graph\":[{\"@type\":\"Article\",\"@id\":\"https:\/\/epochtimestr.com\/index.php\/ekrem-imamoglundan-muhittin-bocekin-ifadelerine-yanit#article\",\"isPartOf\":{\"@id\":\"https:\/\/epochtimestr.com\/index.php\/ekrem-imamoglundan-muhittin-bocekin-ifadelerine-yanit\"},\"author\":{\"name\":\"Haber Merkezi\",\"@id\":\"https:\/\/epochtimestr.com\/#\/schema\/person\/3dc5c3adeb9f43923c5aa85889172fdd\"},\"headline\":\"Ekrem \u0130mamo\u011flu&#8217;ndan Muhittin B\u00f6cek&#8217;in \u0130fadelerine Yan\u0131t\",\"datePublished\":\"2026-07-02T07:58:36+00:00\",\"dateModified\":\"2026-07-02T07:58:38+00:00\",\"mainEntityOfPage\":{\"@id\":\"https:\/\/epochtimestr.com\/index.php\/ekrem-imamoglundan-muhittin-bocekin-ifadelerine-yanit\"},\"wordCount\":624,\"commentCount\":0,\"publisher\":{\"@id\":\"https:\/\/epochtimestr.com\/#organization\"},\"image\":{\"@id\":\"https:\/\/epochtimestr.com\/index.php\/ekrem-imamoglundan-muhittin-bocekin-ifadelerine-yanit#primaryimage\"},\"thumbnailUrl\":\"https:\/\/epochtimestr.com\/wp-content\/uploads\/2011y\/imamoglu-20.webp\",\"keywords\":[\"Ekrem \u0130mamo\u011flu\",\"\u0130BB davas\u0131\",\"muhittin b\u00f6cek\",\"Zuhal B\u00f6cek\"],\"articleSection\":[\"G\u00dcNDEM\",\"MAN\u015eET\",\"Siyaset\",\"T\u00dcRK\u0130YE\"],\"inLanguage\":\"tr\",\"potentialAction\":[{\"@type\":\"CommentAction\",\"name\":\"Comment\",\"target\":[\"https:\/\/epochtimestr.com\/index.php\/ekrem-imamoglundan-muhittin-bocekin-ifadelerine-yanit#respond\"]}]},{\"@type\":\"WebPage\",\"@id\":\"https:\/\/epochtimestr.com\/index.php\/ekrem-imamoglundan-muhittin-bocekin-ifadelerine-yanit\",\"url\":\"https:\/\/epochtimestr.com\/index.php\/ekrem-imamoglundan-muhittin-bocekin-ifadelerine-yanit\",\"name\":\"Ekrem \u0130mamo\u011flu'ndan Muhittin B\u00f6cek'in \u0130fadelerine Yan\u0131t - The Epoch Times TR\",\"isPartOf\":{\"@id\":\"https:\/\/epochtimestr.com\/#website\"},\"primaryImageOfPage\":{\"@id\":\"https:\/\/epochtimestr.com\/index.php\/ekrem-imamoglundan-muhittin-bocekin-ifadelerine-yanit#primaryimage\"},\"image\":{\"@id\":\"https:\/\/epochtimestr.com\/index.php\/ekrem-imamoglundan-muhittin-bocekin-ifadelerine-yanit#primaryimage\"},\"thumbnailUrl\":\"https:\/\/epochtimestr.com\/wp-content\/uploads\/2011y\/imamoglu-20.webp\",\"datePublished\":\"2026-07-02T07:58:36+00:00\",\"dateModified\":\"2026-07-02T07:58:38+00:00\",\"description\":\"Ekrem \u0130mamo\u011flu, Muhittin B\u00f6cek'in iddialar\u0131na, \\\"Serbest kalmas\u0131na faydas\u0131 olacaksa ne s\u00f6yletmek istiyorlarsa \u00f6n\u00fcne koyup imzalats\u0131nlar\\\" dedi.\",\"inLanguage\":\"tr\",\"potentialAction\":[{\"@type\":\"ReadAction\",\"target\":[\"https:\/\/epochtimestr.com\/index.php\/ekrem-imamoglundan-muhittin-bocekin-ifadelerine-yanit\"]}]},{\"@type\":\"ImageObject\",\"inLanguage\":\"tr\",\"@id\":\"https:\/\/epochtimestr.com\/index.php\/ekrem-imamoglundan-muhittin-bocekin-ifadelerine-yanit#primaryimage\",\"url\":\"https:\/\/epochtimestr.com\/wp-content\/uploads\/2011y\/imamoglu-20.webp\",\"contentUrl\":\"https:\/\/epochtimestr.com\/wp-content\/uploads\/2011y\/imamoglu-20.webp\",\"width\":1280,\"height\":720},{\"@type\":\"WebSite\",\"@id\":\"https:\/\/epochtimestr.com\/#website\",\"url\":\"https:\/\/epochtimestr.com\/\",\"name\":\"The Epoch Times TR\",\"description\":\"De\u011fi\u015fen D\u00fcnyam\u0131za Taze Bir Bak\u0131\u015f\",\"publisher\":{\"@id\":\"https:\/\/epochtimestr.com\/#organization\"},\"potentialAction\":[{\"@type\":\"SearchAction\",\"target\":{\"@type\":\"EntryPoint\",\"urlTemplate\":\"https:\/\/epochtimestr.com\/?s={search_term_string}\"},\"query-input\":\"required name=search_term_string\"}],\"inLanguage\":\"tr\"},{\"@type\":\"Organization\",\"@id\":\"https:\/\/epochtimestr.com\/#organization\",\"name\":\"The EpochTimes T\u00fcrkiye\",\"url\":\"https:\/\/epochtimestr.com\/\",\"logo\":{\"@type\":\"ImageObject\",\"inLanguage\":\"tr\",\"@id\":\"https:\/\/epochtimestr.com\/#\/schema\/logo\/image\/\",\"url\":\"https:\/\/epochtimestr.com\/wp-content\/uploads\/2011y\/ET-Logo-YG.jpg\",\"contentUrl\":\"https:\/\/epochtimestr.com\/wp-content\/uploads\/2011y\/ET-Logo-YG.jpg\",\"width\":346,\"height\":29,\"caption\":\"The EpochTimes T\u00fcrkiye\"},\"image\":{\"@id\":\"https:\/\/epochtimestr.com\/#\/schema\/logo\/image\/\"},\"sameAs\":[\"https:\/\/www.facebook.com\/theepochtimestr\",\"https:\/\/x.com\/TheEpochTimesTR\",\"https:\/\/www.instagram.com\/epochtimestr\"]},{\"@type\":\"Person\",\"@id\":\"https:\/\/epochtimestr.com\/#\/schema\/person\/3dc5c3adeb9f43923c5aa85889172fdd\",\"name\":\"Haber Merkezi\",\"image\":{\"@type\":\"ImageObject\",\"inLanguage\":\"tr\",\"@id\":\"https:\/\/epochtimestr.com\/#\/schema\/person\/image\/\",\"url\":\"https:\/\/secure.gravatar.com\/avatar\/d73f772ba5a74f28601361e17c2f93e6?s=96&d=mm&r=g\",\"contentUrl\":\"https:\/\/secure.gravatar.com\/avatar\/d73f772ba5a74f28601361e17c2f93e6?s=96&d=mm&r=g\",\"caption\":\"Haber Merkezi\"},\"url\":\"https:\/\/epochtimestr.com\/index.php\/author\/sendag\"}]}<\/script>\n<!-- \/ Yoast SEO plugin. -->","yoast_head_json":{"title":"Ekrem \u0130mamo\u011flu'ndan Muhittin B\u00f6cek'in \u0130fadelerine Yan\u0131t - The Epoch Times TR","description":"Ekrem \u0130mamo\u011flu, Muhittin B\u00f6cek'in iddialar\u0131na, \"Serbest kalmas\u0131na faydas\u0131 olacaksa ne s\u00f6yletmek istiyorlarsa \u00f6n\u00fcne koyup imzalats\u0131nlar\" dedi.","robots":{"index":"index","follow":"follow","max-snippet":"max-snippet:-1","max-image-preview":"max-image-preview:large","max-video-preview":"max-video-preview:-1"},"canonical":"https:\/\/epochtimestr.com\/index.php\/ekrem-imamoglundan-muhittin-bocekin-ifadelerine-yanit","og_locale":"tr_TR","og_type":"article","og_title":"Ekrem \u0130mamo\u011flu'ndan Muhittin B\u00f6cek'in \u0130fadelerine Yan\u0131t - The Epoch Times TR","og_description":"Ekrem \u0130mamo\u011flu, Muhittin B\u00f6cek'in iddialar\u0131na, \"Serbest kalmas\u0131na faydas\u0131 olacaksa ne s\u00f6yletmek istiyorlarsa \u00f6n\u00fcne koyup imzalats\u0131nlar\" dedi.","og_url":"https:\/\/epochtimestr.com\/index.php\/ekrem-imamoglundan-muhittin-bocekin-ifadelerine-yanit","og_site_name":"The Epoch Times TR","article_publisher":"https:\/\/www.facebook.com\/theepochtimestr","article_published_time":"2026-07-02T07:58:36+00:00","article_modified_time":"2026-07-02T07:58:38+00:00","og_image":[{"width":1280,"height":720,"url":"https:\/\/epochtimestr.com\/wp-content\/uploads\/2011y\/imamoglu-20.webp","type":"image\/webp"}],"author":"Haber Merkezi","twitter_card":"summary_large_image","twitter_creator":"@TheEpochTimesTR","twitter_site":"@TheEpochTimesTR","twitter_misc":{"Yazan:":"Haber Merkezi","Tahmini okuma s\u00fcresi":"3 dakika"},"schema":{"@context":"https:\/\/schema.org","@graph":[{"@type":"Article","@id":"https:\/\/epochtimestr.com\/index.php\/ekrem-imamoglundan-muhittin-bocekin-ifadelerine-yanit#article","isPartOf":{"@id":"https:\/\/epochtimestr.com\/index.php\/ekrem-imamoglundan-muhittin-bocekin-ifadelerine-yanit"},"author":{"name":"Haber Merkezi","@id":"https:\/\/epochtimestr.com\/#\/schema\/person\/3dc5c3adeb9f43923c5aa85889172fdd"},"headline":"Ekrem \u0130mamo\u011flu&#8217;ndan Muhittin B\u00f6cek&#8217;in \u0130fadelerine Yan\u0131t","datePublished":"2026-07-02T07:58:36+00:00","dateModified":"2026-07-02T07:58:38+00:00","mainEntityOfPage":{"@id":"https:\/\/epochtimestr.com\/index.php\/ekrem-imamoglundan-muhittin-bocekin-ifadelerine-yanit"},"wordCount":624,"commentCount":0,"publisher":{"@id":"https:\/\/epochtimestr.com\/#organization"},"image":{"@id":"https:\/\/epochtimestr.com\/index.php\/ekrem-imamoglundan-muhittin-bocekin-ifadelerine-yanit#primaryimage"},"thumbnailUrl":"https:\/\/epochtimestr.com\/wp-content\/uploads\/2011y\/imamoglu-20.webp","keywords":["Ekrem \u0130mamo\u011flu","\u0130BB davas\u0131","muhittin b\u00f6cek","Zuhal B\u00f6cek"],"articleSection":["G\u00dcNDEM","MAN\u015eET","Siyaset","T\u00dcRK\u0130YE"],"inLanguage":"tr","potentialAction":[{"@type":"CommentAction","name":"Comment","target":["https:\/\/epochtimestr.com\/index.php\/ekrem-imamoglundan-muhittin-bocekin-ifadelerine-yanit#respond"]}]},{"@type":"WebPage","@id":"https:\/\/epochtimestr.com\/index.php\/ekrem-imamoglundan-muhittin-bocekin-ifadelerine-yanit","url":"https:\/\/epochtimestr.com\/index.php\/ekrem-imamoglundan-muhittin-bocekin-ifadelerine-yanit","name":"Ekrem \u0130mamo\u011flu'ndan Muhittin B\u00f6cek'in \u0130fadelerine Yan\u0131t - The Epoch Times TR","isPartOf":{"@id":"https:\/\/epochtimestr.com\/#website"},"primaryImageOfPage":{"@id":"https:\/\/epochtimestr.com\/index.php\/ekrem-imamoglundan-muhittin-bocekin-ifadelerine-yanit#primaryimage"},"image":{"@id":"https:\/\/epochtimestr.com\/index.php\/ekrem-imamoglundan-muhittin-bocekin-ifadelerine-yanit#primaryimage"},"thumbnailUrl":"https:\/\/epochtimestr.com\/wp-content\/uploads\/2011y\/imamoglu-20.webp","datePublished":"2026-07-02T07:58:36+00:00","dateModified":"2026-07-02T07:58:38+00:00","description":"Ekrem \u0130mamo\u011flu, Muhittin B\u00f6cek'in iddialar\u0131na, \"Serbest kalmas\u0131na faydas\u0131 olacaksa ne s\u00f6yletmek istiyorlarsa \u00f6n\u00fcne koyup imzalats\u0131nlar\" dedi.","inLanguage":"tr","potentialAction":[{"@type":"ReadAction","target":["https:\/\/epochtimestr.com\/index.php\/ekrem-imamoglundan-muhittin-bocekin-ifadelerine-yanit"]}]},{"@type":"ImageObject","inLanguage":"tr","@id":"https:\/\/epochtimestr.com\/index.php\/ekrem-imamoglundan-muhittin-bocekin-ifadelerine-yanit#primaryimage","url":"https:\/\/epochtimestr.com\/wp-content\/uploads\/2011y\/imamoglu-20.webp","contentUrl":"https:\/\/epochtimestr.com\/wp-content\/uploads\/2011y\/imamoglu-20.webp","width":1280,"height":720},{"@type":"WebSite","@id":"https:\/\/epochtimestr.com\/#website","url":"https:\/\/epochtimestr.com\/","name":"The Epoch Times TR","description":"De\u011fi\u015fen D\u00fcnyam\u0131za Taze Bir Bak\u0131\u015f","publisher":{"@id":"https:\/\/epochtimestr.com\/#organization"},"potentialAction":[{"@type":"SearchAction","target":{"@type":"EntryPoint","urlTemplate":"https:\/\/epochtimestr.com\/?s={search_term_string}"},"query-input":"required name=search_term_string"}],"inLanguage":"tr"},{"@type":"Organization","@id":"https:\/\/epochtimestr.com\/#organization","name":"The EpochTimes T\u00fcrkiye","url":"https:\/\/epochtimestr.com\/","logo":{"@type":"ImageObject","inLanguage":"tr","@id":"https:\/\/epochtimestr.com\/#\/schema\/logo\/image\/","url":"https:\/\/epochtimestr.com\/wp-content\/uploads\/2011y\/ET-Logo-YG.jpg","contentUrl":"https:\/\/epochtimestr.com\/wp-content\/uploads\/2011y\/ET-Logo-YG.jpg","width":346,"height":29,"caption":"The EpochTimes T\u00fcrkiye"},"image":{"@id":"https:\/\/epochtimestr.com\/#\/schema\/logo\/image\/"},"sameAs":["https:\/\/www.facebook.com\/theepochtimestr","https:\/\/x.com\/TheEpochTimesTR","https:\/\/www.instagram.com\/epochtimestr"]},{"@type":"Person","@id":"https:\/\/epochtimestr.com\/#\/schema\/person\/3dc5c3adeb9f43923c5aa85889172fdd","name":"Haber Merkezi","image":{"@type":"ImageObject","inLanguage":"tr","@id":"https:\/\/epochtimestr.com\/#\/schema\/person\/image\/","url":"https:\/\/secure.gravatar.com\/avatar\/d73f772ba5a74f28601361e17c2f93e6?s=96&d=mm&r=g","contentUrl":"https:\/\/secure.gravatar.com\/avatar\/d73f772ba5a74f28601361e17c2f93e6?s=96&d=mm&r=g","caption":"Haber Merkezi"},"url":"https:\/\/epochtimestr.com\/index.php\/author\/sendag"}]}},"_links":{"self":[{"href":"https:\/\/epochtimestr.com\/index.php\/wp-json\/wp\/v2\/posts\/168212"}],"collection":[{"href":"https:\/\/epochtimestr.com\/index.php\/wp-json\/wp\/v2\/posts"}],"about":[{"href":"https:\/\/epochtimestr.com\/index.php\/wp-json\/wp\/v2\/types\/post"}],"author":[{"embeddable":true,"href":"https:\/\/epochtimestr.com\/index.php\/wp-json\/wp\/v2\/users\/12791"}],"replies":[{"embeddable":true,"href":"https:\/\/epochtimestr.com\/index.php\/wp-json\/wp\/v2\/comments?post=168212"}],"version-history":[{"count":2,"href":"https:\/\/epochtimestr.com\/index.php\/wp-json\/wp\/v2\/posts\/168212\/revisions"}],"predecessor-version":[{"id":168226,"href":"https:\/\/epochtimestr.com\/index.php\/wp-json\/wp\/v2\/posts\/168212\/revisions\/168226"}],"wp:featuredmedia":[{"embeddable":true,"href":"https:\/\/epochtimestr.com\/index.php\/wp-json\/wp\/v2\/media\/160908"}],"wp:attachment":[{"href":"https:\/\/epochtimestr.com\/index.php\/wp-json\/wp\/v2\/media?parent=168212"}],"wp:term":[{"taxonomy":"category","embeddable":true,"href":"https:\/\/epochtimestr.com\/index.php\/wp-json\/wp\/v2\/categories?post=168212"},{"taxonomy":"post_tag","embeddable":true,"href":"https:\/\/epochtimestr.com\/index.php\/wp-json\/wp\/v2\/tags?post=168212"}],"curies":[{"name":"wp","href":"https:\/\/api.w.org\/{rel}","templated":true}]}}