{"id":168218,"date":"2026-07-02T11:11:17","date_gmt":"2026-07-02T08:11:17","guid":{"rendered":"https:\/\/epochtimestr.com\/?p=168218"},"modified":"2026-07-02T11:12:57","modified_gmt":"2026-07-02T08:12:57","slug":"birlesik-kamu-is-aclik-ve-yoksulluk-siniri-arastirmasini-acikladi","status":"publish","type":"post","link":"https:\/\/epochtimestr.com\/index.php\/birlesik-kamu-is-aclik-ve-yoksulluk-siniri-arastirmasini-acikladi","title":{"rendered":"Birle\u015fik Kamu-\u0130\u015f A\u00e7l\u0131k ve Yoksulluk S\u0131n\u0131r\u0131 Ara\u015ft\u0131rmas\u0131n\u0131 A\u00e7\u0131klad\u0131"},"content":{"rendered":"<div class=\"wp-block-image\">\n<figure class=\"aligncenter size-full\"><img loading=\"lazy\" decoding=\"async\" width=\"1280\" height=\"850\" src=\"https:\/\/epochtimestr.com\/wp-content\/uploads\/2011y\/pazar-1.jpg\" alt=\"Birle\u015fik Kamu-\u0130\u015f\u2019in Haziran 2026 a\u00e7l\u0131k ve yoksulluk s\u0131n\u0131r\u0131 ara\u015ft\u0131rmas\u0131na g\u00f6re, d\u00f6rt ki\u015filik bir aile i\u00e7in a\u00e7l\u0131k s\u0131n\u0131r\u0131 37 bin 996 liraya, yoksulluk s\u0131n\u0131r\u0131 ise 116 bin 106 liraya y\u00fckseldi.\" class=\"wp-image-154619\" srcset=\"https:\/\/epochtimestr.com\/wp-content\/uploads\/2011y\/pazar-1.jpg 1280w, https:\/\/epochtimestr.com\/wp-content\/uploads\/2011y\/pazar-1-300x199.jpg 300w, https:\/\/epochtimestr.com\/wp-content\/uploads\/2011y\/pazar-1-150x100.jpg 150w, https:\/\/epochtimestr.com\/wp-content\/uploads\/2011y\/pazar-1-768x510.jpg 768w\" sizes=\"(max-width: 1280px) 100vw, 1280px\" \/><\/figure><\/div>\n\n\n<h2 class=\"wp-block-heading\">Birle\u015fik Kamu-\u0130\u015f\u2019in Haziran 2026 a\u00e7l\u0131k ve yoksulluk s\u0131n\u0131r\u0131 ara\u015ft\u0131rmas\u0131na g\u00f6re, d\u00f6rt ki\u015filik bir aile i\u00e7in a\u00e7l\u0131k s\u0131n\u0131r\u0131 37 bin 996 liraya, yoksulluk s\u0131n\u0131r\u0131 ise 116 bin 106 liraya y\u00fckseldi.<\/h2>\n\n\n\n<p><a href=\"https:\/\/epochtimestr.com\/index.php\/birlesik-kamu-is-aclik-siniri-26-bin-liraya-yaklasti\" target=\"_blank\" rel=\"noreferrer noopener\">Birle\u015fik Kamu-\u0130\u015f Konfederasyonu<\/a> Ar-Ge birimi KAMU-AR\u2019\u0131n d\u00f6rt ki\u015filik bir ailenin, dengeli ve sa\u011fl\u0131kl\u0131 beslenebilmesi i\u00e7in ayl\u0131k olarak yapmas\u0131 gereken g\u0131da harcamas\u0131n\u0131n yan\u0131 s\u0131ra g\u0131da d\u0131\u015f\u0131ndaki ihtiya\u00e7lar\u0131n\u0131 da yoksunluk hissi \u00e7ekmeden kar\u015f\u0131layabilmesi i\u00e7in yapmas\u0131 gereken harcamay\u0131 dikkate alarak hesaplad\u0131\u011f\u0131 a\u00e7l\u0131k-yoksulluk s\u0131n\u0131r\u0131 ara\u015ft\u0131rmas\u0131n\u0131n Haziran 2026 sonu\u00e7lar\u0131 a\u00e7\u0131kland\u0131.<\/p>\n\n\n\n<p>Birle\u015fik Kamu-\u0130\u015f\u2019in Haziran 2026 a\u00e7l\u0131k ve yoksulluk s\u0131n\u0131r\u0131 ara\u015ft\u0131rmas\u0131na g\u00f6re, d\u00f6rt ki\u015filik bir aile i\u00e7in <a href=\"https:\/\/epochtimestr.com\/index.php\/birlesik-kamu-is-aclik-siniri-26-bin-liraya-yaklasti\" target=\"_blank\" rel=\"noreferrer noopener\">a\u00e7l\u0131k s\u0131n\u0131r\u0131<\/a> 37 bin 996 liraya, <a href=\"https:\/\/epochtimestr.com\/index.php\/turk-is-haziran-ayi-aclik-ve-yoksulluk-siniri-belli-oldu\" target=\"_blank\" rel=\"noreferrer noopener\">yoksulluk s\u0131n\u0131r\u0131<\/a> ise 116 bin 106 liraya y\u00fckseldi. Konfederasyon, d\u00f6rt asgari \u00fccretle ge\u00e7inen bir ailenin dahi yoksulluk s\u0131n\u0131r\u0131n\u0131n alt\u0131nda kald\u0131\u011f\u0131n\u0131, en d\u00fc\u015f\u00fck memur maa\u015f\u0131n\u0131n ise yoksulluk s\u0131n\u0131r\u0131na ula\u015fabilmesi i\u00e7in y\u00fczde 87,6 oran\u0131nda art\u0131r\u0131lmas\u0131 gerekti\u011fini a\u00e7\u0131klad\u0131.<\/p>\n\n\n\n<p>Raporda, d\u00f6rt ki\u015filik bir ailede herkesin asgari \u00fccretle \u00e7al\u0131\u015fmas\u0131 halinde bile toplam hane gelirinin yoksulluk s\u0131n\u0131r\u0131n\u0131n alt\u0131nda kald\u0131\u011f\u0131 belirtildi.<\/p>\n\n\n\n<p><strong>A\u00e7\u0131klamada \u015fu de\u011ferlendirmelere yer verildi:<\/strong><\/p>\n\n\n\n<p>A\u00e7l\u0131k s\u0131n\u0131r\u0131 haziranda 38 bin liray\u0131 bulurken, yoksulluk s\u0131n\u0131r\u0131 da g\u0131dayla birlikte ba\u015fta giyim, bar\u0131nma ve ula\u015ft\u0131rma olmak \u00fczere di\u011fer harcamalarda ya\u015fanan y\u00fcksek fiyat art\u0131\u015flar\u0131n\u0131n etkisiyle 116 bin liray\u0131 a\u015ft\u0131. T\u00fcrkiye\u2019nin siyasi ve ekonomik krizlere yatk\u0131n yap\u0131s\u0131 y\u00fcz\u00fcnden a\u00e7l\u0131k ve yoksulluk s\u0131n\u0131rlar\u0131n\u0131n \u00f6n\u00fcm\u00fczdeki aylarda da h\u0131zla artmaya devam edece\u011fi g\u00f6zleniyor.<\/p>\n\n\n\n<p>A\u00e7l\u0131k s\u0131n\u0131r\u0131 haziranda \u00f6nceki aya g\u00f6re 341 lira artarak 37 bin 996 liraya y\u00fckselirken, g\u0131da d\u0131\u015f\u0131ndaki gereksinimler i\u00e7in yap\u0131lmas\u0131 gereken harcama ise 1.920 liral\u0131k y\u00fckseli\u015fle 78 bin 110 liraya \u00e7\u0131kt\u0131. \u0130kisinin toplam\u0131ndan olu\u015fan yoksulluk s\u0131n\u0131r\u0131 ise \u00f6nceki aya g\u00f6re 2 bin 261 lira artarak 116 bin 106 lira oldu. Son bir y\u0131lda a\u00e7l\u0131k s\u0131n\u0131r\u0131<\/p>\n\n\n\n<p>10 bin 581 lira, g\u0131da d\u0131\u015f\u0131ndaki ihtiya\u00e7lar i\u00e7in yap\u0131lmas\u0131 gereken harcama 21 bin 666 lira ve yoksulluk s\u0131n\u0131r\u0131 32 bin 247 lira art\u0131\u015f g\u00f6sterdi.<\/p>\n\n\n\n<h3 class=\"wp-block-heading\">\u00dccretler ve A\u00e7l\u0131k-Yoksulluk S\u0131n\u0131r\u0131<\/h3>\n\n\n\n<p>A\u00e7l\u0131k s\u0131n\u0131r\u0131 bu y\u0131lba\u015f\u0131nda 28 bin 75 liraya \u00e7\u0131kar\u0131lan ve y\u0131l sonuna kadar da bu seviyede kalacak olan asgari \u00fccretin 9 bin 921 lira, 20 bin lira olarak uygulanan en d\u00fc\u015f\u00fck emekli ayl\u0131\u011f\u0131n\u0131n ise 17 bin 996 lira \u00fczerine y\u00fckseldi. Y\u0131lba\u015f\u0131nda y\u00fczde 27 oran\u0131nda zam yap\u0131lan asgari \u00fccret, y\u00fczde 18,6 oran\u0131nda art\u0131r\u0131lan kamu \u00e7al\u0131\u015fanlar\u0131n\u0131n \u00fccretleri ve y\u00fczde 12,19 oran\u0131nda art\u0131r\u0131lan emekli ayl\u0131klar\u0131n\u0131n sat\u0131n alma g\u00fcc\u00fcn\u00fcn b\u00fcy\u00fck bir k\u0131sm\u0131 y\u0131l\u0131n ilk yar\u0131s\u0131nda eridi. Asgari \u00fccretin a\u00e7l\u0131k s\u0131n\u0131r\u0131n\u0131 kar\u015f\u0131layabilmesi i\u00e7in en az y\u00fczde 35,3 oran\u0131nda art\u0131r\u0131lmas\u0131 gerekiyor.<\/p>\n\n\n\n<p>Asgari \u00fccret haziranda d\u00f6rt ki\u015filik bir ailenin sadece 22 g\u00fcnl\u00fck beslenme giderini, yoksulluk s\u0131n\u0131r\u0131n\u0131n ise d\u00f6rtte birini zor kar\u015f\u0131l\u0131yor. Ailede d\u00f6rt ki\u015finin asgari \u00fccretle \u00e7al\u0131\u015farak haneye getirece\u011fi gelir bile yoksulluk s\u0131n\u0131r\u0131n\u0131n 3 bin 806 lira alt\u0131nda kald\u0131. Di\u011fer bir ifadeyle d\u00f6rt asgari \u00fccret giren d\u00f6rt ki\u015filik bir aile bile yoksulluk s\u0131n\u0131r\u0131n\u0131 yenemiyor. En d\u00fc\u015f\u00fck emekli ayl\u0131\u011f\u0131 ise sadece 16 g\u00fcnl\u00fck beslenmeye bile yetmiyor, yoksulluk s\u0131n\u0131r\u0131n\u0131n ise sadece y\u00fczde 17,2\u2019sinde kal\u0131yor.<\/p>\n\n\n\n<p>Bu y\u0131l\u0131n ilk yar\u0131s\u0131 i\u00e7in aile ve \u00e7ocuk yard\u0131m\u0131 dahil 61 bin 890 liraya y\u00fckselen en d\u00fc\u015f\u00fck memur maa\u015f\u0131 yoksulluk s\u0131n\u0131r\u0131n\u0131n y\u00fczde 53,3\u2019\u00fcn\u00fc, 67 bin 630 liraya y\u00fckselen ortalama memur maa\u015f\u0131 ise y\u00fczde 58,2\u2019sini kar\u015f\u0131l\u0131yor. Yoksulluk s\u0131n\u0131r\u0131n\u0131 kar\u015f\u0131layabilmesi i\u00e7in en d\u00fc\u015f\u00fck memur maa\u015f\u0131n\u0131n en az y\u00fczde 87,6, ortalama memur maa\u015f\u0131n\u0131n ise y\u00fczde 71,7 oran\u0131nda art\u0131r\u0131lmas\u0131 gerekiyor.<\/p>\n\n\n\n<h3 class=\"wp-block-heading\">A\u00e7l\u0131k S\u0131n\u0131r\u0131<\/h3>\n\n\n\n<p>T\u00fcrkiye genelinde de yayg\u0131n \u015fube a\u011f\u0131 bulunan ve en fazla al\u0131\u015f-veri\u015f yap\u0131lan marketlerden Ankara\u2019da derlenen fiyatlara g\u00f6re, dengeli beslenebilmek i\u00e7in et- bal\u0131k- yumurtaya ayl\u0131k olarak yap\u0131lmas\u0131 gereken harcanma haziranda 106 lira azald\u0131, ancak son bir y\u0131lda ise 2 bin 493 lira artarak 11 bin 85 lira oldu.<\/p>\n\n\n\n<p>Kuru bakliyat i\u00e7in yap\u0131lmas\u0131 gereken harcama \u00f6nceki aya g\u00f6re 31 lira, ge\u00e7en y\u0131l\u0131n ayn\u0131 ay\u0131na g\u00f6re ise 241 liral\u0131k art\u0131\u015fla 740 lira oldu.<\/p>\n\n\n\n<p>Haziranda 305 lira daha artarak, 8 bin 42 liraya y\u00fckselen s\u00fct, yo\u011furt ve peynir i\u00e7in yap\u0131lmas\u0131 gereken harcama y\u0131ll\u0131k olarak ise 2 bin 548 lira art\u0131\u015f kaydetti.<\/p>\n\n\n\n<p>Meyve i\u00e7in harcanmas\u0131 gereken tutar \u00f6nceki aya g\u00f6re 97 lira, ge\u00e7en y\u0131l\u0131n ayn\u0131 ay\u0131na g\u00f6re ise 161 lira artarak 3 bin 390 liraya y\u00fckseldi. Sebze i\u00e7in yap\u0131lmas\u0131 gereken harcama ise \u00f6nceki aya g\u00f6re 62 lira azalarak 5 bin 429 liraya indi. Sebze harcamas\u0131 ge\u00e7en y\u0131l\u0131n ayn\u0131 ay\u0131na g\u00f6re ise 2 bin 269 lira artt\u0131.<\/p>\n\n\n<div class=\"wp-block-image\">\n<figure class=\"aligncenter size-full\"><img loading=\"lazy\" decoding=\"async\" width=\"613\" height=\"406\" src=\"https:\/\/epochtimestr.com\/wp-content\/uploads\/2011y\/2-2.png\" alt=\"\" class=\"wp-image-168220\" srcset=\"https:\/\/epochtimestr.com\/wp-content\/uploads\/2011y\/2-2.png 613w, https:\/\/epochtimestr.com\/wp-content\/uploads\/2011y\/2-2-300x199.png 300w, https:\/\/epochtimestr.com\/wp-content\/uploads\/2011y\/2-2-150x99.png 150w\" sizes=\"(max-width: 613px) 100vw, 613px\" \/><\/figure><\/div>\n\n\n<h5 class=\"wp-block-heading\">G\u0131da D\u0131\u015f\u0131 Harcamalar<\/h5>\n\n\n\n<p>Yoksulluk s\u0131n\u0131r\u0131n\u0131n belirlenmesinde g\u0131da d\u0131\u015f\u0131 ihtiya\u00e7lar\u0131n fiyat de\u011fi\u015fimleri de esas al\u0131narak yap\u0131lan ara\u015ft\u0131rmaya g\u00f6re, d\u00f6rt ki\u015filik bir ailenin g\u0131da d\u0131\u015f\u0131ndaki gereksinimlerini de \u201cinsan onuruna yara\u015f\u0131r bir \u015fekilde ve yoksunluk hissi \u00e7ekmeden\u201d kar\u015f\u0131layabilmesi i\u00e7in ayl\u0131k olarak yapmas\u0131 gereken harcama tutar\u0131 78 bin 110 liraya \u00e7\u0131kt\u0131.<br \/>D\u00f6rt ki\u015finin ortalama giyim ve ayakkab\u0131 harcamalar\u0131 6 bin 658 lira oldu. Bar\u0131nma (kira d\u00e2hil) harcamalar\u0131 ortalama 23 bin 172 liraya, ev e\u015fyas\u0131 harcamalar\u0131 8 bin 64 liraya y\u00fckseldi. Sa\u011fl\u0131k harcamalar\u0131 3 bin 148 liraya, ula\u015ft\u0131rma harcamalar\u0131 18 bin 340 liraya \u00e7\u0131kt\u0131. Bilgi ve ileti\u015fim harcamalar\u0131 3 bin 213 liraya, e\u011flence ve k\u00fclt\u00fcr harcamalar\u0131 2 bin 136 liraya, e\u011fitim harcamalar\u0131 2 bin 894 liraya y\u00fckseldi. Tatil-otel harcamalar\u0131 5 bin 805 liraya ve \u00e7e\u015fitli mal ve hizmetlerle ilgili ilgili harcamalar 4 bin 681 liraya kadar \u00e7\u0131kt\u0131.<\/p>\n\n\n\n<h3 class=\"wp-block-heading\">Yoksulluk S\u0131n\u0131r\u0131<\/h3>\n\n\n\n<p>D\u00f6rt ki\u015filik bir ailenin insan onuruna yara\u015f\u0131r \u015fekilde ve hi\u00e7bir yoksunluk hissi duymadan ya\u015fayabilmesi i\u00e7in yapmas\u0131 gereken g\u0131da ile g\u0131da d\u0131\u015f\u0131 harcamalar\u0131n toplam tutar\u0131n\u0131 g\u00f6steren yoksulluk s\u0131n\u0131r\u0131 ise Haziran 2026 itibariyle 116 bin 106 liraya t\u0131rmand\u0131. Yoksulluk s\u0131n\u0131r\u0131nda haziranda 2 bin 261 liral\u0131k, y\u0131l\u0131n ilk yar\u0131s\u0131nda 21 bin 193 liral\u0131k ve son bir y\u0131ll\u0131k d\u00f6nemde ise 32 bin 247 liral\u0131k art\u0131\u015f oldu.<\/p>\n\n\n<div class=\"wp-block-image\">\n<figure class=\"aligncenter size-full\"><img loading=\"lazy\" decoding=\"async\" width=\"617\" height=\"298\" src=\"https:\/\/epochtimestr.com\/wp-content\/uploads\/2011y\/3-2.png\" alt=\"\" class=\"wp-image-168221\" srcset=\"https:\/\/epochtimestr.com\/wp-content\/uploads\/2011y\/3-2.png 617w, https:\/\/epochtimestr.com\/wp-content\/uploads\/2011y\/3-2-300x145.png 300w, https:\/\/epochtimestr.com\/wp-content\/uploads\/2011y\/3-2-150x72.png 150w\" sizes=\"(max-width: 617px) 100vw, 617px\" \/><\/figure><\/div>\n\n\n<figure class=\"wp-block-embed is-type-rich is-provider-x wp-block-embed-x\"><div class=\"wp-block-embed__wrapper\">\n<blockquote class=\"twitter-tweet\" data-width=\"550\" data-dnt=\"true\"><p lang=\"tr\" dir=\"ltr\">KAMU-\u0130\u015e A\u00c7LIK-YOKSULLUK SINIRI ARA\u015eTIRMASI HAZ\u0130RAN 2026<br><br>A\u00e7l\u0131k s\u0131n\u0131r\u0131 haziranda 38 bin liray\u0131 bulurken, yoksulluk s\u0131n\u0131r\u0131 da g\u0131dayla birlikte ba\u015fta giyim, bar\u0131nma ve ula\u015ft\u0131rma olmak \u00fczere di\u011fer harcamalarda ya\u015fanan y\u00fcksek fiyat art\u0131\u015flar\u0131n\u0131n etkisiyle 116 bin liray\u0131 a\u015ft\u0131.\u2026 <a href=\"https:\/\/t.co\/d6AZOl9gXt\">pic.twitter.com\/d6AZOl9gXt<\/a><\/p>&mdash; Kamu-\u0130\u015f (@kamuiskonf) <a href=\"https:\/\/x.com\/kamuiskonf\/status\/2072318124225921236?ref_src=twsrc%5Etfw\">July 1, 2026<\/a><\/blockquote><script async src=\"https:\/\/platform.x.com\/widgets.js\" charset=\"utf-8\"><\/script>\n<\/div><\/figure>\n\n\n\n<p><\/p>\n","protected":false},"excerpt":{"rendered":"<p>Birle\u015fik Kamu-\u0130\u015f\u2019in Haziran 2026 a\u00e7l\u0131k ve yoksulluk s\u0131n\u0131r\u0131 ara\u015ft\u0131rmas\u0131na g\u00f6re, d\u00f6rt ki\u015filik bir aile i\u00e7in a\u00e7l\u0131k s\u0131n\u0131r\u0131 37 bin 996 liraya, yoksulluk s\u0131n\u0131r\u0131 ise 116 bin 106 liraya y\u00fckseldi. Birle\u015fik Kamu-\u0130\u015f Konfederasyonu Ar-Ge birimi KAMU-AR\u2019\u0131n d\u00f6rt ki\u015filik bir ailenin, dengeli ve sa\u011fl\u0131kl\u0131 beslenebilmesi i\u00e7in ayl\u0131k olarak yapmas\u0131 gereken g\u0131da harcamas\u0131n\u0131n yan\u0131 s\u0131ra g\u0131da d\u0131\u015f\u0131ndaki ihtiya\u00e7lar\u0131n\u0131 [&hellip;]<\/p>\n","protected":false},"author":12791,"featured_media":154619,"comment_status":"open","ping_status":"open","sticky":false,"template":"","format":"standard","meta":{"_yoast_wpseo_focuskw":"Birle\u015fik Kamu","_yoast_wpseo_title":"","_yoast_wpseo_metadesc":"Birle\u015fik Kamu-\u0130\u015f\u2019in Haziran 2026 ara\u015ft\u0131rmas\u0131na g\u00f6re, 4 ki\u015filik bir ailenin a\u00e7l\u0131k s\u0131n\u0131r\u0131 37.996, yoksulluk s\u0131n\u0131r\u0131 ise 116.106 liraya y\u00fckseldi.","_bbp_topic_count":0,"_bbp_reply_count":0,"_bbp_total_topic_count":0,"_bbp_total_reply_count":0,"_bbp_voice_count":0,"_bbp_anonymous_reply_count":0,"_bbp_topic_count_hidden":0,"_bbp_reply_count_hidden":0,"_bbp_forum_subforum_count":0,"footnotes":"","_yoast_wpseo_focuskw_text_input":""},"categories":[8225,1,8138,37],"tags":[11618,11617],"yoast_head":"<!-- This site is optimized with the Yoast SEO plugin v23.0 - https:\/\/yoast.com\/wordpress\/plugins\/seo\/ -->\n<title>Birle\u015fik Kamu-\u0130\u015f A\u00e7l\u0131k ve Yoksulluk S\u0131n\u0131r\u0131 Ara\u015ft\u0131rmas\u0131n\u0131 A\u00e7\u0131klad\u0131 - The Epoch Times TR<\/title>\n<meta name=\"description\" content=\"Birle\u015fik Kamu-\u0130\u015f\u2019in Haziran 2026 ara\u015ft\u0131rmas\u0131na g\u00f6re, 4 ki\u015filik bir ailenin a\u00e7l\u0131k s\u0131n\u0131r\u0131 37.996, yoksulluk s\u0131n\u0131r\u0131 ise 116.106 liraya y\u00fckseldi.\" \/>\n<meta name=\"robots\" content=\"index, follow, max-snippet:-1, max-image-preview:large, max-video-preview:-1\" \/>\n<link rel=\"canonical\" href=\"https:\/\/epochtimestr.com\/index.php\/birlesik-kamu-is-aclik-ve-yoksulluk-siniri-arastirmasini-acikladi\" \/>\n<meta property=\"og:locale\" content=\"tr_TR\" \/>\n<meta property=\"og:type\" content=\"article\" \/>\n<meta property=\"og:title\" content=\"Birle\u015fik Kamu-\u0130\u015f A\u00e7l\u0131k ve Yoksulluk S\u0131n\u0131r\u0131 Ara\u015ft\u0131rmas\u0131n\u0131 A\u00e7\u0131klad\u0131 - The Epoch Times TR\" \/>\n<meta property=\"og:description\" content=\"Birle\u015fik Kamu-\u0130\u015f\u2019in Haziran 2026 ara\u015ft\u0131rmas\u0131na g\u00f6re, 4 ki\u015filik bir ailenin a\u00e7l\u0131k s\u0131n\u0131r\u0131 37.996, yoksulluk s\u0131n\u0131r\u0131 ise 116.106 liraya y\u00fckseldi.\" \/>\n<meta property=\"og:url\" content=\"https:\/\/epochtimestr.com\/index.php\/birlesik-kamu-is-aclik-ve-yoksulluk-siniri-arastirmasini-acikladi\" \/>\n<meta property=\"og:site_name\" content=\"The Epoch Times TR\" \/>\n<meta property=\"article:publisher\" content=\"https:\/\/www.facebook.com\/theepochtimestr\" \/>\n<meta property=\"article:published_time\" content=\"2026-07-02T08:11:17+00:00\" \/>\n<meta property=\"article:modified_time\" content=\"2026-07-02T08:12:57+00:00\" \/>\n<meta property=\"og:image\" content=\"https:\/\/epochtimestr.com\/wp-content\/uploads\/2011y\/pazar-1.jpg\" \/>\n\t<meta property=\"og:image:width\" content=\"1280\" \/>\n\t<meta property=\"og:image:height\" content=\"850\" \/>\n\t<meta property=\"og:image:type\" content=\"image\/jpeg\" \/>\n<meta name=\"author\" content=\"Haber Merkezi\" \/>\n<meta name=\"twitter:card\" content=\"summary_large_image\" \/>\n<meta name=\"twitter:creator\" content=\"@TheEpochTimesTR\" \/>\n<meta name=\"twitter:site\" content=\"@TheEpochTimesTR\" \/>\n<meta name=\"twitter:label1\" content=\"Yazan:\" \/>\n\t<meta name=\"twitter:data1\" content=\"Haber Merkezi\" \/>\n\t<meta name=\"twitter:label2\" content=\"Tahmini okuma s\u00fcresi\" \/>\n\t<meta name=\"twitter:data2\" content=\"6 dakika\" \/>\n<script type=\"application\/ld+json\" class=\"yoast-schema-graph\">{\"@context\":\"https:\/\/schema.org\",\"@graph\":[{\"@type\":\"Article\",\"@id\":\"https:\/\/epochtimestr.com\/index.php\/birlesik-kamu-is-aclik-ve-yoksulluk-siniri-arastirmasini-acikladi#article\",\"isPartOf\":{\"@id\":\"https:\/\/epochtimestr.com\/index.php\/birlesik-kamu-is-aclik-ve-yoksulluk-siniri-arastirmasini-acikladi\"},\"author\":{\"name\":\"Haber Merkezi\",\"@id\":\"https:\/\/epochtimestr.com\/#\/schema\/person\/3dc5c3adeb9f43923c5aa85889172fdd\"},\"headline\":\"Birle\u015fik Kamu-\u0130\u015f A\u00e7l\u0131k ve Yoksulluk S\u0131n\u0131r\u0131 Ara\u015ft\u0131rmas\u0131n\u0131 A\u00e7\u0131klad\u0131\",\"datePublished\":\"2026-07-02T08:11:17+00:00\",\"dateModified\":\"2026-07-02T08:12:57+00:00\",\"mainEntityOfPage\":{\"@id\":\"https:\/\/epochtimestr.com\/index.php\/birlesik-kamu-is-aclik-ve-yoksulluk-siniri-arastirmasini-acikladi\"},\"wordCount\":1171,\"commentCount\":0,\"publisher\":{\"@id\":\"https:\/\/epochtimestr.com\/#organization\"},\"image\":{\"@id\":\"https:\/\/epochtimestr.com\/index.php\/birlesik-kamu-is-aclik-ve-yoksulluk-siniri-arastirmasini-acikladi#primaryimage\"},\"thumbnailUrl\":\"https:\/\/epochtimestr.com\/wp-content\/uploads\/2011y\/pazar-1.jpg\",\"keywords\":[\"A\u00e7l\u0131k ve Yoksulluk S\u0131n\u0131r\u0131\",\"KAMU-\u0130\u015e\"],\"articleSection\":[\"Ekonomi\",\"G\u00dcNDEM\",\"MAN\u015eET\",\"T\u00dcRK\u0130YE\"],\"inLanguage\":\"tr\",\"potentialAction\":[{\"@type\":\"CommentAction\",\"name\":\"Comment\",\"target\":[\"https:\/\/epochtimestr.com\/index.php\/birlesik-kamu-is-aclik-ve-yoksulluk-siniri-arastirmasini-acikladi#respond\"]}]},{\"@type\":\"WebPage\",\"@id\":\"https:\/\/epochtimestr.com\/index.php\/birlesik-kamu-is-aclik-ve-yoksulluk-siniri-arastirmasini-acikladi\",\"url\":\"https:\/\/epochtimestr.com\/index.php\/birlesik-kamu-is-aclik-ve-yoksulluk-siniri-arastirmasini-acikladi\",\"name\":\"Birle\u015fik Kamu-\u0130\u015f A\u00e7l\u0131k ve Yoksulluk S\u0131n\u0131r\u0131 Ara\u015ft\u0131rmas\u0131n\u0131 A\u00e7\u0131klad\u0131 - The Epoch Times TR\",\"isPartOf\":{\"@id\":\"https:\/\/epochtimestr.com\/#website\"},\"primaryImageOfPage\":{\"@id\":\"https:\/\/epochtimestr.com\/index.php\/birlesik-kamu-is-aclik-ve-yoksulluk-siniri-arastirmasini-acikladi#primaryimage\"},\"image\":{\"@id\":\"https:\/\/epochtimestr.com\/index.php\/birlesik-kamu-is-aclik-ve-yoksulluk-siniri-arastirmasini-acikladi#primaryimage\"},\"thumbnailUrl\":\"https:\/\/epochtimestr.com\/wp-content\/uploads\/2011y\/pazar-1.jpg\",\"datePublished\":\"2026-07-02T08:11:17+00:00\",\"dateModified\":\"2026-07-02T08:12:57+00:00\",\"description\":\"Birle\u015fik Kamu-\u0130\u015f\u2019in Haziran 2026 ara\u015ft\u0131rmas\u0131na g\u00f6re, 4 ki\u015filik bir ailenin a\u00e7l\u0131k s\u0131n\u0131r\u0131 37.996, yoksulluk s\u0131n\u0131r\u0131 ise 116.106 liraya y\u00fckseldi.\",\"inLanguage\":\"tr\",\"potentialAction\":[{\"@type\":\"ReadAction\",\"target\":[\"https:\/\/epochtimestr.com\/index.php\/birlesik-kamu-is-aclik-ve-yoksulluk-siniri-arastirmasini-acikladi\"]}]},{\"@type\":\"ImageObject\",\"inLanguage\":\"tr\",\"@id\":\"https:\/\/epochtimestr.com\/index.php\/birlesik-kamu-is-aclik-ve-yoksulluk-siniri-arastirmasini-acikladi#primaryimage\",\"url\":\"https:\/\/epochtimestr.com\/wp-content\/uploads\/2011y\/pazar-1.jpg\",\"contentUrl\":\"https:\/\/epochtimestr.com\/wp-content\/uploads\/2011y\/pazar-1.jpg\",\"width\":1280,\"height\":850},{\"@type\":\"WebSite\",\"@id\":\"https:\/\/epochtimestr.com\/#website\",\"url\":\"https:\/\/epochtimestr.com\/\",\"name\":\"The Epoch Times TR\",\"description\":\"De\u011fi\u015fen D\u00fcnyam\u0131za Taze Bir Bak\u0131\u015f\",\"publisher\":{\"@id\":\"https:\/\/epochtimestr.com\/#organization\"},\"potentialAction\":[{\"@type\":\"SearchAction\",\"target\":{\"@type\":\"EntryPoint\",\"urlTemplate\":\"https:\/\/epochtimestr.com\/?s={search_term_string}\"},\"query-input\":\"required name=search_term_string\"}],\"inLanguage\":\"tr\"},{\"@type\":\"Organization\",\"@id\":\"https:\/\/epochtimestr.com\/#organization\",\"name\":\"The EpochTimes T\u00fcrkiye\",\"url\":\"https:\/\/epochtimestr.com\/\",\"logo\":{\"@type\":\"ImageObject\",\"inLanguage\":\"tr\",\"@id\":\"https:\/\/epochtimestr.com\/#\/schema\/logo\/image\/\",\"url\":\"https:\/\/epochtimestr.com\/wp-content\/uploads\/2011y\/ET-Logo-YG.jpg\",\"contentUrl\":\"https:\/\/epochtimestr.com\/wp-content\/uploads\/2011y\/ET-Logo-YG.jpg\",\"width\":346,\"height\":29,\"caption\":\"The EpochTimes T\u00fcrkiye\"},\"image\":{\"@id\":\"https:\/\/epochtimestr.com\/#\/schema\/logo\/image\/\"},\"sameAs\":[\"https:\/\/www.facebook.com\/theepochtimestr\",\"https:\/\/x.com\/TheEpochTimesTR\",\"https:\/\/www.instagram.com\/epochtimestr\"]},{\"@type\":\"Person\",\"@id\":\"https:\/\/epochtimestr.com\/#\/schema\/person\/3dc5c3adeb9f43923c5aa85889172fdd\",\"name\":\"Haber Merkezi\",\"image\":{\"@type\":\"ImageObject\",\"inLanguage\":\"tr\",\"@id\":\"https:\/\/epochtimestr.com\/#\/schema\/person\/image\/\",\"url\":\"https:\/\/secure.gravatar.com\/avatar\/d73f772ba5a74f28601361e17c2f93e6?s=96&d=mm&r=g\",\"contentUrl\":\"https:\/\/secure.gravatar.com\/avatar\/d73f772ba5a74f28601361e17c2f93e6?s=96&d=mm&r=g\",\"caption\":\"Haber Merkezi\"},\"url\":\"https:\/\/epochtimestr.com\/index.php\/author\/sendag\"}]}<\/script>\n<!-- \/ Yoast SEO plugin. -->","yoast_head_json":{"title":"Birle\u015fik Kamu-\u0130\u015f A\u00e7l\u0131k ve Yoksulluk S\u0131n\u0131r\u0131 Ara\u015ft\u0131rmas\u0131n\u0131 A\u00e7\u0131klad\u0131 - The Epoch Times TR","description":"Birle\u015fik Kamu-\u0130\u015f\u2019in Haziran 2026 ara\u015ft\u0131rmas\u0131na g\u00f6re, 4 ki\u015filik bir ailenin a\u00e7l\u0131k s\u0131n\u0131r\u0131 37.996, yoksulluk s\u0131n\u0131r\u0131 ise 116.106 liraya y\u00fckseldi.","robots":{"index":"index","follow":"follow","max-snippet":"max-snippet:-1","max-image-preview":"max-image-preview:large","max-video-preview":"max-video-preview:-1"},"canonical":"https:\/\/epochtimestr.com\/index.php\/birlesik-kamu-is-aclik-ve-yoksulluk-siniri-arastirmasini-acikladi","og_locale":"tr_TR","og_type":"article","og_title":"Birle\u015fik Kamu-\u0130\u015f A\u00e7l\u0131k ve Yoksulluk S\u0131n\u0131r\u0131 Ara\u015ft\u0131rmas\u0131n\u0131 A\u00e7\u0131klad\u0131 - The Epoch Times TR","og_description":"Birle\u015fik Kamu-\u0130\u015f\u2019in Haziran 2026 ara\u015ft\u0131rmas\u0131na g\u00f6re, 4 ki\u015filik bir ailenin a\u00e7l\u0131k s\u0131n\u0131r\u0131 37.996, yoksulluk s\u0131n\u0131r\u0131 ise 116.106 liraya y\u00fckseldi.","og_url":"https:\/\/epochtimestr.com\/index.php\/birlesik-kamu-is-aclik-ve-yoksulluk-siniri-arastirmasini-acikladi","og_site_name":"The Epoch Times TR","article_publisher":"https:\/\/www.facebook.com\/theepochtimestr","article_published_time":"2026-07-02T08:11:17+00:00","article_modified_time":"2026-07-02T08:12:57+00:00","og_image":[{"width":1280,"height":850,"url":"https:\/\/epochtimestr.com\/wp-content\/uploads\/2011y\/pazar-1.jpg","type":"image\/jpeg"}],"author":"Haber Merkezi","twitter_card":"summary_large_image","twitter_creator":"@TheEpochTimesTR","twitter_site":"@TheEpochTimesTR","twitter_misc":{"Yazan:":"Haber Merkezi","Tahmini okuma s\u00fcresi":"6 dakika"},"schema":{"@context":"https:\/\/schema.org","@graph":[{"@type":"Article","@id":"https:\/\/epochtimestr.com\/index.php\/birlesik-kamu-is-aclik-ve-yoksulluk-siniri-arastirmasini-acikladi#article","isPartOf":{"@id":"https:\/\/epochtimestr.com\/index.php\/birlesik-kamu-is-aclik-ve-yoksulluk-siniri-arastirmasini-acikladi"},"author":{"name":"Haber Merkezi","@id":"https:\/\/epochtimestr.com\/#\/schema\/person\/3dc5c3adeb9f43923c5aa85889172fdd"},"headline":"Birle\u015fik Kamu-\u0130\u015f A\u00e7l\u0131k ve Yoksulluk S\u0131n\u0131r\u0131 Ara\u015ft\u0131rmas\u0131n\u0131 A\u00e7\u0131klad\u0131","datePublished":"2026-07-02T08:11:17+00:00","dateModified":"2026-07-02T08:12:57+00:00","mainEntityOfPage":{"@id":"https:\/\/epochtimestr.com\/index.php\/birlesik-kamu-is-aclik-ve-yoksulluk-siniri-arastirmasini-acikladi"},"wordCount":1171,"commentCount":0,"publisher":{"@id":"https:\/\/epochtimestr.com\/#organization"},"image":{"@id":"https:\/\/epochtimestr.com\/index.php\/birlesik-kamu-is-aclik-ve-yoksulluk-siniri-arastirmasini-acikladi#primaryimage"},"thumbnailUrl":"https:\/\/epochtimestr.com\/wp-content\/uploads\/2011y\/pazar-1.jpg","keywords":["A\u00e7l\u0131k ve Yoksulluk S\u0131n\u0131r\u0131","KAMU-\u0130\u015e"],"articleSection":["Ekonomi","G\u00dcNDEM","MAN\u015eET","T\u00dcRK\u0130YE"],"inLanguage":"tr","potentialAction":[{"@type":"CommentAction","name":"Comment","target":["https:\/\/epochtimestr.com\/index.php\/birlesik-kamu-is-aclik-ve-yoksulluk-siniri-arastirmasini-acikladi#respond"]}]},{"@type":"WebPage","@id":"https:\/\/epochtimestr.com\/index.php\/birlesik-kamu-is-aclik-ve-yoksulluk-siniri-arastirmasini-acikladi","url":"https:\/\/epochtimestr.com\/index.php\/birlesik-kamu-is-aclik-ve-yoksulluk-siniri-arastirmasini-acikladi","name":"Birle\u015fik Kamu-\u0130\u015f A\u00e7l\u0131k ve Yoksulluk S\u0131n\u0131r\u0131 Ara\u015ft\u0131rmas\u0131n\u0131 A\u00e7\u0131klad\u0131 - The Epoch Times TR","isPartOf":{"@id":"https:\/\/epochtimestr.com\/#website"},"primaryImageOfPage":{"@id":"https:\/\/epochtimestr.com\/index.php\/birlesik-kamu-is-aclik-ve-yoksulluk-siniri-arastirmasini-acikladi#primaryimage"},"image":{"@id":"https:\/\/epochtimestr.com\/index.php\/birlesik-kamu-is-aclik-ve-yoksulluk-siniri-arastirmasini-acikladi#primaryimage"},"thumbnailUrl":"https:\/\/epochtimestr.com\/wp-content\/uploads\/2011y\/pazar-1.jpg","datePublished":"2026-07-02T08:11:17+00:00","dateModified":"2026-07-02T08:12:57+00:00","description":"Birle\u015fik Kamu-\u0130\u015f\u2019in Haziran 2026 ara\u015ft\u0131rmas\u0131na g\u00f6re, 4 ki\u015filik bir ailenin a\u00e7l\u0131k s\u0131n\u0131r\u0131 37.996, yoksulluk s\u0131n\u0131r\u0131 ise 116.106 liraya y\u00fckseldi.","inLanguage":"tr","potentialAction":[{"@type":"ReadAction","target":["https:\/\/epochtimestr.com\/index.php\/birlesik-kamu-is-aclik-ve-yoksulluk-siniri-arastirmasini-acikladi"]}]},{"@type":"ImageObject","inLanguage":"tr","@id":"https:\/\/epochtimestr.com\/index.php\/birlesik-kamu-is-aclik-ve-yoksulluk-siniri-arastirmasini-acikladi#primaryimage","url":"https:\/\/epochtimestr.com\/wp-content\/uploads\/2011y\/pazar-1.jpg","contentUrl":"https:\/\/epochtimestr.com\/wp-content\/uploads\/2011y\/pazar-1.jpg","width":1280,"height":850},{"@type":"WebSite","@id":"https:\/\/epochtimestr.com\/#website","url":"https:\/\/epochtimestr.com\/","name":"The Epoch Times TR","description":"De\u011fi\u015fen D\u00fcnyam\u0131za Taze Bir Bak\u0131\u015f","publisher":{"@id":"https:\/\/epochtimestr.com\/#organization"},"potentialAction":[{"@type":"SearchAction","target":{"@type":"EntryPoint","urlTemplate":"https:\/\/epochtimestr.com\/?s={search_term_string}"},"query-input":"required name=search_term_string"}],"inLanguage":"tr"},{"@type":"Organization","@id":"https:\/\/epochtimestr.com\/#organization","name":"The EpochTimes T\u00fcrkiye","url":"https:\/\/epochtimestr.com\/","logo":{"@type":"ImageObject","inLanguage":"tr","@id":"https:\/\/epochtimestr.com\/#\/schema\/logo\/image\/","url":"https:\/\/epochtimestr.com\/wp-content\/uploads\/2011y\/ET-Logo-YG.jpg","contentUrl":"https:\/\/epochtimestr.com\/wp-content\/uploads\/2011y\/ET-Logo-YG.jpg","width":346,"height":29,"caption":"The EpochTimes T\u00fcrkiye"},"image":{"@id":"https:\/\/epochtimestr.com\/#\/schema\/logo\/image\/"},"sameAs":["https:\/\/www.facebook.com\/theepochtimestr","https:\/\/x.com\/TheEpochTimesTR","https:\/\/www.instagram.com\/epochtimestr"]},{"@type":"Person","@id":"https:\/\/epochtimestr.com\/#\/schema\/person\/3dc5c3adeb9f43923c5aa85889172fdd","name":"Haber Merkezi","image":{"@type":"ImageObject","inLanguage":"tr","@id":"https:\/\/epochtimestr.com\/#\/schema\/person\/image\/","url":"https:\/\/secure.gravatar.com\/avatar\/d73f772ba5a74f28601361e17c2f93e6?s=96&d=mm&r=g","contentUrl":"https:\/\/secure.gravatar.com\/avatar\/d73f772ba5a74f28601361e17c2f93e6?s=96&d=mm&r=g","caption":"Haber Merkezi"},"url":"https:\/\/epochtimestr.com\/index.php\/author\/sendag"}]}},"_links":{"self":[{"href":"https:\/\/epochtimestr.com\/index.php\/wp-json\/wp\/v2\/posts\/168218"}],"collection":[{"href":"https:\/\/epochtimestr.com\/index.php\/wp-json\/wp\/v2\/posts"}],"about":[{"href":"https:\/\/epochtimestr.com\/index.php\/wp-json\/wp\/v2\/types\/post"}],"author":[{"embeddable":true,"href":"https:\/\/epochtimestr.com\/index.php\/wp-json\/wp\/v2\/users\/12791"}],"replies":[{"embeddable":true,"href":"https:\/\/epochtimestr.com\/index.php\/wp-json\/wp\/v2\/comments?post=168218"}],"version-history":[{"count":3,"href":"https:\/\/epochtimestr.com\/index.php\/wp-json\/wp\/v2\/posts\/168218\/revisions"}],"predecessor-version":[{"id":168230,"href":"https:\/\/epochtimestr.com\/index.php\/wp-json\/wp\/v2\/posts\/168218\/revisions\/168230"}],"wp:featuredmedia":[{"embeddable":true,"href":"https:\/\/epochtimestr.com\/index.php\/wp-json\/wp\/v2\/media\/154619"}],"wp:attachment":[{"href":"https:\/\/epochtimestr.com\/index.php\/wp-json\/wp\/v2\/media?parent=168218"}],"wp:term":[{"taxonomy":"category","embeddable":true,"href":"https:\/\/epochtimestr.com\/index.php\/wp-json\/wp\/v2\/categories?post=168218"},{"taxonomy":"post_tag","embeddable":true,"href":"https:\/\/epochtimestr.com\/index.php\/wp-json\/wp\/v2\/tags?post=168218"}],"curies":[{"name":"wp","href":"https:\/\/api.w.org\/{rel}","templated":true}]}}