{"id":168231,"date":"2026-07-02T18:07:07","date_gmt":"2026-07-02T15:07:07","guid":{"rendered":"https:\/\/epochtimestr.com\/?p=168231"},"modified":"2026-07-02T18:07:09","modified_gmt":"2026-07-02T15:07:09","slug":"abd-iran-gorusmelerinde-ilerleme","status":"publish","type":"post","link":"https:\/\/epochtimestr.com\/index.php\/abd-iran-gorusmelerinde-ilerleme","title":{"rendered":"ABD &#8211; \u0130ran G\u00f6r\u00fc\u015fmelerinde \u0130lerleme"},"content":{"rendered":"<div class=\"wp-block-image\">\n<figure class=\"aligncenter size-full\"><img loading=\"lazy\" decoding=\"async\" width=\"1200\" height=\"800\" src=\"https:\/\/epochtimestr.com\/wp-content\/uploads\/2011y\/1000042002.webp\" alt=\"14 Haziran 2026'da Tahran'daki \u0130nk\u0131lap Meydan\u0131'nda bir binaya as\u0131lan \u0130ran bayra\u011f\u0131n\u0131n \u00f6n\u00fcnden ge\u00e7en ara\u00e7lar g\u00f6r\u00fcnt\u00fclendi.\u00a0(Foto\u011fraf: AFP\/Getty Images)\" class=\"wp-image-168232\" srcset=\"https:\/\/epochtimestr.com\/wp-content\/uploads\/2011y\/1000042002.webp 1200w, https:\/\/epochtimestr.com\/wp-content\/uploads\/2011y\/1000042002-300x200.webp 300w, https:\/\/epochtimestr.com\/wp-content\/uploads\/2011y\/1000042002-150x100.webp 150w, https:\/\/epochtimestr.com\/wp-content\/uploads\/2011y\/1000042002-768x512.webp 768w\" sizes=\"(max-width: 1200px) 100vw, 1200px\" \/><figcaption class=\"wp-element-caption\">14 Haziran 2026&#8217;da Tahran&#8217;daki \u0130nk\u0131lap Meydan\u0131&#8217;nda bir binaya as\u0131lan \u0130ran bayra\u011f\u0131n\u0131n \u00f6n\u00fcnden ge\u00e7en ara\u00e7lar.\u00a0(Foto\u011fraf: AFP- Getty Images, The Epoch Times arac\u0131l\u0131\u011f\u0131yla)<\/figcaption><\/figure><\/div>\n\n\n<p>ABD ile \u0130ran aras\u0131nda Katar ve Pakistan&#8217;\u0131n arabuluculu\u011funda y\u00fcr\u00fct\u00fclen temaslarda ilerleme sa\u011fland\u0131. Taraflar, g\u00f6r\u00fc\u015fmeleri s\u00fcrd\u00fcrme konusunda mutabakata vard\u0131. Bir sonraki toplant\u0131 \u0130ran&#8217;\u0131n eski dini lideri Ali Hamaney i\u00e7in d\u00fczenlenecek cenaze t\u00f6renlerinin ard\u0131ndan yap\u0131lacak.<\/p>\n\n\n\n<p><a href=\"https:\/\/www.theepochtimes.com\/world\/qatar-says-progress-made-in-us-iran-talks-discussions-to-continue-6056205\" target=\"_blank\" rel=\"noreferrer noopener\">Katar D\u0131\u015fi\u015fleri Bakanl\u0131\u011f\u0131<\/a> ile Pakistanl\u0131 yetkililer, Doha&#8217;da ger\u00e7ekle\u015ftirilen g\u00f6r\u00fc\u015fmelerin olumlu ge\u00e7ti\u011fini a\u00e7\u0131klad\u0131. A\u00e7\u0131klamaya g\u00f6re temaslar, Haziran ay\u0131nda \u0130svi\u00e7re&#8217;deki Lucerne G\u00f6l\u00fc Zirvesi sonras\u0131nda kaydedilen ilerlemenin g\u00fc\u00e7lenmesini sa\u011flad\u0131.<\/p>\n\n\n\n<p>Katar D\u0131\u015fi\u015fleri Bakanl\u0131\u011f\u0131 S\u00f6zc\u00fcs\u00fc Dr. Majed Al Ansari, ortak a\u00e7\u0131klamay\u0131 X hesab\u0131ndan payla\u015ft\u0131. A\u00e7\u0131klamaya g\u00f6re taraflar, m\u00fczakereleri gelecek d\u00f6nemde s\u00fcrd\u00fcrme karar\u0131 ald\u0131. Ayr\u0131ca yeni toplant\u0131, cenaze t\u00f6renlerinin tamamlanmas\u0131n\u0131n ard\u0131ndan en k\u0131sa s\u00fcrede d\u00fczenlenecek. \u0130ran&#8217;\u0131n eski dini lideri Ali Hamaney, \u015eubat ay\u0131nda d\u00fczenlenen ABD-\u0130srail sald\u0131r\u0131s\u0131nda hayat\u0131n\u0131 kaybetmi\u015fti.<\/p>\n\n\n\n<p>Haziran ay\u0131 ortas\u0131nda imzalanan \u0130slamabad Mutabakat Muht\u0131ras\u0131, \u00e7at\u0131\u015fmalar\u0131n s\u0131n\u0131rland\u0131r\u0131lmas\u0131n\u0131 \u00f6ng\u00f6r\u00fcyor. Bununla birlikte <a href=\"https:\/\/epochtimestr.com\/index.php\/iran-hurmuz-bogazindaki-mayinlari-temizleyecek\" target=\"_blank\" rel=\"noreferrer noopener\">H\u00fcrm\u00fcz Bo\u011faz\u0131<\/a> gibi kritik deniz yollar\u0131n\u0131n yeniden a\u00e7\u0131lmas\u0131n\u0131 hedefliyor. Ayr\u0131ca \u0130ran&#8217;\u0131n n\u00fckleer program\u0131na ili\u015fkin teknik g\u00f6r\u00fc\u015fmeler s\u00fcrecek.<\/p>\n\n\n\n<p>Pakistan Ba\u015fbakan\u0131 \u015eahbaz \u015eerif, anla\u015fma s\u00fcrecinde arabulucu rol\u00fcn\u00fc kabul etti. Mutabakat, aktif \u00e7at\u0131\u015fmalar\u0131n sona ermesine y\u00f6nelik \u00f6nemli bir ad\u0131m olacak. ABD ile \u0130ran aras\u0131ndaki do\u011frudan \u00e7at\u0131\u015fmalar, bu y\u0131l\u0131n ba\u015flar\u0131nda sa\u011flanan ate\u015fkesle sona ermi\u015fti. Ancak b\u00f6lgedeki diplomatik temaslar devam ediyor.<\/p>\n\n\n\n<p>Katar, b\u00f6lgedeki diplomatik ili\u015fkileri nedeniyle arabuluculuk g\u00f6revini s\u00fcrd\u00fcr\u00fcyor. \u00d6te yandan Pakistan da m\u00fczakere s\u00fcrecinde aktif rol al\u0131yor. G\u00f6r\u00fc\u015fmeler, \u0130ran&#8217;\u0131n n\u00fckleer program\u0131 ve b\u00f6lgedeki silahl\u0131 gruplara sa\u011flad\u0131\u011f\u0131 destek iddialar\u0131 etraf\u0131nda s\u00fcr\u00fcyor.<\/p>\n\n\n\n<p>\u00dcst d\u00fczey ABD yetkilileri de m\u00fczakerelere kat\u0131l\u0131yor. \u00d6nceki temaslarda ABD Ba\u015fkan Yard\u0131mc\u0131s\u0131 JD Vance da yer ald\u0131. Teknik g\u00f6r\u00fc\u015fmelerde yapt\u0131r\u0131mlar\u0131n hafifletilmesi, varl\u0131klar\u0131n serbest b\u0131rak\u0131lmas\u0131 ve yeni \u00e7at\u0131\u015fmalar\u0131n \u00f6nlenmesine y\u00f6nelik mekanizmalar ele al\u0131n\u0131yor.<\/p>\n\n\n\n<p>Son olarak Suudi Arabistan, T\u00fcrkiye ve M\u0131s\u0131r da y\u00fcr\u00fct\u00fclen arabuluculuk \u00e7er\u00e7evesine destek veriyor. Yeni g\u00f6r\u00fc\u015fme tarihi ise cenaze t\u00f6renlerinin tamamlanmas\u0131n\u0131n ard\u0131ndan belli olacak.<\/p>\n","protected":false},"excerpt":{"rendered":"<p>ABD ile \u0130ran aras\u0131nda Katar ve Pakistan&#8217;\u0131n arabuluculu\u011funda y\u00fcr\u00fct\u00fclen temaslarda ilerleme sa\u011fland\u0131. Taraflar, g\u00f6r\u00fc\u015fmeleri s\u00fcrd\u00fcrme konusunda mutabakata vard\u0131. Bir sonraki toplant\u0131 \u0130ran&#8217;\u0131n eski dini lideri Ali Hamaney i\u00e7in d\u00fczenlenecek cenaze t\u00f6renlerinin ard\u0131ndan yap\u0131lacak. Katar D\u0131\u015fi\u015fleri Bakanl\u0131\u011f\u0131 ile Pakistanl\u0131 yetkililer, Doha&#8217;da ger\u00e7ekle\u015ftirilen g\u00f6r\u00fc\u015fmelerin olumlu ge\u00e7ti\u011fini a\u00e7\u0131klad\u0131. A\u00e7\u0131klamaya g\u00f6re temaslar, Haziran ay\u0131nda \u0130svi\u00e7re&#8217;deki Lucerne G\u00f6l\u00fc Zirvesi sonras\u0131nda [&hellip;]<\/p>\n","protected":false},"author":13996,"featured_media":168232,"comment_status":"open","ping_status":"open","sticky":false,"template":"","format":"standard","meta":{"_yoast_wpseo_focuskw":"ABD - \u0130ran","_yoast_wpseo_title":"","_yoast_wpseo_metadesc":"ABD ile \u0130ran aras\u0131nda Katar ve Pakistan'\u0131n arabuluculu\u011funda y\u00fcr\u00fct\u00fclen g\u00f6r\u00fc\u015fmelerde ilerleme sa\u011fland\u0131. G\u00f6r\u00fc\u015fmeler s\u00fcrecek.","_bbp_topic_count":0,"_bbp_reply_count":0,"_bbp_total_topic_count":0,"_bbp_total_reply_count":0,"_bbp_voice_count":0,"_bbp_anonymous_reply_count":0,"_bbp_topic_count_hidden":0,"_bbp_reply_count_hidden":0,"_bbp_forum_subforum_count":0,"footnotes":"","_yoast_wpseo_focuskw_text_input":""},"categories":[5,1,8138],"tags":[11622,9555,9130,10522,1086,11621,6443,240,1313,727,328],"yoast_head":"<!-- This site is optimized with the Yoast SEO plugin v23.0 - https:\/\/yoast.com\/wordpress\/plugins\/seo\/ -->\n<title>ABD - \u0130ran G\u00f6r\u00fc\u015fmelerinde \u0130lerleme - The Epoch Times TR<\/title>\n<meta name=\"description\" content=\"ABD ile \u0130ran aras\u0131nda Katar ve Pakistan&#039;\u0131n arabuluculu\u011funda y\u00fcr\u00fct\u00fclen g\u00f6r\u00fc\u015fmelerde ilerleme sa\u011fland\u0131. G\u00f6r\u00fc\u015fmeler s\u00fcrecek.\" \/>\n<meta name=\"robots\" content=\"index, follow, max-snippet:-1, max-image-preview:large, max-video-preview:-1\" \/>\n<link rel=\"canonical\" href=\"https:\/\/epochtimestr.com\/index.php\/abd-iran-gorusmelerinde-ilerleme\" \/>\n<meta property=\"og:locale\" content=\"tr_TR\" \/>\n<meta property=\"og:type\" content=\"article\" \/>\n<meta property=\"og:title\" content=\"ABD - \u0130ran G\u00f6r\u00fc\u015fmelerinde \u0130lerleme - The Epoch Times TR\" \/>\n<meta property=\"og:description\" content=\"ABD ile \u0130ran aras\u0131nda Katar ve Pakistan&#039;\u0131n arabuluculu\u011funda y\u00fcr\u00fct\u00fclen g\u00f6r\u00fc\u015fmelerde ilerleme sa\u011fland\u0131. G\u00f6r\u00fc\u015fmeler s\u00fcrecek.\" \/>\n<meta property=\"og:url\" content=\"https:\/\/epochtimestr.com\/index.php\/abd-iran-gorusmelerinde-ilerleme\" \/>\n<meta property=\"og:site_name\" content=\"The Epoch Times TR\" \/>\n<meta property=\"article:publisher\" content=\"https:\/\/www.facebook.com\/theepochtimestr\" \/>\n<meta property=\"article:published_time\" content=\"2026-07-02T15:07:07+00:00\" \/>\n<meta property=\"article:modified_time\" content=\"2026-07-02T15:07:09+00:00\" \/>\n<meta property=\"og:image\" content=\"https:\/\/epochtimestr.com\/wp-content\/uploads\/2011y\/1000042002.webp\" \/>\n\t<meta property=\"og:image:width\" content=\"1200\" \/>\n\t<meta property=\"og:image:height\" content=\"800\" \/>\n\t<meta property=\"og:image:type\" content=\"image\/webp\" \/>\n<meta name=\"author\" content=\"Leo Bajelan\" \/>\n<meta name=\"twitter:card\" content=\"summary_large_image\" \/>\n<meta name=\"twitter:creator\" content=\"@TheEpochTimesTR\" \/>\n<meta name=\"twitter:site\" content=\"@TheEpochTimesTR\" \/>\n<meta name=\"twitter:label1\" content=\"Yazan:\" \/>\n\t<meta name=\"twitter:data1\" content=\"Leo Bajelan\" \/>\n\t<meta name=\"twitter:label2\" content=\"Tahmini okuma s\u00fcresi\" \/>\n\t<meta name=\"twitter:data2\" content=\"3 dakika\" \/>\n<script type=\"application\/ld+json\" class=\"yoast-schema-graph\">{\"@context\":\"https:\/\/schema.org\",\"@graph\":[{\"@type\":\"Article\",\"@id\":\"https:\/\/epochtimestr.com\/index.php\/abd-iran-gorusmelerinde-ilerleme#article\",\"isPartOf\":{\"@id\":\"https:\/\/epochtimestr.com\/index.php\/abd-iran-gorusmelerinde-ilerleme\"},\"author\":{\"name\":\"Leo Bajelan\",\"@id\":\"https:\/\/epochtimestr.com\/#\/schema\/person\/5fef218711d76d8f232b0e1f1d7e4c0d\"},\"headline\":\"ABD &#8211; \u0130ran G\u00f6r\u00fc\u015fmelerinde \u0130lerleme\",\"datePublished\":\"2026-07-02T15:07:07+00:00\",\"dateModified\":\"2026-07-02T15:07:09+00:00\",\"mainEntityOfPage\":{\"@id\":\"https:\/\/epochtimestr.com\/index.php\/abd-iran-gorusmelerinde-ilerleme\"},\"wordCount\":458,\"commentCount\":0,\"publisher\":{\"@id\":\"https:\/\/epochtimestr.com\/#organization\"},\"image\":{\"@id\":\"https:\/\/epochtimestr.com\/index.php\/abd-iran-gorusmelerinde-ilerleme#primaryimage\"},\"thumbnailUrl\":\"https:\/\/epochtimestr.com\/wp-content\/uploads\/2011y\/1000042002.webp\",\"keywords\":[\"ABD - \u0130ran\",\"Ali Hamaney\",\"Doha\",\"H\u00fcrm\u00fcz bo\u011faz\u0131\",\"\u0130ran\",\"\u0130slamabad Mutabakat Muht\u0131ras\u0131\",\"Katar\",\"M\u0131s\u0131r\",\"Pakistan\",\"suudi arabistan\",\"T\u00fcrkiye\"],\"articleSection\":[\"D\u00dcNYA\",\"G\u00dcNDEM\",\"MAN\u015eET\"],\"inLanguage\":\"tr\",\"potentialAction\":[{\"@type\":\"CommentAction\",\"name\":\"Comment\",\"target\":[\"https:\/\/epochtimestr.com\/index.php\/abd-iran-gorusmelerinde-ilerleme#respond\"]}]},{\"@type\":\"WebPage\",\"@id\":\"https:\/\/epochtimestr.com\/index.php\/abd-iran-gorusmelerinde-ilerleme\",\"url\":\"https:\/\/epochtimestr.com\/index.php\/abd-iran-gorusmelerinde-ilerleme\",\"name\":\"ABD - \u0130ran G\u00f6r\u00fc\u015fmelerinde \u0130lerleme - The Epoch Times TR\",\"isPartOf\":{\"@id\":\"https:\/\/epochtimestr.com\/#website\"},\"primaryImageOfPage\":{\"@id\":\"https:\/\/epochtimestr.com\/index.php\/abd-iran-gorusmelerinde-ilerleme#primaryimage\"},\"image\":{\"@id\":\"https:\/\/epochtimestr.com\/index.php\/abd-iran-gorusmelerinde-ilerleme#primaryimage\"},\"thumbnailUrl\":\"https:\/\/epochtimestr.com\/wp-content\/uploads\/2011y\/1000042002.webp\",\"datePublished\":\"2026-07-02T15:07:07+00:00\",\"dateModified\":\"2026-07-02T15:07:09+00:00\",\"description\":\"ABD ile \u0130ran aras\u0131nda Katar ve Pakistan'\u0131n arabuluculu\u011funda y\u00fcr\u00fct\u00fclen g\u00f6r\u00fc\u015fmelerde ilerleme sa\u011fland\u0131. G\u00f6r\u00fc\u015fmeler s\u00fcrecek.\",\"inLanguage\":\"tr\",\"potentialAction\":[{\"@type\":\"ReadAction\",\"target\":[\"https:\/\/epochtimestr.com\/index.php\/abd-iran-gorusmelerinde-ilerleme\"]}]},{\"@type\":\"ImageObject\",\"inLanguage\":\"tr\",\"@id\":\"https:\/\/epochtimestr.com\/index.php\/abd-iran-gorusmelerinde-ilerleme#primaryimage\",\"url\":\"https:\/\/epochtimestr.com\/wp-content\/uploads\/2011y\/1000042002.webp\",\"contentUrl\":\"https:\/\/epochtimestr.com\/wp-content\/uploads\/2011y\/1000042002.webp\",\"width\":1200,\"height\":800},{\"@type\":\"WebSite\",\"@id\":\"https:\/\/epochtimestr.com\/#website\",\"url\":\"https:\/\/epochtimestr.com\/\",\"name\":\"The Epoch Times TR\",\"description\":\"De\u011fi\u015fen D\u00fcnyam\u0131za Taze Bir Bak\u0131\u015f\",\"publisher\":{\"@id\":\"https:\/\/epochtimestr.com\/#organization\"},\"potentialAction\":[{\"@type\":\"SearchAction\",\"target\":{\"@type\":\"EntryPoint\",\"urlTemplate\":\"https:\/\/epochtimestr.com\/?s={search_term_string}\"},\"query-input\":\"required name=search_term_string\"}],\"inLanguage\":\"tr\"},{\"@type\":\"Organization\",\"@id\":\"https:\/\/epochtimestr.com\/#organization\",\"name\":\"The EpochTimes T\u00fcrkiye\",\"url\":\"https:\/\/epochtimestr.com\/\",\"logo\":{\"@type\":\"ImageObject\",\"inLanguage\":\"tr\",\"@id\":\"https:\/\/epochtimestr.com\/#\/schema\/logo\/image\/\",\"url\":\"https:\/\/epochtimestr.com\/wp-content\/uploads\/2011y\/ET-Logo-YG.jpg\",\"contentUrl\":\"https:\/\/epochtimestr.com\/wp-content\/uploads\/2011y\/ET-Logo-YG.jpg\",\"width\":346,\"height\":29,\"caption\":\"The EpochTimes T\u00fcrkiye\"},\"image\":{\"@id\":\"https:\/\/epochtimestr.com\/#\/schema\/logo\/image\/\"},\"sameAs\":[\"https:\/\/www.facebook.com\/theepochtimestr\",\"https:\/\/x.com\/TheEpochTimesTR\",\"https:\/\/www.instagram.com\/epochtimestr\"]},{\"@type\":\"Person\",\"@id\":\"https:\/\/epochtimestr.com\/#\/schema\/person\/5fef218711d76d8f232b0e1f1d7e4c0d\",\"name\":\"Leo Bajelan\",\"image\":{\"@type\":\"ImageObject\",\"inLanguage\":\"tr\",\"@id\":\"https:\/\/epochtimestr.com\/#\/schema\/person\/image\/\",\"url\":\"https:\/\/secure.gravatar.com\/avatar\/917669146f489549e548a2e9af272df5?s=96&d=mm&r=g\",\"contentUrl\":\"https:\/\/secure.gravatar.com\/avatar\/917669146f489549e548a2e9af272df5?s=96&d=mm&r=g\",\"caption\":\"Leo Bajelan\"},\"url\":\"https:\/\/epochtimestr.com\/index.php\/author\/leo\"}]}<\/script>\n<!-- \/ Yoast SEO plugin. -->","yoast_head_json":{"title":"ABD - \u0130ran G\u00f6r\u00fc\u015fmelerinde \u0130lerleme - The Epoch Times TR","description":"ABD ile \u0130ran aras\u0131nda Katar ve Pakistan'\u0131n arabuluculu\u011funda y\u00fcr\u00fct\u00fclen g\u00f6r\u00fc\u015fmelerde ilerleme sa\u011fland\u0131. G\u00f6r\u00fc\u015fmeler s\u00fcrecek.","robots":{"index":"index","follow":"follow","max-snippet":"max-snippet:-1","max-image-preview":"max-image-preview:large","max-video-preview":"max-video-preview:-1"},"canonical":"https:\/\/epochtimestr.com\/index.php\/abd-iran-gorusmelerinde-ilerleme","og_locale":"tr_TR","og_type":"article","og_title":"ABD - \u0130ran G\u00f6r\u00fc\u015fmelerinde \u0130lerleme - The Epoch Times TR","og_description":"ABD ile \u0130ran aras\u0131nda Katar ve Pakistan'\u0131n arabuluculu\u011funda y\u00fcr\u00fct\u00fclen g\u00f6r\u00fc\u015fmelerde ilerleme sa\u011fland\u0131. G\u00f6r\u00fc\u015fmeler s\u00fcrecek.","og_url":"https:\/\/epochtimestr.com\/index.php\/abd-iran-gorusmelerinde-ilerleme","og_site_name":"The Epoch Times TR","article_publisher":"https:\/\/www.facebook.com\/theepochtimestr","article_published_time":"2026-07-02T15:07:07+00:00","article_modified_time":"2026-07-02T15:07:09+00:00","og_image":[{"width":1200,"height":800,"url":"https:\/\/epochtimestr.com\/wp-content\/uploads\/2011y\/1000042002.webp","type":"image\/webp"}],"author":"Leo Bajelan","twitter_card":"summary_large_image","twitter_creator":"@TheEpochTimesTR","twitter_site":"@TheEpochTimesTR","twitter_misc":{"Yazan:":"Leo Bajelan","Tahmini okuma s\u00fcresi":"3 dakika"},"schema":{"@context":"https:\/\/schema.org","@graph":[{"@type":"Article","@id":"https:\/\/epochtimestr.com\/index.php\/abd-iran-gorusmelerinde-ilerleme#article","isPartOf":{"@id":"https:\/\/epochtimestr.com\/index.php\/abd-iran-gorusmelerinde-ilerleme"},"author":{"name":"Leo Bajelan","@id":"https:\/\/epochtimestr.com\/#\/schema\/person\/5fef218711d76d8f232b0e1f1d7e4c0d"},"headline":"ABD &#8211; \u0130ran G\u00f6r\u00fc\u015fmelerinde \u0130lerleme","datePublished":"2026-07-02T15:07:07+00:00","dateModified":"2026-07-02T15:07:09+00:00","mainEntityOfPage":{"@id":"https:\/\/epochtimestr.com\/index.php\/abd-iran-gorusmelerinde-ilerleme"},"wordCount":458,"commentCount":0,"publisher":{"@id":"https:\/\/epochtimestr.com\/#organization"},"image":{"@id":"https:\/\/epochtimestr.com\/index.php\/abd-iran-gorusmelerinde-ilerleme#primaryimage"},"thumbnailUrl":"https:\/\/epochtimestr.com\/wp-content\/uploads\/2011y\/1000042002.webp","keywords":["ABD - \u0130ran","Ali Hamaney","Doha","H\u00fcrm\u00fcz bo\u011faz\u0131","\u0130ran","\u0130slamabad Mutabakat Muht\u0131ras\u0131","Katar","M\u0131s\u0131r","Pakistan","suudi arabistan","T\u00fcrkiye"],"articleSection":["D\u00dcNYA","G\u00dcNDEM","MAN\u015eET"],"inLanguage":"tr","potentialAction":[{"@type":"CommentAction","name":"Comment","target":["https:\/\/epochtimestr.com\/index.php\/abd-iran-gorusmelerinde-ilerleme#respond"]}]},{"@type":"WebPage","@id":"https:\/\/epochtimestr.com\/index.php\/abd-iran-gorusmelerinde-ilerleme","url":"https:\/\/epochtimestr.com\/index.php\/abd-iran-gorusmelerinde-ilerleme","name":"ABD - \u0130ran G\u00f6r\u00fc\u015fmelerinde \u0130lerleme - The Epoch Times TR","isPartOf":{"@id":"https:\/\/epochtimestr.com\/#website"},"primaryImageOfPage":{"@id":"https:\/\/epochtimestr.com\/index.php\/abd-iran-gorusmelerinde-ilerleme#primaryimage"},"image":{"@id":"https:\/\/epochtimestr.com\/index.php\/abd-iran-gorusmelerinde-ilerleme#primaryimage"},"thumbnailUrl":"https:\/\/epochtimestr.com\/wp-content\/uploads\/2011y\/1000042002.webp","datePublished":"2026-07-02T15:07:07+00:00","dateModified":"2026-07-02T15:07:09+00:00","description":"ABD ile \u0130ran aras\u0131nda Katar ve Pakistan'\u0131n arabuluculu\u011funda y\u00fcr\u00fct\u00fclen g\u00f6r\u00fc\u015fmelerde ilerleme sa\u011fland\u0131. G\u00f6r\u00fc\u015fmeler s\u00fcrecek.","inLanguage":"tr","potentialAction":[{"@type":"ReadAction","target":["https:\/\/epochtimestr.com\/index.php\/abd-iran-gorusmelerinde-ilerleme"]}]},{"@type":"ImageObject","inLanguage":"tr","@id":"https:\/\/epochtimestr.com\/index.php\/abd-iran-gorusmelerinde-ilerleme#primaryimage","url":"https:\/\/epochtimestr.com\/wp-content\/uploads\/2011y\/1000042002.webp","contentUrl":"https:\/\/epochtimestr.com\/wp-content\/uploads\/2011y\/1000042002.webp","width":1200,"height":800},{"@type":"WebSite","@id":"https:\/\/epochtimestr.com\/#website","url":"https:\/\/epochtimestr.com\/","name":"The Epoch Times TR","description":"De\u011fi\u015fen D\u00fcnyam\u0131za Taze Bir Bak\u0131\u015f","publisher":{"@id":"https:\/\/epochtimestr.com\/#organization"},"potentialAction":[{"@type":"SearchAction","target":{"@type":"EntryPoint","urlTemplate":"https:\/\/epochtimestr.com\/?s={search_term_string}"},"query-input":"required name=search_term_string"}],"inLanguage":"tr"},{"@type":"Organization","@id":"https:\/\/epochtimestr.com\/#organization","name":"The EpochTimes T\u00fcrkiye","url":"https:\/\/epochtimestr.com\/","logo":{"@type":"ImageObject","inLanguage":"tr","@id":"https:\/\/epochtimestr.com\/#\/schema\/logo\/image\/","url":"https:\/\/epochtimestr.com\/wp-content\/uploads\/2011y\/ET-Logo-YG.jpg","contentUrl":"https:\/\/epochtimestr.com\/wp-content\/uploads\/2011y\/ET-Logo-YG.jpg","width":346,"height":29,"caption":"The EpochTimes T\u00fcrkiye"},"image":{"@id":"https:\/\/epochtimestr.com\/#\/schema\/logo\/image\/"},"sameAs":["https:\/\/www.facebook.com\/theepochtimestr","https:\/\/x.com\/TheEpochTimesTR","https:\/\/www.instagram.com\/epochtimestr"]},{"@type":"Person","@id":"https:\/\/epochtimestr.com\/#\/schema\/person\/5fef218711d76d8f232b0e1f1d7e4c0d","name":"Leo Bajelan","image":{"@type":"ImageObject","inLanguage":"tr","@id":"https:\/\/epochtimestr.com\/#\/schema\/person\/image\/","url":"https:\/\/secure.gravatar.com\/avatar\/917669146f489549e548a2e9af272df5?s=96&d=mm&r=g","contentUrl":"https:\/\/secure.gravatar.com\/avatar\/917669146f489549e548a2e9af272df5?s=96&d=mm&r=g","caption":"Leo Bajelan"},"url":"https:\/\/epochtimestr.com\/index.php\/author\/leo"}]}},"_links":{"self":[{"href":"https:\/\/epochtimestr.com\/index.php\/wp-json\/wp\/v2\/posts\/168231"}],"collection":[{"href":"https:\/\/epochtimestr.com\/index.php\/wp-json\/wp\/v2\/posts"}],"about":[{"href":"https:\/\/epochtimestr.com\/index.php\/wp-json\/wp\/v2\/types\/post"}],"author":[{"embeddable":true,"href":"https:\/\/epochtimestr.com\/index.php\/wp-json\/wp\/v2\/users\/13996"}],"replies":[{"embeddable":true,"href":"https:\/\/epochtimestr.com\/index.php\/wp-json\/wp\/v2\/comments?post=168231"}],"version-history":[{"count":2,"href":"https:\/\/epochtimestr.com\/index.php\/wp-json\/wp\/v2\/posts\/168231\/revisions"}],"predecessor-version":[{"id":168235,"href":"https:\/\/epochtimestr.com\/index.php\/wp-json\/wp\/v2\/posts\/168231\/revisions\/168235"}],"wp:featuredmedia":[{"embeddable":true,"href":"https:\/\/epochtimestr.com\/index.php\/wp-json\/wp\/v2\/media\/168232"}],"wp:attachment":[{"href":"https:\/\/epochtimestr.com\/index.php\/wp-json\/wp\/v2\/media?parent=168231"}],"wp:term":[{"taxonomy":"category","embeddable":true,"href":"https:\/\/epochtimestr.com\/index.php\/wp-json\/wp\/v2\/categories?post=168231"},{"taxonomy":"post_tag","embeddable":true,"href":"https:\/\/epochtimestr.com\/index.php\/wp-json\/wp\/v2\/tags?post=168231"}],"curies":[{"name":"wp","href":"https:\/\/api.w.org\/{rel}","templated":true}]}}