{"id":168241,"date":"2026-07-03T07:00:00","date_gmt":"2026-07-03T04:00:00","guid":{"rendered":"https:\/\/epochtimestr.com\/?p=168241"},"modified":"2026-07-02T21:11:13","modified_gmt":"2026-07-02T18:11:13","slug":"adliye-koridorunda-ofke-kontrolu","status":"publish","type":"post","link":"https:\/\/epochtimestr.com\/index.php\/adliye-koridorunda-ofke-kontrolu","title":{"rendered":"Adliye Koridorunda \u00d6fke Kontrol\u00fc"},"content":{"rendered":"\n<h2 class=\"wp-block-heading\">Tek Bir C\u00fcmlenin Hukuki Bedeli<\/h2>\n\n\n\n<p>G\u00fcnl\u00fck hayat\u0131n stresi, adliye koridorlar\u0131n\u0131n gergin havas\u0131 ve hakl\u0131 oldu\u011funu d\u00fc\u015f\u00fcnen bir vatanda\u015f\u0131n anl\u0131k \u00f6fkesi\u2026 Hukuki bir s\u00fcre\u00e7te i\u015fler istedi\u011fi gibi gitmeyen ya da kar\u015f\u0131 taraf\u0131n avukat\u0131na bilenen bir ki\u015finin dilinden d\u00f6k\u00fcl\u00fcveren o me\u015fhur c\u00fcmle:&nbsp;<em>&#8220;Sen doland\u0131r\u0131c\u0131s\u0131n!&#8221;<\/em><\/p>\n\n\n\n<p>Peki, anl\u0131k bir sinir patlamas\u0131yla s\u00f6ylenen, fiziksel hi\u00e7bir m\u00fcdahale i\u00e7ermeyen, sadece bu iki kelimeden ibaret olan s\u00f6z\u00fcn T\u00fcrk Ceza Kanunu\u2019ndaki (TCK) ger\u00e7ek kar\u015f\u0131l\u0131\u011f\u0131 nedir? Bir avukata g\u00f6revi esnas\u0131nda bu s\u00f6z\u00fc s\u00f6ylemek insan\u0131 hapse g\u00f6t\u00fcr\u00fcr m\u00fc yoksa &#8220;A\u011fz\u0131mdan ka\u00e7t\u0131&#8221; demek kurtulmaya yeter mi?<\/p>\n\n\n\n<p>Gelin, adliye koridorlar\u0131ndaki o puslu havan\u0131n arkas\u0131ndaki hukuki ger\u00e7eklere yak\u0131ndan bakal\u0131m.<\/p>\n\n\n\n<h3 class=\"wp-block-heading\">Avukat S\u0131radan Bir Vatanda\u015f De\u011fildir<\/h3>\n\n\n\n<p>Bir davan\u0131n taraf\u0131 oldu\u011funuzda, kar\u015f\u0131n\u0131zdaki avukat\u0131 sadece kar\u015f\u0131 taraf\u0131n savunucusu olarak g\u00f6rebilirsiniz. Ancak kanun \u00f6yle g\u00f6rm\u00fcyor. Avukatl\u0131k Kanunu\u2019nun 1. maddesi a\u00e7\u0131k\u00e7a der ki:&nbsp;<em>Avukatl\u0131k, bir kamu hizmetidir.<\/em>&nbsp;Bu y\u00fczden, bir avukata adliye koridorunda, duru\u015fma salonunda ya da bakt\u0131\u011f\u0131 bir dava ile ilgili bir icra takibinde hakaret etti\u011finizde, kom\u015funuza veya trafikteki bir s\u00fcr\u00fcc\u00fcye hakaret etmi\u015f say\u0131lmazs\u0131n\u0131z. Do\u011frudan bir&nbsp;<strong>&#8220;Kamu G\u00f6revlisine G\u00f6revinden Dolay\u0131 Hakaret&#8221;<\/strong>&nbsp;su\u00e7unu i\u015flemi\u015f olursunuz.<\/p>\n\n\n\n<p>\u0130\u015fte tam da bu y\u00fczden, kanun bu su\u00e7un alt s\u0131n\u0131r\u0131n\u0131 y\u00fcksek tutmu\u015ftur. S\u0131radan bir hakaret davas\u0131 adli para cezas\u0131yla veya birka\u00e7 ayla ge\u00e7i\u015ftirilebilirken, avukata g\u00f6revi ba\u015f\u0131nda s\u00f6ylenen\u00a0<em>&#8220;Sen doland\u0131r\u0131c\u0131s\u0131n&#8221;<\/em>\u00a0s\u00f6z\u00fcn\u00fcn ba\u015flang\u0131\u00e7 cezas\u0131\u00a0<strong>1 y\u0131l hapistir.<\/strong>\u00a0\u00dcstelik bu s\u00f6z adliye koridoru veya duru\u015fma salonu gibi herkesin duyabilece\u011fi bir yerde &#8220;alenen&#8221; s\u00f6ylenmi\u015fse, ceza otomatik olarak artarak\u00a0<strong>1 y\u0131l 2 ay hapis<\/strong>\u00a0seviyesine t\u0131rman\u0131r.<\/p>\n\n\n\n<h3 class=\"wp-block-heading\">&#8220;\u00d6fkeyle Kalkt\u0131m, Ama Sab\u0131kam Temiz&#8221; Diyenler \u0130\u00e7in \u0130kinci \u015eans<\/h3>\n\n\n\n<p>Diyelim ki olayda ba\u015fka hi\u00e7bir eylem yok; ne bir tehdit, ne bir sald\u0131r\u0131\u2026 Sadece bu s\u00f6z s\u00f6ylendi ve bitti. \u00dcstelik bu s\u00f6z\u00fc s\u00f6yleyen ki\u015fi hayat\u0131 boyunca kar\u0131ncay\u0131 bile incitmemi\u015f, adliyenin kap\u0131s\u0131ndan ge\u00e7memi\u015f, sab\u0131kas\u0131 tertemiz bir vatanda\u015f. Hukuk sistemi bu ki\u015fiyi hemen parmakl\u0131klar arkas\u0131na m\u0131 g\u00f6nderir?<\/p>\n\n\n\n<p>Neyse ki hay\u0131r. T\u00fcrk ceza adaleti, ilk kez hata yapan temiz ge\u00e7mi\u015fli vatanda\u015flara kar\u015f\u0131 o kadar ac\u0131mas\u0131z de\u011fildir.<\/p>\n\n\n\n<p>Mahkeme salonunda s\u00fcre\u00e7 muhtemelen \u015f\u00f6yle i\u015fleyecektir: Hakim, ki\u015finin duru\u015fmadaki sayg\u0131l\u0131 tutumunu ve pi\u015fmanl\u0131\u011f\u0131n\u0131 g\u00f6z \u00f6n\u00fcnde bulundurarak \u00f6nce &#8220;iyi hal indirimi&#8221; uygulayacak ve cezay\u0131&nbsp;<strong>10 ay hapse<\/strong>&nbsp;d\u00fc\u015f\u00fcrecektir. Ard\u0131ndan, san\u0131\u011f\u0131n daha \u00f6nce hi\u00e7bir su\u00e7 i\u015flememi\u015f olmas\u0131n\u0131 dikkate alarak&nbsp;<strong>H\u00fckm\u00fcn A\u00e7\u0131klanmas\u0131n\u0131n Geri B\u0131rak\u0131lmas\u0131 (HAGB)<\/strong>&nbsp;karar\u0131 verecektir.<\/p>\n\n\n\n<p>Yani hakim cezay\u0131 belirleyecek ancak masan\u0131n \u00fczerine koyup ask\u0131ya alacakt\u0131r. Bu ne anlama gelir?<\/p>\n\n\n\n<ul>\n<li>Ki\u015fi hapse girmez.<\/li>\n\n\n\n<li>Cebinden devlete \u00f6deyece\u011fi bir kuru\u015f para cezas\u0131 \u00e7\u0131kmaz.<\/li>\n\n\n\n<li>En \u00f6nemlisi, e-devletten ald\u0131\u011f\u0131 sab\u0131ka kayd\u0131nda bu su\u00e7 g\u00f6r\u00fcnmez; sicili temiz kal\u0131r.<\/li>\n\n\n\n<li>Ki\u015fiye sadece 5 y\u0131ll\u0131k bir &#8220;denetim s\u00fcresi&#8221; verilir. E\u011fer o 5 y\u0131l i\u00e7inde kas\u0131tl\u0131 ba\u015fka hi\u00e7bir su\u00e7 i\u015flemezse, bu dava tamamen tarihe g\u00f6m\u00fcl\u00fcr.<\/li>\n<\/ul>\n\n\n\n<h3 class=\"wp-block-heading\">\u015eikayeti Geri \u00c7ekmek De Kurtarmaz<\/h3>\n\n\n\n<p>Burada \u00e7ok kritik bir tuzak var:&nbsp;<em>&#8220;Gider avukatla helalle\u015firim, \u015fikayetini geri \u00e7eker, dava kapan\u0131r&#8221;<\/em>&nbsp;diye d\u00fc\u015f\u00fcn\u00fcyorsan\u0131z, yan\u0131l\u0131yorsunuz. Su\u00e7, kamu g\u00f6revlisine kar\u015f\u0131 i\u015flendi\u011fi i\u00e7in art\u0131k ki\u015fisel bir dava olmaktan \u00e7\u0131km\u0131\u015ft\u0131r. Avukat sizi affetse, \u015fikayet dilek\u00e7esini geri \u00e7ekse bile&nbsp;<strong>kamu davas\u0131 d\u00fc\u015fmez.<\/strong>&nbsp;Savc\u0131l\u0131k ve mahkeme yarg\u0131lamaya aynen devam eder ve o 10 ayl\u0131k cezay\u0131 yine de verir.<\/p>\n\n\n\n<p><strong>Son S\u00f6z: Hakl\u0131yken Haks\u0131z Duruma D\u00fc\u015fmek<\/strong><\/p>\n\n\n\n<p>Sonu\u00e7 olarak adaleti ararken ya da hakk\u0131n\u0131z\u0131 savunurken \u00f6fkenizin esiri olmak, sizi hakl\u0131yken bir anda &#8220;san\u0131k&#8221; sandalyesine oturtabilir. Kar\u015f\u0131n\u0131zdaki avukat i\u015fini k\u00f6t\u00fc yap\u0131yor olabilir, hatta can\u0131n\u0131z\u0131 s\u0131km\u0131\u015f da olabilir; ancak bunun yolu ona hakaret etmek de\u011fil, Baroya veya Savc\u0131l\u0131\u011fa resm\u00ee \u015fikayette bulunmakt\u0131r.<\/p>\n\n\n\n<p>Sadece iki kelimelik bir&nbsp;<em>&#8220;Sen doland\u0131r\u0131c\u0131s\u0131n&#8221;<\/em>&nbsp;s\u00f6z\u00fc belki sizi hapse att\u0131rmaz, sab\u0131kan\u0131z\u0131 hemen kirletmez ama hayat\u0131n\u0131z\u0131n 5 y\u0131l\u0131na &#8220;acaba bir daha su\u00e7 i\u015fler miyim&#8221; korkusuyla pranga vurur. \u00dcstelik avukat\u0131n a\u00e7aca\u011f\u0131 manevi tazminat davas\u0131yla c\u00fczdan\u0131n\u0131zda ciddi bir delik a\u00e7\u0131lmas\u0131 da cabas\u0131.<\/p>\n\n\n\n<p>Unutmamak gerekir ki hukuk salonlar\u0131nda en g\u00fc\u00e7l\u00fc silah \u00f6fke de\u011fil, sakinlik ve yasal haklar\u0131 do\u011fru yolla aramakt\u0131r.<\/p>\n","protected":false},"excerpt":{"rendered":"<p>Tek Bir C\u00fcmlenin Hukuki Bedeli G\u00fcnl\u00fck hayat\u0131n stresi, adliye koridorlar\u0131n\u0131n gergin havas\u0131 ve hakl\u0131 oldu\u011funu d\u00fc\u015f\u00fcnen bir vatanda\u015f\u0131n anl\u0131k \u00f6fkesi\u2026 Hukuki bir s\u00fcre\u00e7te i\u015fler istedi\u011fi gibi gitmeyen ya da kar\u015f\u0131 taraf\u0131n avukat\u0131na bilenen bir ki\u015finin dilinden d\u00f6k\u00fcl\u00fcveren o me\u015fhur c\u00fcmle:&nbsp;&#8220;Sen doland\u0131r\u0131c\u0131s\u0131n!&#8221; Peki, anl\u0131k bir sinir patlamas\u0131yla s\u00f6ylenen, fiziksel hi\u00e7bir m\u00fcdahale i\u00e7ermeyen, sadece bu iki kelimeden [&hellip;]<\/p>\n","protected":false},"author":14013,"featured_media":167144,"comment_status":"open","ping_status":"open","sticky":false,"template":"","format":"standard","meta":{"_yoast_wpseo_focuskw":"adliye","_yoast_wpseo_title":"","_yoast_wpseo_metadesc":"Bir davan\u0131n taraf\u0131 oldu\u011funuzda, kar\u015f\u0131n\u0131zdaki avukat\u0131 sadece kar\u015f\u0131 taraf\u0131n savunucusu olarak g\u00f6rebilirsiniz. Ancak kanun \u00f6yle g\u00f6rm\u00fcyor.","_bbp_topic_count":0,"_bbp_reply_count":0,"_bbp_total_topic_count":0,"_bbp_total_reply_count":0,"_bbp_voice_count":0,"_bbp_anonymous_reply_count":0,"_bbp_topic_count_hidden":0,"_bbp_reply_count_hidden":0,"_bbp_forum_subforum_count":0,"footnotes":"","_yoast_wpseo_focuskw_text_input":""},"categories":[11361],"tags":[],"yoast_head":"<!-- This site is optimized with the Yoast SEO plugin v23.0 - https:\/\/yoast.com\/wordpress\/plugins\/seo\/ -->\n<title>Adliye Koridorunda \u00d6fke Kontrol\u00fc - The Epoch Times TR<\/title>\n<meta name=\"description\" content=\"Bir davan\u0131n taraf\u0131 oldu\u011funuzda, kar\u015f\u0131n\u0131zdaki avukat\u0131 sadece kar\u015f\u0131 taraf\u0131n savunucusu olarak g\u00f6rebilirsiniz. Ancak kanun \u00f6yle g\u00f6rm\u00fcyor.\" \/>\n<meta name=\"robots\" content=\"index, follow, max-snippet:-1, max-image-preview:large, max-video-preview:-1\" \/>\n<link rel=\"canonical\" href=\"https:\/\/epochtimestr.com\/index.php\/adliye-koridorunda-ofke-kontrolu\" \/>\n<meta property=\"og:locale\" content=\"tr_TR\" \/>\n<meta property=\"og:type\" content=\"article\" \/>\n<meta property=\"og:title\" content=\"Adliye Koridorunda \u00d6fke Kontrol\u00fc - The Epoch Times TR\" \/>\n<meta property=\"og:description\" content=\"Bir davan\u0131n taraf\u0131 oldu\u011funuzda, kar\u015f\u0131n\u0131zdaki avukat\u0131 sadece kar\u015f\u0131 taraf\u0131n savunucusu olarak g\u00f6rebilirsiniz. Ancak kanun \u00f6yle g\u00f6rm\u00fcyor.\" \/>\n<meta property=\"og:url\" content=\"https:\/\/epochtimestr.com\/index.php\/adliye-koridorunda-ofke-kontrolu\" \/>\n<meta property=\"og:site_name\" content=\"The Epoch Times TR\" \/>\n<meta property=\"article:publisher\" content=\"https:\/\/www.facebook.com\/theepochtimestr\" \/>\n<meta property=\"article:published_time\" content=\"2026-07-03T04:00:00+00:00\" \/>\n<meta property=\"article:modified_time\" content=\"2026-07-02T18:11:13+00:00\" \/>\n<meta property=\"og:image\" content=\"https:\/\/epochtimestr.com\/wp-content\/uploads\/2011y\/ali-kekliktepe-SM.jpeg\" \/>\n\t<meta property=\"og:image:width\" content=\"1200\" \/>\n\t<meta property=\"og:image:height\" content=\"630\" \/>\n\t<meta property=\"og:image:type\" content=\"image\/jpeg\" \/>\n<meta name=\"author\" content=\"Ali Kekliktepe\" \/>\n<meta name=\"twitter:card\" content=\"summary_large_image\" \/>\n<meta name=\"twitter:creator\" content=\"@TheEpochTimesTR\" \/>\n<meta name=\"twitter:site\" content=\"@TheEpochTimesTR\" \/>\n<meta name=\"twitter:label1\" content=\"Yazan:\" \/>\n\t<meta name=\"twitter:data1\" content=\"Ali Kekliktepe\" \/>\n\t<meta name=\"twitter:label2\" content=\"Tahmini okuma s\u00fcresi\" \/>\n\t<meta name=\"twitter:data2\" content=\"4 dakika\" \/>\n<script type=\"application\/ld+json\" class=\"yoast-schema-graph\">{\"@context\":\"https:\/\/schema.org\",\"@graph\":[{\"@type\":\"Article\",\"@id\":\"https:\/\/epochtimestr.com\/index.php\/adliye-koridorunda-ofke-kontrolu#article\",\"isPartOf\":{\"@id\":\"https:\/\/epochtimestr.com\/index.php\/adliye-koridorunda-ofke-kontrolu\"},\"author\":{\"name\":\"Ali Kekliktepe\",\"@id\":\"https:\/\/epochtimestr.com\/#\/schema\/person\/da94a416fed1aed029d0a47e85673b95\"},\"headline\":\"Adliye Koridorunda \u00d6fke Kontrol\u00fc\",\"datePublished\":\"2026-07-03T04:00:00+00:00\",\"dateModified\":\"2026-07-02T18:11:13+00:00\",\"mainEntityOfPage\":{\"@id\":\"https:\/\/epochtimestr.com\/index.php\/adliye-koridorunda-ofke-kontrolu\"},\"wordCount\":832,\"commentCount\":0,\"publisher\":{\"@id\":\"https:\/\/epochtimestr.com\/#organization\"},\"image\":{\"@id\":\"https:\/\/epochtimestr.com\/index.php\/adliye-koridorunda-ofke-kontrolu#primaryimage\"},\"thumbnailUrl\":\"https:\/\/epochtimestr.com\/wp-content\/uploads\/2011y\/Ali-Kekliktepe.jpg\",\"articleSection\":[\"K\u00f6\u015fe Yaz\u0131lar\u0131 Ali Kekliktepe\"],\"inLanguage\":\"tr\",\"potentialAction\":[{\"@type\":\"CommentAction\",\"name\":\"Comment\",\"target\":[\"https:\/\/epochtimestr.com\/index.php\/adliye-koridorunda-ofke-kontrolu#respond\"]}]},{\"@type\":\"WebPage\",\"@id\":\"https:\/\/epochtimestr.com\/index.php\/adliye-koridorunda-ofke-kontrolu\",\"url\":\"https:\/\/epochtimestr.com\/index.php\/adliye-koridorunda-ofke-kontrolu\",\"name\":\"Adliye Koridorunda \u00d6fke Kontrol\u00fc - The Epoch Times TR\",\"isPartOf\":{\"@id\":\"https:\/\/epochtimestr.com\/#website\"},\"primaryImageOfPage\":{\"@id\":\"https:\/\/epochtimestr.com\/index.php\/adliye-koridorunda-ofke-kontrolu#primaryimage\"},\"image\":{\"@id\":\"https:\/\/epochtimestr.com\/index.php\/adliye-koridorunda-ofke-kontrolu#primaryimage\"},\"thumbnailUrl\":\"https:\/\/epochtimestr.com\/wp-content\/uploads\/2011y\/Ali-Kekliktepe.jpg\",\"datePublished\":\"2026-07-03T04:00:00+00:00\",\"dateModified\":\"2026-07-02T18:11:13+00:00\",\"description\":\"Bir davan\u0131n taraf\u0131 oldu\u011funuzda, kar\u015f\u0131n\u0131zdaki avukat\u0131 sadece kar\u015f\u0131 taraf\u0131n savunucusu olarak g\u00f6rebilirsiniz. Ancak kanun \u00f6yle g\u00f6rm\u00fcyor.\",\"inLanguage\":\"tr\",\"potentialAction\":[{\"@type\":\"ReadAction\",\"target\":[\"https:\/\/epochtimestr.com\/index.php\/adliye-koridorunda-ofke-kontrolu\"]}]},{\"@type\":\"ImageObject\",\"inLanguage\":\"tr\",\"@id\":\"https:\/\/epochtimestr.com\/index.php\/adliye-koridorunda-ofke-kontrolu#primaryimage\",\"url\":\"https:\/\/epochtimestr.com\/wp-content\/uploads\/2011y\/Ali-Kekliktepe.jpg\",\"contentUrl\":\"https:\/\/epochtimestr.com\/wp-content\/uploads\/2011y\/Ali-Kekliktepe.jpg\",\"width\":600,\"height\":600},{\"@type\":\"WebSite\",\"@id\":\"https:\/\/epochtimestr.com\/#website\",\"url\":\"https:\/\/epochtimestr.com\/\",\"name\":\"The Epoch Times TR\",\"description\":\"De\u011fi\u015fen D\u00fcnyam\u0131za Taze Bir Bak\u0131\u015f\",\"publisher\":{\"@id\":\"https:\/\/epochtimestr.com\/#organization\"},\"potentialAction\":[{\"@type\":\"SearchAction\",\"target\":{\"@type\":\"EntryPoint\",\"urlTemplate\":\"https:\/\/epochtimestr.com\/?s={search_term_string}\"},\"query-input\":\"required name=search_term_string\"}],\"inLanguage\":\"tr\"},{\"@type\":\"Organization\",\"@id\":\"https:\/\/epochtimestr.com\/#organization\",\"name\":\"The EpochTimes T\u00fcrkiye\",\"url\":\"https:\/\/epochtimestr.com\/\",\"logo\":{\"@type\":\"ImageObject\",\"inLanguage\":\"tr\",\"@id\":\"https:\/\/epochtimestr.com\/#\/schema\/logo\/image\/\",\"url\":\"https:\/\/epochtimestr.com\/wp-content\/uploads\/2011y\/ET-Logo-YG.jpg\",\"contentUrl\":\"https:\/\/epochtimestr.com\/wp-content\/uploads\/2011y\/ET-Logo-YG.jpg\",\"width\":346,\"height\":29,\"caption\":\"The EpochTimes T\u00fcrkiye\"},\"image\":{\"@id\":\"https:\/\/epochtimestr.com\/#\/schema\/logo\/image\/\"},\"sameAs\":[\"https:\/\/www.facebook.com\/theepochtimestr\",\"https:\/\/x.com\/TheEpochTimesTR\",\"https:\/\/www.instagram.com\/epochtimestr\"]},{\"@type\":\"Person\",\"@id\":\"https:\/\/epochtimestr.com\/#\/schema\/person\/da94a416fed1aed029d0a47e85673b95\",\"name\":\"Ali Kekliktepe\",\"image\":{\"@type\":\"ImageObject\",\"inLanguage\":\"tr\",\"@id\":\"https:\/\/epochtimestr.com\/#\/schema\/person\/image\/\",\"url\":\"https:\/\/secure.gravatar.com\/avatar\/6c965c3fc374c8f4af759baef4f38bcd?s=96&d=mm&r=g\",\"contentUrl\":\"https:\/\/secure.gravatar.com\/avatar\/6c965c3fc374c8f4af759baef4f38bcd?s=96&d=mm&r=g\",\"caption\":\"Ali Kekliktepe\"},\"description\":\"Ben Ali Kekliktepe; hayat\u0131n\u0131 \u00f6\u011frenmeye, \u00f6\u011fretmeye ve toplumsal fayda yaratmaya adam\u0131\u015f bir yazar ve profesyonelim. Kalemi sadece ka\u011f\u0131da dokunan bir ara\u00e7 de\u011fil, toplumun aksayan y\u00f6nlerine \u015fifa olan bir enstr\u00fcman olarak g\u00f6r\u00fcyorum.\",\"sameAs\":[\"https:\/\/alikekliktepemersin33.blogspot.com\/\"],\"url\":\"https:\/\/epochtimestr.com\/index.php\/author\/ali\"}]}<\/script>\n<!-- \/ Yoast SEO plugin. -->","yoast_head_json":{"title":"Adliye Koridorunda \u00d6fke Kontrol\u00fc - The Epoch Times TR","description":"Bir davan\u0131n taraf\u0131 oldu\u011funuzda, kar\u015f\u0131n\u0131zdaki avukat\u0131 sadece kar\u015f\u0131 taraf\u0131n savunucusu olarak g\u00f6rebilirsiniz. Ancak kanun \u00f6yle g\u00f6rm\u00fcyor.","robots":{"index":"index","follow":"follow","max-snippet":"max-snippet:-1","max-image-preview":"max-image-preview:large","max-video-preview":"max-video-preview:-1"},"canonical":"https:\/\/epochtimestr.com\/index.php\/adliye-koridorunda-ofke-kontrolu","og_locale":"tr_TR","og_type":"article","og_title":"Adliye Koridorunda \u00d6fke Kontrol\u00fc - The Epoch Times TR","og_description":"Bir davan\u0131n taraf\u0131 oldu\u011funuzda, kar\u015f\u0131n\u0131zdaki avukat\u0131 sadece kar\u015f\u0131 taraf\u0131n savunucusu olarak g\u00f6rebilirsiniz. Ancak kanun \u00f6yle g\u00f6rm\u00fcyor.","og_url":"https:\/\/epochtimestr.com\/index.php\/adliye-koridorunda-ofke-kontrolu","og_site_name":"The Epoch Times TR","article_publisher":"https:\/\/www.facebook.com\/theepochtimestr","article_published_time":"2026-07-03T04:00:00+00:00","article_modified_time":"2026-07-02T18:11:13+00:00","og_image":[{"width":1200,"height":630,"url":"https:\/\/epochtimestr.com\/wp-content\/uploads\/2011y\/ali-kekliktepe-SM.jpeg","type":"image\/jpeg"}],"author":"Ali Kekliktepe","twitter_card":"summary_large_image","twitter_creator":"@TheEpochTimesTR","twitter_site":"@TheEpochTimesTR","twitter_misc":{"Yazan:":"Ali Kekliktepe","Tahmini okuma s\u00fcresi":"4 dakika"},"schema":{"@context":"https:\/\/schema.org","@graph":[{"@type":"Article","@id":"https:\/\/epochtimestr.com\/index.php\/adliye-koridorunda-ofke-kontrolu#article","isPartOf":{"@id":"https:\/\/epochtimestr.com\/index.php\/adliye-koridorunda-ofke-kontrolu"},"author":{"name":"Ali Kekliktepe","@id":"https:\/\/epochtimestr.com\/#\/schema\/person\/da94a416fed1aed029d0a47e85673b95"},"headline":"Adliye Koridorunda \u00d6fke Kontrol\u00fc","datePublished":"2026-07-03T04:00:00+00:00","dateModified":"2026-07-02T18:11:13+00:00","mainEntityOfPage":{"@id":"https:\/\/epochtimestr.com\/index.php\/adliye-koridorunda-ofke-kontrolu"},"wordCount":832,"commentCount":0,"publisher":{"@id":"https:\/\/epochtimestr.com\/#organization"},"image":{"@id":"https:\/\/epochtimestr.com\/index.php\/adliye-koridorunda-ofke-kontrolu#primaryimage"},"thumbnailUrl":"https:\/\/epochtimestr.com\/wp-content\/uploads\/2011y\/Ali-Kekliktepe.jpg","articleSection":["K\u00f6\u015fe Yaz\u0131lar\u0131 Ali Kekliktepe"],"inLanguage":"tr","potentialAction":[{"@type":"CommentAction","name":"Comment","target":["https:\/\/epochtimestr.com\/index.php\/adliye-koridorunda-ofke-kontrolu#respond"]}]},{"@type":"WebPage","@id":"https:\/\/epochtimestr.com\/index.php\/adliye-koridorunda-ofke-kontrolu","url":"https:\/\/epochtimestr.com\/index.php\/adliye-koridorunda-ofke-kontrolu","name":"Adliye Koridorunda \u00d6fke Kontrol\u00fc - The Epoch Times TR","isPartOf":{"@id":"https:\/\/epochtimestr.com\/#website"},"primaryImageOfPage":{"@id":"https:\/\/epochtimestr.com\/index.php\/adliye-koridorunda-ofke-kontrolu#primaryimage"},"image":{"@id":"https:\/\/epochtimestr.com\/index.php\/adliye-koridorunda-ofke-kontrolu#primaryimage"},"thumbnailUrl":"https:\/\/epochtimestr.com\/wp-content\/uploads\/2011y\/Ali-Kekliktepe.jpg","datePublished":"2026-07-03T04:00:00+00:00","dateModified":"2026-07-02T18:11:13+00:00","description":"Bir davan\u0131n taraf\u0131 oldu\u011funuzda, kar\u015f\u0131n\u0131zdaki avukat\u0131 sadece kar\u015f\u0131 taraf\u0131n savunucusu olarak g\u00f6rebilirsiniz. Ancak kanun \u00f6yle g\u00f6rm\u00fcyor.","inLanguage":"tr","potentialAction":[{"@type":"ReadAction","target":["https:\/\/epochtimestr.com\/index.php\/adliye-koridorunda-ofke-kontrolu"]}]},{"@type":"ImageObject","inLanguage":"tr","@id":"https:\/\/epochtimestr.com\/index.php\/adliye-koridorunda-ofke-kontrolu#primaryimage","url":"https:\/\/epochtimestr.com\/wp-content\/uploads\/2011y\/Ali-Kekliktepe.jpg","contentUrl":"https:\/\/epochtimestr.com\/wp-content\/uploads\/2011y\/Ali-Kekliktepe.jpg","width":600,"height":600},{"@type":"WebSite","@id":"https:\/\/epochtimestr.com\/#website","url":"https:\/\/epochtimestr.com\/","name":"The Epoch Times TR","description":"De\u011fi\u015fen D\u00fcnyam\u0131za Taze Bir Bak\u0131\u015f","publisher":{"@id":"https:\/\/epochtimestr.com\/#organization"},"potentialAction":[{"@type":"SearchAction","target":{"@type":"EntryPoint","urlTemplate":"https:\/\/epochtimestr.com\/?s={search_term_string}"},"query-input":"required name=search_term_string"}],"inLanguage":"tr"},{"@type":"Organization","@id":"https:\/\/epochtimestr.com\/#organization","name":"The EpochTimes T\u00fcrkiye","url":"https:\/\/epochtimestr.com\/","logo":{"@type":"ImageObject","inLanguage":"tr","@id":"https:\/\/epochtimestr.com\/#\/schema\/logo\/image\/","url":"https:\/\/epochtimestr.com\/wp-content\/uploads\/2011y\/ET-Logo-YG.jpg","contentUrl":"https:\/\/epochtimestr.com\/wp-content\/uploads\/2011y\/ET-Logo-YG.jpg","width":346,"height":29,"caption":"The EpochTimes T\u00fcrkiye"},"image":{"@id":"https:\/\/epochtimestr.com\/#\/schema\/logo\/image\/"},"sameAs":["https:\/\/www.facebook.com\/theepochtimestr","https:\/\/x.com\/TheEpochTimesTR","https:\/\/www.instagram.com\/epochtimestr"]},{"@type":"Person","@id":"https:\/\/epochtimestr.com\/#\/schema\/person\/da94a416fed1aed029d0a47e85673b95","name":"Ali Kekliktepe","image":{"@type":"ImageObject","inLanguage":"tr","@id":"https:\/\/epochtimestr.com\/#\/schema\/person\/image\/","url":"https:\/\/secure.gravatar.com\/avatar\/6c965c3fc374c8f4af759baef4f38bcd?s=96&d=mm&r=g","contentUrl":"https:\/\/secure.gravatar.com\/avatar\/6c965c3fc374c8f4af759baef4f38bcd?s=96&d=mm&r=g","caption":"Ali Kekliktepe"},"description":"Ben Ali Kekliktepe; hayat\u0131n\u0131 \u00f6\u011frenmeye, \u00f6\u011fretmeye ve toplumsal fayda yaratmaya adam\u0131\u015f bir yazar ve profesyonelim. Kalemi sadece ka\u011f\u0131da dokunan bir ara\u00e7 de\u011fil, toplumun aksayan y\u00f6nlerine \u015fifa olan bir enstr\u00fcman olarak g\u00f6r\u00fcyorum.","sameAs":["https:\/\/alikekliktepemersin33.blogspot.com\/"],"url":"https:\/\/epochtimestr.com\/index.php\/author\/ali"}]}},"_links":{"self":[{"href":"https:\/\/epochtimestr.com\/index.php\/wp-json\/wp\/v2\/posts\/168241"}],"collection":[{"href":"https:\/\/epochtimestr.com\/index.php\/wp-json\/wp\/v2\/posts"}],"about":[{"href":"https:\/\/epochtimestr.com\/index.php\/wp-json\/wp\/v2\/types\/post"}],"author":[{"embeddable":true,"href":"https:\/\/epochtimestr.com\/index.php\/wp-json\/wp\/v2\/users\/14013"}],"replies":[{"embeddable":true,"href":"https:\/\/epochtimestr.com\/index.php\/wp-json\/wp\/v2\/comments?post=168241"}],"version-history":[{"count":1,"href":"https:\/\/epochtimestr.com\/index.php\/wp-json\/wp\/v2\/posts\/168241\/revisions"}],"predecessor-version":[{"id":168242,"href":"https:\/\/epochtimestr.com\/index.php\/wp-json\/wp\/v2\/posts\/168241\/revisions\/168242"}],"wp:featuredmedia":[{"embeddable":true,"href":"https:\/\/epochtimestr.com\/index.php\/wp-json\/wp\/v2\/media\/167144"}],"wp:attachment":[{"href":"https:\/\/epochtimestr.com\/index.php\/wp-json\/wp\/v2\/media?parent=168241"}],"wp:term":[{"taxonomy":"category","embeddable":true,"href":"https:\/\/epochtimestr.com\/index.php\/wp-json\/wp\/v2\/categories?post=168241"},{"taxonomy":"post_tag","embeddable":true,"href":"https:\/\/epochtimestr.com\/index.php\/wp-json\/wp\/v2\/tags?post=168241"}],"curies":[{"name":"wp","href":"https:\/\/api.w.org\/{rel}","templated":true}]}}