{"id":168243,"date":"2026-07-03T08:40:52","date_gmt":"2026-07-03T05:40:52","guid":{"rendered":"https:\/\/epochtimestr.com\/?p=168243"},"modified":"2026-07-03T08:40:55","modified_gmt":"2026-07-03T05:40:55","slug":"ozgur-ozel-2-temmuz-utanc-gunu-olarak-anilacak","status":"publish","type":"post","link":"https:\/\/epochtimestr.com\/index.php\/ozgur-ozel-2-temmuz-utanc-gunu-olarak-anilacak","title":{"rendered":"\u00d6zg\u00fcr \u00d6zel: &#8220;2 Temmuz Utan\u00e7 G\u00fcn\u00fc Olarak An\u0131lacak&#8221;"},"content":{"rendered":"<div class=\"wp-block-image\">\n<figure class=\"aligncenter size-full\"><img loading=\"lazy\" decoding=\"async\" width=\"547\" height=\"365\" src=\"https:\/\/epochtimestr.com\/wp-content\/uploads\/2011y\/ozgur-ozel-35.jpg\" alt=\"\" class=\"wp-image-168109\" srcset=\"https:\/\/epochtimestr.com\/wp-content\/uploads\/2011y\/ozgur-ozel-35.jpg 547w, https:\/\/epochtimestr.com\/wp-content\/uploads\/2011y\/ozgur-ozel-35-300x200.jpg 300w, https:\/\/epochtimestr.com\/wp-content\/uploads\/2011y\/ozgur-ozel-35-150x100.jpg 150w\" sizes=\"(max-width: 547px) 100vw, 547px\" \/><figcaption class=\"wp-element-caption\">\u00d6zg\u00fcr \u00d6zel: \u201c2 Temmuz utan\u00e7 g\u00fcn\u00fc ilan edilene kadar m\u00fccadele edece\u011fiz\u201d<\/figcaption><\/figure><\/div>\n\n\n<h2 class=\"wp-block-heading\">Mad\u0131mak Katliam\u0131&#8217;n\u0131n 33&#8217;\u00fcnc\u00fc y\u0131l d\u00f6n\u00fcm\u00fcnde anma program\u0131 kapsam\u0131nda CHP&#8217;nin se\u00e7ilmi\u015f genel ba\u015fkan\u0131 \u00d6zg\u00fcr \u00d6zel&#8217;in de kat\u0131ld\u0131\u011f\u0131 y\u00fcr\u00fcy\u00fc\u015f d\u00fczenlendi.<\/h2>\n\n\n\n<p>Cumhuriyet Halk Partisi\u2019nin se\u00e7ilmi\u015f genel ba\u015fkan\u0131 <a href=\"https:\/\/epochtimestr.com\/index.php\/ozgur-ozel-sandik-varsa-variz-sandik-yoksa-yokuz\" target=\"_blank\" rel=\"noreferrer noopener\">\u00d6zg\u00fcr \u00d6zel<\/a>, 35 ki\u015finin yak\u0131larak \u00f6ld\u00fcr\u00fcld\u00fc\u011f\u00fc <a href=\"https:\/\/epochtimestr.com\/index.php\/saribaldan-maras-katliami-cagrisi-butun-gizli-evraklar-aciklanmali\" target=\"_blank\" rel=\"noreferrer noopener\">2 Temmuz Sivas Katliam\u0131<\/a>\u2019n\u0131n 33\u2019\u00fcnc\u00fc y\u0131ld\u00f6n\u00fcm\u00fc dolay\u0131s\u0131yla Sivas\u2019ta d\u00fczenlenen anma y\u00fcr\u00fcy\u00fc\u015f\u00fcne kat\u0131ld\u0131. Sivas\u2019ta 2 Temmuz 1993\u2019te <a href=\"https:\/\/epochtimestr.com\/index.php\/madimak-katliami-29-yilinda\" target=\"_blank\" rel=\"noreferrer noopener\">Mad\u0131mak<\/a> Oteli\u2019nde yak\u0131larak katledilen 33 ayd\u0131n ve sanat\u00e7\u0131 ile 2 otel g\u00f6revlisi, katliam\u0131n 33. y\u0131l\u0131nda yap\u0131lan y\u00fcr\u00fcy\u00fc\u015fle an\u0131ld\u0131. Hac\u0131 Bekta\u015f Veli Vakf\u0131, Pir Sultan Abdal K\u00fclt\u00fcr Derne\u011fi, Alevi Bekta\u015fi Federasyonu, Alevi Vak\u0131flar\u0131 Federasyonu, Alevi K\u00fclt\u00fcr Dernekleri \u00fcyelerinin \u00f6nc\u00fcl\u00fck etti\u011fi y\u00fcr\u00fcy\u00fc\u015f, Hac\u0131bekta\u015f Veli Anadolu K\u00fclt\u00fcr Vakf\u0131 binas\u0131n\u0131n \u00f6n\u00fcnden ba\u015flad\u0131.<\/p>\n\n\n\n<p>\u00d6zel, Mad\u0131mak Oteli \u00f6n\u00fcnde ger\u00e7ekle\u015ftirilen anma t\u00f6reninde yapt\u0131\u011f\u0131 a\u00e7\u0131klamada, \u201cSay\u0131n Genel Ba\u015fkan\u2019\u0131n, genel ba\u015fkanlar\u0131n \u015fahs\u0131nda t\u00fcm Alevileri, derneklerini, vak\u0131flar\u0131n\u0131, yap\u0131lar\u0131n\u0131 bu ac\u0131 g\u00fcnlerinde sayg\u0131 ile selaml\u0131yorum. 33 y\u0131ld\u0131r burada bir kor ate\u015f yan\u0131yor. Bu ate\u015fin s\u00f6n\u00fcmlenmesi, adalete kavu\u015fulmas\u0131yla m\u00fcmk\u00fcn. Ancak 33 y\u0131ld\u0131r ailelerin adalet aray\u0131\u015f\u0131 devam ediyor\u201d dedi.<\/p>\n\n\n\n<p>&#8220;33&#8217;\u00fcnc\u00fc yas y\u0131l\u0131nday\u0131z. Sivas&#8217;ta yanan ate\u015f s\u00f6nmedi, adalet sa\u011flanmad\u0131. Bu ate\u015fin s\u00f6n\u00fcmlenmesi, adalete kavu\u015fulmas\u0131yla m\u00fcmk\u00fcn. Ancak 33 y\u0131ld\u0131r ailelerin adalet aray\u0131\u015f\u0131 devam ediyor. \u00c7ok farkl\u0131 farkl\u0131 adaletsizlikler var. H\u00e2l\u00e2 firarda olanlar var. \u0130nsanl\u0131\u011fa kar\u015f\u0131 i\u015flenen bu b\u00fcy\u00fck su\u00e7 maalesef zamana\u015f\u0131m\u0131na u\u011frat\u0131ld\u0131. Firardakiler yakalanmad\u0131, cezaevindekiler affa u\u011frad\u0131. Yakalanm\u0131\u015f Almanya\u2019da ama halen T\u00fcrkiye\u2019ye iade edilmemi\u015f, alt\u0131 y\u0131l daha iade edilmezlerse zaman a\u015f\u0131m\u0131ndan yararlanacaklar var. A\u011f\u0131rla\u015ft\u0131r\u0131lm\u0131\u015f m\u00fcebbet hapis ald\u0131klar\u0131 halde Anayasa Mahkemesi\u2019nin ge\u00e7mi\u015fteki haks\u0131z ve yersiz bir yorumlamas\u0131yla serbest kalm\u0131\u015f olanlar var. Ter\u00f6r su\u00e7lar\u0131 ko\u015fullu sal\u0131verme \u015fartlar\u0131ndan yararlanmazken, Mad\u0131mak katillerinin yararland\u0131r\u0131ld\u0131\u011f\u0131 ve Mad\u0131mak\u2019\u0131n bir ter\u00f6r olay\u0131 say\u0131lmad\u0131\u011f\u0131 bir s\u00fcre\u00e7le kar\u015f\u0131 kar\u015f\u0131yay\u0131z. O g\u00fcnk\u00fc ate\u015f h\u00e2l\u00e2 Sivas&#8217;ta yan\u0131yor&#8221; ifadelerini kulland\u0131.<\/p>\n\n\n\n<figure class=\"wp-block-embed is-type-rich is-provider-x wp-block-embed-x\"><div class=\"wp-block-embed__wrapper\">\n<blockquote class=\"twitter-tweet\" data-width=\"550\" data-dnt=\"true\"><p lang=\"tr\" dir=\"ltr\">2 Temmuz 1993\u2019te Sivas Katliam\u0131\u2019nda yitirdi\u011fimiz canlar\u0131m\u0131z\u0131 sevgi ve rahmetle and\u0131k. <br><br>33 y\u0131ld\u0131r Mad\u0131mak\u2019ta yanan ate\u015f, ancak adaletle, e\u015fitlikle s\u00f6ner.<br><br>Mad\u0131mak\u2019ta insanl\u0131\u011fa kar\u015f\u0131 su\u00e7 i\u015flenmi\u015ftir. Bu su\u00e7un zaman a\u015f\u0131m\u0131 olmaz.<br><br>Mad\u0131mak resmen Utan\u00e7 M\u00fczesi, 2 Temmuz da resmen\u2026 <a href=\"https:\/\/t.co\/tETRlXXATC\">pic.twitter.com\/tETRlXXATC<\/a><\/p>&mdash; \u00d6zg\u00fcr \u00d6zel (@eczozgurozel) <a href=\"https:\/\/x.com\/eczozgurozel\/status\/2072635901742653812?ref_src=twsrc%5Etfw\">July 2, 2026<\/a><\/blockquote><script async src=\"https:\/\/platform.x.com\/widgets.js\" charset=\"utf-8\"><\/script>\n<\/div><\/figure>\n\n\n\n<h3 class=\"wp-block-heading\">&#8220;Mad\u0131mak&#8217;\u0131n mutlaka utan\u00e7 m\u00fczesi olmas\u0131 gerekiyor&#8221;<\/h3>\n\n\n\n<p>&#8220;Sivas, CHP&#8217;nin Genel Ba\u015fkan\u0131&#8217;n\u0131n burada olmas\u0131n\u0131 \u00e7ok \u00f6nemsiyor. Y\u0131llard\u0131r milletvekili olarak geldi\u011fim s\u00fcre\u00e7te s\u00f6z vermi\u015ftik, o s\u00f6z\u00fc ilk y\u0131ldan beri tutuyoruz ve tutmaya devam edece\u011fiz. Mad\u0131mak&#8217;\u0131n mutlaka utan\u00e7 m\u00fczesi olmas\u0131 gerekiyor. \u0130nsanl\u0131\u011fa kar\u015f\u0131 su\u00e7lar\u0131n zamana\u015f\u0131m\u0131na u\u011framamas\u0131 gerekiyor ve Sivas Katliam\u0131&#8217;n\u0131n da bir insanl\u0131\u011fa kar\u015f\u0131 su\u00e7 olarak kabul edilmesi, her t\u00fcrl\u00fc zamana\u015f\u0131m\u0131ndan muaf olmas\u0131 gerekiyor. Zaten imzalad\u0131\u011f\u0131m\u0131z uluslararas\u0131 anla\u015fmalar da bunu gerektiyor. H\u00fck\u00fcmet bunun gere\u011fini yapm\u0131yor \u015fu anda.&#8221;<\/p>\n\n\n\n<p><strong>&#8220;B\u00fct\u00fcn canlar\u0131n yan\u0131nday\u0131z&#8221;<\/strong><\/p>\n\n\n\n<p>\u00d6zel, \u015f\u00f6yle devam etti: &#8220;Di\u011fer bir taraftan insanl\u0131\u011fa kar\u015f\u0131 i\u015flenen su\u00e7larda zaman a\u015f\u0131m\u0131 olmaz. Mad\u0131mak, insanl\u0131\u011fa kar\u015f\u0131 i\u015flenmi\u015f bir su\u00e7tur. Ancak ve ancak Mad\u0131mak\u2019\u0131n insanl\u0131\u011fa kar\u015f\u0131 bir su\u00e7 olarak i\u015flendi\u011fini kabul etmeyenler ve bunu zaman a\u015f\u0131m\u0131na tabi tutan bir tak\u0131m yakla\u015f\u0131mlar var. Bu y\u00fczden bu \u00e7oklu adaletsizlik ortam\u0131nda hep birlikte ailelerin yan\u0131nday\u0131z, kurumlar\u0131n yan\u0131nday\u0131z, ilk g\u00fcnden beri adalet arayan hukuk\u00e7ular\u0131n ve avukatlar\u0131n yan\u0131nday\u0131z. B\u00fct\u00fcn canlar\u0131n yan\u0131nday\u0131z.<\/p>\n\n\n\n<p>Biz bunun, devlet taraf\u0131ndan resmen buran\u0131n bir utan\u00e7 m\u00fczesi olarak kabul edildi\u011fi ve 2 Temmuz\u2019un bir utan\u00e7 g\u00fcn\u00fc olarak kanunla\u015ft\u0131\u011f\u0131 g\u00fcne kadar m\u00fccadelemizi bu konuda s\u00fcrd\u00fcrece\u011fiz. Daha \u00f6nce bu konuda Meclis\u2019te \u00e7e\u015fitli \u00e7al\u0131\u015fmalar\u0131m\u0131z, giri\u015fimlerimiz, kanun tekliflerimiz oldu. \u00dcmit ediyoruz ki bu Mad\u0131mak\u2019ta ya\u015fananlar\u0131 bir insanl\u0131k su\u00e7u olarak g\u00f6rmeyen, zaman a\u015f\u0131m\u0131ndan yararland\u0131ran, firarileri bulmayan, y\u0131llarca k\u0131rm\u0131z\u0131 b\u00fcltenle arananlar\u0131n evinde vefat ettikten sonra buralarda oldu\u011funun fark\u0131na varan ve davan\u0131n d\u00fc\u015ft\u00fc\u011f\u00fc s\u00f6ylendi\u011finde, tahliyeler s\u00f6ylendi\u011finde bunu olumlu bir geli\u015fme olarak ifade edip, \u2018Vatana ve millete hay\u0131rl\u0131s\u0131 olsun\u2019 diyenlerin iktidar\u0131 son buldu\u011funda, halk\u0131n iktidar\u0131 kuruldu\u011funda buraya bu tabela ve alt\u0131nda devletin resmi m\u00fchr\u00fcn\u00fcn de bulundu\u011fu \u015fekilde kal\u0131c\u0131 olarak as\u0131lacak. 2 Temmuz da bir utan\u00e7 g\u00fcn\u00fc olarak al\u0131nacak. Ben bir kez daha ac\u0131y\u0131 payla\u015f\u0131yorum ve Say\u0131n Genel Ba\u015fkanlar\u0131n \u015fahs\u0131nda t\u00fcm canlar\u0131 sayg\u0131yla selaml\u0131yorum.&#8221; dedi.<\/p>\n\n\n\n<figure class=\"wp-block-embed is-type-rich is-provider-x wp-block-embed-x\"><div class=\"wp-block-embed__wrapper\">\n<blockquote class=\"twitter-tweet\" data-width=\"550\" data-dnt=\"true\"><p lang=\"tr\" dir=\"ltr\">Sivas Katliam\u0131\u2019n\u0131n 33. y\u0131l\u0131nda yitirdi\u011fimiz canlar\u0131m\u0131z\u0131 an\u0131yoruz. <a href=\"https:\/\/t.co\/elUgWpZkfc\">https:\/\/t.co\/elUgWpZkfc<\/a><\/p>&mdash; \u00d6zg\u00fcr \u00d6zel (@eczozgurozel) <a href=\"https:\/\/x.com\/eczozgurozel\/status\/2072597916527825347?ref_src=twsrc%5Etfw\">July 2, 2026<\/a><\/blockquote><script async src=\"https:\/\/platform.x.com\/widgets.js\" charset=\"utf-8\"><\/script>\n<\/div><\/figure>\n","protected":false},"excerpt":{"rendered":"<p>Mad\u0131mak Katliam\u0131&#8217;n\u0131n 33&#8217;\u00fcnc\u00fc y\u0131l d\u00f6n\u00fcm\u00fcnde anma program\u0131 kapsam\u0131nda CHP&#8217;nin se\u00e7ilmi\u015f genel ba\u015fkan\u0131 \u00d6zg\u00fcr \u00d6zel&#8217;in de kat\u0131ld\u0131\u011f\u0131 y\u00fcr\u00fcy\u00fc\u015f d\u00fczenlendi. Cumhuriyet Halk Partisi\u2019nin se\u00e7ilmi\u015f genel ba\u015fkan\u0131 \u00d6zg\u00fcr \u00d6zel, 35 ki\u015finin yak\u0131larak \u00f6ld\u00fcr\u00fcld\u00fc\u011f\u00fc 2 Temmuz Sivas Katliam\u0131\u2019n\u0131n 33\u2019\u00fcnc\u00fc y\u0131ld\u00f6n\u00fcm\u00fc dolay\u0131s\u0131yla Sivas\u2019ta d\u00fczenlenen anma y\u00fcr\u00fcy\u00fc\u015f\u00fcne kat\u0131ld\u0131. Sivas\u2019ta 2 Temmuz 1993\u2019te Mad\u0131mak Oteli\u2019nde yak\u0131larak katledilen 33 ayd\u0131n ve sanat\u00e7\u0131 ile [&hellip;]<\/p>\n","protected":false},"author":12791,"featured_media":168109,"comment_status":"open","ping_status":"open","sticky":false,"template":"","format":"standard","meta":{"_yoast_wpseo_focuskw":"2 Temmuz","_yoast_wpseo_title":"","_yoast_wpseo_metadesc":"Mad\u0131mak Katliam\u0131'n\u0131n 33'\u00fcnc\u00fc y\u0131l d\u00f6n\u00fcm\u00fc 2 Temmuz anma program\u0131nda \u00d6zg\u00fcr \u00d6zel'in de kat\u0131ld\u0131\u011f\u0131 y\u00fcr\u00fcy\u00fc\u015f d\u00fczenlendi.","_bbp_topic_count":0,"_bbp_reply_count":0,"_bbp_total_topic_count":0,"_bbp_total_reply_count":0,"_bbp_voice_count":0,"_bbp_anonymous_reply_count":0,"_bbp_topic_count_hidden":0,"_bbp_reply_count_hidden":0,"_bbp_forum_subforum_count":0,"footnotes":"","_yoast_wpseo_focuskw_text_input":""},"categories":[1,8138,8226,37],"tags":[11626,8492,11625],"yoast_head":"<!-- This site is optimized with the Yoast SEO plugin v23.0 - https:\/\/yoast.com\/wordpress\/plugins\/seo\/ -->\n<title>\u00d6zg\u00fcr \u00d6zel: &quot;2 Temmuz Utan\u00e7 G\u00fcn\u00fc Olarak An\u0131lacak&quot; - The Epoch Times TR<\/title>\n<meta name=\"description\" content=\"Mad\u0131mak Katliam\u0131&#039;n\u0131n 33&#039;\u00fcnc\u00fc y\u0131l d\u00f6n\u00fcm\u00fc 2 Temmuz anma program\u0131nda \u00d6zg\u00fcr \u00d6zel&#039;in de kat\u0131ld\u0131\u011f\u0131 y\u00fcr\u00fcy\u00fc\u015f d\u00fczenlendi.\" \/>\n<meta name=\"robots\" content=\"index, follow, max-snippet:-1, max-image-preview:large, max-video-preview:-1\" \/>\n<link rel=\"canonical\" href=\"https:\/\/epochtimestr.com\/index.php\/ozgur-ozel-2-temmuz-utanc-gunu-olarak-anilacak\" \/>\n<meta property=\"og:locale\" content=\"tr_TR\" \/>\n<meta property=\"og:type\" content=\"article\" \/>\n<meta property=\"og:title\" content=\"\u00d6zg\u00fcr \u00d6zel: &quot;2 Temmuz Utan\u00e7 G\u00fcn\u00fc Olarak An\u0131lacak&quot; - The Epoch Times TR\" \/>\n<meta property=\"og:description\" content=\"Mad\u0131mak Katliam\u0131&#039;n\u0131n 33&#039;\u00fcnc\u00fc y\u0131l d\u00f6n\u00fcm\u00fc 2 Temmuz anma program\u0131nda \u00d6zg\u00fcr \u00d6zel&#039;in de kat\u0131ld\u0131\u011f\u0131 y\u00fcr\u00fcy\u00fc\u015f d\u00fczenlendi.\" \/>\n<meta property=\"og:url\" content=\"https:\/\/epochtimestr.com\/index.php\/ozgur-ozel-2-temmuz-utanc-gunu-olarak-anilacak\" \/>\n<meta property=\"og:site_name\" content=\"The Epoch Times TR\" \/>\n<meta property=\"article:publisher\" content=\"https:\/\/www.facebook.com\/theepochtimestr\" \/>\n<meta property=\"article:published_time\" content=\"2026-07-03T05:40:52+00:00\" \/>\n<meta property=\"article:modified_time\" content=\"2026-07-03T05:40:55+00:00\" \/>\n<meta property=\"og:image\" content=\"https:\/\/epochtimestr.com\/wp-content\/uploads\/2011y\/ozgur-ozel-35.jpg\" \/>\n\t<meta property=\"og:image:width\" content=\"547\" \/>\n\t<meta property=\"og:image:height\" content=\"365\" \/>\n\t<meta property=\"og:image:type\" content=\"image\/jpeg\" \/>\n<meta name=\"author\" content=\"Haber Merkezi\" \/>\n<meta name=\"twitter:card\" content=\"summary_large_image\" \/>\n<meta name=\"twitter:creator\" content=\"@TheEpochTimesTR\" \/>\n<meta name=\"twitter:site\" content=\"@TheEpochTimesTR\" \/>\n<meta name=\"twitter:label1\" content=\"Yazan:\" \/>\n\t<meta name=\"twitter:data1\" content=\"Haber Merkezi\" \/>\n\t<meta name=\"twitter:label2\" content=\"Tahmini okuma s\u00fcresi\" \/>\n\t<meta name=\"twitter:data2\" content=\"4 dakika\" \/>\n<script type=\"application\/ld+json\" class=\"yoast-schema-graph\">{\"@context\":\"https:\/\/schema.org\",\"@graph\":[{\"@type\":\"Article\",\"@id\":\"https:\/\/epochtimestr.com\/index.php\/ozgur-ozel-2-temmuz-utanc-gunu-olarak-anilacak#article\",\"isPartOf\":{\"@id\":\"https:\/\/epochtimestr.com\/index.php\/ozgur-ozel-2-temmuz-utanc-gunu-olarak-anilacak\"},\"author\":{\"name\":\"Haber Merkezi\",\"@id\":\"https:\/\/epochtimestr.com\/#\/schema\/person\/3dc5c3adeb9f43923c5aa85889172fdd\"},\"headline\":\"\u00d6zg\u00fcr \u00d6zel: &#8220;2 Temmuz Utan\u00e7 G\u00fcn\u00fc Olarak An\u0131lacak&#8221;\",\"datePublished\":\"2026-07-03T05:40:52+00:00\",\"dateModified\":\"2026-07-03T05:40:55+00:00\",\"mainEntityOfPage\":{\"@id\":\"https:\/\/epochtimestr.com\/index.php\/ozgur-ozel-2-temmuz-utanc-gunu-olarak-anilacak\"},\"wordCount\":847,\"commentCount\":0,\"publisher\":{\"@id\":\"https:\/\/epochtimestr.com\/#organization\"},\"image\":{\"@id\":\"https:\/\/epochtimestr.com\/index.php\/ozgur-ozel-2-temmuz-utanc-gunu-olarak-anilacak#primaryimage\"},\"thumbnailUrl\":\"https:\/\/epochtimestr.com\/wp-content\/uploads\/2011y\/ozgur-ozel-35.jpg\",\"keywords\":[\"2 Temmuz\",\"\u00d6zg\u00fcr \u00d6zel\",\"Sivas Katliam\u0131\"],\"articleSection\":[\"G\u00dcNDEM\",\"MAN\u015eET\",\"Siyaset\",\"T\u00dcRK\u0130YE\"],\"inLanguage\":\"tr\",\"potentialAction\":[{\"@type\":\"CommentAction\",\"name\":\"Comment\",\"target\":[\"https:\/\/epochtimestr.com\/index.php\/ozgur-ozel-2-temmuz-utanc-gunu-olarak-anilacak#respond\"]}]},{\"@type\":\"WebPage\",\"@id\":\"https:\/\/epochtimestr.com\/index.php\/ozgur-ozel-2-temmuz-utanc-gunu-olarak-anilacak\",\"url\":\"https:\/\/epochtimestr.com\/index.php\/ozgur-ozel-2-temmuz-utanc-gunu-olarak-anilacak\",\"name\":\"\u00d6zg\u00fcr \u00d6zel: \\\"2 Temmuz Utan\u00e7 G\u00fcn\u00fc Olarak An\u0131lacak\\\" - The Epoch Times TR\",\"isPartOf\":{\"@id\":\"https:\/\/epochtimestr.com\/#website\"},\"primaryImageOfPage\":{\"@id\":\"https:\/\/epochtimestr.com\/index.php\/ozgur-ozel-2-temmuz-utanc-gunu-olarak-anilacak#primaryimage\"},\"image\":{\"@id\":\"https:\/\/epochtimestr.com\/index.php\/ozgur-ozel-2-temmuz-utanc-gunu-olarak-anilacak#primaryimage\"},\"thumbnailUrl\":\"https:\/\/epochtimestr.com\/wp-content\/uploads\/2011y\/ozgur-ozel-35.jpg\",\"datePublished\":\"2026-07-03T05:40:52+00:00\",\"dateModified\":\"2026-07-03T05:40:55+00:00\",\"description\":\"Mad\u0131mak Katliam\u0131'n\u0131n 33'\u00fcnc\u00fc y\u0131l d\u00f6n\u00fcm\u00fc 2 Temmuz anma program\u0131nda \u00d6zg\u00fcr \u00d6zel'in de kat\u0131ld\u0131\u011f\u0131 y\u00fcr\u00fcy\u00fc\u015f d\u00fczenlendi.\",\"inLanguage\":\"tr\",\"potentialAction\":[{\"@type\":\"ReadAction\",\"target\":[\"https:\/\/epochtimestr.com\/index.php\/ozgur-ozel-2-temmuz-utanc-gunu-olarak-anilacak\"]}]},{\"@type\":\"ImageObject\",\"inLanguage\":\"tr\",\"@id\":\"https:\/\/epochtimestr.com\/index.php\/ozgur-ozel-2-temmuz-utanc-gunu-olarak-anilacak#primaryimage\",\"url\":\"https:\/\/epochtimestr.com\/wp-content\/uploads\/2011y\/ozgur-ozel-35.jpg\",\"contentUrl\":\"https:\/\/epochtimestr.com\/wp-content\/uploads\/2011y\/ozgur-ozel-35.jpg\",\"width\":547,\"height\":365},{\"@type\":\"WebSite\",\"@id\":\"https:\/\/epochtimestr.com\/#website\",\"url\":\"https:\/\/epochtimestr.com\/\",\"name\":\"The Epoch Times TR\",\"description\":\"De\u011fi\u015fen D\u00fcnyam\u0131za Taze Bir Bak\u0131\u015f\",\"publisher\":{\"@id\":\"https:\/\/epochtimestr.com\/#organization\"},\"potentialAction\":[{\"@type\":\"SearchAction\",\"target\":{\"@type\":\"EntryPoint\",\"urlTemplate\":\"https:\/\/epochtimestr.com\/?s={search_term_string}\"},\"query-input\":\"required name=search_term_string\"}],\"inLanguage\":\"tr\"},{\"@type\":\"Organization\",\"@id\":\"https:\/\/epochtimestr.com\/#organization\",\"name\":\"The EpochTimes T\u00fcrkiye\",\"url\":\"https:\/\/epochtimestr.com\/\",\"logo\":{\"@type\":\"ImageObject\",\"inLanguage\":\"tr\",\"@id\":\"https:\/\/epochtimestr.com\/#\/schema\/logo\/image\/\",\"url\":\"https:\/\/epochtimestr.com\/wp-content\/uploads\/2011y\/ET-Logo-YG.jpg\",\"contentUrl\":\"https:\/\/epochtimestr.com\/wp-content\/uploads\/2011y\/ET-Logo-YG.jpg\",\"width\":346,\"height\":29,\"caption\":\"The EpochTimes T\u00fcrkiye\"},\"image\":{\"@id\":\"https:\/\/epochtimestr.com\/#\/schema\/logo\/image\/\"},\"sameAs\":[\"https:\/\/www.facebook.com\/theepochtimestr\",\"https:\/\/x.com\/TheEpochTimesTR\",\"https:\/\/www.instagram.com\/epochtimestr\"]},{\"@type\":\"Person\",\"@id\":\"https:\/\/epochtimestr.com\/#\/schema\/person\/3dc5c3adeb9f43923c5aa85889172fdd\",\"name\":\"Haber Merkezi\",\"image\":{\"@type\":\"ImageObject\",\"inLanguage\":\"tr\",\"@id\":\"https:\/\/epochtimestr.com\/#\/schema\/person\/image\/\",\"url\":\"https:\/\/secure.gravatar.com\/avatar\/d73f772ba5a74f28601361e17c2f93e6?s=96&d=mm&r=g\",\"contentUrl\":\"https:\/\/secure.gravatar.com\/avatar\/d73f772ba5a74f28601361e17c2f93e6?s=96&d=mm&r=g\",\"caption\":\"Haber Merkezi\"},\"url\":\"https:\/\/epochtimestr.com\/index.php\/author\/sendag\"}]}<\/script>\n<!-- \/ Yoast SEO plugin. -->","yoast_head_json":{"title":"\u00d6zg\u00fcr \u00d6zel: \"2 Temmuz Utan\u00e7 G\u00fcn\u00fc Olarak An\u0131lacak\" - The Epoch Times TR","description":"Mad\u0131mak Katliam\u0131'n\u0131n 33'\u00fcnc\u00fc y\u0131l d\u00f6n\u00fcm\u00fc 2 Temmuz anma program\u0131nda \u00d6zg\u00fcr \u00d6zel'in de kat\u0131ld\u0131\u011f\u0131 y\u00fcr\u00fcy\u00fc\u015f d\u00fczenlendi.","robots":{"index":"index","follow":"follow","max-snippet":"max-snippet:-1","max-image-preview":"max-image-preview:large","max-video-preview":"max-video-preview:-1"},"canonical":"https:\/\/epochtimestr.com\/index.php\/ozgur-ozel-2-temmuz-utanc-gunu-olarak-anilacak","og_locale":"tr_TR","og_type":"article","og_title":"\u00d6zg\u00fcr \u00d6zel: \"2 Temmuz Utan\u00e7 G\u00fcn\u00fc Olarak An\u0131lacak\" - The Epoch Times TR","og_description":"Mad\u0131mak Katliam\u0131'n\u0131n 33'\u00fcnc\u00fc y\u0131l d\u00f6n\u00fcm\u00fc 2 Temmuz anma program\u0131nda \u00d6zg\u00fcr \u00d6zel'in de kat\u0131ld\u0131\u011f\u0131 y\u00fcr\u00fcy\u00fc\u015f d\u00fczenlendi.","og_url":"https:\/\/epochtimestr.com\/index.php\/ozgur-ozel-2-temmuz-utanc-gunu-olarak-anilacak","og_site_name":"The Epoch Times TR","article_publisher":"https:\/\/www.facebook.com\/theepochtimestr","article_published_time":"2026-07-03T05:40:52+00:00","article_modified_time":"2026-07-03T05:40:55+00:00","og_image":[{"width":547,"height":365,"url":"https:\/\/epochtimestr.com\/wp-content\/uploads\/2011y\/ozgur-ozel-35.jpg","type":"image\/jpeg"}],"author":"Haber Merkezi","twitter_card":"summary_large_image","twitter_creator":"@TheEpochTimesTR","twitter_site":"@TheEpochTimesTR","twitter_misc":{"Yazan:":"Haber Merkezi","Tahmini okuma s\u00fcresi":"4 dakika"},"schema":{"@context":"https:\/\/schema.org","@graph":[{"@type":"Article","@id":"https:\/\/epochtimestr.com\/index.php\/ozgur-ozel-2-temmuz-utanc-gunu-olarak-anilacak#article","isPartOf":{"@id":"https:\/\/epochtimestr.com\/index.php\/ozgur-ozel-2-temmuz-utanc-gunu-olarak-anilacak"},"author":{"name":"Haber Merkezi","@id":"https:\/\/epochtimestr.com\/#\/schema\/person\/3dc5c3adeb9f43923c5aa85889172fdd"},"headline":"\u00d6zg\u00fcr \u00d6zel: &#8220;2 Temmuz Utan\u00e7 G\u00fcn\u00fc Olarak An\u0131lacak&#8221;","datePublished":"2026-07-03T05:40:52+00:00","dateModified":"2026-07-03T05:40:55+00:00","mainEntityOfPage":{"@id":"https:\/\/epochtimestr.com\/index.php\/ozgur-ozel-2-temmuz-utanc-gunu-olarak-anilacak"},"wordCount":847,"commentCount":0,"publisher":{"@id":"https:\/\/epochtimestr.com\/#organization"},"image":{"@id":"https:\/\/epochtimestr.com\/index.php\/ozgur-ozel-2-temmuz-utanc-gunu-olarak-anilacak#primaryimage"},"thumbnailUrl":"https:\/\/epochtimestr.com\/wp-content\/uploads\/2011y\/ozgur-ozel-35.jpg","keywords":["2 Temmuz","\u00d6zg\u00fcr \u00d6zel","Sivas Katliam\u0131"],"articleSection":["G\u00dcNDEM","MAN\u015eET","Siyaset","T\u00dcRK\u0130YE"],"inLanguage":"tr","potentialAction":[{"@type":"CommentAction","name":"Comment","target":["https:\/\/epochtimestr.com\/index.php\/ozgur-ozel-2-temmuz-utanc-gunu-olarak-anilacak#respond"]}]},{"@type":"WebPage","@id":"https:\/\/epochtimestr.com\/index.php\/ozgur-ozel-2-temmuz-utanc-gunu-olarak-anilacak","url":"https:\/\/epochtimestr.com\/index.php\/ozgur-ozel-2-temmuz-utanc-gunu-olarak-anilacak","name":"\u00d6zg\u00fcr \u00d6zel: \"2 Temmuz Utan\u00e7 G\u00fcn\u00fc Olarak An\u0131lacak\" - The Epoch Times TR","isPartOf":{"@id":"https:\/\/epochtimestr.com\/#website"},"primaryImageOfPage":{"@id":"https:\/\/epochtimestr.com\/index.php\/ozgur-ozel-2-temmuz-utanc-gunu-olarak-anilacak#primaryimage"},"image":{"@id":"https:\/\/epochtimestr.com\/index.php\/ozgur-ozel-2-temmuz-utanc-gunu-olarak-anilacak#primaryimage"},"thumbnailUrl":"https:\/\/epochtimestr.com\/wp-content\/uploads\/2011y\/ozgur-ozel-35.jpg","datePublished":"2026-07-03T05:40:52+00:00","dateModified":"2026-07-03T05:40:55+00:00","description":"Mad\u0131mak Katliam\u0131'n\u0131n 33'\u00fcnc\u00fc y\u0131l d\u00f6n\u00fcm\u00fc 2 Temmuz anma program\u0131nda \u00d6zg\u00fcr \u00d6zel'in de kat\u0131ld\u0131\u011f\u0131 y\u00fcr\u00fcy\u00fc\u015f d\u00fczenlendi.","inLanguage":"tr","potentialAction":[{"@type":"ReadAction","target":["https:\/\/epochtimestr.com\/index.php\/ozgur-ozel-2-temmuz-utanc-gunu-olarak-anilacak"]}]},{"@type":"ImageObject","inLanguage":"tr","@id":"https:\/\/epochtimestr.com\/index.php\/ozgur-ozel-2-temmuz-utanc-gunu-olarak-anilacak#primaryimage","url":"https:\/\/epochtimestr.com\/wp-content\/uploads\/2011y\/ozgur-ozel-35.jpg","contentUrl":"https:\/\/epochtimestr.com\/wp-content\/uploads\/2011y\/ozgur-ozel-35.jpg","width":547,"height":365},{"@type":"WebSite","@id":"https:\/\/epochtimestr.com\/#website","url":"https:\/\/epochtimestr.com\/","name":"The Epoch Times TR","description":"De\u011fi\u015fen D\u00fcnyam\u0131za Taze Bir Bak\u0131\u015f","publisher":{"@id":"https:\/\/epochtimestr.com\/#organization"},"potentialAction":[{"@type":"SearchAction","target":{"@type":"EntryPoint","urlTemplate":"https:\/\/epochtimestr.com\/?s={search_term_string}"},"query-input":"required name=search_term_string"}],"inLanguage":"tr"},{"@type":"Organization","@id":"https:\/\/epochtimestr.com\/#organization","name":"The EpochTimes T\u00fcrkiye","url":"https:\/\/epochtimestr.com\/","logo":{"@type":"ImageObject","inLanguage":"tr","@id":"https:\/\/epochtimestr.com\/#\/schema\/logo\/image\/","url":"https:\/\/epochtimestr.com\/wp-content\/uploads\/2011y\/ET-Logo-YG.jpg","contentUrl":"https:\/\/epochtimestr.com\/wp-content\/uploads\/2011y\/ET-Logo-YG.jpg","width":346,"height":29,"caption":"The EpochTimes T\u00fcrkiye"},"image":{"@id":"https:\/\/epochtimestr.com\/#\/schema\/logo\/image\/"},"sameAs":["https:\/\/www.facebook.com\/theepochtimestr","https:\/\/x.com\/TheEpochTimesTR","https:\/\/www.instagram.com\/epochtimestr"]},{"@type":"Person","@id":"https:\/\/epochtimestr.com\/#\/schema\/person\/3dc5c3adeb9f43923c5aa85889172fdd","name":"Haber Merkezi","image":{"@type":"ImageObject","inLanguage":"tr","@id":"https:\/\/epochtimestr.com\/#\/schema\/person\/image\/","url":"https:\/\/secure.gravatar.com\/avatar\/d73f772ba5a74f28601361e17c2f93e6?s=96&d=mm&r=g","contentUrl":"https:\/\/secure.gravatar.com\/avatar\/d73f772ba5a74f28601361e17c2f93e6?s=96&d=mm&r=g","caption":"Haber Merkezi"},"url":"https:\/\/epochtimestr.com\/index.php\/author\/sendag"}]}},"_links":{"self":[{"href":"https:\/\/epochtimestr.com\/index.php\/wp-json\/wp\/v2\/posts\/168243"}],"collection":[{"href":"https:\/\/epochtimestr.com\/index.php\/wp-json\/wp\/v2\/posts"}],"about":[{"href":"https:\/\/epochtimestr.com\/index.php\/wp-json\/wp\/v2\/types\/post"}],"author":[{"embeddable":true,"href":"https:\/\/epochtimestr.com\/index.php\/wp-json\/wp\/v2\/users\/12791"}],"replies":[{"embeddable":true,"href":"https:\/\/epochtimestr.com\/index.php\/wp-json\/wp\/v2\/comments?post=168243"}],"version-history":[{"count":3,"href":"https:\/\/epochtimestr.com\/index.php\/wp-json\/wp\/v2\/posts\/168243\/revisions"}],"predecessor-version":[{"id":168255,"href":"https:\/\/epochtimestr.com\/index.php\/wp-json\/wp\/v2\/posts\/168243\/revisions\/168255"}],"wp:featuredmedia":[{"embeddable":true,"href":"https:\/\/epochtimestr.com\/index.php\/wp-json\/wp\/v2\/media\/168109"}],"wp:attachment":[{"href":"https:\/\/epochtimestr.com\/index.php\/wp-json\/wp\/v2\/media?parent=168243"}],"wp:term":[{"taxonomy":"category","embeddable":true,"href":"https:\/\/epochtimestr.com\/index.php\/wp-json\/wp\/v2\/categories?post=168243"},{"taxonomy":"post_tag","embeddable":true,"href":"https:\/\/epochtimestr.com\/index.php\/wp-json\/wp\/v2\/tags?post=168243"}],"curies":[{"name":"wp","href":"https:\/\/api.w.org\/{rel}","templated":true}]}}