{"id":168249,"date":"2026-07-03T08:57:28","date_gmt":"2026-07-03T05:57:28","guid":{"rendered":"https:\/\/epochtimestr.com\/?p=168249"},"modified":"2026-07-03T08:57:29","modified_gmt":"2026-07-03T05:57:29","slug":"mahmut-arikan-aselsan-bu-milletin-bagimsizlik-iradesidir","status":"publish","type":"post","link":"https:\/\/epochtimestr.com\/index.php\/mahmut-arikan-aselsan-bu-milletin-bagimsizlik-iradesidir","title":{"rendered":"Mahmut Ar\u0131kan &#8220;ASELSAN Bu Milletin Ba\u011f\u0131ms\u0131zl\u0131k \u0130radesidir&#8221;"},"content":{"rendered":"<div class=\"wp-block-image\">\n<figure class=\"aligncenter size-full\"><img loading=\"lazy\" decoding=\"async\" width=\"1280\" height=\"720\" src=\"https:\/\/epochtimestr.com\/wp-content\/uploads\/2011y\/arikan.webp\" alt=\"Saadet Partisi Genel Ba\u015fkan\u0131 Mahmut Ar\u0131kan (Foto\u011fraf: Saadet Partisi)\" class=\"wp-image-168252\" srcset=\"https:\/\/epochtimestr.com\/wp-content\/uploads\/2011y\/arikan.webp 1280w, https:\/\/epochtimestr.com\/wp-content\/uploads\/2011y\/arikan-300x169.webp 300w, https:\/\/epochtimestr.com\/wp-content\/uploads\/2011y\/arikan-150x84.webp 150w, https:\/\/epochtimestr.com\/wp-content\/uploads\/2011y\/arikan-768x432.webp 768w\" sizes=\"(max-width: 1280px) 100vw, 1280px\" \/><figcaption class=\"wp-element-caption\">Saadet Partisi Genel Ba\u015fkan\u0131 Mahmut Ar\u0131kan (Foto\u011fraf: Saadet Partisi)<\/figcaption><\/figure><\/div>\n\n\n<h2 class=\"wp-block-heading\">Saadet Partisi Genel Ba\u015fkan\u0131 Mahmut Ar\u0131kan, Yeni Yol Partisi Grup Toplant\u0131s\u0131&#8217;nda yapt\u0131\u011f\u0131 konu\u015fmada, g\u00fcndemdeki konulara ili\u015fkin de\u011ferlendirmelerde bulundu.<\/h2>\n\n\n\n<p>Mahmut Ar\u0131kan, Yeni Yol Partisi Grup Toplant\u0131s\u0131&#8217;nda yapt\u0131\u011f\u0131 konu\u015fmada, g\u00fcndemdeki konulara ili\u015fkin de\u011ferlendirmelerde bulundu. <a href=\"https:\/\/epochtimestr.com\/index.php\/mahmut-arikan-yeniden-buyuk-turkiye-istiyoruz\">Saadet Partisi Genel Ba\u015fkan\u0131<\/a> Ar\u0131kan, &#8220;S\u0131rf eylem yapabilirler diye insanlar tutuklan\u0131yor, gazetecilere ambargo konuluyor, vatanda\u015f\u0131n ya\u015fad\u0131\u011f\u0131 yoksulluk g\u00f6r\u00fclmesin diye evler boyan\u0131yor, yol kenarlar\u0131na brandalar \u00e7ekiliyor.&#8221; ifadelerini kulland\u0131. <a href=\"https:\/\/epochtimestr.com\/index.php\/imamoglundan-nato-zirvesi-elestirisi\" target=\"_blank\" rel=\"noreferrer noopener\">NATO<\/a> Zirvesi kapsam\u0131nda al\u0131nan g\u00fcvenlik tedbirlerinden <a href=\"https:\/\/epochtimestr.com\/index.php\/aselsanda-calisan-muhendis-evinde-olu-bulundu\" target=\"_blank\" rel=\"noreferrer noopener\">ASELSAN<\/a>&#8216;a ili\u015fkin iddialara kadar bir\u00e7ok konuda h\u00fck\u00fcmete ele\u015ftiriler y\u00f6neltti.<br \/>Savunma sanayiine y\u00f6nelik yat\u0131r\u0131mlar\u0131 desteklediklerini belirten Ar\u0131kan, Amerikal\u0131 bir yat\u0131r\u0131m fonunun ASELSAN&#8217;\u0131 sat\u0131n almak istedi\u011fine ili\u015fkin iddialar\u0131n kamuoyunda yer ald\u0131\u011f\u0131n\u0131 s\u00f6yledi.<\/p>\n\n\n\n<p>ASELSAN&#8217;\u0131n yabanc\u0131 sermayeye devredilece\u011fine ili\u015fkin iddialar\u0131n a\u00e7\u0131kl\u0131\u011fa kavu\u015fturulmas\u0131n\u0131 isterken &#8220;ASELSAN herhangi bir ticari kurum de\u011fildir. ASELSAN bu milletin ba\u011f\u0131ms\u0131zl\u0131k iradesidir.&#8221; dedi. Ar\u0131kan, kamuoyunda g\u00fcndeme gelen \u2018ASELSAN\u2019\u0131n yabanc\u0131 sermayeye teslim edilece\u011fi\u2019 y\u00f6n\u00fcndeki iddialar\u0131n da cevaps\u0131z b\u0131rak\u0131lmamas\u0131 gerekti\u011fini s\u00f6yledi. Cumhurba\u015fkan\u0131 ile BlackRock CEO&#8217;su Larry Fink aras\u0131nda yap\u0131lan g\u00f6r\u00fc\u015fmeyi hat\u0131rlatan Ar\u0131kan, &#8220;Bu g\u00f6r\u00fc\u015fmede ASELSAN var m\u0131yd\u0131?&#8221; sorusunu y\u00f6neltti. Ar\u0131kan, &#8220;ASELSAN bir bilan\u00e7o kalemi de\u011fildir. ASELSAN herhangi bir ticari kurum de\u011fildir. ASELSAN bu milletin ba\u011f\u0131ms\u0131zl\u0131k iradesidir. T\u00fcrkiye&#8217;nin stratejik savunma sanayii \u015firketleri k\u00fcresel sermayenin de\u011fil, bu milletin egemenlik hakk\u0131n\u0131n konusudur&#8221; ifadelerini kulland\u0131.<\/p>\n\n\n\n<p><strong>Ankara\u2019da d\u00fczenlenecek NATO Zirvesi \u00f6ncesi yap\u0131lan haz\u0131rl\u0131klar\u0131 de\u011ferlendiren Ar\u0131kan, \u015f\u00f6yle konu\u015ftu:<\/strong><\/p>\n\n\n\n<p>\u0130ktidar, \u00fclkenin b\u00fct\u00fcn sorunlar\u0131n\u0131 bir kenara b\u0131rakt\u0131, varsa yoksa NATO diyor ba\u015fka da bir \u015fey demiyor. NATO i\u00e7in yap\u0131lan haz\u0131rl\u0131klara bak\u0131yoruz, manzara tam anlam\u0131yla, aziz milletimiz ve devletimiz i\u00e7in utan\u00e7 verici bir hal ald\u0131. S\u0131rf eylem yapabilirler diye insanlar tutuklan\u0131yor, matbaalara bile, eylemlerle ilgili hi\u00e7bir \u015fey bas\u0131lmayacak diye talimatlar gidiyor, gazetecilere ambargo konuluyor, aziz milletimizin ya\u015fad\u0131\u011f\u0131 yoksulluk g\u00f6r\u00fclmesin diye evler boyan\u0131yor, yol kenarlar\u0131na branda \u00e7ekiliyor. \u015eimdi biz iktidara sormak istiyoruz, &#8216;Siz bir\u00e7ok kez ABD\u2019ye gittiniz, siz ABD\u2019ye gidince ka\u00e7 park kapat\u0131ld\u0131? Ka\u00e7 ki\u015fi g\u00fcnler \u00f6ncesinden tutukland\u0131?&#8217; Biz s\u00f6yleyelim, &#8216;0&#8217;. Hadi Ba\u015fkenti anlad\u0131k, Afyonkarahisar\u2019da ne oldu ne diye yasak getiriyorsunuz? Karab\u00fck\u2019te, Mersin\u2019de, Eski\u015fehir\u2019de, Bolu\u2019da, Antalya\u2019da neden yasak koyuyorsunuz? Sizin akl\u0131n\u0131zdan ne ge\u00e7iyor? Yoksa memleketi s\u0131k\u0131 y\u00f6netime mi haz\u0131rl\u0131yorsunuz? Siz vatanda\u015f\u0131n en tabi anayasal hakk\u0131n\u0131 elinden alacaks\u0131n\u0131z sonra da kalk\u0131p sivil Anayasa yapaca\u011f\u0131z teranesi anlatacaks\u0131n\u0131z\u2026 Hadi oradan, hadi oradan, hadi oradan\u2026&#8221;<\/p>\n\n\n\n<h3 class=\"wp-block-heading\">&#8220;Ne varm\u0131\u015f paketin i\u00e7erisinde? KAAN jetlerinin motorlar\u0131 varm\u0131\u015f&#8221;<\/h3>\n\n\n\n<p>Ar\u0131kan, baz\u0131 bas\u0131n yay\u0131n organlar\u0131nda yer alan, &#8220;Trump elinde b\u00fcy\u00fck bir hediye paketi ile geliyor&#8221; iddialar\u0131na y\u00f6nelik, &#8220;Ne varm\u0131\u015f paketin i\u00e7erisinde? KAAN jetlerinin motorlar\u0131 varm\u0131\u015f. Y\u00fczde y\u00fcz yerli ve milli dedi\u011finiz jetin motorunu neden Trump bize hediye ediyor? Kaportas\u0131 bizden, motoru Amerika\u2019dan gelen bir jetin kullan\u0131m izni, bizde mi, yoksa ABD\u2019de mi olacak? Milletimiz alg\u0131 de\u011fil, ger\u00e7ekten icraat istiyor. Sadece ad\u0131 de\u011fil, motoru da y\u00fczde y\u00fcz yerli, y\u00fczde y\u00fcz milli olan Atak Helikopteri, Kaan Jeti istiyor. Kaan jeti i\u00e7in TF35000 motoru \u00e7al\u0131\u015fmalar\u0131n\u0131 bir an \u00f6nce bitirin ve ABD\u2019ye muhta\u00e7l\u0131\u011f\u0131m\u0131z\u0131 ortadan kald\u0131r\u0131n&#8221; diye konu\u015ftu.<\/p>\n\n\n\n<p><strong>&#8220;Emekliyi enflasyona ezdirmedik diyorlar<\/strong>&#8220;<\/p>\n\n\n\n<p>T\u00fcrkiye&#8217;de en d\u00fc\u015f\u00fck emekli maa\u015f\u0131 alan milyonlarca vatanda\u015f\u0131n a\u00e7l\u0131k s\u0131n\u0131r\u0131n\u0131n alt\u0131nda ya\u015fam m\u00fccadelesi verdi\u011fini s\u00f6yleyen Ar\u0131kan, emeklilerin ya\u015fad\u0131\u011f\u0131 ekonomik s\u0131k\u0131nt\u0131n\u0131n sosyal devlet anlay\u0131\u015f\u0131yla ba\u011fda\u015fmad\u0131\u011f\u0131n\u0131 ifade etti.<\/p>\n\n\n\n<p>&#8220;Emekliyi enflasyona ezdirmedik&#8221; diyorlar. Hangi enflasyon? Pazar\u0131n ger\u00e7e\u011fini de\u011fil, ka\u011f\u0131d\u0131n yalan\u0131n\u0131 anlatan o makyajl\u0131 enflasyon mu? 2001\u2019in o a\u011f\u0131r kriz g\u00fcnlerinde, \u2018yazar kasalar\u0131n f\u0131rlat\u0131ld\u0131\u011f\u0131\u2019 g\u00fcnlerde bile en d\u00fc\u015f\u00fck emekli maa\u015f\u0131 asgari \u00fccretin 1,6 kat\u0131yd\u0131. O oran\u0131 bug\u00fcne ta\u015f\u0131yabilseydik, en d\u00fc\u015f\u00fck emekli maa\u015f\u0131 45 bin lira olurdu. \u0130ktidara soruyorum: 45 bin lira nerede, 20 bin lira nerede? \u0130ktidara \u00e7a\u011fr\u0131m\u0131z \u015fudur: Temmuz ay\u0131nday\u0131z, gelin bu ay, en d\u00fc\u015f\u00fck emekli maa\u015f\u0131n\u0131 asgari \u00fccrete e\u015fitleyecek kal\u0131c\u0131 bir kanuni d\u00fczenleme yapal\u0131m.&#8221; dedi.<\/p>\n\n\n\n<figure class=\"wp-block-embed is-type-rich is-provider-x wp-block-embed-x\"><div class=\"wp-block-embed__wrapper\">\n<blockquote class=\"twitter-tweet\" data-width=\"550\" data-dnt=\"true\"><p lang=\"tr\" dir=\"ltr\">TBMM Grup Toplant\u0131m\u0131zda konu\u015fuyorum. <a href=\"https:\/\/t.co\/UjaBCfWYd1\">https:\/\/t.co\/UjaBCfWYd1<\/a><\/p>&mdash; Mahmut Ar\u0131kan (@mahmutarikansp) <a href=\"https:\/\/x.com\/mahmutarikansp\/status\/2072212900131766514?ref_src=twsrc%5Etfw\">July 1, 2026<\/a><\/blockquote><script async src=\"https:\/\/platform.x.com\/widgets.js\" charset=\"utf-8\"><\/script>\n<\/div><\/figure>\n","protected":false},"excerpt":{"rendered":"<p>Saadet Partisi Genel Ba\u015fkan\u0131 Mahmut Ar\u0131kan, Yeni Yol Partisi Grup Toplant\u0131s\u0131&#8217;nda yapt\u0131\u011f\u0131 konu\u015fmada, g\u00fcndemdeki konulara ili\u015fkin de\u011ferlendirmelerde bulundu. Mahmut Ar\u0131kan, Yeni Yol Partisi Grup Toplant\u0131s\u0131&#8217;nda yapt\u0131\u011f\u0131 konu\u015fmada, g\u00fcndemdeki konulara ili\u015fkin de\u011ferlendirmelerde bulundu. Saadet Partisi Genel Ba\u015fkan\u0131 Ar\u0131kan, &#8220;S\u0131rf eylem yapabilirler diye insanlar tutuklan\u0131yor, gazetecilere ambargo konuluyor, vatanda\u015f\u0131n ya\u015fad\u0131\u011f\u0131 yoksulluk g\u00f6r\u00fclmesin diye evler boyan\u0131yor, yol kenarlar\u0131na [&hellip;]<\/p>\n","protected":false},"author":12791,"featured_media":168252,"comment_status":"open","ping_status":"open","sticky":false,"template":"","format":"standard","meta":{"_yoast_wpseo_focuskw":"Mahmut Ar\u0131kan","_yoast_wpseo_title":"","_yoast_wpseo_metadesc":"Saadet Partisi Genel Ba\u015fkan\u0131 Mahmut Ar\u0131kan, Yeni Yol Partisi Grup Toplant\u0131s\u0131'nda yapt\u0131\u011f\u0131 konu\u015fmada, g\u00fcndemdeki konular\u0131 de\u011ferlendirdi.","_bbp_topic_count":0,"_bbp_reply_count":0,"_bbp_total_topic_count":0,"_bbp_total_reply_count":0,"_bbp_voice_count":0,"_bbp_anonymous_reply_count":0,"_bbp_topic_count_hidden":0,"_bbp_reply_count_hidden":0,"_bbp_forum_subforum_count":0,"footnotes":"","_yoast_wpseo_focuskw_text_input":""},"categories":[1,8138,8226,37],"tags":[7858,9043,722,9042],"yoast_head":"<!-- This site is optimized with the Yoast SEO plugin v23.0 - https:\/\/yoast.com\/wordpress\/plugins\/seo\/ -->\n<title>Mahmut Ar\u0131kan &quot;ASELSAN Bu Milletin Ba\u011f\u0131ms\u0131zl\u0131k \u0130radesidir&quot; - The Epoch Times TR<\/title>\n<meta name=\"description\" content=\"Saadet Partisi Genel Ba\u015fkan\u0131 Mahmut Ar\u0131kan, Yeni Yol Partisi Grup Toplant\u0131s\u0131&#039;nda yapt\u0131\u011f\u0131 konu\u015fmada, g\u00fcndemdeki konular\u0131 de\u011ferlendirdi.\" \/>\n<meta name=\"robots\" content=\"index, follow, max-snippet:-1, max-image-preview:large, max-video-preview:-1\" \/>\n<link rel=\"canonical\" href=\"https:\/\/epochtimestr.com\/index.php\/mahmut-arikan-aselsan-bu-milletin-bagimsizlik-iradesidir\" \/>\n<meta property=\"og:locale\" content=\"tr_TR\" \/>\n<meta property=\"og:type\" content=\"article\" \/>\n<meta property=\"og:title\" content=\"Mahmut Ar\u0131kan &quot;ASELSAN Bu Milletin Ba\u011f\u0131ms\u0131zl\u0131k \u0130radesidir&quot; - The Epoch Times TR\" \/>\n<meta property=\"og:description\" content=\"Saadet Partisi Genel Ba\u015fkan\u0131 Mahmut Ar\u0131kan, Yeni Yol Partisi Grup Toplant\u0131s\u0131&#039;nda yapt\u0131\u011f\u0131 konu\u015fmada, g\u00fcndemdeki konular\u0131 de\u011ferlendirdi.\" \/>\n<meta property=\"og:url\" content=\"https:\/\/epochtimestr.com\/index.php\/mahmut-arikan-aselsan-bu-milletin-bagimsizlik-iradesidir\" \/>\n<meta property=\"og:site_name\" content=\"The Epoch Times TR\" \/>\n<meta property=\"article:publisher\" content=\"https:\/\/www.facebook.com\/theepochtimestr\" \/>\n<meta property=\"article:published_time\" content=\"2026-07-03T05:57:28+00:00\" \/>\n<meta property=\"article:modified_time\" content=\"2026-07-03T05:57:29+00:00\" \/>\n<meta property=\"og:image\" content=\"https:\/\/epochtimestr.com\/wp-content\/uploads\/2011y\/arikan.webp\" \/>\n\t<meta property=\"og:image:width\" content=\"1280\" \/>\n\t<meta property=\"og:image:height\" content=\"720\" \/>\n\t<meta property=\"og:image:type\" content=\"image\/webp\" \/>\n<meta name=\"author\" content=\"Haber Merkezi\" \/>\n<meta name=\"twitter:card\" content=\"summary_large_image\" \/>\n<meta name=\"twitter:creator\" content=\"@TheEpochTimesTR\" \/>\n<meta name=\"twitter:site\" content=\"@TheEpochTimesTR\" \/>\n<meta name=\"twitter:label1\" content=\"Yazan:\" \/>\n\t<meta name=\"twitter:data1\" content=\"Haber Merkezi\" \/>\n\t<meta name=\"twitter:label2\" content=\"Tahmini okuma s\u00fcresi\" \/>\n\t<meta name=\"twitter:data2\" content=\"4 dakika\" \/>\n<script type=\"application\/ld+json\" class=\"yoast-schema-graph\">{\"@context\":\"https:\/\/schema.org\",\"@graph\":[{\"@type\":\"Article\",\"@id\":\"https:\/\/epochtimestr.com\/index.php\/mahmut-arikan-aselsan-bu-milletin-bagimsizlik-iradesidir#article\",\"isPartOf\":{\"@id\":\"https:\/\/epochtimestr.com\/index.php\/mahmut-arikan-aselsan-bu-milletin-bagimsizlik-iradesidir\"},\"author\":{\"name\":\"Haber Merkezi\",\"@id\":\"https:\/\/epochtimestr.com\/#\/schema\/person\/3dc5c3adeb9f43923c5aa85889172fdd\"},\"headline\":\"Mahmut Ar\u0131kan &#8220;ASELSAN Bu Milletin Ba\u011f\u0131ms\u0131zl\u0131k \u0130radesidir&#8221;\",\"datePublished\":\"2026-07-03T05:57:28+00:00\",\"dateModified\":\"2026-07-03T05:57:29+00:00\",\"mainEntityOfPage\":{\"@id\":\"https:\/\/epochtimestr.com\/index.php\/mahmut-arikan-aselsan-bu-milletin-bagimsizlik-iradesidir\"},\"wordCount\":806,\"commentCount\":0,\"publisher\":{\"@id\":\"https:\/\/epochtimestr.com\/#organization\"},\"image\":{\"@id\":\"https:\/\/epochtimestr.com\/index.php\/mahmut-arikan-aselsan-bu-milletin-bagimsizlik-iradesidir#primaryimage\"},\"thumbnailUrl\":\"https:\/\/epochtimestr.com\/wp-content\/uploads\/2011y\/arikan.webp\",\"keywords\":[\"aselsan\",\"mahmut ar\u0131kan\",\"NATO\",\"Saadet Partisi\"],\"articleSection\":[\"G\u00dcNDEM\",\"MAN\u015eET\",\"Siyaset\",\"T\u00dcRK\u0130YE\"],\"inLanguage\":\"tr\",\"potentialAction\":[{\"@type\":\"CommentAction\",\"name\":\"Comment\",\"target\":[\"https:\/\/epochtimestr.com\/index.php\/mahmut-arikan-aselsan-bu-milletin-bagimsizlik-iradesidir#respond\"]}]},{\"@type\":\"WebPage\",\"@id\":\"https:\/\/epochtimestr.com\/index.php\/mahmut-arikan-aselsan-bu-milletin-bagimsizlik-iradesidir\",\"url\":\"https:\/\/epochtimestr.com\/index.php\/mahmut-arikan-aselsan-bu-milletin-bagimsizlik-iradesidir\",\"name\":\"Mahmut Ar\u0131kan \\\"ASELSAN Bu Milletin Ba\u011f\u0131ms\u0131zl\u0131k \u0130radesidir\\\" - The Epoch Times TR\",\"isPartOf\":{\"@id\":\"https:\/\/epochtimestr.com\/#website\"},\"primaryImageOfPage\":{\"@id\":\"https:\/\/epochtimestr.com\/index.php\/mahmut-arikan-aselsan-bu-milletin-bagimsizlik-iradesidir#primaryimage\"},\"image\":{\"@id\":\"https:\/\/epochtimestr.com\/index.php\/mahmut-arikan-aselsan-bu-milletin-bagimsizlik-iradesidir#primaryimage\"},\"thumbnailUrl\":\"https:\/\/epochtimestr.com\/wp-content\/uploads\/2011y\/arikan.webp\",\"datePublished\":\"2026-07-03T05:57:28+00:00\",\"dateModified\":\"2026-07-03T05:57:29+00:00\",\"description\":\"Saadet Partisi Genel Ba\u015fkan\u0131 Mahmut Ar\u0131kan, Yeni Yol Partisi Grup Toplant\u0131s\u0131'nda yapt\u0131\u011f\u0131 konu\u015fmada, g\u00fcndemdeki konular\u0131 de\u011ferlendirdi.\",\"inLanguage\":\"tr\",\"potentialAction\":[{\"@type\":\"ReadAction\",\"target\":[\"https:\/\/epochtimestr.com\/index.php\/mahmut-arikan-aselsan-bu-milletin-bagimsizlik-iradesidir\"]}]},{\"@type\":\"ImageObject\",\"inLanguage\":\"tr\",\"@id\":\"https:\/\/epochtimestr.com\/index.php\/mahmut-arikan-aselsan-bu-milletin-bagimsizlik-iradesidir#primaryimage\",\"url\":\"https:\/\/epochtimestr.com\/wp-content\/uploads\/2011y\/arikan.webp\",\"contentUrl\":\"https:\/\/epochtimestr.com\/wp-content\/uploads\/2011y\/arikan.webp\",\"width\":1280,\"height\":720},{\"@type\":\"WebSite\",\"@id\":\"https:\/\/epochtimestr.com\/#website\",\"url\":\"https:\/\/epochtimestr.com\/\",\"name\":\"The Epoch Times TR\",\"description\":\"De\u011fi\u015fen D\u00fcnyam\u0131za Taze Bir Bak\u0131\u015f\",\"publisher\":{\"@id\":\"https:\/\/epochtimestr.com\/#organization\"},\"potentialAction\":[{\"@type\":\"SearchAction\",\"target\":{\"@type\":\"EntryPoint\",\"urlTemplate\":\"https:\/\/epochtimestr.com\/?s={search_term_string}\"},\"query-input\":\"required name=search_term_string\"}],\"inLanguage\":\"tr\"},{\"@type\":\"Organization\",\"@id\":\"https:\/\/epochtimestr.com\/#organization\",\"name\":\"The EpochTimes T\u00fcrkiye\",\"url\":\"https:\/\/epochtimestr.com\/\",\"logo\":{\"@type\":\"ImageObject\",\"inLanguage\":\"tr\",\"@id\":\"https:\/\/epochtimestr.com\/#\/schema\/logo\/image\/\",\"url\":\"https:\/\/epochtimestr.com\/wp-content\/uploads\/2011y\/ET-Logo-YG.jpg\",\"contentUrl\":\"https:\/\/epochtimestr.com\/wp-content\/uploads\/2011y\/ET-Logo-YG.jpg\",\"width\":346,\"height\":29,\"caption\":\"The EpochTimes T\u00fcrkiye\"},\"image\":{\"@id\":\"https:\/\/epochtimestr.com\/#\/schema\/logo\/image\/\"},\"sameAs\":[\"https:\/\/www.facebook.com\/theepochtimestr\",\"https:\/\/x.com\/TheEpochTimesTR\",\"https:\/\/www.instagram.com\/epochtimestr\"]},{\"@type\":\"Person\",\"@id\":\"https:\/\/epochtimestr.com\/#\/schema\/person\/3dc5c3adeb9f43923c5aa85889172fdd\",\"name\":\"Haber Merkezi\",\"image\":{\"@type\":\"ImageObject\",\"inLanguage\":\"tr\",\"@id\":\"https:\/\/epochtimestr.com\/#\/schema\/person\/image\/\",\"url\":\"https:\/\/secure.gravatar.com\/avatar\/d73f772ba5a74f28601361e17c2f93e6?s=96&d=mm&r=g\",\"contentUrl\":\"https:\/\/secure.gravatar.com\/avatar\/d73f772ba5a74f28601361e17c2f93e6?s=96&d=mm&r=g\",\"caption\":\"Haber Merkezi\"},\"url\":\"https:\/\/epochtimestr.com\/index.php\/author\/sendag\"}]}<\/script>\n<!-- \/ Yoast SEO plugin. -->","yoast_head_json":{"title":"Mahmut Ar\u0131kan \"ASELSAN Bu Milletin Ba\u011f\u0131ms\u0131zl\u0131k \u0130radesidir\" - The Epoch Times TR","description":"Saadet Partisi Genel Ba\u015fkan\u0131 Mahmut Ar\u0131kan, Yeni Yol Partisi Grup Toplant\u0131s\u0131'nda yapt\u0131\u011f\u0131 konu\u015fmada, g\u00fcndemdeki konular\u0131 de\u011ferlendirdi.","robots":{"index":"index","follow":"follow","max-snippet":"max-snippet:-1","max-image-preview":"max-image-preview:large","max-video-preview":"max-video-preview:-1"},"canonical":"https:\/\/epochtimestr.com\/index.php\/mahmut-arikan-aselsan-bu-milletin-bagimsizlik-iradesidir","og_locale":"tr_TR","og_type":"article","og_title":"Mahmut Ar\u0131kan \"ASELSAN Bu Milletin Ba\u011f\u0131ms\u0131zl\u0131k \u0130radesidir\" - The Epoch Times TR","og_description":"Saadet Partisi Genel Ba\u015fkan\u0131 Mahmut Ar\u0131kan, Yeni Yol Partisi Grup Toplant\u0131s\u0131'nda yapt\u0131\u011f\u0131 konu\u015fmada, g\u00fcndemdeki konular\u0131 de\u011ferlendirdi.","og_url":"https:\/\/epochtimestr.com\/index.php\/mahmut-arikan-aselsan-bu-milletin-bagimsizlik-iradesidir","og_site_name":"The Epoch Times TR","article_publisher":"https:\/\/www.facebook.com\/theepochtimestr","article_published_time":"2026-07-03T05:57:28+00:00","article_modified_time":"2026-07-03T05:57:29+00:00","og_image":[{"width":1280,"height":720,"url":"https:\/\/epochtimestr.com\/wp-content\/uploads\/2011y\/arikan.webp","type":"image\/webp"}],"author":"Haber Merkezi","twitter_card":"summary_large_image","twitter_creator":"@TheEpochTimesTR","twitter_site":"@TheEpochTimesTR","twitter_misc":{"Yazan:":"Haber Merkezi","Tahmini okuma s\u00fcresi":"4 dakika"},"schema":{"@context":"https:\/\/schema.org","@graph":[{"@type":"Article","@id":"https:\/\/epochtimestr.com\/index.php\/mahmut-arikan-aselsan-bu-milletin-bagimsizlik-iradesidir#article","isPartOf":{"@id":"https:\/\/epochtimestr.com\/index.php\/mahmut-arikan-aselsan-bu-milletin-bagimsizlik-iradesidir"},"author":{"name":"Haber Merkezi","@id":"https:\/\/epochtimestr.com\/#\/schema\/person\/3dc5c3adeb9f43923c5aa85889172fdd"},"headline":"Mahmut Ar\u0131kan &#8220;ASELSAN Bu Milletin Ba\u011f\u0131ms\u0131zl\u0131k \u0130radesidir&#8221;","datePublished":"2026-07-03T05:57:28+00:00","dateModified":"2026-07-03T05:57:29+00:00","mainEntityOfPage":{"@id":"https:\/\/epochtimestr.com\/index.php\/mahmut-arikan-aselsan-bu-milletin-bagimsizlik-iradesidir"},"wordCount":806,"commentCount":0,"publisher":{"@id":"https:\/\/epochtimestr.com\/#organization"},"image":{"@id":"https:\/\/epochtimestr.com\/index.php\/mahmut-arikan-aselsan-bu-milletin-bagimsizlik-iradesidir#primaryimage"},"thumbnailUrl":"https:\/\/epochtimestr.com\/wp-content\/uploads\/2011y\/arikan.webp","keywords":["aselsan","mahmut ar\u0131kan","NATO","Saadet Partisi"],"articleSection":["G\u00dcNDEM","MAN\u015eET","Siyaset","T\u00dcRK\u0130YE"],"inLanguage":"tr","potentialAction":[{"@type":"CommentAction","name":"Comment","target":["https:\/\/epochtimestr.com\/index.php\/mahmut-arikan-aselsan-bu-milletin-bagimsizlik-iradesidir#respond"]}]},{"@type":"WebPage","@id":"https:\/\/epochtimestr.com\/index.php\/mahmut-arikan-aselsan-bu-milletin-bagimsizlik-iradesidir","url":"https:\/\/epochtimestr.com\/index.php\/mahmut-arikan-aselsan-bu-milletin-bagimsizlik-iradesidir","name":"Mahmut Ar\u0131kan \"ASELSAN Bu Milletin Ba\u011f\u0131ms\u0131zl\u0131k \u0130radesidir\" - The Epoch Times TR","isPartOf":{"@id":"https:\/\/epochtimestr.com\/#website"},"primaryImageOfPage":{"@id":"https:\/\/epochtimestr.com\/index.php\/mahmut-arikan-aselsan-bu-milletin-bagimsizlik-iradesidir#primaryimage"},"image":{"@id":"https:\/\/epochtimestr.com\/index.php\/mahmut-arikan-aselsan-bu-milletin-bagimsizlik-iradesidir#primaryimage"},"thumbnailUrl":"https:\/\/epochtimestr.com\/wp-content\/uploads\/2011y\/arikan.webp","datePublished":"2026-07-03T05:57:28+00:00","dateModified":"2026-07-03T05:57:29+00:00","description":"Saadet Partisi Genel Ba\u015fkan\u0131 Mahmut Ar\u0131kan, Yeni Yol Partisi Grup Toplant\u0131s\u0131'nda yapt\u0131\u011f\u0131 konu\u015fmada, g\u00fcndemdeki konular\u0131 de\u011ferlendirdi.","inLanguage":"tr","potentialAction":[{"@type":"ReadAction","target":["https:\/\/epochtimestr.com\/index.php\/mahmut-arikan-aselsan-bu-milletin-bagimsizlik-iradesidir"]}]},{"@type":"ImageObject","inLanguage":"tr","@id":"https:\/\/epochtimestr.com\/index.php\/mahmut-arikan-aselsan-bu-milletin-bagimsizlik-iradesidir#primaryimage","url":"https:\/\/epochtimestr.com\/wp-content\/uploads\/2011y\/arikan.webp","contentUrl":"https:\/\/epochtimestr.com\/wp-content\/uploads\/2011y\/arikan.webp","width":1280,"height":720},{"@type":"WebSite","@id":"https:\/\/epochtimestr.com\/#website","url":"https:\/\/epochtimestr.com\/","name":"The Epoch Times TR","description":"De\u011fi\u015fen D\u00fcnyam\u0131za Taze Bir Bak\u0131\u015f","publisher":{"@id":"https:\/\/epochtimestr.com\/#organization"},"potentialAction":[{"@type":"SearchAction","target":{"@type":"EntryPoint","urlTemplate":"https:\/\/epochtimestr.com\/?s={search_term_string}"},"query-input":"required name=search_term_string"}],"inLanguage":"tr"},{"@type":"Organization","@id":"https:\/\/epochtimestr.com\/#organization","name":"The EpochTimes T\u00fcrkiye","url":"https:\/\/epochtimestr.com\/","logo":{"@type":"ImageObject","inLanguage":"tr","@id":"https:\/\/epochtimestr.com\/#\/schema\/logo\/image\/","url":"https:\/\/epochtimestr.com\/wp-content\/uploads\/2011y\/ET-Logo-YG.jpg","contentUrl":"https:\/\/epochtimestr.com\/wp-content\/uploads\/2011y\/ET-Logo-YG.jpg","width":346,"height":29,"caption":"The EpochTimes T\u00fcrkiye"},"image":{"@id":"https:\/\/epochtimestr.com\/#\/schema\/logo\/image\/"},"sameAs":["https:\/\/www.facebook.com\/theepochtimestr","https:\/\/x.com\/TheEpochTimesTR","https:\/\/www.instagram.com\/epochtimestr"]},{"@type":"Person","@id":"https:\/\/epochtimestr.com\/#\/schema\/person\/3dc5c3adeb9f43923c5aa85889172fdd","name":"Haber Merkezi","image":{"@type":"ImageObject","inLanguage":"tr","@id":"https:\/\/epochtimestr.com\/#\/schema\/person\/image\/","url":"https:\/\/secure.gravatar.com\/avatar\/d73f772ba5a74f28601361e17c2f93e6?s=96&d=mm&r=g","contentUrl":"https:\/\/secure.gravatar.com\/avatar\/d73f772ba5a74f28601361e17c2f93e6?s=96&d=mm&r=g","caption":"Haber Merkezi"},"url":"https:\/\/epochtimestr.com\/index.php\/author\/sendag"}]}},"_links":{"self":[{"href":"https:\/\/epochtimestr.com\/index.php\/wp-json\/wp\/v2\/posts\/168249"}],"collection":[{"href":"https:\/\/epochtimestr.com\/index.php\/wp-json\/wp\/v2\/posts"}],"about":[{"href":"https:\/\/epochtimestr.com\/index.php\/wp-json\/wp\/v2\/types\/post"}],"author":[{"embeddable":true,"href":"https:\/\/epochtimestr.com\/index.php\/wp-json\/wp\/v2\/users\/12791"}],"replies":[{"embeddable":true,"href":"https:\/\/epochtimestr.com\/index.php\/wp-json\/wp\/v2\/comments?post=168249"}],"version-history":[{"count":2,"href":"https:\/\/epochtimestr.com\/index.php\/wp-json\/wp\/v2\/posts\/168249\/revisions"}],"predecessor-version":[{"id":168259,"href":"https:\/\/epochtimestr.com\/index.php\/wp-json\/wp\/v2\/posts\/168249\/revisions\/168259"}],"wp:featuredmedia":[{"embeddable":true,"href":"https:\/\/epochtimestr.com\/index.php\/wp-json\/wp\/v2\/media\/168252"}],"wp:attachment":[{"href":"https:\/\/epochtimestr.com\/index.php\/wp-json\/wp\/v2\/media?parent=168249"}],"wp:term":[{"taxonomy":"category","embeddable":true,"href":"https:\/\/epochtimestr.com\/index.php\/wp-json\/wp\/v2\/categories?post=168249"},{"taxonomy":"post_tag","embeddable":true,"href":"https:\/\/epochtimestr.com\/index.php\/wp-json\/wp\/v2\/tags?post=168249"}],"curies":[{"name":"wp","href":"https:\/\/api.w.org\/{rel}","templated":true}]}}