{"id":168272,"date":"2026-07-04T07:00:00","date_gmt":"2026-07-04T04:00:00","guid":{"rendered":"https:\/\/epochtimestr.com\/?p=168272"},"modified":"2026-07-03T22:06:45","modified_gmt":"2026-07-03T19:06:45","slug":"mulkun-gozu-kor-vicdanin-kulagi-sagir-olunca","status":"publish","type":"post","link":"https:\/\/epochtimestr.com\/index.php\/mulkun-gozu-kor-vicdanin-kulagi-sagir-olunca","title":{"rendered":"M\u00fclk\u00fcn G\u00f6z\u00fc K\u00f6r Vicdan\u0131n Kula\u011f\u0131 Sa\u011f\u0131r Olunca"},"content":{"rendered":"\n<h2 class=\"wp-block-heading\">Miras H\u0131rs\u0131 ve Aile \u0130\u00e7i \u0130ftiralar<\/h2>\n\n\n\n<p>Bug\u00fcn k\u00f6\u015femi, adliye koridorlar\u0131nda s\u0131kl\u0131kla rastlad\u0131\u011f\u0131m\u0131z ama duydu\u011fumuzda her seferinde i\u00e7imizi s\u0131zlatan, insanl\u0131\u011f\u0131n ve aile ba\u011flar\u0131n\u0131n maddi \u00e7\u0131karlar u\u011fruna nas\u0131l ayaklar alt\u0131na al\u0131nd\u0131\u011f\u0131n\u0131 g\u00f6steren bir &#8220;hukuk ve vicdan&#8221; meselesine ay\u0131rd\u0131m.<\/p>\n\n\n\n<p>Senaryo hep ayn\u0131d\u0131r asl\u0131nda: Ya\u015flanan, k\u0131s\u0131tlanan ya da bak\u0131ma muhta\u00e7 hale gelen bir baba&#8230; Ve o baban\u0131n b\u0131rakt\u0131\u011f\u0131 ya da b\u0131rakaca\u011f\u0131 mirasa g\u00f6z\u00fcn\u00fc dikip, karde\u015fini saf d\u0131\u015f\u0131 b\u0131rakmak i\u00e7in her yolu m\u00fcbah sayan g\u00f6z\u00fc d\u00f6nm\u00fc\u015f bir h\u0131rs.<\/p>\n\n\n\n<p>Ge\u00e7ti\u011fimiz g\u00fcnlerde \u00f6n\u00fcme d\u00fc\u015fen bir olay, bu h\u0131rs\u0131n ula\u015ft\u0131\u011f\u0131 son raddeyi g\u00f6zler \u00f6n\u00fcne seriyor. Bir k\u0131z karde\u015f, babas\u0131n\u0131n vasisi olma yetkisini arkas\u0131na alarak \u00f6z karde\u015fini ve onun e\u015fini karakola \u015fikayet ediyor. Su\u00e7lama a\u011f\u0131r, su\u00e7lama \u00e7irkin:\u00a0<strong>&#8220;Babama \u015fiddet uyguluyorlar!&#8221;<\/strong><\/p>\n\n\n\n<p>Plan profesyonelce haz\u0131rlanm\u0131\u015f. Muhtemelen bir avukat akl\u0131yla, T\u00fcrk Medeni Kanunu\u2019nun &#8220;miras\u00e7\u0131l\u0131ktan \u00e7\u0131karma&#8221; maddelerine s\u0131\u011f\u0131n\u0131larak kurgulanm\u0131\u015f bir oyun bu. Ama\u00e7 net; karde\u015fe ve geline bir ceza davas\u0131 a\u00e7t\u0131rmak, onlar\u0131 mahkum ettirmek ve yar\u0131n bir g\u00fcn miras masas\u0131 kuruldu\u011funda&nbsp;<em>&#8220;Bunlar babama \u015fiddet uygulad\u0131, mirastan hak alamazlar&#8221;<\/em>&nbsp;diyerek pay\u0131n \u00fczerine tek ba\u015f\u0131na konmak.<\/p>\n\n\n\n<p>Ancak evdeki hesap, her zaman adliyenin koridorlar\u0131na uymuyor. \u00c7\u00fcnk\u00fc bu kirli senaryoda unuttuklar\u0131, hesaba katmad\u0131klar\u0131 \u00e7ok g\u00fc\u00e7l\u00fc bir \u015fey vard\u0131:&nbsp;<strong>Baban\u0131n vicdan\u0131 ve adaletin \u00e7\u0131plak ger\u00e7e\u011fi.<\/strong><\/p>\n\n\n\n<p>O k\u0131s\u0131tl\u0131, ya\u015fl\u0131 baba, k\u0131z\u0131n\u0131n kurdu\u011fu bask\u0131 \u00e7emberini yararak karakola gidiyor. Kendisine uzat\u0131lan ifade tutana\u011f\u0131na, tarihe ge\u00e7ecek o netlikte bir cevap veriyor:&nbsp;<strong>&#8220;Evlatlar\u0131m bana \u015fiddet uygulamad\u0131, ben onlardan raz\u0131y\u0131m.&#8221;<\/strong><\/p>\n\n\n\n<p>\u0130\u015fte o an, m\u00fclk h\u0131rs\u0131yla g\u00f6z\u00fc d\u00f6nenlerin kurdu\u011fu o sinsi kule darmada\u011f\u0131n oluyor.<\/p>\n\n\n\n<p>K\u0131z karde\u015fin elinde ne bir darp raporu var, ne de iddialar\u0131n\u0131 destekleyen somut bir kan\u0131t. Ortada sadece &#8220;Kameran\u0131n fi\u015fini \u00e7ekerken g\u00f6rd\u00fcm&#8221; gibi, \u015fiddetin t\u0131rna\u011f\u0131 bile olamayacak soyut bahaneler ve e\u015fe y\u00f6nelik as\u0131ls\u0131z iftiralar var. Hukukun temel kaidesidir; iddia eden, iddias\u0131n\u0131 ispatla m\u00fckelleftir. \u0130spatlanamayan her a\u011f\u0131r itham, sahibinin boynuna dolanacak birer cezai sorumluluktan ibarettir.<\/p>\n\n\n\n<p>Nitekim \u00f6yle de oluyor. Bu \u00e7irkin oyunun hedefindeki o\u011ful, k\u00f6\u015fesine \u00e7ekilip haks\u0131zl\u0131\u011fa boyun e\u011fmiyor. Karakolda iftiras\u0131n\u0131 y\u00fcz\u00fcne \u00e7arpt\u0131\u011f\u0131 k\u0131z karde\u015finden&nbsp;<strong>resmen davac\u0131 oluyor.<\/strong><\/p>\n\n\n\n<p>\u015eimdi sormak gerek: De\u011fer miydi? \u00dc\u00e7 g\u00fcnl\u00fck d\u00fcnya mal\u0131 i\u00e7in, ayn\u0131 kandan geldi\u011fin karde\u015fine &#8220;babas\u0131n\u0131 d\u00f6v\u00fcyor&#8221; iftiras\u0131 atmaya, bir ailenin huzurunu kameralarla dikizleyip adliye kap\u0131lar\u0131na d\u00fc\u015f\u00fcrmeye de\u011fer miydi?<\/p>\n\n\n\n<p>Bu saatten sonra yarg\u0131 makamlar\u0131, baban\u0131n o asil ve koruyucu beyan\u0131n\u0131 esas alacakt\u0131r. O komplo kokan \u015fikayet dosyas\u0131 takipsizlikle kapan\u0131rken, as\u0131l soru\u015fturma iftira atan k\u0131z karde\u015fe a\u00e7\u0131lacakt\u0131r. Dahas\u0131, babas\u0131na bakmakla y\u00fck\u00fcml\u00fc olan vasinin, bu yetkiyi aile bireylerine tuzak kurmak i\u00e7in kulland\u0131\u011f\u0131 Sulh Hukuk Mahkemesi&#8217;nce tescillenecek ve o vesayet z\u0131rh\u0131 elinden al\u0131nacakt\u0131r.<\/p>\n\n\n\n<p>Bu olay hepimize bir kez daha g\u00f6steriyor ki\u00a0<strong>miras h\u0131rs\u0131yla yaz\u0131lan senaryolar, adaletin ve evlatl\u0131k ba\u011f\u0131n\u0131n d\u00fcr\u00fcstl\u00fc\u011f\u00fcne \u00e7arpt\u0131\u011f\u0131nda un ufak olmaya mahkumdur.<\/strong>\u00a0Hakl\u0131 olan\u0131n sustu\u011fu yerde haks\u0131zlar her zaman sesini y\u00fckseltir. Susturulmayan, hakk\u0131n\u0131 arayan ve babas\u0131n\u0131n duas\u0131n\u0131 alan o evlada ge\u00e7mi\u015f olsun diyor, adaletin tecelli edece\u011fi g\u00fcn\u00fc merakla bekliyoruz.<\/p>\n","protected":false},"excerpt":{"rendered":"<p>Miras H\u0131rs\u0131 ve Aile \u0130\u00e7i \u0130ftiralar Bug\u00fcn k\u00f6\u015femi, adliye koridorlar\u0131nda s\u0131kl\u0131kla rastlad\u0131\u011f\u0131m\u0131z ama duydu\u011fumuzda her seferinde i\u00e7imizi s\u0131zlatan, insanl\u0131\u011f\u0131n ve aile ba\u011flar\u0131n\u0131n maddi \u00e7\u0131karlar u\u011fruna nas\u0131l ayaklar alt\u0131na al\u0131nd\u0131\u011f\u0131n\u0131 g\u00f6steren bir &#8220;hukuk ve vicdan&#8221; meselesine ay\u0131rd\u0131m. Senaryo hep ayn\u0131d\u0131r asl\u0131nda: Ya\u015flanan, k\u0131s\u0131tlanan ya da bak\u0131ma muhta\u00e7 hale gelen bir baba&#8230; Ve o baban\u0131n b\u0131rakt\u0131\u011f\u0131 ya [&hellip;]<\/p>\n","protected":false},"author":14013,"featured_media":167144,"comment_status":"open","ping_status":"open","sticky":false,"template":"","format":"standard","meta":{"_yoast_wpseo_focuskw":"adliye","_yoast_wpseo_title":"","_yoast_wpseo_metadesc":"Bug\u00fcn k\u00f6\u015femi, adliye koridorlar\u0131nda s\u0131kl\u0131kla rastlad\u0131\u011f\u0131m\u0131z ama duydu\u011fumuzda i\u00e7imizi s\u0131zlatan bir \"hukuk ve vicdan\" meselesine ay\u0131rd\u0131m.","_bbp_topic_count":0,"_bbp_reply_count":0,"_bbp_total_topic_count":0,"_bbp_total_reply_count":0,"_bbp_voice_count":0,"_bbp_anonymous_reply_count":0,"_bbp_topic_count_hidden":0,"_bbp_reply_count_hidden":0,"_bbp_forum_subforum_count":0,"footnotes":"","_yoast_wpseo_focuskw_text_input":""},"categories":[11361],"tags":[],"yoast_head":"<!-- This site is optimized with the Yoast SEO plugin v23.0 - https:\/\/yoast.com\/wordpress\/plugins\/seo\/ -->\n<title>M\u00fclk\u00fcn G\u00f6z\u00fc K\u00f6r Vicdan\u0131n Kula\u011f\u0131 Sa\u011f\u0131r Olunca - The Epoch Times TR<\/title>\n<meta name=\"description\" content=\"Bug\u00fcn k\u00f6\u015femi, adliye koridorlar\u0131nda s\u0131kl\u0131kla rastlad\u0131\u011f\u0131m\u0131z ama duydu\u011fumuzda i\u00e7imizi s\u0131zlatan bir &quot;hukuk ve vicdan&quot; meselesine ay\u0131rd\u0131m.\" \/>\n<meta name=\"robots\" content=\"index, follow, max-snippet:-1, max-image-preview:large, max-video-preview:-1\" \/>\n<link rel=\"canonical\" href=\"https:\/\/epochtimestr.com\/index.php\/mulkun-gozu-kor-vicdanin-kulagi-sagir-olunca\" \/>\n<meta property=\"og:locale\" content=\"tr_TR\" \/>\n<meta property=\"og:type\" content=\"article\" \/>\n<meta property=\"og:title\" content=\"M\u00fclk\u00fcn G\u00f6z\u00fc K\u00f6r Vicdan\u0131n Kula\u011f\u0131 Sa\u011f\u0131r Olunca - The Epoch Times TR\" \/>\n<meta property=\"og:description\" content=\"Bug\u00fcn k\u00f6\u015femi, adliye koridorlar\u0131nda s\u0131kl\u0131kla rastlad\u0131\u011f\u0131m\u0131z ama duydu\u011fumuzda i\u00e7imizi s\u0131zlatan bir &quot;hukuk ve vicdan&quot; meselesine ay\u0131rd\u0131m.\" \/>\n<meta property=\"og:url\" content=\"https:\/\/epochtimestr.com\/index.php\/mulkun-gozu-kor-vicdanin-kulagi-sagir-olunca\" \/>\n<meta property=\"og:site_name\" content=\"The Epoch Times TR\" \/>\n<meta property=\"article:publisher\" content=\"https:\/\/www.facebook.com\/theepochtimestr\" \/>\n<meta property=\"article:published_time\" content=\"2026-07-04T04:00:00+00:00\" \/>\n<meta property=\"article:modified_time\" content=\"2026-07-03T19:06:45+00:00\" \/>\n<meta property=\"og:image\" content=\"https:\/\/epochtimestr.com\/wp-content\/uploads\/2011y\/ali-kekliktepe-SM.jpeg\" \/>\n\t<meta property=\"og:image:width\" content=\"1200\" \/>\n\t<meta property=\"og:image:height\" content=\"630\" \/>\n\t<meta property=\"og:image:type\" content=\"image\/jpeg\" \/>\n<meta name=\"author\" content=\"Ali Kekliktepe\" \/>\n<meta name=\"twitter:card\" content=\"summary_large_image\" \/>\n<meta name=\"twitter:creator\" content=\"@TheEpochTimesTR\" \/>\n<meta name=\"twitter:site\" content=\"@TheEpochTimesTR\" \/>\n<meta name=\"twitter:label1\" content=\"Yazan:\" \/>\n\t<meta name=\"twitter:data1\" content=\"Ali Kekliktepe\" \/>\n\t<meta name=\"twitter:label2\" content=\"Tahmini okuma s\u00fcresi\" \/>\n\t<meta name=\"twitter:data2\" content=\"3 dakika\" \/>\n<script type=\"application\/ld+json\" class=\"yoast-schema-graph\">{\"@context\":\"https:\/\/schema.org\",\"@graph\":[{\"@type\":\"Article\",\"@id\":\"https:\/\/epochtimestr.com\/index.php\/mulkun-gozu-kor-vicdanin-kulagi-sagir-olunca#article\",\"isPartOf\":{\"@id\":\"https:\/\/epochtimestr.com\/index.php\/mulkun-gozu-kor-vicdanin-kulagi-sagir-olunca\"},\"author\":{\"name\":\"Ali Kekliktepe\",\"@id\":\"https:\/\/epochtimestr.com\/#\/schema\/person\/da94a416fed1aed029d0a47e85673b95\"},\"headline\":\"M\u00fclk\u00fcn G\u00f6z\u00fc K\u00f6r Vicdan\u0131n Kula\u011f\u0131 Sa\u011f\u0131r Olunca\",\"datePublished\":\"2026-07-04T04:00:00+00:00\",\"dateModified\":\"2026-07-03T19:06:45+00:00\",\"mainEntityOfPage\":{\"@id\":\"https:\/\/epochtimestr.com\/index.php\/mulkun-gozu-kor-vicdanin-kulagi-sagir-olunca\"},\"wordCount\":632,\"commentCount\":0,\"publisher\":{\"@id\":\"https:\/\/epochtimestr.com\/#organization\"},\"image\":{\"@id\":\"https:\/\/epochtimestr.com\/index.php\/mulkun-gozu-kor-vicdanin-kulagi-sagir-olunca#primaryimage\"},\"thumbnailUrl\":\"https:\/\/epochtimestr.com\/wp-content\/uploads\/2011y\/Ali-Kekliktepe.jpg\",\"articleSection\":[\"K\u00f6\u015fe Yaz\u0131lar\u0131 Ali Kekliktepe\"],\"inLanguage\":\"tr\",\"potentialAction\":[{\"@type\":\"CommentAction\",\"name\":\"Comment\",\"target\":[\"https:\/\/epochtimestr.com\/index.php\/mulkun-gozu-kor-vicdanin-kulagi-sagir-olunca#respond\"]}]},{\"@type\":\"WebPage\",\"@id\":\"https:\/\/epochtimestr.com\/index.php\/mulkun-gozu-kor-vicdanin-kulagi-sagir-olunca\",\"url\":\"https:\/\/epochtimestr.com\/index.php\/mulkun-gozu-kor-vicdanin-kulagi-sagir-olunca\",\"name\":\"M\u00fclk\u00fcn G\u00f6z\u00fc K\u00f6r Vicdan\u0131n Kula\u011f\u0131 Sa\u011f\u0131r Olunca - The Epoch Times TR\",\"isPartOf\":{\"@id\":\"https:\/\/epochtimestr.com\/#website\"},\"primaryImageOfPage\":{\"@id\":\"https:\/\/epochtimestr.com\/index.php\/mulkun-gozu-kor-vicdanin-kulagi-sagir-olunca#primaryimage\"},\"image\":{\"@id\":\"https:\/\/epochtimestr.com\/index.php\/mulkun-gozu-kor-vicdanin-kulagi-sagir-olunca#primaryimage\"},\"thumbnailUrl\":\"https:\/\/epochtimestr.com\/wp-content\/uploads\/2011y\/Ali-Kekliktepe.jpg\",\"datePublished\":\"2026-07-04T04:00:00+00:00\",\"dateModified\":\"2026-07-03T19:06:45+00:00\",\"description\":\"Bug\u00fcn k\u00f6\u015femi, adliye koridorlar\u0131nda s\u0131kl\u0131kla rastlad\u0131\u011f\u0131m\u0131z ama duydu\u011fumuzda i\u00e7imizi s\u0131zlatan bir \\\"hukuk ve vicdan\\\" meselesine ay\u0131rd\u0131m.\",\"inLanguage\":\"tr\",\"potentialAction\":[{\"@type\":\"ReadAction\",\"target\":[\"https:\/\/epochtimestr.com\/index.php\/mulkun-gozu-kor-vicdanin-kulagi-sagir-olunca\"]}]},{\"@type\":\"ImageObject\",\"inLanguage\":\"tr\",\"@id\":\"https:\/\/epochtimestr.com\/index.php\/mulkun-gozu-kor-vicdanin-kulagi-sagir-olunca#primaryimage\",\"url\":\"https:\/\/epochtimestr.com\/wp-content\/uploads\/2011y\/Ali-Kekliktepe.jpg\",\"contentUrl\":\"https:\/\/epochtimestr.com\/wp-content\/uploads\/2011y\/Ali-Kekliktepe.jpg\",\"width\":600,\"height\":600},{\"@type\":\"WebSite\",\"@id\":\"https:\/\/epochtimestr.com\/#website\",\"url\":\"https:\/\/epochtimestr.com\/\",\"name\":\"The Epoch Times TR\",\"description\":\"De\u011fi\u015fen D\u00fcnyam\u0131za Taze Bir Bak\u0131\u015f\",\"publisher\":{\"@id\":\"https:\/\/epochtimestr.com\/#organization\"},\"potentialAction\":[{\"@type\":\"SearchAction\",\"target\":{\"@type\":\"EntryPoint\",\"urlTemplate\":\"https:\/\/epochtimestr.com\/?s={search_term_string}\"},\"query-input\":\"required name=search_term_string\"}],\"inLanguage\":\"tr\"},{\"@type\":\"Organization\",\"@id\":\"https:\/\/epochtimestr.com\/#organization\",\"name\":\"The EpochTimes T\u00fcrkiye\",\"url\":\"https:\/\/epochtimestr.com\/\",\"logo\":{\"@type\":\"ImageObject\",\"inLanguage\":\"tr\",\"@id\":\"https:\/\/epochtimestr.com\/#\/schema\/logo\/image\/\",\"url\":\"https:\/\/epochtimestr.com\/wp-content\/uploads\/2011y\/ET-Logo-YG.jpg\",\"contentUrl\":\"https:\/\/epochtimestr.com\/wp-content\/uploads\/2011y\/ET-Logo-YG.jpg\",\"width\":346,\"height\":29,\"caption\":\"The EpochTimes T\u00fcrkiye\"},\"image\":{\"@id\":\"https:\/\/epochtimestr.com\/#\/schema\/logo\/image\/\"},\"sameAs\":[\"https:\/\/www.facebook.com\/theepochtimestr\",\"https:\/\/x.com\/TheEpochTimesTR\",\"https:\/\/www.instagram.com\/epochtimestr\"]},{\"@type\":\"Person\",\"@id\":\"https:\/\/epochtimestr.com\/#\/schema\/person\/da94a416fed1aed029d0a47e85673b95\",\"name\":\"Ali Kekliktepe\",\"image\":{\"@type\":\"ImageObject\",\"inLanguage\":\"tr\",\"@id\":\"https:\/\/epochtimestr.com\/#\/schema\/person\/image\/\",\"url\":\"https:\/\/secure.gravatar.com\/avatar\/6c965c3fc374c8f4af759baef4f38bcd?s=96&d=mm&r=g\",\"contentUrl\":\"https:\/\/secure.gravatar.com\/avatar\/6c965c3fc374c8f4af759baef4f38bcd?s=96&d=mm&r=g\",\"caption\":\"Ali Kekliktepe\"},\"description\":\"Ben Ali Kekliktepe; hayat\u0131n\u0131 \u00f6\u011frenmeye, \u00f6\u011fretmeye ve toplumsal fayda yaratmaya adam\u0131\u015f bir yazar ve profesyonelim. Kalemi sadece ka\u011f\u0131da dokunan bir ara\u00e7 de\u011fil, toplumun aksayan y\u00f6nlerine \u015fifa olan bir enstr\u00fcman olarak g\u00f6r\u00fcyorum.\",\"sameAs\":[\"https:\/\/alikekliktepemersin33.blogspot.com\/\"],\"url\":\"https:\/\/epochtimestr.com\/index.php\/author\/ali\"}]}<\/script>\n<!-- \/ Yoast SEO plugin. -->","yoast_head_json":{"title":"M\u00fclk\u00fcn G\u00f6z\u00fc K\u00f6r Vicdan\u0131n Kula\u011f\u0131 Sa\u011f\u0131r Olunca - The Epoch Times TR","description":"Bug\u00fcn k\u00f6\u015femi, adliye koridorlar\u0131nda s\u0131kl\u0131kla rastlad\u0131\u011f\u0131m\u0131z ama duydu\u011fumuzda i\u00e7imizi s\u0131zlatan bir \"hukuk ve vicdan\" meselesine ay\u0131rd\u0131m.","robots":{"index":"index","follow":"follow","max-snippet":"max-snippet:-1","max-image-preview":"max-image-preview:large","max-video-preview":"max-video-preview:-1"},"canonical":"https:\/\/epochtimestr.com\/index.php\/mulkun-gozu-kor-vicdanin-kulagi-sagir-olunca","og_locale":"tr_TR","og_type":"article","og_title":"M\u00fclk\u00fcn G\u00f6z\u00fc K\u00f6r Vicdan\u0131n Kula\u011f\u0131 Sa\u011f\u0131r Olunca - The Epoch Times TR","og_description":"Bug\u00fcn k\u00f6\u015femi, adliye koridorlar\u0131nda s\u0131kl\u0131kla rastlad\u0131\u011f\u0131m\u0131z ama duydu\u011fumuzda i\u00e7imizi s\u0131zlatan bir \"hukuk ve vicdan\" meselesine ay\u0131rd\u0131m.","og_url":"https:\/\/epochtimestr.com\/index.php\/mulkun-gozu-kor-vicdanin-kulagi-sagir-olunca","og_site_name":"The Epoch Times TR","article_publisher":"https:\/\/www.facebook.com\/theepochtimestr","article_published_time":"2026-07-04T04:00:00+00:00","article_modified_time":"2026-07-03T19:06:45+00:00","og_image":[{"width":1200,"height":630,"url":"https:\/\/epochtimestr.com\/wp-content\/uploads\/2011y\/ali-kekliktepe-SM.jpeg","type":"image\/jpeg"}],"author":"Ali Kekliktepe","twitter_card":"summary_large_image","twitter_creator":"@TheEpochTimesTR","twitter_site":"@TheEpochTimesTR","twitter_misc":{"Yazan:":"Ali Kekliktepe","Tahmini okuma s\u00fcresi":"3 dakika"},"schema":{"@context":"https:\/\/schema.org","@graph":[{"@type":"Article","@id":"https:\/\/epochtimestr.com\/index.php\/mulkun-gozu-kor-vicdanin-kulagi-sagir-olunca#article","isPartOf":{"@id":"https:\/\/epochtimestr.com\/index.php\/mulkun-gozu-kor-vicdanin-kulagi-sagir-olunca"},"author":{"name":"Ali Kekliktepe","@id":"https:\/\/epochtimestr.com\/#\/schema\/person\/da94a416fed1aed029d0a47e85673b95"},"headline":"M\u00fclk\u00fcn G\u00f6z\u00fc K\u00f6r Vicdan\u0131n Kula\u011f\u0131 Sa\u011f\u0131r Olunca","datePublished":"2026-07-04T04:00:00+00:00","dateModified":"2026-07-03T19:06:45+00:00","mainEntityOfPage":{"@id":"https:\/\/epochtimestr.com\/index.php\/mulkun-gozu-kor-vicdanin-kulagi-sagir-olunca"},"wordCount":632,"commentCount":0,"publisher":{"@id":"https:\/\/epochtimestr.com\/#organization"},"image":{"@id":"https:\/\/epochtimestr.com\/index.php\/mulkun-gozu-kor-vicdanin-kulagi-sagir-olunca#primaryimage"},"thumbnailUrl":"https:\/\/epochtimestr.com\/wp-content\/uploads\/2011y\/Ali-Kekliktepe.jpg","articleSection":["K\u00f6\u015fe Yaz\u0131lar\u0131 Ali Kekliktepe"],"inLanguage":"tr","potentialAction":[{"@type":"CommentAction","name":"Comment","target":["https:\/\/epochtimestr.com\/index.php\/mulkun-gozu-kor-vicdanin-kulagi-sagir-olunca#respond"]}]},{"@type":"WebPage","@id":"https:\/\/epochtimestr.com\/index.php\/mulkun-gozu-kor-vicdanin-kulagi-sagir-olunca","url":"https:\/\/epochtimestr.com\/index.php\/mulkun-gozu-kor-vicdanin-kulagi-sagir-olunca","name":"M\u00fclk\u00fcn G\u00f6z\u00fc K\u00f6r Vicdan\u0131n Kula\u011f\u0131 Sa\u011f\u0131r Olunca - The Epoch Times TR","isPartOf":{"@id":"https:\/\/epochtimestr.com\/#website"},"primaryImageOfPage":{"@id":"https:\/\/epochtimestr.com\/index.php\/mulkun-gozu-kor-vicdanin-kulagi-sagir-olunca#primaryimage"},"image":{"@id":"https:\/\/epochtimestr.com\/index.php\/mulkun-gozu-kor-vicdanin-kulagi-sagir-olunca#primaryimage"},"thumbnailUrl":"https:\/\/epochtimestr.com\/wp-content\/uploads\/2011y\/Ali-Kekliktepe.jpg","datePublished":"2026-07-04T04:00:00+00:00","dateModified":"2026-07-03T19:06:45+00:00","description":"Bug\u00fcn k\u00f6\u015femi, adliye koridorlar\u0131nda s\u0131kl\u0131kla rastlad\u0131\u011f\u0131m\u0131z ama duydu\u011fumuzda i\u00e7imizi s\u0131zlatan bir \"hukuk ve vicdan\" meselesine ay\u0131rd\u0131m.","inLanguage":"tr","potentialAction":[{"@type":"ReadAction","target":["https:\/\/epochtimestr.com\/index.php\/mulkun-gozu-kor-vicdanin-kulagi-sagir-olunca"]}]},{"@type":"ImageObject","inLanguage":"tr","@id":"https:\/\/epochtimestr.com\/index.php\/mulkun-gozu-kor-vicdanin-kulagi-sagir-olunca#primaryimage","url":"https:\/\/epochtimestr.com\/wp-content\/uploads\/2011y\/Ali-Kekliktepe.jpg","contentUrl":"https:\/\/epochtimestr.com\/wp-content\/uploads\/2011y\/Ali-Kekliktepe.jpg","width":600,"height":600},{"@type":"WebSite","@id":"https:\/\/epochtimestr.com\/#website","url":"https:\/\/epochtimestr.com\/","name":"The Epoch Times TR","description":"De\u011fi\u015fen D\u00fcnyam\u0131za Taze Bir Bak\u0131\u015f","publisher":{"@id":"https:\/\/epochtimestr.com\/#organization"},"potentialAction":[{"@type":"SearchAction","target":{"@type":"EntryPoint","urlTemplate":"https:\/\/epochtimestr.com\/?s={search_term_string}"},"query-input":"required name=search_term_string"}],"inLanguage":"tr"},{"@type":"Organization","@id":"https:\/\/epochtimestr.com\/#organization","name":"The EpochTimes T\u00fcrkiye","url":"https:\/\/epochtimestr.com\/","logo":{"@type":"ImageObject","inLanguage":"tr","@id":"https:\/\/epochtimestr.com\/#\/schema\/logo\/image\/","url":"https:\/\/epochtimestr.com\/wp-content\/uploads\/2011y\/ET-Logo-YG.jpg","contentUrl":"https:\/\/epochtimestr.com\/wp-content\/uploads\/2011y\/ET-Logo-YG.jpg","width":346,"height":29,"caption":"The EpochTimes T\u00fcrkiye"},"image":{"@id":"https:\/\/epochtimestr.com\/#\/schema\/logo\/image\/"},"sameAs":["https:\/\/www.facebook.com\/theepochtimestr","https:\/\/x.com\/TheEpochTimesTR","https:\/\/www.instagram.com\/epochtimestr"]},{"@type":"Person","@id":"https:\/\/epochtimestr.com\/#\/schema\/person\/da94a416fed1aed029d0a47e85673b95","name":"Ali Kekliktepe","image":{"@type":"ImageObject","inLanguage":"tr","@id":"https:\/\/epochtimestr.com\/#\/schema\/person\/image\/","url":"https:\/\/secure.gravatar.com\/avatar\/6c965c3fc374c8f4af759baef4f38bcd?s=96&d=mm&r=g","contentUrl":"https:\/\/secure.gravatar.com\/avatar\/6c965c3fc374c8f4af759baef4f38bcd?s=96&d=mm&r=g","caption":"Ali Kekliktepe"},"description":"Ben Ali Kekliktepe; hayat\u0131n\u0131 \u00f6\u011frenmeye, \u00f6\u011fretmeye ve toplumsal fayda yaratmaya adam\u0131\u015f bir yazar ve profesyonelim. Kalemi sadece ka\u011f\u0131da dokunan bir ara\u00e7 de\u011fil, toplumun aksayan y\u00f6nlerine \u015fifa olan bir enstr\u00fcman olarak g\u00f6r\u00fcyorum.","sameAs":["https:\/\/alikekliktepemersin33.blogspot.com\/"],"url":"https:\/\/epochtimestr.com\/index.php\/author\/ali"}]}},"_links":{"self":[{"href":"https:\/\/epochtimestr.com\/index.php\/wp-json\/wp\/v2\/posts\/168272"}],"collection":[{"href":"https:\/\/epochtimestr.com\/index.php\/wp-json\/wp\/v2\/posts"}],"about":[{"href":"https:\/\/epochtimestr.com\/index.php\/wp-json\/wp\/v2\/types\/post"}],"author":[{"embeddable":true,"href":"https:\/\/epochtimestr.com\/index.php\/wp-json\/wp\/v2\/users\/14013"}],"replies":[{"embeddable":true,"href":"https:\/\/epochtimestr.com\/index.php\/wp-json\/wp\/v2\/comments?post=168272"}],"version-history":[{"count":1,"href":"https:\/\/epochtimestr.com\/index.php\/wp-json\/wp\/v2\/posts\/168272\/revisions"}],"predecessor-version":[{"id":168273,"href":"https:\/\/epochtimestr.com\/index.php\/wp-json\/wp\/v2\/posts\/168272\/revisions\/168273"}],"wp:featuredmedia":[{"embeddable":true,"href":"https:\/\/epochtimestr.com\/index.php\/wp-json\/wp\/v2\/media\/167144"}],"wp:attachment":[{"href":"https:\/\/epochtimestr.com\/index.php\/wp-json\/wp\/v2\/media?parent=168272"}],"wp:term":[{"taxonomy":"category","embeddable":true,"href":"https:\/\/epochtimestr.com\/index.php\/wp-json\/wp\/v2\/categories?post=168272"},{"taxonomy":"post_tag","embeddable":true,"href":"https:\/\/epochtimestr.com\/index.php\/wp-json\/wp\/v2\/tags?post=168272"}],"curies":[{"name":"wp","href":"https:\/\/api.w.org\/{rel}","templated":true}]}}