{"id":168274,"date":"2026-07-04T07:59:58","date_gmt":"2026-07-04T04:59:58","guid":{"rendered":"https:\/\/epochtimestr.com\/?p=168274"},"modified":"2026-07-04T08:00:02","modified_gmt":"2026-07-04T05:00:02","slug":"kilicdaroglu-tutuklanan-komedyen-deniz-goktas-ile-gorustu","status":"publish","type":"post","link":"https:\/\/epochtimestr.com\/index.php\/kilicdaroglu-tutuklanan-komedyen-deniz-goktas-ile-gorustu","title":{"rendered":"K\u0131l\u0131\u00e7daro\u011flu Tutuklanan Komedyen Deniz G\u00f6kta\u015f \u0130le G\u00f6r\u00fc\u015ft\u00fc"},"content":{"rendered":"<div class=\"wp-block-image\">\n<figure class=\"aligncenter size-full is-resized\"><img loading=\"lazy\" decoding=\"async\" width=\"1024\" height=\"683\" src=\"https:\/\/epochtimestr.com\/wp-content\/uploads\/2011y\/deniz-Goktas.jpg\" alt=\"Deniz G\u00f6kta\u015f (Foto\u011fraf: sosyal medyadan al\u0131nm\u0131\u015ft\u0131r.)\" class=\"wp-image-168275\" style=\"width:840px;height:auto\" srcset=\"https:\/\/epochtimestr.com\/wp-content\/uploads\/2011y\/deniz-Goktas.jpg 1024w, https:\/\/epochtimestr.com\/wp-content\/uploads\/2011y\/deniz-Goktas-300x200.jpg 300w, https:\/\/epochtimestr.com\/wp-content\/uploads\/2011y\/deniz-Goktas-150x100.jpg 150w, https:\/\/epochtimestr.com\/wp-content\/uploads\/2011y\/deniz-Goktas-768x512.jpg 768w\" sizes=\"(max-width: 1024px) 100vw, 1024px\" \/><figcaption class=\"wp-element-caption\">Deniz G\u00f6kta\u015f (Foto\u011fraf: sosyal medyadan al\u0131nm\u0131\u015ft\u0131r.)<\/figcaption><\/figure><\/div>\n\n\n<h2 class=\"wp-block-heading\"> Komedyen Deniz G\u00f6kta\u015f, &#8220;cumhurba\u015fkan\u0131na hakaret&#8221; ve &#8220;dini de\u011ferleri a\u015fa\u011f\u0131lama&#8221; su\u00e7lamalar\u0131yla tutukland\u0131.<\/h2>\n\n\n\n<p><a href=\"https:\/\/epochtimestr.com\/index.php\/istanbul-cumhuriyet-bassavciligindan-valilige-bilgilendirme\" target=\"_blank\" rel=\"noreferrer noopener\">\u0130stanbul Cumhuriyet Ba\u015fsavc\u0131l\u0131\u011f\u0131<\/a>&#8216;n\u0131n y\u00fcr\u00fctt\u00fc\u011f\u00fc soru\u015fturma kapsam\u0131nda hakim kar\u015f\u0131s\u0131na \u00e7\u0131kan komedyen <a href=\"https:\/\/epochtimestr.com\/index.php\/deniz-yucel-asil-kufe-emeklinin-emekcinin-iscinin-esnafin-sirtinda\" target=\"_blank\" rel=\"noreferrer noopener\">Deniz<\/a> G\u00f6kta\u015f, &#8220;cumhurba\u015fkan\u0131na hakaret&#8221; ve &#8220;dini de\u011ferleri a\u015fa\u011f\u0131lama&#8221; su\u00e7lamalar\u0131yla tutukland\u0131. G\u00f6kta\u015f, YouTube\u2019da \u2018\u00d6l\u00fc Deniz\u2019 adl\u0131 yeni g\u00f6sterisini yay\u0131nlad\u0131\u011f\u0131ndan bu yana videosu bir haftada 8,7 milyon izlendi.<br \/>G\u00f6kta\u015f, yurt d\u0131\u015f\u0131 seyahatinden T\u00fcrkiye\u2019ye d\u00f6nd\u00fckten sonra g\u00f6zalt\u0131na al\u0131nd\u0131. Bug\u00fcn hakim kar\u015f\u0131s\u0131na \u00e7\u0131kan G\u00f6kta\u015f, tutukland\u0131. CHP\u2019ye mutlak butlan olarak atanan <a href=\"https:\/\/epochtimestr.com\/index.php\/kemal-kilicdaroglundan-suriye-mesaji-dugmeyi-yanlis-iliklemeyin\">Kemal K\u0131l\u0131\u00e7daro\u011flu<\/a> da destek vermek i\u00e7in \u00c7a\u011flayan adliyesine geldi. K\u0131l\u0131\u00e7daro\u011flu\u2019nun adliyeye gelmesi \u00fczerine G\u00f6kta\u015f\u2019a destek vermek i\u00e7in toplanan kalabal\u0131k, K\u0131l\u0131\u00e7daro\u011flu ve ekibine &#8220;D\u0131\u015far\u0131&#8221; ve &#8220;Hain Kemal&#8221; sloganlar\u0131 atarak tepki g\u00f6sterdi.<\/p>\n\n\n\n<figure class=\"wp-block-embed is-type-rich is-provider-x wp-block-embed-x\"><div class=\"wp-block-embed__wrapper\">\n<blockquote class=\"twitter-tweet\" data-width=\"550\" data-dnt=\"true\"><p lang=\"tr\" dir=\"ltr\">Deniz G\u00f6kta\u015f\u2019\u0131n avukat\u0131 Metin Aslan ile konu\u015ftum. \u0130ki \u00f6zel bilgi payla\u015ft\u0131\u2026 <br>Bir: Deniz tutuklama sonras\u0131 avukatlar\u0131na \u201cne\u015femizi \u00e7alamayacaklar\u201d demi\u015f. <br>\u0130ki: Kendisiyle g\u00f6r\u00fc\u015fen K\u0131l\u0131\u00e7daro\u011flu\u2019na \u201cCHP\u2019yi sal\u0131n\u201d demi\u015f.<\/p>&mdash; Bar\u0131\u015f Pehlivan (@barispehlivan) <a href=\"https:\/\/x.com\/barispehlivan\/status\/2073019995185979684?ref_src=twsrc%5Etfw\">July 3, 2026<\/a><\/blockquote><script async src=\"https:\/\/platform.x.com\/widgets.js\" charset=\"utf-8\"><\/script>\n<\/div><\/figure>\n\n\n\n<p>Olay\u0131n ard\u0131ndan sosyal medya platformu X \u00fczerindeki hesab\u0131ndan payla\u015f\u0131m yapan gazeteci Bar\u0131\u015f Pehlivan, Deniz G\u00f6kta\u015f\u2019\u0131n avukat\u0131 Metin Aslan ile konu\u015ftu\u011funu aktard\u0131. Pehlivan\u2019\u0131n Avukat Metin Aslna&#8217;dan ald\u0131\u011f\u0131 bilgiye g\u00f6re G\u00f6kta\u015f, tutuklama karar\u0131n\u0131 \u00f6\u011frendi\u011finde ilk olarak \u201cNe\u015femizi \u00e7alamazlar\u201d dedi. G\u00f6kta\u015f\u2019\u0131n adliyede Kemal K\u0131l\u0131\u00e7daro\u011flu ile g\u00f6r\u00fc\u015ft\u00fc\u011f\u00fcn\u00fc ve kendisine, \u201cCHP\u2019yi sal\u0131n\u201d dedi\u011fini aktard\u0131.<\/p>\n\n\n\n<p>\u00d6te yandan K\u0131l\u0131\u00e7daro\u011flu&#8217;nun bas\u0131n dan\u0131\u015fman\u0131 Atakan S\u00f6nmez ise &#8220;G\u00f6r\u00fc\u015fme esnas\u0131nda b\u00f6yle bir c\u00fcmle kurulmam\u0131\u015ft\u0131r. Genel ba\u015fkan\u0131m\u0131z Say\u0131n Kemal K\u0131l\u0131\u00e7daro\u011flu, Deniz G\u00f6kta\u015f\u2019la g\u00f6r\u00fc\u015ferek destek verdi&#8221; dedi.<br \/>BirG\u00fcn\u2019\u00fcn haberine g\u00f6re kalabal\u0131k, \u201cD\u0131\u015far\u0131, d\u0131\u015far\u0131\u201d sloganlar\u0131 da att\u0131. Protestocular\u0131n aras\u0131nda iki ki\u015finin de, K\u0131l\u0131\u00e7daro\u011flu\u2019nun ekibine \u201cSat\u0131lm\u0131\u015f butlanc\u0131lar\u201d, \u201cSiz halk\u0131n iradesini gasp ettiniz, gasp\u00e7\u0131larla el ele verdiniz\u201d dedi\u011fi duyuldu.<\/p>\n\n\n\n<figure class=\"wp-block-embed is-type-rich is-provider-x wp-block-embed-x\"><div class=\"wp-block-embed__wrapper\">\n<blockquote class=\"twitter-tweet\" data-width=\"550\" data-dnt=\"true\"><p lang=\"tr\" dir=\"ltr\">CHP\u2019nin butlanc\u0131 \u0130stanbul il y\u00f6netimi, Deniz G\u00f6kta\u015f i\u00e7in adliyeye gelen yurtta\u015flar taraf\u0131ndan protesto edildi<br><br>Yurtta\u015flar, K\u0131l\u0131\u00e7daro\u011flu ekibine &#39;D\u0131\u015far\u0131&#39; diye ba\u011f\u0131rd\u0131<a href=\"https:\/\/t.co\/mocTZesad7\">https:\/\/t.co\/mocTZesad7<\/a> <a href=\"https:\/\/t.co\/HNfryZ0Emy\">pic.twitter.com\/HNfryZ0Emy<\/a><\/p>&mdash; BirG\u00fcn Gazetesi (@BirGun_Gazetesi) <a href=\"https:\/\/x.com\/BirGun_Gazetesi\/status\/2072956121703125253?ref_src=twsrc%5Etfw\">July 3, 2026<\/a><\/blockquote><script async src=\"https:\/\/platform.x.com\/widgets.js\" charset=\"utf-8\"><\/script>\n<\/div><\/figure>\n","protected":false},"excerpt":{"rendered":"<p>Komedyen Deniz G\u00f6kta\u015f, &#8220;cumhurba\u015fkan\u0131na hakaret&#8221; ve &#8220;dini de\u011ferleri a\u015fa\u011f\u0131lama&#8221; su\u00e7lamalar\u0131yla tutukland\u0131. \u0130stanbul Cumhuriyet Ba\u015fsavc\u0131l\u0131\u011f\u0131&#8216;n\u0131n y\u00fcr\u00fctt\u00fc\u011f\u00fc soru\u015fturma kapsam\u0131nda hakim kar\u015f\u0131s\u0131na \u00e7\u0131kan komedyen Deniz G\u00f6kta\u015f, &#8220;cumhurba\u015fkan\u0131na hakaret&#8221; ve &#8220;dini de\u011ferleri a\u015fa\u011f\u0131lama&#8221; su\u00e7lamalar\u0131yla tutukland\u0131. G\u00f6kta\u015f, YouTube\u2019da \u2018\u00d6l\u00fc Deniz\u2019 adl\u0131 yeni g\u00f6sterisini yay\u0131nlad\u0131\u011f\u0131ndan bu yana videosu bir haftada 8,7 milyon izlendi.G\u00f6kta\u015f, yurt d\u0131\u015f\u0131 seyahatinden T\u00fcrkiye\u2019ye d\u00f6nd\u00fckten sonra g\u00f6zalt\u0131na al\u0131nd\u0131. [&hellip;]<\/p>\n","protected":false},"author":12791,"featured_media":168275,"comment_status":"open","ping_status":"open","sticky":false,"template":"","format":"standard","meta":{"_yoast_wpseo_focuskw":"deniz g\u00f6kta\u015f","_yoast_wpseo_title":"","_yoast_wpseo_metadesc":"Hakim kar\u015f\u0131s\u0131na \u00e7\u0131kan komedyen Deniz G\u00f6kta\u015f, \"cumhurba\u015fkan\u0131na hakaret\" ve \"dini de\u011ferleri a\u015fa\u011f\u0131lama\" su\u00e7lamalar\u0131yla tutukland\u0131.","_bbp_topic_count":0,"_bbp_reply_count":0,"_bbp_total_topic_count":0,"_bbp_total_reply_count":0,"_bbp_voice_count":0,"_bbp_anonymous_reply_count":0,"_bbp_topic_count_hidden":0,"_bbp_reply_count_hidden":0,"_bbp_forum_subforum_count":0,"footnotes":"","_yoast_wpseo_focuskw_text_input":""},"categories":[1,8138,8226,37],"tags":[11630,11631,1932,8717],"yoast_head":"<!-- This site is optimized with the Yoast SEO plugin v23.0 - https:\/\/yoast.com\/wordpress\/plugins\/seo\/ -->\n<title>K\u0131l\u0131\u00e7daro\u011flu Tutuklanan Komedyen Deniz G\u00f6kta\u015f \u0130le G\u00f6r\u00fc\u015ft\u00fc - The Epoch Times TR<\/title>\n<meta name=\"description\" content=\"Hakim kar\u015f\u0131s\u0131na \u00e7\u0131kan komedyen Deniz G\u00f6kta\u015f, &quot;cumhurba\u015fkan\u0131na hakaret&quot; ve &quot;dini de\u011ferleri a\u015fa\u011f\u0131lama&quot; su\u00e7lamalar\u0131yla tutukland\u0131.\" \/>\n<meta name=\"robots\" content=\"index, follow, max-snippet:-1, max-image-preview:large, max-video-preview:-1\" \/>\n<link rel=\"canonical\" href=\"https:\/\/epochtimestr.com\/index.php\/kilicdaroglu-tutuklanan-komedyen-deniz-goktas-ile-gorustu\" \/>\n<meta property=\"og:locale\" content=\"tr_TR\" \/>\n<meta property=\"og:type\" content=\"article\" \/>\n<meta property=\"og:title\" content=\"K\u0131l\u0131\u00e7daro\u011flu Tutuklanan Komedyen Deniz G\u00f6kta\u015f \u0130le G\u00f6r\u00fc\u015ft\u00fc - The Epoch Times TR\" \/>\n<meta property=\"og:description\" content=\"Hakim kar\u015f\u0131s\u0131na \u00e7\u0131kan komedyen Deniz G\u00f6kta\u015f, &quot;cumhurba\u015fkan\u0131na hakaret&quot; ve &quot;dini de\u011ferleri a\u015fa\u011f\u0131lama&quot; su\u00e7lamalar\u0131yla tutukland\u0131.\" \/>\n<meta property=\"og:url\" content=\"https:\/\/epochtimestr.com\/index.php\/kilicdaroglu-tutuklanan-komedyen-deniz-goktas-ile-gorustu\" \/>\n<meta property=\"og:site_name\" content=\"The Epoch Times TR\" \/>\n<meta property=\"article:publisher\" content=\"https:\/\/www.facebook.com\/theepochtimestr\" \/>\n<meta property=\"article:published_time\" content=\"2026-07-04T04:59:58+00:00\" \/>\n<meta property=\"article:modified_time\" content=\"2026-07-04T05:00:02+00:00\" \/>\n<meta property=\"og:image\" content=\"https:\/\/epochtimestr.com\/wp-content\/uploads\/2011y\/deniz-Goktas.jpg\" \/>\n\t<meta property=\"og:image:width\" content=\"1024\" \/>\n\t<meta property=\"og:image:height\" content=\"683\" \/>\n\t<meta property=\"og:image:type\" content=\"image\/jpeg\" \/>\n<meta name=\"author\" content=\"Haber Merkezi\" \/>\n<meta name=\"twitter:card\" content=\"summary_large_image\" \/>\n<meta name=\"twitter:creator\" content=\"@TheEpochTimesTR\" \/>\n<meta name=\"twitter:site\" content=\"@TheEpochTimesTR\" \/>\n<meta name=\"twitter:label1\" content=\"Yazan:\" \/>\n\t<meta name=\"twitter:data1\" content=\"Haber Merkezi\" \/>\n\t<meta name=\"twitter:label2\" content=\"Tahmini okuma s\u00fcresi\" \/>\n\t<meta name=\"twitter:data2\" content=\"2 dakika\" \/>\n<script type=\"application\/ld+json\" class=\"yoast-schema-graph\">{\"@context\":\"https:\/\/schema.org\",\"@graph\":[{\"@type\":\"Article\",\"@id\":\"https:\/\/epochtimestr.com\/index.php\/kilicdaroglu-tutuklanan-komedyen-deniz-goktas-ile-gorustu#article\",\"isPartOf\":{\"@id\":\"https:\/\/epochtimestr.com\/index.php\/kilicdaroglu-tutuklanan-komedyen-deniz-goktas-ile-gorustu\"},\"author\":{\"name\":\"Haber Merkezi\",\"@id\":\"https:\/\/epochtimestr.com\/#\/schema\/person\/3dc5c3adeb9f43923c5aa85889172fdd\"},\"headline\":\"K\u0131l\u0131\u00e7daro\u011flu Tutuklanan Komedyen Deniz G\u00f6kta\u015f \u0130le G\u00f6r\u00fc\u015ft\u00fc\",\"datePublished\":\"2026-07-04T04:59:58+00:00\",\"dateModified\":\"2026-07-04T05:00:02+00:00\",\"mainEntityOfPage\":{\"@id\":\"https:\/\/epochtimestr.com\/index.php\/kilicdaroglu-tutuklanan-komedyen-deniz-goktas-ile-gorustu\"},\"wordCount\":363,\"commentCount\":0,\"publisher\":{\"@id\":\"https:\/\/epochtimestr.com\/#organization\"},\"image\":{\"@id\":\"https:\/\/epochtimestr.com\/index.php\/kilicdaroglu-tutuklanan-komedyen-deniz-goktas-ile-gorustu#primaryimage\"},\"thumbnailUrl\":\"https:\/\/epochtimestr.com\/wp-content\/uploads\/2011y\/deniz-Goktas.jpg\",\"keywords\":[\"deniz g\u00f6kta\u015f\",\"\u0130stanbul Cumhuriyet Ba\u015fsavc\u0131l\u0131\u011f\u0131\",\"k\u0131l\u0131\u00e7daro\u011flu\",\"Tutuklu\"],\"articleSection\":[\"G\u00dcNDEM\",\"MAN\u015eET\",\"Siyaset\",\"T\u00dcRK\u0130YE\"],\"inLanguage\":\"tr\",\"potentialAction\":[{\"@type\":\"CommentAction\",\"name\":\"Comment\",\"target\":[\"https:\/\/epochtimestr.com\/index.php\/kilicdaroglu-tutuklanan-komedyen-deniz-goktas-ile-gorustu#respond\"]}]},{\"@type\":\"WebPage\",\"@id\":\"https:\/\/epochtimestr.com\/index.php\/kilicdaroglu-tutuklanan-komedyen-deniz-goktas-ile-gorustu\",\"url\":\"https:\/\/epochtimestr.com\/index.php\/kilicdaroglu-tutuklanan-komedyen-deniz-goktas-ile-gorustu\",\"name\":\"K\u0131l\u0131\u00e7daro\u011flu Tutuklanan Komedyen Deniz G\u00f6kta\u015f \u0130le G\u00f6r\u00fc\u015ft\u00fc - The Epoch Times TR\",\"isPartOf\":{\"@id\":\"https:\/\/epochtimestr.com\/#website\"},\"primaryImageOfPage\":{\"@id\":\"https:\/\/epochtimestr.com\/index.php\/kilicdaroglu-tutuklanan-komedyen-deniz-goktas-ile-gorustu#primaryimage\"},\"image\":{\"@id\":\"https:\/\/epochtimestr.com\/index.php\/kilicdaroglu-tutuklanan-komedyen-deniz-goktas-ile-gorustu#primaryimage\"},\"thumbnailUrl\":\"https:\/\/epochtimestr.com\/wp-content\/uploads\/2011y\/deniz-Goktas.jpg\",\"datePublished\":\"2026-07-04T04:59:58+00:00\",\"dateModified\":\"2026-07-04T05:00:02+00:00\",\"description\":\"Hakim kar\u015f\u0131s\u0131na \u00e7\u0131kan komedyen Deniz G\u00f6kta\u015f, \\\"cumhurba\u015fkan\u0131na hakaret\\\" ve \\\"dini de\u011ferleri a\u015fa\u011f\u0131lama\\\" su\u00e7lamalar\u0131yla tutukland\u0131.\",\"inLanguage\":\"tr\",\"potentialAction\":[{\"@type\":\"ReadAction\",\"target\":[\"https:\/\/epochtimestr.com\/index.php\/kilicdaroglu-tutuklanan-komedyen-deniz-goktas-ile-gorustu\"]}]},{\"@type\":\"ImageObject\",\"inLanguage\":\"tr\",\"@id\":\"https:\/\/epochtimestr.com\/index.php\/kilicdaroglu-tutuklanan-komedyen-deniz-goktas-ile-gorustu#primaryimage\",\"url\":\"https:\/\/epochtimestr.com\/wp-content\/uploads\/2011y\/deniz-Goktas.jpg\",\"contentUrl\":\"https:\/\/epochtimestr.com\/wp-content\/uploads\/2011y\/deniz-Goktas.jpg\",\"width\":1024,\"height\":683},{\"@type\":\"WebSite\",\"@id\":\"https:\/\/epochtimestr.com\/#website\",\"url\":\"https:\/\/epochtimestr.com\/\",\"name\":\"The Epoch Times TR\",\"description\":\"De\u011fi\u015fen D\u00fcnyam\u0131za Taze Bir Bak\u0131\u015f\",\"publisher\":{\"@id\":\"https:\/\/epochtimestr.com\/#organization\"},\"potentialAction\":[{\"@type\":\"SearchAction\",\"target\":{\"@type\":\"EntryPoint\",\"urlTemplate\":\"https:\/\/epochtimestr.com\/?s={search_term_string}\"},\"query-input\":\"required name=search_term_string\"}],\"inLanguage\":\"tr\"},{\"@type\":\"Organization\",\"@id\":\"https:\/\/epochtimestr.com\/#organization\",\"name\":\"The EpochTimes T\u00fcrkiye\",\"url\":\"https:\/\/epochtimestr.com\/\",\"logo\":{\"@type\":\"ImageObject\",\"inLanguage\":\"tr\",\"@id\":\"https:\/\/epochtimestr.com\/#\/schema\/logo\/image\/\",\"url\":\"https:\/\/epochtimestr.com\/wp-content\/uploads\/2011y\/ET-Logo-YG.jpg\",\"contentUrl\":\"https:\/\/epochtimestr.com\/wp-content\/uploads\/2011y\/ET-Logo-YG.jpg\",\"width\":346,\"height\":29,\"caption\":\"The EpochTimes T\u00fcrkiye\"},\"image\":{\"@id\":\"https:\/\/epochtimestr.com\/#\/schema\/logo\/image\/\"},\"sameAs\":[\"https:\/\/www.facebook.com\/theepochtimestr\",\"https:\/\/x.com\/TheEpochTimesTR\",\"https:\/\/www.instagram.com\/epochtimestr\"]},{\"@type\":\"Person\",\"@id\":\"https:\/\/epochtimestr.com\/#\/schema\/person\/3dc5c3adeb9f43923c5aa85889172fdd\",\"name\":\"Haber Merkezi\",\"image\":{\"@type\":\"ImageObject\",\"inLanguage\":\"tr\",\"@id\":\"https:\/\/epochtimestr.com\/#\/schema\/person\/image\/\",\"url\":\"https:\/\/secure.gravatar.com\/avatar\/d73f772ba5a74f28601361e17c2f93e6?s=96&d=mm&r=g\",\"contentUrl\":\"https:\/\/secure.gravatar.com\/avatar\/d73f772ba5a74f28601361e17c2f93e6?s=96&d=mm&r=g\",\"caption\":\"Haber Merkezi\"},\"url\":\"https:\/\/epochtimestr.com\/index.php\/author\/sendag\"}]}<\/script>\n<!-- \/ Yoast SEO plugin. -->","yoast_head_json":{"title":"K\u0131l\u0131\u00e7daro\u011flu Tutuklanan Komedyen Deniz G\u00f6kta\u015f \u0130le G\u00f6r\u00fc\u015ft\u00fc - The Epoch Times TR","description":"Hakim kar\u015f\u0131s\u0131na \u00e7\u0131kan komedyen Deniz G\u00f6kta\u015f, \"cumhurba\u015fkan\u0131na hakaret\" ve \"dini de\u011ferleri a\u015fa\u011f\u0131lama\" su\u00e7lamalar\u0131yla tutukland\u0131.","robots":{"index":"index","follow":"follow","max-snippet":"max-snippet:-1","max-image-preview":"max-image-preview:large","max-video-preview":"max-video-preview:-1"},"canonical":"https:\/\/epochtimestr.com\/index.php\/kilicdaroglu-tutuklanan-komedyen-deniz-goktas-ile-gorustu","og_locale":"tr_TR","og_type":"article","og_title":"K\u0131l\u0131\u00e7daro\u011flu Tutuklanan Komedyen Deniz G\u00f6kta\u015f \u0130le G\u00f6r\u00fc\u015ft\u00fc - The Epoch Times TR","og_description":"Hakim kar\u015f\u0131s\u0131na \u00e7\u0131kan komedyen Deniz G\u00f6kta\u015f, \"cumhurba\u015fkan\u0131na hakaret\" ve \"dini de\u011ferleri a\u015fa\u011f\u0131lama\" su\u00e7lamalar\u0131yla tutukland\u0131.","og_url":"https:\/\/epochtimestr.com\/index.php\/kilicdaroglu-tutuklanan-komedyen-deniz-goktas-ile-gorustu","og_site_name":"The Epoch Times TR","article_publisher":"https:\/\/www.facebook.com\/theepochtimestr","article_published_time":"2026-07-04T04:59:58+00:00","article_modified_time":"2026-07-04T05:00:02+00:00","og_image":[{"width":1024,"height":683,"url":"https:\/\/epochtimestr.com\/wp-content\/uploads\/2011y\/deniz-Goktas.jpg","type":"image\/jpeg"}],"author":"Haber Merkezi","twitter_card":"summary_large_image","twitter_creator":"@TheEpochTimesTR","twitter_site":"@TheEpochTimesTR","twitter_misc":{"Yazan:":"Haber Merkezi","Tahmini okuma s\u00fcresi":"2 dakika"},"schema":{"@context":"https:\/\/schema.org","@graph":[{"@type":"Article","@id":"https:\/\/epochtimestr.com\/index.php\/kilicdaroglu-tutuklanan-komedyen-deniz-goktas-ile-gorustu#article","isPartOf":{"@id":"https:\/\/epochtimestr.com\/index.php\/kilicdaroglu-tutuklanan-komedyen-deniz-goktas-ile-gorustu"},"author":{"name":"Haber Merkezi","@id":"https:\/\/epochtimestr.com\/#\/schema\/person\/3dc5c3adeb9f43923c5aa85889172fdd"},"headline":"K\u0131l\u0131\u00e7daro\u011flu Tutuklanan Komedyen Deniz G\u00f6kta\u015f \u0130le G\u00f6r\u00fc\u015ft\u00fc","datePublished":"2026-07-04T04:59:58+00:00","dateModified":"2026-07-04T05:00:02+00:00","mainEntityOfPage":{"@id":"https:\/\/epochtimestr.com\/index.php\/kilicdaroglu-tutuklanan-komedyen-deniz-goktas-ile-gorustu"},"wordCount":363,"commentCount":0,"publisher":{"@id":"https:\/\/epochtimestr.com\/#organization"},"image":{"@id":"https:\/\/epochtimestr.com\/index.php\/kilicdaroglu-tutuklanan-komedyen-deniz-goktas-ile-gorustu#primaryimage"},"thumbnailUrl":"https:\/\/epochtimestr.com\/wp-content\/uploads\/2011y\/deniz-Goktas.jpg","keywords":["deniz g\u00f6kta\u015f","\u0130stanbul Cumhuriyet Ba\u015fsavc\u0131l\u0131\u011f\u0131","k\u0131l\u0131\u00e7daro\u011flu","Tutuklu"],"articleSection":["G\u00dcNDEM","MAN\u015eET","Siyaset","T\u00dcRK\u0130YE"],"inLanguage":"tr","potentialAction":[{"@type":"CommentAction","name":"Comment","target":["https:\/\/epochtimestr.com\/index.php\/kilicdaroglu-tutuklanan-komedyen-deniz-goktas-ile-gorustu#respond"]}]},{"@type":"WebPage","@id":"https:\/\/epochtimestr.com\/index.php\/kilicdaroglu-tutuklanan-komedyen-deniz-goktas-ile-gorustu","url":"https:\/\/epochtimestr.com\/index.php\/kilicdaroglu-tutuklanan-komedyen-deniz-goktas-ile-gorustu","name":"K\u0131l\u0131\u00e7daro\u011flu Tutuklanan Komedyen Deniz G\u00f6kta\u015f \u0130le G\u00f6r\u00fc\u015ft\u00fc - The Epoch Times TR","isPartOf":{"@id":"https:\/\/epochtimestr.com\/#website"},"primaryImageOfPage":{"@id":"https:\/\/epochtimestr.com\/index.php\/kilicdaroglu-tutuklanan-komedyen-deniz-goktas-ile-gorustu#primaryimage"},"image":{"@id":"https:\/\/epochtimestr.com\/index.php\/kilicdaroglu-tutuklanan-komedyen-deniz-goktas-ile-gorustu#primaryimage"},"thumbnailUrl":"https:\/\/epochtimestr.com\/wp-content\/uploads\/2011y\/deniz-Goktas.jpg","datePublished":"2026-07-04T04:59:58+00:00","dateModified":"2026-07-04T05:00:02+00:00","description":"Hakim kar\u015f\u0131s\u0131na \u00e7\u0131kan komedyen Deniz G\u00f6kta\u015f, \"cumhurba\u015fkan\u0131na hakaret\" ve \"dini de\u011ferleri a\u015fa\u011f\u0131lama\" su\u00e7lamalar\u0131yla tutukland\u0131.","inLanguage":"tr","potentialAction":[{"@type":"ReadAction","target":["https:\/\/epochtimestr.com\/index.php\/kilicdaroglu-tutuklanan-komedyen-deniz-goktas-ile-gorustu"]}]},{"@type":"ImageObject","inLanguage":"tr","@id":"https:\/\/epochtimestr.com\/index.php\/kilicdaroglu-tutuklanan-komedyen-deniz-goktas-ile-gorustu#primaryimage","url":"https:\/\/epochtimestr.com\/wp-content\/uploads\/2011y\/deniz-Goktas.jpg","contentUrl":"https:\/\/epochtimestr.com\/wp-content\/uploads\/2011y\/deniz-Goktas.jpg","width":1024,"height":683},{"@type":"WebSite","@id":"https:\/\/epochtimestr.com\/#website","url":"https:\/\/epochtimestr.com\/","name":"The Epoch Times TR","description":"De\u011fi\u015fen D\u00fcnyam\u0131za Taze Bir Bak\u0131\u015f","publisher":{"@id":"https:\/\/epochtimestr.com\/#organization"},"potentialAction":[{"@type":"SearchAction","target":{"@type":"EntryPoint","urlTemplate":"https:\/\/epochtimestr.com\/?s={search_term_string}"},"query-input":"required name=search_term_string"}],"inLanguage":"tr"},{"@type":"Organization","@id":"https:\/\/epochtimestr.com\/#organization","name":"The EpochTimes T\u00fcrkiye","url":"https:\/\/epochtimestr.com\/","logo":{"@type":"ImageObject","inLanguage":"tr","@id":"https:\/\/epochtimestr.com\/#\/schema\/logo\/image\/","url":"https:\/\/epochtimestr.com\/wp-content\/uploads\/2011y\/ET-Logo-YG.jpg","contentUrl":"https:\/\/epochtimestr.com\/wp-content\/uploads\/2011y\/ET-Logo-YG.jpg","width":346,"height":29,"caption":"The EpochTimes T\u00fcrkiye"},"image":{"@id":"https:\/\/epochtimestr.com\/#\/schema\/logo\/image\/"},"sameAs":["https:\/\/www.facebook.com\/theepochtimestr","https:\/\/x.com\/TheEpochTimesTR","https:\/\/www.instagram.com\/epochtimestr"]},{"@type":"Person","@id":"https:\/\/epochtimestr.com\/#\/schema\/person\/3dc5c3adeb9f43923c5aa85889172fdd","name":"Haber Merkezi","image":{"@type":"ImageObject","inLanguage":"tr","@id":"https:\/\/epochtimestr.com\/#\/schema\/person\/image\/","url":"https:\/\/secure.gravatar.com\/avatar\/d73f772ba5a74f28601361e17c2f93e6?s=96&d=mm&r=g","contentUrl":"https:\/\/secure.gravatar.com\/avatar\/d73f772ba5a74f28601361e17c2f93e6?s=96&d=mm&r=g","caption":"Haber Merkezi"},"url":"https:\/\/epochtimestr.com\/index.php\/author\/sendag"}]}},"_links":{"self":[{"href":"https:\/\/epochtimestr.com\/index.php\/wp-json\/wp\/v2\/posts\/168274"}],"collection":[{"href":"https:\/\/epochtimestr.com\/index.php\/wp-json\/wp\/v2\/posts"}],"about":[{"href":"https:\/\/epochtimestr.com\/index.php\/wp-json\/wp\/v2\/types\/post"}],"author":[{"embeddable":true,"href":"https:\/\/epochtimestr.com\/index.php\/wp-json\/wp\/v2\/users\/12791"}],"replies":[{"embeddable":true,"href":"https:\/\/epochtimestr.com\/index.php\/wp-json\/wp\/v2\/comments?post=168274"}],"version-history":[{"count":2,"href":"https:\/\/epochtimestr.com\/index.php\/wp-json\/wp\/v2\/posts\/168274\/revisions"}],"predecessor-version":[{"id":168288,"href":"https:\/\/epochtimestr.com\/index.php\/wp-json\/wp\/v2\/posts\/168274\/revisions\/168288"}],"wp:featuredmedia":[{"embeddable":true,"href":"https:\/\/epochtimestr.com\/index.php\/wp-json\/wp\/v2\/media\/168275"}],"wp:attachment":[{"href":"https:\/\/epochtimestr.com\/index.php\/wp-json\/wp\/v2\/media?parent=168274"}],"wp:term":[{"taxonomy":"category","embeddable":true,"href":"https:\/\/epochtimestr.com\/index.php\/wp-json\/wp\/v2\/categories?post=168274"},{"taxonomy":"post_tag","embeddable":true,"href":"https:\/\/epochtimestr.com\/index.php\/wp-json\/wp\/v2\/tags?post=168274"}],"curies":[{"name":"wp","href":"https:\/\/api.w.org\/{rel}","templated":true}]}}