{"id":168276,"date":"2026-07-04T08:00:00","date_gmt":"2026-07-04T05:00:00","guid":{"rendered":"https:\/\/epochtimestr.com\/?p=168276"},"modified":"2026-07-03T22:40:21","modified_gmt":"2026-07-03T19:40:21","slug":"kirsehirliler-mersinde","status":"publish","type":"post","link":"https:\/\/epochtimestr.com\/index.php\/kirsehirliler-mersinde","title":{"rendered":"K\u0131r\u015fehirliler Mersin\u2019de"},"content":{"rendered":"\n<p><em>Bu yaz\u0131 ilk olarak 15 Kas\u0131m 2017 tarihinde inovatifhaber.com\u2019da yay\u0131mlanm\u0131\u015ft\u0131r.<\/em><\/p>\n\n\n\n<p class=\"has-text-align-right\">\u201cPlakam\u0131z 33 &#8211; Tak\u0131m\u0131m\u0131z M\u0130Y \u2013 K\u0131r\u015fehirliyiz, sevdam\u0131z Mersin\u201d <br \/>Dernek Slogan\u0131<\/p>\n\n\n\n<p>Hem\u015fehri derneklerine kimi yurtta\u015flar olumlu yakla\u015fmaz. Hem\u015fehri derneklerinin, g\u00f6\u00e7 edilen \u015fehre entegrasyonu g\u00fc\u00e7le\u015ftirdi\u011fi d\u00fc\u015f\u00fcn\u00fcl\u00fcr. Mersin yo\u011fun g\u00f6\u00e7 alm\u0131\u015f bir \u015fehirdir. \u00d6yle ki Mersin\u2019de Mersinliler Derne\u011fi\u2019nin bulunmas\u0131 zaman zaman yad\u0131rgan\u0131r. Bu bir anlamda, \u00f6zellikle merkezde, \u201cMersinlilerin az\u0131nl\u0131\u011fa d\u00fc\u015fme endi\u015fesinin d\u0131\u015fa vurumu\u201d diye de alg\u0131lan\u0131r.<\/p>\n\n\n\n<p>Oysa bug\u00fcn konu\u011fu oldu\u011fumuz K\u0131r\u015fehirliler K\u00fclt\u00fcr ve Dayan\u0131\u015fma Derne\u011fi Ba\u015fkan\u0131 Cihan Azg\u0131n, farkl\u0131 d\u00fc\u015f\u00fcn\u00fcyor. \u201cBiz kendimizi ne kadar K\u0131r\u015fehirli hissediyorsak, bir o kadar da Mersinli hissederiz\u201d diyor ba\u015fkan. Ona g\u00f6re, san\u0131lan\u0131n aksine hem\u015fehri dernekleri ayr\u0131\u015ft\u0131rmaz, b\u00fct\u00fcnle\u015ftirir. Ba\u015fkan Cihan Azg\u0131n meselelere pozitif a\u00e7\u0131dan yakla\u015fan biri. Mersin\u2019in olumsuz haberlerle an\u0131lmas\u0131n\u0131 onaylam\u0131yor.<\/p>\n\n\n\n<p>Bir \u015fehrin durumu, oraya nas\u0131l bak\u0131ld\u0131\u011f\u0131 ve yakla\u015f\u0131ld\u0131\u011f\u0131yla alakal\u0131d\u0131r. Neyle i\u015fin varsa orada onu g\u00f6r\u00fcr, onu ya\u015fars\u0131n. O bak\u0131mdan K\u0131r\u015fehirliler i\u00e7in Mersin cennetten bir k\u00f6\u015fedir. Mersin\u2019e g\u00fczel bakt\u0131klar\u0131 i\u00e7in g\u00fczellikleri, iyilikleri g\u00f6r\u00fcrler. Dernek olarak, Mersin\u2019e ve Mersin insan\u0131na hizmet edecek t\u00fcm sivil toplum kurulu\u015flar\u0131yla ortak hareket etmek arzusundalar.<\/p>\n\n\n\n<p>K\u0131r\u015fehirliler Derne\u011fi a\u011f\u0131rl\u0131kla k\u00fclt\u00fcr faaliyetlerinde bulunuyor. \u00d6zellikle her y\u0131l d\u00fczenledikleri Ne\u015fet Erta\u015f Gecesi yo\u011fun ilgi g\u00f6r\u00fcyor. T\u00fcrk\u00fc ve ba\u011flama, derne\u011fin vazge\u00e7ilmez iki unsuru. Cihan Bey Mersin\u2019deki hemen t\u00fcm etkinlikler i\u00e7inde yer almaya \u00e7al\u0131\u015ft\u0131klar\u0131n\u0131 belirtiyor. Kendilerini K\u0131r\u015fehir\u2019in k\u00fclt\u00fcr temsilcisi kabul ediyor.<\/p>\n\n\n\n<p>K\u0131r\u015fehir k\u00fclt\u00fcr, felsefe ve \u00e2\u015f\u0131klar \u015fehridir. Ahilik felsefesinin temellerinin at\u0131ld\u0131\u011f\u0131 yerdir. Anadolu\u2019nun T\u00fcrkle\u015fmesi ve \u0130slamla\u015ft\u0131r\u0131lmas\u0131 yolunda 13. y\u00fczy\u0131la damgas\u0131n\u0131 vuran \u015fehirdir. Ahi Evran-\u0131 Veli, \u00c2\u015f\u0131k Pa\u015fa, \u015eeyh Edebali, Hac\u0131 Bekta\u015fi Veli, Yunus Emre gibi Anadolu erenlerine yurtluk yapm\u0131\u015ft\u0131r. 5000 y\u0131ll\u0131k tarihi ile bir\u00e7ok medeniyete tan\u0131kl\u0131k etmi\u015ftir. \u00c2\u015f\u0131k Pa\u015fa, Acem ve Arap k\u00fclt\u00fcr\u00fcne hayran olanlara tepki g\u00f6stermi\u015f, \u015f\u00f6yle seslenmi\u015ftir:<\/p>\n\n\n\n<p>T\u00fcrk diline kimse bakmaz idi,<br \/>T\u00fcrklere hergiz g\u00f6n\u00fcl akmaz idi.<br \/>T\u00fcrk dahi bilmez idi bu dilleri,<br \/>\u0130nce yolu ol ulu menzilleri.<\/p>\n\n\n\n<p>Bug\u00fcn anonim olarak bilinen \u00e7o\u011fu t\u00fcrk\u00fcn\u00fcn kayna\u011f\u0131, K\u0131r\u015fehir ve y\u00f6resinde ya\u015fayan sanat\u00e7\u0131lara aittir. Ozanlar diyar\u0131 K\u0131r\u015fehir\u2019in en \u00f6nemli sanat\u00e7\u0131lar\u0131 aras\u0131nda, \u015eemsi Yast\u0131man, Muharrem Erta\u015f, Ne\u015fet Erta\u015f, \u00c7eki\u00e7 Ali gibi isimler yer almaktad\u0131r.<\/p>\n\n\n\n<p>Mersin genelinde 10 bin civar\u0131nda K\u0131r\u015fehirlinin ya\u015fad\u0131\u011f\u0131 bilinmektedir. Mersin\u2019deki K\u0131r\u015fehirliler a\u011f\u0131rl\u0131kla memur ve emeklilerden olu\u015fmaktad\u0131r. \u015eehir s\u00fcrekli beyin g\u00f6\u00e7\u00fc vermi\u015ftir. E\u011fitim almak, il d\u0131\u015f\u0131na, yurtd\u0131\u015f\u0131na gitmek hep tercih edilmi\u015ftir.<\/p>\n\n\n\n<p>Mersin, K\u0131r\u015fehir\u2019e en yak\u0131n sahil \u015fehridir. K\u0131r\u015fehirliler buraya tatil i\u00e7in de \u00e7ok gelirler. \u0130ki \u015fehir aras\u0131nda g\u00fc\u00e7l\u00fc bir etkile\u015fim vard\u0131r.<\/p>\n\n\n\n<p>Ba\u015fkan Azg\u0131n, Mersin sivil toplum hayat\u0131n\u0131n aktif bir payda\u015f\u0131. Derneklerde \u00e7e\u015fitli kurumlarda g\u00f6revleri var. Derneklerin \u00f6nemli sorunlar\u0131n\u0131n ba\u015f\u0131nda bina ve kira sorununun \u00f6ne \u00e7\u0131kt\u0131\u011f\u0131n\u0131 d\u00fc\u015f\u00fcn\u00fcyor. Kendi idealinin de eski bir Mersin evini al\u0131p, K\u0131r\u015fehir evine d\u00f6n\u00fc\u015ft\u00fcrmek oldu\u011funu s\u00f6yl\u00fcyor. Ancak bu iste\u011fi g\u00fcn\u00fcm\u00fcze kadar ger\u00e7ekle\u015fme imk\u00e2n\u0131 bulamam\u0131\u015f. Ama o, bunun pe\u015fini b\u0131rakmayacaklar\u0131n\u0131 ve mutlaka ama\u00e7lar\u0131na ula\u015fmak istediklerini vurguluyor.<\/p>\n\n\n\n<p>Di\u011fer derneklerden farkl\u0131 olarak bir Y\u00fcksek \u0130sti\u015fare Kurulu olu\u015fturmu\u015flar. Kurulda eski ba\u015fkanlar, y\u00f6neticiler ve abiler bulunur ve onlardan fikir al\u0131n\u0131r. Kurul dan\u0131\u015fma g\u00f6revi g\u00f6r\u00fcr. Hem\u015fehrilerin mutlu ve kederli g\u00fcnlerinde, dernek hep yanlar\u0131ndad\u0131r. Dernekte her t\u00fcrl\u00fc ayr\u0131mc\u0131l\u0131\u011fa kar\u015f\u0131 durulur ve ho\u015fg\u00f6r\u00fc ortam\u0131n\u0131n ya\u015fat\u0131lmas\u0131na \u00f6nem verilir.<\/p>\n\n\n\n<p>Azimli \u00e7al\u0131\u015fmalar\u0131n\u0131n ve ba\u015far\u0131lar\u0131n\u0131n devam\u0131n\u0131 diliyoruz!<\/p>\n","protected":false},"excerpt":{"rendered":"<p>Bu yaz\u0131 ilk olarak 15 Kas\u0131m 2017 tarihinde inovatifhaber.com\u2019da yay\u0131mlanm\u0131\u015ft\u0131r. \u201cPlakam\u0131z 33 &#8211; Tak\u0131m\u0131m\u0131z M\u0130Y \u2013 K\u0131r\u015fehirliyiz, sevdam\u0131z Mersin\u201d Dernek Slogan\u0131 Hem\u015fehri derneklerine kimi yurtta\u015flar olumlu yakla\u015fmaz. Hem\u015fehri derneklerinin, g\u00f6\u00e7 edilen \u015fehre entegrasyonu g\u00fc\u00e7le\u015ftirdi\u011fi d\u00fc\u015f\u00fcn\u00fcl\u00fcr. Mersin yo\u011fun g\u00f6\u00e7 alm\u0131\u015f bir \u015fehirdir. \u00d6yle ki Mersin\u2019de Mersinliler Derne\u011fi\u2019nin bulunmas\u0131 zaman zaman yad\u0131rgan\u0131r. Bu bir anlamda, \u00f6zellikle merkezde, [&hellip;]<\/p>\n","protected":false},"author":14001,"featured_media":161038,"comment_status":"open","ping_status":"open","sticky":false,"template":"","format":"standard","meta":{"_yoast_wpseo_focuskw":"Cihan Azg\u0131n","_yoast_wpseo_title":"","_yoast_wpseo_metadesc":"Hem\u015fehri derneklerine kimi yurtta\u015flar olumlu yakla\u015fmaz. Hem\u015fehri derneklerinin, g\u00f6\u00e7 edilen \u015fehre entegrasyonu g\u00fc\u00e7le\u015ftirdi\u011fi d\u00fc\u015f\u00fcn\u00fcl\u00fcr.","_bbp_topic_count":0,"_bbp_reply_count":0,"_bbp_total_topic_count":0,"_bbp_total_reply_count":0,"_bbp_voice_count":0,"_bbp_anonymous_reply_count":0,"_bbp_topic_count_hidden":0,"_bbp_reply_count_hidden":0,"_bbp_forum_subforum_count":0,"footnotes":"","_yoast_wpseo_focuskw_text_input":""},"categories":[9170],"tags":[],"yoast_head":"<!-- This site is optimized with the Yoast SEO plugin v23.0 - https:\/\/yoast.com\/wordpress\/plugins\/seo\/ -->\n<title>K\u0131r\u015fehirliler Mersin\u2019de - The Epoch Times TR<\/title>\n<meta name=\"description\" content=\"Hem\u015fehri derneklerine kimi yurtta\u015flar olumlu yakla\u015fmaz. Hem\u015fehri derneklerinin, g\u00f6\u00e7 edilen \u015fehre entegrasyonu g\u00fc\u00e7le\u015ftirdi\u011fi d\u00fc\u015f\u00fcn\u00fcl\u00fcr.\" \/>\n<meta name=\"robots\" content=\"index, follow, max-snippet:-1, max-image-preview:large, max-video-preview:-1\" \/>\n<link rel=\"canonical\" href=\"https:\/\/epochtimestr.com\/index.php\/kirsehirliler-mersinde\" \/>\n<meta property=\"og:locale\" content=\"tr_TR\" \/>\n<meta property=\"og:type\" content=\"article\" \/>\n<meta property=\"og:title\" content=\"K\u0131r\u015fehirliler Mersin\u2019de - The Epoch Times TR\" \/>\n<meta property=\"og:description\" content=\"Hem\u015fehri derneklerine kimi yurtta\u015flar olumlu yakla\u015fmaz. Hem\u015fehri derneklerinin, g\u00f6\u00e7 edilen \u015fehre entegrasyonu g\u00fc\u00e7le\u015ftirdi\u011fi d\u00fc\u015f\u00fcn\u00fcl\u00fcr.\" \/>\n<meta property=\"og:url\" content=\"https:\/\/epochtimestr.com\/index.php\/kirsehirliler-mersinde\" \/>\n<meta property=\"og:site_name\" content=\"The Epoch Times TR\" \/>\n<meta property=\"article:publisher\" content=\"https:\/\/www.facebook.com\/theepochtimestr\" \/>\n<meta property=\"article:published_time\" content=\"2026-07-04T05:00:00+00:00\" \/>\n<meta property=\"article:modified_time\" content=\"2026-07-03T19:40:21+00:00\" \/>\n<meta property=\"og:image\" content=\"https:\/\/epochtimestr.com\/wp-content\/uploads\/2011y\/bzct-ca.jpg\" \/>\n\t<meta property=\"og:image:width\" content=\"1200\" \/>\n\t<meta property=\"og:image:height\" content=\"630\" \/>\n\t<meta property=\"og:image:type\" content=\"image\/jpeg\" \/>\n<meta name=\"author\" content=\"Bekir Zorba\" \/>\n<meta name=\"twitter:card\" content=\"summary_large_image\" \/>\n<meta name=\"twitter:creator\" content=\"@TheEpochTimesTR\" \/>\n<meta name=\"twitter:site\" content=\"@TheEpochTimesTR\" \/>\n<meta name=\"twitter:label1\" content=\"Yazan:\" \/>\n\t<meta name=\"twitter:data1\" content=\"Bekir Zorba\" \/>\n\t<meta name=\"twitter:label2\" content=\"Tahmini okuma s\u00fcresi\" \/>\n\t<meta name=\"twitter:data2\" content=\"4 dakika\" \/>\n<script type=\"application\/ld+json\" class=\"yoast-schema-graph\">{\"@context\":\"https:\/\/schema.org\",\"@graph\":[{\"@type\":\"Article\",\"@id\":\"https:\/\/epochtimestr.com\/index.php\/kirsehirliler-mersinde#article\",\"isPartOf\":{\"@id\":\"https:\/\/epochtimestr.com\/index.php\/kirsehirliler-mersinde\"},\"author\":{\"name\":\"Bekir Zorba\",\"@id\":\"https:\/\/epochtimestr.com\/#\/schema\/person\/da1ad104599611965442ed3e7e9acb2b\"},\"headline\":\"K\u0131r\u015fehirliler Mersin\u2019de\",\"datePublished\":\"2026-07-04T05:00:00+00:00\",\"dateModified\":\"2026-07-03T19:40:21+00:00\",\"mainEntityOfPage\":{\"@id\":\"https:\/\/epochtimestr.com\/index.php\/kirsehirliler-mersinde\"},\"wordCount\":743,\"commentCount\":0,\"publisher\":{\"@id\":\"https:\/\/epochtimestr.com\/#organization\"},\"image\":{\"@id\":\"https:\/\/epochtimestr.com\/index.php\/kirsehirliler-mersinde#primaryimage\"},\"thumbnailUrl\":\"https:\/\/epochtimestr.com\/wp-content\/uploads\/2011y\/Bekir-Zorba.png\",\"articleSection\":[\"K\u00f6\u015fe Yaz\u0131lar\u0131 Bekir Zorba\"],\"inLanguage\":\"tr\",\"potentialAction\":[{\"@type\":\"CommentAction\",\"name\":\"Comment\",\"target\":[\"https:\/\/epochtimestr.com\/index.php\/kirsehirliler-mersinde#respond\"]}]},{\"@type\":\"WebPage\",\"@id\":\"https:\/\/epochtimestr.com\/index.php\/kirsehirliler-mersinde\",\"url\":\"https:\/\/epochtimestr.com\/index.php\/kirsehirliler-mersinde\",\"name\":\"K\u0131r\u015fehirliler Mersin\u2019de - The Epoch Times TR\",\"isPartOf\":{\"@id\":\"https:\/\/epochtimestr.com\/#website\"},\"primaryImageOfPage\":{\"@id\":\"https:\/\/epochtimestr.com\/index.php\/kirsehirliler-mersinde#primaryimage\"},\"image\":{\"@id\":\"https:\/\/epochtimestr.com\/index.php\/kirsehirliler-mersinde#primaryimage\"},\"thumbnailUrl\":\"https:\/\/epochtimestr.com\/wp-content\/uploads\/2011y\/Bekir-Zorba.png\",\"datePublished\":\"2026-07-04T05:00:00+00:00\",\"dateModified\":\"2026-07-03T19:40:21+00:00\",\"description\":\"Hem\u015fehri derneklerine kimi yurtta\u015flar olumlu yakla\u015fmaz. Hem\u015fehri derneklerinin, g\u00f6\u00e7 edilen \u015fehre entegrasyonu g\u00fc\u00e7le\u015ftirdi\u011fi d\u00fc\u015f\u00fcn\u00fcl\u00fcr.\",\"inLanguage\":\"tr\",\"potentialAction\":[{\"@type\":\"ReadAction\",\"target\":[\"https:\/\/epochtimestr.com\/index.php\/kirsehirliler-mersinde\"]}]},{\"@type\":\"ImageObject\",\"inLanguage\":\"tr\",\"@id\":\"https:\/\/epochtimestr.com\/index.php\/kirsehirliler-mersinde#primaryimage\",\"url\":\"https:\/\/epochtimestr.com\/wp-content\/uploads\/2011y\/Bekir-Zorba.png\",\"contentUrl\":\"https:\/\/epochtimestr.com\/wp-content\/uploads\/2011y\/Bekir-Zorba.png\",\"width\":600,\"height\":600},{\"@type\":\"WebSite\",\"@id\":\"https:\/\/epochtimestr.com\/#website\",\"url\":\"https:\/\/epochtimestr.com\/\",\"name\":\"The Epoch Times TR\",\"description\":\"De\u011fi\u015fen D\u00fcnyam\u0131za Taze Bir Bak\u0131\u015f\",\"publisher\":{\"@id\":\"https:\/\/epochtimestr.com\/#organization\"},\"potentialAction\":[{\"@type\":\"SearchAction\",\"target\":{\"@type\":\"EntryPoint\",\"urlTemplate\":\"https:\/\/epochtimestr.com\/?s={search_term_string}\"},\"query-input\":\"required name=search_term_string\"}],\"inLanguage\":\"tr\"},{\"@type\":\"Organization\",\"@id\":\"https:\/\/epochtimestr.com\/#organization\",\"name\":\"The EpochTimes T\u00fcrkiye\",\"url\":\"https:\/\/epochtimestr.com\/\",\"logo\":{\"@type\":\"ImageObject\",\"inLanguage\":\"tr\",\"@id\":\"https:\/\/epochtimestr.com\/#\/schema\/logo\/image\/\",\"url\":\"https:\/\/epochtimestr.com\/wp-content\/uploads\/2011y\/ET-Logo-YG.jpg\",\"contentUrl\":\"https:\/\/epochtimestr.com\/wp-content\/uploads\/2011y\/ET-Logo-YG.jpg\",\"width\":346,\"height\":29,\"caption\":\"The EpochTimes T\u00fcrkiye\"},\"image\":{\"@id\":\"https:\/\/epochtimestr.com\/#\/schema\/logo\/image\/\"},\"sameAs\":[\"https:\/\/www.facebook.com\/theepochtimestr\",\"https:\/\/x.com\/TheEpochTimesTR\",\"https:\/\/www.instagram.com\/epochtimestr\"]},{\"@type\":\"Person\",\"@id\":\"https:\/\/epochtimestr.com\/#\/schema\/person\/da1ad104599611965442ed3e7e9acb2b\",\"name\":\"Bekir Zorba\",\"image\":{\"@type\":\"ImageObject\",\"inLanguage\":\"tr\",\"@id\":\"https:\/\/epochtimestr.com\/#\/schema\/person\/image\/\",\"url\":\"https:\/\/secure.gravatar.com\/avatar\/eafd40d9b77b1fbf7c565a3d4916b79c?s=96&d=mm&r=g\",\"contentUrl\":\"https:\/\/secure.gravatar.com\/avatar\/eafd40d9b77b1fbf7c565a3d4916b79c?s=96&d=mm&r=g\",\"caption\":\"Bekir Zorba\"},\"url\":\"https:\/\/epochtimestr.com\/index.php\/author\/bekir\"}]}<\/script>\n<!-- \/ Yoast SEO plugin. -->","yoast_head_json":{"title":"K\u0131r\u015fehirliler Mersin\u2019de - The Epoch Times TR","description":"Hem\u015fehri derneklerine kimi yurtta\u015flar olumlu yakla\u015fmaz. Hem\u015fehri derneklerinin, g\u00f6\u00e7 edilen \u015fehre entegrasyonu g\u00fc\u00e7le\u015ftirdi\u011fi d\u00fc\u015f\u00fcn\u00fcl\u00fcr.","robots":{"index":"index","follow":"follow","max-snippet":"max-snippet:-1","max-image-preview":"max-image-preview:large","max-video-preview":"max-video-preview:-1"},"canonical":"https:\/\/epochtimestr.com\/index.php\/kirsehirliler-mersinde","og_locale":"tr_TR","og_type":"article","og_title":"K\u0131r\u015fehirliler Mersin\u2019de - The Epoch Times TR","og_description":"Hem\u015fehri derneklerine kimi yurtta\u015flar olumlu yakla\u015fmaz. Hem\u015fehri derneklerinin, g\u00f6\u00e7 edilen \u015fehre entegrasyonu g\u00fc\u00e7le\u015ftirdi\u011fi d\u00fc\u015f\u00fcn\u00fcl\u00fcr.","og_url":"https:\/\/epochtimestr.com\/index.php\/kirsehirliler-mersinde","og_site_name":"The Epoch Times TR","article_publisher":"https:\/\/www.facebook.com\/theepochtimestr","article_published_time":"2026-07-04T05:00:00+00:00","article_modified_time":"2026-07-03T19:40:21+00:00","og_image":[{"width":1200,"height":630,"url":"https:\/\/epochtimestr.com\/wp-content\/uploads\/2011y\/bzct-ca.jpg","type":"image\/jpeg"}],"author":"Bekir Zorba","twitter_card":"summary_large_image","twitter_creator":"@TheEpochTimesTR","twitter_site":"@TheEpochTimesTR","twitter_misc":{"Yazan:":"Bekir Zorba","Tahmini okuma s\u00fcresi":"4 dakika"},"schema":{"@context":"https:\/\/schema.org","@graph":[{"@type":"Article","@id":"https:\/\/epochtimestr.com\/index.php\/kirsehirliler-mersinde#article","isPartOf":{"@id":"https:\/\/epochtimestr.com\/index.php\/kirsehirliler-mersinde"},"author":{"name":"Bekir Zorba","@id":"https:\/\/epochtimestr.com\/#\/schema\/person\/da1ad104599611965442ed3e7e9acb2b"},"headline":"K\u0131r\u015fehirliler Mersin\u2019de","datePublished":"2026-07-04T05:00:00+00:00","dateModified":"2026-07-03T19:40:21+00:00","mainEntityOfPage":{"@id":"https:\/\/epochtimestr.com\/index.php\/kirsehirliler-mersinde"},"wordCount":743,"commentCount":0,"publisher":{"@id":"https:\/\/epochtimestr.com\/#organization"},"image":{"@id":"https:\/\/epochtimestr.com\/index.php\/kirsehirliler-mersinde#primaryimage"},"thumbnailUrl":"https:\/\/epochtimestr.com\/wp-content\/uploads\/2011y\/Bekir-Zorba.png","articleSection":["K\u00f6\u015fe Yaz\u0131lar\u0131 Bekir Zorba"],"inLanguage":"tr","potentialAction":[{"@type":"CommentAction","name":"Comment","target":["https:\/\/epochtimestr.com\/index.php\/kirsehirliler-mersinde#respond"]}]},{"@type":"WebPage","@id":"https:\/\/epochtimestr.com\/index.php\/kirsehirliler-mersinde","url":"https:\/\/epochtimestr.com\/index.php\/kirsehirliler-mersinde","name":"K\u0131r\u015fehirliler Mersin\u2019de - The Epoch Times TR","isPartOf":{"@id":"https:\/\/epochtimestr.com\/#website"},"primaryImageOfPage":{"@id":"https:\/\/epochtimestr.com\/index.php\/kirsehirliler-mersinde#primaryimage"},"image":{"@id":"https:\/\/epochtimestr.com\/index.php\/kirsehirliler-mersinde#primaryimage"},"thumbnailUrl":"https:\/\/epochtimestr.com\/wp-content\/uploads\/2011y\/Bekir-Zorba.png","datePublished":"2026-07-04T05:00:00+00:00","dateModified":"2026-07-03T19:40:21+00:00","description":"Hem\u015fehri derneklerine kimi yurtta\u015flar olumlu yakla\u015fmaz. Hem\u015fehri derneklerinin, g\u00f6\u00e7 edilen \u015fehre entegrasyonu g\u00fc\u00e7le\u015ftirdi\u011fi d\u00fc\u015f\u00fcn\u00fcl\u00fcr.","inLanguage":"tr","potentialAction":[{"@type":"ReadAction","target":["https:\/\/epochtimestr.com\/index.php\/kirsehirliler-mersinde"]}]},{"@type":"ImageObject","inLanguage":"tr","@id":"https:\/\/epochtimestr.com\/index.php\/kirsehirliler-mersinde#primaryimage","url":"https:\/\/epochtimestr.com\/wp-content\/uploads\/2011y\/Bekir-Zorba.png","contentUrl":"https:\/\/epochtimestr.com\/wp-content\/uploads\/2011y\/Bekir-Zorba.png","width":600,"height":600},{"@type":"WebSite","@id":"https:\/\/epochtimestr.com\/#website","url":"https:\/\/epochtimestr.com\/","name":"The Epoch Times TR","description":"De\u011fi\u015fen D\u00fcnyam\u0131za Taze Bir Bak\u0131\u015f","publisher":{"@id":"https:\/\/epochtimestr.com\/#organization"},"potentialAction":[{"@type":"SearchAction","target":{"@type":"EntryPoint","urlTemplate":"https:\/\/epochtimestr.com\/?s={search_term_string}"},"query-input":"required name=search_term_string"}],"inLanguage":"tr"},{"@type":"Organization","@id":"https:\/\/epochtimestr.com\/#organization","name":"The EpochTimes T\u00fcrkiye","url":"https:\/\/epochtimestr.com\/","logo":{"@type":"ImageObject","inLanguage":"tr","@id":"https:\/\/epochtimestr.com\/#\/schema\/logo\/image\/","url":"https:\/\/epochtimestr.com\/wp-content\/uploads\/2011y\/ET-Logo-YG.jpg","contentUrl":"https:\/\/epochtimestr.com\/wp-content\/uploads\/2011y\/ET-Logo-YG.jpg","width":346,"height":29,"caption":"The EpochTimes T\u00fcrkiye"},"image":{"@id":"https:\/\/epochtimestr.com\/#\/schema\/logo\/image\/"},"sameAs":["https:\/\/www.facebook.com\/theepochtimestr","https:\/\/x.com\/TheEpochTimesTR","https:\/\/www.instagram.com\/epochtimestr"]},{"@type":"Person","@id":"https:\/\/epochtimestr.com\/#\/schema\/person\/da1ad104599611965442ed3e7e9acb2b","name":"Bekir Zorba","image":{"@type":"ImageObject","inLanguage":"tr","@id":"https:\/\/epochtimestr.com\/#\/schema\/person\/image\/","url":"https:\/\/secure.gravatar.com\/avatar\/eafd40d9b77b1fbf7c565a3d4916b79c?s=96&d=mm&r=g","contentUrl":"https:\/\/secure.gravatar.com\/avatar\/eafd40d9b77b1fbf7c565a3d4916b79c?s=96&d=mm&r=g","caption":"Bekir Zorba"},"url":"https:\/\/epochtimestr.com\/index.php\/author\/bekir"}]}},"_links":{"self":[{"href":"https:\/\/epochtimestr.com\/index.php\/wp-json\/wp\/v2\/posts\/168276"}],"collection":[{"href":"https:\/\/epochtimestr.com\/index.php\/wp-json\/wp\/v2\/posts"}],"about":[{"href":"https:\/\/epochtimestr.com\/index.php\/wp-json\/wp\/v2\/types\/post"}],"author":[{"embeddable":true,"href":"https:\/\/epochtimestr.com\/index.php\/wp-json\/wp\/v2\/users\/14001"}],"replies":[{"embeddable":true,"href":"https:\/\/epochtimestr.com\/index.php\/wp-json\/wp\/v2\/comments?post=168276"}],"version-history":[{"count":1,"href":"https:\/\/epochtimestr.com\/index.php\/wp-json\/wp\/v2\/posts\/168276\/revisions"}],"predecessor-version":[{"id":168281,"href":"https:\/\/epochtimestr.com\/index.php\/wp-json\/wp\/v2\/posts\/168276\/revisions\/168281"}],"wp:featuredmedia":[{"embeddable":true,"href":"https:\/\/epochtimestr.com\/index.php\/wp-json\/wp\/v2\/media\/161038"}],"wp:attachment":[{"href":"https:\/\/epochtimestr.com\/index.php\/wp-json\/wp\/v2\/media?parent=168276"}],"wp:term":[{"taxonomy":"category","embeddable":true,"href":"https:\/\/epochtimestr.com\/index.php\/wp-json\/wp\/v2\/categories?post=168276"},{"taxonomy":"post_tag","embeddable":true,"href":"https:\/\/epochtimestr.com\/index.php\/wp-json\/wp\/v2\/tags?post=168276"}],"curies":[{"name":"wp","href":"https:\/\/api.w.org\/{rel}","templated":true}]}}