{"id":168279,"date":"2026-07-04T08:09:51","date_gmt":"2026-07-04T05:09:51","guid":{"rendered":"https:\/\/epochtimestr.com\/?p=168279"},"modified":"2026-07-04T08:09:52","modified_gmt":"2026-07-04T05:09:52","slug":"turkiye-istatistik-kurumu-haziran-ayi-enflasyon-verilerini-acikladi","status":"publish","type":"post","link":"https:\/\/epochtimestr.com\/index.php\/turkiye-istatistik-kurumu-haziran-ayi-enflasyon-verilerini-acikladi","title":{"rendered":"T\u00fcrkiye \u0130statistik Kurumu Haziran Ay\u0131 Enflasyon Verilerini A\u00e7\u0131klad\u0131"},"content":{"rendered":"<div class=\"wp-block-image\">\n<figure class=\"aligncenter size-full\"><img loading=\"lazy\" decoding=\"async\" width=\"1280\" height=\"720\" src=\"https:\/\/epochtimestr.com\/wp-content\/uploads\/2011y\/tuik-6.webp\" alt=\"\" class=\"wp-image-157799\" srcset=\"https:\/\/epochtimestr.com\/wp-content\/uploads\/2011y\/tuik-6.webp 1280w, https:\/\/epochtimestr.com\/wp-content\/uploads\/2011y\/tuik-6-300x169.webp 300w, https:\/\/epochtimestr.com\/wp-content\/uploads\/2011y\/tuik-6-150x84.webp 150w, https:\/\/epochtimestr.com\/wp-content\/uploads\/2011y\/tuik-6-768x432.webp 768w\" sizes=\"(max-width: 1280px) 100vw, 1280px\" \/><\/figure><\/div>\n\n\n<h2 class=\"wp-block-heading\">T\u00fcrkiye \u0130statistik Kurumu (T\u00dc\u0130K), haziran ay\u0131na ili\u015fkin enflasyon verilerini a\u00e7\u0131klad\u0131. Buna g\u00f6re haziranda ayl\u0131k enflasyon y\u00fczde 0,99, y\u0131ll\u0131k enflasyon ise y\u00fczde 32,11 olarak ger\u00e7ekle\u015fti.<\/h2>\n\n\n\n<p><a href=\"https:\/\/epochtimestr.com\/index.php\/turkiye-istatistik-kurumu-tuik-ekim-ayi-dis-ticaret-istatistiklerini-paylasti\" target=\"_blank\" rel=\"noreferrer noopener\">T\u00fcrkiye \u0130statistik Kurumu<\/a> (T\u00dc\u0130K), haziran ay\u0131na ili\u015fkin <a href=\"https:\/\/epochtimestr.com\/index.php\/euro-bolgesi-enflasyonu-gerileyerek-ecb-hedefine-ulasti\" target=\"_blank\" rel=\"noreferrer noopener\">enflasyon <\/a>verilerini a\u00e7\u0131klad\u0131. Buna g\u00f6re <a href=\"https:\/\/epochtimestr.com\/index.php\/ito-haziran-2025-istanbul-enflasyon-oranini-acikladi\" target=\"_blank\" rel=\"noreferrer noopener\">haziranda ayl\u0131k enflasyon<\/a> y\u00fczde 0,99, y\u0131ll\u0131k enflasyon ise y\u00fczde 32,11 olarak ger\u00e7ekle\u015fti. T\u00dc\u0130K verilerine g\u00f6re, 2026 Haziran ay\u0131nda a\u00e7\u0131klanan enflasyon oran\u0131 son \u00fc\u00e7 y\u0131l\u0131n en d\u00fc\u015f\u00fck \u00fc\u00e7\u00fcnc\u00fc ayl\u0131k enflasyon verisi olarak kay\u0131tlara ge\u00e7ti. A\u00e7\u0131klanan verilerle birlikte milyonlarca memur, memur <a href=\"https:\/\/epochtimestr.com\/index.php\/emeklilik-sonrasi-uretkenligin-gucu\" target=\"_blank\" rel=\"noreferrer noopener\">emekli<\/a>si ile SSK ve Ba\u011f-Kur emeklisinin temmuz ay\u0131nda alaca\u011f\u0131 zam oranlar\u0131 da kesinle\u015fti. SSK ve Ba\u011f-Kur emeklileri y\u00fczde 17,75 memur ve memur emeklileri ise y\u00fczde 13,51 oran\u0131nda zam alacak.<\/p>\n\n\n\n<h3 class=\"wp-block-heading\">T\u00fcketici Fiyat Endeksi, Haziran 2026<\/h3>\n\n\n\n<p>T\u00fcketici fiyat endeksi (T\u00dcFE) y\u0131ll\u0131k %32,11 artt\u0131, ayl\u0131k %0,99 artt\u0131.<\/p>\n\n\n\n<p>T\u00dcFE&#8217;deki (2025=100) de\u011fi\u015fim 2026 y\u0131l\u0131 Haziran ay\u0131nda bir \u00f6nceki aya g\u00f6re %0,99 art\u0131\u015f, bir \u00f6nceki y\u0131l\u0131n Aral\u0131k ay\u0131na g\u00f6re %17,76 art\u0131\u015f, bir \u00f6nceki y\u0131l\u0131n ayn\u0131 ay\u0131na g\u00f6re %32,11 art\u0131\u015f ve on iki ayl\u0131k ortalamalara g\u00f6re %32,03 art\u0131\u015f olarak ger\u00e7ekle\u015fti.<\/p>\n\n\n<div class=\"wp-block-image\">\n<figure class=\"aligncenter size-full\"><img loading=\"lazy\" decoding=\"async\" width=\"820\" height=\"170\" src=\"https:\/\/epochtimestr.com\/wp-content\/uploads\/2011y\/grafik-1.webp\" alt=\"\" class=\"wp-image-168280\" srcset=\"https:\/\/epochtimestr.com\/wp-content\/uploads\/2011y\/grafik-1.webp 820w, https:\/\/epochtimestr.com\/wp-content\/uploads\/2011y\/grafik-1-300x62.webp 300w, https:\/\/epochtimestr.com\/wp-content\/uploads\/2011y\/grafik-1-150x31.webp 150w, https:\/\/epochtimestr.com\/wp-content\/uploads\/2011y\/grafik-1-768x159.webp 768w\" sizes=\"(max-width: 820px) 100vw, 820px\" \/><\/figure><\/div>\n\n\n<p>T\u00dcFE g\u0131da ve alkols\u00fcz i\u00e7eceklerde y\u0131ll\u0131k %35,45 artt\u0131.<\/p>\n\n\n\n<p>En y\u00fcksek a\u011f\u0131rl\u0131\u011fa sahip \u00fc\u00e7 ana harcama grubunun y\u0131ll\u0131k de\u011fi\u015fimleri; g\u0131da ve alkols\u00fcz i\u00e7eceklerde %35,45 art\u0131\u015f, ula\u015ft\u0131rmada %31,15 art\u0131\u015f ve konut, su, elektrik, gaz ve di\u011fer yak\u0131tlarda %45,14 art\u0131\u015f olarak ger\u00e7ekle\u015fti. \u0130lgili ana harcama gruplar\u0131n\u0131n y\u0131ll\u0131k de\u011fi\u015fime olan katk\u0131lar\u0131 ise g\u0131da ve alkols\u00fcz i\u00e7eceklerde 8,61, ula\u015ft\u0131rmada 5,19 ve konut, su, elektrik, gaz ve di\u011fer yak\u0131tlarda 5,92 y\u00fczde puan oldu.<\/p>\n\n\n<div class=\"wp-block-image\">\n<figure class=\"aligncenter size-full\"><img loading=\"lazy\" decoding=\"async\" width=\"820\" height=\"347\" src=\"https:\/\/epochtimestr.com\/wp-content\/uploads\/2011y\/grafik2-3.webp\" alt=\"\" class=\"wp-image-168282\" srcset=\"https:\/\/epochtimestr.com\/wp-content\/uploads\/2011y\/grafik2-3.webp 820w, https:\/\/epochtimestr.com\/wp-content\/uploads\/2011y\/grafik2-3-300x127.webp 300w, https:\/\/epochtimestr.com\/wp-content\/uploads\/2011y\/grafik2-3-150x63.webp 150w, https:\/\/epochtimestr.com\/wp-content\/uploads\/2011y\/grafik2-3-768x325.webp 768w\" sizes=\"(max-width: 820px) 100vw, 820px\" \/><\/figure><\/div>\n\n\n<p>T\u00dcFE g\u0131da ve alkols\u00fcz i\u00e7eceklerde ayl\u0131k %0,17 artt\u0131.<\/p>\n\n\n\n<p>En y\u00fcksek a\u011f\u0131rl\u0131\u011fa sahip \u00fc\u00e7 ana harcama grubunun ayl\u0131k de\u011fi\u015fimleri; g\u0131da ve alkols\u00fcz i\u00e7eceklerde %0,17 art\u0131\u015f, ula\u015ft\u0131rmada %0,05 azal\u0131\u015f ve konut, su, elektrik, gaz ve di\u011fer yak\u0131tlarda %2,30 art\u0131\u015f olarak ger\u00e7ekle\u015fti. \u0130lgili ana gruplar\u0131n ayl\u0131k de\u011fi\u015fime olan katk\u0131lar\u0131 ise g\u0131da ve alkols\u00fcz i\u00e7eceklerde 0,04, ula\u015ft\u0131rmada -0,01 ve konutta 0,27 y\u00fczde puan oldu. <\/p>\n\n\n<div class=\"wp-block-image\">\n<figure class=\"aligncenter size-full\"><img loading=\"lazy\" decoding=\"async\" width=\"1200\" height=\"525\" src=\"https:\/\/epochtimestr.com\/wp-content\/uploads\/2011y\/grafik3-3.webp\" alt=\"\" class=\"wp-image-168284\" srcset=\"https:\/\/epochtimestr.com\/wp-content\/uploads\/2011y\/grafik3-3.webp 1200w, https:\/\/epochtimestr.com\/wp-content\/uploads\/2011y\/grafik3-3-300x131.webp 300w, https:\/\/epochtimestr.com\/wp-content\/uploads\/2011y\/grafik3-3-150x66.webp 150w, https:\/\/epochtimestr.com\/wp-content\/uploads\/2011y\/grafik3-3-768x336.webp 768w\" sizes=\"(max-width: 1200px) 100vw, 1200px\" \/><\/figure><\/div>\n\n\n<p>Endekste kapsanan 174 alt s\u0131n\u0131ftan (Amaca G\u00f6re Bireysel T\u00fcketim S\u0131n\u0131flamas\u0131-COICOP 2018 5&#8217;li D\u00fczey) 2026 y\u0131l\u0131 Haziran ay\u0131 itibar\u0131yla, 26 alt s\u0131n\u0131f\u0131n endeksinde d\u00fc\u015f\u00fc\u015f ger\u00e7ekle\u015firken, 10 alt s\u0131n\u0131f\u0131n endeksinde de\u011fi\u015fim olmad\u0131. 138 alt s\u0131n\u0131f\u0131n endeksinde ise art\u0131\u015f ger\u00e7ekle\u015fti.<\/p>\n\n\n\n<p>\u00d6zel kapsaml\u0131 T\u00dcFE g\u00f6stergesi (B) y\u0131ll\u0131k %31,18 artt\u0131, ayl\u0131k %1,66 artt\u0131.<\/p>\n\n\n\n<p>\u0130\u015flenmemi\u015f g\u0131da \u00fcr\u00fcnleri, enerji, alkoll\u00fc i\u00e7kiler ve t\u00fct\u00fcn ile alt\u0131n hari\u00e7 T\u00dcFE&#8217;deki de\u011fi\u015fim, 2026 y\u0131l\u0131 Haziran ay\u0131nda bir \u00f6nceki aya g\u00f6re %1,66 art\u0131\u015f, bir \u00f6nceki y\u0131l\u0131n Aral\u0131k ay\u0131na g\u00f6re %16,84 art\u0131\u015f, bir \u00f6nceki y\u0131l\u0131n ayn\u0131 ay\u0131na g\u00f6re %31,18 art\u0131\u015f ve on iki ayl\u0131k ortalamalara g\u00f6re %31,49 art\u0131\u015f olarak ger\u00e7ekle\u015fti.<\/p>\n\n\n<div class=\"wp-block-image\">\n<figure class=\"aligncenter size-full\"><img loading=\"lazy\" decoding=\"async\" width=\"1200\" height=\"538\" src=\"https:\/\/epochtimestr.com\/wp-content\/uploads\/2011y\/grafik4-1.webp\" alt=\"\" class=\"wp-image-168285\" srcset=\"https:\/\/epochtimestr.com\/wp-content\/uploads\/2011y\/grafik4-1.webp 1200w, https:\/\/epochtimestr.com\/wp-content\/uploads\/2011y\/grafik4-1-300x135.webp 300w, https:\/\/epochtimestr.com\/wp-content\/uploads\/2011y\/grafik4-1-150x67.webp 150w, https:\/\/epochtimestr.com\/wp-content\/uploads\/2011y\/grafik4-1-768x344.webp 768w\" sizes=\"(max-width: 1200px) 100vw, 1200px\" \/><\/figure><\/div>\n\n\n<figure class=\"wp-block-embed is-type-rich is-provider-x wp-block-embed-x\"><div class=\"wp-block-embed__wrapper\">\n<blockquote class=\"twitter-tweet\" data-width=\"550\" data-dnt=\"true\"><p lang=\"tr\" dir=\"ltr\">T\u00fcketici Fiyat Endeksi, Haziran 2026<br><br>T\u00fcketici fiyat endeksi (T\u00dcFE) y\u0131ll\u0131k %32,11 artt\u0131, ayl\u0131k %0,99 artt\u0131<br><br>Detaylar i\u00e7in web sitemizi ziyaret edebilirsiniz. \ud83d\udd0e<br>\u21aa\ufe0f   <a href=\"https:\/\/t.co\/9z18ZE26fL\">https:\/\/t.co\/9z18ZE26fL<\/a> <a href=\"https:\/\/t.co\/HK3enoCKQq\">pic.twitter.com\/HK3enoCKQq<\/a><\/p>&mdash; tuik.gov.tr (@tuikbilgi) <a href=\"https:\/\/x.com\/tuikbilgi\/status\/2072945466090590625?ref_src=twsrc%5Etfw\">July 3, 2026<\/a><\/blockquote><script async src=\"https:\/\/platform.x.com\/widgets.js\" charset=\"utf-8\"><\/script>\n<\/div><\/figure>\n","protected":false},"excerpt":{"rendered":"<p>T\u00fcrkiye \u0130statistik Kurumu (T\u00dc\u0130K), haziran ay\u0131na ili\u015fkin enflasyon verilerini a\u00e7\u0131klad\u0131. Buna g\u00f6re haziranda ayl\u0131k enflasyon y\u00fczde 0,99, y\u0131ll\u0131k enflasyon ise y\u00fczde 32,11 olarak ger\u00e7ekle\u015fti. T\u00fcrkiye \u0130statistik Kurumu (T\u00dc\u0130K), haziran ay\u0131na ili\u015fkin enflasyon verilerini a\u00e7\u0131klad\u0131. Buna g\u00f6re haziranda ayl\u0131k enflasyon y\u00fczde 0,99, y\u0131ll\u0131k enflasyon ise y\u00fczde 32,11 olarak ger\u00e7ekle\u015fti. T\u00dc\u0130K verilerine g\u00f6re, 2026 Haziran ay\u0131nda a\u00e7\u0131klanan [&hellip;]<\/p>\n","protected":false},"author":12791,"featured_media":157799,"comment_status":"open","ping_status":"open","sticky":false,"template":"","format":"standard","meta":{"_yoast_wpseo_focuskw":"T\u00fcrkiye istatistik","_yoast_wpseo_title":"","_yoast_wpseo_metadesc":"T\u00fcrkiye \u0130statistik Kurumu (T\u00dc\u0130K), haziran ay\u0131na ili\u015fkin enflasyon verilerini a\u00e7\u0131klad\u0131. Ayl\u0131k enflasyon %0,99, y\u0131ll\u0131k enflasyon ,11 oldu.","_bbp_topic_count":0,"_bbp_reply_count":0,"_bbp_total_topic_count":0,"_bbp_total_reply_count":0,"_bbp_voice_count":0,"_bbp_anonymous_reply_count":0,"_bbp_topic_count_hidden":0,"_bbp_reply_count_hidden":0,"_bbp_forum_subforum_count":0,"footnotes":"","_yoast_wpseo_focuskw_text_input":""},"categories":[8225,1,8138,37],"tags":[1616,11598],"yoast_head":"<!-- This site is optimized with the Yoast SEO plugin v23.0 - https:\/\/yoast.com\/wordpress\/plugins\/seo\/ -->\n<title>T\u00fcrkiye \u0130statistik Kurumu Haziran Ay\u0131 Enflasyon Verilerini A\u00e7\u0131klad\u0131 - The Epoch Times TR<\/title>\n<meta name=\"description\" content=\"T\u00fcrkiye \u0130statistik Kurumu (T\u00dc\u0130K), haziran ay\u0131na ili\u015fkin enflasyon verilerini a\u00e7\u0131klad\u0131. Ayl\u0131k enflasyon %0,99, y\u0131ll\u0131k enflasyon ,11 oldu.\" \/>\n<meta name=\"robots\" content=\"index, follow, max-snippet:-1, max-image-preview:large, max-video-preview:-1\" \/>\n<link rel=\"canonical\" href=\"https:\/\/epochtimestr.com\/index.php\/turkiye-istatistik-kurumu-haziran-ayi-enflasyon-verilerini-acikladi\" \/>\n<meta property=\"og:locale\" content=\"tr_TR\" \/>\n<meta property=\"og:type\" content=\"article\" \/>\n<meta property=\"og:title\" content=\"T\u00fcrkiye \u0130statistik Kurumu Haziran Ay\u0131 Enflasyon Verilerini A\u00e7\u0131klad\u0131 - The Epoch Times TR\" \/>\n<meta property=\"og:description\" content=\"T\u00fcrkiye \u0130statistik Kurumu (T\u00dc\u0130K), haziran ay\u0131na ili\u015fkin enflasyon verilerini a\u00e7\u0131klad\u0131. Ayl\u0131k enflasyon %0,99, y\u0131ll\u0131k enflasyon ,11 oldu.\" \/>\n<meta property=\"og:url\" content=\"https:\/\/epochtimestr.com\/index.php\/turkiye-istatistik-kurumu-haziran-ayi-enflasyon-verilerini-acikladi\" \/>\n<meta property=\"og:site_name\" content=\"The Epoch Times TR\" \/>\n<meta property=\"article:publisher\" content=\"https:\/\/www.facebook.com\/theepochtimestr\" \/>\n<meta property=\"article:published_time\" content=\"2026-07-04T05:09:51+00:00\" \/>\n<meta property=\"article:modified_time\" content=\"2026-07-04T05:09:52+00:00\" \/>\n<meta property=\"og:image\" content=\"https:\/\/epochtimestr.com\/wp-content\/uploads\/2011y\/tuik-6.webp\" \/>\n\t<meta property=\"og:image:width\" content=\"1280\" \/>\n\t<meta property=\"og:image:height\" content=\"720\" \/>\n\t<meta property=\"og:image:type\" content=\"image\/webp\" \/>\n<meta name=\"author\" content=\"Haber Merkezi\" \/>\n<meta name=\"twitter:card\" content=\"summary_large_image\" \/>\n<meta name=\"twitter:creator\" content=\"@TheEpochTimesTR\" \/>\n<meta name=\"twitter:site\" content=\"@TheEpochTimesTR\" \/>\n<meta name=\"twitter:label1\" content=\"Yazan:\" \/>\n\t<meta name=\"twitter:data1\" content=\"Haber Merkezi\" \/>\n\t<meta name=\"twitter:label2\" content=\"Tahmini okuma s\u00fcresi\" \/>\n\t<meta name=\"twitter:data2\" content=\"4 dakika\" \/>\n<script type=\"application\/ld+json\" class=\"yoast-schema-graph\">{\"@context\":\"https:\/\/schema.org\",\"@graph\":[{\"@type\":\"Article\",\"@id\":\"https:\/\/epochtimestr.com\/index.php\/turkiye-istatistik-kurumu-haziran-ayi-enflasyon-verilerini-acikladi#article\",\"isPartOf\":{\"@id\":\"https:\/\/epochtimestr.com\/index.php\/turkiye-istatistik-kurumu-haziran-ayi-enflasyon-verilerini-acikladi\"},\"author\":{\"name\":\"Haber Merkezi\",\"@id\":\"https:\/\/epochtimestr.com\/#\/schema\/person\/3dc5c3adeb9f43923c5aa85889172fdd\"},\"headline\":\"T\u00fcrkiye \u0130statistik Kurumu Haziran Ay\u0131 Enflasyon Verilerini A\u00e7\u0131klad\u0131\",\"datePublished\":\"2026-07-04T05:09:51+00:00\",\"dateModified\":\"2026-07-04T05:09:52+00:00\",\"mainEntityOfPage\":{\"@id\":\"https:\/\/epochtimestr.com\/index.php\/turkiye-istatistik-kurumu-haziran-ayi-enflasyon-verilerini-acikladi\"},\"wordCount\":544,\"commentCount\":0,\"publisher\":{\"@id\":\"https:\/\/epochtimestr.com\/#organization\"},\"image\":{\"@id\":\"https:\/\/epochtimestr.com\/index.php\/turkiye-istatistik-kurumu-haziran-ayi-enflasyon-verilerini-acikladi#primaryimage\"},\"thumbnailUrl\":\"https:\/\/epochtimestr.com\/wp-content\/uploads\/2011y\/tuik-6.webp\",\"keywords\":[\"enflasyon\",\"TU\u0130K\"],\"articleSection\":[\"Ekonomi\",\"G\u00dcNDEM\",\"MAN\u015eET\",\"T\u00dcRK\u0130YE\"],\"inLanguage\":\"tr\",\"potentialAction\":[{\"@type\":\"CommentAction\",\"name\":\"Comment\",\"target\":[\"https:\/\/epochtimestr.com\/index.php\/turkiye-istatistik-kurumu-haziran-ayi-enflasyon-verilerini-acikladi#respond\"]}]},{\"@type\":\"WebPage\",\"@id\":\"https:\/\/epochtimestr.com\/index.php\/turkiye-istatistik-kurumu-haziran-ayi-enflasyon-verilerini-acikladi\",\"url\":\"https:\/\/epochtimestr.com\/index.php\/turkiye-istatistik-kurumu-haziran-ayi-enflasyon-verilerini-acikladi\",\"name\":\"T\u00fcrkiye \u0130statistik Kurumu Haziran Ay\u0131 Enflasyon Verilerini A\u00e7\u0131klad\u0131 - The Epoch Times TR\",\"isPartOf\":{\"@id\":\"https:\/\/epochtimestr.com\/#website\"},\"primaryImageOfPage\":{\"@id\":\"https:\/\/epochtimestr.com\/index.php\/turkiye-istatistik-kurumu-haziran-ayi-enflasyon-verilerini-acikladi#primaryimage\"},\"image\":{\"@id\":\"https:\/\/epochtimestr.com\/index.php\/turkiye-istatistik-kurumu-haziran-ayi-enflasyon-verilerini-acikladi#primaryimage\"},\"thumbnailUrl\":\"https:\/\/epochtimestr.com\/wp-content\/uploads\/2011y\/tuik-6.webp\",\"datePublished\":\"2026-07-04T05:09:51+00:00\",\"dateModified\":\"2026-07-04T05:09:52+00:00\",\"description\":\"T\u00fcrkiye \u0130statistik Kurumu (T\u00dc\u0130K), haziran ay\u0131na ili\u015fkin enflasyon verilerini a\u00e7\u0131klad\u0131. Ayl\u0131k enflasyon %0,99, y\u0131ll\u0131k enflasyon ,11 oldu.\",\"inLanguage\":\"tr\",\"potentialAction\":[{\"@type\":\"ReadAction\",\"target\":[\"https:\/\/epochtimestr.com\/index.php\/turkiye-istatistik-kurumu-haziran-ayi-enflasyon-verilerini-acikladi\"]}]},{\"@type\":\"ImageObject\",\"inLanguage\":\"tr\",\"@id\":\"https:\/\/epochtimestr.com\/index.php\/turkiye-istatistik-kurumu-haziran-ayi-enflasyon-verilerini-acikladi#primaryimage\",\"url\":\"https:\/\/epochtimestr.com\/wp-content\/uploads\/2011y\/tuik-6.webp\",\"contentUrl\":\"https:\/\/epochtimestr.com\/wp-content\/uploads\/2011y\/tuik-6.webp\",\"width\":1280,\"height\":720},{\"@type\":\"WebSite\",\"@id\":\"https:\/\/epochtimestr.com\/#website\",\"url\":\"https:\/\/epochtimestr.com\/\",\"name\":\"The Epoch Times TR\",\"description\":\"De\u011fi\u015fen D\u00fcnyam\u0131za Taze Bir Bak\u0131\u015f\",\"publisher\":{\"@id\":\"https:\/\/epochtimestr.com\/#organization\"},\"potentialAction\":[{\"@type\":\"SearchAction\",\"target\":{\"@type\":\"EntryPoint\",\"urlTemplate\":\"https:\/\/epochtimestr.com\/?s={search_term_string}\"},\"query-input\":\"required name=search_term_string\"}],\"inLanguage\":\"tr\"},{\"@type\":\"Organization\",\"@id\":\"https:\/\/epochtimestr.com\/#organization\",\"name\":\"The EpochTimes T\u00fcrkiye\",\"url\":\"https:\/\/epochtimestr.com\/\",\"logo\":{\"@type\":\"ImageObject\",\"inLanguage\":\"tr\",\"@id\":\"https:\/\/epochtimestr.com\/#\/schema\/logo\/image\/\",\"url\":\"https:\/\/epochtimestr.com\/wp-content\/uploads\/2011y\/ET-Logo-YG.jpg\",\"contentUrl\":\"https:\/\/epochtimestr.com\/wp-content\/uploads\/2011y\/ET-Logo-YG.jpg\",\"width\":346,\"height\":29,\"caption\":\"The EpochTimes T\u00fcrkiye\"},\"image\":{\"@id\":\"https:\/\/epochtimestr.com\/#\/schema\/logo\/image\/\"},\"sameAs\":[\"https:\/\/www.facebook.com\/theepochtimestr\",\"https:\/\/x.com\/TheEpochTimesTR\",\"https:\/\/www.instagram.com\/epochtimestr\"]},{\"@type\":\"Person\",\"@id\":\"https:\/\/epochtimestr.com\/#\/schema\/person\/3dc5c3adeb9f43923c5aa85889172fdd\",\"name\":\"Haber Merkezi\",\"image\":{\"@type\":\"ImageObject\",\"inLanguage\":\"tr\",\"@id\":\"https:\/\/epochtimestr.com\/#\/schema\/person\/image\/\",\"url\":\"https:\/\/secure.gravatar.com\/avatar\/d73f772ba5a74f28601361e17c2f93e6?s=96&d=mm&r=g\",\"contentUrl\":\"https:\/\/secure.gravatar.com\/avatar\/d73f772ba5a74f28601361e17c2f93e6?s=96&d=mm&r=g\",\"caption\":\"Haber Merkezi\"},\"url\":\"https:\/\/epochtimestr.com\/index.php\/author\/sendag\"}]}<\/script>\n<!-- \/ Yoast SEO plugin. -->","yoast_head_json":{"title":"T\u00fcrkiye \u0130statistik Kurumu Haziran Ay\u0131 Enflasyon Verilerini A\u00e7\u0131klad\u0131 - The Epoch Times TR","description":"T\u00fcrkiye \u0130statistik Kurumu (T\u00dc\u0130K), haziran ay\u0131na ili\u015fkin enflasyon verilerini a\u00e7\u0131klad\u0131. Ayl\u0131k enflasyon %0,99, y\u0131ll\u0131k enflasyon ,11 oldu.","robots":{"index":"index","follow":"follow","max-snippet":"max-snippet:-1","max-image-preview":"max-image-preview:large","max-video-preview":"max-video-preview:-1"},"canonical":"https:\/\/epochtimestr.com\/index.php\/turkiye-istatistik-kurumu-haziran-ayi-enflasyon-verilerini-acikladi","og_locale":"tr_TR","og_type":"article","og_title":"T\u00fcrkiye \u0130statistik Kurumu Haziran Ay\u0131 Enflasyon Verilerini A\u00e7\u0131klad\u0131 - The Epoch Times TR","og_description":"T\u00fcrkiye \u0130statistik Kurumu (T\u00dc\u0130K), haziran ay\u0131na ili\u015fkin enflasyon verilerini a\u00e7\u0131klad\u0131. Ayl\u0131k enflasyon %0,99, y\u0131ll\u0131k enflasyon ,11 oldu.","og_url":"https:\/\/epochtimestr.com\/index.php\/turkiye-istatistik-kurumu-haziran-ayi-enflasyon-verilerini-acikladi","og_site_name":"The Epoch Times TR","article_publisher":"https:\/\/www.facebook.com\/theepochtimestr","article_published_time":"2026-07-04T05:09:51+00:00","article_modified_time":"2026-07-04T05:09:52+00:00","og_image":[{"width":1280,"height":720,"url":"https:\/\/epochtimestr.com\/wp-content\/uploads\/2011y\/tuik-6.webp","type":"image\/webp"}],"author":"Haber Merkezi","twitter_card":"summary_large_image","twitter_creator":"@TheEpochTimesTR","twitter_site":"@TheEpochTimesTR","twitter_misc":{"Yazan:":"Haber Merkezi","Tahmini okuma s\u00fcresi":"4 dakika"},"schema":{"@context":"https:\/\/schema.org","@graph":[{"@type":"Article","@id":"https:\/\/epochtimestr.com\/index.php\/turkiye-istatistik-kurumu-haziran-ayi-enflasyon-verilerini-acikladi#article","isPartOf":{"@id":"https:\/\/epochtimestr.com\/index.php\/turkiye-istatistik-kurumu-haziran-ayi-enflasyon-verilerini-acikladi"},"author":{"name":"Haber Merkezi","@id":"https:\/\/epochtimestr.com\/#\/schema\/person\/3dc5c3adeb9f43923c5aa85889172fdd"},"headline":"T\u00fcrkiye \u0130statistik Kurumu Haziran Ay\u0131 Enflasyon Verilerini A\u00e7\u0131klad\u0131","datePublished":"2026-07-04T05:09:51+00:00","dateModified":"2026-07-04T05:09:52+00:00","mainEntityOfPage":{"@id":"https:\/\/epochtimestr.com\/index.php\/turkiye-istatistik-kurumu-haziran-ayi-enflasyon-verilerini-acikladi"},"wordCount":544,"commentCount":0,"publisher":{"@id":"https:\/\/epochtimestr.com\/#organization"},"image":{"@id":"https:\/\/epochtimestr.com\/index.php\/turkiye-istatistik-kurumu-haziran-ayi-enflasyon-verilerini-acikladi#primaryimage"},"thumbnailUrl":"https:\/\/epochtimestr.com\/wp-content\/uploads\/2011y\/tuik-6.webp","keywords":["enflasyon","TU\u0130K"],"articleSection":["Ekonomi","G\u00dcNDEM","MAN\u015eET","T\u00dcRK\u0130YE"],"inLanguage":"tr","potentialAction":[{"@type":"CommentAction","name":"Comment","target":["https:\/\/epochtimestr.com\/index.php\/turkiye-istatistik-kurumu-haziran-ayi-enflasyon-verilerini-acikladi#respond"]}]},{"@type":"WebPage","@id":"https:\/\/epochtimestr.com\/index.php\/turkiye-istatistik-kurumu-haziran-ayi-enflasyon-verilerini-acikladi","url":"https:\/\/epochtimestr.com\/index.php\/turkiye-istatistik-kurumu-haziran-ayi-enflasyon-verilerini-acikladi","name":"T\u00fcrkiye \u0130statistik Kurumu Haziran Ay\u0131 Enflasyon Verilerini A\u00e7\u0131klad\u0131 - The Epoch Times TR","isPartOf":{"@id":"https:\/\/epochtimestr.com\/#website"},"primaryImageOfPage":{"@id":"https:\/\/epochtimestr.com\/index.php\/turkiye-istatistik-kurumu-haziran-ayi-enflasyon-verilerini-acikladi#primaryimage"},"image":{"@id":"https:\/\/epochtimestr.com\/index.php\/turkiye-istatistik-kurumu-haziran-ayi-enflasyon-verilerini-acikladi#primaryimage"},"thumbnailUrl":"https:\/\/epochtimestr.com\/wp-content\/uploads\/2011y\/tuik-6.webp","datePublished":"2026-07-04T05:09:51+00:00","dateModified":"2026-07-04T05:09:52+00:00","description":"T\u00fcrkiye \u0130statistik Kurumu (T\u00dc\u0130K), haziran ay\u0131na ili\u015fkin enflasyon verilerini a\u00e7\u0131klad\u0131. Ayl\u0131k enflasyon %0,99, y\u0131ll\u0131k enflasyon ,11 oldu.","inLanguage":"tr","potentialAction":[{"@type":"ReadAction","target":["https:\/\/epochtimestr.com\/index.php\/turkiye-istatistik-kurumu-haziran-ayi-enflasyon-verilerini-acikladi"]}]},{"@type":"ImageObject","inLanguage":"tr","@id":"https:\/\/epochtimestr.com\/index.php\/turkiye-istatistik-kurumu-haziran-ayi-enflasyon-verilerini-acikladi#primaryimage","url":"https:\/\/epochtimestr.com\/wp-content\/uploads\/2011y\/tuik-6.webp","contentUrl":"https:\/\/epochtimestr.com\/wp-content\/uploads\/2011y\/tuik-6.webp","width":1280,"height":720},{"@type":"WebSite","@id":"https:\/\/epochtimestr.com\/#website","url":"https:\/\/epochtimestr.com\/","name":"The Epoch Times TR","description":"De\u011fi\u015fen D\u00fcnyam\u0131za Taze Bir Bak\u0131\u015f","publisher":{"@id":"https:\/\/epochtimestr.com\/#organization"},"potentialAction":[{"@type":"SearchAction","target":{"@type":"EntryPoint","urlTemplate":"https:\/\/epochtimestr.com\/?s={search_term_string}"},"query-input":"required name=search_term_string"}],"inLanguage":"tr"},{"@type":"Organization","@id":"https:\/\/epochtimestr.com\/#organization","name":"The EpochTimes T\u00fcrkiye","url":"https:\/\/epochtimestr.com\/","logo":{"@type":"ImageObject","inLanguage":"tr","@id":"https:\/\/epochtimestr.com\/#\/schema\/logo\/image\/","url":"https:\/\/epochtimestr.com\/wp-content\/uploads\/2011y\/ET-Logo-YG.jpg","contentUrl":"https:\/\/epochtimestr.com\/wp-content\/uploads\/2011y\/ET-Logo-YG.jpg","width":346,"height":29,"caption":"The EpochTimes T\u00fcrkiye"},"image":{"@id":"https:\/\/epochtimestr.com\/#\/schema\/logo\/image\/"},"sameAs":["https:\/\/www.facebook.com\/theepochtimestr","https:\/\/x.com\/TheEpochTimesTR","https:\/\/www.instagram.com\/epochtimestr"]},{"@type":"Person","@id":"https:\/\/epochtimestr.com\/#\/schema\/person\/3dc5c3adeb9f43923c5aa85889172fdd","name":"Haber Merkezi","image":{"@type":"ImageObject","inLanguage":"tr","@id":"https:\/\/epochtimestr.com\/#\/schema\/person\/image\/","url":"https:\/\/secure.gravatar.com\/avatar\/d73f772ba5a74f28601361e17c2f93e6?s=96&d=mm&r=g","contentUrl":"https:\/\/secure.gravatar.com\/avatar\/d73f772ba5a74f28601361e17c2f93e6?s=96&d=mm&r=g","caption":"Haber Merkezi"},"url":"https:\/\/epochtimestr.com\/index.php\/author\/sendag"}]}},"_links":{"self":[{"href":"https:\/\/epochtimestr.com\/index.php\/wp-json\/wp\/v2\/posts\/168279"}],"collection":[{"href":"https:\/\/epochtimestr.com\/index.php\/wp-json\/wp\/v2\/posts"}],"about":[{"href":"https:\/\/epochtimestr.com\/index.php\/wp-json\/wp\/v2\/types\/post"}],"author":[{"embeddable":true,"href":"https:\/\/epochtimestr.com\/index.php\/wp-json\/wp\/v2\/users\/12791"}],"replies":[{"embeddable":true,"href":"https:\/\/epochtimestr.com\/index.php\/wp-json\/wp\/v2\/comments?post=168279"}],"version-history":[{"count":2,"href":"https:\/\/epochtimestr.com\/index.php\/wp-json\/wp\/v2\/posts\/168279\/revisions"}],"predecessor-version":[{"id":168290,"href":"https:\/\/epochtimestr.com\/index.php\/wp-json\/wp\/v2\/posts\/168279\/revisions\/168290"}],"wp:featuredmedia":[{"embeddable":true,"href":"https:\/\/epochtimestr.com\/index.php\/wp-json\/wp\/v2\/media\/157799"}],"wp:attachment":[{"href":"https:\/\/epochtimestr.com\/index.php\/wp-json\/wp\/v2\/media?parent=168279"}],"wp:term":[{"taxonomy":"category","embeddable":true,"href":"https:\/\/epochtimestr.com\/index.php\/wp-json\/wp\/v2\/categories?post=168279"},{"taxonomy":"post_tag","embeddable":true,"href":"https:\/\/epochtimestr.com\/index.php\/wp-json\/wp\/v2\/tags?post=168279"}],"curies":[{"name":"wp","href":"https:\/\/api.w.org\/{rel}","templated":true}]}}