{"id":168291,"date":"2026-07-05T08:00:00","date_gmt":"2026-07-05T05:00:00","guid":{"rendered":"https:\/\/epochtimestr.com\/?p=168291"},"modified":"2026-07-04T08:32:42","modified_gmt":"2026-07-04T05:32:42","slug":"zeki-muren-kirpigi","status":"publish","type":"post","link":"https:\/\/epochtimestr.com\/index.php\/zeki-muren-kirpigi","title":{"rendered":"Zeki M\u00fcren Kirpi\u011fi"},"content":{"rendered":"\n<p>Seksenli y\u0131llar\u0131n ortalar\u0131, \u00fcniversite birinci s\u0131n\u0131f\u2026<\/p>\n\n\n\n<p>O y\u0131llarda m\u00fctevaz\u0131 bir baraj g\u00f6l\u00fc kadar k\u00fc\u00e7\u00fck olan Mersin\u2019den, okyanus kadar b\u00fcy\u00fck \u0130stanbul\u2019a gitmi\u015f, yani k\u00f6yden \u015fehre inmi\u015f, metropole uyum sa\u011flamaya \u00e7al\u0131\u015f\u0131yorum. O okyanusun sular\u0131nda kula\u00e7 atmak de\u011fil, batmamaya \u00e7abalamak benimkisi. Daha \u0130stanbul\u2019u g\u00f6rmeden hakk\u0131nda duydu\u011fum \u015feyler var. \u0130nsan olarak hi\u00e7bir k\u0131ymetinin olmad\u0131\u011f\u0131, herkesin elinde avucunda olana, senden ne alabilece\u011fine bakt\u0131\u011f\u0131 yabanc\u0131 bir diyar bu. Kalbinin piyasada tedav\u00fcl\u00fc yok. Tekinsiz bir yer oras\u0131, her karanl\u0131k k\u00f6\u015fenin ard\u0131 netameli. On sekiz ya\u015f\u0131m\u0131 hen\u00fcz ad\u0131ml\u0131yorum. Hayata dair herhangi bir birikimim yok. Her yer bana yabanc\u0131, her \u015fey ba\u015fka bi\u00e7imde. Elinden tutaca\u011f\u0131m hi\u00e7 kimse yok, sa\u011f elimi sol elimle tutuyorum.<\/p>\n\n\n\n<p>Eh, bolca okumu\u015flu\u011fum, m\u00fcrekkep yalam\u0131\u015fl\u0131\u011f\u0131m, defter yemi\u015fli\u011fim var, sermayem bu.<\/p>\n\n\n\n<p>Bir gazetenin matbaas\u0131nda i\u015f buldum, \u00e7al\u0131\u015f\u0131p, para kazan\u0131p okuyaca\u011f\u0131m. Aileye y\u00fck olmamak laz\u0131m, onlar i\u00e7in de hayat kolay say\u0131lmaz.<\/p>\n\n\n\n<p>G\u00fcnd\u00fczleri \u00fcniversite, geceleri matbaa, ucuz bir \u00f6\u011frenci yurdunda bar\u0131nma. On sekiz ya\u015f\u0131m\u0131n k\u0131sa film senaryosu bu kadar.<\/p>\n\n\n\n<p>\u2026<\/p>\n\n\n\n<p>Aylardan kas\u0131m olmal\u0131\u2026 Vakit gece yar\u0131s\u0131n\u0131 ge\u00e7mi\u015f, arkada\u015f\u0131m Cahit\u2019le matbaa mesaisini bitirmi\u015f, kald\u0131\u011f\u0131m\u0131z \u00f6\u011frenci yurduna, Fatih\u2019ten Aksaray\u2019a ad\u0131ml\u0131yoruz. Ortal\u0131k tamamen \u0131ss\u0131z, \u201cher yer karanl\u0131k\u201d, in cin tenis oynuyor. Akdeniz Caddesinden inerken birden ileride bir karalt\u0131 beliriyor.<\/p>\n\n\n\n<p>Karalt\u0131 dedimse, devasa bir heyula!<\/p>\n\n\n\n<p>Bize do\u011fru geliyor kararl\u0131 ad\u0131mlarla\u2026 Adam ikimizin toplam\u0131ndan daha hacimli. Vaziyet belli, \u201cYa paran\u0131z\u0131, ya can\u0131n\u0131z\u0131!\u2026\u201d<\/p>\n\n\n\n<p>Aram\u0131zda durumu tart\u0131yoruz, biz iki delikanl\u0131y\u0131z, \u00f6v\u00fcnmek gibi olmas\u0131n kavgada iyiyim, Uzak Do\u011fu sporlar\u0131 da yapm\u0131\u015f\u0131m y\u0131llarca. Gel g\u00f6r ki, herif de pek yabana at\u0131l\u0131r gibi de\u011fil. \u0130kimizi de harcar bu, yi\u011fitli\u011fin onda dokuzuna ba\u015fvurup ka\u00e7sak m\u0131 acaba?<\/p>\n\n\n\n<p>Bu teredd\u00fctler i\u00e7inde saniyelerin as\u0131r gibi ge\u00e7ti\u011fi bir tempoda adam bize, biz adama yakla\u015f\u0131yoruz ad\u0131m ad\u0131m.<\/p>\n\n\n\n<p>Yi\u011fitli\u011fe leke s\u00fcrd\u00fcrmemeye karar verdik, iki yandan adam\u0131 \u00e7evirip ortam\u0131za alaca\u011f\u0131z, duruma bakaca\u011f\u0131z, Allah ne verdiyse\u2026<\/p>\n\n\n\n<p>Vakit geldi, o \u00e2dem ejderhas\u0131 herifle burun burunay\u0131z, tetikteyiz. Adam elini kald\u0131r\u0131p bize do\u011fru hamle yap\u0131yor, gard\u0131m\u0131z\u0131 al\u0131yoruz, adam\u0131n eli dilenci avucuna d\u00f6n\u00fc\u015f\u00fcyor ans\u0131z\u0131n ve bize \u015funlar\u0131 s\u00f6yl\u00fcyor:<\/p>\n\n\n\n<p>\u201cAb\u00fc\u00fc, ab\u00fc\u00fc, bi \u015farap paras\u0131 be ab\u00fc, bi cigara be ab\u00fc\u00fc !\u201d<\/p>\n\n\n\n<p>Vay can\u0131na! Bizim okkal\u0131 bir harami sand\u0131\u011f\u0131m\u0131z izbandut, kafadan gayrim\u00fcsellah bir f\u0131tt\u0131r\u0131km\u0131\u015f, bir meczupmu\u015f me\u011fer.<\/p>\n\n\n\n<p>\u201cHadi ordan ulan\u201d gibi seviyeli ifadelerle \u00fczerine y\u00fcr\u00fcyoruz, k\u00e2busumuz ka\u00e7arak bizden uzakla\u015f\u0131yor\u2026<\/p>\n\n\n\n<p>\u2026<\/p>\n\n\n\n<p>\u00dczerinden uzun y\u0131llar ge\u00e7se de unutmad\u0131m bunu, <em>Kahpe Bizans<\/em>\u2019tan ald\u0131\u011f\u0131m ilk ders bu oldu: <em>hayat\u0131 kabullerinle sen olu\u015fturur, kaderini tercihlerinle sen \u00f6rersin<\/em>.<\/p>\n\n\n\n<p>Kader \u00f6yle a\u011flar\u0131n\u0131 iki ters bi d\u00fcz, bi hara\u015fo \u00f6rmez, sen hayat\u0131n\u0131 ad\u0131m ad\u0131m, yudum yudum, ilmek ilmek, kan, ter ve g\u00f6zya\u015f\u0131yla, tebess\u00fcm ve kahkahalar\u0131nla in\u015fa edersin. Fail de sensin, ma\u011fdur da, katil de sensin, maktul de\u2026<\/p>\n\n\n\n<p>\u2026<\/p>\n\n\n\n<p>Ne mi demek istiyorum; hayat senin zann\u0131ndan ibaret ve onunla s\u0131n\u0131rl\u0131 <em>de\u011fil.<\/em><\/p>\n\n\n\n<p>Kafan\u0131n i\u00e7inde bir hayat kuruyorsun; bir\u00e7ok hayali, ideali, projeyi daha harekete ge\u00e7meden, eliyor vazge\u00e7iyorsun. <em>Yok, o \u00f6yle olmaz, o zaman ba\u015f\u0131ma \u015fu gelebilir; filanca ki\u015fi bu duruma \u015f\u00f6yle diyebilir, ya bu i\u015fin alt\u0131ndan kalkamazsam\u2026<\/em> Kendini ba\u015ftan kendin s\u0131n\u0131rl\u0131yorsun. \u0130\u00e7inde b\u00fcy\u00fctt\u00fc\u011f\u00fcn say\u0131s\u0131z kuruntu, binlerce evham seni ba\u015flamaktan, yola \u00e7\u0131kmaktan al\u0131koyuyor.<\/p>\n\n\n\n<p>Oysa bir ad\u0131m att\u0131\u011f\u0131nda, yola \u00e7\u0131kt\u0131\u011f\u0131nda bir\u00e7ok \u015feyin korktu\u011fun gibi olmad\u0131\u011f\u0131n\u0131, senin kafan\u0131n i\u00e7indeki sa\u00e7ma sapan kurgulardan bamba\u015fka bir d\u00fcnyan\u0131n m\u00fcmk\u00fcn ve var oldu\u011funu g\u00f6r\u00fcyorsun.<\/p>\n\n\n\n<p>K\u00e2busunun \u00fczerine y\u00fcr\u00fcd\u00fc\u011f\u00fcnde, onun da senden korkan bir hayalet oldu\u011funu anl\u0131yorsun.<\/p>\n\n\n\n<p>\u2026<\/p>\n\n\n\n<p>Elbette ucuz motivasyon gurular\u0131 gibi \u201cY\u00fcre\u011finin g\u00f6t\u00fcrd\u00fc\u011f\u00fc yere git\u201d demiyorum. \u0130nsan bir i\u015fe kalk\u0131\u015f\u0131rken i\u015fin de, kendinin de enini boyunu iyice \u00f6l\u00e7\u00fcp bi\u00e7ip \u00f6yle karar vermeli, amenna. Ama bir karar ald\u0131ktan sonra da <em>\u00f6n\u00fcm\u00fczdeki bahara <\/em>ertelememeli<em>. <\/em>Ortal\u0131k<em> \u201cPazartesi olsun, diyete ba\u015flayaca\u011f\u0131m.\u201d <\/em>diyen tontonlardan ge\u00e7ilmiyor.<\/p>\n\n\n\n<p>Karar\u0131n\u0131 ver, harekete ge\u00e7, imk\u00e2n bekleme, m\u00fcmk\u00fcn k\u0131l!<\/p>\n\n\n\n<p>\u2026<\/p>\n\n\n\n<p>\u00dcnl\u00fc oyuncu Ali Atay bir r\u00f6portaj\u0131nda \u015funlar\u0131 s\u00f6ylemi\u015fti.<\/p>\n\n\n\n<p>\u201cLeyla ile Mecnun dizisini yapmaya karar verdi\u011fimizde ortaya ne \u00e7\u0131kaca\u011f\u0131n\u0131 bilmiyorduk. Daha \u00f6nce denenmemi\u015f, abs\u00fcrt bir i\u015fti bu. \u00c7ekindi\u011fimiz, korktu\u011fumuz bir s\u00fcr\u00fc \u015fey vard\u0131. \u0130\u015fe giri\u015fince g\u00f6rd\u00fck ki, korkmak insan\u0131 sadece korkak yap\u0131yormu\u015f.\u201d<\/p>\n\n\n\n<p>\u2026<\/p>\n\n\n\n<p>Harekete ge\u00e7in, kaderinizin ilmekleri elinizde, Hara\u015fo olmazsa Zeki M\u00fcren Kirpi\u011fi<sup data-fn=\"01a7247d-7f33-4e5b-812e-c418edae11d2\" class=\"fn\"><a href=\"#01a7247d-7f33-4e5b-812e-c418edae11d2\" id=\"01a7247d-7f33-4e5b-812e-c418edae11d2-link\">1<\/a><\/sup> modeli olur, korkmay\u0131n.<\/p>\n\n\n\n<p>Ge\u00e7 kalmaktan, hi\u00e7 olmamaktan korkun, korkacaksan\u0131z.<\/p>\n\n\n\n<p>Ve \u015fu soruya cevap verin: \u015eimdi de\u011filse ne zaman?<\/p>\n\n\n\n<p><\/p>\n\n\n<ol class=\"wp-block-footnotes\"><li id=\"01a7247d-7f33-4e5b-812e-c418edae11d2\"><em>Bilmeyenler varsa, Hara\u015fo ve Zeki M\u00fcren Kirpi\u011fi, t\u0131\u011f veya \u015fi\u015fle yap\u0131lan iki farkl\u0131 \u00f6rg\u00fc modeline verilen isimlerdir.<\/em> <a href=\"#01a7247d-7f33-4e5b-812e-c418edae11d2-link\" aria-label=\"Dipnot ba\u015fvurusuna atla 1\">\u21a9\ufe0e<\/a><\/li><\/ol>","protected":false},"excerpt":{"rendered":"<p>Seksenli y\u0131llar\u0131n ortalar\u0131, \u00fcniversite birinci s\u0131n\u0131f\u2026 O y\u0131llarda m\u00fctevaz\u0131 bir baraj g\u00f6l\u00fc kadar k\u00fc\u00e7\u00fck olan Mersin\u2019den, okyanus kadar b\u00fcy\u00fck \u0130stanbul\u2019a gitmi\u015f, yani k\u00f6yden \u015fehre inmi\u015f, metropole uyum sa\u011flamaya \u00e7al\u0131\u015f\u0131yorum. O okyanusun sular\u0131nda kula\u00e7 atmak de\u011fil, batmamaya \u00e7abalamak benimkisi. Daha \u0130stanbul\u2019u g\u00f6rmeden hakk\u0131nda duydu\u011fum \u015feyler var. \u0130nsan olarak hi\u00e7bir k\u0131ymetinin olmad\u0131\u011f\u0131, herkesin elinde avucunda olana, senden [&hellip;]<\/p>\n","protected":false},"author":14002,"featured_media":161248,"comment_status":"open","ping_status":"open","sticky":false,"template":"","format":"standard","meta":{"_yoast_wpseo_focuskw":"Zeki M\u00fcren","_yoast_wpseo_title":"","_yoast_wpseo_metadesc":"Seksenli y\u0131llar\u0131n ortalar\u0131, \u00fcniversite birinci s\u0131n\u0131f\u2026 \u0130stanbul\u2019u g\u00f6rmeden hakk\u0131nda duydu\u011fum \u015feyler var. Tekinsiz bir yer oras\u0131.","_bbp_topic_count":0,"_bbp_reply_count":0,"_bbp_total_topic_count":0,"_bbp_total_reply_count":0,"_bbp_voice_count":0,"_bbp_anonymous_reply_count":0,"_bbp_topic_count_hidden":0,"_bbp_reply_count_hidden":0,"_bbp_forum_subforum_count":0,"footnotes":"[{\"content\":\"<em>Bilmeyenler varsa, Hara\u015fo ve Zeki M\u00fcren Kirpi\u011fi, t\u0131\u011f veya \u015fi\u015fle yap\u0131lan iki farkl\u0131 \u00f6rg\u00fc modeline verilen isimlerdir.<\/em>\",\"id\":\"01a7247d-7f33-4e5b-812e-c418edae11d2\"}]","_yoast_wpseo_focuskw_text_input":""},"categories":[9240],"tags":[],"yoast_head":"<!-- This site is optimized with the Yoast SEO plugin v23.0 - https:\/\/yoast.com\/wordpress\/plugins\/seo\/ -->\n<title>Zeki M\u00fcren Kirpi\u011fi - The Epoch Times TR<\/title>\n<meta name=\"description\" content=\"Seksenli y\u0131llar\u0131n ortalar\u0131, \u00fcniversite birinci s\u0131n\u0131f\u2026 \u0130stanbul\u2019u g\u00f6rmeden hakk\u0131nda duydu\u011fum \u015feyler var. Tekinsiz bir yer oras\u0131.\" \/>\n<meta name=\"robots\" content=\"index, follow, max-snippet:-1, max-image-preview:large, max-video-preview:-1\" \/>\n<link rel=\"canonical\" href=\"https:\/\/epochtimestr.com\/index.php\/zeki-muren-kirpigi\" \/>\n<meta property=\"og:locale\" content=\"tr_TR\" \/>\n<meta property=\"og:type\" content=\"article\" \/>\n<meta property=\"og:title\" content=\"Zeki M\u00fcren Kirpi\u011fi - The Epoch Times TR\" \/>\n<meta property=\"og:description\" content=\"Seksenli y\u0131llar\u0131n ortalar\u0131, \u00fcniversite birinci s\u0131n\u0131f\u2026 \u0130stanbul\u2019u g\u00f6rmeden hakk\u0131nda duydu\u011fum \u015feyler var. Tekinsiz bir yer oras\u0131.\" \/>\n<meta property=\"og:url\" content=\"https:\/\/epochtimestr.com\/index.php\/zeki-muren-kirpigi\" \/>\n<meta property=\"og:site_name\" content=\"The Epoch Times TR\" \/>\n<meta property=\"article:publisher\" content=\"https:\/\/www.facebook.com\/theepochtimestr\" \/>\n<meta property=\"article:published_time\" content=\"2026-07-05T05:00:00+00:00\" \/>\n<meta property=\"article:modified_time\" content=\"2026-07-04T05:32:42+00:00\" \/>\n<meta property=\"og:image\" content=\"https:\/\/epochtimestr.com\/wp-content\/uploads\/2011y\/Omer-Karayilan-SM-2.jpg\" \/>\n\t<meta property=\"og:image:width\" content=\"1200\" \/>\n\t<meta property=\"og:image:height\" content=\"630\" \/>\n\t<meta property=\"og:image:type\" content=\"image\/jpeg\" \/>\n<meta name=\"author\" content=\"\u00d6mer Karay\u0131lan\" \/>\n<meta name=\"twitter:card\" content=\"summary_large_image\" \/>\n<meta name=\"twitter:creator\" content=\"@TheEpochTimesTR\" \/>\n<meta name=\"twitter:site\" content=\"@TheEpochTimesTR\" \/>\n<meta name=\"twitter:label1\" content=\"Yazan:\" \/>\n\t<meta name=\"twitter:data1\" content=\"\u00d6mer Karay\u0131lan\" \/>\n\t<meta name=\"twitter:label2\" content=\"Tahmini okuma s\u00fcresi\" \/>\n\t<meta name=\"twitter:data2\" content=\"4 dakika\" \/>\n<script type=\"application\/ld+json\" class=\"yoast-schema-graph\">{\"@context\":\"https:\/\/schema.org\",\"@graph\":[{\"@type\":\"Article\",\"@id\":\"https:\/\/epochtimestr.com\/index.php\/zeki-muren-kirpigi#article\",\"isPartOf\":{\"@id\":\"https:\/\/epochtimestr.com\/index.php\/zeki-muren-kirpigi\"},\"author\":{\"name\":\"\u00d6mer Karay\u0131lan\",\"@id\":\"https:\/\/epochtimestr.com\/#\/schema\/person\/ee101079be4d8fb9fb88cca6784e219b\"},\"headline\":\"Zeki M\u00fcren Kirpi\u011fi\",\"datePublished\":\"2026-07-05T05:00:00+00:00\",\"dateModified\":\"2026-07-04T05:32:42+00:00\",\"mainEntityOfPage\":{\"@id\":\"https:\/\/epochtimestr.com\/index.php\/zeki-muren-kirpigi\"},\"wordCount\":870,\"commentCount\":1,\"publisher\":{\"@id\":\"https:\/\/epochtimestr.com\/#organization\"},\"image\":{\"@id\":\"https:\/\/epochtimestr.com\/index.php\/zeki-muren-kirpigi#primaryimage\"},\"thumbnailUrl\":\"https:\/\/epochtimestr.com\/wp-content\/uploads\/2011y\/Karayilan-Profil.png\",\"articleSection\":[\"K\u00f6\u015fe Yaz\u0131lar\u0131 \u00d6mer Karay\u0131lan\"],\"inLanguage\":\"tr\",\"potentialAction\":[{\"@type\":\"CommentAction\",\"name\":\"Comment\",\"target\":[\"https:\/\/epochtimestr.com\/index.php\/zeki-muren-kirpigi#respond\"]}]},{\"@type\":\"WebPage\",\"@id\":\"https:\/\/epochtimestr.com\/index.php\/zeki-muren-kirpigi\",\"url\":\"https:\/\/epochtimestr.com\/index.php\/zeki-muren-kirpigi\",\"name\":\"Zeki M\u00fcren Kirpi\u011fi - The Epoch Times TR\",\"isPartOf\":{\"@id\":\"https:\/\/epochtimestr.com\/#website\"},\"primaryImageOfPage\":{\"@id\":\"https:\/\/epochtimestr.com\/index.php\/zeki-muren-kirpigi#primaryimage\"},\"image\":{\"@id\":\"https:\/\/epochtimestr.com\/index.php\/zeki-muren-kirpigi#primaryimage\"},\"thumbnailUrl\":\"https:\/\/epochtimestr.com\/wp-content\/uploads\/2011y\/Karayilan-Profil.png\",\"datePublished\":\"2026-07-05T05:00:00+00:00\",\"dateModified\":\"2026-07-04T05:32:42+00:00\",\"description\":\"Seksenli y\u0131llar\u0131n ortalar\u0131, \u00fcniversite birinci s\u0131n\u0131f\u2026 \u0130stanbul\u2019u g\u00f6rmeden hakk\u0131nda duydu\u011fum \u015feyler var. Tekinsiz bir yer oras\u0131.\",\"inLanguage\":\"tr\",\"potentialAction\":[{\"@type\":\"ReadAction\",\"target\":[\"https:\/\/epochtimestr.com\/index.php\/zeki-muren-kirpigi\"]}]},{\"@type\":\"ImageObject\",\"inLanguage\":\"tr\",\"@id\":\"https:\/\/epochtimestr.com\/index.php\/zeki-muren-kirpigi#primaryimage\",\"url\":\"https:\/\/epochtimestr.com\/wp-content\/uploads\/2011y\/Karayilan-Profil.png\",\"contentUrl\":\"https:\/\/epochtimestr.com\/wp-content\/uploads\/2011y\/Karayilan-Profil.png\",\"width\":600,\"height\":600},{\"@type\":\"WebSite\",\"@id\":\"https:\/\/epochtimestr.com\/#website\",\"url\":\"https:\/\/epochtimestr.com\/\",\"name\":\"The Epoch Times TR\",\"description\":\"De\u011fi\u015fen D\u00fcnyam\u0131za Taze Bir Bak\u0131\u015f\",\"publisher\":{\"@id\":\"https:\/\/epochtimestr.com\/#organization\"},\"potentialAction\":[{\"@type\":\"SearchAction\",\"target\":{\"@type\":\"EntryPoint\",\"urlTemplate\":\"https:\/\/epochtimestr.com\/?s={search_term_string}\"},\"query-input\":\"required name=search_term_string\"}],\"inLanguage\":\"tr\"},{\"@type\":\"Organization\",\"@id\":\"https:\/\/epochtimestr.com\/#organization\",\"name\":\"The EpochTimes T\u00fcrkiye\",\"url\":\"https:\/\/epochtimestr.com\/\",\"logo\":{\"@type\":\"ImageObject\",\"inLanguage\":\"tr\",\"@id\":\"https:\/\/epochtimestr.com\/#\/schema\/logo\/image\/\",\"url\":\"https:\/\/epochtimestr.com\/wp-content\/uploads\/2011y\/ET-Logo-YG.jpg\",\"contentUrl\":\"https:\/\/epochtimestr.com\/wp-content\/uploads\/2011y\/ET-Logo-YG.jpg\",\"width\":346,\"height\":29,\"caption\":\"The EpochTimes T\u00fcrkiye\"},\"image\":{\"@id\":\"https:\/\/epochtimestr.com\/#\/schema\/logo\/image\/\"},\"sameAs\":[\"https:\/\/www.facebook.com\/theepochtimestr\",\"https:\/\/x.com\/TheEpochTimesTR\",\"https:\/\/www.instagram.com\/epochtimestr\"]},{\"@type\":\"Person\",\"@id\":\"https:\/\/epochtimestr.com\/#\/schema\/person\/ee101079be4d8fb9fb88cca6784e219b\",\"name\":\"\u00d6mer Karay\u0131lan\",\"image\":{\"@type\":\"ImageObject\",\"inLanguage\":\"tr\",\"@id\":\"https:\/\/epochtimestr.com\/#\/schema\/person\/image\/\",\"url\":\"https:\/\/secure.gravatar.com\/avatar\/23a8932f0189c3fe4c0e2731cb5eb5dd?s=96&d=mm&r=g\",\"contentUrl\":\"https:\/\/secure.gravatar.com\/avatar\/23a8932f0189c3fe4c0e2731cb5eb5dd?s=96&d=mm&r=g\",\"caption\":\"\u00d6mer Karay\u0131lan\"},\"url\":\"https:\/\/epochtimestr.com\/index.php\/author\/omer\"}]}<\/script>\n<!-- \/ Yoast SEO plugin. -->","yoast_head_json":{"title":"Zeki M\u00fcren Kirpi\u011fi - The Epoch Times TR","description":"Seksenli y\u0131llar\u0131n ortalar\u0131, \u00fcniversite birinci s\u0131n\u0131f\u2026 \u0130stanbul\u2019u g\u00f6rmeden hakk\u0131nda duydu\u011fum \u015feyler var. Tekinsiz bir yer oras\u0131.","robots":{"index":"index","follow":"follow","max-snippet":"max-snippet:-1","max-image-preview":"max-image-preview:large","max-video-preview":"max-video-preview:-1"},"canonical":"https:\/\/epochtimestr.com\/index.php\/zeki-muren-kirpigi","og_locale":"tr_TR","og_type":"article","og_title":"Zeki M\u00fcren Kirpi\u011fi - The Epoch Times TR","og_description":"Seksenli y\u0131llar\u0131n ortalar\u0131, \u00fcniversite birinci s\u0131n\u0131f\u2026 \u0130stanbul\u2019u g\u00f6rmeden hakk\u0131nda duydu\u011fum \u015feyler var. Tekinsiz bir yer oras\u0131.","og_url":"https:\/\/epochtimestr.com\/index.php\/zeki-muren-kirpigi","og_site_name":"The Epoch Times TR","article_publisher":"https:\/\/www.facebook.com\/theepochtimestr","article_published_time":"2026-07-05T05:00:00+00:00","article_modified_time":"2026-07-04T05:32:42+00:00","og_image":[{"width":1200,"height":630,"url":"https:\/\/epochtimestr.com\/wp-content\/uploads\/2011y\/Omer-Karayilan-SM-2.jpg","type":"image\/jpeg"}],"author":"\u00d6mer Karay\u0131lan","twitter_card":"summary_large_image","twitter_creator":"@TheEpochTimesTR","twitter_site":"@TheEpochTimesTR","twitter_misc":{"Yazan:":"\u00d6mer Karay\u0131lan","Tahmini okuma s\u00fcresi":"4 dakika"},"schema":{"@context":"https:\/\/schema.org","@graph":[{"@type":"Article","@id":"https:\/\/epochtimestr.com\/index.php\/zeki-muren-kirpigi#article","isPartOf":{"@id":"https:\/\/epochtimestr.com\/index.php\/zeki-muren-kirpigi"},"author":{"name":"\u00d6mer Karay\u0131lan","@id":"https:\/\/epochtimestr.com\/#\/schema\/person\/ee101079be4d8fb9fb88cca6784e219b"},"headline":"Zeki M\u00fcren Kirpi\u011fi","datePublished":"2026-07-05T05:00:00+00:00","dateModified":"2026-07-04T05:32:42+00:00","mainEntityOfPage":{"@id":"https:\/\/epochtimestr.com\/index.php\/zeki-muren-kirpigi"},"wordCount":870,"commentCount":1,"publisher":{"@id":"https:\/\/epochtimestr.com\/#organization"},"image":{"@id":"https:\/\/epochtimestr.com\/index.php\/zeki-muren-kirpigi#primaryimage"},"thumbnailUrl":"https:\/\/epochtimestr.com\/wp-content\/uploads\/2011y\/Karayilan-Profil.png","articleSection":["K\u00f6\u015fe Yaz\u0131lar\u0131 \u00d6mer Karay\u0131lan"],"inLanguage":"tr","potentialAction":[{"@type":"CommentAction","name":"Comment","target":["https:\/\/epochtimestr.com\/index.php\/zeki-muren-kirpigi#respond"]}]},{"@type":"WebPage","@id":"https:\/\/epochtimestr.com\/index.php\/zeki-muren-kirpigi","url":"https:\/\/epochtimestr.com\/index.php\/zeki-muren-kirpigi","name":"Zeki M\u00fcren Kirpi\u011fi - The Epoch Times TR","isPartOf":{"@id":"https:\/\/epochtimestr.com\/#website"},"primaryImageOfPage":{"@id":"https:\/\/epochtimestr.com\/index.php\/zeki-muren-kirpigi#primaryimage"},"image":{"@id":"https:\/\/epochtimestr.com\/index.php\/zeki-muren-kirpigi#primaryimage"},"thumbnailUrl":"https:\/\/epochtimestr.com\/wp-content\/uploads\/2011y\/Karayilan-Profil.png","datePublished":"2026-07-05T05:00:00+00:00","dateModified":"2026-07-04T05:32:42+00:00","description":"Seksenli y\u0131llar\u0131n ortalar\u0131, \u00fcniversite birinci s\u0131n\u0131f\u2026 \u0130stanbul\u2019u g\u00f6rmeden hakk\u0131nda duydu\u011fum \u015feyler var. Tekinsiz bir yer oras\u0131.","inLanguage":"tr","potentialAction":[{"@type":"ReadAction","target":["https:\/\/epochtimestr.com\/index.php\/zeki-muren-kirpigi"]}]},{"@type":"ImageObject","inLanguage":"tr","@id":"https:\/\/epochtimestr.com\/index.php\/zeki-muren-kirpigi#primaryimage","url":"https:\/\/epochtimestr.com\/wp-content\/uploads\/2011y\/Karayilan-Profil.png","contentUrl":"https:\/\/epochtimestr.com\/wp-content\/uploads\/2011y\/Karayilan-Profil.png","width":600,"height":600},{"@type":"WebSite","@id":"https:\/\/epochtimestr.com\/#website","url":"https:\/\/epochtimestr.com\/","name":"The Epoch Times TR","description":"De\u011fi\u015fen D\u00fcnyam\u0131za Taze Bir Bak\u0131\u015f","publisher":{"@id":"https:\/\/epochtimestr.com\/#organization"},"potentialAction":[{"@type":"SearchAction","target":{"@type":"EntryPoint","urlTemplate":"https:\/\/epochtimestr.com\/?s={search_term_string}"},"query-input":"required name=search_term_string"}],"inLanguage":"tr"},{"@type":"Organization","@id":"https:\/\/epochtimestr.com\/#organization","name":"The EpochTimes T\u00fcrkiye","url":"https:\/\/epochtimestr.com\/","logo":{"@type":"ImageObject","inLanguage":"tr","@id":"https:\/\/epochtimestr.com\/#\/schema\/logo\/image\/","url":"https:\/\/epochtimestr.com\/wp-content\/uploads\/2011y\/ET-Logo-YG.jpg","contentUrl":"https:\/\/epochtimestr.com\/wp-content\/uploads\/2011y\/ET-Logo-YG.jpg","width":346,"height":29,"caption":"The EpochTimes T\u00fcrkiye"},"image":{"@id":"https:\/\/epochtimestr.com\/#\/schema\/logo\/image\/"},"sameAs":["https:\/\/www.facebook.com\/theepochtimestr","https:\/\/x.com\/TheEpochTimesTR","https:\/\/www.instagram.com\/epochtimestr"]},{"@type":"Person","@id":"https:\/\/epochtimestr.com\/#\/schema\/person\/ee101079be4d8fb9fb88cca6784e219b","name":"\u00d6mer Karay\u0131lan","image":{"@type":"ImageObject","inLanguage":"tr","@id":"https:\/\/epochtimestr.com\/#\/schema\/person\/image\/","url":"https:\/\/secure.gravatar.com\/avatar\/23a8932f0189c3fe4c0e2731cb5eb5dd?s=96&d=mm&r=g","contentUrl":"https:\/\/secure.gravatar.com\/avatar\/23a8932f0189c3fe4c0e2731cb5eb5dd?s=96&d=mm&r=g","caption":"\u00d6mer Karay\u0131lan"},"url":"https:\/\/epochtimestr.com\/index.php\/author\/omer"}]}},"_links":{"self":[{"href":"https:\/\/epochtimestr.com\/index.php\/wp-json\/wp\/v2\/posts\/168291"}],"collection":[{"href":"https:\/\/epochtimestr.com\/index.php\/wp-json\/wp\/v2\/posts"}],"about":[{"href":"https:\/\/epochtimestr.com\/index.php\/wp-json\/wp\/v2\/types\/post"}],"author":[{"embeddable":true,"href":"https:\/\/epochtimestr.com\/index.php\/wp-json\/wp\/v2\/users\/14002"}],"replies":[{"embeddable":true,"href":"https:\/\/epochtimestr.com\/index.php\/wp-json\/wp\/v2\/comments?post=168291"}],"version-history":[{"count":1,"href":"https:\/\/epochtimestr.com\/index.php\/wp-json\/wp\/v2\/posts\/168291\/revisions"}],"predecessor-version":[{"id":168292,"href":"https:\/\/epochtimestr.com\/index.php\/wp-json\/wp\/v2\/posts\/168291\/revisions\/168292"}],"wp:featuredmedia":[{"embeddable":true,"href":"https:\/\/epochtimestr.com\/index.php\/wp-json\/wp\/v2\/media\/161248"}],"wp:attachment":[{"href":"https:\/\/epochtimestr.com\/index.php\/wp-json\/wp\/v2\/media?parent=168291"}],"wp:term":[{"taxonomy":"category","embeddable":true,"href":"https:\/\/epochtimestr.com\/index.php\/wp-json\/wp\/v2\/categories?post=168291"},{"taxonomy":"post_tag","embeddable":true,"href":"https:\/\/epochtimestr.com\/index.php\/wp-json\/wp\/v2\/tags?post=168291"}],"curies":[{"name":"wp","href":"https:\/\/api.w.org\/{rel}","templated":true}]}}