{"id":168317,"date":"2026-07-05T15:37:48","date_gmt":"2026-07-05T12:37:48","guid":{"rendered":"https:\/\/epochtimestr.com\/?p=168317"},"modified":"2026-07-05T15:37:59","modified_gmt":"2026-07-05T12:37:59","slug":"ap-genel-kurulu-turkiyeye-iliskin-raporu-kabul-etti","status":"publish","type":"post","link":"https:\/\/epochtimestr.com\/index.php\/ap-genel-kurulu-turkiyeye-iliskin-raporu-kabul-etti","title":{"rendered":"AP Genel Kurulu T\u00fcrkiye&#8217;ye \u0130li\u015fkin Raporu Kabul Etti"},"content":{"rendered":"<div class=\"wp-block-image\">\n<figure class=\"aligncenter size-full\"><img loading=\"lazy\" decoding=\"async\" width=\"2080\" height=\"1170\" src=\"https:\/\/epochtimestr.com\/wp-content\/uploads\/2011y\/ap.webp\" alt=\"Avrupa Parlamentosu (AP) Genel Kurulu, T\u00fcrkiye'ye ili\u015fkin raporu 381 evet, 107 hay\u0131r ve 171 \u00e7ekimser oyla kabul etti. (Foto\u011fraf: European Union Parliament web sitesi)\" class=\"wp-image-168318\" srcset=\"https:\/\/epochtimestr.com\/wp-content\/uploads\/2011y\/ap.webp 2080w, https:\/\/epochtimestr.com\/wp-content\/uploads\/2011y\/ap-300x169.webp 300w, https:\/\/epochtimestr.com\/wp-content\/uploads\/2011y\/ap-150x84.webp 150w, https:\/\/epochtimestr.com\/wp-content\/uploads\/2011y\/ap-768x432.webp 768w, https:\/\/epochtimestr.com\/wp-content\/uploads\/2011y\/ap-1536x864.webp 1536w, https:\/\/epochtimestr.com\/wp-content\/uploads\/2011y\/ap-2048x1152.webp 2048w\" sizes=\"(max-width: 2080px) 100vw, 2080px\" \/><figcaption class=\"wp-element-caption\">Avrupa Parlamentosu (AP) Genel Kurulu, T\u00fcrkiye&#8217;ye ili\u015fkin raporu 381 evet, 107 hay\u0131r ve 171 \u00e7ekimser oyla kabul etti. (Foto\u011fraf: European Union Parliament web sitesi)<\/figcaption><\/figure><\/div>\n\n\n<h2 class=\"wp-block-heading\">Avrupa Parlamentosu (AP) Genel Kurulu, T\u00fcrkiye&#8217;ye ili\u015fkin raporu 381 evet, 107 hay\u0131r ve 171 \u00e7ekimser oyla kabul etti. T\u00fcrkiye&#8217;nin \u00fcyelik i\u00e7in gerekli demokratik reformlar\u0131 ger\u00e7ekle\u015ftirmedi\u011fi de\u011ferlendirmesi yap\u0131ld\u0131.<\/h2>\n\n\n\n<p><a href=\"https:\/\/epochtimestr.com\/index.php\/avrupa-parlamentosu-cin-ile-ticarette-daha-sert-olacak\" target=\"_blank\" rel=\"noreferrer noopener\">Avrupa Parlamentosu<\/a> \u00fcyeleri, 1 Temmuz \u00c7ar\u015famba g\u00fcn\u00fc 381 lehte, 107 aleyhte ve 171 \u00e7ekimser oyla kabul edilen kararda, AB geni\u015fleme politikas\u0131n\u0131n \u015fu anda ivme kazanmas\u0131na ra\u011fmen <a href=\"https:\/\/epochtimestr.com\/index.php\/turkiye-istatistik-kurumu-haziran-ayi-enflasyon-verilerini-acikladi\" target=\"_blank\" rel=\"noreferrer noopener\">T\u00fcrkiye<\/a>&#8216;nin demokratik reform eksikli\u011fi nedeniyle bu f\u0131rsat penceresini ka\u00e7\u0131rd\u0131\u011f\u0131 sonucuna vard\u0131lar.<\/p>\n\n\n\n<p>Avrupa Parlamentosu\u2019nun T\u00fcrkiye raporunda CHP\u2019ye ili\u015fkin de\u011ferlendirmeler \u00f6ne \u00e7\u0131karken, \u00fcyelik s\u00fcrecindeki reform eksiklikleri sert ifadelerle ele\u015ftirildi. Ana muhalefet partisi CHP\u2019yi ve onun me\u015fru liderli\u011fini hedef alan son hukuki s\u00fcre\u00e7, demokratik \u00e7o\u011fulculu\u011fun ve hukukun \u00fcst\u00fcnl\u00fc\u011f\u00fcn\u00fcn u\u011frad\u0131\u011f\u0131 geni\u015f \u00e7apl\u0131 erozyonun en son \u00f6rne\u011fidir. Bu durum, yarg\u0131n\u0131n siyasi ama\u00e7lar do\u011frultusunda bir silah gibi kullan\u0131ld\u0131\u011f\u0131n\u0131 a\u00e7\u0131k\u00e7a g\u00f6stermektedir\u201d denildi.<br \/><strong>Rapora g\u00f6re, <\/strong><\/p>\n\n\n\n<p>T\u00fcrk h\u00fck\u00fcmetinin AB \u00fcyeli\u011fine olan ba\u011fl\u0131l\u0131\u011f\u0131n\u0131 defalarca teyit eden a\u00e7\u0131klamalar\u0131na ra\u011fmen, kat\u0131l\u0131m s\u00fcrecini etkileyen temel eksiklikler giderilmemi\u015f durumda. Avrupa Parlamentosu \u00fcyeleri, T\u00fcrk h\u00fck\u00fcmetini hukukun \u00fcst\u00fcnl\u00fc\u011f\u00fc, insan haklar\u0131, demokratik standartlar, bas\u0131n \u00f6zg\u00fcrl\u00fc\u011f\u00fc ve di\u011fer temel \u00f6zg\u00fcrl\u00fckler alanlar\u0131ndaki s\u00fcregelen eksiklikleri gidermeye, ayr\u0131ca iyi kom\u015fuluk ili\u015fkilerine ve uluslararas\u0131 hukuka sayg\u0131 g\u00f6stermeye \u00e7a\u011f\u0131r\u0131yor. Parlamento, T\u00fcrkiye&#8217;nin Yunanistan ve K\u0131br\u0131s gibi AB \u00fcye devletlerinin egemenlik haklar\u0131n\u0131 ihlal etmeye devam etmesinden \u00fcz\u00fcnt\u00fc duyuyor. Rapor ayr\u0131ca, di\u011fer AB kurumlar\u0131n\u0131n ve bir\u00e7ok \u00fcye devletin bu geli\u015fmelere verdi\u011fi s\u0131n\u0131rl\u0131 tepkiyi ele\u015ftirerek, T\u00fcrkiye&#8217;deki demokratik standartlar\u0131n ve hukukun \u00fcst\u00fcnl\u00fc\u011f\u00fcn\u00fcn savunulmas\u0131nda daha g\u00fc\u00e7l\u00fc bir duru\u015f sergilemeleri \u00e7a\u011fr\u0131s\u0131nda bulunuyor.<\/p>\n\n\n\n<p>Rapora g\u00f6re, \u00fcyelik s\u00fcreci 2018&#8217;den beri durmu\u015f olsa da, T\u00fcrkiye stratejik ve jeopolitik \u00f6neme sahip bir \u00fclke ve NATO m\u00fcttefiki olmaya devam ediyor.<\/p>\n\n\n\n<p><strong>Raport\u00f6r Sancho Nachez Amor (S&amp;D, \u0130spanya) \u015funlar\u0131 s\u00f6yledi: <\/strong><\/p>\n\n\n\n<p>\u201cT\u00fcrkiye, tam anlam\u0131yla otoriter bir modele do\u011fru h\u0131zla ilerlemeye devam ediyor. Ana muhalefet partisi CHP ve me\u015fru liderli\u011fini hedef alan son dava, demokratik \u00e7o\u011fulculu\u011fun ve hukukun \u00fcst\u00fcnl\u00fc\u011f\u00fcn\u00fcn daha geni\u015f bir \u015fekilde a\u015f\u0131nmas\u0131n\u0131n son \u00f6rne\u011fidir ve siyasi ama\u00e7lar i\u00e7in silah haline getirilen bir yarg\u0131n\u0131n rol\u00fcn\u00fc vurgulamaktad\u0131r. B\u00f6ylesine ciddi bir durum kar\u015f\u0131s\u0131nda Komisyonun, Avrupa D\u0131\u015f \u0130li\u015fkiler Servisi&#8217;nin ve \u00fcye devletlerin T\u00fcrkiye&#8217;deki demokrasinin devam eden y\u0131k\u0131m\u0131na g\u00f6z yumma konusundaki sessiz tepkisinden derin endi\u015fe duyuyoruz. Bu sessizlik, AB&#8217;nin imaj\u0131n\u0131 ve g\u00fcvenilirli\u011fini zedeliyor ve T\u00fcrk toplumunun en Avrupa yanl\u0131s\u0131 ve demokrasi yanl\u0131s\u0131 kesimlerini daha da yabanc\u0131la\u015ft\u0131r\u0131yor. Sonu\u00e7lar\u0131n\u0131n geri d\u00f6n\u00fc\u015f\u00fc y\u0131llar alabilir.\u201d<\/p>\n\n\n\n<figure class=\"wp-block-embed is-type-rich is-provider-x wp-block-embed-x\"><div class=\"wp-block-embed__wrapper\">\n<blockquote class=\"twitter-tweet\" data-width=\"550\" data-dnt=\"true\"><p lang=\"en\" dir=\"ltr\">Learn more \u2193<a href=\"https:\/\/t.co\/uT2bzZxcGR\">https:\/\/t.co\/uT2bzZxcGR<\/a><\/p>&mdash; European Parliament (@Europarl_EN) <a href=\"https:\/\/x.com\/Europarl_EN\/status\/2073331293333717111?ref_src=twsrc%5Etfw\">July 4, 2026<\/a><\/blockquote><script async src=\"https:\/\/platform.x.com\/widgets.js\" charset=\"utf-8\"><\/script>\n<\/div><\/figure>\n","protected":false},"excerpt":{"rendered":"<p>Avrupa Parlamentosu (AP) Genel Kurulu, T\u00fcrkiye&#8217;ye ili\u015fkin raporu 381 evet, 107 hay\u0131r ve 171 \u00e7ekimser oyla kabul etti. T\u00fcrkiye&#8217;nin \u00fcyelik i\u00e7in gerekli demokratik reformlar\u0131 ger\u00e7ekle\u015ftirmedi\u011fi de\u011ferlendirmesi yap\u0131ld\u0131. Avrupa Parlamentosu \u00fcyeleri, 1 Temmuz \u00c7ar\u015famba g\u00fcn\u00fc 381 lehte, 107 aleyhte ve 171 \u00e7ekimser oyla kabul edilen kararda, AB geni\u015fleme politikas\u0131n\u0131n \u015fu anda ivme kazanmas\u0131na ra\u011fmen T\u00fcrkiye&#8216;nin demokratik [&hellip;]<\/p>\n","protected":false},"author":12791,"featured_media":168318,"comment_status":"open","ping_status":"open","sticky":false,"template":"","format":"standard","meta":{"_yoast_wpseo_focuskw":"AP","_yoast_wpseo_title":"","_yoast_wpseo_metadesc":"Avrupa Parlamentosu (AP) Genel Kurulu, T\u00fcrkiye'ye ili\u015fkin raporu 381 evet, 107 hay\u0131r ve 171 \u00e7ekimser oyla kabul etti.","_bbp_topic_count":0,"_bbp_reply_count":0,"_bbp_total_topic_count":0,"_bbp_total_reply_count":0,"_bbp_voice_count":0,"_bbp_anonymous_reply_count":0,"_bbp_topic_count_hidden":0,"_bbp_reply_count_hidden":0,"_bbp_forum_subforum_count":0,"footnotes":"","_yoast_wpseo_focuskw_text_input":""},"categories":[5,1,8138,8226,37],"tags":[329,2091,330,328],"yoast_head":"<!-- This site is optimized with the Yoast SEO plugin v23.0 - https:\/\/yoast.com\/wordpress\/plugins\/seo\/ -->\n<title>AP Genel Kurulu T\u00fcrkiye&#039;ye \u0130li\u015fkin Raporu Kabul Etti - The Epoch Times TR<\/title>\n<meta name=\"description\" content=\"Avrupa Parlamentosu (AP) Genel Kurulu, T\u00fcrkiye&#039;ye ili\u015fkin raporu 381 evet, 107 hay\u0131r ve 171 \u00e7ekimser oyla kabul etti.\" \/>\n<meta name=\"robots\" content=\"index, follow, max-snippet:-1, max-image-preview:large, max-video-preview:-1\" \/>\n<link rel=\"canonical\" href=\"https:\/\/epochtimestr.com\/index.php\/ap-genel-kurulu-turkiyeye-iliskin-raporu-kabul-etti\" \/>\n<meta property=\"og:locale\" content=\"tr_TR\" \/>\n<meta property=\"og:type\" content=\"article\" \/>\n<meta property=\"og:title\" content=\"AP Genel Kurulu T\u00fcrkiye&#039;ye \u0130li\u015fkin Raporu Kabul Etti - The Epoch Times TR\" \/>\n<meta property=\"og:description\" content=\"Avrupa Parlamentosu (AP) Genel Kurulu, T\u00fcrkiye&#039;ye ili\u015fkin raporu 381 evet, 107 hay\u0131r ve 171 \u00e7ekimser oyla kabul etti.\" \/>\n<meta property=\"og:url\" content=\"https:\/\/epochtimestr.com\/index.php\/ap-genel-kurulu-turkiyeye-iliskin-raporu-kabul-etti\" \/>\n<meta property=\"og:site_name\" content=\"The Epoch Times TR\" \/>\n<meta property=\"article:publisher\" content=\"https:\/\/www.facebook.com\/theepochtimestr\" \/>\n<meta property=\"article:published_time\" content=\"2026-07-05T12:37:48+00:00\" \/>\n<meta property=\"article:modified_time\" content=\"2026-07-05T12:37:59+00:00\" \/>\n<meta property=\"og:image\" content=\"https:\/\/epochtimestr.com\/wp-content\/uploads\/2011y\/ap.webp\" \/>\n\t<meta property=\"og:image:width\" content=\"2080\" \/>\n\t<meta property=\"og:image:height\" content=\"1170\" \/>\n\t<meta property=\"og:image:type\" content=\"image\/webp\" \/>\n<meta name=\"author\" content=\"Haber Merkezi\" \/>\n<meta name=\"twitter:card\" content=\"summary_large_image\" \/>\n<meta name=\"twitter:creator\" content=\"@TheEpochTimesTR\" \/>\n<meta name=\"twitter:site\" content=\"@TheEpochTimesTR\" \/>\n<meta name=\"twitter:label1\" content=\"Yazan:\" \/>\n\t<meta name=\"twitter:data1\" content=\"Haber Merkezi\" \/>\n\t<meta name=\"twitter:label2\" content=\"Tahmini okuma s\u00fcresi\" \/>\n\t<meta name=\"twitter:data2\" content=\"3 dakika\" \/>\n<script type=\"application\/ld+json\" class=\"yoast-schema-graph\">{\"@context\":\"https:\/\/schema.org\",\"@graph\":[{\"@type\":\"Article\",\"@id\":\"https:\/\/epochtimestr.com\/index.php\/ap-genel-kurulu-turkiyeye-iliskin-raporu-kabul-etti#article\",\"isPartOf\":{\"@id\":\"https:\/\/epochtimestr.com\/index.php\/ap-genel-kurulu-turkiyeye-iliskin-raporu-kabul-etti\"},\"author\":{\"name\":\"Haber Merkezi\",\"@id\":\"https:\/\/epochtimestr.com\/#\/schema\/person\/3dc5c3adeb9f43923c5aa85889172fdd\"},\"headline\":\"AP Genel Kurulu T\u00fcrkiye&#8217;ye \u0130li\u015fkin Raporu Kabul Etti\",\"datePublished\":\"2026-07-05T12:37:48+00:00\",\"dateModified\":\"2026-07-05T12:37:59+00:00\",\"mainEntityOfPage\":{\"@id\":\"https:\/\/epochtimestr.com\/index.php\/ap-genel-kurulu-turkiyeye-iliskin-raporu-kabul-etti\"},\"wordCount\":535,\"commentCount\":0,\"publisher\":{\"@id\":\"https:\/\/epochtimestr.com\/#organization\"},\"image\":{\"@id\":\"https:\/\/epochtimestr.com\/index.php\/ap-genel-kurulu-turkiyeye-iliskin-raporu-kabul-etti#primaryimage\"},\"thumbnailUrl\":\"https:\/\/epochtimestr.com\/wp-content\/uploads\/2011y\/ap.webp\",\"keywords\":[\"avrupa birli\u011fi\",\"demokrasi\",\"rapor\",\"T\u00fcrkiye\"],\"articleSection\":[\"D\u00dcNYA\",\"G\u00dcNDEM\",\"MAN\u015eET\",\"Siyaset\",\"T\u00dcRK\u0130YE\"],\"inLanguage\":\"tr\",\"potentialAction\":[{\"@type\":\"CommentAction\",\"name\":\"Comment\",\"target\":[\"https:\/\/epochtimestr.com\/index.php\/ap-genel-kurulu-turkiyeye-iliskin-raporu-kabul-etti#respond\"]}]},{\"@type\":\"WebPage\",\"@id\":\"https:\/\/epochtimestr.com\/index.php\/ap-genel-kurulu-turkiyeye-iliskin-raporu-kabul-etti\",\"url\":\"https:\/\/epochtimestr.com\/index.php\/ap-genel-kurulu-turkiyeye-iliskin-raporu-kabul-etti\",\"name\":\"AP Genel Kurulu T\u00fcrkiye'ye \u0130li\u015fkin Raporu Kabul Etti - The Epoch Times TR\",\"isPartOf\":{\"@id\":\"https:\/\/epochtimestr.com\/#website\"},\"primaryImageOfPage\":{\"@id\":\"https:\/\/epochtimestr.com\/index.php\/ap-genel-kurulu-turkiyeye-iliskin-raporu-kabul-etti#primaryimage\"},\"image\":{\"@id\":\"https:\/\/epochtimestr.com\/index.php\/ap-genel-kurulu-turkiyeye-iliskin-raporu-kabul-etti#primaryimage\"},\"thumbnailUrl\":\"https:\/\/epochtimestr.com\/wp-content\/uploads\/2011y\/ap.webp\",\"datePublished\":\"2026-07-05T12:37:48+00:00\",\"dateModified\":\"2026-07-05T12:37:59+00:00\",\"description\":\"Avrupa Parlamentosu (AP) Genel Kurulu, T\u00fcrkiye'ye ili\u015fkin raporu 381 evet, 107 hay\u0131r ve 171 \u00e7ekimser oyla kabul etti.\",\"inLanguage\":\"tr\",\"potentialAction\":[{\"@type\":\"ReadAction\",\"target\":[\"https:\/\/epochtimestr.com\/index.php\/ap-genel-kurulu-turkiyeye-iliskin-raporu-kabul-etti\"]}]},{\"@type\":\"ImageObject\",\"inLanguage\":\"tr\",\"@id\":\"https:\/\/epochtimestr.com\/index.php\/ap-genel-kurulu-turkiyeye-iliskin-raporu-kabul-etti#primaryimage\",\"url\":\"https:\/\/epochtimestr.com\/wp-content\/uploads\/2011y\/ap.webp\",\"contentUrl\":\"https:\/\/epochtimestr.com\/wp-content\/uploads\/2011y\/ap.webp\",\"width\":2080,\"height\":1170},{\"@type\":\"WebSite\",\"@id\":\"https:\/\/epochtimestr.com\/#website\",\"url\":\"https:\/\/epochtimestr.com\/\",\"name\":\"The Epoch Times TR\",\"description\":\"De\u011fi\u015fen D\u00fcnyam\u0131za Taze Bir Bak\u0131\u015f\",\"publisher\":{\"@id\":\"https:\/\/epochtimestr.com\/#organization\"},\"potentialAction\":[{\"@type\":\"SearchAction\",\"target\":{\"@type\":\"EntryPoint\",\"urlTemplate\":\"https:\/\/epochtimestr.com\/?s={search_term_string}\"},\"query-input\":\"required name=search_term_string\"}],\"inLanguage\":\"tr\"},{\"@type\":\"Organization\",\"@id\":\"https:\/\/epochtimestr.com\/#organization\",\"name\":\"The EpochTimes T\u00fcrkiye\",\"url\":\"https:\/\/epochtimestr.com\/\",\"logo\":{\"@type\":\"ImageObject\",\"inLanguage\":\"tr\",\"@id\":\"https:\/\/epochtimestr.com\/#\/schema\/logo\/image\/\",\"url\":\"https:\/\/epochtimestr.com\/wp-content\/uploads\/2011y\/ET-Logo-YG.jpg\",\"contentUrl\":\"https:\/\/epochtimestr.com\/wp-content\/uploads\/2011y\/ET-Logo-YG.jpg\",\"width\":346,\"height\":29,\"caption\":\"The EpochTimes T\u00fcrkiye\"},\"image\":{\"@id\":\"https:\/\/epochtimestr.com\/#\/schema\/logo\/image\/\"},\"sameAs\":[\"https:\/\/www.facebook.com\/theepochtimestr\",\"https:\/\/x.com\/TheEpochTimesTR\",\"https:\/\/www.instagram.com\/epochtimestr\"]},{\"@type\":\"Person\",\"@id\":\"https:\/\/epochtimestr.com\/#\/schema\/person\/3dc5c3adeb9f43923c5aa85889172fdd\",\"name\":\"Haber Merkezi\",\"image\":{\"@type\":\"ImageObject\",\"inLanguage\":\"tr\",\"@id\":\"https:\/\/epochtimestr.com\/#\/schema\/person\/image\/\",\"url\":\"https:\/\/secure.gravatar.com\/avatar\/d73f772ba5a74f28601361e17c2f93e6?s=96&d=mm&r=g\",\"contentUrl\":\"https:\/\/secure.gravatar.com\/avatar\/d73f772ba5a74f28601361e17c2f93e6?s=96&d=mm&r=g\",\"caption\":\"Haber Merkezi\"},\"url\":\"https:\/\/epochtimestr.com\/index.php\/author\/sendag\"}]}<\/script>\n<!-- \/ Yoast SEO plugin. -->","yoast_head_json":{"title":"AP Genel Kurulu T\u00fcrkiye'ye \u0130li\u015fkin Raporu Kabul Etti - The Epoch Times TR","description":"Avrupa Parlamentosu (AP) Genel Kurulu, T\u00fcrkiye'ye ili\u015fkin raporu 381 evet, 107 hay\u0131r ve 171 \u00e7ekimser oyla kabul etti.","robots":{"index":"index","follow":"follow","max-snippet":"max-snippet:-1","max-image-preview":"max-image-preview:large","max-video-preview":"max-video-preview:-1"},"canonical":"https:\/\/epochtimestr.com\/index.php\/ap-genel-kurulu-turkiyeye-iliskin-raporu-kabul-etti","og_locale":"tr_TR","og_type":"article","og_title":"AP Genel Kurulu T\u00fcrkiye'ye \u0130li\u015fkin Raporu Kabul Etti - The Epoch Times TR","og_description":"Avrupa Parlamentosu (AP) Genel Kurulu, T\u00fcrkiye'ye ili\u015fkin raporu 381 evet, 107 hay\u0131r ve 171 \u00e7ekimser oyla kabul etti.","og_url":"https:\/\/epochtimestr.com\/index.php\/ap-genel-kurulu-turkiyeye-iliskin-raporu-kabul-etti","og_site_name":"The Epoch Times TR","article_publisher":"https:\/\/www.facebook.com\/theepochtimestr","article_published_time":"2026-07-05T12:37:48+00:00","article_modified_time":"2026-07-05T12:37:59+00:00","og_image":[{"width":2080,"height":1170,"url":"https:\/\/epochtimestr.com\/wp-content\/uploads\/2011y\/ap.webp","type":"image\/webp"}],"author":"Haber Merkezi","twitter_card":"summary_large_image","twitter_creator":"@TheEpochTimesTR","twitter_site":"@TheEpochTimesTR","twitter_misc":{"Yazan:":"Haber Merkezi","Tahmini okuma s\u00fcresi":"3 dakika"},"schema":{"@context":"https:\/\/schema.org","@graph":[{"@type":"Article","@id":"https:\/\/epochtimestr.com\/index.php\/ap-genel-kurulu-turkiyeye-iliskin-raporu-kabul-etti#article","isPartOf":{"@id":"https:\/\/epochtimestr.com\/index.php\/ap-genel-kurulu-turkiyeye-iliskin-raporu-kabul-etti"},"author":{"name":"Haber Merkezi","@id":"https:\/\/epochtimestr.com\/#\/schema\/person\/3dc5c3adeb9f43923c5aa85889172fdd"},"headline":"AP Genel Kurulu T\u00fcrkiye&#8217;ye \u0130li\u015fkin Raporu Kabul Etti","datePublished":"2026-07-05T12:37:48+00:00","dateModified":"2026-07-05T12:37:59+00:00","mainEntityOfPage":{"@id":"https:\/\/epochtimestr.com\/index.php\/ap-genel-kurulu-turkiyeye-iliskin-raporu-kabul-etti"},"wordCount":535,"commentCount":0,"publisher":{"@id":"https:\/\/epochtimestr.com\/#organization"},"image":{"@id":"https:\/\/epochtimestr.com\/index.php\/ap-genel-kurulu-turkiyeye-iliskin-raporu-kabul-etti#primaryimage"},"thumbnailUrl":"https:\/\/epochtimestr.com\/wp-content\/uploads\/2011y\/ap.webp","keywords":["avrupa birli\u011fi","demokrasi","rapor","T\u00fcrkiye"],"articleSection":["D\u00dcNYA","G\u00dcNDEM","MAN\u015eET","Siyaset","T\u00dcRK\u0130YE"],"inLanguage":"tr","potentialAction":[{"@type":"CommentAction","name":"Comment","target":["https:\/\/epochtimestr.com\/index.php\/ap-genel-kurulu-turkiyeye-iliskin-raporu-kabul-etti#respond"]}]},{"@type":"WebPage","@id":"https:\/\/epochtimestr.com\/index.php\/ap-genel-kurulu-turkiyeye-iliskin-raporu-kabul-etti","url":"https:\/\/epochtimestr.com\/index.php\/ap-genel-kurulu-turkiyeye-iliskin-raporu-kabul-etti","name":"AP Genel Kurulu T\u00fcrkiye'ye \u0130li\u015fkin Raporu Kabul Etti - The Epoch Times TR","isPartOf":{"@id":"https:\/\/epochtimestr.com\/#website"},"primaryImageOfPage":{"@id":"https:\/\/epochtimestr.com\/index.php\/ap-genel-kurulu-turkiyeye-iliskin-raporu-kabul-etti#primaryimage"},"image":{"@id":"https:\/\/epochtimestr.com\/index.php\/ap-genel-kurulu-turkiyeye-iliskin-raporu-kabul-etti#primaryimage"},"thumbnailUrl":"https:\/\/epochtimestr.com\/wp-content\/uploads\/2011y\/ap.webp","datePublished":"2026-07-05T12:37:48+00:00","dateModified":"2026-07-05T12:37:59+00:00","description":"Avrupa Parlamentosu (AP) Genel Kurulu, T\u00fcrkiye'ye ili\u015fkin raporu 381 evet, 107 hay\u0131r ve 171 \u00e7ekimser oyla kabul etti.","inLanguage":"tr","potentialAction":[{"@type":"ReadAction","target":["https:\/\/epochtimestr.com\/index.php\/ap-genel-kurulu-turkiyeye-iliskin-raporu-kabul-etti"]}]},{"@type":"ImageObject","inLanguage":"tr","@id":"https:\/\/epochtimestr.com\/index.php\/ap-genel-kurulu-turkiyeye-iliskin-raporu-kabul-etti#primaryimage","url":"https:\/\/epochtimestr.com\/wp-content\/uploads\/2011y\/ap.webp","contentUrl":"https:\/\/epochtimestr.com\/wp-content\/uploads\/2011y\/ap.webp","width":2080,"height":1170},{"@type":"WebSite","@id":"https:\/\/epochtimestr.com\/#website","url":"https:\/\/epochtimestr.com\/","name":"The Epoch Times TR","description":"De\u011fi\u015fen D\u00fcnyam\u0131za Taze Bir Bak\u0131\u015f","publisher":{"@id":"https:\/\/epochtimestr.com\/#organization"},"potentialAction":[{"@type":"SearchAction","target":{"@type":"EntryPoint","urlTemplate":"https:\/\/epochtimestr.com\/?s={search_term_string}"},"query-input":"required name=search_term_string"}],"inLanguage":"tr"},{"@type":"Organization","@id":"https:\/\/epochtimestr.com\/#organization","name":"The EpochTimes T\u00fcrkiye","url":"https:\/\/epochtimestr.com\/","logo":{"@type":"ImageObject","inLanguage":"tr","@id":"https:\/\/epochtimestr.com\/#\/schema\/logo\/image\/","url":"https:\/\/epochtimestr.com\/wp-content\/uploads\/2011y\/ET-Logo-YG.jpg","contentUrl":"https:\/\/epochtimestr.com\/wp-content\/uploads\/2011y\/ET-Logo-YG.jpg","width":346,"height":29,"caption":"The EpochTimes T\u00fcrkiye"},"image":{"@id":"https:\/\/epochtimestr.com\/#\/schema\/logo\/image\/"},"sameAs":["https:\/\/www.facebook.com\/theepochtimestr","https:\/\/x.com\/TheEpochTimesTR","https:\/\/www.instagram.com\/epochtimestr"]},{"@type":"Person","@id":"https:\/\/epochtimestr.com\/#\/schema\/person\/3dc5c3adeb9f43923c5aa85889172fdd","name":"Haber Merkezi","image":{"@type":"ImageObject","inLanguage":"tr","@id":"https:\/\/epochtimestr.com\/#\/schema\/person\/image\/","url":"https:\/\/secure.gravatar.com\/avatar\/d73f772ba5a74f28601361e17c2f93e6?s=96&d=mm&r=g","contentUrl":"https:\/\/secure.gravatar.com\/avatar\/d73f772ba5a74f28601361e17c2f93e6?s=96&d=mm&r=g","caption":"Haber Merkezi"},"url":"https:\/\/epochtimestr.com\/index.php\/author\/sendag"}]}},"_links":{"self":[{"href":"https:\/\/epochtimestr.com\/index.php\/wp-json\/wp\/v2\/posts\/168317"}],"collection":[{"href":"https:\/\/epochtimestr.com\/index.php\/wp-json\/wp\/v2\/posts"}],"about":[{"href":"https:\/\/epochtimestr.com\/index.php\/wp-json\/wp\/v2\/types\/post"}],"author":[{"embeddable":true,"href":"https:\/\/epochtimestr.com\/index.php\/wp-json\/wp\/v2\/users\/12791"}],"replies":[{"embeddable":true,"href":"https:\/\/epochtimestr.com\/index.php\/wp-json\/wp\/v2\/comments?post=168317"}],"version-history":[{"count":2,"href":"https:\/\/epochtimestr.com\/index.php\/wp-json\/wp\/v2\/posts\/168317\/revisions"}],"predecessor-version":[{"id":168323,"href":"https:\/\/epochtimestr.com\/index.php\/wp-json\/wp\/v2\/posts\/168317\/revisions\/168323"}],"wp:featuredmedia":[{"embeddable":true,"href":"https:\/\/epochtimestr.com\/index.php\/wp-json\/wp\/v2\/media\/168318"}],"wp:attachment":[{"href":"https:\/\/epochtimestr.com\/index.php\/wp-json\/wp\/v2\/media?parent=168317"}],"wp:term":[{"taxonomy":"category","embeddable":true,"href":"https:\/\/epochtimestr.com\/index.php\/wp-json\/wp\/v2\/categories?post=168317"},{"taxonomy":"post_tag","embeddable":true,"href":"https:\/\/epochtimestr.com\/index.php\/wp-json\/wp\/v2\/tags?post=168317"}],"curies":[{"name":"wp","href":"https:\/\/api.w.org\/{rel}","templated":true}]}}