{"id":168329,"date":"2026-07-06T07:00:00","date_gmt":"2026-07-06T04:00:00","guid":{"rendered":"https:\/\/epochtimestr.com\/?p=168329"},"modified":"2026-07-05T22:33:33","modified_gmt":"2026-07-05T19:33:33","slug":"evden-eve-nakliyede-k3-yetki-belgesi-neden-sart","status":"publish","type":"post","link":"https:\/\/epochtimestr.com\/index.php\/evden-eve-nakliyede-k3-yetki-belgesi-neden-sart","title":{"rendered":"Evden Eve Nakliyede K3 Yetki Belgesi Neden \u015eart"},"content":{"rendered":"\n<p>Ta\u015f\u0131nmak, \u00e7o\u011fumuz i\u00e7in sadece e\u015fyalar\u0131n bir yerden bir yere gitmesi de\u011fil koca bir ya\u015fam\u0131n, an\u0131lar\u0131n ya da binbir emekle kurulan bir ofisin yeni bir adrese nakledilmesidir. Tam da bu y\u00fczden, nakliye s\u00fcreci streslidir ve b\u00fcy\u00fck bir g\u00fcven gerektirir. Ancak ne yaz\u0131k ki sekt\u00f6rde &#8220;kamyonu olan herkesin kendini nakliyeci ilan etti\u011fi&#8221; kurals\u0131z bir gri alan da mevcut. \u0130\u015fte bu noktada, hem sekt\u00f6r\u00fc disipline eden hem de t\u00fcketiciyi koruyan en \u00f6nemli kalkan devreye giriyor:\u00a0<strong>K3 Yetki Belgesi.<\/strong><\/p>\n\n\n\n<p>Ula\u015ft\u0131rma ve Altyap\u0131 Bakanl\u0131\u011f\u0131 taraf\u0131ndan d\u00fczenlenen K3 Yetki Belgesi, ticari ama\u00e7la ev ve b\u00fcro ta\u015f\u0131mac\u0131l\u0131\u011f\u0131 yapacak olan ger\u00e7ek veya t\u00fczel ki\u015filerin almas\u0131 zorunlu olan yasal bir belgedir. Yani bu i\u015fi profesyonelce ve kanunlara uygun \u015fekilde yapman\u0131n &#8220;ehliyeti&#8221; niteli\u011findedir.<\/p>\n\n\n\n<p>Peki, bu belge neden hem ta\u015f\u0131mac\u0131lar hem de hizmet alanlar i\u00e7in bu kadar hayati?<\/p>\n\n\n\n<h3 class=\"wp-block-heading\">Korsan Ta\u015f\u0131mac\u0131l\u0131\u011f\u0131n \u00d6n\u00fcndeki En B\u00fcy\u00fck Engel<\/h3>\n\n\n\n<p>Sekt\u00f6rde &#8220;korsan&#8221; veya &#8220;merdiven alt\u0131&#8221; olarak tabir edilen firmalar, genellikle hi\u00e7bir yasal y\u00fck\u00fcml\u00fcl\u00fck alt\u0131na girmeden, vergi \u00f6demeden ve en \u00f6nemlisi e\u015fyalar\u0131n\u0131z\u0131n g\u00fcvenli\u011fini garanti etmeden i\u015f yaparlar. K3 belgesine sahip bir firma ise devletin denetimi alt\u0131ndad\u0131r. Belli bir sermaye g\u00fcc\u00fcne, oda kayd\u0131na, vergi m\u00fckellefiyetine ve en \u00f6nemlisi ta\u015f\u0131mac\u0131l\u0131\u011fa uygun ara\u00e7 filosuna sahip oldu\u011funu kan\u0131tlam\u0131\u015f demektir. Bu belgeyi almayanlar\u0131n ticari olarak evden eve nakliye yapmas\u0131 yasal olarak su\u00e7tur ve \u00e7ok ciddi idari para cezalar\u0131 mevcuttur.<\/p>\n\n\n\n<p><strong>T\u00fcketici \u0130\u00e7in Bir G\u00fcven Standard\u0131<\/strong><\/p>\n\n\n\n<p>Bir m\u00fc\u015fteri olarak evinizi veya ofisinizi ta\u015f\u0131t\u0131rken K3 yetki belgesi olan bir firmay\u0131 se\u00e7ti\u011finizde, asl\u0131nda \u015fu haklar\u0131 sat\u0131n alm\u0131\u015f olursunuz:<\/p>\n\n\n\n<ul>\n<li><strong>Muhatap Bulabilme:<\/strong>\u00a0E\u015fyan\u0131za bir zarar geldi\u011finde kar\u015f\u0131n\u0131zda yasal bir t\u00fczel ki\u015filik bulursunuz.<\/li>\n\n\n\n<li><strong>Profesyonel Kadro ve Ekipman:<\/strong>\u00a0K3 belgesi olan firmalar, mesleki yeterlilik belgelerine (ODY-\u00dcDY gibi) sahip y\u00f6neticilerle ve do\u011fru teknik altyap\u0131yla \u00e7al\u0131\u015fmak zorundad\u0131r.<\/li>\n\n\n\n<li><strong>Sigorta ve S\u00f6zle\u015fme Y\u00fck\u00fcml\u00fcl\u00fc\u011f\u00fc:<\/strong>\u00a0Yasal bir ta\u015f\u0131mac\u0131, e\u015fyalar\u0131n\u0131z\u0131 sigortalamak ve sizinle s\u00f6zle\u015fme yapmakla y\u00fck\u00fcml\u00fcd\u00fcr.<\/li>\n<\/ul>\n\n\n\n<h3 class=\"wp-block-heading\">Ta\u015f\u0131mac\u0131l\u0131k Firmalar\u0131 \u0130\u00e7in Bir Ayr\u0131cal\u0131k ve Prestij<\/h3>\n\n\n\n<p>Sekt\u00f6rde faaliyet g\u00f6steren ya da yeni girmek isteyen giri\u015fimciler i\u00e7in K3 belgesi maliyetli bir yat\u0131r\u0131m gibi g\u00f6r\u00fcnse de asl\u0131nda markala\u015fman\u0131n ve b\u00fcy\u00fcmenin ilk ad\u0131m\u0131d\u0131r. G\u00fcn\u00fcm\u00fczde bilin\u00e7li t\u00fcketiciler, kurumsal \u015firketler ve kamu kurumlar\u0131 yetki belgesi olmayan firmalarla kesinlikle \u00e7al\u0131\u015fmamaktad\u0131r. Dolay\u0131s\u0131yla bu belge, firmay\u0131 haks\u0131z rekabetten korur ve ona pazarda sayg\u0131n bir yer kazand\u0131r\u0131r.<\/p>\n\n\n\n<p><strong>Sonu\u00e7 olarak;<\/strong>&nbsp;Ev ve b\u00fcro ta\u015f\u0131mac\u0131l\u0131\u011f\u0131, sadece kas g\u00fcc\u00fcyle yap\u0131lan bir i\u015f de\u011fildir; lojistik, planlama ve y\u00fcksek sorumluluk gerektiren bir meslektir. Sekt\u00f6r\u00fcn kalitesini art\u0131rmak, haks\u0131z kazanc\u0131n \u00f6n\u00fcne ge\u00e7mek ve ta\u015f\u0131nma s\u00fcrecini bir kabus olmaktan \u00e7\u0131karmak i\u00e7in K3 yetki belgesi l\u00fcks de\u011fil, mutlak bir zorunluluktur. Ta\u015f\u0131nacak olan vatanda\u015flar\u0131n yasal haklar\u0131n\u0131 korumak ad\u0131na firmalara ilk soraca\u011f\u0131 soru &#8220;Fiyat\u0131n\u0131z ne kadar?&#8221; de\u011fil,&nbsp;<strong>&#8220;K3 yetki belgeniz var m\u0131?&#8221;<\/strong>&nbsp;olmal\u0131d\u0131r. Mesle\u011fi hakk\u0131yla yapan, belgesini al\u0131p vergisini \u00f6deyen t\u00fcm esnaf\u0131m\u0131za hay\u0131rl\u0131 i\u015fler dilerim.<\/p>\n","protected":false},"excerpt":{"rendered":"<p>Ta\u015f\u0131nmak, \u00e7o\u011fumuz i\u00e7in sadece e\u015fyalar\u0131n bir yerden bir yere gitmesi de\u011fil koca bir ya\u015fam\u0131n, an\u0131lar\u0131n ya da binbir emekle kurulan bir ofisin yeni bir adrese nakledilmesidir. Tam da bu y\u00fczden, nakliye s\u00fcreci streslidir ve b\u00fcy\u00fck bir g\u00fcven gerektirir. Ancak ne yaz\u0131k ki sekt\u00f6rde &#8220;kamyonu olan herkesin kendini nakliyeci ilan etti\u011fi&#8221; kurals\u0131z bir gri alan da [&hellip;]<\/p>\n","protected":false},"author":14013,"featured_media":167144,"comment_status":"open","ping_status":"open","sticky":false,"template":"","format":"standard","meta":{"_yoast_wpseo_focuskw":"K3 Yetki Belgesi","_yoast_wpseo_title":"","_yoast_wpseo_metadesc":"K3 Yetki Belgesi, ev ve ofis ta\u015f\u0131mac\u0131l\u0131\u011f\u0131nda hem sekt\u00f6r\u00fc disipline eden hem de t\u00fcketiciyi koruyan en \u00f6nemli kalkand\u0131r.","_bbp_topic_count":0,"_bbp_reply_count":0,"_bbp_total_topic_count":0,"_bbp_total_reply_count":0,"_bbp_voice_count":0,"_bbp_anonymous_reply_count":0,"_bbp_topic_count_hidden":0,"_bbp_reply_count_hidden":0,"_bbp_forum_subforum_count":0,"footnotes":"","_yoast_wpseo_focuskw_text_input":""},"categories":[11361],"tags":[],"yoast_head":"<!-- This site is optimized with the Yoast SEO plugin v23.0 - https:\/\/yoast.com\/wordpress\/plugins\/seo\/ -->\n<title>Evden Eve Nakliyede K3 Yetki Belgesi Neden \u015eart - The Epoch Times TR<\/title>\n<meta name=\"description\" content=\"K3 Yetki Belgesi, ev ve ofis ta\u015f\u0131mac\u0131l\u0131\u011f\u0131nda hem sekt\u00f6r\u00fc disipline eden hem de t\u00fcketiciyi koruyan en \u00f6nemli kalkand\u0131r.\" \/>\n<meta name=\"robots\" content=\"index, follow, max-snippet:-1, max-image-preview:large, max-video-preview:-1\" \/>\n<link rel=\"canonical\" href=\"https:\/\/epochtimestr.com\/index.php\/evden-eve-nakliyede-k3-yetki-belgesi-neden-sart\" \/>\n<meta property=\"og:locale\" content=\"tr_TR\" \/>\n<meta property=\"og:type\" content=\"article\" \/>\n<meta property=\"og:title\" content=\"Evden Eve Nakliyede K3 Yetki Belgesi Neden \u015eart - The Epoch Times TR\" \/>\n<meta property=\"og:description\" content=\"K3 Yetki Belgesi, ev ve ofis ta\u015f\u0131mac\u0131l\u0131\u011f\u0131nda hem sekt\u00f6r\u00fc disipline eden hem de t\u00fcketiciyi koruyan en \u00f6nemli kalkand\u0131r.\" \/>\n<meta property=\"og:url\" content=\"https:\/\/epochtimestr.com\/index.php\/evden-eve-nakliyede-k3-yetki-belgesi-neden-sart\" \/>\n<meta property=\"og:site_name\" content=\"The Epoch Times TR\" \/>\n<meta property=\"article:publisher\" content=\"https:\/\/www.facebook.com\/theepochtimestr\" \/>\n<meta property=\"article:published_time\" content=\"2026-07-06T04:00:00+00:00\" \/>\n<meta property=\"article:modified_time\" content=\"2026-07-05T19:33:33+00:00\" \/>\n<meta property=\"og:image\" content=\"https:\/\/epochtimestr.com\/wp-content\/uploads\/2011y\/ali-kekliktepe-SM.jpeg\" \/>\n\t<meta property=\"og:image:width\" content=\"1200\" \/>\n\t<meta property=\"og:image:height\" content=\"630\" \/>\n\t<meta property=\"og:image:type\" content=\"image\/jpeg\" \/>\n<meta name=\"author\" content=\"Ali Kekliktepe\" \/>\n<meta name=\"twitter:card\" content=\"summary_large_image\" \/>\n<meta name=\"twitter:creator\" content=\"@TheEpochTimesTR\" \/>\n<meta name=\"twitter:site\" content=\"@TheEpochTimesTR\" \/>\n<meta name=\"twitter:label1\" content=\"Yazan:\" \/>\n\t<meta name=\"twitter:data1\" content=\"Ali Kekliktepe\" \/>\n\t<meta name=\"twitter:label2\" content=\"Tahmini okuma s\u00fcresi\" \/>\n\t<meta name=\"twitter:data2\" content=\"3 dakika\" \/>\n<script type=\"application\/ld+json\" class=\"yoast-schema-graph\">{\"@context\":\"https:\/\/schema.org\",\"@graph\":[{\"@type\":\"Article\",\"@id\":\"https:\/\/epochtimestr.com\/index.php\/evden-eve-nakliyede-k3-yetki-belgesi-neden-sart#article\",\"isPartOf\":{\"@id\":\"https:\/\/epochtimestr.com\/index.php\/evden-eve-nakliyede-k3-yetki-belgesi-neden-sart\"},\"author\":{\"name\":\"Ali Kekliktepe\",\"@id\":\"https:\/\/epochtimestr.com\/#\/schema\/person\/da94a416fed1aed029d0a47e85673b95\"},\"headline\":\"Evden Eve Nakliyede K3 Yetki Belgesi Neden \u015eart\",\"datePublished\":\"2026-07-06T04:00:00+00:00\",\"dateModified\":\"2026-07-05T19:33:33+00:00\",\"mainEntityOfPage\":{\"@id\":\"https:\/\/epochtimestr.com\/index.php\/evden-eve-nakliyede-k3-yetki-belgesi-neden-sart\"},\"wordCount\":604,\"commentCount\":0,\"publisher\":{\"@id\":\"https:\/\/epochtimestr.com\/#organization\"},\"image\":{\"@id\":\"https:\/\/epochtimestr.com\/index.php\/evden-eve-nakliyede-k3-yetki-belgesi-neden-sart#primaryimage\"},\"thumbnailUrl\":\"https:\/\/epochtimestr.com\/wp-content\/uploads\/2011y\/Ali-Kekliktepe.jpg\",\"articleSection\":[\"K\u00f6\u015fe Yaz\u0131lar\u0131 Ali Kekliktepe\"],\"inLanguage\":\"tr\",\"potentialAction\":[{\"@type\":\"CommentAction\",\"name\":\"Comment\",\"target\":[\"https:\/\/epochtimestr.com\/index.php\/evden-eve-nakliyede-k3-yetki-belgesi-neden-sart#respond\"]}]},{\"@type\":\"WebPage\",\"@id\":\"https:\/\/epochtimestr.com\/index.php\/evden-eve-nakliyede-k3-yetki-belgesi-neden-sart\",\"url\":\"https:\/\/epochtimestr.com\/index.php\/evden-eve-nakliyede-k3-yetki-belgesi-neden-sart\",\"name\":\"Evden Eve Nakliyede K3 Yetki Belgesi Neden \u015eart - The Epoch Times TR\",\"isPartOf\":{\"@id\":\"https:\/\/epochtimestr.com\/#website\"},\"primaryImageOfPage\":{\"@id\":\"https:\/\/epochtimestr.com\/index.php\/evden-eve-nakliyede-k3-yetki-belgesi-neden-sart#primaryimage\"},\"image\":{\"@id\":\"https:\/\/epochtimestr.com\/index.php\/evden-eve-nakliyede-k3-yetki-belgesi-neden-sart#primaryimage\"},\"thumbnailUrl\":\"https:\/\/epochtimestr.com\/wp-content\/uploads\/2011y\/Ali-Kekliktepe.jpg\",\"datePublished\":\"2026-07-06T04:00:00+00:00\",\"dateModified\":\"2026-07-05T19:33:33+00:00\",\"description\":\"K3 Yetki Belgesi, ev ve ofis ta\u015f\u0131mac\u0131l\u0131\u011f\u0131nda hem sekt\u00f6r\u00fc disipline eden hem de t\u00fcketiciyi koruyan en \u00f6nemli kalkand\u0131r.\",\"inLanguage\":\"tr\",\"potentialAction\":[{\"@type\":\"ReadAction\",\"target\":[\"https:\/\/epochtimestr.com\/index.php\/evden-eve-nakliyede-k3-yetki-belgesi-neden-sart\"]}]},{\"@type\":\"ImageObject\",\"inLanguage\":\"tr\",\"@id\":\"https:\/\/epochtimestr.com\/index.php\/evden-eve-nakliyede-k3-yetki-belgesi-neden-sart#primaryimage\",\"url\":\"https:\/\/epochtimestr.com\/wp-content\/uploads\/2011y\/Ali-Kekliktepe.jpg\",\"contentUrl\":\"https:\/\/epochtimestr.com\/wp-content\/uploads\/2011y\/Ali-Kekliktepe.jpg\",\"width\":600,\"height\":600},{\"@type\":\"WebSite\",\"@id\":\"https:\/\/epochtimestr.com\/#website\",\"url\":\"https:\/\/epochtimestr.com\/\",\"name\":\"The Epoch Times TR\",\"description\":\"De\u011fi\u015fen D\u00fcnyam\u0131za Taze Bir Bak\u0131\u015f\",\"publisher\":{\"@id\":\"https:\/\/epochtimestr.com\/#organization\"},\"potentialAction\":[{\"@type\":\"SearchAction\",\"target\":{\"@type\":\"EntryPoint\",\"urlTemplate\":\"https:\/\/epochtimestr.com\/?s={search_term_string}\"},\"query-input\":\"required name=search_term_string\"}],\"inLanguage\":\"tr\"},{\"@type\":\"Organization\",\"@id\":\"https:\/\/epochtimestr.com\/#organization\",\"name\":\"The EpochTimes T\u00fcrkiye\",\"url\":\"https:\/\/epochtimestr.com\/\",\"logo\":{\"@type\":\"ImageObject\",\"inLanguage\":\"tr\",\"@id\":\"https:\/\/epochtimestr.com\/#\/schema\/logo\/image\/\",\"url\":\"https:\/\/epochtimestr.com\/wp-content\/uploads\/2011y\/ET-Logo-YG.jpg\",\"contentUrl\":\"https:\/\/epochtimestr.com\/wp-content\/uploads\/2011y\/ET-Logo-YG.jpg\",\"width\":346,\"height\":29,\"caption\":\"The EpochTimes T\u00fcrkiye\"},\"image\":{\"@id\":\"https:\/\/epochtimestr.com\/#\/schema\/logo\/image\/\"},\"sameAs\":[\"https:\/\/www.facebook.com\/theepochtimestr\",\"https:\/\/x.com\/TheEpochTimesTR\",\"https:\/\/www.instagram.com\/epochtimestr\"]},{\"@type\":\"Person\",\"@id\":\"https:\/\/epochtimestr.com\/#\/schema\/person\/da94a416fed1aed029d0a47e85673b95\",\"name\":\"Ali Kekliktepe\",\"image\":{\"@type\":\"ImageObject\",\"inLanguage\":\"tr\",\"@id\":\"https:\/\/epochtimestr.com\/#\/schema\/person\/image\/\",\"url\":\"https:\/\/secure.gravatar.com\/avatar\/6c965c3fc374c8f4af759baef4f38bcd?s=96&d=mm&r=g\",\"contentUrl\":\"https:\/\/secure.gravatar.com\/avatar\/6c965c3fc374c8f4af759baef4f38bcd?s=96&d=mm&r=g\",\"caption\":\"Ali Kekliktepe\"},\"description\":\"Ben Ali Kekliktepe; hayat\u0131n\u0131 \u00f6\u011frenmeye, \u00f6\u011fretmeye ve toplumsal fayda yaratmaya adam\u0131\u015f bir yazar ve profesyonelim. Kalemi sadece ka\u011f\u0131da dokunan bir ara\u00e7 de\u011fil, toplumun aksayan y\u00f6nlerine \u015fifa olan bir enstr\u00fcman olarak g\u00f6r\u00fcyorum.\",\"sameAs\":[\"https:\/\/alikekliktepemersin33.blogspot.com\/\"],\"url\":\"https:\/\/epochtimestr.com\/index.php\/author\/ali\"}]}<\/script>\n<!-- \/ Yoast SEO plugin. -->","yoast_head_json":{"title":"Evden Eve Nakliyede K3 Yetki Belgesi Neden \u015eart - The Epoch Times TR","description":"K3 Yetki Belgesi, ev ve ofis ta\u015f\u0131mac\u0131l\u0131\u011f\u0131nda hem sekt\u00f6r\u00fc disipline eden hem de t\u00fcketiciyi koruyan en \u00f6nemli kalkand\u0131r.","robots":{"index":"index","follow":"follow","max-snippet":"max-snippet:-1","max-image-preview":"max-image-preview:large","max-video-preview":"max-video-preview:-1"},"canonical":"https:\/\/epochtimestr.com\/index.php\/evden-eve-nakliyede-k3-yetki-belgesi-neden-sart","og_locale":"tr_TR","og_type":"article","og_title":"Evden Eve Nakliyede K3 Yetki Belgesi Neden \u015eart - The Epoch Times TR","og_description":"K3 Yetki Belgesi, ev ve ofis ta\u015f\u0131mac\u0131l\u0131\u011f\u0131nda hem sekt\u00f6r\u00fc disipline eden hem de t\u00fcketiciyi koruyan en \u00f6nemli kalkand\u0131r.","og_url":"https:\/\/epochtimestr.com\/index.php\/evden-eve-nakliyede-k3-yetki-belgesi-neden-sart","og_site_name":"The Epoch Times TR","article_publisher":"https:\/\/www.facebook.com\/theepochtimestr","article_published_time":"2026-07-06T04:00:00+00:00","article_modified_time":"2026-07-05T19:33:33+00:00","og_image":[{"width":1200,"height":630,"url":"https:\/\/epochtimestr.com\/wp-content\/uploads\/2011y\/ali-kekliktepe-SM.jpeg","type":"image\/jpeg"}],"author":"Ali Kekliktepe","twitter_card":"summary_large_image","twitter_creator":"@TheEpochTimesTR","twitter_site":"@TheEpochTimesTR","twitter_misc":{"Yazan:":"Ali Kekliktepe","Tahmini okuma s\u00fcresi":"3 dakika"},"schema":{"@context":"https:\/\/schema.org","@graph":[{"@type":"Article","@id":"https:\/\/epochtimestr.com\/index.php\/evden-eve-nakliyede-k3-yetki-belgesi-neden-sart#article","isPartOf":{"@id":"https:\/\/epochtimestr.com\/index.php\/evden-eve-nakliyede-k3-yetki-belgesi-neden-sart"},"author":{"name":"Ali Kekliktepe","@id":"https:\/\/epochtimestr.com\/#\/schema\/person\/da94a416fed1aed029d0a47e85673b95"},"headline":"Evden Eve Nakliyede K3 Yetki Belgesi Neden \u015eart","datePublished":"2026-07-06T04:00:00+00:00","dateModified":"2026-07-05T19:33:33+00:00","mainEntityOfPage":{"@id":"https:\/\/epochtimestr.com\/index.php\/evden-eve-nakliyede-k3-yetki-belgesi-neden-sart"},"wordCount":604,"commentCount":0,"publisher":{"@id":"https:\/\/epochtimestr.com\/#organization"},"image":{"@id":"https:\/\/epochtimestr.com\/index.php\/evden-eve-nakliyede-k3-yetki-belgesi-neden-sart#primaryimage"},"thumbnailUrl":"https:\/\/epochtimestr.com\/wp-content\/uploads\/2011y\/Ali-Kekliktepe.jpg","articleSection":["K\u00f6\u015fe Yaz\u0131lar\u0131 Ali Kekliktepe"],"inLanguage":"tr","potentialAction":[{"@type":"CommentAction","name":"Comment","target":["https:\/\/epochtimestr.com\/index.php\/evden-eve-nakliyede-k3-yetki-belgesi-neden-sart#respond"]}]},{"@type":"WebPage","@id":"https:\/\/epochtimestr.com\/index.php\/evden-eve-nakliyede-k3-yetki-belgesi-neden-sart","url":"https:\/\/epochtimestr.com\/index.php\/evden-eve-nakliyede-k3-yetki-belgesi-neden-sart","name":"Evden Eve Nakliyede K3 Yetki Belgesi Neden \u015eart - The Epoch Times TR","isPartOf":{"@id":"https:\/\/epochtimestr.com\/#website"},"primaryImageOfPage":{"@id":"https:\/\/epochtimestr.com\/index.php\/evden-eve-nakliyede-k3-yetki-belgesi-neden-sart#primaryimage"},"image":{"@id":"https:\/\/epochtimestr.com\/index.php\/evden-eve-nakliyede-k3-yetki-belgesi-neden-sart#primaryimage"},"thumbnailUrl":"https:\/\/epochtimestr.com\/wp-content\/uploads\/2011y\/Ali-Kekliktepe.jpg","datePublished":"2026-07-06T04:00:00+00:00","dateModified":"2026-07-05T19:33:33+00:00","description":"K3 Yetki Belgesi, ev ve ofis ta\u015f\u0131mac\u0131l\u0131\u011f\u0131nda hem sekt\u00f6r\u00fc disipline eden hem de t\u00fcketiciyi koruyan en \u00f6nemli kalkand\u0131r.","inLanguage":"tr","potentialAction":[{"@type":"ReadAction","target":["https:\/\/epochtimestr.com\/index.php\/evden-eve-nakliyede-k3-yetki-belgesi-neden-sart"]}]},{"@type":"ImageObject","inLanguage":"tr","@id":"https:\/\/epochtimestr.com\/index.php\/evden-eve-nakliyede-k3-yetki-belgesi-neden-sart#primaryimage","url":"https:\/\/epochtimestr.com\/wp-content\/uploads\/2011y\/Ali-Kekliktepe.jpg","contentUrl":"https:\/\/epochtimestr.com\/wp-content\/uploads\/2011y\/Ali-Kekliktepe.jpg","width":600,"height":600},{"@type":"WebSite","@id":"https:\/\/epochtimestr.com\/#website","url":"https:\/\/epochtimestr.com\/","name":"The Epoch Times TR","description":"De\u011fi\u015fen D\u00fcnyam\u0131za Taze Bir Bak\u0131\u015f","publisher":{"@id":"https:\/\/epochtimestr.com\/#organization"},"potentialAction":[{"@type":"SearchAction","target":{"@type":"EntryPoint","urlTemplate":"https:\/\/epochtimestr.com\/?s={search_term_string}"},"query-input":"required name=search_term_string"}],"inLanguage":"tr"},{"@type":"Organization","@id":"https:\/\/epochtimestr.com\/#organization","name":"The EpochTimes T\u00fcrkiye","url":"https:\/\/epochtimestr.com\/","logo":{"@type":"ImageObject","inLanguage":"tr","@id":"https:\/\/epochtimestr.com\/#\/schema\/logo\/image\/","url":"https:\/\/epochtimestr.com\/wp-content\/uploads\/2011y\/ET-Logo-YG.jpg","contentUrl":"https:\/\/epochtimestr.com\/wp-content\/uploads\/2011y\/ET-Logo-YG.jpg","width":346,"height":29,"caption":"The EpochTimes T\u00fcrkiye"},"image":{"@id":"https:\/\/epochtimestr.com\/#\/schema\/logo\/image\/"},"sameAs":["https:\/\/www.facebook.com\/theepochtimestr","https:\/\/x.com\/TheEpochTimesTR","https:\/\/www.instagram.com\/epochtimestr"]},{"@type":"Person","@id":"https:\/\/epochtimestr.com\/#\/schema\/person\/da94a416fed1aed029d0a47e85673b95","name":"Ali Kekliktepe","image":{"@type":"ImageObject","inLanguage":"tr","@id":"https:\/\/epochtimestr.com\/#\/schema\/person\/image\/","url":"https:\/\/secure.gravatar.com\/avatar\/6c965c3fc374c8f4af759baef4f38bcd?s=96&d=mm&r=g","contentUrl":"https:\/\/secure.gravatar.com\/avatar\/6c965c3fc374c8f4af759baef4f38bcd?s=96&d=mm&r=g","caption":"Ali Kekliktepe"},"description":"Ben Ali Kekliktepe; hayat\u0131n\u0131 \u00f6\u011frenmeye, \u00f6\u011fretmeye ve toplumsal fayda yaratmaya adam\u0131\u015f bir yazar ve profesyonelim. Kalemi sadece ka\u011f\u0131da dokunan bir ara\u00e7 de\u011fil, toplumun aksayan y\u00f6nlerine \u015fifa olan bir enstr\u00fcman olarak g\u00f6r\u00fcyorum.","sameAs":["https:\/\/alikekliktepemersin33.blogspot.com\/"],"url":"https:\/\/epochtimestr.com\/index.php\/author\/ali"}]}},"_links":{"self":[{"href":"https:\/\/epochtimestr.com\/index.php\/wp-json\/wp\/v2\/posts\/168329"}],"collection":[{"href":"https:\/\/epochtimestr.com\/index.php\/wp-json\/wp\/v2\/posts"}],"about":[{"href":"https:\/\/epochtimestr.com\/index.php\/wp-json\/wp\/v2\/types\/post"}],"author":[{"embeddable":true,"href":"https:\/\/epochtimestr.com\/index.php\/wp-json\/wp\/v2\/users\/14013"}],"replies":[{"embeddable":true,"href":"https:\/\/epochtimestr.com\/index.php\/wp-json\/wp\/v2\/comments?post=168329"}],"version-history":[{"count":1,"href":"https:\/\/epochtimestr.com\/index.php\/wp-json\/wp\/v2\/posts\/168329\/revisions"}],"predecessor-version":[{"id":168330,"href":"https:\/\/epochtimestr.com\/index.php\/wp-json\/wp\/v2\/posts\/168329\/revisions\/168330"}],"wp:featuredmedia":[{"embeddable":true,"href":"https:\/\/epochtimestr.com\/index.php\/wp-json\/wp\/v2\/media\/167144"}],"wp:attachment":[{"href":"https:\/\/epochtimestr.com\/index.php\/wp-json\/wp\/v2\/media?parent=168329"}],"wp:term":[{"taxonomy":"category","embeddable":true,"href":"https:\/\/epochtimestr.com\/index.php\/wp-json\/wp\/v2\/categories?post=168329"},{"taxonomy":"post_tag","embeddable":true,"href":"https:\/\/epochtimestr.com\/index.php\/wp-json\/wp\/v2\/tags?post=168329"}],"curies":[{"name":"wp","href":"https:\/\/api.w.org\/{rel}","templated":true}]}}