{"id":168331,"date":"2026-07-06T09:04:47","date_gmt":"2026-07-06T06:04:47","guid":{"rendered":"https:\/\/epochtimestr.com\/?p=168331"},"modified":"2026-07-06T09:04:48","modified_gmt":"2026-07-06T06:04:48","slug":"issizlik-sigortasi-fonu-kullanim-orani-artirildi","status":"publish","type":"post","link":"https:\/\/epochtimestr.com\/index.php\/issizlik-sigortasi-fonu-kullanim-orani-artirildi","title":{"rendered":"\u0130\u015fsizlik Sigortas\u0131 Fonu Kullan\u0131m Oran\u0131 Art\u0131r\u0131ld\u0131"},"content":{"rendered":"<div class=\"wp-block-image\">\n<figure class=\"aligncenter size-full\"><img loading=\"lazy\" decoding=\"async\" width=\"1280\" height=\"905\" src=\"https:\/\/epochtimestr.com\/wp-content\/uploads\/2011y\/ixabay.webp\" alt=\"\u0130\u015fsizlik sigortas\u0131 fonu kullan\u0131m oran\u0131 art\u0131r\u0131ld\u0131 (Foto\u011fraf: Pixabay- geralt)\" class=\"wp-image-168332\" srcset=\"https:\/\/epochtimestr.com\/wp-content\/uploads\/2011y\/ixabay.webp 1280w, https:\/\/epochtimestr.com\/wp-content\/uploads\/2011y\/ixabay-300x212.webp 300w, https:\/\/epochtimestr.com\/wp-content\/uploads\/2011y\/ixabay-150x106.webp 150w, https:\/\/epochtimestr.com\/wp-content\/uploads\/2011y\/ixabay-768x543.webp 768w\" sizes=\"(max-width: 1280px) 100vw, 1280px\" \/><figcaption class=\"wp-element-caption\">\u0130\u015fsizlik sigortas\u0131 fonu kullan\u0131m oran\u0131 art\u0131r\u0131ld\u0131 (Foto\u011fraf: Pixabay- geralt)<\/figcaption><\/figure><\/div>\n\n\n<h2 class=\"wp-block-heading\">Resmi Gazete\u2019de yay\u0131mlanan karara g\u00f6re, \u0130\u015fsizlik Sigortas\u0131 Fonu bir \u00f6nceki y\u0131l prim gelirlerinin oran\u0131 2026 y\u0131l\u0131 i\u00e7in y\u00fczde 30\u2019dan y\u00fczde 50\u2019ye \u00e7\u0131kar\u0131ld\u0131.<\/h2>\n\n\n\n<p><a href=\"https:\/\/epochtimestr.com\/index.php\/cumhurbaskani-karari-ile-6-fakultenin-adi-degisti\" target=\"_blank\" rel=\"noreferrer noopener\">Cumhurba\u015fkan\u0131 karar\u0131<\/a> ile \u0130\u015fsizlik Sigortas\u0131 Fonu\u2019na ili\u015fkin \u00f6nemli bir d\u00fczenleme yap\u0131ld\u0131. D\u00fcn <a href=\"https:\/\/epochtimestr.com\/index.php\/resmi-gazete-muayene-katilim-paylarina-zam\" target=\"_blank\" rel=\"noreferrer noopener\">Resmi Gazete<\/a>\u2019de yay\u0131mlanan karara g\u00f6re, <a href=\"https:\/\/epochtimestr.com\/index.php\/deniz-yucelden-terorsuz-turkiye-meclis-komisyonu-aciklamasi\" target=\"_blank\" rel=\"noreferrer noopener\">\u0130\u015fsizlik Sigortas\u0131 Fonu<\/a> bir \u00f6nceki y\u0131l prim gelirlerinin oran\u0131 2026 y\u0131l\u0131 i\u00e7in y\u00fczde 30\u2019dan y\u00fczde 50\u2019ye \u00e7\u0131kar\u0131ld\u0131.<\/p>\n\n\n\n<p>S\u00f6z konusu d\u00fczenleme, 4447 say\u0131l\u0131 \u0130\u015fsizlik Sigortas\u0131 Kanunu&#8217;nun ilgili maddesi uyar\u0131nca y\u00fcr\u00fcrl\u00fc\u011fe konuldu. Karar kapsam\u0131nda fondan aktar\u0131lan kaynak; \u00e7al\u0131\u015fanlar\u0131n vas\u0131flar\u0131n\u0131 y\u00fckselterek i\u015fsizlik riskini azaltmak, teknolojik geli\u015fmeler nedeniyle i\u015fsiz kalmas\u0131 beklenenleri farkl\u0131 alanlara y\u00f6nlendirmek, i\u015fe yerle\u015ftirme ve dan\u0131\u015fmanl\u0131k hizmetleri temin etmek ile i\u015f g\u00fcc\u00fc piyasas\u0131 ara\u015ft\u0131rma \u00e7al\u0131\u015fmalar\u0131n\u0131 yapmak amac\u0131yla kullan\u0131lacak.<\/p>\n\n\n\n<p>Ayr\u0131ca i\u015fe yerle\u015ftirme hizmetleri, dan\u0131\u015fmanl\u0131k faaliyetleri ve i\u015fg\u00fcc\u00fc piyasas\u0131na y\u00f6nelik ara\u015ft\u0131rmalar i\u00e7in ayr\u0131lan kaynaklar\u0131n art\u0131r\u0131lmas\u0131 da bu karar\u0131n temel nedenleri aras\u0131nda yer al\u0131yor. Resmi Gazete&#8217;de yay\u0131mlanarak y\u00fcr\u00fcrl\u00fc\u011fe giren karar\u0131n h\u00fck\u00fcmlerini \u00c7al\u0131\u015fma ve Sosyal G\u00fcvenlik Bakan\u0131 y\u00fcr\u00fctecek.<\/p>\n\n\n\n<h3 class=\"wp-block-heading\">Karar\u0131n i\u00e7eri\u011fi<\/h3>\n\n\n\n<p>Karar\u0131n detay\u0131nda ise \u015fu ifade yer ald\u0131: 4447 say\u0131l\u0131 \u0130\u015fsizlik Sigortas\u0131 Kanunu\u2019nun 48\u2019inci maddesinin yedinci f\u0131kras\u0131 kapsam\u0131nda %30 olarak belirlenen oran, 2026 y\u0131l\u0131 i\u00e7in %50\u2019ye \u00e7\u0131kar\u0131ld\u0131.<\/p>\n\n\n\n<p>Bu art\u0131\u015f istihdam\u0131 art\u0131r\u0131c\u0131 ve koruyucu tedbirlerin uygulanmas\u0131, i\u015fg\u00fcc\u00fcn\u00fcn niteli\u011finin y\u00fckseltilmesi, i\u015fe yerle\u015ftirme ve dan\u0131\u015fmanl\u0131k hizmetlerinin geli\u015ftirilmesi gibi alanlarda kullan\u0131lacak kaynaklar\u0131n geni\u015fletilmesini kaps\u0131yor.<\/p>\n\n\n\n<p>Karar, 3 Temmuz 2026 tarihinde imzalanarak y\u00fcr\u00fcrl\u00fc\u011fe girdi ve h\u00fck\u00fcmlerinin \u00c7al\u0131\u015fma ve Sosyal G\u00fcvenlik Bakan\u0131 taraf\u0131ndan y\u00fcr\u00fct\u00fclece\u011fi belirtildi.<\/p>\n\n\n\n<p>G\u00f6zler \u015fimdi bu kaynak art\u0131\u015f\u0131n\u0131n sahaya nas\u0131l yans\u0131yaca\u011f\u0131nda. Vatanda\u015f\u0131n bekledi\u011fi destekler ger\u00e7ekten artacak m\u0131, yoksa bu de\u011fi\u015fiklik farkl\u0131 alanlarda m\u0131 hissedilecek? Bu sorunun yan\u0131t\u0131 \u00f6n\u00fcm\u00fczdeki s\u00fcre\u00e7te netle\u015fecek.<\/p>\n\n\n<div class=\"wp-block-image\">\n<figure class=\"aligncenter size-large\"><img loading=\"lazy\" decoding=\"async\" width=\"779\" height=\"1200\" src=\"https:\/\/epochtimestr.com\/wp-content\/uploads\/2011y\/resmi-gazete-10-779x1200.jpg\" alt=\"\" class=\"wp-image-168333\" srcset=\"https:\/\/epochtimestr.com\/wp-content\/uploads\/2011y\/resmi-gazete-10-779x1200.jpg 779w, https:\/\/epochtimestr.com\/wp-content\/uploads\/2011y\/resmi-gazete-10-195x300.jpg 195w, https:\/\/epochtimestr.com\/wp-content\/uploads\/2011y\/resmi-gazete-10-97x150.jpg 97w, https:\/\/epochtimestr.com\/wp-content\/uploads\/2011y\/resmi-gazete-10-768x1184.jpg 768w, https:\/\/epochtimestr.com\/wp-content\/uploads\/2011y\/resmi-gazete-10.jpg 800w\" sizes=\"(max-width: 779px) 100vw, 779px\" \/><\/figure><\/div>","protected":false},"excerpt":{"rendered":"<p>Resmi Gazete\u2019de yay\u0131mlanan karara g\u00f6re, \u0130\u015fsizlik Sigortas\u0131 Fonu bir \u00f6nceki y\u0131l prim gelirlerinin oran\u0131 2026 y\u0131l\u0131 i\u00e7in y\u00fczde 30\u2019dan y\u00fczde 50\u2019ye \u00e7\u0131kar\u0131ld\u0131. Cumhurba\u015fkan\u0131 karar\u0131 ile \u0130\u015fsizlik Sigortas\u0131 Fonu\u2019na ili\u015fkin \u00f6nemli bir d\u00fczenleme yap\u0131ld\u0131. D\u00fcn Resmi Gazete\u2019de yay\u0131mlanan karara g\u00f6re, \u0130\u015fsizlik Sigortas\u0131 Fonu bir \u00f6nceki y\u0131l prim gelirlerinin oran\u0131 2026 y\u0131l\u0131 i\u00e7in y\u00fczde 30\u2019dan y\u00fczde 50\u2019ye [&hellip;]<\/p>\n","protected":false},"author":12791,"featured_media":168332,"comment_status":"open","ping_status":"open","sticky":false,"template":"","format":"standard","meta":{"_yoast_wpseo_focuskw":"i\u015fsizlik","_yoast_wpseo_title":"","_yoast_wpseo_metadesc":"Resmi Gazete\u2019de yay\u0131mlanan karara g\u00f6re, \u0130\u015fsizlik Sigortas\u0131 Fonu bir \u00f6nceki y\u0131l prim gelirlerinin oran\u0131 \u2019dan \u2019ye \u00e7\u0131kar\u0131ld\u0131.","_bbp_topic_count":0,"_bbp_reply_count":0,"_bbp_total_topic_count":0,"_bbp_total_reply_count":0,"_bbp_voice_count":0,"_bbp_anonymous_reply_count":0,"_bbp_topic_count_hidden":0,"_bbp_reply_count_hidden":0,"_bbp_forum_subforum_count":0,"footnotes":"","_yoast_wpseo_focuskw_text_input":""},"categories":[8225,1,8138,8226],"tags":[11648,11647,6042],"yoast_head":"<!-- This site is optimized with the Yoast SEO plugin v23.0 - https:\/\/yoast.com\/wordpress\/plugins\/seo\/ -->\n<title>\u0130\u015fsizlik Sigortas\u0131 Fonu Kullan\u0131m Oran\u0131 Art\u0131r\u0131ld\u0131 - The Epoch Times TR<\/title>\n<meta name=\"description\" content=\"Resmi Gazete\u2019de yay\u0131mlanan karara g\u00f6re, \u0130\u015fsizlik Sigortas\u0131 Fonu bir \u00f6nceki y\u0131l prim gelirlerinin oran\u0131 \u2019dan \u2019ye \u00e7\u0131kar\u0131ld\u0131.\" \/>\n<meta name=\"robots\" content=\"index, follow, max-snippet:-1, max-image-preview:large, max-video-preview:-1\" \/>\n<link rel=\"canonical\" href=\"https:\/\/epochtimestr.com\/index.php\/issizlik-sigortasi-fonu-kullanim-orani-artirildi\" \/>\n<meta property=\"og:locale\" content=\"tr_TR\" \/>\n<meta property=\"og:type\" content=\"article\" \/>\n<meta property=\"og:title\" content=\"\u0130\u015fsizlik Sigortas\u0131 Fonu Kullan\u0131m Oran\u0131 Art\u0131r\u0131ld\u0131 - The Epoch Times TR\" \/>\n<meta property=\"og:description\" content=\"Resmi Gazete\u2019de yay\u0131mlanan karara g\u00f6re, \u0130\u015fsizlik Sigortas\u0131 Fonu bir \u00f6nceki y\u0131l prim gelirlerinin oran\u0131 \u2019dan \u2019ye \u00e7\u0131kar\u0131ld\u0131.\" \/>\n<meta property=\"og:url\" content=\"https:\/\/epochtimestr.com\/index.php\/issizlik-sigortasi-fonu-kullanim-orani-artirildi\" \/>\n<meta property=\"og:site_name\" content=\"The Epoch Times TR\" \/>\n<meta property=\"article:publisher\" content=\"https:\/\/www.facebook.com\/theepochtimestr\" \/>\n<meta property=\"article:published_time\" content=\"2026-07-06T06:04:47+00:00\" \/>\n<meta property=\"article:modified_time\" content=\"2026-07-06T06:04:48+00:00\" \/>\n<meta property=\"og:image\" content=\"https:\/\/epochtimestr.com\/wp-content\/uploads\/2011y\/ixabay.webp\" \/>\n\t<meta property=\"og:image:width\" content=\"1280\" \/>\n\t<meta property=\"og:image:height\" content=\"905\" \/>\n\t<meta property=\"og:image:type\" content=\"image\/webp\" \/>\n<meta name=\"author\" content=\"Haber Merkezi\" \/>\n<meta name=\"twitter:card\" content=\"summary_large_image\" \/>\n<meta name=\"twitter:creator\" content=\"@TheEpochTimesTR\" \/>\n<meta name=\"twitter:site\" content=\"@TheEpochTimesTR\" \/>\n<meta name=\"twitter:label1\" content=\"Yazan:\" \/>\n\t<meta name=\"twitter:data1\" content=\"Haber Merkezi\" \/>\n\t<meta name=\"twitter:label2\" content=\"Tahmini okuma s\u00fcresi\" \/>\n\t<meta name=\"twitter:data2\" content=\"3 dakika\" \/>\n<script type=\"application\/ld+json\" class=\"yoast-schema-graph\">{\"@context\":\"https:\/\/schema.org\",\"@graph\":[{\"@type\":\"Article\",\"@id\":\"https:\/\/epochtimestr.com\/index.php\/issizlik-sigortasi-fonu-kullanim-orani-artirildi#article\",\"isPartOf\":{\"@id\":\"https:\/\/epochtimestr.com\/index.php\/issizlik-sigortasi-fonu-kullanim-orani-artirildi\"},\"author\":{\"name\":\"Haber Merkezi\",\"@id\":\"https:\/\/epochtimestr.com\/#\/schema\/person\/3dc5c3adeb9f43923c5aa85889172fdd\"},\"headline\":\"\u0130\u015fsizlik Sigortas\u0131 Fonu Kullan\u0131m Oran\u0131 Art\u0131r\u0131ld\u0131\",\"datePublished\":\"2026-07-06T06:04:47+00:00\",\"dateModified\":\"2026-07-06T06:04:48+00:00\",\"mainEntityOfPage\":{\"@id\":\"https:\/\/epochtimestr.com\/index.php\/issizlik-sigortasi-fonu-kullanim-orani-artirildi\"},\"wordCount\":392,\"commentCount\":0,\"publisher\":{\"@id\":\"https:\/\/epochtimestr.com\/#organization\"},\"image\":{\"@id\":\"https:\/\/epochtimestr.com\/index.php\/issizlik-sigortasi-fonu-kullanim-orani-artirildi#primaryimage\"},\"thumbnailUrl\":\"https:\/\/epochtimestr.com\/wp-content\/uploads\/2011y\/ixabay.webp\",\"keywords\":[\"cumhurba\u015fkan\u0131 kararnamesi\",\"i\u015fsizlik fonu\",\"Resmi Gazete\"],\"articleSection\":[\"Ekonomi\",\"G\u00dcNDEM\",\"MAN\u015eET\",\"Siyaset\"],\"inLanguage\":\"tr\",\"potentialAction\":[{\"@type\":\"CommentAction\",\"name\":\"Comment\",\"target\":[\"https:\/\/epochtimestr.com\/index.php\/issizlik-sigortasi-fonu-kullanim-orani-artirildi#respond\"]}]},{\"@type\":\"WebPage\",\"@id\":\"https:\/\/epochtimestr.com\/index.php\/issizlik-sigortasi-fonu-kullanim-orani-artirildi\",\"url\":\"https:\/\/epochtimestr.com\/index.php\/issizlik-sigortasi-fonu-kullanim-orani-artirildi\",\"name\":\"\u0130\u015fsizlik Sigortas\u0131 Fonu Kullan\u0131m Oran\u0131 Art\u0131r\u0131ld\u0131 - The Epoch Times TR\",\"isPartOf\":{\"@id\":\"https:\/\/epochtimestr.com\/#website\"},\"primaryImageOfPage\":{\"@id\":\"https:\/\/epochtimestr.com\/index.php\/issizlik-sigortasi-fonu-kullanim-orani-artirildi#primaryimage\"},\"image\":{\"@id\":\"https:\/\/epochtimestr.com\/index.php\/issizlik-sigortasi-fonu-kullanim-orani-artirildi#primaryimage\"},\"thumbnailUrl\":\"https:\/\/epochtimestr.com\/wp-content\/uploads\/2011y\/ixabay.webp\",\"datePublished\":\"2026-07-06T06:04:47+00:00\",\"dateModified\":\"2026-07-06T06:04:48+00:00\",\"description\":\"Resmi Gazete\u2019de yay\u0131mlanan karara g\u00f6re, \u0130\u015fsizlik Sigortas\u0131 Fonu bir \u00f6nceki y\u0131l prim gelirlerinin oran\u0131 \u2019dan \u2019ye \u00e7\u0131kar\u0131ld\u0131.\",\"inLanguage\":\"tr\",\"potentialAction\":[{\"@type\":\"ReadAction\",\"target\":[\"https:\/\/epochtimestr.com\/index.php\/issizlik-sigortasi-fonu-kullanim-orani-artirildi\"]}]},{\"@type\":\"ImageObject\",\"inLanguage\":\"tr\",\"@id\":\"https:\/\/epochtimestr.com\/index.php\/issizlik-sigortasi-fonu-kullanim-orani-artirildi#primaryimage\",\"url\":\"https:\/\/epochtimestr.com\/wp-content\/uploads\/2011y\/ixabay.webp\",\"contentUrl\":\"https:\/\/epochtimestr.com\/wp-content\/uploads\/2011y\/ixabay.webp\",\"width\":1280,\"height\":905},{\"@type\":\"WebSite\",\"@id\":\"https:\/\/epochtimestr.com\/#website\",\"url\":\"https:\/\/epochtimestr.com\/\",\"name\":\"The Epoch Times TR\",\"description\":\"De\u011fi\u015fen D\u00fcnyam\u0131za Taze Bir Bak\u0131\u015f\",\"publisher\":{\"@id\":\"https:\/\/epochtimestr.com\/#organization\"},\"potentialAction\":[{\"@type\":\"SearchAction\",\"target\":{\"@type\":\"EntryPoint\",\"urlTemplate\":\"https:\/\/epochtimestr.com\/?s={search_term_string}\"},\"query-input\":\"required name=search_term_string\"}],\"inLanguage\":\"tr\"},{\"@type\":\"Organization\",\"@id\":\"https:\/\/epochtimestr.com\/#organization\",\"name\":\"The EpochTimes T\u00fcrkiye\",\"url\":\"https:\/\/epochtimestr.com\/\",\"logo\":{\"@type\":\"ImageObject\",\"inLanguage\":\"tr\",\"@id\":\"https:\/\/epochtimestr.com\/#\/schema\/logo\/image\/\",\"url\":\"https:\/\/epochtimestr.com\/wp-content\/uploads\/2011y\/ET-Logo-YG.jpg\",\"contentUrl\":\"https:\/\/epochtimestr.com\/wp-content\/uploads\/2011y\/ET-Logo-YG.jpg\",\"width\":346,\"height\":29,\"caption\":\"The EpochTimes T\u00fcrkiye\"},\"image\":{\"@id\":\"https:\/\/epochtimestr.com\/#\/schema\/logo\/image\/\"},\"sameAs\":[\"https:\/\/www.facebook.com\/theepochtimestr\",\"https:\/\/x.com\/TheEpochTimesTR\",\"https:\/\/www.instagram.com\/epochtimestr\"]},{\"@type\":\"Person\",\"@id\":\"https:\/\/epochtimestr.com\/#\/schema\/person\/3dc5c3adeb9f43923c5aa85889172fdd\",\"name\":\"Haber Merkezi\",\"image\":{\"@type\":\"ImageObject\",\"inLanguage\":\"tr\",\"@id\":\"https:\/\/epochtimestr.com\/#\/schema\/person\/image\/\",\"url\":\"https:\/\/secure.gravatar.com\/avatar\/d73f772ba5a74f28601361e17c2f93e6?s=96&d=mm&r=g\",\"contentUrl\":\"https:\/\/secure.gravatar.com\/avatar\/d73f772ba5a74f28601361e17c2f93e6?s=96&d=mm&r=g\",\"caption\":\"Haber Merkezi\"},\"url\":\"https:\/\/epochtimestr.com\/index.php\/author\/sendag\"}]}<\/script>\n<!-- \/ Yoast SEO plugin. -->","yoast_head_json":{"title":"\u0130\u015fsizlik Sigortas\u0131 Fonu Kullan\u0131m Oran\u0131 Art\u0131r\u0131ld\u0131 - The Epoch Times TR","description":"Resmi Gazete\u2019de yay\u0131mlanan karara g\u00f6re, \u0130\u015fsizlik Sigortas\u0131 Fonu bir \u00f6nceki y\u0131l prim gelirlerinin oran\u0131 \u2019dan \u2019ye \u00e7\u0131kar\u0131ld\u0131.","robots":{"index":"index","follow":"follow","max-snippet":"max-snippet:-1","max-image-preview":"max-image-preview:large","max-video-preview":"max-video-preview:-1"},"canonical":"https:\/\/epochtimestr.com\/index.php\/issizlik-sigortasi-fonu-kullanim-orani-artirildi","og_locale":"tr_TR","og_type":"article","og_title":"\u0130\u015fsizlik Sigortas\u0131 Fonu Kullan\u0131m Oran\u0131 Art\u0131r\u0131ld\u0131 - The Epoch Times TR","og_description":"Resmi Gazete\u2019de yay\u0131mlanan karara g\u00f6re, \u0130\u015fsizlik Sigortas\u0131 Fonu bir \u00f6nceki y\u0131l prim gelirlerinin oran\u0131 \u2019dan \u2019ye \u00e7\u0131kar\u0131ld\u0131.","og_url":"https:\/\/epochtimestr.com\/index.php\/issizlik-sigortasi-fonu-kullanim-orani-artirildi","og_site_name":"The Epoch Times TR","article_publisher":"https:\/\/www.facebook.com\/theepochtimestr","article_published_time":"2026-07-06T06:04:47+00:00","article_modified_time":"2026-07-06T06:04:48+00:00","og_image":[{"width":1280,"height":905,"url":"https:\/\/epochtimestr.com\/wp-content\/uploads\/2011y\/ixabay.webp","type":"image\/webp"}],"author":"Haber Merkezi","twitter_card":"summary_large_image","twitter_creator":"@TheEpochTimesTR","twitter_site":"@TheEpochTimesTR","twitter_misc":{"Yazan:":"Haber Merkezi","Tahmini okuma s\u00fcresi":"3 dakika"},"schema":{"@context":"https:\/\/schema.org","@graph":[{"@type":"Article","@id":"https:\/\/epochtimestr.com\/index.php\/issizlik-sigortasi-fonu-kullanim-orani-artirildi#article","isPartOf":{"@id":"https:\/\/epochtimestr.com\/index.php\/issizlik-sigortasi-fonu-kullanim-orani-artirildi"},"author":{"name":"Haber Merkezi","@id":"https:\/\/epochtimestr.com\/#\/schema\/person\/3dc5c3adeb9f43923c5aa85889172fdd"},"headline":"\u0130\u015fsizlik Sigortas\u0131 Fonu Kullan\u0131m Oran\u0131 Art\u0131r\u0131ld\u0131","datePublished":"2026-07-06T06:04:47+00:00","dateModified":"2026-07-06T06:04:48+00:00","mainEntityOfPage":{"@id":"https:\/\/epochtimestr.com\/index.php\/issizlik-sigortasi-fonu-kullanim-orani-artirildi"},"wordCount":392,"commentCount":0,"publisher":{"@id":"https:\/\/epochtimestr.com\/#organization"},"image":{"@id":"https:\/\/epochtimestr.com\/index.php\/issizlik-sigortasi-fonu-kullanim-orani-artirildi#primaryimage"},"thumbnailUrl":"https:\/\/epochtimestr.com\/wp-content\/uploads\/2011y\/ixabay.webp","keywords":["cumhurba\u015fkan\u0131 kararnamesi","i\u015fsizlik fonu","Resmi Gazete"],"articleSection":["Ekonomi","G\u00dcNDEM","MAN\u015eET","Siyaset"],"inLanguage":"tr","potentialAction":[{"@type":"CommentAction","name":"Comment","target":["https:\/\/epochtimestr.com\/index.php\/issizlik-sigortasi-fonu-kullanim-orani-artirildi#respond"]}]},{"@type":"WebPage","@id":"https:\/\/epochtimestr.com\/index.php\/issizlik-sigortasi-fonu-kullanim-orani-artirildi","url":"https:\/\/epochtimestr.com\/index.php\/issizlik-sigortasi-fonu-kullanim-orani-artirildi","name":"\u0130\u015fsizlik Sigortas\u0131 Fonu Kullan\u0131m Oran\u0131 Art\u0131r\u0131ld\u0131 - The Epoch Times TR","isPartOf":{"@id":"https:\/\/epochtimestr.com\/#website"},"primaryImageOfPage":{"@id":"https:\/\/epochtimestr.com\/index.php\/issizlik-sigortasi-fonu-kullanim-orani-artirildi#primaryimage"},"image":{"@id":"https:\/\/epochtimestr.com\/index.php\/issizlik-sigortasi-fonu-kullanim-orani-artirildi#primaryimage"},"thumbnailUrl":"https:\/\/epochtimestr.com\/wp-content\/uploads\/2011y\/ixabay.webp","datePublished":"2026-07-06T06:04:47+00:00","dateModified":"2026-07-06T06:04:48+00:00","description":"Resmi Gazete\u2019de yay\u0131mlanan karara g\u00f6re, \u0130\u015fsizlik Sigortas\u0131 Fonu bir \u00f6nceki y\u0131l prim gelirlerinin oran\u0131 \u2019dan \u2019ye \u00e7\u0131kar\u0131ld\u0131.","inLanguage":"tr","potentialAction":[{"@type":"ReadAction","target":["https:\/\/epochtimestr.com\/index.php\/issizlik-sigortasi-fonu-kullanim-orani-artirildi"]}]},{"@type":"ImageObject","inLanguage":"tr","@id":"https:\/\/epochtimestr.com\/index.php\/issizlik-sigortasi-fonu-kullanim-orani-artirildi#primaryimage","url":"https:\/\/epochtimestr.com\/wp-content\/uploads\/2011y\/ixabay.webp","contentUrl":"https:\/\/epochtimestr.com\/wp-content\/uploads\/2011y\/ixabay.webp","width":1280,"height":905},{"@type":"WebSite","@id":"https:\/\/epochtimestr.com\/#website","url":"https:\/\/epochtimestr.com\/","name":"The Epoch Times TR","description":"De\u011fi\u015fen D\u00fcnyam\u0131za Taze Bir Bak\u0131\u015f","publisher":{"@id":"https:\/\/epochtimestr.com\/#organization"},"potentialAction":[{"@type":"SearchAction","target":{"@type":"EntryPoint","urlTemplate":"https:\/\/epochtimestr.com\/?s={search_term_string}"},"query-input":"required name=search_term_string"}],"inLanguage":"tr"},{"@type":"Organization","@id":"https:\/\/epochtimestr.com\/#organization","name":"The EpochTimes T\u00fcrkiye","url":"https:\/\/epochtimestr.com\/","logo":{"@type":"ImageObject","inLanguage":"tr","@id":"https:\/\/epochtimestr.com\/#\/schema\/logo\/image\/","url":"https:\/\/epochtimestr.com\/wp-content\/uploads\/2011y\/ET-Logo-YG.jpg","contentUrl":"https:\/\/epochtimestr.com\/wp-content\/uploads\/2011y\/ET-Logo-YG.jpg","width":346,"height":29,"caption":"The EpochTimes T\u00fcrkiye"},"image":{"@id":"https:\/\/epochtimestr.com\/#\/schema\/logo\/image\/"},"sameAs":["https:\/\/www.facebook.com\/theepochtimestr","https:\/\/x.com\/TheEpochTimesTR","https:\/\/www.instagram.com\/epochtimestr"]},{"@type":"Person","@id":"https:\/\/epochtimestr.com\/#\/schema\/person\/3dc5c3adeb9f43923c5aa85889172fdd","name":"Haber Merkezi","image":{"@type":"ImageObject","inLanguage":"tr","@id":"https:\/\/epochtimestr.com\/#\/schema\/person\/image\/","url":"https:\/\/secure.gravatar.com\/avatar\/d73f772ba5a74f28601361e17c2f93e6?s=96&d=mm&r=g","contentUrl":"https:\/\/secure.gravatar.com\/avatar\/d73f772ba5a74f28601361e17c2f93e6?s=96&d=mm&r=g","caption":"Haber Merkezi"},"url":"https:\/\/epochtimestr.com\/index.php\/author\/sendag"}]}},"_links":{"self":[{"href":"https:\/\/epochtimestr.com\/index.php\/wp-json\/wp\/v2\/posts\/168331"}],"collection":[{"href":"https:\/\/epochtimestr.com\/index.php\/wp-json\/wp\/v2\/posts"}],"about":[{"href":"https:\/\/epochtimestr.com\/index.php\/wp-json\/wp\/v2\/types\/post"}],"author":[{"embeddable":true,"href":"https:\/\/epochtimestr.com\/index.php\/wp-json\/wp\/v2\/users\/12791"}],"replies":[{"embeddable":true,"href":"https:\/\/epochtimestr.com\/index.php\/wp-json\/wp\/v2\/comments?post=168331"}],"version-history":[{"count":2,"href":"https:\/\/epochtimestr.com\/index.php\/wp-json\/wp\/v2\/posts\/168331\/revisions"}],"predecessor-version":[{"id":168341,"href":"https:\/\/epochtimestr.com\/index.php\/wp-json\/wp\/v2\/posts\/168331\/revisions\/168341"}],"wp:featuredmedia":[{"embeddable":true,"href":"https:\/\/epochtimestr.com\/index.php\/wp-json\/wp\/v2\/media\/168332"}],"wp:attachment":[{"href":"https:\/\/epochtimestr.com\/index.php\/wp-json\/wp\/v2\/media?parent=168331"}],"wp:term":[{"taxonomy":"category","embeddable":true,"href":"https:\/\/epochtimestr.com\/index.php\/wp-json\/wp\/v2\/categories?post=168331"},{"taxonomy":"post_tag","embeddable":true,"href":"https:\/\/epochtimestr.com\/index.php\/wp-json\/wp\/v2\/tags?post=168331"}],"curies":[{"name":"wp","href":"https:\/\/api.w.org\/{rel}","templated":true}]}}