{"id":168344,"date":"2026-07-06T13:19:16","date_gmt":"2026-07-06T10:19:16","guid":{"rendered":"https:\/\/epochtimestr.com\/?p=168344"},"modified":"2026-07-06T13:19:20","modified_gmt":"2026-07-06T10:19:20","slug":"abd-nijeryadaki-askerlerini-cekiyor","status":"publish","type":"post","link":"https:\/\/epochtimestr.com\/index.php\/abd-nijeryadaki-askerlerini-cekiyor","title":{"rendered":"ABD Nijerya&#8217;daki Askerlerini \u00c7ekiyor"},"content":{"rendered":"<div class=\"wp-block-image\">\n<figure class=\"aligncenter size-large\"><img loading=\"lazy\" decoding=\"async\" width=\"1800\" height=\"1200\" src=\"https:\/\/epochtimestr.com\/wp-content\/uploads\/2011y\/1000043256-1800x1200.jpg\" alt=\"ABD Afrika Komutanl\u0131\u011f\u0131 (USAFRICOM) komutan ve y\u00f6neticileri, ABD Hava Kuvvetleri ile Nijerya Silahl\u0131 Kuvvetleri komutanlar\u0131, 2026 Afrika Savunma Kuvvetleri Komutanlar\u0131 Konferans\u0131nda (ACHOD) bir panelde. 30 Haziran 2026, Luanda, Angola. (Foto\u011fraf: Wikimedia)\" class=\"wp-image-168349\" srcset=\"https:\/\/epochtimestr.com\/wp-content\/uploads\/2011y\/1000043256-1800x1200.jpg 1800w, https:\/\/epochtimestr.com\/wp-content\/uploads\/2011y\/1000043256-300x200.jpg 300w, https:\/\/epochtimestr.com\/wp-content\/uploads\/2011y\/1000043256-150x100.jpg 150w, https:\/\/epochtimestr.com\/wp-content\/uploads\/2011y\/1000043256-768x512.jpg 768w, https:\/\/epochtimestr.com\/wp-content\/uploads\/2011y\/1000043256-1536x1024.jpg 1536w, https:\/\/epochtimestr.com\/wp-content\/uploads\/2011y\/1000043256.jpg 1920w\" sizes=\"(max-width: 1800px) 100vw, 1800px\" \/><figcaption class=\"wp-element-caption\">ABD Afrika Komutanl\u0131\u011f\u0131 (USAFRICOM) komutan ve y\u00f6neticileri, ABD Hava Kuvvetleri ile Nijerya Silahl\u0131 Kuvvetleri komutanlar\u0131, 2026 Afrika Savunma Kuvvetleri Komutanlar\u0131 Konferans\u0131nda (ACHOD) bir panelde. 30 Haziran 2026, Luanda, Angola. (Foto\u011fraf: Wikimedia)<\/figcaption><\/figure><\/div>\n\n\n<p>ABD, ortak ter\u00f6rle m\u00fccadele operasyonunun ard\u0131ndan Nijerya ve \u00e7evresindeki askerlerinin \u00e7o\u011funu \u00e7ekiyor. ABD Afrika Komutanl\u0131\u011f\u0131ndan Orgeneral Dagvin R.M. Anderson, <a href=\"https:\/\/www.theepochtimes.com\/world\/us-scales-back-troops-in-nigeria-after-joint-operation-kills-senior-isis-leader-6056925\" target=\"_blank\" rel=\"noreferrer noopener\">3 Temmuz&#8217;da<\/a> yapt\u0131\u011f\u0131 a\u00e7\u0131klamada, ABD&#8217;nin yaln\u0131zca Nijerya&#8217;n\u0131n talep etti\u011fi alanlarda destek sundu\u011funu s\u00f6yledi. Komutan, kalan ABD personelinin istihbarat payla\u015f\u0131m\u0131na odaklanaca\u011f\u0131n\u0131, ancak operasyon i\u00e7in g\u00f6nderilen birliklerin b\u00fcy\u00fck b\u00f6l\u00fcm\u00fc \u00fclkeden ayr\u0131ld\u0131\u011f\u0131n\u0131 belirtti.<\/p>\n\n\n\n<p>Anderson, Angola&#8217;n\u0131n Luanda kentinde bas\u0131n toplant\u0131s\u0131nda yapt\u0131\u011f\u0131 a\u00e7\u0131klamada, ABD&#8217;nin Afrika&#8217;da yerel g\u00fc\u00e7leri desteklemeyi hedefledi\u011fini vurgulad\u0131. Komutan, operasyonlar\u0131n liderli\u011fini Nijerya&#8217;n\u0131n yapt\u0131\u011f\u0131n\u0131, bununla birlikte ABD&#8217;nin yaln\u0131zca \u00f6zel kabiliyet gerektiren alanlarda katk\u0131 sa\u011flad\u0131\u011f\u0131n\u0131 s\u00f6yledi.<\/p>\n\n\n\n<p>May\u0131s ay\u0131nda d\u00fczenlenen ortak operasyon, Nijerya&#8217;n\u0131n kuzeydo\u011fusunda ger\u00e7ekle\u015ftirildi. Operasyon, I\u015e\u0130D&#8217;in \u00fcst d\u00fczey liderlerinden Ebu Bilal el-Minuki&#8217;nin \u00f6ld\u00fcr\u00fclmesiyle sonu\u00e7land\u0131. ABD&#8217;li yetkililer, el-Minuki&#8217;yi I\u015e\u0130D&#8217;in k\u00fcresel ikinci ismi ve ayr\u0131ca k\u00fcresel operasyonlar ve propaganda sorumlusu olarak tan\u0131mlad\u0131. Anderson, operasyonun \u00f6rg\u00fct\u00fcn uluslararas\u0131 yap\u0131s\u0131na \u00f6nemli darbe vurdu\u011funu s\u00f6yledi.<\/p>\n\n\n\n<p>Anderson, <a href=\"https:\/\/epochtimestr.com\/index.php\/abd-askerleri-nijeryada-egitim-verecek\" target=\"_blank\" rel=\"noreferrer noopener\">Nijerya&#8217;n\u0131n I\u015e\u0130D&#8217;e kar\u015f\u0131<\/a> operasyonlar\u0131n\u0131 s\u00fcrd\u00fcrd\u00fc\u011f\u00fcn\u00fc belirtti. Bu nedenle ABD deste\u011fi, Nijerya ile istihbarat payla\u015f\u0131m\u0131 olarak devam edecek. \u00d6te yandan komutan, ABD&#8217;nin ba\u011f\u0131ms\u0131z askeri operasyonlar y\u00fcr\u00fctmedi\u011fini, yerel g\u00fc\u00e7lerin \u00f6nc\u00fcl\u00fc\u011f\u00fcn\u00fc desteklediklerini s\u00f6yledi.<\/p>\n\n\n\n<p>Ayr\u0131ca Anderson, \u00fcst d\u00fczey liderlerin etkisiz hale getirilmesinin \u00f6rg\u00fct i\u00e7i ileti\u015fimi zay\u0131flatt\u0131\u011f\u0131n\u0131 belirtti. Buna kar\u015f\u0131n Nijerya g\u00fcvenlik g\u00fc\u00e7leri sahadaki operasyonlar\u0131n sorumlulu\u011funu s\u00fcrd\u00fcr\u00fcyor. Dolay\u0131s\u0131yla ABD, yaln\u0131zca ihtiya\u00e7 duyulan \u00f6zel kabiliyetleri sa\u011flamay\u0131 ama\u00e7l\u0131yor.<\/p>\n\n\n\n<p>Anderson, \u00c7ad G\u00f6l\u00fc Havzas\u0131&#8217;ndaki operasyonun b\u00f6lgesel g\u00fcvenli\u011fe katk\u0131 sundu\u011funu, ayn\u0131 zamanda I\u015e\u0130D ba\u011flant\u0131l\u0131 yap\u0131lar aras\u0131ndaki koordinasyonu da zay\u0131flatt\u0131\u011f\u0131n\u0131 s\u00f6yledi.<\/p>\n","protected":false},"excerpt":{"rendered":"<p>ABD, ortak ter\u00f6rle m\u00fccadele operasyonunun ard\u0131ndan Nijerya ve \u00e7evresindeki askerlerinin \u00e7o\u011funu \u00e7ekiyor. ABD Afrika Komutanl\u0131\u011f\u0131ndan Orgeneral Dagvin R.M. Anderson, 3 Temmuz&#8217;da yapt\u0131\u011f\u0131 a\u00e7\u0131klamada, ABD&#8217;nin yaln\u0131zca Nijerya&#8217;n\u0131n talep etti\u011fi alanlarda destek sundu\u011funu s\u00f6yledi. Komutan, kalan ABD personelinin istihbarat payla\u015f\u0131m\u0131na odaklanaca\u011f\u0131n\u0131, ancak operasyon i\u00e7in g\u00f6nderilen birliklerin b\u00fcy\u00fck b\u00f6l\u00fcm\u00fc \u00fclkeden ayr\u0131ld\u0131\u011f\u0131n\u0131 belirtti. Anderson, Angola&#8217;n\u0131n Luanda kentinde bas\u0131n toplant\u0131s\u0131nda [&hellip;]<\/p>\n","protected":false},"author":13996,"featured_media":168349,"comment_status":"open","ping_status":"open","sticky":false,"template":"","format":"standard","meta":{"_yoast_wpseo_focuskw":"ABD - Nijerya","_yoast_wpseo_title":"","_yoast_wpseo_metadesc":"ABD, I\u015e\u0130D'in \u00fcst d\u00fczey liderinin \u00f6ld\u00fcr\u00fcld\u00fc\u011f\u00fc ortak operasyonun ard\u0131ndan Nijerya \u00fcss\u00fcndeki askerlerinin b\u00fcy\u00fck b\u00f6l\u00fcm\u00fcn\u00fc \u00e7ekti.","_bbp_topic_count":0,"_bbp_reply_count":0,"_bbp_total_topic_count":0,"_bbp_total_reply_count":0,"_bbp_voice_count":0,"_bbp_anonymous_reply_count":0,"_bbp_topic_count_hidden":0,"_bbp_reply_count_hidden":0,"_bbp_forum_subforum_count":0,"footnotes":"","_yoast_wpseo_focuskw_text_input":""},"categories":[5,1,8138],"tags":[11649,228,11650,4242],"yoast_head":"<!-- This site is optimized with the Yoast SEO plugin v23.0 - https:\/\/yoast.com\/wordpress\/plugins\/seo\/ -->\n<title>ABD Nijerya&#039;daki Askerlerini \u00c7ekiyor - The Epoch Times TR<\/title>\n<meta name=\"description\" content=\"ABD, I\u015e\u0130D&#039;in \u00fcst d\u00fczey liderinin \u00f6ld\u00fcr\u00fcld\u00fc\u011f\u00fc ortak operasyonun ard\u0131ndan Nijerya \u00fcss\u00fcndeki askerlerinin b\u00fcy\u00fck b\u00f6l\u00fcm\u00fcn\u00fc \u00e7ekti.\" \/>\n<meta name=\"robots\" content=\"index, follow, max-snippet:-1, max-image-preview:large, max-video-preview:-1\" \/>\n<link rel=\"canonical\" href=\"https:\/\/epochtimestr.com\/index.php\/abd-nijeryadaki-askerlerini-cekiyor\" \/>\n<meta property=\"og:locale\" content=\"tr_TR\" \/>\n<meta property=\"og:type\" content=\"article\" \/>\n<meta property=\"og:title\" content=\"ABD Nijerya&#039;daki Askerlerini \u00c7ekiyor - The Epoch Times TR\" \/>\n<meta property=\"og:description\" content=\"ABD, I\u015e\u0130D&#039;in \u00fcst d\u00fczey liderinin \u00f6ld\u00fcr\u00fcld\u00fc\u011f\u00fc ortak operasyonun ard\u0131ndan Nijerya \u00fcss\u00fcndeki askerlerinin b\u00fcy\u00fck b\u00f6l\u00fcm\u00fcn\u00fc \u00e7ekti.\" \/>\n<meta property=\"og:url\" content=\"https:\/\/epochtimestr.com\/index.php\/abd-nijeryadaki-askerlerini-cekiyor\" \/>\n<meta property=\"og:site_name\" content=\"The Epoch Times TR\" \/>\n<meta property=\"article:publisher\" content=\"https:\/\/www.facebook.com\/theepochtimestr\" \/>\n<meta property=\"article:published_time\" content=\"2026-07-06T10:19:16+00:00\" \/>\n<meta property=\"article:modified_time\" content=\"2026-07-06T10:19:20+00:00\" \/>\n<meta property=\"og:image\" content=\"https:\/\/epochtimestr.com\/wp-content\/uploads\/2011y\/1000043256.jpg\" \/>\n\t<meta property=\"og:image:width\" content=\"1920\" \/>\n\t<meta property=\"og:image:height\" content=\"1280\" \/>\n\t<meta property=\"og:image:type\" content=\"image\/jpeg\" \/>\n<meta name=\"author\" content=\"Leo Bajelan\" \/>\n<meta name=\"twitter:card\" content=\"summary_large_image\" \/>\n<meta name=\"twitter:creator\" content=\"@TheEpochTimesTR\" \/>\n<meta name=\"twitter:site\" content=\"@TheEpochTimesTR\" \/>\n<meta name=\"twitter:label1\" content=\"Yazan:\" \/>\n\t<meta name=\"twitter:data1\" content=\"Leo Bajelan\" \/>\n\t<meta name=\"twitter:label2\" content=\"Tahmini okuma s\u00fcresi\" \/>\n\t<meta name=\"twitter:data2\" content=\"2 dakika\" \/>\n<script type=\"application\/ld+json\" class=\"yoast-schema-graph\">{\"@context\":\"https:\/\/schema.org\",\"@graph\":[{\"@type\":\"Article\",\"@id\":\"https:\/\/epochtimestr.com\/index.php\/abd-nijeryadaki-askerlerini-cekiyor#article\",\"isPartOf\":{\"@id\":\"https:\/\/epochtimestr.com\/index.php\/abd-nijeryadaki-askerlerini-cekiyor\"},\"author\":{\"name\":\"Leo Bajelan\",\"@id\":\"https:\/\/epochtimestr.com\/#\/schema\/person\/5fef218711d76d8f232b0e1f1d7e4c0d\"},\"headline\":\"ABD Nijerya&#8217;daki Askerlerini \u00c7ekiyor\",\"datePublished\":\"2026-07-06T10:19:16+00:00\",\"dateModified\":\"2026-07-06T10:19:20+00:00\",\"mainEntityOfPage\":{\"@id\":\"https:\/\/epochtimestr.com\/index.php\/abd-nijeryadaki-askerlerini-cekiyor\"},\"wordCount\":351,\"commentCount\":0,\"publisher\":{\"@id\":\"https:\/\/epochtimestr.com\/#organization\"},\"image\":{\"@id\":\"https:\/\/epochtimestr.com\/index.php\/abd-nijeryadaki-askerlerini-cekiyor#primaryimage\"},\"thumbnailUrl\":\"https:\/\/epochtimestr.com\/wp-content\/uploads\/2011y\/1000043256.jpg\",\"keywords\":[\"ABD-nijerya\",\"Afrika\",\"Dagvin R. Anderson\",\"I\u015e\u0130D\"],\"articleSection\":[\"D\u00dcNYA\",\"G\u00dcNDEM\",\"MAN\u015eET\"],\"inLanguage\":\"tr\",\"potentialAction\":[{\"@type\":\"CommentAction\",\"name\":\"Comment\",\"target\":[\"https:\/\/epochtimestr.com\/index.php\/abd-nijeryadaki-askerlerini-cekiyor#respond\"]}]},{\"@type\":\"WebPage\",\"@id\":\"https:\/\/epochtimestr.com\/index.php\/abd-nijeryadaki-askerlerini-cekiyor\",\"url\":\"https:\/\/epochtimestr.com\/index.php\/abd-nijeryadaki-askerlerini-cekiyor\",\"name\":\"ABD Nijerya'daki Askerlerini \u00c7ekiyor - The Epoch Times TR\",\"isPartOf\":{\"@id\":\"https:\/\/epochtimestr.com\/#website\"},\"primaryImageOfPage\":{\"@id\":\"https:\/\/epochtimestr.com\/index.php\/abd-nijeryadaki-askerlerini-cekiyor#primaryimage\"},\"image\":{\"@id\":\"https:\/\/epochtimestr.com\/index.php\/abd-nijeryadaki-askerlerini-cekiyor#primaryimage\"},\"thumbnailUrl\":\"https:\/\/epochtimestr.com\/wp-content\/uploads\/2011y\/1000043256.jpg\",\"datePublished\":\"2026-07-06T10:19:16+00:00\",\"dateModified\":\"2026-07-06T10:19:20+00:00\",\"description\":\"ABD, I\u015e\u0130D'in \u00fcst d\u00fczey liderinin \u00f6ld\u00fcr\u00fcld\u00fc\u011f\u00fc ortak operasyonun ard\u0131ndan Nijerya \u00fcss\u00fcndeki askerlerinin b\u00fcy\u00fck b\u00f6l\u00fcm\u00fcn\u00fc \u00e7ekti.\",\"inLanguage\":\"tr\",\"potentialAction\":[{\"@type\":\"ReadAction\",\"target\":[\"https:\/\/epochtimestr.com\/index.php\/abd-nijeryadaki-askerlerini-cekiyor\"]}]},{\"@type\":\"ImageObject\",\"inLanguage\":\"tr\",\"@id\":\"https:\/\/epochtimestr.com\/index.php\/abd-nijeryadaki-askerlerini-cekiyor#primaryimage\",\"url\":\"https:\/\/epochtimestr.com\/wp-content\/uploads\/2011y\/1000043256.jpg\",\"contentUrl\":\"https:\/\/epochtimestr.com\/wp-content\/uploads\/2011y\/1000043256.jpg\",\"width\":1920,\"height\":1280,\"caption\":\"From the left, U.S. Air Force Gen. Dagvin R. Anderson, commander of U.S. Africa Command; Gen. Olufemi Olatubosun Oluyede, chief of Defence, Staff of the Nigerian Armed Forces; U.S. Navy Rear Adm. Cameron Chen, deputy director, USAFRICOM J3; U.S. Air Force Col. Rebecca Heyse, director, USAFRICOM Public Affairs; and Vice Air Marshall Francis Ogbejele Edosa, chief of Defence Policy and Plans, participate in an information domain panel during the 2026 African Chiefs of Defense Conference (ACHOD) in Luanda Angola June 30, 2026. The panel brought together senior military leaders to discuss the role of the information domain in strengthening strategic communication, countering malign influence, and enhancing multinational cooperation across Africa. Chiefs of Defense and representatives from more than 35 countries as well as U.S. and partner military leaders gather for the 2026 African Chiefs of Defense Conference. ACHOD serves as the key forum for senior military officials to address shared security threats, enhance regional stability, and discuss collaborative frameworks that enable long-term investment and economic growth across the continent. (Photo by Jason Johnston)\"},{\"@type\":\"WebSite\",\"@id\":\"https:\/\/epochtimestr.com\/#website\",\"url\":\"https:\/\/epochtimestr.com\/\",\"name\":\"The Epoch Times TR\",\"description\":\"De\u011fi\u015fen D\u00fcnyam\u0131za Taze Bir Bak\u0131\u015f\",\"publisher\":{\"@id\":\"https:\/\/epochtimestr.com\/#organization\"},\"potentialAction\":[{\"@type\":\"SearchAction\",\"target\":{\"@type\":\"EntryPoint\",\"urlTemplate\":\"https:\/\/epochtimestr.com\/?s={search_term_string}\"},\"query-input\":\"required name=search_term_string\"}],\"inLanguage\":\"tr\"},{\"@type\":\"Organization\",\"@id\":\"https:\/\/epochtimestr.com\/#organization\",\"name\":\"The EpochTimes T\u00fcrkiye\",\"url\":\"https:\/\/epochtimestr.com\/\",\"logo\":{\"@type\":\"ImageObject\",\"inLanguage\":\"tr\",\"@id\":\"https:\/\/epochtimestr.com\/#\/schema\/logo\/image\/\",\"url\":\"https:\/\/epochtimestr.com\/wp-content\/uploads\/2011y\/ET-Logo-YG.jpg\",\"contentUrl\":\"https:\/\/epochtimestr.com\/wp-content\/uploads\/2011y\/ET-Logo-YG.jpg\",\"width\":346,\"height\":29,\"caption\":\"The EpochTimes T\u00fcrkiye\"},\"image\":{\"@id\":\"https:\/\/epochtimestr.com\/#\/schema\/logo\/image\/\"},\"sameAs\":[\"https:\/\/www.facebook.com\/theepochtimestr\",\"https:\/\/x.com\/TheEpochTimesTR\",\"https:\/\/www.instagram.com\/epochtimestr\"]},{\"@type\":\"Person\",\"@id\":\"https:\/\/epochtimestr.com\/#\/schema\/person\/5fef218711d76d8f232b0e1f1d7e4c0d\",\"name\":\"Leo Bajelan\",\"image\":{\"@type\":\"ImageObject\",\"inLanguage\":\"tr\",\"@id\":\"https:\/\/epochtimestr.com\/#\/schema\/person\/image\/\",\"url\":\"https:\/\/secure.gravatar.com\/avatar\/917669146f489549e548a2e9af272df5?s=96&d=mm&r=g\",\"contentUrl\":\"https:\/\/secure.gravatar.com\/avatar\/917669146f489549e548a2e9af272df5?s=96&d=mm&r=g\",\"caption\":\"Leo Bajelan\"},\"url\":\"https:\/\/epochtimestr.com\/index.php\/author\/leo\"}]}<\/script>\n<!-- \/ Yoast SEO plugin. -->","yoast_head_json":{"title":"ABD Nijerya'daki Askerlerini \u00c7ekiyor - The Epoch Times TR","description":"ABD, I\u015e\u0130D'in \u00fcst d\u00fczey liderinin \u00f6ld\u00fcr\u00fcld\u00fc\u011f\u00fc ortak operasyonun ard\u0131ndan Nijerya \u00fcss\u00fcndeki askerlerinin b\u00fcy\u00fck b\u00f6l\u00fcm\u00fcn\u00fc \u00e7ekti.","robots":{"index":"index","follow":"follow","max-snippet":"max-snippet:-1","max-image-preview":"max-image-preview:large","max-video-preview":"max-video-preview:-1"},"canonical":"https:\/\/epochtimestr.com\/index.php\/abd-nijeryadaki-askerlerini-cekiyor","og_locale":"tr_TR","og_type":"article","og_title":"ABD Nijerya'daki Askerlerini \u00c7ekiyor - The Epoch Times TR","og_description":"ABD, I\u015e\u0130D'in \u00fcst d\u00fczey liderinin \u00f6ld\u00fcr\u00fcld\u00fc\u011f\u00fc ortak operasyonun ard\u0131ndan Nijerya \u00fcss\u00fcndeki askerlerinin b\u00fcy\u00fck b\u00f6l\u00fcm\u00fcn\u00fc \u00e7ekti.","og_url":"https:\/\/epochtimestr.com\/index.php\/abd-nijeryadaki-askerlerini-cekiyor","og_site_name":"The Epoch Times TR","article_publisher":"https:\/\/www.facebook.com\/theepochtimestr","article_published_time":"2026-07-06T10:19:16+00:00","article_modified_time":"2026-07-06T10:19:20+00:00","og_image":[{"width":1920,"height":1280,"url":"https:\/\/epochtimestr.com\/wp-content\/uploads\/2011y\/1000043256.jpg","type":"image\/jpeg"}],"author":"Leo Bajelan","twitter_card":"summary_large_image","twitter_creator":"@TheEpochTimesTR","twitter_site":"@TheEpochTimesTR","twitter_misc":{"Yazan:":"Leo Bajelan","Tahmini okuma s\u00fcresi":"2 dakika"},"schema":{"@context":"https:\/\/schema.org","@graph":[{"@type":"Article","@id":"https:\/\/epochtimestr.com\/index.php\/abd-nijeryadaki-askerlerini-cekiyor#article","isPartOf":{"@id":"https:\/\/epochtimestr.com\/index.php\/abd-nijeryadaki-askerlerini-cekiyor"},"author":{"name":"Leo Bajelan","@id":"https:\/\/epochtimestr.com\/#\/schema\/person\/5fef218711d76d8f232b0e1f1d7e4c0d"},"headline":"ABD Nijerya&#8217;daki Askerlerini \u00c7ekiyor","datePublished":"2026-07-06T10:19:16+00:00","dateModified":"2026-07-06T10:19:20+00:00","mainEntityOfPage":{"@id":"https:\/\/epochtimestr.com\/index.php\/abd-nijeryadaki-askerlerini-cekiyor"},"wordCount":351,"commentCount":0,"publisher":{"@id":"https:\/\/epochtimestr.com\/#organization"},"image":{"@id":"https:\/\/epochtimestr.com\/index.php\/abd-nijeryadaki-askerlerini-cekiyor#primaryimage"},"thumbnailUrl":"https:\/\/epochtimestr.com\/wp-content\/uploads\/2011y\/1000043256.jpg","keywords":["ABD-nijerya","Afrika","Dagvin R. Anderson","I\u015e\u0130D"],"articleSection":["D\u00dcNYA","G\u00dcNDEM","MAN\u015eET"],"inLanguage":"tr","potentialAction":[{"@type":"CommentAction","name":"Comment","target":["https:\/\/epochtimestr.com\/index.php\/abd-nijeryadaki-askerlerini-cekiyor#respond"]}]},{"@type":"WebPage","@id":"https:\/\/epochtimestr.com\/index.php\/abd-nijeryadaki-askerlerini-cekiyor","url":"https:\/\/epochtimestr.com\/index.php\/abd-nijeryadaki-askerlerini-cekiyor","name":"ABD Nijerya'daki Askerlerini \u00c7ekiyor - The Epoch Times TR","isPartOf":{"@id":"https:\/\/epochtimestr.com\/#website"},"primaryImageOfPage":{"@id":"https:\/\/epochtimestr.com\/index.php\/abd-nijeryadaki-askerlerini-cekiyor#primaryimage"},"image":{"@id":"https:\/\/epochtimestr.com\/index.php\/abd-nijeryadaki-askerlerini-cekiyor#primaryimage"},"thumbnailUrl":"https:\/\/epochtimestr.com\/wp-content\/uploads\/2011y\/1000043256.jpg","datePublished":"2026-07-06T10:19:16+00:00","dateModified":"2026-07-06T10:19:20+00:00","description":"ABD, I\u015e\u0130D'in \u00fcst d\u00fczey liderinin \u00f6ld\u00fcr\u00fcld\u00fc\u011f\u00fc ortak operasyonun ard\u0131ndan Nijerya \u00fcss\u00fcndeki askerlerinin b\u00fcy\u00fck b\u00f6l\u00fcm\u00fcn\u00fc \u00e7ekti.","inLanguage":"tr","potentialAction":[{"@type":"ReadAction","target":["https:\/\/epochtimestr.com\/index.php\/abd-nijeryadaki-askerlerini-cekiyor"]}]},{"@type":"ImageObject","inLanguage":"tr","@id":"https:\/\/epochtimestr.com\/index.php\/abd-nijeryadaki-askerlerini-cekiyor#primaryimage","url":"https:\/\/epochtimestr.com\/wp-content\/uploads\/2011y\/1000043256.jpg","contentUrl":"https:\/\/epochtimestr.com\/wp-content\/uploads\/2011y\/1000043256.jpg","width":1920,"height":1280,"caption":"From the left, U.S. Air Force Gen. Dagvin R. Anderson, commander of U.S. Africa Command; Gen. Olufemi Olatubosun Oluyede, chief of Defence, Staff of the Nigerian Armed Forces; U.S. Navy Rear Adm. Cameron Chen, deputy director, USAFRICOM J3; U.S. Air Force Col. Rebecca Heyse, director, USAFRICOM Public Affairs; and Vice Air Marshall Francis Ogbejele Edosa, chief of Defence Policy and Plans, participate in an information domain panel during the 2026 African Chiefs of Defense Conference (ACHOD) in Luanda Angola June 30, 2026. The panel brought together senior military leaders to discuss the role of the information domain in strengthening strategic communication, countering malign influence, and enhancing multinational cooperation across Africa. Chiefs of Defense and representatives from more than 35 countries as well as U.S. and partner military leaders gather for the 2026 African Chiefs of Defense Conference. ACHOD serves as the key forum for senior military officials to address shared security threats, enhance regional stability, and discuss collaborative frameworks that enable long-term investment and economic growth across the continent. (Photo by Jason Johnston)"},{"@type":"WebSite","@id":"https:\/\/epochtimestr.com\/#website","url":"https:\/\/epochtimestr.com\/","name":"The Epoch Times TR","description":"De\u011fi\u015fen D\u00fcnyam\u0131za Taze Bir Bak\u0131\u015f","publisher":{"@id":"https:\/\/epochtimestr.com\/#organization"},"potentialAction":[{"@type":"SearchAction","target":{"@type":"EntryPoint","urlTemplate":"https:\/\/epochtimestr.com\/?s={search_term_string}"},"query-input":"required name=search_term_string"}],"inLanguage":"tr"},{"@type":"Organization","@id":"https:\/\/epochtimestr.com\/#organization","name":"The EpochTimes T\u00fcrkiye","url":"https:\/\/epochtimestr.com\/","logo":{"@type":"ImageObject","inLanguage":"tr","@id":"https:\/\/epochtimestr.com\/#\/schema\/logo\/image\/","url":"https:\/\/epochtimestr.com\/wp-content\/uploads\/2011y\/ET-Logo-YG.jpg","contentUrl":"https:\/\/epochtimestr.com\/wp-content\/uploads\/2011y\/ET-Logo-YG.jpg","width":346,"height":29,"caption":"The EpochTimes T\u00fcrkiye"},"image":{"@id":"https:\/\/epochtimestr.com\/#\/schema\/logo\/image\/"},"sameAs":["https:\/\/www.facebook.com\/theepochtimestr","https:\/\/x.com\/TheEpochTimesTR","https:\/\/www.instagram.com\/epochtimestr"]},{"@type":"Person","@id":"https:\/\/epochtimestr.com\/#\/schema\/person\/5fef218711d76d8f232b0e1f1d7e4c0d","name":"Leo Bajelan","image":{"@type":"ImageObject","inLanguage":"tr","@id":"https:\/\/epochtimestr.com\/#\/schema\/person\/image\/","url":"https:\/\/secure.gravatar.com\/avatar\/917669146f489549e548a2e9af272df5?s=96&d=mm&r=g","contentUrl":"https:\/\/secure.gravatar.com\/avatar\/917669146f489549e548a2e9af272df5?s=96&d=mm&r=g","caption":"Leo Bajelan"},"url":"https:\/\/epochtimestr.com\/index.php\/author\/leo"}]}},"_links":{"self":[{"href":"https:\/\/epochtimestr.com\/index.php\/wp-json\/wp\/v2\/posts\/168344"}],"collection":[{"href":"https:\/\/epochtimestr.com\/index.php\/wp-json\/wp\/v2\/posts"}],"about":[{"href":"https:\/\/epochtimestr.com\/index.php\/wp-json\/wp\/v2\/types\/post"}],"author":[{"embeddable":true,"href":"https:\/\/epochtimestr.com\/index.php\/wp-json\/wp\/v2\/users\/13996"}],"replies":[{"embeddable":true,"href":"https:\/\/epochtimestr.com\/index.php\/wp-json\/wp\/v2\/comments?post=168344"}],"version-history":[{"count":2,"href":"https:\/\/epochtimestr.com\/index.php\/wp-json\/wp\/v2\/posts\/168344\/revisions"}],"predecessor-version":[{"id":168354,"href":"https:\/\/epochtimestr.com\/index.php\/wp-json\/wp\/v2\/posts\/168344\/revisions\/168354"}],"wp:featuredmedia":[{"embeddable":true,"href":"https:\/\/epochtimestr.com\/index.php\/wp-json\/wp\/v2\/media\/168349"}],"wp:attachment":[{"href":"https:\/\/epochtimestr.com\/index.php\/wp-json\/wp\/v2\/media?parent=168344"}],"wp:term":[{"taxonomy":"category","embeddable":true,"href":"https:\/\/epochtimestr.com\/index.php\/wp-json\/wp\/v2\/categories?post=168344"},{"taxonomy":"post_tag","embeddable":true,"href":"https:\/\/epochtimestr.com\/index.php\/wp-json\/wp\/v2\/tags?post=168344"}],"curies":[{"name":"wp","href":"https:\/\/api.w.org\/{rel}","templated":true}]}}