{"id":168370,"date":"2026-07-07T09:08:19","date_gmt":"2026-07-07T06:08:19","guid":{"rendered":"https:\/\/epochtimestr.com\/?p=168370"},"modified":"2026-07-07T09:08:25","modified_gmt":"2026-07-07T06:08:25","slug":"kredi-karti-aidatlarina-yuzde-70-zam-geldi","status":"publish","type":"post","link":"https:\/\/epochtimestr.com\/index.php\/kredi-karti-aidatlarina-yuzde-70-zam-geldi","title":{"rendered":"Kredi Kart\u0131 Aidatlar\u0131na Y\u00fczde 70 Zam Geldi"},"content":{"rendered":"<div class=\"wp-block-image\">\n<figure class=\"aligncenter size-full\"><img loading=\"lazy\" decoding=\"async\" width=\"1280\" height=\"853\" src=\"https:\/\/epochtimestr.com\/wp-content\/uploads\/2011y\/pixabay-14.jpg\" alt=\"\" class=\"wp-image-168371\" srcset=\"https:\/\/epochtimestr.com\/wp-content\/uploads\/2011y\/pixabay-14.jpg 1280w, https:\/\/epochtimestr.com\/wp-content\/uploads\/2011y\/pixabay-14-300x200.jpg 300w, https:\/\/epochtimestr.com\/wp-content\/uploads\/2011y\/pixabay-14-150x100.jpg 150w, https:\/\/epochtimestr.com\/wp-content\/uploads\/2011y\/pixabay-14-768x512.jpg 768w\" sizes=\"(max-width: 1280px) 100vw, 1280px\" \/><figcaption class=\"wp-element-caption\">                                                               Kredi Kart\u0131 Aidatlar\u0131na Y\u00fczde 70 Zam Geldi (Foto\u011fraf : Pixabay &#8211; stevepb)<\/figcaption><\/figure><\/div>\n\n\n<h2 class=\"wp-block-heading\">Kredi kart\u0131 kullanan milyonlarca t\u00fcketiciyi ilgilendiren yeni \u00fccret tarifeleri y\u00fcr\u00fcrl\u00fc\u011fe girdi. Baz\u0131 bankalarda y\u0131ll\u0131k kart \u00fccreti 2 bin liray\u0131 a\u015farken, iade isteyenlere sunulan teklifler de vatanda\u015f\u0131n tepkisini \u00e7ekti.<\/h2>\n\n\n\n<p><a href=\"https:\/\/epochtimestr.com\/index.php\/kredi-karti-kullanimi-2024-yilina-gore-yuzde-48-artti\" target=\"_blank\" rel=\"noreferrer noopener\">Kredi kart\u0131<\/a> kullanan milyonlarca t\u00fcketiciyi ilgilendiren yeni <a href=\"https:\/\/epochtimestr.com\/index.php\/ispark-ucretlerine-yuzde-100-zam-geldi\" target=\"_blank\" rel=\"noreferrer noopener\">\u00fccret tarifeleri<\/a> y\u00fcr\u00fcrl\u00fc\u011fe girdi. Baz\u0131 bankalarda y\u0131ll\u0131k kart \u00fccreti 2 bin liray\u0131 a\u015farken, iade isteyenlere sunulan teklifler de vatanda\u015f\u0131n tepkisini \u00e7ekti. <a href=\"https:\/\/epochtimestr.com\/index.php\/cep-telefonunda-zamli-tarife\" target=\"_blank\" rel=\"noreferrer noopener\">T\u00fcketiciler Derne\u011fi (T\u00dcDER)<\/a> ise bankalar\u0131n aidats\u0131z kart vermek zorunda oldu\u011funu hat\u0131rlatarak vatanda\u015flara haklar\u0131n\u0131 aramalar\u0131 \u00e7a\u011fr\u0131s\u0131nda bulundu.<\/p>\n\n\n\n<p>Kredi kart\u0131 kullan\u0131m\u0131 milyonlarca ki\u015fi i\u00e7in g\u00fcnl\u00fck hayat\u0131n vazge\u00e7ilmezi haline gelirken, her y\u0131l tahsil edilen y\u00fckl\u00fc miktardaki kart aidatlar\u0131 yeniden tart\u0131\u015fma konusu oldu. Bankalar\u0131n kredi kart\u0131 aidatlar\u0131nda yapt\u0131\u011f\u0131 y\u00fcksek art\u0131\u015flar ve iade talepleri kar\u015f\u0131l\u0131\u011f\u0131nda \u00f6ne s\u00fcrd\u00fc\u011f\u00fc \u015fartlar, t\u00fcketicilerin tepkisini art\u0131rd\u0131.<\/p>\n\n\n\n<p><a href=\"https:\/\/epochtimestr.com\/index.php\/cep-telefonunda-zamli-tarife\" target=\"_blank\" rel=\"noreferrer noopener\">T\u00fcketiciler Derne\u011fi (T\u00dcDER)<\/a> ise bankalar\u0131n belirli \u015fartlar alt\u0131nda aidats\u0131z kredi kartlar\u0131 sunmakla y\u00fck\u00fcml\u00fc oldu\u011funu hat\u0131rlatarak vatanda\u015flara haklar\u0131n\u0131 kullanmalar\u0131 \u00e7a\u011fr\u0131s\u0131nda bulundu. Son d\u00f6nemde sosyal medyada payla\u015f\u0131lan \u00f6rneklerde, baz\u0131 bankalar\u0131n kart aidat\u0131n\u0131 iade etmek isteyen m\u00fc\u015fterilerden y\u00fcksek tutarl\u0131 harcama taahh\u00fcd\u00fc istedi\u011fi g\u00f6r\u00fcld\u00fc.<\/p>\n\n\n<div class=\"wp-block-image\">\n<figure class=\"aligncenter size-full\"><img loading=\"lazy\" decoding=\"async\" width=\"850\" height=\"479\" src=\"https:\/\/epochtimestr.com\/wp-content\/uploads\/2011y\/tu-der-levent-kucuk.webp\" alt=\"\" class=\"wp-image-168372\" srcset=\"https:\/\/epochtimestr.com\/wp-content\/uploads\/2011y\/tu-der-levent-kucuk.webp 850w, https:\/\/epochtimestr.com\/wp-content\/uploads\/2011y\/tu-der-levent-kucuk-300x169.webp 300w, https:\/\/epochtimestr.com\/wp-content\/uploads\/2011y\/tu-der-levent-kucuk-150x85.webp 150w, https:\/\/epochtimestr.com\/wp-content\/uploads\/2011y\/tu-der-levent-kucuk-768x433.webp 768w\" sizes=\"(max-width: 850px) 100vw, 850px\" \/><figcaption class=\"wp-element-caption\">T\u00dcDER Genel Ba\u015fkan\u0131 Levent K\u00fc\u00e7\u00fck (Foto\u011fraf: T\u00fcketiciler Derne\u011fi (T\u00dcDER) web sitesi)<\/figcaption><\/figure><\/div>\n\n\n<p>Konuya ili\u015fkin yasal mevzuat\u0131 hat\u0131rlatan T\u00dcDER Genel Ba\u015fkan\u0131 Levent K\u00fc\u00e7\u00fck, Finansal T\u00fcketicilerden Al\u0131nacak \u00dccretlere \u0130li\u015fkin Tebli\u011f uyar\u0131nca bankalar\u0131n kart aidat\u0131 talep etme hakk\u0131 oldu\u011funu ancak bu durumun s\u0131n\u0131rs\u0131z olmad\u0131\u011f\u0131n\u0131 ifade etti. Bankalar\u0131n \u00fccret tahsil etmeden \u00f6nce t\u00fcketiciyi bilgilendirmesi ve onay\u0131n\u0131 almas\u0131 gerekti\u011fini vurgulayan K\u00fc\u00e7\u00fck, uygulamada \u00fccretlerin do\u011frudan hesaba yans\u0131t\u0131ld\u0131\u011f\u0131na dikkat \u00e7ekti.<\/p>\n\n\n\n<p>Yasal d\u00fczenlemelere g\u00f6re her bankan\u0131n m\u00fc\u015fterisine aidats\u0131z bir kredi kart\u0131 se\u00e7ene\u011fi sunmak zorunda oldu\u011funu hat\u0131rlatan Levent K\u00fc\u00e7\u00fck, \u201cMevzuata g\u00f6re 180 g\u00fcn boyunca, yani 6 ay boyunca hi\u00e7 kullan\u0131lmayan kredi kartlar\u0131ndan y\u0131ll\u0131k kart aidat\u0131 tahsil edilemez. Bu durumdaki t\u00fcketiciler haklar\u0131n\u0131 aramal\u0131d\u0131r\u201d \u015feklinde konu\u015ftu. Bankalararas\u0131 Kart Merkezi (BKM) verilerine g\u00f6re 2026 y\u0131l\u0131n\u0131n ilk d\u00f6rt ay\u0131 itibar\u0131yla T\u00fcrkiye\u2019deki toplam kart say\u0131s\u0131 147 milyon 633 bin 729\u2019a y\u00fckselirken, t\u00fcketici \u00f6rg\u00fctleri aidat uygulamas\u0131n\u0131n tamamen kald\u0131r\u0131lmas\u0131n\u0131 talep ediyor.<\/p>\n","protected":false},"excerpt":{"rendered":"<p>Kredi kart\u0131 kullanan milyonlarca t\u00fcketiciyi ilgilendiren yeni \u00fccret tarifeleri y\u00fcr\u00fcrl\u00fc\u011fe girdi. Baz\u0131 bankalarda y\u0131ll\u0131k kart \u00fccreti 2 bin liray\u0131 a\u015farken, iade isteyenlere sunulan teklifler de vatanda\u015f\u0131n tepkisini \u00e7ekti. Kredi kart\u0131 kullanan milyonlarca t\u00fcketiciyi ilgilendiren yeni \u00fccret tarifeleri y\u00fcr\u00fcrl\u00fc\u011fe girdi. Baz\u0131 bankalarda y\u0131ll\u0131k kart \u00fccreti 2 bin liray\u0131 a\u015farken, iade isteyenlere sunulan teklifler de vatanda\u015f\u0131n tepkisini [&hellip;]<\/p>\n","protected":false},"author":12791,"featured_media":168371,"comment_status":"open","ping_status":"open","sticky":false,"template":"","format":"standard","meta":{"_yoast_wpseo_focuskw":"kredi kart\u0131","_yoast_wpseo_title":"","_yoast_wpseo_metadesc":"Baz\u0131 bankalarda y\u0131ll\u0131k kredi kart\u0131 kullan\u0131m \u00fccreti 2 bin liray\u0131 a\u015farken, iade isteyenlere sunulan teklifler de vatanda\u015f\u0131n tepkisini \u00e7ekti.","_bbp_topic_count":0,"_bbp_reply_count":0,"_bbp_total_topic_count":0,"_bbp_total_reply_count":0,"_bbp_voice_count":0,"_bbp_anonymous_reply_count":0,"_bbp_topic_count_hidden":0,"_bbp_reply_count_hidden":0,"_bbp_forum_subforum_count":0,"footnotes":"","_yoast_wpseo_focuskw_text_input":""},"categories":[8225,1,8138,37],"tags":[11655,2593,11654,48],"yoast_head":"<!-- This site is optimized with the Yoast SEO plugin v23.0 - https:\/\/yoast.com\/wordpress\/plugins\/seo\/ -->\n<title>Kredi Kart\u0131 Aidatlar\u0131na Y\u00fczde 70 Zam Geldi - The Epoch Times TR<\/title>\n<meta name=\"description\" content=\"Baz\u0131 bankalarda y\u0131ll\u0131k kredi kart\u0131 kullan\u0131m \u00fccreti 2 bin liray\u0131 a\u015farken, iade isteyenlere sunulan teklifler de vatanda\u015f\u0131n tepkisini \u00e7ekti.\" \/>\n<meta name=\"robots\" content=\"index, follow, max-snippet:-1, max-image-preview:large, max-video-preview:-1\" \/>\n<link rel=\"canonical\" href=\"https:\/\/epochtimestr.com\/index.php\/kredi-karti-aidatlarina-yuzde-70-zam-geldi\" \/>\n<meta property=\"og:locale\" content=\"tr_TR\" \/>\n<meta property=\"og:type\" content=\"article\" \/>\n<meta property=\"og:title\" content=\"Kredi Kart\u0131 Aidatlar\u0131na Y\u00fczde 70 Zam Geldi - The Epoch Times TR\" \/>\n<meta property=\"og:description\" content=\"Baz\u0131 bankalarda y\u0131ll\u0131k kredi kart\u0131 kullan\u0131m \u00fccreti 2 bin liray\u0131 a\u015farken, iade isteyenlere sunulan teklifler de vatanda\u015f\u0131n tepkisini \u00e7ekti.\" \/>\n<meta property=\"og:url\" content=\"https:\/\/epochtimestr.com\/index.php\/kredi-karti-aidatlarina-yuzde-70-zam-geldi\" \/>\n<meta property=\"og:site_name\" content=\"The Epoch Times TR\" \/>\n<meta property=\"article:publisher\" content=\"https:\/\/www.facebook.com\/theepochtimestr\" \/>\n<meta property=\"article:published_time\" content=\"2026-07-07T06:08:19+00:00\" \/>\n<meta property=\"article:modified_time\" content=\"2026-07-07T06:08:25+00:00\" \/>\n<meta property=\"og:image\" content=\"https:\/\/epochtimestr.com\/wp-content\/uploads\/2011y\/pixabay-14.jpg\" \/>\n\t<meta property=\"og:image:width\" content=\"1280\" \/>\n\t<meta property=\"og:image:height\" content=\"853\" \/>\n\t<meta property=\"og:image:type\" content=\"image\/jpeg\" \/>\n<meta name=\"author\" content=\"Haber Merkezi\" \/>\n<meta name=\"twitter:card\" content=\"summary_large_image\" \/>\n<meta name=\"twitter:creator\" content=\"@TheEpochTimesTR\" \/>\n<meta name=\"twitter:site\" content=\"@TheEpochTimesTR\" \/>\n<meta name=\"twitter:label1\" content=\"Yazan:\" \/>\n\t<meta name=\"twitter:data1\" content=\"Haber Merkezi\" \/>\n\t<meta name=\"twitter:label2\" content=\"Tahmini okuma s\u00fcresi\" \/>\n\t<meta name=\"twitter:data2\" content=\"3 dakika\" \/>\n<script type=\"application\/ld+json\" class=\"yoast-schema-graph\">{\"@context\":\"https:\/\/schema.org\",\"@graph\":[{\"@type\":\"Article\",\"@id\":\"https:\/\/epochtimestr.com\/index.php\/kredi-karti-aidatlarina-yuzde-70-zam-geldi#article\",\"isPartOf\":{\"@id\":\"https:\/\/epochtimestr.com\/index.php\/kredi-karti-aidatlarina-yuzde-70-zam-geldi\"},\"author\":{\"name\":\"Haber Merkezi\",\"@id\":\"https:\/\/epochtimestr.com\/#\/schema\/person\/3dc5c3adeb9f43923c5aa85889172fdd\"},\"headline\":\"Kredi Kart\u0131 Aidatlar\u0131na Y\u00fczde 70 Zam Geldi\",\"datePublished\":\"2026-07-07T06:08:19+00:00\",\"dateModified\":\"2026-07-07T06:08:25+00:00\",\"mainEntityOfPage\":{\"@id\":\"https:\/\/epochtimestr.com\/index.php\/kredi-karti-aidatlarina-yuzde-70-zam-geldi\"},\"wordCount\":441,\"commentCount\":0,\"publisher\":{\"@id\":\"https:\/\/epochtimestr.com\/#organization\"},\"image\":{\"@id\":\"https:\/\/epochtimestr.com\/index.php\/kredi-karti-aidatlarina-yuzde-70-zam-geldi#primaryimage\"},\"thumbnailUrl\":\"https:\/\/epochtimestr.com\/wp-content\/uploads\/2011y\/pixabay-14.jpg\",\"keywords\":[\"banka\",\"Kredi kart\u0131\",\"t\u00fcketiciler derne\u011fi\",\"zam\"],\"articleSection\":[\"Ekonomi\",\"G\u00dcNDEM\",\"MAN\u015eET\",\"T\u00dcRK\u0130YE\"],\"inLanguage\":\"tr\",\"potentialAction\":[{\"@type\":\"CommentAction\",\"name\":\"Comment\",\"target\":[\"https:\/\/epochtimestr.com\/index.php\/kredi-karti-aidatlarina-yuzde-70-zam-geldi#respond\"]}]},{\"@type\":\"WebPage\",\"@id\":\"https:\/\/epochtimestr.com\/index.php\/kredi-karti-aidatlarina-yuzde-70-zam-geldi\",\"url\":\"https:\/\/epochtimestr.com\/index.php\/kredi-karti-aidatlarina-yuzde-70-zam-geldi\",\"name\":\"Kredi Kart\u0131 Aidatlar\u0131na Y\u00fczde 70 Zam Geldi - The Epoch Times TR\",\"isPartOf\":{\"@id\":\"https:\/\/epochtimestr.com\/#website\"},\"primaryImageOfPage\":{\"@id\":\"https:\/\/epochtimestr.com\/index.php\/kredi-karti-aidatlarina-yuzde-70-zam-geldi#primaryimage\"},\"image\":{\"@id\":\"https:\/\/epochtimestr.com\/index.php\/kredi-karti-aidatlarina-yuzde-70-zam-geldi#primaryimage\"},\"thumbnailUrl\":\"https:\/\/epochtimestr.com\/wp-content\/uploads\/2011y\/pixabay-14.jpg\",\"datePublished\":\"2026-07-07T06:08:19+00:00\",\"dateModified\":\"2026-07-07T06:08:25+00:00\",\"description\":\"Baz\u0131 bankalarda y\u0131ll\u0131k kredi kart\u0131 kullan\u0131m \u00fccreti 2 bin liray\u0131 a\u015farken, iade isteyenlere sunulan teklifler de vatanda\u015f\u0131n tepkisini \u00e7ekti.\",\"inLanguage\":\"tr\",\"potentialAction\":[{\"@type\":\"ReadAction\",\"target\":[\"https:\/\/epochtimestr.com\/index.php\/kredi-karti-aidatlarina-yuzde-70-zam-geldi\"]}]},{\"@type\":\"ImageObject\",\"inLanguage\":\"tr\",\"@id\":\"https:\/\/epochtimestr.com\/index.php\/kredi-karti-aidatlarina-yuzde-70-zam-geldi#primaryimage\",\"url\":\"https:\/\/epochtimestr.com\/wp-content\/uploads\/2011y\/pixabay-14.jpg\",\"contentUrl\":\"https:\/\/epochtimestr.com\/wp-content\/uploads\/2011y\/pixabay-14.jpg\",\"width\":1280,\"height\":853},{\"@type\":\"WebSite\",\"@id\":\"https:\/\/epochtimestr.com\/#website\",\"url\":\"https:\/\/epochtimestr.com\/\",\"name\":\"The Epoch Times TR\",\"description\":\"De\u011fi\u015fen D\u00fcnyam\u0131za Taze Bir Bak\u0131\u015f\",\"publisher\":{\"@id\":\"https:\/\/epochtimestr.com\/#organization\"},\"potentialAction\":[{\"@type\":\"SearchAction\",\"target\":{\"@type\":\"EntryPoint\",\"urlTemplate\":\"https:\/\/epochtimestr.com\/?s={search_term_string}\"},\"query-input\":\"required name=search_term_string\"}],\"inLanguage\":\"tr\"},{\"@type\":\"Organization\",\"@id\":\"https:\/\/epochtimestr.com\/#organization\",\"name\":\"The EpochTimes T\u00fcrkiye\",\"url\":\"https:\/\/epochtimestr.com\/\",\"logo\":{\"@type\":\"ImageObject\",\"inLanguage\":\"tr\",\"@id\":\"https:\/\/epochtimestr.com\/#\/schema\/logo\/image\/\",\"url\":\"https:\/\/epochtimestr.com\/wp-content\/uploads\/2011y\/ET-Logo-YG.jpg\",\"contentUrl\":\"https:\/\/epochtimestr.com\/wp-content\/uploads\/2011y\/ET-Logo-YG.jpg\",\"width\":346,\"height\":29,\"caption\":\"The EpochTimes T\u00fcrkiye\"},\"image\":{\"@id\":\"https:\/\/epochtimestr.com\/#\/schema\/logo\/image\/\"},\"sameAs\":[\"https:\/\/www.facebook.com\/theepochtimestr\",\"https:\/\/x.com\/TheEpochTimesTR\",\"https:\/\/www.instagram.com\/epochtimestr\"]},{\"@type\":\"Person\",\"@id\":\"https:\/\/epochtimestr.com\/#\/schema\/person\/3dc5c3adeb9f43923c5aa85889172fdd\",\"name\":\"Haber Merkezi\",\"image\":{\"@type\":\"ImageObject\",\"inLanguage\":\"tr\",\"@id\":\"https:\/\/epochtimestr.com\/#\/schema\/person\/image\/\",\"url\":\"https:\/\/secure.gravatar.com\/avatar\/d73f772ba5a74f28601361e17c2f93e6?s=96&d=mm&r=g\",\"contentUrl\":\"https:\/\/secure.gravatar.com\/avatar\/d73f772ba5a74f28601361e17c2f93e6?s=96&d=mm&r=g\",\"caption\":\"Haber Merkezi\"},\"url\":\"https:\/\/epochtimestr.com\/index.php\/author\/sendag\"}]}<\/script>\n<!-- \/ Yoast SEO plugin. -->","yoast_head_json":{"title":"Kredi Kart\u0131 Aidatlar\u0131na Y\u00fczde 70 Zam Geldi - The Epoch Times TR","description":"Baz\u0131 bankalarda y\u0131ll\u0131k kredi kart\u0131 kullan\u0131m \u00fccreti 2 bin liray\u0131 a\u015farken, iade isteyenlere sunulan teklifler de vatanda\u015f\u0131n tepkisini \u00e7ekti.","robots":{"index":"index","follow":"follow","max-snippet":"max-snippet:-1","max-image-preview":"max-image-preview:large","max-video-preview":"max-video-preview:-1"},"canonical":"https:\/\/epochtimestr.com\/index.php\/kredi-karti-aidatlarina-yuzde-70-zam-geldi","og_locale":"tr_TR","og_type":"article","og_title":"Kredi Kart\u0131 Aidatlar\u0131na Y\u00fczde 70 Zam Geldi - The Epoch Times TR","og_description":"Baz\u0131 bankalarda y\u0131ll\u0131k kredi kart\u0131 kullan\u0131m \u00fccreti 2 bin liray\u0131 a\u015farken, iade isteyenlere sunulan teklifler de vatanda\u015f\u0131n tepkisini \u00e7ekti.","og_url":"https:\/\/epochtimestr.com\/index.php\/kredi-karti-aidatlarina-yuzde-70-zam-geldi","og_site_name":"The Epoch Times TR","article_publisher":"https:\/\/www.facebook.com\/theepochtimestr","article_published_time":"2026-07-07T06:08:19+00:00","article_modified_time":"2026-07-07T06:08:25+00:00","og_image":[{"width":1280,"height":853,"url":"https:\/\/epochtimestr.com\/wp-content\/uploads\/2011y\/pixabay-14.jpg","type":"image\/jpeg"}],"author":"Haber Merkezi","twitter_card":"summary_large_image","twitter_creator":"@TheEpochTimesTR","twitter_site":"@TheEpochTimesTR","twitter_misc":{"Yazan:":"Haber Merkezi","Tahmini okuma s\u00fcresi":"3 dakika"},"schema":{"@context":"https:\/\/schema.org","@graph":[{"@type":"Article","@id":"https:\/\/epochtimestr.com\/index.php\/kredi-karti-aidatlarina-yuzde-70-zam-geldi#article","isPartOf":{"@id":"https:\/\/epochtimestr.com\/index.php\/kredi-karti-aidatlarina-yuzde-70-zam-geldi"},"author":{"name":"Haber Merkezi","@id":"https:\/\/epochtimestr.com\/#\/schema\/person\/3dc5c3adeb9f43923c5aa85889172fdd"},"headline":"Kredi Kart\u0131 Aidatlar\u0131na Y\u00fczde 70 Zam Geldi","datePublished":"2026-07-07T06:08:19+00:00","dateModified":"2026-07-07T06:08:25+00:00","mainEntityOfPage":{"@id":"https:\/\/epochtimestr.com\/index.php\/kredi-karti-aidatlarina-yuzde-70-zam-geldi"},"wordCount":441,"commentCount":0,"publisher":{"@id":"https:\/\/epochtimestr.com\/#organization"},"image":{"@id":"https:\/\/epochtimestr.com\/index.php\/kredi-karti-aidatlarina-yuzde-70-zam-geldi#primaryimage"},"thumbnailUrl":"https:\/\/epochtimestr.com\/wp-content\/uploads\/2011y\/pixabay-14.jpg","keywords":["banka","Kredi kart\u0131","t\u00fcketiciler derne\u011fi","zam"],"articleSection":["Ekonomi","G\u00dcNDEM","MAN\u015eET","T\u00dcRK\u0130YE"],"inLanguage":"tr","potentialAction":[{"@type":"CommentAction","name":"Comment","target":["https:\/\/epochtimestr.com\/index.php\/kredi-karti-aidatlarina-yuzde-70-zam-geldi#respond"]}]},{"@type":"WebPage","@id":"https:\/\/epochtimestr.com\/index.php\/kredi-karti-aidatlarina-yuzde-70-zam-geldi","url":"https:\/\/epochtimestr.com\/index.php\/kredi-karti-aidatlarina-yuzde-70-zam-geldi","name":"Kredi Kart\u0131 Aidatlar\u0131na Y\u00fczde 70 Zam Geldi - The Epoch Times TR","isPartOf":{"@id":"https:\/\/epochtimestr.com\/#website"},"primaryImageOfPage":{"@id":"https:\/\/epochtimestr.com\/index.php\/kredi-karti-aidatlarina-yuzde-70-zam-geldi#primaryimage"},"image":{"@id":"https:\/\/epochtimestr.com\/index.php\/kredi-karti-aidatlarina-yuzde-70-zam-geldi#primaryimage"},"thumbnailUrl":"https:\/\/epochtimestr.com\/wp-content\/uploads\/2011y\/pixabay-14.jpg","datePublished":"2026-07-07T06:08:19+00:00","dateModified":"2026-07-07T06:08:25+00:00","description":"Baz\u0131 bankalarda y\u0131ll\u0131k kredi kart\u0131 kullan\u0131m \u00fccreti 2 bin liray\u0131 a\u015farken, iade isteyenlere sunulan teklifler de vatanda\u015f\u0131n tepkisini \u00e7ekti.","inLanguage":"tr","potentialAction":[{"@type":"ReadAction","target":["https:\/\/epochtimestr.com\/index.php\/kredi-karti-aidatlarina-yuzde-70-zam-geldi"]}]},{"@type":"ImageObject","inLanguage":"tr","@id":"https:\/\/epochtimestr.com\/index.php\/kredi-karti-aidatlarina-yuzde-70-zam-geldi#primaryimage","url":"https:\/\/epochtimestr.com\/wp-content\/uploads\/2011y\/pixabay-14.jpg","contentUrl":"https:\/\/epochtimestr.com\/wp-content\/uploads\/2011y\/pixabay-14.jpg","width":1280,"height":853},{"@type":"WebSite","@id":"https:\/\/epochtimestr.com\/#website","url":"https:\/\/epochtimestr.com\/","name":"The Epoch Times TR","description":"De\u011fi\u015fen D\u00fcnyam\u0131za Taze Bir Bak\u0131\u015f","publisher":{"@id":"https:\/\/epochtimestr.com\/#organization"},"potentialAction":[{"@type":"SearchAction","target":{"@type":"EntryPoint","urlTemplate":"https:\/\/epochtimestr.com\/?s={search_term_string}"},"query-input":"required name=search_term_string"}],"inLanguage":"tr"},{"@type":"Organization","@id":"https:\/\/epochtimestr.com\/#organization","name":"The EpochTimes T\u00fcrkiye","url":"https:\/\/epochtimestr.com\/","logo":{"@type":"ImageObject","inLanguage":"tr","@id":"https:\/\/epochtimestr.com\/#\/schema\/logo\/image\/","url":"https:\/\/epochtimestr.com\/wp-content\/uploads\/2011y\/ET-Logo-YG.jpg","contentUrl":"https:\/\/epochtimestr.com\/wp-content\/uploads\/2011y\/ET-Logo-YG.jpg","width":346,"height":29,"caption":"The EpochTimes T\u00fcrkiye"},"image":{"@id":"https:\/\/epochtimestr.com\/#\/schema\/logo\/image\/"},"sameAs":["https:\/\/www.facebook.com\/theepochtimestr","https:\/\/x.com\/TheEpochTimesTR","https:\/\/www.instagram.com\/epochtimestr"]},{"@type":"Person","@id":"https:\/\/epochtimestr.com\/#\/schema\/person\/3dc5c3adeb9f43923c5aa85889172fdd","name":"Haber Merkezi","image":{"@type":"ImageObject","inLanguage":"tr","@id":"https:\/\/epochtimestr.com\/#\/schema\/person\/image\/","url":"https:\/\/secure.gravatar.com\/avatar\/d73f772ba5a74f28601361e17c2f93e6?s=96&d=mm&r=g","contentUrl":"https:\/\/secure.gravatar.com\/avatar\/d73f772ba5a74f28601361e17c2f93e6?s=96&d=mm&r=g","caption":"Haber Merkezi"},"url":"https:\/\/epochtimestr.com\/index.php\/author\/sendag"}]}},"_links":{"self":[{"href":"https:\/\/epochtimestr.com\/index.php\/wp-json\/wp\/v2\/posts\/168370"}],"collection":[{"href":"https:\/\/epochtimestr.com\/index.php\/wp-json\/wp\/v2\/posts"}],"about":[{"href":"https:\/\/epochtimestr.com\/index.php\/wp-json\/wp\/v2\/types\/post"}],"author":[{"embeddable":true,"href":"https:\/\/epochtimestr.com\/index.php\/wp-json\/wp\/v2\/users\/12791"}],"replies":[{"embeddable":true,"href":"https:\/\/epochtimestr.com\/index.php\/wp-json\/wp\/v2\/comments?post=168370"}],"version-history":[{"count":2,"href":"https:\/\/epochtimestr.com\/index.php\/wp-json\/wp\/v2\/posts\/168370\/revisions"}],"predecessor-version":[{"id":168377,"href":"https:\/\/epochtimestr.com\/index.php\/wp-json\/wp\/v2\/posts\/168370\/revisions\/168377"}],"wp:featuredmedia":[{"embeddable":true,"href":"https:\/\/epochtimestr.com\/index.php\/wp-json\/wp\/v2\/media\/168371"}],"wp:attachment":[{"href":"https:\/\/epochtimestr.com\/index.php\/wp-json\/wp\/v2\/media?parent=168370"}],"wp:term":[{"taxonomy":"category","embeddable":true,"href":"https:\/\/epochtimestr.com\/index.php\/wp-json\/wp\/v2\/categories?post=168370"},{"taxonomy":"post_tag","embeddable":true,"href":"https:\/\/epochtimestr.com\/index.php\/wp-json\/wp\/v2\/tags?post=168370"}],"curies":[{"name":"wp","href":"https:\/\/api.w.org\/{rel}","templated":true}]}}